{"id":919,"date":"2017-12-01T13:09:39","date_gmt":"2017-12-01T13:09:39","guid":{"rendered":"http:\/\/szolnokimuvesztelep.com\/?p=919"},"modified":"2022-11-25T14:46:34","modified_gmt":"2022-11-25T14:46:34","slug":"gaal-jozsef-lelekmertani-tablok-labirintusaban","status":"publish","type":"post","link":"http:\/\/szolnokimuvesztelep.com\/en\/2017\/12\/01\/gaal-jozsef-lelekmertani-tablok-labirintusaban\/","title":{"rendered":"Ga\u00e1l J\u00f3zsef: L\u00e9lekm\u00e9rtani tabl\u00f3k labirintus\u00e1ban"},"content":{"rendered":"<h6>Szurcsik J\u00f3zsef ki\u00e1ll\u00edt\u00e1sa a Szolnoki Gal\u00e9ri\u00e1ban<\/h6>\n<p><img loading=\"lazy\" class=\"size-medium wp-image-920 alignleft\" src=\"https:\/\/i0.wp.com\/szolnokimuvesztelep.com\/wp-content\/uploads\/2017\/12\/szurcsik.jpg?resize=300%2C249\" alt=\"\" width=\"300\" height=\"249\" data-recalc-dims=\"1\" \/>Ha valakit r\u00e9g\u00f3ta \u00e9s k\u00f6zelr\u0151l ismer\u00fcnk, term\u00e9szetes m\u00f3don elfogultt\u00e1 v\u00e1lunk. Egy kicsit t\u00e1volabbr\u00f3l kellene szeml\u00e9lni \u0150t, f\u0151leg ha egyedien saj\u00e1tos vil\u00e1ga van, de m\u0171v\u00e9szeti st\u00edlusa, lelk\u00fclete m\u00e1r \u00e9vtizedek \u00f3ta szinte term\u00e9szetes r\u00e9sze \u00e9letemnek. Harminc\u00f6t \u00e9ve figyelhettem k\u00f6zelr\u0151l Szurcsik J\u00f3zsef munk\u00e1j\u00e1t \u2013 egy\u00fctt voltunk m\u0171termekben, m\u0171v\u00e9sztelepeken, k\u00f6z\u00f6s ki\u00e1ll\u00edt\u00e1sokon, egy\u00fcttutaz\u00e1sokon. Mivel nem vagyok m\u0171v\u00e9szett\u00f6rt\u00e9n\u00e9sz, \u00e9s az objekt\u00edvnek t\u0171n\u0151 kijelent\u00e9sekben, \u00edt\u00e9letekben sem hiszek, s tudom, hogy tudom\u00e1nyoskod\u00f3 eszt\u00e9tikai meghat\u00e1roz\u00e1sok is ink\u00e1bb csak a form\u00e1lis burkok felett cirkul\u00e1lnak, hagyom magamat az \u00e9rzelmeim \u00e1ltal vezetni. Magam m\u00f3dj\u00e1n m\u00e9gis szeretn\u00e9m megfogalmazni az \u00fatj\u00e1t, de a ki\u00e1ll\u00edt\u00e1s c\u00edme \u2013 L\u00e9lekm\u00e9rtan \u2013 figyelmeztet, hogy az objektivista optika is rendszerekbe er\u0151szakol\u00f3 torz\u00edt\u00e1sokat okozhat. A c\u00edm egyszerre kritika \u00e9s agg\u00f3d\u00e1s, \u00e9rz\u00e9kis\u00e9g \u00e9s \u00e9rz\u00e9ketlens\u00e9g viaskodik a vil\u00e1gban, mert nem lehet m\u00e9r\u0151eszk\u00f6z\u00f6kkel meghat\u00e1rozni a l\u00e9lek konfliktusait, nem lehet \u00e1ltal\u00e1nos\u00edt\u00f3 statisztik\u00e1kkal kimutatni \u00e9s megoldani Nem lehet s\u00e9m\u00e1kkal, t\u00f6meges\u00edtve, mennyis\u00e9gileg seg\u00edteni az egyes emberen. Szurcsik J\u00f3zsef m\u0171v\u00e9szet\u00e9nek l\u00e9nyege \u2013 megl\u00e1t\u00e1som szerint \u2013 az anyagi massz\u00e1v\u00e1 degrad\u00e1lt ember \u00e9s annak lelki, szellemi k\u00fczdelme. Sajnos a modern korban is \u00e1lland\u00f3sult jelens\u00e9g, ak\u00e1r most is, ahogy jelenleg embereket el\u0171zve nincstelenn\u00e9 tesznek, majd glob\u00e1lis rabszolga kereskedelem folyik, munkaer\u0151t adnak-vesznek, t\u00f6megeket telep\u00edtenek egyik kontinensr\u0151l a m\u00e1sikra.<\/p>\n<p>\u00c1ltal\u00e1ban minden megnyit\u00f3n elhangzik az a k\u00ednos jelz\u0151, hogy az \u00e9ppen bemutatott m\u0171v\u00e9sz \u201e\u00f6nt\u00f6rv\u00e9ny\u0171\u201d alkot\u00f3, saj\u00e1t vil\u00e1g\u00e1t \u00e9p\u00edt\u0151, \u00f6sszet\u00e9veszthetetlen alkot\u00f3. A nyolcvanas \u00e9vekben provinci\u00e1lis pszeudo transzavantg\u00e1rd, magyarul: a nyugati trendek m\u0171v\u00e9szekre lebontott stil\u00e1ris ut\u00e1nz\u00e1sa. Sz\u00f3 sem volt \u00f6nt\u00f6rv\u00e9ny\u0171 m\u0171v\u00e9szeti vil\u00e1gk\u00e9p \u00e9p\u00edt\u00e9s\u00e9r\u0151l. Ekkor form\u00e1l\u00f3dtak Szurcsik J\u00f3zsef region\u00e1lis \u00e9let\u00e9rz\u00e9seket is felv\u00e1llal\u00f3, domborm\u0171v\u00e9 laposod\u00f3 profiljainak sziluettjei, kiv\u00e9nhedt punk frizur\u00e1s monolit emberek, tagbaszakadt, r\u00fccsk\u00f6s arc\u00fa, csupaszv\u00e1ll\u00fa prolik, tar fejjel. Mintha az \u0151rz\u0151-v\u00e9d\u0151 \u00f6regcs\u00e1v\u00f3 munk\u00e1ssz\u00e1ll\u00f3ig lecs\u00faszva m\u00e9g \u0151rizgetn\u00e9 a serd\u00fcl\u0151kori punk frizur\u00e1j\u00e1t az izomh\u00e1jas buldog fej\u00e9n. H\u00e1t ez nagyon nem a nyugati trend lebut\u00edtott formul\u00e1ja, hi\u00e1nyzik bel\u0151le a felsz\u00ednes elegancia is, vagy a koh\u00e9zi\u00f3t imit\u00e1l\u00f3 er\u0151szakolt durvas\u00e1g is, az \u00fagynevezett jogging expresszionizmus. M\u00e9gse mondjuk azt, hogy felfedezt\u00fcnk egy \u00f6nmag\u00e1b\u00f3l \u00e9p\u00edtkez\u0151, \u00f6nt\u00f6rv\u00e9ny\u0171 alkot\u00f3t, mert az ilyen meghat\u00e1roz\u00e1s alapjaiban hamis, viszont auton\u00f3m m\u0171v\u00e9sz, aki saj\u00e1tos st\u00edlust alak\u00edtott ki, l\u00e1tsz\u00f3lagos egyszer\u0171s\u00e9g\u00fck ellen\u00e9re munk\u00e1iban \u00e9ppen az asszoci\u00e1ci\u00f3kat kelt\u0151 \u00f6sszetett hangz\u00e1s a fontos. Furcsa m\u00f3don Szurcsik J\u00f3zsef az egyiptomi, mezopot\u00e1miai m\u0171v\u00e9szett\u0151l a szocre\u00e1l domborm\u0171vek \u00e9s mur\u00e1li\u00e1k egy\u00fctthat\u00e1s\u00e1t is belel\u00e1thatjuk els\u0151 korszak\u00e1ban. Saj\u00e1tos hangja nem az \u00e9ppen aktu\u00e1lis hat\u00e1sokb\u00f3l alakult, hanem t\u00f6bb \u00e9vezredes \u00e1br\u00e1zol\u00e1si rendszerek mint\u00e1j\u00e1ra, a hierarchikus t\u00e1rsadalmi rendszerek szab\u00e1lyhoz k\u00f6t\u00f6tt birodalmi \u00e1lland\u00f3s\u00e1got sugall\u00f3 st\u00edlusait hasznos\u00edtotta saj\u00e1tos, csak r\u00e1 jellemz\u0151 form\u00e1ban. Giorgio de Chirico \u00e9s Carlo Carra szorong\u00f3 metafizik\u00e1j\u00e1t is feleml\u00edthetj\u00fck viszony\u00edt\u00e1sk\u00e9nt az k\u00e9pekben \u00e9rezhet\u0151 \u00e1lland\u00f3s\u00e1g, dermedt id\u0151tlens\u00e9g miatt, viszont Szurcsik J\u00f3zsef els\u0151sorban a t\u00e1rsadalmi l\u00e9t nyomaszt\u00f3 vil\u00e1g\u00e1ban keletkezett hierarchikus rend konfliktusait fejezi ki. Nem az elvonatkoztatott l\u00e9tszorong\u00e1s kifejez\u00e9se a c\u00e9lja, hanem a hatalmi strukt\u00fara \u00e1ltali ki\u00e9p\u00edtett monolitikus vil\u00e1g bemutat\u00e1sa. Er\u0151sebb az a kritikai hang, amivel direkt majd indirekt m\u00f3don leleplezi a l\u00e1tsz\u00f3lag harmonikus rend m\u00f6g\u00f6tti al\u00e1- \u00e9s f\u00f6l\u00e9rendelt viszonyokat. A reduk\u00e1lt ember\u00e1br\u00e1zol\u00e1s ellen\u00e9re a fokozatos v\u00e1ltoz\u00e1s \u00e1rnyalt jelent\u00e9sm\u00f3dosul\u00e1st eredm\u00e9nyez az elidegenedett t\u00edpus\u00e1br\u00e1zol\u00e1son t\u00fal, Csupasz, emblematikus egyszer\u0171s\u00e9g\u0171 k\u00e9pek sora sz\u00fcletett a nyolcvanas \u00e9vek v\u00e9g\u00e9n, a kilencvenes \u00e9vek elej\u00e9n. Pedig a korai, els\u0151 korszak a vonalra \u00e9p\u00edtett, sz\u00fcrre\u00e1lisan kapcsol\u00f3d\u00f3 lez\u00e1rhatatlan ornament\u00e1lis k\u00e9p\u00edr\u00e1s volt. Mindent elbor\u00edt\u00f3, burj\u00e1nz\u00f3 horror vacui. Emberi, \u00e1llati \u00e9s n\u00f6v\u00e9nyi elemekb\u0151l sz\u0151tt grafikai lapok, automatizmus \u00e1ltali szabad asszoci\u00e1ci\u00f3k, burj\u00e1nz\u00e1sok. Ezut\u00e1n j\u00f6tt hirtelen a leegyszer\u0171s\u00f6d\u00e9s, az el\u0151bb emblematikus k\u00e9pforma. L. Menyh\u00e9rt L\u00e1szl\u00f3 m\u0171v\u00e9szett\u00f6rt\u00e9n\u00e9sz \u2013 aki sajnos t\u00fal korai hal\u00e1la miatt m\u00e1r nincs k\u00f6zt\u00fcnk \u2013 hat\u00e1rozta meg gener\u00e1ci\u00f3nkn\u00e1l jelentkez\u0151 felfog\u00e1st, k\u00e9pi saj\u00e1toss\u00e1got: az emblematikus k\u00e9pi szimbolizmust. Sz\u00e1momra ennek az emblematikus felfog\u00e1snak legkarakteresebb k\u00e9pvisel\u0151je Szurcsik J\u00f3zsef, tal\u00e1n az\u00e9rt is, mert a t\u00e1rsadalmi v\u00e1ltoz\u00e1sok idej\u00e9n a r\u00e9gi\u00f3 t\u00e1rsadalmi konfliktusait is megjelen\u00edtette szimbolikus form\u00e1ban. A ki\u00e1ll\u00edt\u00e1son \u00fajra\u00e9rt\u00e9kelve mindenki \u00e9rzi, hogy az aktualit\u00e1son t\u00falmutat\u00f3 m\u0171vek t\u00f6bb \u00e9vtized ut\u00e1n is ugyanolyan intenz\u00edv jelent\u00e9ssel b\u00edrnak.<br \/>\n\u201eKollekt\u00edv mag\u00e1ny\u201d \u2013 mondja a m\u0171v\u00e9sz, s val\u00f3ban a kollektivizmus ideol\u00f3gi\u00e1ja a modernizmusban m\u00e1r nem az archaikus k\u00f6z\u00f6ss\u00e9g szervess\u00e9ge, hanem a diktat\u00fara eszk\u00f6ze, a demokr\u00e1cia \u00e1ttetsz\u0151 f\u00e1tyla m\u00f6g\u00f6tti val\u00f3s\u00e1g. Egym\u00e1ssal, de val\u00f3j\u00e1ban \u00f6nmag\u00e1val k\u00fcszk\u00f6d\u0151, saj\u00e1t p\u00e1rviadal\u00e1val k\u00fcszk\u00f6d\u0151 ember, aki megsokszoroz\u00f3dva, de m\u00e9gis mag\u00e1ra hagyva v\u00e9gtelen hasonm\u00e1saival szembes\u00fcl egy t\u00fck\u00f6rlabirintusban. \u00d6nmagunkba val\u00f3 bez\u00e1rk\u00f3z\u00e1ssal v\u00e9dekez\u00fcnk egy elt\u00f6megesedett vil\u00e1gban. Az els\u0151 vil\u00e1gh\u00e1bor\u00fat k\u00f6vet\u0151 ir\u00e1nyzatokn\u00e1l a forma\u00faj\u00edt\u00e1son t\u00fal a t\u00e1rsadalomkritika er\u0151s\u00f6d\u00f6tt fel, els\u0151sorban a radik\u00e1lis avantg\u00e1rd ir\u00e1nyzatokon bel\u00fcl. A katasztr\u00f3fizmus szimbolikus romantik\u00e1j\u00e1nak, \u00e9s az apokaliptikus negat\u00edv ut\u00f3pi\u00e1k trag\u00e9di\u00e1j\u00e1nak furcsa elegyei \u00e9s szint\u00e9zisei m\u00e1s-m\u00e1s hangs\u00fallyal. A r\u00e9gi, birodalmi \u00e1lland\u00f3s\u00e1g az id\u0151tlen hatalmat sugallja, de nem az isteni hierarchia id\u0151tlens\u00e9ge mindez, hanem az ember \u00e1ltal teremtett dermeszt\u0151 kimozd\u00edthatatlans\u00e1g. Mikor az al\u00e1vetetts\u00e9g \u00e9s a f\u00f6l\u00e9rendelts\u00e9g \u00e1llapota m\u00e1r meghat\u00e1rozhatatlan, az a kollekt\u00edv mag\u00e1ny, ami a hidegh\u00e1bor\u00fas id\u0151ben a nyugati egzisztencialista szorong\u00e1st sz\u00fclte, mifel\u00e9nk a val\u00f3s, ny\u00edlt majd egyre rejtettebb, de ann\u00e1l megfoghatatlanabb diktat\u00far\u00e1b\u00f3l ered\u0151 szorong\u00e1s k\u00f6zeledett a nyugati egzisztencialista \u00f6nsajn\u00e1l\u00f3, cselekv\u00e9stelens\u00e9gig finomod\u00f3 nihilizmus\u00e1ig. A ki\u00e1ll\u00edt\u00e1son a kirekesztetts\u00e9g, a bez\u00e1rk\u00f3z\u00e1s. az elmag\u00e1nyosod\u00e1s, vagy ezzel egy\u00fctt az ir\u00e1ny\u00edtott t\u00e1rsadalmi szerepek, k\u00e9nyszer\u00edtett kapcsolatok sz\u00e1mtalan t\u00edpus\u00e1t \u00e9rhetj\u00fck tetten.<br \/>\nSzurcsik J\u00f3zsef a t\u00e1rsadalmi ki\u00fcresed\u00e9s \u00fatj\u00e1nak ridegs\u00e9g\u00e9nek \u00e1br\u00e1zol\u00e1s\u00e1t m\u00e1r a kezdeti festm\u00e9nyein\u00e9l ellens\u00falyozza a k\u00e9pfel\u00fclet \u00e9rz\u00e9ki, faktur\u00e1lis megmunk\u00e1l\u00e1s\u00e1val. Szinte \u00f3don, repedez\u0151 muland\u00f3s\u00e1ggal visszah\u00f3d\u00edtja a tradicion\u00e1lis fest\u0151i sz\u00e9ps\u00e9get, \u00edgy teszi ambivalens \u00e9rz\u00e9sekkel gazdagabb\u00e1 a sokszor szinte piktogram egyszer\u0171s\u00e9g\u0171 figur\u00e1kat. A teret elz\u00e1r\u00f3 falak, s\u00edkok felold\u00f3d\u00e1sa ut\u00e1n szinte romantikus vagy biedermeier t\u00e1jhangulatot id\u00e9z\u0151 h\u00e1tt\u00e9rleplet ter\u00edt szfum\u00e1t\u00f3s t\u00e9rill\u00fazi\u00f3val. Monokr\u00f3m korszak\u00e1n\u00e1l a sz\u00edntelens\u00e9g ellen\u00e9re megjelenik a szubjektum el\u0151t\u00e9rbe helyez\u00e9se, a t\u00edpusokb\u00f3l \u00e9rz\u0151 egy\u00e9nek lesznek, de megmarad a tipikus jellem, karakter \u00e1ltal\u00e1nos\u00edthat\u00f3 \u00e9rtelmezhet\u0151s\u00e9ge is. Az \u00e1ltal\u00e1nos\u00edt\u00f3 tipikus \u00e1br\u00e1zol\u00e1sa ut\u00e1n egyre ink\u00e1bb nagyobb teret kap egyedis\u00e9g\u00e9ben jelentkez\u0151 szem\u00e9lyes \u00e1br\u00e1zol\u00e1sa, fest\u0151i hangv\u00e9tele l\u00edrai ir\u00e1nyba halad. A monolitikus \u00e1lland\u00f3s\u00e1g, a t\u00f6mbszer\u0171 profilok kimozdulnak a t\u00e9rbe, cselekv\u0151 szerepl\u0151k lesznek, fest\u00e9szete a szimbolikus figur\u00e1k ellen\u00e9re narrat\u00edv, de mitikus id\u0151ben maradnak, hogy \u00fczenet\u00fck az elk\u00f6vetkez\u0151 korokra is megmaradjanak.<\/p>","protected":false},"excerpt":{"rendered":"<p>Szurcsik J\u00f3zsef ki\u00e1ll\u00edt\u00e1sa a Szolnoki Gal\u00e9ri\u00e1ban Ha valakit r\u00e9g\u00f3ta \u00e9s k\u00f6zelr\u0151l ismer\u00fcnk, term\u00e9szetes m\u00f3don elfogultt\u00e1 v\u00e1lunk. Egy kicsit t\u00e1volabbr\u00f3l kellene szeml\u00e9lni \u0150t, f\u0151leg ha egyedien saj\u00e1tos vil\u00e1ga van, de m\u0171v\u00e9szeti st\u00edlusa, lelk\u00fclete m\u00e1r \u00e9vtizedek \u00f3ta szinte term\u00e9szetes r\u00e9sze \u00e9letemnek. Harminc\u00f6t \u00e9ve figyelhettem k\u00f6zelr\u0151l Szurcsik J\u00f3zsef munk\u00e1j\u00e1t \u2013 egy\u00fctt voltunk m\u0171termekben,&hellip; <\/p>","protected":false},"author":2,"featured_media":4413,"comment_status":"open","ping_status":"open","sticky":false,"template":"","format":"standard","meta":{"spay_email":"","jetpack_publicize_message":""},"categories":[55,22],"tags":[],"yst_prominent_words":[],"jetpack_featured_media_url":"https:\/\/i0.wp.com\/szolnokimuvesztelep.com\/wp-content\/uploads\/2017\/12\/szurcsik.jpg?fit=1000%2C829","jetpack_publicize_connections":[],"yoast_head":"<!-- This site is optimized with the Yoast SEO Premium plugin v14.1 - https:\/\/yoast.com\/wordpress\/plugins\/seo\/ -->\n<title>Ga\u00e1l J\u00f3zsef: L\u00e9lekm\u00e9rtani tabl\u00f3k labirintus\u00e1ban - SZOLNOKI M\u0170V\u00c9SZTELEP<\/title>\n<meta name=\"robots\" content=\"index, follow\" \/>\n<meta name=\"googlebot\" content=\"index, follow, max-snippet:-1, max-image-preview:large, max-video-preview:-1\" \/>\n<meta name=\"bingbot\" content=\"index, follow, max-snippet:-1, max-image-preview:large, max-video-preview:-1\" \/>\n<link rel=\"canonical\" href=\"http:\/\/szolnokimuvesztelep.com\/en\/2017\/12\/01\/gaal-jozsef-lelekmertani-tablok-labirintusaban\/\" \/>\n<meta property=\"og:locale\" content=\"en_US\" \/>\n<meta property=\"og:type\" content=\"article\" \/>\n<meta property=\"og:title\" content=\"Ga\u00e1l J\u00f3zsef: L\u00e9lekm\u00e9rtani tabl\u00f3k labirintus\u00e1ban - SZOLNOKI M\u0170V\u00c9SZTELEP\" \/>\n<meta property=\"og:description\" content=\"Szurcsik J\u00f3zsef ki\u00e1ll\u00edt\u00e1sa a Szolnoki Gal\u00e9ri\u00e1ban Ha valakit r\u00e9g\u00f3ta \u00e9s k\u00f6zelr\u0151l ismer\u00fcnk, term\u00e9szetes m\u00f3don elfogultt\u00e1 v\u00e1lunk. Egy kicsit t\u00e1volabbr\u00f3l kellene szeml\u00e9lni \u0150t, f\u0151leg ha egyedien saj\u00e1tos vil\u00e1ga van, de m\u0171v\u00e9szeti st\u00edlusa, lelk\u00fclete m\u00e1r \u00e9vtizedek \u00f3ta szinte term\u00e9szetes r\u00e9sze \u00e9letemnek. Harminc\u00f6t \u00e9ve figyelhettem k\u00f6zelr\u0151l Szurcsik J\u00f3zsef munk\u00e1j\u00e1t \u2013 egy\u00fctt voltunk m\u0171termekben,&hellip;\" \/>\n<meta property=\"og:url\" content=\"http:\/\/szolnokimuvesztelep.com\/en\/2017\/12\/01\/gaal-jozsef-lelekmertani-tablok-labirintusaban\/\" \/>\n<meta property=\"og:site_name\" content=\"SZOLNOKI M\u0170V\u00c9SZTELEP\" \/>\n<meta property=\"article:publisher\" content=\"https:\/\/www.facebook.com\/szolnokimuvesztelepofficial\/\" \/>\n<meta property=\"article:published_time\" content=\"2017-12-01T13:09:39+00:00\" \/>\n<meta property=\"article:modified_time\" content=\"2022-11-25T14:46:34+00:00\" \/>\n<meta property=\"og:image\" content=\"https:\/\/i0.wp.com\/szolnokimuvesztelep.com\/wp-content\/uploads\/2017\/12\/szurcsik.jpg?fit=1000%2C829\" \/>\n\t<meta property=\"og:image:width\" content=\"1000\" \/>\n\t<meta property=\"og:image:height\" content=\"829\" \/>\n<script type=\"application\/ld+json\" class=\"yoast-schema-graph\">{\"@context\":\"https:\/\/schema.org\",\"@graph\":[{\"@type\":\"Organization\",\"@id\":\"http:\/\/szolnokimuvesztelep.com\/en\/#organization\",\"name\":\"Szolnoki M\\u0171v\\u00e9sztelep\",\"url\":\"http:\/\/szolnokimuvesztelep.com\/en\/\",\"sameAs\":[\"https:\/\/www.facebook.com\/szolnokimuvesztelepofficial\/\",\"https:\/\/www.instagram.com\/szolnoki_muvesztelep\/\",\"https:\/\/www.youtube.com\/channel\/UCAYRF4A8FrslG3J__XEjEoA\",\"https:\/\/hu.wikipedia.org\/wiki\/Szolnoki_m\\u0171v\\u00e9sztelep\"],\"logo\":{\"@type\":\"ImageObject\",\"@id\":\"http:\/\/szolnokimuvesztelep.com\/en\/#logo\",\"inLanguage\":\"en-US\",\"url\":\"https:\/\/i0.wp.com\/szolnokimuvesztelep.com\/wp-content\/uploads\/2020\/05\/szmt_2019_szlogen_psz-01.png?fit=2242%2C863\",\"width\":2242,\"height\":863,\"caption\":\"Szolnoki M\\u0171v\\u00e9sztelep\"},\"image\":{\"@id\":\"http:\/\/szolnokimuvesztelep.com\/en\/#logo\"}},{\"@type\":\"WebSite\",\"@id\":\"http:\/\/szolnokimuvesztelep.com\/en\/#website\",\"url\":\"http:\/\/szolnokimuvesztelep.com\/en\/\",\"name\":\"SZOLNOKI M\\u0170V\\u00c9SZTELEP\",\"description\":\"Meg\\u00fajul\\u00f3 hagyom\\u00e1ny\",\"publisher\":{\"@id\":\"http:\/\/szolnokimuvesztelep.com\/en\/#organization\"},\"potentialAction\":[{\"@type\":\"SearchAction\",\"target\":\"http:\/\/szolnokimuvesztelep.com\/en\/?s={search_term_string}\",\"query-input\":\"required name=search_term_string\"}],\"inLanguage\":\"en-US\"},{\"@type\":\"ImageObject\",\"@id\":\"http:\/\/szolnokimuvesztelep.com\/2017\/12\/01\/gaal-jozsef-lelekmertani-tablok-labirintusaban\/#primaryimage\",\"inLanguage\":\"en-US\",\"url\":\"https:\/\/i0.wp.com\/szolnokimuvesztelep.com\/wp-content\/uploads\/2017\/12\/szurcsik.jpg?fit=1000%2C829\",\"width\":1000,\"height\":829},{\"@type\":\"WebPage\",\"@id\":\"http:\/\/szolnokimuvesztelep.com\/2017\/12\/01\/gaal-jozsef-lelekmertani-tablok-labirintusaban\/#webpage\",\"url\":\"http:\/\/szolnokimuvesztelep.com\/2017\/12\/01\/gaal-jozsef-lelekmertani-tablok-labirintusaban\/\",\"name\":\"Ga\\u00e1l J\\u00f3zsef: L\\u00e9lekm\\u00e9rtani tabl\\u00f3k labirintus\\u00e1ban - SZOLNOKI M\\u0170V\\u00c9SZTELEP\",\"isPartOf\":{\"@id\":\"http:\/\/szolnokimuvesztelep.com\/en\/#website\"},\"primaryImageOfPage\":{\"@id\":\"http:\/\/szolnokimuvesztelep.com\/2017\/12\/01\/gaal-jozsef-lelekmertani-tablok-labirintusaban\/#primaryimage\"},\"datePublished\":\"2017-12-01T13:09:39+00:00\",\"dateModified\":\"2022-11-25T14:46:34+00:00\",\"inLanguage\":\"en-US\",\"potentialAction\":[{\"@type\":\"ReadAction\",\"target\":[\"http:\/\/szolnokimuvesztelep.com\/2017\/12\/01\/gaal-jozsef-lelekmertani-tablok-labirintusaban\/\"]}]},{\"@type\":\"Article\",\"@id\":\"http:\/\/szolnokimuvesztelep.com\/2017\/12\/01\/gaal-jozsef-lelekmertani-tablok-labirintusaban\/#article\",\"isPartOf\":{\"@id\":\"http:\/\/szolnokimuvesztelep.com\/2017\/12\/01\/gaal-jozsef-lelekmertani-tablok-labirintusaban\/#webpage\"},\"author\":{\"@id\":\"http:\/\/szolnokimuvesztelep.com\/en\/#\/schema\/person\/6809c0486d15892946a64c7ea6eed077\"},\"headline\":\"Ga\\u00e1l J\\u00f3zsef: L\\u00e9lekm\\u00e9rtani tabl\\u00f3k labirintus\\u00e1ban\",\"datePublished\":\"2017-12-01T13:09:39+00:00\",\"dateModified\":\"2022-11-25T14:46:34+00:00\",\"commentCount\":0,\"mainEntityOfPage\":{\"@id\":\"http:\/\/szolnokimuvesztelep.com\/2017\/12\/01\/gaal-jozsef-lelekmertani-tablok-labirintusaban\/#webpage\"},\"publisher\":{\"@id\":\"http:\/\/szolnokimuvesztelep.com\/en\/#organization\"},\"image\":{\"@id\":\"http:\/\/szolnokimuvesztelep.com\/2017\/12\/01\/gaal-jozsef-lelekmertani-tablok-labirintusaban\/#primaryimage\"},\"articleSection\":\"Arch\\u00edv,\\u00cdr\\u00e1sok\",\"inLanguage\":\"en-US\",\"potentialAction\":[{\"@type\":\"CommentAction\",\"name\":\"Comment\",\"target\":[\"http:\/\/szolnokimuvesztelep.com\/2017\/12\/01\/gaal-jozsef-lelekmertani-tablok-labirintusaban\/#respond\"]}]},{\"@type\":[\"Person\"],\"@id\":\"http:\/\/szolnokimuvesztelep.com\/en\/#\/schema\/person\/6809c0486d15892946a64c7ea6eed077\",\"name\":\"Verebes Edit\",\"image\":{\"@type\":\"ImageObject\",\"@id\":\"http:\/\/szolnokimuvesztelep.com\/en\/#personlogo\",\"inLanguage\":\"en-US\",\"url\":\"http:\/\/2.gravatar.com\/avatar\/5d546bcb1a27fb506fe8bb16e33cd5fd?s=96&d=mm&r=g\",\"caption\":\"Verebes Edit\"}}]}<\/script>\n<!-- \/ Yoast SEO Premium plugin. -->","jetpack_sharing_enabled":true,"jetpack_shortlink":"https:\/\/wp.me\/p9tpmR-eP","jetpack_likes_enabled":true,"jetpack-related-posts":[],"_links":{"self":[{"href":"http:\/\/szolnokimuvesztelep.com\/en\/wp-json\/wp\/v2\/posts\/919"}],"collection":[{"href":"http:\/\/szolnokimuvesztelep.com\/en\/wp-json\/wp\/v2\/posts"}],"about":[{"href":"http:\/\/szolnokimuvesztelep.com\/en\/wp-json\/wp\/v2\/types\/post"}],"author":[{"embeddable":true,"href":"http:\/\/szolnokimuvesztelep.com\/en\/wp-json\/wp\/v2\/users\/2"}],"replies":[{"embeddable":true,"href":"http:\/\/szolnokimuvesztelep.com\/en\/wp-json\/wp\/v2\/comments?post=919"}],"version-history":[{"count":1,"href":"http:\/\/szolnokimuvesztelep.com\/en\/wp-json\/wp\/v2\/posts\/919\/revisions"}],"predecessor-version":[{"id":7897,"href":"http:\/\/szolnokimuvesztelep.com\/en\/wp-json\/wp\/v2\/posts\/919\/revisions\/7897"}],"wp:featuredmedia":[{"embeddable":true,"href":"http:\/\/szolnokimuvesztelep.com\/en\/wp-json\/wp\/v2\/media\/4413"}],"wp:attachment":[{"href":"http:\/\/szolnokimuvesztelep.com\/en\/wp-json\/wp\/v2\/media?parent=919"}],"wp:term":[{"taxonomy":"category","embeddable":true,"href":"http:\/\/szolnokimuvesztelep.com\/en\/wp-json\/wp\/v2\/categories?post=919"},{"taxonomy":"post_tag","embeddable":true,"href":"http:\/\/szolnokimuvesztelep.com\/en\/wp-json\/wp\/v2\/tags?post=919"},{"taxonomy":"yst_prominent_words","embeddable":true,"href":"http:\/\/szolnokimuvesztelep.com\/en\/wp-json\/wp\/v2\/yst_prominent_words?post=919"}],"curies":[{"name":"wp","href":"https:\/\/api.w.org\/{rel}","templated":true}]}}