{"id":9023,"date":"2026-01-28T12:12:23","date_gmt":"2026-01-28T12:12:23","guid":{"rendered":"http:\/\/szolnokimuvesztelep.com\/?p=9023"},"modified":"2026-03-27T10:04:49","modified_gmt":"2026-03-27T10:04:49","slug":"mono-tipusok-iv-elmeleti-es-gyakorlati-alkotomuhely-es-konferencia","status":"publish","type":"post","link":"http:\/\/szolnokimuvesztelep.com\/en\/2026\/01\/28\/mono-tipusok-iv-elmeleti-es-gyakorlati-alkotomuhely-es-konferencia\/","title":{"rendered":"MONO-T\u00cdPUSOK \u2013 IV. Elm\u00e9leti \u00e9s gyakorlati alkot\u00f3m\u0171hely \u00e9s konferencia"},"content":{"rendered":"<p><strong>MONO-T\u00cdPUSOK \u2013 <em>Az egyedi \u00e9s a klasszikus<br \/>\nIV. Elm\u00e9leti \u00e9s gyakorlati alkot\u00f3m\u0171hely \u00e9s konferencia<\/em><\/strong><br \/>\nSzolnoki M\u0171v\u00e9sztelep, 2026. febru\u00e1r 13-15.<\/p>\n<p>A Szolnoki M\u0171v\u00e9sztelep 2026 febru\u00e1rj\u00e1ban ism\u00e9t a grafika \u00e9s a k\u00e9pz\u0151m\u0171v\u00e9szet hat\u00e1rter\u00fcleteinek izgalmas tal\u00e1lkoz\u00f3pontj\u00e1v\u00e1 v\u00e1lik. A MONO-T\u00cdPUSOK \u2013 Az egyedi \u00e9s a klasszikus c\u00edm\u0171, imm\u00e1r negyedik elm\u00e9leti \u00e9s gyakorlati alkot\u00f3m\u0171hely \u00e9s konferencia h\u00e1rom napon \u00e1t k\u00edn\u00e1l lehet\u0151s\u00e9get arra, hogy a monot\u00edpia soksz\u00edn\u0171 vil\u00e1g\u00e1t m\u0171termi l\u00e1togat\u00e1sokon, szakmai s\u00e9t\u00e1kon, ki\u00e1ll\u00edt\u00e1sokon, workshopokon \u00e9s rangos el\u0151ad\u00e1sokon kereszt\u00fcl fedezz\u00fck fel. A program a m\u0171faj hagyom\u00e1ny\u00e1t \u00e9s kort\u00e1rs \u00e9rtelmez\u00e9seit egyar\u00e1nt megmutatja, mik\u00f6zben teret ad a szem\u00e9lyes tal\u00e1lkoz\u00e1soknak, a k\u00f6z\u00f6s gondolkod\u00e1snak \u00e9s az inspir\u00e1l\u00f3 szakmai p\u00e1rbesz\u00e9dnek. Szeretettel v\u00e1rjuk mindazokat, akik k\u00f6zelr\u0151l szeretn\u00e9k l\u00e1tni, hogyan sz\u00fcletik meg az egyedi lenyomat \u2013 \u00e9s hogyan form\u00e1lja tov\u00e1bb a grafika jelen\u00e9t \u00e9s j\u00f6v\u0151j\u00e9t.<\/p>\n<p><strong>2026. febru\u00e1r 13. p\u00e9ntek<\/strong><\/p>\n<p>15.00<br \/>\nNYITOTT M\u0170TEREM<br \/>\nM\u0171tereml\u00e1togat\u00e1sok a Szolnoki M\u0171v\u00e9sztelep alkot\u00f3inak st\u00fadi\u00f3iban<\/p>\n<p>16.00<br \/>\nBARANGOL\u00c1S A SZOLNOKI M\u0170V\u00c9SZTELEP T\u00d6RT\u00c9NET\u00c9BEN<br \/>\nAnekdot\u00e1kkal \u00e1tsz\u0151tt el\u0151ad\u00e1s egy kerti s\u00e9ta keret\u00e9ben<\/p>\n<p>17.00<br \/>\nMONO-T\u00cdPUSOK \u2013 Ki\u00e1ll\u00edt\u00e1smegnyit\u00f3 a Kert Gal\u00e9ri\u00e1ban<br \/>\nA K\u00e9pgrafikusok Olgyai Viktor Egyes\u00fclet\u00e9nek csoportos ki\u00e1ll\u00edt\u00e1sa<br \/>\nK\u00f6sz\u00f6nt\u0151t mond: Bugyi Istv\u00e1n J\u00f3zsef grafikusm\u0171v\u00e9sz, a KOVE eln\u00f6ke, a rendezv\u00e9ny \u00f6tletgazd\u00e1ja<br \/>\nMegnyitja: K\u00e9pir\u00f3 \u00c1gnes m\u0171v\u00e9szett\u00f6rt\u00e9n\u00e9sz, a Damjanich J\u00e1nos M\u00fazeum munkat\u00e1rsa<br \/>\nH\u00e1zigazda: Verebes Gy\u00f6rgy fest\u0151m\u0171v\u00e9sz, a Szolnoki M\u0171v\u00e9sztelep m\u0171v\u00e9szeti vezet\u0151je<\/p>\n<p>KI\u00c1LL\u00cdT\u00d3K: Barta J\u00e1nos, B\u00e1r\u00e1ny Ter\u00e9zia, Bartis Elem\u00e9r, Boros M\u00e1ty\u00e1s, B\u00f6rcs\u00f6k Attila, Bugyi Istv\u00e1n J\u00f3zsef, Danka Attila, Decsi Ilona, Ghyczy Gy\u00f6rgy, Havasi Tam\u00e1s, Herczeg Istv\u00e1n, J\u00f3n\u00e1s P\u00e9ter, K\u00e9ri Imre, K\u0151 Boldizs\u00e1r, Kun P\u00e9ter, L\u00e1szl\u00f3 J\u00e1nos, L\u0151rincz R\u00f3bert, Luk\u00e1cs G\u00e1bor, N\u00e1das Alexandra, Nagy D\u00e9nes, Nagy Katalin Matild, Olexa J\u00f3zsef, Sikl\u00f3dy Ferenc, Simon Zsolt, Sinka P\u00e9ter, Stark Istv\u00e1n, Szab\u00f3 \u00c1bel, Szepessy B\u00e9la, Tak\u00e1ts M\u00e1rton, Tor\u00f3 J\u00f3zsef, T\u00f6r\u00f6k Tam\u00e1s, Verebes Gy\u00f6rgy<\/p>\n<p><strong>2026. febru\u00e1r 14. szombat<\/strong><\/p>\n<p>10.30\u201313.30<br \/>\nMONOT\u00cdPIA, A GRAFIKA \u00c9S A FEST\u00c9SZET HAT\u00c1R\u00c1N \u00a0&#8211; GRAFIKAI TECHNIK\u00c1K WORKSHOPJA a Grafikai M\u0171hely \u00e9s Rajzst\u00fadi\u00f3 Gal\u00e9ri\u00e1ban<\/p>\n<p>K\u00f6sz\u00f6nt\u0151t mond: Bugyi Istv\u00e1n J\u00f3zsef grafikusm\u0171v\u00e9sz, a KOVE eln\u00f6ke<br \/>\nA m\u0171helymunk\u00e1t vezetik: Tak\u00e1ts M\u00e1rton grafikusm\u0171v\u00e9sz, Herczeg Istv\u00e1n grafikusm\u0171v\u00e9sz<br \/>\nK\u00f6zrem\u0171k\u00f6dnek: a KOVE tagjai<\/p>\n<p>15.30\u201316.45<br \/>\nGRAFIKAI ID\u0150SZAKI KI\u00c1LL\u00cdT\u00c1SOK MEGTEKINT\u00c9SE A DAMJANICH J\u00c1NOS M\u00daZEUMBAN<br \/>\n(\u00c1gotha Margit, G\u00e1csi Mih\u00e1ly, R\u00e9kassy Csaba, Gyulai L\u00edviusz)<\/p>\n<p><strong>2026. febru\u00e1r 15. vas\u00e1rnap<\/strong><\/p>\n<p><strong>KONFERENCIA A M\u0170V\u00c9SZI GRAFIK\u00c1R\u00d3L<\/strong><br \/>\nHelysz\u00edn: Kert Gal\u00e9ria<\/p>\n<p>10.00<br \/>\nK\u00d6SZ\u00d6NT\u0150<br \/>\nBesz\u00e9det mond: Bugyi Istv\u00e1n J\u00f3zsef grafikusm\u0171v\u00e9sz, a KOVE eln\u00f6ke<\/p>\n<p>10.10<br \/>\nMONO 3<br \/>\nEl\u0151ad\u00f3: Lis\u00e1nyi Endre eszt\u00e9ta, m\u0171v\u00e9szeti \u00edr\u00f3, a MATE c\u00edmzetes egyetemi docense<\/p>\n<p>10.35<br \/>\nFESS\u00dcNK GRAFIK\u00c1T!<br \/>\nEl\u0151ad\u00f3: M\u00f3zer Erzs\u00e9bet, Munk\u00e1csy Mih\u00e1ly-d\u00edjas restaur\u00e1tor \u00e9s grafikusm\u0171v\u00e9sz<\/p>\n<p>11.00<br \/>\nCSILLAGJ\u00c1R\u00d3 \u2013 KERESZTES D\u00d3RA GRAFIKUSM\u0170V\u00c9SZ KI\u00c1LL\u00cdT\u00c1SA A M\u0170CSARNOKBAN<br \/>\nEl\u0151ad\u00f3: Garami Gr\u00e9ta m\u0171v\u00e9szett\u00f6rt\u00e9n\u00e9sz, a M\u0171csarnok kur\u00e1tora<\/p>\n<p>11.20 Sz\u00fcnet<\/p>\n<p>11.50<br \/>\nNYOM\u00d3D\u00daC \u00c9S\/VAGY SZ\u00c1M\u00cdT\u00d3G\u00c9P<br \/>\nEl\u0151ad\u00f3: Dr. habil. Szepessy B\u00e9la DLA grafikusm\u0171v\u00e9sz, a Ny\u00edregyh\u00e1zi Egyetem Vizu\u00e1lis Kult\u00fara Int\u00e9zet\u00e9nek igazgat\u00f3ja, a KOVE aleln\u00f6ke<\/p>\n<p>12.15<br \/>\nGRAFIK\u00c1K A DAMJANICH J\u00c1NOS M\u00daZEUM GY\u0170JTEM\u00c9NY\u00c9BEN<br \/>\nEl\u0151ad\u00f3: Szebenyi N\u00e1ndor muzeol\u00f3gus, a Damjanich J\u00e1nos M\u00fazeum M\u0171v\u00e9szett\u00f6rt\u00e9neti Oszt\u00e1ly\u00e1nak vezet\u0151je<\/p>\n<p>12.35<br \/>\nAZ \u00c1T\u00c9L\u00c9S T\u00d6RED\u00c9KEI<br \/>\nSulyok Gabriella Munk\u00e1csy Mih\u00e1ly-d\u00edjas grafikusm\u0171v\u00e9sz munk\u00e1ss\u00e1ga rajzban \u00e9s mozg\u00f3k\u00e9pben<\/p>\n<p>13.05 Sz\u00fcnet<\/p>\n<p>13.30<br \/>\nMI LEGYEN AZ AKASZT\u00d3F\u00c1VAL?<br \/>\nEl\u0151ad\u00f3: Orosz Istv\u00e1n, anim\u00e1ci\u00f3sfilm-rendez\u0151, Kossuth-d\u00edjas grafikusm\u0171v\u00e9sz, a Nemzet M\u0171v\u00e9sze<\/p>\n<p>13.55<br \/>\nA HAL\u00c1L RAJZAI &#8211; BENYOM\u00c1SOK KOV\u00c1CS P\u00c9TER RAJZM\u0170V\u00c9SZET\u00c9R\u0150L<br \/>\nEl\u0151ad\u00f3: Wehner Tibor Munk\u00e1csy Mih\u00e1ly-d\u00edjas \u00edr\u00f3, m\u0171v\u00e9szett\u00f6rt\u00e9n\u00e9sz<\/p>\n<p>14.20<br \/>\nA M\u0170V\u00c9SZET MOSTOHAGYERMEK\u00c9NEK \u00c9DESGYERMEKE<br \/>\nEl\u0151ad\u00f3: Eszik Alajos grafikusm\u0171v\u00e9sz, a Magyar M\u0171v\u00e9szeti Akad\u00e9mia tagja<\/p>\n<p>14.40 Sz\u00fcnet<\/p>\n<p>15.00<br \/>\nKEREKASZTAL-BESZ\u00c9LGET\u00c9S A MONOT\u00cdPI\u00c1R\u00d3L, A GRAFIKA M\u0170FAJ\u00c1R\u00d3L \u00c9S A KORT\u00c1RS GRAFIK\u00c1R\u00d3L<br \/>\nVezeti: Verebes Gy\u00f6rgy Munk\u00e1csy Mih\u00e1ly-d\u00edjas fest\u0151m\u0171v\u00e9sz, \u00c9rdemes m\u0171v\u00e9sz, a Magyar M\u0171v\u00e9szeti Akad\u00e9mia tagja<\/p>","protected":false},"excerpt":{"rendered":"<p>MONO-T\u00cdPUSOK \u2013 Az egyedi \u00e9s a klasszikus IV. Elm\u00e9leti \u00e9s gyakorlati alkot\u00f3m\u0171hely \u00e9s konferencia Szolnoki M\u0171v\u00e9sztelep, 2026. febru\u00e1r 13-15. A Szolnoki M\u0171v\u00e9sztelep 2026 febru\u00e1rj\u00e1ban ism\u00e9t a grafika \u00e9s a k\u00e9pz\u0151m\u0171v\u00e9szet hat\u00e1rter\u00fcleteinek izgalmas tal\u00e1lkoz\u00f3pontj\u00e1v\u00e1 v\u00e1lik. A MONO-T\u00cdPUSOK \u2013 Az egyedi \u00e9s a klasszikus c\u00edm\u0171, imm\u00e1r negyedik elm\u00e9leti \u00e9s gyakorlati alkot\u00f3m\u0171hely \u00e9s&hellip; <\/p>","protected":false},"author":6,"featured_media":9029,"comment_status":"open","ping_status":"open","sticky":false,"template":"","format":"standard","meta":{"spay_email":"","jetpack_publicize_message":""},"categories":[55,58],"tags":[],"yst_prominent_words":[],"jetpack_featured_media_url":"https:\/\/i0.wp.com\/szolnokimuvesztelep.com\/wp-content\/uploads\/2026\/01\/2Monotipusok_szmt_honlap_slider_2026_01.jpg?fit=1659%2C613","jetpack_publicize_connections":[],"yoast_head":"<!-- This site is optimized with the Yoast SEO Premium plugin v14.1 - https:\/\/yoast.com\/wordpress\/plugins\/seo\/ -->\n<title>MONO-T\u00cdPUSOK \u2013 IV. Elm\u00e9leti \u00e9s gyakorlati alkot\u00f3m\u0171hely \u00e9s konferencia - SZOLNOKI M\u0170V\u00c9SZTELEP<\/title>\n<meta name=\"robots\" content=\"index, follow\" \/>\n<meta name=\"googlebot\" content=\"index, follow, max-snippet:-1, max-image-preview:large, max-video-preview:-1\" \/>\n<meta name=\"bingbot\" content=\"index, follow, max-snippet:-1, max-image-preview:large, max-video-preview:-1\" \/>\n<link rel=\"canonical\" href=\"http:\/\/szolnokimuvesztelep.com\/en\/2026\/01\/28\/mono-tipusok-iv-elmeleti-es-gyakorlati-alkotomuhely-es-konferencia\/\" \/>\n<meta property=\"og:locale\" content=\"en_US\" \/>\n<meta property=\"og:type\" content=\"article\" \/>\n<meta property=\"og:title\" content=\"MONO-T\u00cdPUSOK \u2013 IV. Elm\u00e9leti \u00e9s gyakorlati alkot\u00f3m\u0171hely \u00e9s konferencia - SZOLNOKI M\u0170V\u00c9SZTELEP\" \/>\n<meta property=\"og:description\" content=\"MONO-T\u00cdPUSOK \u2013 Az egyedi \u00e9s a klasszikus IV. Elm\u00e9leti \u00e9s gyakorlati alkot\u00f3m\u0171hely \u00e9s konferencia Szolnoki M\u0171v\u00e9sztelep, 2026. febru\u00e1r 13-15. A Szolnoki M\u0171v\u00e9sztelep 2026 febru\u00e1rj\u00e1ban ism\u00e9t a grafika \u00e9s a k\u00e9pz\u0151m\u0171v\u00e9szet hat\u00e1rter\u00fcleteinek izgalmas tal\u00e1lkoz\u00f3pontj\u00e1v\u00e1 v\u00e1lik. A MONO-T\u00cdPUSOK \u2013 Az egyedi \u00e9s a klasszikus c\u00edm\u0171, imm\u00e1r negyedik elm\u00e9leti \u00e9s gyakorlati alkot\u00f3m\u0171hely \u00e9s&hellip;\" \/>\n<meta property=\"og:url\" content=\"http:\/\/szolnokimuvesztelep.com\/en\/2026\/01\/28\/mono-tipusok-iv-elmeleti-es-gyakorlati-alkotomuhely-es-konferencia\/\" \/>\n<meta property=\"og:site_name\" content=\"SZOLNOKI M\u0170V\u00c9SZTELEP\" \/>\n<meta property=\"article:publisher\" content=\"https:\/\/www.facebook.com\/szolnokimuvesztelepofficial\/\" \/>\n<meta property=\"article:published_time\" content=\"2026-01-28T12:12:23+00:00\" \/>\n<meta property=\"article:modified_time\" content=\"2026-03-27T10:04:49+00:00\" \/>\n<meta property=\"og:image\" content=\"https:\/\/i0.wp.com\/szolnokimuvesztelep.com\/wp-content\/uploads\/2026\/01\/2Monotipusok_szmt_honlap_slider_2026_01.jpg?fit=1659%2C613\" \/>\n\t<meta property=\"og:image:width\" content=\"1659\" \/>\n\t<meta property=\"og:image:height\" content=\"613\" \/>\n<script type=\"application\/ld+json\" class=\"yoast-schema-graph\">{\"@context\":\"https:\/\/schema.org\",\"@graph\":[{\"@type\":\"Organization\",\"@id\":\"http:\/\/szolnokimuvesztelep.com\/en\/#organization\",\"name\":\"Szolnoki M\\u0171v\\u00e9sztelep\",\"url\":\"http:\/\/szolnokimuvesztelep.com\/en\/\",\"sameAs\":[\"https:\/\/www.facebook.com\/szolnokimuvesztelepofficial\/\",\"https:\/\/www.instagram.com\/szolnoki_muvesztelep\/\",\"https:\/\/www.youtube.com\/channel\/UCAYRF4A8FrslG3J__XEjEoA\",\"https:\/\/hu.wikipedia.org\/wiki\/Szolnoki_m\\u0171v\\u00e9sztelep\"],\"logo\":{\"@type\":\"ImageObject\",\"@id\":\"http:\/\/szolnokimuvesztelep.com\/en\/#logo\",\"inLanguage\":\"en-US\",\"url\":\"https:\/\/i0.wp.com\/szolnokimuvesztelep.com\/wp-content\/uploads\/2020\/05\/szmt_2019_szlogen_psz-01.png?fit=2242%2C863\",\"width\":2242,\"height\":863,\"caption\":\"Szolnoki M\\u0171v\\u00e9sztelep\"},\"image\":{\"@id\":\"http:\/\/szolnokimuvesztelep.com\/en\/#logo\"}},{\"@type\":\"WebSite\",\"@id\":\"http:\/\/szolnokimuvesztelep.com\/en\/#website\",\"url\":\"http:\/\/szolnokimuvesztelep.com\/en\/\",\"name\":\"SZOLNOKI M\\u0170V\\u00c9SZTELEP\",\"description\":\"Meg\\u00fajul\\u00f3 hagyom\\u00e1ny\",\"publisher\":{\"@id\":\"http:\/\/szolnokimuvesztelep.com\/en\/#organization\"},\"potentialAction\":[{\"@type\":\"SearchAction\",\"target\":\"http:\/\/szolnokimuvesztelep.com\/en\/?s={search_term_string}\",\"query-input\":\"required name=search_term_string\"}],\"inLanguage\":\"en-US\"},{\"@type\":\"ImageObject\",\"@id\":\"http:\/\/szolnokimuvesztelep.com\/2026\/01\/28\/mono-tipusok-iv-elmeleti-es-gyakorlati-alkotomuhely-es-konferencia\/#primaryimage\",\"inLanguage\":\"en-US\",\"url\":\"https:\/\/i0.wp.com\/szolnokimuvesztelep.com\/wp-content\/uploads\/2026\/01\/2Monotipusok_szmt_honlap_slider_2026_01.jpg?fit=1659%2C613\",\"width\":1659,\"height\":613},{\"@type\":\"WebPage\",\"@id\":\"http:\/\/szolnokimuvesztelep.com\/2026\/01\/28\/mono-tipusok-iv-elmeleti-es-gyakorlati-alkotomuhely-es-konferencia\/#webpage\",\"url\":\"http:\/\/szolnokimuvesztelep.com\/2026\/01\/28\/mono-tipusok-iv-elmeleti-es-gyakorlati-alkotomuhely-es-konferencia\/\",\"name\":\"MONO-T\\u00cdPUSOK \\u2013 IV. Elm\\u00e9leti \\u00e9s gyakorlati alkot\\u00f3m\\u0171hely \\u00e9s konferencia - SZOLNOKI M\\u0170V\\u00c9SZTELEP\",\"isPartOf\":{\"@id\":\"http:\/\/szolnokimuvesztelep.com\/en\/#website\"},\"primaryImageOfPage\":{\"@id\":\"http:\/\/szolnokimuvesztelep.com\/2026\/01\/28\/mono-tipusok-iv-elmeleti-es-gyakorlati-alkotomuhely-es-konferencia\/#primaryimage\"},\"datePublished\":\"2026-01-28T12:12:23+00:00\",\"dateModified\":\"2026-03-27T10:04:49+00:00\",\"inLanguage\":\"en-US\",\"potentialAction\":[{\"@type\":\"ReadAction\",\"target\":[\"http:\/\/szolnokimuvesztelep.com\/2026\/01\/28\/mono-tipusok-iv-elmeleti-es-gyakorlati-alkotomuhely-es-konferencia\/\"]}]},{\"@type\":\"Article\",\"@id\":\"http:\/\/szolnokimuvesztelep.com\/2026\/01\/28\/mono-tipusok-iv-elmeleti-es-gyakorlati-alkotomuhely-es-konferencia\/#article\",\"isPartOf\":{\"@id\":\"http:\/\/szolnokimuvesztelep.com\/2026\/01\/28\/mono-tipusok-iv-elmeleti-es-gyakorlati-alkotomuhely-es-konferencia\/#webpage\"},\"author\":{\"@id\":\"http:\/\/szolnokimuvesztelep.com\/en\/#\/schema\/person\/455817b7faaefdc309af6d6d95453700\"},\"headline\":\"MONO-T\\u00cdPUSOK \\u2013 IV. Elm\\u00e9leti \\u00e9s gyakorlati alkot\\u00f3m\\u0171hely \\u00e9s konferencia\",\"datePublished\":\"2026-01-28T12:12:23+00:00\",\"dateModified\":\"2026-03-27T10:04:49+00:00\",\"commentCount\":0,\"mainEntityOfPage\":{\"@id\":\"http:\/\/szolnokimuvesztelep.com\/2026\/01\/28\/mono-tipusok-iv-elmeleti-es-gyakorlati-alkotomuhely-es-konferencia\/#webpage\"},\"publisher\":{\"@id\":\"http:\/\/szolnokimuvesztelep.com\/en\/#organization\"},\"image\":{\"@id\":\"http:\/\/szolnokimuvesztelep.com\/2026\/01\/28\/mono-tipusok-iv-elmeleti-es-gyakorlati-alkotomuhely-es-konferencia\/#primaryimage\"},\"articleSection\":\"Arch\\u00edv,H\\u00edrek\",\"inLanguage\":\"en-US\",\"potentialAction\":[{\"@type\":\"CommentAction\",\"name\":\"Comment\",\"target\":[\"http:\/\/szolnokimuvesztelep.com\/2026\/01\/28\/mono-tipusok-iv-elmeleti-es-gyakorlati-alkotomuhely-es-konferencia\/#respond\"]}]},{\"@type\":[\"Person\"],\"@id\":\"http:\/\/szolnokimuvesztelep.com\/en\/#\/schema\/person\/455817b7faaefdc309af6d6d95453700\",\"name\":\"Cselle Judit\",\"image\":{\"@type\":\"ImageObject\",\"@id\":\"http:\/\/szolnokimuvesztelep.com\/en\/#personlogo\",\"inLanguage\":\"en-US\",\"url\":\"http:\/\/0.gravatar.com\/avatar\/3eb98182a1cc7aad03ba91a0145855ba?s=96&d=mm&r=g\",\"caption\":\"Cselle Judit\"}}]}<\/script>\n<!-- \/ Yoast SEO Premium plugin. -->","jetpack_sharing_enabled":true,"jetpack_shortlink":"https:\/\/wp.me\/p9tpmR-2lx","jetpack_likes_enabled":true,"jetpack-related-posts":[],"_links":{"self":[{"href":"http:\/\/szolnokimuvesztelep.com\/en\/wp-json\/wp\/v2\/posts\/9023"}],"collection":[{"href":"http:\/\/szolnokimuvesztelep.com\/en\/wp-json\/wp\/v2\/posts"}],"about":[{"href":"http:\/\/szolnokimuvesztelep.com\/en\/wp-json\/wp\/v2\/types\/post"}],"author":[{"embeddable":true,"href":"http:\/\/szolnokimuvesztelep.com\/en\/wp-json\/wp\/v2\/users\/6"}],"replies":[{"embeddable":true,"href":"http:\/\/szolnokimuvesztelep.com\/en\/wp-json\/wp\/v2\/comments?post=9023"}],"version-history":[{"count":1,"href":"http:\/\/szolnokimuvesztelep.com\/en\/wp-json\/wp\/v2\/posts\/9023\/revisions"}],"predecessor-version":[{"id":9025,"href":"http:\/\/szolnokimuvesztelep.com\/en\/wp-json\/wp\/v2\/posts\/9023\/revisions\/9025"}],"wp:featuredmedia":[{"embeddable":true,"href":"http:\/\/szolnokimuvesztelep.com\/en\/wp-json\/wp\/v2\/media\/9029"}],"wp:attachment":[{"href":"http:\/\/szolnokimuvesztelep.com\/en\/wp-json\/wp\/v2\/media?parent=9023"}],"wp:term":[{"taxonomy":"category","embeddable":true,"href":"http:\/\/szolnokimuvesztelep.com\/en\/wp-json\/wp\/v2\/categories?post=9023"},{"taxonomy":"post_tag","embeddable":true,"href":"http:\/\/szolnokimuvesztelep.com\/en\/wp-json\/wp\/v2\/tags?post=9023"},{"taxonomy":"yst_prominent_words","embeddable":true,"href":"http:\/\/szolnokimuvesztelep.com\/en\/wp-json\/wp\/v2\/yst_prominent_words?post=9023"}],"curies":[{"name":"wp","href":"https:\/\/api.w.org\/{rel}","templated":true}]}}