{"id":8812,"date":"2025-03-14T13:32:33","date_gmt":"2025-03-14T13:32:33","guid":{"rendered":"http:\/\/szolnokimuvesztelep.com\/?p=8812"},"modified":"2025-04-05T13:08:31","modified_gmt":"2025-04-05T13:08:31","slug":"non-toxic-i-bartis-elemer-siklody-ferenc-es-takats-marton-kiallitasa-i-szolnoki-muvesztelep-kert-galeria-i-2025-03-07-04-02","status":"publish","type":"post","link":"http:\/\/szolnokimuvesztelep.com\/en\/2025\/03\/14\/non-toxic-i-bartis-elemer-siklody-ferenc-es-takats-marton-kiallitasa-i-szolnoki-muvesztelep-kert-galeria-i-2025-03-07-04-02\/","title":{"rendered":"NON-TOXIC  I  Bartis Elem\u00e9r, Sikl\u00f3dy Ferenc \u00e9s Tak\u00e1ts M\u00e1rton ki\u00e1ll\u00edt\u00e1sa  I  Szolnoki M\u0171v\u00e9sztelep Kert Gal\u00e9ria  I  2025. 03. 07-04. 02."},"content":{"rendered":"<p><span>III. Elm\u00e9leti \u00e9s gyakorlati alkot\u00f3m\u0171hely keret\u00e9ben ny\u00edlt meg \u00e9s eg\u00e9szen \u00e1prilis 2-ig l\u00e1that\u00f3 a Szolnoki M\u0171v\u00e9sztelep Kert Gal\u00e9ri\u00e1ban Bartis Elem\u00e9r grafikusm\u0171v\u00e9sz, Sikl\u00f3dy Ferenc grafikusm\u0171v\u00e9sz, \u00e9s Tak\u00e1ts M\u00e1rton grafikusm\u0171v\u00e9sz ki\u00e1ll\u00edt\u00e1sa.<\/span><\/p>\n<p><img data-attachment-id=\"8813\" data-permalink=\"http:\/\/szolnokimuvesztelep.com\/en\/2025\/03\/14\/non-toxic-i-bartis-elemer-siklody-ferenc-es-takats-marton-kiallitasa-i-szolnoki-muvesztelep-kert-galeria-i-2025-03-07-04-02\/fb_cover_nontoxic\/\" data-orig-file=\"https:\/\/i0.wp.com\/szolnokimuvesztelep.com\/wp-content\/uploads\/2025\/03\/FB_cover_nontoxic.jpg?fit=1920%2C1080\" data-orig-size=\"1920,1080\" data-comments-opened=\"1\" data-image-meta=\"{&quot;aperture&quot;:&quot;0&quot;,&quot;credit&quot;:&quot;&quot;,&quot;camera&quot;:&quot;&quot;,&quot;caption&quot;:&quot;&quot;,&quot;created_timestamp&quot;:&quot;0&quot;,&quot;copyright&quot;:&quot;&quot;,&quot;focal_length&quot;:&quot;0&quot;,&quot;iso&quot;:&quot;0&quot;,&quot;shutter_speed&quot;:&quot;0&quot;,&quot;title&quot;:&quot;&quot;,&quot;orientation&quot;:&quot;0&quot;}\" data-image-title=\"FB_cover_nontoxic\" data-image-description=\"\" data-medium-file=\"https:\/\/i0.wp.com\/szolnokimuvesztelep.com\/wp-content\/uploads\/2025\/03\/FB_cover_nontoxic.jpg?fit=300%2C169\" data-large-file=\"https:\/\/i0.wp.com\/szolnokimuvesztelep.com\/wp-content\/uploads\/2025\/03\/FB_cover_nontoxic.jpg?fit=790%2C444\" loading=\"lazy\" class=\"alignnone size-full wp-image-8813\" src=\"https:\/\/i0.wp.com\/szolnokimuvesztelep.com\/wp-content\/uploads\/2025\/03\/FB_cover_nontoxic.jpg?resize=860%2C484\" alt=\"\" width=\"860\" height=\"484\" srcset=\"https:\/\/i0.wp.com\/szolnokimuvesztelep.com\/wp-content\/uploads\/2025\/03\/FB_cover_nontoxic.jpg?w=1920 1920w, https:\/\/i0.wp.com\/szolnokimuvesztelep.com\/wp-content\/uploads\/2025\/03\/FB_cover_nontoxic.jpg?resize=300%2C169 300w, https:\/\/i0.wp.com\/szolnokimuvesztelep.com\/wp-content\/uploads\/2025\/03\/FB_cover_nontoxic.jpg?resize=1024%2C576 1024w, https:\/\/i0.wp.com\/szolnokimuvesztelep.com\/wp-content\/uploads\/2025\/03\/FB_cover_nontoxic.jpg?resize=768%2C432 768w, https:\/\/i0.wp.com\/szolnokimuvesztelep.com\/wp-content\/uploads\/2025\/03\/FB_cover_nontoxic.jpg?resize=1536%2C864 1536w, https:\/\/i0.wp.com\/szolnokimuvesztelep.com\/wp-content\/uploads\/2025\/03\/FB_cover_nontoxic.jpg?w=1720 1720w\" sizes=\"(max-width: 860px) 100vw, 860px\" data-recalc-dims=\"1\" \/><\/p>\n<p>&nbsp;<\/p>\n<p>Kosinsky Rich\u00e1rd: NON-Toxic<\/p>\n<p>Nem m\u00e9rgez\u0151. \u00c1rtalmatlan. Akkor hasznos?<\/p>\n<p>V\u00e1ros, t\u00e1j, k\u00e9p; id\u0151, eml\u00e9k, mem\u00f3ria \u2013 t\u00f6rt\u00e9nelem \u00e9s annak tere. Az id\u0151 lenyomata, \u00e9s annak technik\u00e1i. Eml\u00e9kk\u00e9p, el\u0151k\u00e9p, m\u00f6g\u00f6ttes k\u00e9p \u00e9s\/vagy tudat; tudatoss\u00e1g \u00e9s \u00f6szt\u00f6n, mi t\u00fcremkedik el\u0151.<\/p>\n<p>Ezeket a h\u00edv\u00f3szavakat \u00edrtam fel magamnak, mik\u00f6zben a ki\u00e1ll\u00edt\u00e1s anyag\u00e1t lapozgattam laptopon. Teh\u00e1t a m\u0171vekkel ebben az esetben \u2013 legal\u00e1bbis egy r\u00e9sz\u00fckkel \u2013 most tal\u00e1lkozom el\u0151sz\u00f6r szem\u00e9lyesen. \u00c9s ez fontos. F\u0151leg az olyan technik\u00e1s alkot\u00e1sok eset\u00e9n, mint amilyen a szita, a lin\u00f3 \u00e9s a metszetek. Ahol van min bogar\u00e1szni. Az olyan m\u0171vek eset\u00e9ben, ahol az egyes r\u00e9tegek sorrendje fontos. Hiszen minden ki\u00e1ll\u00edtott m\u0171 eset\u00e9ben \u2013 valahol a digit\u00e1lis koll\u00e1zsok eset\u00e9ben is \u2013 egyfajta id\u00e9z\u0151jeles el\u0151h\u00edv\u00e1sr\u00f3l besz\u00e9lhet\u00fcnk. Felfedni vagy elfedni a terv ut\u00e1n a r\u00e9szleteket, pont olyan m\u00e9lyre metszeni, vagy el\u00e9g ideig maratni a fel\u00fcletet. Minden hagyott jelben ott van a m\u0171v\u00e9sz keze nyoma, gondolat\u00e1nak k\u00f6zvetlen vizu\u00e1lis megnyilv\u00e1nul\u00e1sa.<\/p>\n<p>Bartis Elem\u00e9r, Sikl\u00f3dy Ferenc \u00e9s Tak\u00e1ts M\u00e1rton \u2013 h\u00e1rom elt\u00e9r\u0151 habitus\u00fa alkot\u00f3, h\u00e1rom k\u00fcl\u00f6n f\u00f3kusz, ez esetben m\u00e9gis egy metsz\u00e9spontban.<\/p>\n<p>Mindezzel k\u00f6zvetetten tal\u00e1lkozni n\u00e9mileg m\u00e9gis olyan volt, mintha jobban bele k\u00e9ne l\u00e1tnom az alkot\u00f3i folyamatba; t\u00f6bb munk\u00e1t ig\u00e9nyelt r\u00e9szemr\u0151l, mint befogad\u00f3 \u2013 nyomoznom kellett, mi mi\u00e9rt \u00e9s hogyan t\u00f6rt\u00e9nt. Tal\u00e1lgatni melyik c\u00edmhez, melyik k\u00e9p tartozik \u00e9s mi\u00e9rt az a c\u00edme. Hiszen a technik\u00e1n fel\u00fcl m\u00e1r ez is egy olyan inform\u00e1ci\u00f3, amely narrat\u00edv\u00e1t hordoz mag\u00e1ban. Mert ami egy\u00e9rtelm\u0171nek t\u0171nik egy portr\u00e9 eset\u00e9ben, az val\u00f3j\u00e1ban a modell s\u0171r\u00edtm\u00e9nye, ha \u00fagy tetszik, szubjekt\u00edv karakter\u00e9nek redukci\u00f3ja. Ism\u00e9telten, egy felid\u00e9zett k\u00e9p \u2013 valakir\u0151l. A portr\u00e9nak ismerj\u00fck felid\u00e9z\u0151, re-prezentat\u00edv szerep\u00e9t, a tekintetben f\u00f3kusz\u00e1lt \u00f6nfelismer\u00e9st. A t\u00f6rt\u00e9nelmi arck\u00e9pcsarnok a preszt\u00edzs \u00e9s heraldikai, geneal\u00f3giai szerepei mellett egyfajta id\u0151m\u00e9r\u0151 eszk\u00f6z is. X-edik dinasztia, Y uralkod\u00f3h\u00e1z, Z uralkod\u00f3 idej\u00e9n \u2013 abban az id\u0151ben! sat\u00f6bbi<\/p>\n<p>De mi van akkor, ha nem ismerj\u00fck a szem\u00e9lyt, nincs, vagy m\u00e1r nincs k\u00e9p\u00fcnk r\u00f3la, r\u00f3luk. Mert m\u00e1r megkopott, mert m\u00e1r nem is eml\u00e9ksz\u00fcnk, mert m\u00e1shogy eml\u00e9ksz\u00fcnk \u2013 vagy nem is ismert\u00fck k\u00f6zvetlen\u00fcl, legjobb esetben is csak elmond\u00e1sb\u00f3l, t\u00f6rt\u00e9netekb\u0151l, olvasm\u00e1nyokb\u00f3l, legend\u00e1kb\u00f3l. A k\u00f6rvonal ekkor is megh\u00fazhat\u00f3, a tartalom pedig ann\u00e1l szubjekt\u00edvebb lesz, min\u00e9l nagyobb a v\u00e1kuum, ann\u00e1l nagyobb huzattal t\u00f6lti be a n\u00e9z\u0151 a rendelkez\u00e9s\u00e9re \u00e1ll\u00f3 teret. A k\u00e9p felfedi mag\u00e1t, finom rezd\u00fcl\u00e9seken kereszt\u00fcl, \u00e9s asszoci\u00e1ci\u00f3s folyamatok beind\u00edt\u00e1s\u00e1val. Hiszen valakinek vagy valaminek A K\u00c9PE nem vizualit\u00e1s\u00e1ban teljesedik ki, hanem minden szenzoros \u00e9rz\u00e9kel\u00e9s szint\u00e9zis\u00e9ben, s\u0151t, a r\u00e1rak\u00f3dott minden tov\u00e1bbi gondolat \u00e9s \u00e9rzelem \u00f6sszegy\u00fart form\u00e1j\u00e1ban. Felmer\u00fcl a k\u00e9rd\u00e9s, mik\u00e9nt lehet mindennek vizu\u00e1lis <em>ekphrasis\u00e1t<\/em> adni, hogyan lehet egy k\u00e9pbe s\u0171r\u00edteni egy eml\u00e9ket \u2013 mivel lehet felid\u00e9zni azt.<\/p>\n<p>A h\u00e1rom\u00e9ves gyerekem most m\u00e1r t\u00f6bbsz\u00f6r megk\u00e9rdezte: a hangnak van sz\u00edne? Nem vagyok biztos benne, hogy val\u00f3ban ezt \u00e9s \u00edgy szeretn\u00e9 k\u00e9rdezni. Sz\u00edn \u00e9s forma el\u00e9gg\u00e9 fluid m\u00e9g az \u0151 fej\u00e9ben, nagy az \u00e1tj\u00e1rhat\u00f3s\u00e1g \u2013 de tulajdonk\u00e9ppen igen, van. Csak mindig m\u00e1s. Fizikailag tudjuk, hogy a hangnak van alakzata, sz\u00edne viszont kontextus\u00e1t\u00f3l f\u00fcgg. A hang, a zene el\u0151nye, hogy az illatokhoz hasonl\u00f3an k\u00f6zvetlen\u00fcl hat, mondhatni hangulatba hoz. \u00cdgy k\u00f6nny\u0171 adott helyzethez, adott zen\u00e9t rendelni, amely t\u00e1rsulni fog egy vizualit\u00e1ssal, amennyiben le kell \u00edrnunk \u2013 (mint megtudtam) a <em>chromestesia<\/em> \u00edrja le ezt a jelens\u00e9get.<\/p>\n<p>Ez\u00e9rt van az erd\u0151 cs\u00f6ndj\u00e9nek vagy a v\u00edz szag\u00e1nak is egy ment\u00e1lis k\u00e9pe. A kort\u00e1rs t\u00e1jk\u00e9p sem t\u00f6rekedhet enn\u00e9l t\u00f6bbre, ha nem akar puszt\u00e1n le\u00edr\u00f3v\u00e1 v\u00e1lni.<\/p>\n<p>\u201e<em>A kik\u00f6t\u0151 felett \u00fagy sz\u00fcrk\u00e9llett az \u00e9g, mint a telev\u00edzi\u00f3 k\u00e9perny\u0151je m\u0171sorsz\u00fcnet idej\u00e9n<\/em>.\u201d \u2013 \u00edrja William Gibson Neurom\u00e1nc c\u00edm\u0171 reg\u00e9ny\u00e9nek els\u0151 sor\u00e1ban (ford.: Ajkay \u00d6rk\u00e9ny)<\/p>\n<p>A hangulat, a mili\u0151, a szitu\u00e1ci\u00f3ban val\u00f3 megmer\u00edtkez\u00e9s \u00e9s annak l\u00e1that\u00f3v\u00e1 t\u00e9tele finom, f\u00e1tyolszer\u0171 r\u00e9tegekk\u00e9nt t\u00fcremkedik el\u0151, hogy egy-k\u00e9t mark\u00e1ns vonal, villan\u00e1s vagy mot\u00edvum f\u00f3kuszba hozza az \u00f6sszk\u00e9pet. Mindezt vizu\u00e1lisan, k\u00e9pi elemeken kereszt\u00fcl, \u00e9s b\u00e1r az eddigiekben is k\u00fcls\u0151 diszcipl\u00edn\u00e1khoz ny\u00faltam hasonlat\u00e9rt, az alkot\u00e1sok m\u00e9gis megmaradnak saj\u00e1t berkeiken, a vizualit\u00e1s keretein bel\u00fcl. Saj\u00e1t \u00e9s tal\u00e1n a t\u00e9nyleges <em>ekprhasis<\/em> lehet\u0151s\u00e9geinek szeg\u00e9nys\u00e9ge miatt most \u00fajra egy id\u00e9z\u0151jeles idegen sz\u00f3t kell k\u00f6lcs\u00f6n vennem, amely remek\u00fcl le\u00edrja a ki\u00e1ll\u00edt\u00e1s k\u00e9peinek felsz\u00edne alatt h\u00faz\u00f3d\u00f3 \u00e9rzetet: a legink\u00e1bb minimalista zen\u00e9re jellemz\u0151, de Bach orgonadarabjait\u00f3l sem t\u00e1vol \u00e1ll\u00f3 <em>drone<\/em> fogalma; amely magyarul legink\u00e1bb zsong\u00e1sk\u00e9nt, z\u00fag\u00e1sk\u00e9nt ford\u00edthat\u00f3. A hosszan kitartott, ritmus \u00e9s dallam n\u00e9lk\u00fcli, \u00e1lland\u00f3s\u00e1ga miatt egy id\u0151 ut\u00e1n \u00e9szrev\u00e9tlen k\u00f6rnyezeti z\u00fag\u00e1s egyszerre lehet frusztr\u00e1l\u00f3 \u00e9s megnyugtat\u00f3. Mindent mag\u00e1ba \u00f6lelve h\u00e1tt\u00e9rk\u00e9nt szolg\u00e1l, hi\u00e1nya szembet\u0171n\u0151bb.<\/p>\n<p>Ahogy term\u00e9szet \u00e9s az \u00e9p\u00edtett civiliz\u00e1ci\u00f3 hat\u00e1r\u00e1n mozogva v\u00e9g\u00fcl az urb\u00e1nus k\u00f6zegbe t\u00e9r\u00fcnk, v\u00e9gigk\u00eds\u00e9r ez a jelens\u00e9g. A folytonoss\u00e1g ugyanakkor egyben, paradox m\u00f3don, a megfagyott id\u0151vel is azonos, a megragadott pillanattal \u2013 vagy tal\u00e1n pontosabb, ha \u00fagy fogalmazunk, hogy a kifesz\u00edtett pillanattal. Ekkor sz\u00e9tv\u00e1lik az eml\u00e9k \u00e9s a val\u00f3s\u00e1g: a m\u00faltat nem lehet felid\u00e9zni a maga realit\u00e1s\u00e1ban, csak sz\u0171r\u0151inken kereszt\u00fcl. A k\u00e9pek l\u00e1tt\u00e1n ez\u00e9rt lehet az a benyom\u00e1sunk, hogy jelen vagyunk, hogy a k\u00e9pek felfedez\u00e9se a mostban t\u00f6rt\u00e9nik, az alkot\u00f3val egy\u00fctt fedezz\u00fck fel az \u00e9lm\u00e9nyt, a hely tapasztalat\u00e1t. Bizonyos \u00e9rtelemben a m\u0171vek ez\u00e9rt a mag\u00e1t megtal\u00e1l\u00f3, \u00fajra felfedez\u0151 tapasztalat k\u00e9pi \u00e1tiratai. Birtokba veszik a nem-helyeket, amelyek referenci\u00e1tlans\u00e1gukban, a k\u00f6rnyezet \u00e9s v\u00e1ros sz\u00f6vet\u00e9b\u0151l kiesve billegnek fikci\u00f3 \u00e9s val\u00f3s\u00e1g hat\u00e1r\u00e1n.<\/p>\n<p>A t\u00e9r \u00e9s id\u0151 ilyet\u00e9n reflexi\u00f3ba hoz\u00e1sa pedig \u00fajabb t\u00e1vlatokat nyit meg. Ahol az id\u0151 m\u00e1r nem a t\u00e9r hozz\u00e1rendelt sz\u00fcks\u00e9gszer\u0171s\u00e9ge, \u00e9s ford\u00edtva. Egy fikt\u00edv eml\u00e9kt\u00e9r, ahol, mint egy szubjekt\u00edv t\u00e9rk\u00e9pen, az egyes t\u00e1j\u00e9koz\u00f3d\u00e1si pontok fontoss\u00e1ga \u00e9s m\u00e9rete abszol\u00fat m\u00e9rt\u00e9kben t\u0151lem, a t\u00e9rk\u00e9p felrajzol\u00f3j\u00e1t\u00f3l f\u00fcgg! Ahol a k\u00e1v\u00e9scs\u00e9sze helye a jobb fels\u0151 polcon jelent\u0151sebb, mint a lak\u00e1sc\u00edm, ahol a polc van. Ahol Egy szem\u00e9ly ink\u00e1bb szolg\u00e1l tengely\u00fcl a r\u00e9gm\u00falt esem\u00e9nyekhez, mint a kor le\u00edr\u00f3 d\u00e1tumai, amelyben tev\u00e9kenykedett.<\/p>\n<p>Hogy mindez mennyire m\u00e9rgez\u0151, vagy nem m\u00e9rgez\u0151; hogy mennyire \u00e1rtalmatlan \u00e9s ez\u00e9rt jelent\u00e9ktelen? \u2013 vitathat\u00f3. Az id\u0151 mederben tart\u00e1sa \u2013 mindenk\u00e9ppen hasznos.<\/p>\n<p>NON-Toxic<br \/>\nBartis Elem\u00e9r, Sikl\u00f3dy Ferenc, Tak\u00e1ts M\u00e1rton csoportos ki\u00e1ll\u00edt\u00e1sa<br \/>\nKert Gal\u00e9ria, Szolnoki M\u0171v\u00e9sztelep<br \/>\n2025. m\u00e1rcius 7.<\/p>","protected":false},"excerpt":{"rendered":"<p>III. Elm\u00e9leti \u00e9s gyakorlati alkot\u00f3m\u0171hely keret\u00e9ben ny\u00edlt meg \u00e9s eg\u00e9szen \u00e1prilis 2-ig l\u00e1that\u00f3 a Szolnoki M\u0171v\u00e9sztelep Kert Gal\u00e9ri\u00e1ban Bartis Elem\u00e9r grafikusm\u0171v\u00e9sz, Sikl\u00f3dy Ferenc grafikusm\u0171v\u00e9sz, \u00e9s Tak\u00e1ts M\u00e1rton grafikusm\u0171v\u00e9sz ki\u00e1ll\u00edt\u00e1sa. &nbsp; Kosinsky Rich\u00e1rd: NON-Toxic Nem m\u00e9rgez\u0151. \u00c1rtalmatlan. Akkor hasznos? V\u00e1ros, t\u00e1j, k\u00e9p; id\u0151, eml\u00e9k, mem\u00f3ria \u2013 t\u00f6rt\u00e9nelem \u00e9s annak tere. Az&hellip; <\/p>","protected":false},"author":6,"featured_media":8816,"comment_status":"open","ping_status":"open","sticky":false,"template":"","format":"standard","meta":{"spay_email":"","jetpack_publicize_message":""},"categories":[58],"tags":[],"yst_prominent_words":[],"jetpack_featured_media_url":"https:\/\/i1.wp.com\/szolnokimuvesztelep.com\/wp-content\/uploads\/2025\/03\/szmt_honlap_slider_2025_nontoxic_kiallitas.jpg?fit=1244%2C460","jetpack_publicize_connections":[],"yoast_head":"<!-- This site is optimized with the Yoast SEO Premium plugin v14.1 - https:\/\/yoast.com\/wordpress\/plugins\/seo\/ -->\n<title>NON-TOXIC I Bartis Elem\u00e9r, Sikl\u00f3dy Ferenc \u00e9s Tak\u00e1ts M\u00e1rton ki\u00e1ll\u00edt\u00e1sa I Szolnoki M\u0171v\u00e9sztelep Kert Gal\u00e9ria I 2025. 03. 07-04. 02. - SZOLNOKI M\u0170V\u00c9SZTELEP<\/title>\n<meta name=\"robots\" content=\"index, follow\" \/>\n<meta name=\"googlebot\" content=\"index, follow, max-snippet:-1, max-image-preview:large, max-video-preview:-1\" \/>\n<meta name=\"bingbot\" content=\"index, follow, max-snippet:-1, max-image-preview:large, max-video-preview:-1\" \/>\n<link rel=\"canonical\" href=\"http:\/\/szolnokimuvesztelep.com\/en\/2025\/03\/14\/non-toxic-i-bartis-elemer-siklody-ferenc-es-takats-marton-kiallitasa-i-szolnoki-muvesztelep-kert-galeria-i-2025-03-07-04-02\/\" \/>\n<meta property=\"og:locale\" content=\"en_US\" \/>\n<meta property=\"og:type\" content=\"article\" \/>\n<meta property=\"og:title\" content=\"NON-TOXIC I Bartis Elem\u00e9r, Sikl\u00f3dy Ferenc \u00e9s Tak\u00e1ts M\u00e1rton ki\u00e1ll\u00edt\u00e1sa I Szolnoki M\u0171v\u00e9sztelep Kert Gal\u00e9ria I 2025. 03. 07-04. 02. - SZOLNOKI M\u0170V\u00c9SZTELEP\" \/>\n<meta property=\"og:description\" content=\"III. Elm\u00e9leti \u00e9s gyakorlati alkot\u00f3m\u0171hely keret\u00e9ben ny\u00edlt meg \u00e9s eg\u00e9szen \u00e1prilis 2-ig l\u00e1that\u00f3 a Szolnoki M\u0171v\u00e9sztelep Kert Gal\u00e9ri\u00e1ban Bartis Elem\u00e9r grafikusm\u0171v\u00e9sz, Sikl\u00f3dy Ferenc grafikusm\u0171v\u00e9sz, \u00e9s Tak\u00e1ts M\u00e1rton grafikusm\u0171v\u00e9sz ki\u00e1ll\u00edt\u00e1sa. &nbsp; Kosinsky Rich\u00e1rd: NON-Toxic Nem m\u00e9rgez\u0151. \u00c1rtalmatlan. Akkor hasznos? V\u00e1ros, t\u00e1j, k\u00e9p; id\u0151, eml\u00e9k, mem\u00f3ria \u2013 t\u00f6rt\u00e9nelem \u00e9s annak tere. Az&hellip;\" \/>\n<meta property=\"og:url\" content=\"http:\/\/szolnokimuvesztelep.com\/en\/2025\/03\/14\/non-toxic-i-bartis-elemer-siklody-ferenc-es-takats-marton-kiallitasa-i-szolnoki-muvesztelep-kert-galeria-i-2025-03-07-04-02\/\" \/>\n<meta property=\"og:site_name\" content=\"SZOLNOKI M\u0170V\u00c9SZTELEP\" \/>\n<meta property=\"article:publisher\" content=\"https:\/\/www.facebook.com\/szolnokimuvesztelepofficial\/\" \/>\n<meta property=\"article:published_time\" content=\"2025-03-14T13:32:33+00:00\" \/>\n<meta property=\"article:modified_time\" content=\"2025-04-05T13:08:31+00:00\" \/>\n<meta property=\"og:image\" content=\"https:\/\/i1.wp.com\/szolnokimuvesztelep.com\/wp-content\/uploads\/2025\/03\/szmt_honlap_slider_2025_nontoxic_kiallitas.jpg?fit=1244%2C460\" \/>\n\t<meta property=\"og:image:width\" content=\"1244\" \/>\n\t<meta property=\"og:image:height\" content=\"460\" \/>\n<script type=\"application\/ld+json\" class=\"yoast-schema-graph\">{\"@context\":\"https:\/\/schema.org\",\"@graph\":[{\"@type\":\"Organization\",\"@id\":\"http:\/\/szolnokimuvesztelep.com\/en\/#organization\",\"name\":\"Szolnoki M\\u0171v\\u00e9sztelep\",\"url\":\"http:\/\/szolnokimuvesztelep.com\/en\/\",\"sameAs\":[\"https:\/\/www.facebook.com\/szolnokimuvesztelepofficial\/\",\"https:\/\/www.instagram.com\/szolnoki_muvesztelep\/\",\"https:\/\/www.youtube.com\/channel\/UCAYRF4A8FrslG3J__XEjEoA\",\"https:\/\/hu.wikipedia.org\/wiki\/Szolnoki_m\\u0171v\\u00e9sztelep\"],\"logo\":{\"@type\":\"ImageObject\",\"@id\":\"http:\/\/szolnokimuvesztelep.com\/en\/#logo\",\"inLanguage\":\"en-US\",\"url\":\"https:\/\/i0.wp.com\/szolnokimuvesztelep.com\/wp-content\/uploads\/2020\/05\/szmt_2019_szlogen_psz-01.png?fit=2242%2C863\",\"width\":2242,\"height\":863,\"caption\":\"Szolnoki M\\u0171v\\u00e9sztelep\"},\"image\":{\"@id\":\"http:\/\/szolnokimuvesztelep.com\/en\/#logo\"}},{\"@type\":\"WebSite\",\"@id\":\"http:\/\/szolnokimuvesztelep.com\/en\/#website\",\"url\":\"http:\/\/szolnokimuvesztelep.com\/en\/\",\"name\":\"SZOLNOKI M\\u0170V\\u00c9SZTELEP\",\"description\":\"Meg\\u00fajul\\u00f3 hagyom\\u00e1ny\",\"publisher\":{\"@id\":\"http:\/\/szolnokimuvesztelep.com\/en\/#organization\"},\"potentialAction\":[{\"@type\":\"SearchAction\",\"target\":\"http:\/\/szolnokimuvesztelep.com\/en\/?s={search_term_string}\",\"query-input\":\"required name=search_term_string\"}],\"inLanguage\":\"en-US\"},{\"@type\":\"ImageObject\",\"@id\":\"http:\/\/szolnokimuvesztelep.com\/2025\/03\/14\/non-toxic-i-bartis-elemer-siklody-ferenc-es-takats-marton-kiallitasa-i-szolnoki-muvesztelep-kert-galeria-i-2025-03-07-04-02\/#primaryimage\",\"inLanguage\":\"en-US\",\"url\":\"https:\/\/i1.wp.com\/szolnokimuvesztelep.com\/wp-content\/uploads\/2025\/03\/szmt_honlap_slider_2025_nontoxic_kiallitas.jpg?fit=1244%2C460\",\"width\":1244,\"height\":460},{\"@type\":\"WebPage\",\"@id\":\"http:\/\/szolnokimuvesztelep.com\/2025\/03\/14\/non-toxic-i-bartis-elemer-siklody-ferenc-es-takats-marton-kiallitasa-i-szolnoki-muvesztelep-kert-galeria-i-2025-03-07-04-02\/#webpage\",\"url\":\"http:\/\/szolnokimuvesztelep.com\/2025\/03\/14\/non-toxic-i-bartis-elemer-siklody-ferenc-es-takats-marton-kiallitasa-i-szolnoki-muvesztelep-kert-galeria-i-2025-03-07-04-02\/\",\"name\":\"NON-TOXIC I Bartis Elem\\u00e9r, Sikl\\u00f3dy Ferenc \\u00e9s Tak\\u00e1ts M\\u00e1rton ki\\u00e1ll\\u00edt\\u00e1sa I Szolnoki M\\u0171v\\u00e9sztelep Kert Gal\\u00e9ria I 2025. 03. 07-04. 02. - SZOLNOKI M\\u0170V\\u00c9SZTELEP\",\"isPartOf\":{\"@id\":\"http:\/\/szolnokimuvesztelep.com\/en\/#website\"},\"primaryImageOfPage\":{\"@id\":\"http:\/\/szolnokimuvesztelep.com\/2025\/03\/14\/non-toxic-i-bartis-elemer-siklody-ferenc-es-takats-marton-kiallitasa-i-szolnoki-muvesztelep-kert-galeria-i-2025-03-07-04-02\/#primaryimage\"},\"datePublished\":\"2025-03-14T13:32:33+00:00\",\"dateModified\":\"2025-04-05T13:08:31+00:00\",\"inLanguage\":\"en-US\",\"potentialAction\":[{\"@type\":\"ReadAction\",\"target\":[\"http:\/\/szolnokimuvesztelep.com\/2025\/03\/14\/non-toxic-i-bartis-elemer-siklody-ferenc-es-takats-marton-kiallitasa-i-szolnoki-muvesztelep-kert-galeria-i-2025-03-07-04-02\/\"]}]},{\"@type\":\"Article\",\"@id\":\"http:\/\/szolnokimuvesztelep.com\/2025\/03\/14\/non-toxic-i-bartis-elemer-siklody-ferenc-es-takats-marton-kiallitasa-i-szolnoki-muvesztelep-kert-galeria-i-2025-03-07-04-02\/#article\",\"isPartOf\":{\"@id\":\"http:\/\/szolnokimuvesztelep.com\/2025\/03\/14\/non-toxic-i-bartis-elemer-siklody-ferenc-es-takats-marton-kiallitasa-i-szolnoki-muvesztelep-kert-galeria-i-2025-03-07-04-02\/#webpage\"},\"author\":{\"@id\":\"http:\/\/szolnokimuvesztelep.com\/en\/#\/schema\/person\/455817b7faaefdc309af6d6d95453700\"},\"headline\":\"NON-TOXIC I Bartis Elem\\u00e9r, Sikl\\u00f3dy Ferenc \\u00e9s Tak\\u00e1ts M\\u00e1rton ki\\u00e1ll\\u00edt\\u00e1sa I Szolnoki M\\u0171v\\u00e9sztelep Kert Gal\\u00e9ria I 2025. 03. 07-04. 02.\",\"datePublished\":\"2025-03-14T13:32:33+00:00\",\"dateModified\":\"2025-04-05T13:08:31+00:00\",\"commentCount\":0,\"mainEntityOfPage\":{\"@id\":\"http:\/\/szolnokimuvesztelep.com\/2025\/03\/14\/non-toxic-i-bartis-elemer-siklody-ferenc-es-takats-marton-kiallitasa-i-szolnoki-muvesztelep-kert-galeria-i-2025-03-07-04-02\/#webpage\"},\"publisher\":{\"@id\":\"http:\/\/szolnokimuvesztelep.com\/en\/#organization\"},\"image\":{\"@id\":\"http:\/\/szolnokimuvesztelep.com\/2025\/03\/14\/non-toxic-i-bartis-elemer-siklody-ferenc-es-takats-marton-kiallitasa-i-szolnoki-muvesztelep-kert-galeria-i-2025-03-07-04-02\/#primaryimage\"},\"articleSection\":\"H\\u00edrek\",\"inLanguage\":\"en-US\",\"potentialAction\":[{\"@type\":\"CommentAction\",\"name\":\"Comment\",\"target\":[\"http:\/\/szolnokimuvesztelep.com\/2025\/03\/14\/non-toxic-i-bartis-elemer-siklody-ferenc-es-takats-marton-kiallitasa-i-szolnoki-muvesztelep-kert-galeria-i-2025-03-07-04-02\/#respond\"]}]},{\"@type\":[\"Person\"],\"@id\":\"http:\/\/szolnokimuvesztelep.com\/en\/#\/schema\/person\/455817b7faaefdc309af6d6d95453700\",\"name\":\"Cselle Judit\",\"image\":{\"@type\":\"ImageObject\",\"@id\":\"http:\/\/szolnokimuvesztelep.com\/en\/#personlogo\",\"inLanguage\":\"en-US\",\"url\":\"http:\/\/0.gravatar.com\/avatar\/3eb98182a1cc7aad03ba91a0145855ba?s=96&d=mm&r=g\",\"caption\":\"Cselle Judit\"}}]}<\/script>\n<!-- \/ Yoast SEO Premium plugin. -->","jetpack_sharing_enabled":true,"jetpack_shortlink":"https:\/\/wp.me\/p9tpmR-2i8","jetpack_likes_enabled":true,"jetpack-related-posts":[],"_links":{"self":[{"href":"http:\/\/szolnokimuvesztelep.com\/en\/wp-json\/wp\/v2\/posts\/8812"}],"collection":[{"href":"http:\/\/szolnokimuvesztelep.com\/en\/wp-json\/wp\/v2\/posts"}],"about":[{"href":"http:\/\/szolnokimuvesztelep.com\/en\/wp-json\/wp\/v2\/types\/post"}],"author":[{"embeddable":true,"href":"http:\/\/szolnokimuvesztelep.com\/en\/wp-json\/wp\/v2\/users\/6"}],"replies":[{"embeddable":true,"href":"http:\/\/szolnokimuvesztelep.com\/en\/wp-json\/wp\/v2\/comments?post=8812"}],"version-history":[{"count":3,"href":"http:\/\/szolnokimuvesztelep.com\/en\/wp-json\/wp\/v2\/posts\/8812\/revisions"}],"predecessor-version":[{"id":8824,"href":"http:\/\/szolnokimuvesztelep.com\/en\/wp-json\/wp\/v2\/posts\/8812\/revisions\/8824"}],"wp:featuredmedia":[{"embeddable":true,"href":"http:\/\/szolnokimuvesztelep.com\/en\/wp-json\/wp\/v2\/media\/8816"}],"wp:attachment":[{"href":"http:\/\/szolnokimuvesztelep.com\/en\/wp-json\/wp\/v2\/media?parent=8812"}],"wp:term":[{"taxonomy":"category","embeddable":true,"href":"http:\/\/szolnokimuvesztelep.com\/en\/wp-json\/wp\/v2\/categories?post=8812"},{"taxonomy":"post_tag","embeddable":true,"href":"http:\/\/szolnokimuvesztelep.com\/en\/wp-json\/wp\/v2\/tags?post=8812"},{"taxonomy":"yst_prominent_words","embeddable":true,"href":"http:\/\/szolnokimuvesztelep.com\/en\/wp-json\/wp\/v2\/yst_prominent_words?post=8812"}],"curies":[{"name":"wp","href":"https:\/\/api.w.org\/{rel}","templated":true}]}}