{"id":8796,"date":"2025-02-19T10:03:32","date_gmt":"2025-02-19T10:03:32","guid":{"rendered":"http:\/\/szolnokimuvesztelep.com\/?p=8796"},"modified":"2025-03-14T13:35:20","modified_gmt":"2025-03-14T13:35:20","slug":"non-toxic-iii-elmeleti-es-gyakorlati-alkotomuhely-a-szolnoki-muvesztelepen-2025-03-07-09","status":"publish","type":"post","link":"http:\/\/szolnokimuvesztelep.com\/en\/2025\/02\/19\/non-toxic-iii-elmeleti-es-gyakorlati-alkotomuhely-a-szolnoki-muvesztelepen-2025-03-07-09\/","title":{"rendered":"NON-TOXIC  \/  III. Elm\u00e9leti \u00e9s gyakorlati alkot\u00f3m\u0171hely a Szolnoki M\u0171v\u00e9sztelepen  \/ 2025.03.07-09."},"content":{"rendered":"<p><b>NON-TOXIC<br \/>\n<\/b>\u00e1rtalmatlan grafika, hagyom\u00e1ny\u00e1pol\u00e1s a KOVE-vel<\/p>\n<p><b>III. Elm\u00e9leti \u00e9s gyakorlati alkot\u00f3m\u0171hely a Szolnoki M\u0171v\u00e9sztelepen<br \/>\n<\/b>a K\u00e9pgrafikusok Olgyai Viktor Egyes\u00fclete szervez\u00e9s\u00e9ben<br \/>\nSzolnoki M\u0171v\u00e9sztelep, 2025. m\u00e1rcius 7-9.<\/p>\n<p>M \u00e1 r c i u s\u00a0 7 . p \u00e9 n t e k<\/p>\n<div>.<br \/>\nNyitott m\u0171terem<br \/>\nM\u0171tereml\u00e1togat\u00e1sok a Szolnoki M\u0171v\u00e9sztelep alkot\u00f3inak st\u00fadi\u00f3iban<br \/>\nBarangol\u00e1s a Szolnoki M\u0171v\u00e9sztelep t\u00f6rt\u00e9net\u00e9ben \u2013 anekdot\u00e1kkal \u00e1tsz\u0151tt el\u0151ad\u00e1s egy kerti s\u00e9ta kapcs\u00e1n<br \/>\n.<br \/>\nNON-TOXIC<br \/>\nBartis Elem\u00e9r grafikusm\u0171v\u00e9sz, Sikl\u00f3dy Ferenc grafikusm\u0171v\u00e9sz, \u00e9s Tak\u00e1ts M\u00e1rton grafikusm\u0171v\u00e9sz ki\u00e1ll\u00edt\u00e1sa a Kert Gal\u00e9ri\u00e1ban<br \/>\nK\u00f6sz\u00f6nt\u0151t mond: Bugyi Istv\u00e1n J\u00f3zsef grafikusm\u0171v\u00e9sz, a KOVE eln\u00f6ke, a rendezv\u00e9ny \u00f6tletgazd\u00e1ja<br \/>\nMegnyitja: Kosinsky Rich\u00e1rd m\u0171v\u00e9szett\u00f6rt\u00e9n\u00e9sz, KOGARTM \u00e1 r c i u s\u00a0 8 . s z o m b a t<\/div>\n<div>.-.<br \/>\nGrafikai technik\u00e1k workshopja<br \/>\nKOLLOGR\u00c1FIA \u00c9S HIDEGT\u0170 KARC AZ \u00daJRAHASZNOS\u00cdT\u00c1S JEGY\u00c9BEN<br \/>\nA m\u0171helymunk\u00e1t vezetik: Danka Attila \u00e9s Kun P\u00e9ter grafikusm\u0171v\u00e9szek<br \/>\nA r\u00e9szv\u00e9tel minden \u00e9rdekl\u0151d\u0151 sz\u00e1m\u00e1ra nyitott \u00e9s ingyenes.M \u00e1 r c i u s\u00a0 9 . v a s \u00e1 r n a p<\/div>\n<div>Szakmai el\u0151ad\u00e1sok a m\u0171v\u00e9szi grafik\u00e1r\u00f3l<br \/>\n.<br \/>\nNyomtatva<br \/>\nLis\u00e1nyi Endre eszt\u00e9ta, m\u0171v\u00e9szett\u00f6rt\u00e9n\u00e9sz el\u0151ad\u00e1sa<br \/>\n\u201cA magyar grafika nagy gener\u00e1ci\u00f3ja \u00e9s a Szolnoki M\u0171v\u00e9sztelep\u201d c\u00edm\u0171 OTKA-kutat\u00e1shoz kapcsol\u00f3d\u00f3 el\u0151ad\u00e1sok:<br \/>\n.<br \/>\nD\u00fcrer \u00fajrat\u00f6ltve. \u00c1gotha Margit, G\u00e1csi Mih\u00e1ly \u00e9s R\u00e9kassy Csaba D\u00fcrerre eml\u00e9kez\u0151 grafik\u00e1i 1971-b\u0151l<br \/>\nDr. habil. R\u00e9v\u00e9sz Emese m\u0171v\u00e9szett\u00f6rt\u00e9n\u00e9sz (ELTE BTK, M\u0171v\u00e9szett\u00f6rt\u00e9neti Int\u00e9zet) el\u0151ad\u00e1sa<br \/>\n.<br \/>\nG\u00e1csi Mih\u00e1ly helye a szolnoki grafikat\u00f6rt\u00e9netben<br \/>\nK\u00e9pir\u00f3 \u00c1gnes m\u0171v\u00e9szett\u00f6rt\u00e9n\u00e9sz (Damjanich J\u00e1nos M\u00fazeum, Szolnok) el\u0151ad\u00e1sa<br \/>\nSz\u00fcnet<br \/>\n.<br \/>\nA poszthum\u00e1n R\u00e9kassy Csaba \u00e9s G\u00e1csi Mih\u00e1ly m\u0171v\u00e9szet\u00e9ben<br \/>\nMad\u00e1r M\u00e1ria m\u0171v\u00e9szett\u00f6rt\u00e9n\u00e9sz (Pet\u0151fi Irodalmi M\u00fazeum) el\u0151ad\u00e1sa<br \/>\n.<br \/>\nR\u00e9kassy Csaba m\u0171v\u00e9szi p\u00e1ly\u00e1ja \u00e9s \u00f6r\u00f6ks\u00e9ge<br \/>\nDr. Horv\u00e1th Gy\u00f6ngyv\u00e9r m\u0171v\u00e9szett\u00f6rt\u00e9n\u00e9sz el\u0151ad\u00e1sa<br \/>\n.<br \/>\n1, 2, 3, clone, a sokszoros\u00edt\u00e1s m\u00f3dozatai a grafik\u00e1ban!<br \/>\nProf. Dr. habil. Szepessy B\u00e9la Istv\u00e1n DLA grafikusm\u0171v\u00e9sz el\u0151ad\u00e1saA rendezv\u00e9ny ingyenes.<br \/>\nA szervez\u0151k a programv\u00e1ltoz\u00e1s jog\u00e1t fenntartj\u00e1k.<\/div>","protected":false},"excerpt":{"rendered":"<p>NON-TOXIC \u00e1rtalmatlan grafika, hagyom\u00e1ny\u00e1pol\u00e1s a KOVE-vel III. Elm\u00e9leti \u00e9s gyakorlati alkot\u00f3m\u0171hely a Szolnoki M\u0171v\u00e9sztelepen a K\u00e9pgrafikusok Olgyai Viktor Egyes\u00fclete szervez\u00e9s\u00e9ben Szolnoki M\u0171v\u00e9sztelep, 2025. m\u00e1rcius 7-9. M \u00e1 r c i u s\u00a0 7 . p \u00e9 n t e k . Nyitott m\u0171terem M\u0171tereml\u00e1togat\u00e1sok a Szolnoki M\u0171v\u00e9sztelep alkot\u00f3inak st\u00fadi\u00f3iban Barangol\u00e1s&hellip; <\/p>","protected":false},"author":6,"featured_media":8802,"comment_status":"open","ping_status":"open","sticky":false,"template":"","format":"standard","meta":{"spay_email":"","jetpack_publicize_message":""},"categories":[55,58],"tags":[],"yst_prominent_words":[],"jetpack_featured_media_url":"https:\/\/i0.wp.com\/szolnokimuvesztelep.com\/wp-content\/uploads\/2025\/02\/szmt_honlap_slider_2025_nontoxic3.jpg?fit=1244%2C460","jetpack_publicize_connections":[],"yoast_head":"<!-- This site is optimized with the Yoast SEO Premium plugin v14.1 - https:\/\/yoast.com\/wordpress\/plugins\/seo\/ -->\n<title>NON-TOXIC \/ III. Elm\u00e9leti \u00e9s gyakorlati alkot\u00f3m\u0171hely a Szolnoki M\u0171v\u00e9sztelepen \/ 2025.03.07-09. - SZOLNOKI M\u0170V\u00c9SZTELEP<\/title>\n<meta name=\"robots\" content=\"index, follow\" \/>\n<meta name=\"googlebot\" content=\"index, follow, max-snippet:-1, max-image-preview:large, max-video-preview:-1\" \/>\n<meta name=\"bingbot\" content=\"index, follow, max-snippet:-1, max-image-preview:large, max-video-preview:-1\" \/>\n<link rel=\"canonical\" href=\"http:\/\/szolnokimuvesztelep.com\/en\/2025\/02\/19\/non-toxic-iii-elmeleti-es-gyakorlati-alkotomuhely-a-szolnoki-muvesztelepen-2025-03-07-09\/\" \/>\n<meta property=\"og:locale\" content=\"en_US\" \/>\n<meta property=\"og:type\" content=\"article\" \/>\n<meta property=\"og:title\" content=\"NON-TOXIC \/ III. Elm\u00e9leti \u00e9s gyakorlati alkot\u00f3m\u0171hely a Szolnoki M\u0171v\u00e9sztelepen \/ 2025.03.07-09. - SZOLNOKI M\u0170V\u00c9SZTELEP\" \/>\n<meta property=\"og:description\" content=\"NON-TOXIC \u00e1rtalmatlan grafika, hagyom\u00e1ny\u00e1pol\u00e1s a KOVE-vel III. Elm\u00e9leti \u00e9s gyakorlati alkot\u00f3m\u0171hely a Szolnoki M\u0171v\u00e9sztelepen a K\u00e9pgrafikusok Olgyai Viktor Egyes\u00fclete szervez\u00e9s\u00e9ben Szolnoki M\u0171v\u00e9sztelep, 2025. m\u00e1rcius 7-9. M \u00e1 r c i u s\u00a0 7 . p \u00e9 n t e k . Nyitott m\u0171terem M\u0171tereml\u00e1togat\u00e1sok a Szolnoki M\u0171v\u00e9sztelep alkot\u00f3inak st\u00fadi\u00f3iban Barangol\u00e1s&hellip;\" \/>\n<meta property=\"og:url\" content=\"http:\/\/szolnokimuvesztelep.com\/en\/2025\/02\/19\/non-toxic-iii-elmeleti-es-gyakorlati-alkotomuhely-a-szolnoki-muvesztelepen-2025-03-07-09\/\" \/>\n<meta property=\"og:site_name\" content=\"SZOLNOKI M\u0170V\u00c9SZTELEP\" \/>\n<meta property=\"article:publisher\" content=\"https:\/\/www.facebook.com\/szolnokimuvesztelepofficial\/\" \/>\n<meta property=\"article:published_time\" content=\"2025-02-19T10:03:32+00:00\" \/>\n<meta property=\"article:modified_time\" content=\"2025-03-14T13:35:20+00:00\" \/>\n<meta property=\"og:image\" content=\"https:\/\/i0.wp.com\/szolnokimuvesztelep.com\/wp-content\/uploads\/2025\/02\/szmt_honlap_slider_2025_nontoxic3.jpg?fit=1244%2C460\" \/>\n\t<meta property=\"og:image:width\" content=\"1244\" \/>\n\t<meta property=\"og:image:height\" content=\"460\" \/>\n<script type=\"application\/ld+json\" class=\"yoast-schema-graph\">{\"@context\":\"https:\/\/schema.org\",\"@graph\":[{\"@type\":\"Organization\",\"@id\":\"http:\/\/szolnokimuvesztelep.com\/en\/#organization\",\"name\":\"Szolnoki M\\u0171v\\u00e9sztelep\",\"url\":\"http:\/\/szolnokimuvesztelep.com\/en\/\",\"sameAs\":[\"https:\/\/www.facebook.com\/szolnokimuvesztelepofficial\/\",\"https:\/\/www.instagram.com\/szolnoki_muvesztelep\/\",\"https:\/\/www.youtube.com\/channel\/UCAYRF4A8FrslG3J__XEjEoA\",\"https:\/\/hu.wikipedia.org\/wiki\/Szolnoki_m\\u0171v\\u00e9sztelep\"],\"logo\":{\"@type\":\"ImageObject\",\"@id\":\"http:\/\/szolnokimuvesztelep.com\/en\/#logo\",\"inLanguage\":\"en-US\",\"url\":\"https:\/\/i0.wp.com\/szolnokimuvesztelep.com\/wp-content\/uploads\/2020\/05\/szmt_2019_szlogen_psz-01.png?fit=2242%2C863\",\"width\":2242,\"height\":863,\"caption\":\"Szolnoki M\\u0171v\\u00e9sztelep\"},\"image\":{\"@id\":\"http:\/\/szolnokimuvesztelep.com\/en\/#logo\"}},{\"@type\":\"WebSite\",\"@id\":\"http:\/\/szolnokimuvesztelep.com\/en\/#website\",\"url\":\"http:\/\/szolnokimuvesztelep.com\/en\/\",\"name\":\"SZOLNOKI M\\u0170V\\u00c9SZTELEP\",\"description\":\"Meg\\u00fajul\\u00f3 hagyom\\u00e1ny\",\"publisher\":{\"@id\":\"http:\/\/szolnokimuvesztelep.com\/en\/#organization\"},\"potentialAction\":[{\"@type\":\"SearchAction\",\"target\":\"http:\/\/szolnokimuvesztelep.com\/en\/?s={search_term_string}\",\"query-input\":\"required name=search_term_string\"}],\"inLanguage\":\"en-US\"},{\"@type\":\"ImageObject\",\"@id\":\"http:\/\/szolnokimuvesztelep.com\/2025\/02\/19\/non-toxic-iii-elmeleti-es-gyakorlati-alkotomuhely-a-szolnoki-muvesztelepen-2025-03-07-09\/#primaryimage\",\"inLanguage\":\"en-US\",\"url\":\"https:\/\/i0.wp.com\/szolnokimuvesztelep.com\/wp-content\/uploads\/2025\/02\/szmt_honlap_slider_2025_nontoxic3.jpg?fit=1244%2C460\",\"width\":1244,\"height\":460},{\"@type\":\"WebPage\",\"@id\":\"http:\/\/szolnokimuvesztelep.com\/2025\/02\/19\/non-toxic-iii-elmeleti-es-gyakorlati-alkotomuhely-a-szolnoki-muvesztelepen-2025-03-07-09\/#webpage\",\"url\":\"http:\/\/szolnokimuvesztelep.com\/2025\/02\/19\/non-toxic-iii-elmeleti-es-gyakorlati-alkotomuhely-a-szolnoki-muvesztelepen-2025-03-07-09\/\",\"name\":\"NON-TOXIC \/ III. Elm\\u00e9leti \\u00e9s gyakorlati alkot\\u00f3m\\u0171hely a Szolnoki M\\u0171v\\u00e9sztelepen \/ 2025.03.07-09. - SZOLNOKI M\\u0170V\\u00c9SZTELEP\",\"isPartOf\":{\"@id\":\"http:\/\/szolnokimuvesztelep.com\/en\/#website\"},\"primaryImageOfPage\":{\"@id\":\"http:\/\/szolnokimuvesztelep.com\/2025\/02\/19\/non-toxic-iii-elmeleti-es-gyakorlati-alkotomuhely-a-szolnoki-muvesztelepen-2025-03-07-09\/#primaryimage\"},\"datePublished\":\"2025-02-19T10:03:32+00:00\",\"dateModified\":\"2025-03-14T13:35:20+00:00\",\"inLanguage\":\"en-US\",\"potentialAction\":[{\"@type\":\"ReadAction\",\"target\":[\"http:\/\/szolnokimuvesztelep.com\/2025\/02\/19\/non-toxic-iii-elmeleti-es-gyakorlati-alkotomuhely-a-szolnoki-muvesztelepen-2025-03-07-09\/\"]}]},{\"@type\":\"Article\",\"@id\":\"http:\/\/szolnokimuvesztelep.com\/2025\/02\/19\/non-toxic-iii-elmeleti-es-gyakorlati-alkotomuhely-a-szolnoki-muvesztelepen-2025-03-07-09\/#article\",\"isPartOf\":{\"@id\":\"http:\/\/szolnokimuvesztelep.com\/2025\/02\/19\/non-toxic-iii-elmeleti-es-gyakorlati-alkotomuhely-a-szolnoki-muvesztelepen-2025-03-07-09\/#webpage\"},\"author\":{\"@id\":\"http:\/\/szolnokimuvesztelep.com\/en\/#\/schema\/person\/455817b7faaefdc309af6d6d95453700\"},\"headline\":\"NON-TOXIC \/ III. Elm\\u00e9leti \\u00e9s gyakorlati alkot\\u00f3m\\u0171hely a Szolnoki M\\u0171v\\u00e9sztelepen \/ 2025.03.07-09.\",\"datePublished\":\"2025-02-19T10:03:32+00:00\",\"dateModified\":\"2025-03-14T13:35:20+00:00\",\"commentCount\":0,\"mainEntityOfPage\":{\"@id\":\"http:\/\/szolnokimuvesztelep.com\/2025\/02\/19\/non-toxic-iii-elmeleti-es-gyakorlati-alkotomuhely-a-szolnoki-muvesztelepen-2025-03-07-09\/#webpage\"},\"publisher\":{\"@id\":\"http:\/\/szolnokimuvesztelep.com\/en\/#organization\"},\"image\":{\"@id\":\"http:\/\/szolnokimuvesztelep.com\/2025\/02\/19\/non-toxic-iii-elmeleti-es-gyakorlati-alkotomuhely-a-szolnoki-muvesztelepen-2025-03-07-09\/#primaryimage\"},\"articleSection\":\"Arch\\u00edv,H\\u00edrek\",\"inLanguage\":\"en-US\",\"potentialAction\":[{\"@type\":\"CommentAction\",\"name\":\"Comment\",\"target\":[\"http:\/\/szolnokimuvesztelep.com\/2025\/02\/19\/non-toxic-iii-elmeleti-es-gyakorlati-alkotomuhely-a-szolnoki-muvesztelepen-2025-03-07-09\/#respond\"]}]},{\"@type\":[\"Person\"],\"@id\":\"http:\/\/szolnokimuvesztelep.com\/en\/#\/schema\/person\/455817b7faaefdc309af6d6d95453700\",\"name\":\"Cselle Judit\",\"image\":{\"@type\":\"ImageObject\",\"@id\":\"http:\/\/szolnokimuvesztelep.com\/en\/#personlogo\",\"inLanguage\":\"en-US\",\"url\":\"http:\/\/0.gravatar.com\/avatar\/3eb98182a1cc7aad03ba91a0145855ba?s=96&d=mm&r=g\",\"caption\":\"Cselle Judit\"}}]}<\/script>\n<!-- \/ Yoast SEO Premium plugin. -->","jetpack_sharing_enabled":true,"jetpack_shortlink":"https:\/\/wp.me\/p9tpmR-2hS","jetpack_likes_enabled":true,"jetpack-related-posts":[],"_links":{"self":[{"href":"http:\/\/szolnokimuvesztelep.com\/en\/wp-json\/wp\/v2\/posts\/8796"}],"collection":[{"href":"http:\/\/szolnokimuvesztelep.com\/en\/wp-json\/wp\/v2\/posts"}],"about":[{"href":"http:\/\/szolnokimuvesztelep.com\/en\/wp-json\/wp\/v2\/types\/post"}],"author":[{"embeddable":true,"href":"http:\/\/szolnokimuvesztelep.com\/en\/wp-json\/wp\/v2\/users\/6"}],"replies":[{"embeddable":true,"href":"http:\/\/szolnokimuvesztelep.com\/en\/wp-json\/wp\/v2\/comments?post=8796"}],"version-history":[{"count":3,"href":"http:\/\/szolnokimuvesztelep.com\/en\/wp-json\/wp\/v2\/posts\/8796\/revisions"}],"predecessor-version":[{"id":8801,"href":"http:\/\/szolnokimuvesztelep.com\/en\/wp-json\/wp\/v2\/posts\/8796\/revisions\/8801"}],"wp:featuredmedia":[{"embeddable":true,"href":"http:\/\/szolnokimuvesztelep.com\/en\/wp-json\/wp\/v2\/media\/8802"}],"wp:attachment":[{"href":"http:\/\/szolnokimuvesztelep.com\/en\/wp-json\/wp\/v2\/media?parent=8796"}],"wp:term":[{"taxonomy":"category","embeddable":true,"href":"http:\/\/szolnokimuvesztelep.com\/en\/wp-json\/wp\/v2\/categories?post=8796"},{"taxonomy":"post_tag","embeddable":true,"href":"http:\/\/szolnokimuvesztelep.com\/en\/wp-json\/wp\/v2\/tags?post=8796"},{"taxonomy":"yst_prominent_words","embeddable":true,"href":"http:\/\/szolnokimuvesztelep.com\/en\/wp-json\/wp\/v2\/yst_prominent_words?post=8796"}],"curies":[{"name":"wp","href":"https:\/\/api.w.org\/{rel}","templated":true}]}}