{"id":8713,"date":"2024-09-17T15:09:44","date_gmt":"2024-09-17T15:09:44","guid":{"rendered":"http:\/\/szolnokimuvesztelep.com\/?p=8713"},"modified":"2025-01-22T07:44:45","modified_gmt":"2025-01-22T07:44:45","slug":"a-kepzomuveszet-unnepe-szolnokon-2024","status":"publish","type":"post","link":"http:\/\/szolnokimuvesztelep.com\/en\/2024\/09\/17\/a-kepzomuveszet-unnepe-szolnokon-2024\/","title":{"rendered":"A K\u00e9pz\u0151m\u0171v\u00e9szet \u00dcnnepe Szolnokon 2024"},"content":{"rendered":"<p>A Szolnoki M\u0171v\u00e9sztelep bemutatja \/<strong><span>\u00a0<\/span>A K\u00e9pz\u0151m\u0171v\u00e9szet \u00dcnnepe Szolnokon 2024<\/strong><\/p>\n<p><strong>Nagy D\u00e9nes fest\u0151m\u0171v\u00e9sz Ny\u00e1ri Et\u0171d\u00f6k c\u00edm\u0171 ki\u00e1ll\u00edt\u00e1sa<\/strong><br \/>\nMegnyitja: K\u00e9pir\u00f3 \u00c1gnes m\u0171v\u00e9szett\u00f6rt\u00e9n\u00e9sz<br \/>\nHelysz\u00edn: Verseghy Ferenc K\u00f6nyvt\u00e1r M\u0171v\u00e9szeti Szalon<br \/>\nId\u0151pont: 2024. okt\u00f3ber 17. 17.00 \u00f3ra<br \/>\nMegtekinthet\u0151: 2024. november 5-ig<\/p>\n<p><strong>Dreher J\u00e1nos Munk\u00e1csy-d\u00edjas k\u00e9pz\u0151m\u0171v\u00e9sz F\u00e9nytakar\u00f3 c\u00edm\u0171 ki\u00e1ll\u00edt\u00e1sa<\/strong><br \/>\nMegnyitja: Pataki G\u00e1bor m\u0171v\u00e9szett\u00f6rt\u00e9n\u00e9sz<br \/>\nHelysz\u00edn: Szolnoki M\u0171v\u00e9sztelep Kert Gal\u00e9ria (Gutenberg t\u00e9r 12.)<br \/>\nId\u0151pont: 2024. okt\u00f3ber 19. 11.00 \u00f3ra<br \/>\nMegtekinthet\u0151: 2024. november 12-ig<\/p>\n<p><strong>Face2Face kamarakoncert<\/strong><br \/>\nHelysz\u00edn: Szolnoki M\u0171v\u00e9sztelep Kert Gal\u00e9ria<br \/>\nId\u0151pont: 2024. okt\u00f3ber 19. 12.00<\/p>\n<p>Ut\u00e1na<\/p>\n<p>A Grafikai M\u0171hely \u00e9s Rajzst\u00fadi\u00f3 Gal\u00e9ri\u00e1ban a<span>\u00a0<\/span><strong>Szolnoki M\u0171v\u00e9sztelep<\/strong><span>\u00a0<\/span>ki\u00e1ll\u00edt\u00e1sa megtekinthet\u0151<\/p>\n<p><strong>\u00c9l\u0151 fest\u00e9s<\/strong><span>\u00a0<\/span>-Sz\u00e9chenyi Gimn\u00e1zium m\u0171v\u00e9szeti szakgimn\u00e1ziumi tagozat\u00e1nak di\u00e1kjai alkotnak a m\u0171v\u00e9sztelep \u0151sparkj\u00e1ban<\/p>\n<p><strong>Festeb\u00e9d<\/strong> a M\u0171v\u00e9sztelep kertj\u00e9ben<br \/>\n<strong>XI. Szolnoki Bronzszobr\u00e1szati Szimp\u00f3zium ki\u00e1ll\u00edt\u00e1sa<\/strong><br \/>\nMegnyitja: Karm\u00f3 Zolt\u00e1n Munk\u00e1csy-d\u00edjas szobr\u00e1szm\u0171v\u00e9sz<br \/>\nHelysz\u00edn: Damjanich J\u00e1nos M\u00fazeum Id\u0151szaki ki\u00e1ll\u00edt\u00e1sok terme (Kossuth t\u00e9r 4.)<br \/>\nId\u0151pont: 2024. okt\u00f3ber 19. 14.30 \u00f3ra<br \/>\nMegtekinthet\u0151: 2024. december 15-ig<\/p>\n<p>K\u00f6zben a Kossuth t\u00e9ren megtekinthet\u0151:<\/p>\n<p>A Magiszter K\u00f6z\u00e9piskola M\u0171v\u00e9szeti Szakgimn\u00e1ziuma<span>\u00a0<\/span><strong>Sz\u00edner\u0151<\/strong><span>\u00a0<\/span>c\u00edm\u0171 ki\u00e1ll\u00edt\u00e1sa a Kult\u00farpinc\u00e9ben (a V\u00e1rosh\u00e1za alatt, Kossuth t\u00e9r 9.)<\/p>\n<p><strong>Nagy D\u00e9nes Ny\u00e1ri Et\u0171d\u00f6k<\/strong><span>\u00a0<\/span>c\u00edm\u0171 ki\u00e1ll\u00edt\u00e1sa a Verseghy Ferenc K\u00f6nyvt\u00e1r M\u0171v\u00e9szeti Szalonban (Kossuth t\u00e9r 2.)<\/p>\n<p><strong>L\u00e9vay Jen\u0151 Munk\u00e1csy-d\u00edjas k\u00e9pz\u0151m\u0171v\u00e9sz Harmonogramok<\/strong><span>\u00a0<\/span>c\u00edm\u0171 ki\u00e1ll\u00edt\u00e1sa a TISZApART Moziban (Templom \u00fat 4.)<\/p>\n<p><strong>F\u00c9NY \u2013 A Szolnoki K\u00e9pz\u0151m\u0171v\u00e9szeti T\u00e1rsas\u00e1g ki\u00e1ll\u00edt\u00e1sa \u00e9s d\u00edj\u00e1tad\u00f3 g\u00e1la<\/strong><br \/>\nMegnyitja: Dr. N\u00e1tyi R\u00f3bert m\u0171v\u00e9szett\u00f6rt\u00e9n\u00e9sz, az SZTE Bart\u00f3k B\u00e9la M\u0171v\u00e9szeti Kar d\u00e9k\u00e1nja, a RE\u00d6K vezet\u0151 kur\u00e1tora<\/p>\n<p>I. Helysz\u00edn: Aba-Nov\u00e1k Ag\u00f3ra Gal\u00e9ria (Hild t\u00e9r 1.)<br \/>\nId\u0151pont: 2024. okt\u00f3ber 19. 15.30 \u00f3ra<\/p>\n<p>II. Helysz\u00edn: Szolnoki Gal\u00e9ria (Templom \u00fat 2.)<br \/>\nId\u0151pont: 2024. okt\u00f3ber 19. 17.00 \u00f3ra<br \/>\nK\u00f6sz\u00f6nt\u0151t mond: Dr. K\u00e1llai M\u00e1ria orsz\u00e1ggy\u0171l\u00e9si k\u00e9pvisel\u0151<br \/>\nMegnyitja: Dr. N\u00e1tyi R\u00f3bert m\u0171v\u00e9szett\u00f6rt\u00e9n\u00e9sz, az SZTE Bart\u00f3k B\u00e9la M\u0171v\u00e9szeti Kar d\u00e9k\u00e1nja, a RE\u00d6K vezet\u0151 kur\u00e1tora<br \/>\nK\u00f6zrem\u0171k\u00f6d\u0151: VEREBES-WITTEK DU\u00d3<br \/>\nVerebes Ern\u0151 klasszikus git\u00e1r, \u00fct\u0151hangszerek<br \/>\nVittek B\u00e9la dut\u00e1r, t\u00f6r\u00f6k lant<br \/>\nMegtekinthet\u0151: 2024. december 15-ig<\/p>\n<p>18.00<span>\u00a0<\/span><strong>A sz\u00ednek hangja \u2013 K\u00f6z\u00f6s zen\u00e9l\u00e9s<\/strong><span>\u00a0<\/span>a Tiszai haj\u00f3sok ter\u00e9n<br \/>\n19.30<span>\u00a0<\/span><strong>Mer\u00edt\u00e9s \u2013 Nagy D\u00e9nes<span>\u00a0<\/span><\/strong>ki\u00e1ll\u00edt\u00e1sa a Lajka Kult\u00farm\u0171vekben (Szap\u00e1ry u. 31.)<br \/>\n20.00<span>\u00a0<\/span><strong>Anka \u00e9s a B\u0151g\u0151 Masina<\/strong><span>\u00a0<\/span>koncert a Lajka Kult\u00farm\u0171vekben<\/p>\n<p>&nbsp;<\/p>\n<p>Tov\u00e1bbi inform\u00e1ci\u00f3:<br \/>\n<a href=\"http:\/\/szolnokimuvesztelep.com\/en\/\">www.szolnokimuvesztelep.com<\/a><span>\u00a0<\/span>\u01c0<span>\u00a0<\/span><a href=\"http:\/\/www.djm.hu\/\">www.djm.hu<\/a><span>\u00a0<\/span>\u01c0<span>\u00a0<\/span><a href=\"http:\/\/www.ankk.hu\/\">www.ankk.hu<\/a><span>\u00a0<\/span>\u01c0<span>\u00a0<\/span><a href=\"http:\/\/www.tiszamozu.hu\/\">www.tiszamozu.hu<\/a><\/p>\n<p>A szervez\u0151k a m\u0171sorv\u00e1ltoz\u00e1s jog\u00e1t fenntartj\u00e1k!<\/p>","protected":false},"excerpt":{"rendered":"<p>A Szolnoki M\u0171v\u00e9sztelep bemutatja \/\u00a0A K\u00e9pz\u0151m\u0171v\u00e9szet \u00dcnnepe Szolnokon 2024 Nagy D\u00e9nes fest\u0151m\u0171v\u00e9sz Ny\u00e1ri Et\u0171d\u00f6k c\u00edm\u0171 ki\u00e1ll\u00edt\u00e1sa Megnyitja: K\u00e9pir\u00f3 \u00c1gnes m\u0171v\u00e9szett\u00f6rt\u00e9n\u00e9sz Helysz\u00edn: Verseghy Ferenc K\u00f6nyvt\u00e1r M\u0171v\u00e9szeti Szalon Id\u0151pont: 2024. okt\u00f3ber 17. 17.00 \u00f3ra Megtekinthet\u0151: 2024. november 5-ig Dreher J\u00e1nos Munk\u00e1csy-d\u00edjas k\u00e9pz\u0151m\u0171v\u00e9sz F\u00e9nytakar\u00f3 c\u00edm\u0171 ki\u00e1ll\u00edt\u00e1sa Megnyitja: Pataki G\u00e1bor m\u0171v\u00e9szett\u00f6rt\u00e9n\u00e9sz Helysz\u00edn: Szolnoki M\u0171v\u00e9sztelep&hellip; <\/p>","protected":false},"author":6,"featured_media":8724,"comment_status":"open","ping_status":"open","sticky":false,"template":"","format":"standard","meta":{"spay_email":"","jetpack_publicize_message":""},"categories":[55,58],"tags":[],"yst_prominent_words":[],"jetpack_featured_media_url":"https:\/\/i2.wp.com\/szolnokimuvesztelep.com\/wp-content\/uploads\/2024\/09\/szkt_2024_szmt_honlap_slider_2024_2_3-scaled.jpg?fit=2560%2C946","jetpack_publicize_connections":[],"yoast_head":"<!-- This site is optimized with the Yoast SEO Premium plugin v14.1 - https:\/\/yoast.com\/wordpress\/plugins\/seo\/ -->\n<title>A K\u00e9pz\u0151m\u0171v\u00e9szet \u00dcnnepe Szolnokon 2024 - SZOLNOKI M\u0170V\u00c9SZTELEP<\/title>\n<meta name=\"robots\" content=\"index, follow\" \/>\n<meta name=\"googlebot\" content=\"index, follow, max-snippet:-1, max-image-preview:large, max-video-preview:-1\" \/>\n<meta name=\"bingbot\" content=\"index, follow, max-snippet:-1, max-image-preview:large, max-video-preview:-1\" \/>\n<link rel=\"canonical\" href=\"http:\/\/szolnokimuvesztelep.com\/en\/2024\/09\/17\/a-kepzomuveszet-unnepe-szolnokon-2024\/\" \/>\n<meta property=\"og:locale\" content=\"en_US\" \/>\n<meta property=\"og:type\" content=\"article\" \/>\n<meta property=\"og:title\" content=\"A K\u00e9pz\u0151m\u0171v\u00e9szet \u00dcnnepe Szolnokon 2024 - SZOLNOKI M\u0170V\u00c9SZTELEP\" \/>\n<meta property=\"og:description\" content=\"A Szolnoki M\u0171v\u00e9sztelep bemutatja \/\u00a0A K\u00e9pz\u0151m\u0171v\u00e9szet \u00dcnnepe Szolnokon 2024 Nagy D\u00e9nes fest\u0151m\u0171v\u00e9sz Ny\u00e1ri Et\u0171d\u00f6k c\u00edm\u0171 ki\u00e1ll\u00edt\u00e1sa Megnyitja: K\u00e9pir\u00f3 \u00c1gnes m\u0171v\u00e9szett\u00f6rt\u00e9n\u00e9sz Helysz\u00edn: Verseghy Ferenc K\u00f6nyvt\u00e1r M\u0171v\u00e9szeti Szalon Id\u0151pont: 2024. okt\u00f3ber 17. 17.00 \u00f3ra Megtekinthet\u0151: 2024. november 5-ig Dreher J\u00e1nos Munk\u00e1csy-d\u00edjas k\u00e9pz\u0151m\u0171v\u00e9sz F\u00e9nytakar\u00f3 c\u00edm\u0171 ki\u00e1ll\u00edt\u00e1sa Megnyitja: Pataki G\u00e1bor m\u0171v\u00e9szett\u00f6rt\u00e9n\u00e9sz Helysz\u00edn: Szolnoki M\u0171v\u00e9sztelep&hellip;\" \/>\n<meta property=\"og:url\" content=\"http:\/\/szolnokimuvesztelep.com\/en\/2024\/09\/17\/a-kepzomuveszet-unnepe-szolnokon-2024\/\" \/>\n<meta property=\"og:site_name\" content=\"SZOLNOKI M\u0170V\u00c9SZTELEP\" \/>\n<meta property=\"article:publisher\" content=\"https:\/\/www.facebook.com\/szolnokimuvesztelepofficial\/\" \/>\n<meta property=\"article:published_time\" content=\"2024-09-17T15:09:44+00:00\" \/>\n<meta property=\"article:modified_time\" content=\"2025-01-22T07:44:45+00:00\" \/>\n<meta property=\"og:image\" content=\"https:\/\/i2.wp.com\/szolnokimuvesztelep.com\/wp-content\/uploads\/2024\/09\/szkt_2024_szmt_honlap_slider_2024_2_3-scaled.jpg?fit=2560%2C946\" \/>\n\t<meta property=\"og:image:width\" content=\"2560\" \/>\n\t<meta property=\"og:image:height\" content=\"946\" \/>\n<script type=\"application\/ld+json\" class=\"yoast-schema-graph\">{\"@context\":\"https:\/\/schema.org\",\"@graph\":[{\"@type\":\"Organization\",\"@id\":\"http:\/\/szolnokimuvesztelep.com\/en\/#organization\",\"name\":\"Szolnoki M\\u0171v\\u00e9sztelep\",\"url\":\"http:\/\/szolnokimuvesztelep.com\/en\/\",\"sameAs\":[\"https:\/\/www.facebook.com\/szolnokimuvesztelepofficial\/\",\"https:\/\/www.instagram.com\/szolnoki_muvesztelep\/\",\"https:\/\/www.youtube.com\/channel\/UCAYRF4A8FrslG3J__XEjEoA\",\"https:\/\/hu.wikipedia.org\/wiki\/Szolnoki_m\\u0171v\\u00e9sztelep\"],\"logo\":{\"@type\":\"ImageObject\",\"@id\":\"http:\/\/szolnokimuvesztelep.com\/en\/#logo\",\"inLanguage\":\"en-US\",\"url\":\"https:\/\/i0.wp.com\/szolnokimuvesztelep.com\/wp-content\/uploads\/2020\/05\/szmt_2019_szlogen_psz-01.png?fit=2242%2C863\",\"width\":2242,\"height\":863,\"caption\":\"Szolnoki M\\u0171v\\u00e9sztelep\"},\"image\":{\"@id\":\"http:\/\/szolnokimuvesztelep.com\/en\/#logo\"}},{\"@type\":\"WebSite\",\"@id\":\"http:\/\/szolnokimuvesztelep.com\/en\/#website\",\"url\":\"http:\/\/szolnokimuvesztelep.com\/en\/\",\"name\":\"SZOLNOKI M\\u0170V\\u00c9SZTELEP\",\"description\":\"Meg\\u00fajul\\u00f3 hagyom\\u00e1ny\",\"publisher\":{\"@id\":\"http:\/\/szolnokimuvesztelep.com\/en\/#organization\"},\"potentialAction\":[{\"@type\":\"SearchAction\",\"target\":\"http:\/\/szolnokimuvesztelep.com\/en\/?s={search_term_string}\",\"query-input\":\"required name=search_term_string\"}],\"inLanguage\":\"en-US\"},{\"@type\":\"ImageObject\",\"@id\":\"http:\/\/szolnokimuvesztelep.com\/2024\/09\/17\/a-kepzomuveszet-unnepe-szolnokon-2024\/#primaryimage\",\"inLanguage\":\"en-US\",\"url\":\"https:\/\/i2.wp.com\/szolnokimuvesztelep.com\/wp-content\/uploads\/2024\/09\/szkt_2024_szmt_honlap_slider_2024_2_3-scaled.jpg?fit=2560%2C946\",\"width\":2560,\"height\":946},{\"@type\":\"WebPage\",\"@id\":\"http:\/\/szolnokimuvesztelep.com\/2024\/09\/17\/a-kepzomuveszet-unnepe-szolnokon-2024\/#webpage\",\"url\":\"http:\/\/szolnokimuvesztelep.com\/2024\/09\/17\/a-kepzomuveszet-unnepe-szolnokon-2024\/\",\"name\":\"A K\\u00e9pz\\u0151m\\u0171v\\u00e9szet \\u00dcnnepe Szolnokon 2024 - SZOLNOKI M\\u0170V\\u00c9SZTELEP\",\"isPartOf\":{\"@id\":\"http:\/\/szolnokimuvesztelep.com\/en\/#website\"},\"primaryImageOfPage\":{\"@id\":\"http:\/\/szolnokimuvesztelep.com\/2024\/09\/17\/a-kepzomuveszet-unnepe-szolnokon-2024\/#primaryimage\"},\"datePublished\":\"2024-09-17T15:09:44+00:00\",\"dateModified\":\"2025-01-22T07:44:45+00:00\",\"inLanguage\":\"en-US\",\"potentialAction\":[{\"@type\":\"ReadAction\",\"target\":[\"http:\/\/szolnokimuvesztelep.com\/2024\/09\/17\/a-kepzomuveszet-unnepe-szolnokon-2024\/\"]}]},{\"@type\":\"Article\",\"@id\":\"http:\/\/szolnokimuvesztelep.com\/2024\/09\/17\/a-kepzomuveszet-unnepe-szolnokon-2024\/#article\",\"isPartOf\":{\"@id\":\"http:\/\/szolnokimuvesztelep.com\/2024\/09\/17\/a-kepzomuveszet-unnepe-szolnokon-2024\/#webpage\"},\"author\":{\"@id\":\"http:\/\/szolnokimuvesztelep.com\/en\/#\/schema\/person\/455817b7faaefdc309af6d6d95453700\"},\"headline\":\"A K\\u00e9pz\\u0151m\\u0171v\\u00e9szet \\u00dcnnepe Szolnokon 2024\",\"datePublished\":\"2024-09-17T15:09:44+00:00\",\"dateModified\":\"2025-01-22T07:44:45+00:00\",\"commentCount\":0,\"mainEntityOfPage\":{\"@id\":\"http:\/\/szolnokimuvesztelep.com\/2024\/09\/17\/a-kepzomuveszet-unnepe-szolnokon-2024\/#webpage\"},\"publisher\":{\"@id\":\"http:\/\/szolnokimuvesztelep.com\/en\/#organization\"},\"image\":{\"@id\":\"http:\/\/szolnokimuvesztelep.com\/2024\/09\/17\/a-kepzomuveszet-unnepe-szolnokon-2024\/#primaryimage\"},\"articleSection\":\"Arch\\u00edv,H\\u00edrek\",\"inLanguage\":\"en-US\",\"potentialAction\":[{\"@type\":\"CommentAction\",\"name\":\"Comment\",\"target\":[\"http:\/\/szolnokimuvesztelep.com\/2024\/09\/17\/a-kepzomuveszet-unnepe-szolnokon-2024\/#respond\"]}]},{\"@type\":[\"Person\"],\"@id\":\"http:\/\/szolnokimuvesztelep.com\/en\/#\/schema\/person\/455817b7faaefdc309af6d6d95453700\",\"name\":\"Cselle Judit\",\"image\":{\"@type\":\"ImageObject\",\"@id\":\"http:\/\/szolnokimuvesztelep.com\/en\/#personlogo\",\"inLanguage\":\"en-US\",\"url\":\"http:\/\/0.gravatar.com\/avatar\/3eb98182a1cc7aad03ba91a0145855ba?s=96&d=mm&r=g\",\"caption\":\"Cselle Judit\"}}]}<\/script>\n<!-- \/ Yoast SEO Premium plugin. -->","jetpack_sharing_enabled":true,"jetpack_shortlink":"https:\/\/wp.me\/p9tpmR-2gx","jetpack_likes_enabled":true,"jetpack-related-posts":[],"_links":{"self":[{"href":"http:\/\/szolnokimuvesztelep.com\/en\/wp-json\/wp\/v2\/posts\/8713"}],"collection":[{"href":"http:\/\/szolnokimuvesztelep.com\/en\/wp-json\/wp\/v2\/posts"}],"about":[{"href":"http:\/\/szolnokimuvesztelep.com\/en\/wp-json\/wp\/v2\/types\/post"}],"author":[{"embeddable":true,"href":"http:\/\/szolnokimuvesztelep.com\/en\/wp-json\/wp\/v2\/users\/6"}],"replies":[{"embeddable":true,"href":"http:\/\/szolnokimuvesztelep.com\/en\/wp-json\/wp\/v2\/comments?post=8713"}],"version-history":[{"count":6,"href":"http:\/\/szolnokimuvesztelep.com\/en\/wp-json\/wp\/v2\/posts\/8713\/revisions"}],"predecessor-version":[{"id":8732,"href":"http:\/\/szolnokimuvesztelep.com\/en\/wp-json\/wp\/v2\/posts\/8713\/revisions\/8732"}],"wp:featuredmedia":[{"embeddable":true,"href":"http:\/\/szolnokimuvesztelep.com\/en\/wp-json\/wp\/v2\/media\/8724"}],"wp:attachment":[{"href":"http:\/\/szolnokimuvesztelep.com\/en\/wp-json\/wp\/v2\/media?parent=8713"}],"wp:term":[{"taxonomy":"category","embeddable":true,"href":"http:\/\/szolnokimuvesztelep.com\/en\/wp-json\/wp\/v2\/categories?post=8713"},{"taxonomy":"post_tag","embeddable":true,"href":"http:\/\/szolnokimuvesztelep.com\/en\/wp-json\/wp\/v2\/tags?post=8713"},{"taxonomy":"yst_prominent_words","embeddable":true,"href":"http:\/\/szolnokimuvesztelep.com\/en\/wp-json\/wp\/v2\/yst_prominent_words?post=8713"}],"curies":[{"name":"wp","href":"https:\/\/api.w.org\/{rel}","templated":true}]}}