{"id":8707,"date":"2024-09-13T10:40:04","date_gmt":"2024-09-13T10:40:04","guid":{"rendered":"http:\/\/szolnokimuvesztelep.com\/?p=8707"},"modified":"2024-10-01T16:02:58","modified_gmt":"2024-10-01T16:02:58","slug":"ido-zeit-i-esra-huber-kiallitasa-i-2024-09-18-25","status":"publish","type":"post","link":"http:\/\/szolnokimuvesztelep.com\/en\/2024\/09\/13\/ido-zeit-i-esra-huber-kiallitasa-i-2024-09-18-25\/","title":{"rendered":"ID\u0150\/ZEIT  I  Eszra Huber ki\u00e1ll\u00edt\u00e1sa  I  2024. 09.18-25."},"content":{"rendered":"<p>Nagy szeretettel h\u00edvunk meg minden m\u0171v\u00e9szkedvel\u0151t \u00e9s \u00e9rdekl\u0151d\u0151t ESZRA HUBER reutlingeni k\u00e9pz\u0151m\u0171v\u00e9sz ZEIT c\u00edm\u0171 ki\u00e1ll\u00edt\u00e1s\u00e1ra 2024. szeptember 18-\u00e1n, szerd\u00e1n 18.00 \u00f3r\u00e1ra a Szolnoki M\u0171v\u00e9sztelep Grafikai M\u0171hely Gal\u00e9ri\u00e1j\u00e1ba!<br \/>\nEszra a Szolnok \u00e9s a n\u00e9met Reutlingen k\u00f6z\u00f6tt k\u00f6zel k\u00e9t \u00e9vtizede fenn\u00e1ll\u00f3 m\u0171v\u00e9szcsere program idei \u00f6szt\u00f6nd\u00edjasa, aki f\u00e9l \u00e9vet t\u00f6lt\u00f6tt a kol\u00f3nia vend\u00e9gm\u0171term\u00e9ben. Mostani ki\u00e1ll\u00edt\u00e1s\u00e1nak anyaga teljes eg\u00e9sz\u00e9ben Szolnokon k\u00e9sz\u00fclt. A t\u00e1rlat 20234. szeptember 25-ig tekinthet\u0151 meg.<\/p>\n<p>&nbsp;<\/p>\n<p><img data-attachment-id=\"8718\" data-permalink=\"http:\/\/szolnokimuvesztelep.com\/en\/2024\/09\/13\/ido-zeit-i-esra-huber-kiallitasa-i-2024-09-18-25\/eszra_lilly_huber_meghivo_szmt_2024_v3\/\" data-orig-file=\"https:\/\/i0.wp.com\/szolnokimuvesztelep.com\/wp-content\/uploads\/2024\/09\/Eszra_Lilly_Huber_Meghivo_szmt_2024_v3.jpg?fit=2480%2C1063\" data-orig-size=\"2480,1063\" data-comments-opened=\"1\" data-image-meta=\"{&quot;aperture&quot;:&quot;0&quot;,&quot;credit&quot;:&quot;&quot;,&quot;camera&quot;:&quot;&quot;,&quot;caption&quot;:&quot;&quot;,&quot;created_timestamp&quot;:&quot;0&quot;,&quot;copyright&quot;:&quot;&quot;,&quot;focal_length&quot;:&quot;0&quot;,&quot;iso&quot;:&quot;0&quot;,&quot;shutter_speed&quot;:&quot;0&quot;,&quot;title&quot;:&quot;&quot;,&quot;orientation&quot;:&quot;0&quot;}\" data-image-title=\"Eszra_Lilly_Huber_Meghivo_szmt_2024_v3\" data-image-description=\"\" data-medium-file=\"https:\/\/i0.wp.com\/szolnokimuvesztelep.com\/wp-content\/uploads\/2024\/09\/Eszra_Lilly_Huber_Meghivo_szmt_2024_v3.jpg?fit=300%2C129\" data-large-file=\"https:\/\/i0.wp.com\/szolnokimuvesztelep.com\/wp-content\/uploads\/2024\/09\/Eszra_Lilly_Huber_Meghivo_szmt_2024_v3.jpg?fit=790%2C339\" loading=\"lazy\" class=\"alignnone size-full wp-image-8718\" src=\"https:\/\/i0.wp.com\/szolnokimuvesztelep.com\/wp-content\/uploads\/2024\/09\/Eszra_Lilly_Huber_Meghivo_szmt_2024_v3.jpg?resize=860%2C369\" alt=\"\" width=\"860\" height=\"369\" srcset=\"https:\/\/i0.wp.com\/szolnokimuvesztelep.com\/wp-content\/uploads\/2024\/09\/Eszra_Lilly_Huber_Meghivo_szmt_2024_v3.jpg?w=2480 2480w, https:\/\/i0.wp.com\/szolnokimuvesztelep.com\/wp-content\/uploads\/2024\/09\/Eszra_Lilly_Huber_Meghivo_szmt_2024_v3.jpg?resize=300%2C129 300w, https:\/\/i0.wp.com\/szolnokimuvesztelep.com\/wp-content\/uploads\/2024\/09\/Eszra_Lilly_Huber_Meghivo_szmt_2024_v3.jpg?resize=1024%2C439 1024w, https:\/\/i0.wp.com\/szolnokimuvesztelep.com\/wp-content\/uploads\/2024\/09\/Eszra_Lilly_Huber_Meghivo_szmt_2024_v3.jpg?resize=768%2C329 768w, https:\/\/i0.wp.com\/szolnokimuvesztelep.com\/wp-content\/uploads\/2024\/09\/Eszra_Lilly_Huber_Meghivo_szmt_2024_v3.jpg?resize=1536%2C658 1536w, https:\/\/i0.wp.com\/szolnokimuvesztelep.com\/wp-content\/uploads\/2024\/09\/Eszra_Lilly_Huber_Meghivo_szmt_2024_v3.jpg?resize=2048%2C878 2048w, https:\/\/i0.wp.com\/szolnokimuvesztelep.com\/wp-content\/uploads\/2024\/09\/Eszra_Lilly_Huber_Meghivo_szmt_2024_v3.jpg?w=1720 1720w\" sizes=\"(max-width: 860px) 100vw, 860px\" data-recalc-dims=\"1\" \/><\/p>\n<p>&nbsp;<\/p>\n<div class=\"xdj266r x11i5rnm xat24cr x1mh8g0r x1vvkbs\">A Szolnoki M\u0171v\u00e9sztelep megh\u00edvja \u00d6nt \u00e9s bar\u00e1tait \/ Die K\u00fcnstlerkolonie Szolnok l\u00e4dt Sie und Ihre Freunde herzlich dazu ein.<\/div>\n<div><\/div>\n<div class=\"x11i5rnm xat24cr x1mh8g0r x1vvkbs xtlvy1s\">ESZRA HUBER<br class=\"html-br\" \/>szolnoki \u00f6szt\u00f6nd\u00edjas k\u00e9pz\u0151m\u0171v\u00e9sz \/ Szolnok-Stipendiat K\u00fcnstlerin<\/div>\n<div class=\"x11i5rnm xat24cr x1mh8g0r x1vvkbs xtlvy1s\">ID\u0150 \/ ZEIT<br class=\"html-br\" \/>c\u00edm\u0171 ki\u00e1ll\u00edt\u00e1s\u00e1ra \/ Ausstellung<\/div>\n<div><\/div>\n<div class=\"x11i5rnm xat24cr x1mh8g0r x1vvkbs xtlvy1s\">Id\u0151pont\/Er\u00f6ffnung:<br class=\"html-br\" \/>2024. szeptember 18., szerda 18.00 \u00f3ra \/ Mittwoch, 18. September 2024, 18.00 Uhr<\/div>\n<div><\/div>\n<div class=\"x11i5rnm xat24cr x1mh8g0r x1vvkbs xtlvy1s\">Helysz\u00edn\/Veranstaltungsort:<br class=\"html-br\" \/>Szolnoki M\u0171v\u00e9sztelep Grafikai M\u0171hely gal\u00e9ri\u00e1j\u00e1ban \/ Grafische Werkstatt Galerie der K\u00fcnstlerkolonie Szolnok (H-5000 Szolnok, Gutenberg t\u00e9r 12\/12.)<\/div>\n<div><\/div>\n<div class=\"x11i5rnm xat24cr x1mh8g0r x1vvkbs xtlvy1s\">Megnyitja\/Er\u00f6ffnet von:<br class=\"html-br\" \/>Verebes Gy\u00f6rgy fest\u0151m\u0171v\u00e9sz, a Szolnoki M\u0171v\u00e9sztelep m\u0171v\u00e9szeti vezet\u0151je\/ Maler, k\u00fcnstlerischer Leiter der Szolnoker K\u00fcnstlerkolonie<\/div>\n<div><\/div>\n<div class=\"x11i5rnm xat24cr x1mh8g0r x1vvkbs xtlvy1s\">Megtekinthet\u0151\/F\u00fcr das Publikum ge\u00f6ffnet<br class=\"html-br\" \/>2024. szeptember 25-ig (H-Szo: 9.00 \u2013 16.00 \u00f3r\u00e1ig) \/ 25. September 2024 (Mo-Sa: 9.00 &#8211; 16.00 Uhr)<\/div>","protected":false},"excerpt":{"rendered":"<p>Nagy szeretettel h\u00edvunk meg minden m\u0171v\u00e9szkedvel\u0151t \u00e9s \u00e9rdekl\u0151d\u0151t ESZRA HUBER reutlingeni k\u00e9pz\u0151m\u0171v\u00e9sz ZEIT c\u00edm\u0171 ki\u00e1ll\u00edt\u00e1s\u00e1ra 2024. szeptember 18-\u00e1n, szerd\u00e1n 18.00 \u00f3r\u00e1ra a Szolnoki M\u0171v\u00e9sztelep Grafikai M\u0171hely Gal\u00e9ri\u00e1j\u00e1ba! Eszra a Szolnok \u00e9s a n\u00e9met Reutlingen k\u00f6z\u00f6tt k\u00f6zel k\u00e9t \u00e9vtizede fenn\u00e1ll\u00f3 m\u0171v\u00e9szcsere program idei \u00f6szt\u00f6nd\u00edjasa, aki f\u00e9l \u00e9vet t\u00f6lt\u00f6tt a kol\u00f3nia vend\u00e9gm\u0171term\u00e9ben.&hellip; <\/p>","protected":false},"author":6,"featured_media":8709,"comment_status":"open","ping_status":"open","sticky":false,"template":"","format":"standard","meta":{"spay_email":"","jetpack_publicize_message":""},"categories":[1,58],"tags":[],"yst_prominent_words":[],"jetpack_featured_media_url":"https:\/\/i2.wp.com\/szolnokimuvesztelep.com\/wp-content\/uploads\/2024\/09\/szmt_honlap_slider_2024_ESRA.jpg?fit=1244%2C460","jetpack_publicize_connections":[],"yoast_head":"<!-- This site is optimized with the Yoast SEO Premium plugin v14.1 - https:\/\/yoast.com\/wordpress\/plugins\/seo\/ -->\n<title>ID\u0150\/ZEIT I Eszra Huber ki\u00e1ll\u00edt\u00e1sa I 2024. 09.18-25. - SZOLNOKI M\u0170V\u00c9SZTELEP<\/title>\n<meta name=\"robots\" content=\"index, follow\" \/>\n<meta name=\"googlebot\" content=\"index, follow, max-snippet:-1, max-image-preview:large, max-video-preview:-1\" \/>\n<meta name=\"bingbot\" content=\"index, follow, max-snippet:-1, max-image-preview:large, max-video-preview:-1\" \/>\n<link rel=\"canonical\" href=\"http:\/\/szolnokimuvesztelep.com\/en\/2024\/09\/13\/ido-zeit-i-esra-huber-kiallitasa-i-2024-09-18-25\/\" \/>\n<meta property=\"og:locale\" content=\"en_US\" \/>\n<meta property=\"og:type\" content=\"article\" \/>\n<meta property=\"og:title\" content=\"ID\u0150\/ZEIT I Eszra Huber ki\u00e1ll\u00edt\u00e1sa I 2024. 09.18-25. - SZOLNOKI M\u0170V\u00c9SZTELEP\" \/>\n<meta property=\"og:description\" content=\"Nagy szeretettel h\u00edvunk meg minden m\u0171v\u00e9szkedvel\u0151t \u00e9s \u00e9rdekl\u0151d\u0151t ESZRA HUBER reutlingeni k\u00e9pz\u0151m\u0171v\u00e9sz ZEIT c\u00edm\u0171 ki\u00e1ll\u00edt\u00e1s\u00e1ra 2024. szeptember 18-\u00e1n, szerd\u00e1n 18.00 \u00f3r\u00e1ra a Szolnoki M\u0171v\u00e9sztelep Grafikai M\u0171hely Gal\u00e9ri\u00e1j\u00e1ba! Eszra a Szolnok \u00e9s a n\u00e9met Reutlingen k\u00f6z\u00f6tt k\u00f6zel k\u00e9t \u00e9vtizede fenn\u00e1ll\u00f3 m\u0171v\u00e9szcsere program idei \u00f6szt\u00f6nd\u00edjasa, aki f\u00e9l \u00e9vet t\u00f6lt\u00f6tt a kol\u00f3nia vend\u00e9gm\u0171term\u00e9ben.&hellip;\" \/>\n<meta property=\"og:url\" content=\"http:\/\/szolnokimuvesztelep.com\/en\/2024\/09\/13\/ido-zeit-i-esra-huber-kiallitasa-i-2024-09-18-25\/\" \/>\n<meta property=\"og:site_name\" content=\"SZOLNOKI M\u0170V\u00c9SZTELEP\" \/>\n<meta property=\"article:publisher\" content=\"https:\/\/www.facebook.com\/szolnokimuvesztelepofficial\/\" \/>\n<meta property=\"article:published_time\" content=\"2024-09-13T10:40:04+00:00\" \/>\n<meta property=\"article:modified_time\" content=\"2024-10-01T16:02:58+00:00\" \/>\n<meta property=\"og:image\" content=\"https:\/\/i2.wp.com\/szolnokimuvesztelep.com\/wp-content\/uploads\/2024\/09\/szmt_honlap_slider_2024_ESRA.jpg?fit=1244%2C460\" \/>\n\t<meta property=\"og:image:width\" content=\"1244\" \/>\n\t<meta property=\"og:image:height\" content=\"460\" \/>\n<script type=\"application\/ld+json\" class=\"yoast-schema-graph\">{\"@context\":\"https:\/\/schema.org\",\"@graph\":[{\"@type\":\"Organization\",\"@id\":\"http:\/\/szolnokimuvesztelep.com\/en\/#organization\",\"name\":\"Szolnoki M\\u0171v\\u00e9sztelep\",\"url\":\"http:\/\/szolnokimuvesztelep.com\/en\/\",\"sameAs\":[\"https:\/\/www.facebook.com\/szolnokimuvesztelepofficial\/\",\"https:\/\/www.instagram.com\/szolnoki_muvesztelep\/\",\"https:\/\/www.youtube.com\/channel\/UCAYRF4A8FrslG3J__XEjEoA\",\"https:\/\/hu.wikipedia.org\/wiki\/Szolnoki_m\\u0171v\\u00e9sztelep\"],\"logo\":{\"@type\":\"ImageObject\",\"@id\":\"http:\/\/szolnokimuvesztelep.com\/en\/#logo\",\"inLanguage\":\"en-US\",\"url\":\"https:\/\/i0.wp.com\/szolnokimuvesztelep.com\/wp-content\/uploads\/2020\/05\/szmt_2019_szlogen_psz-01.png?fit=2242%2C863\",\"width\":2242,\"height\":863,\"caption\":\"Szolnoki M\\u0171v\\u00e9sztelep\"},\"image\":{\"@id\":\"http:\/\/szolnokimuvesztelep.com\/en\/#logo\"}},{\"@type\":\"WebSite\",\"@id\":\"http:\/\/szolnokimuvesztelep.com\/en\/#website\",\"url\":\"http:\/\/szolnokimuvesztelep.com\/en\/\",\"name\":\"SZOLNOKI M\\u0170V\\u00c9SZTELEP\",\"description\":\"Meg\\u00fajul\\u00f3 hagyom\\u00e1ny\",\"publisher\":{\"@id\":\"http:\/\/szolnokimuvesztelep.com\/en\/#organization\"},\"potentialAction\":[{\"@type\":\"SearchAction\",\"target\":\"http:\/\/szolnokimuvesztelep.com\/en\/?s={search_term_string}\",\"query-input\":\"required name=search_term_string\"}],\"inLanguage\":\"en-US\"},{\"@type\":\"ImageObject\",\"@id\":\"http:\/\/szolnokimuvesztelep.com\/2024\/09\/13\/ido-zeit-i-esra-huber-kiallitasa-i-2024-09-18-25\/#primaryimage\",\"inLanguage\":\"en-US\",\"url\":\"https:\/\/i2.wp.com\/szolnokimuvesztelep.com\/wp-content\/uploads\/2024\/09\/szmt_honlap_slider_2024_ESRA.jpg?fit=1244%2C460\",\"width\":1244,\"height\":460},{\"@type\":\"WebPage\",\"@id\":\"http:\/\/szolnokimuvesztelep.com\/2024\/09\/13\/ido-zeit-i-esra-huber-kiallitasa-i-2024-09-18-25\/#webpage\",\"url\":\"http:\/\/szolnokimuvesztelep.com\/2024\/09\/13\/ido-zeit-i-esra-huber-kiallitasa-i-2024-09-18-25\/\",\"name\":\"ID\\u0150\/ZEIT I Eszra Huber ki\\u00e1ll\\u00edt\\u00e1sa I 2024. 09.18-25. - SZOLNOKI M\\u0170V\\u00c9SZTELEP\",\"isPartOf\":{\"@id\":\"http:\/\/szolnokimuvesztelep.com\/en\/#website\"},\"primaryImageOfPage\":{\"@id\":\"http:\/\/szolnokimuvesztelep.com\/2024\/09\/13\/ido-zeit-i-esra-huber-kiallitasa-i-2024-09-18-25\/#primaryimage\"},\"datePublished\":\"2024-09-13T10:40:04+00:00\",\"dateModified\":\"2024-10-01T16:02:58+00:00\",\"inLanguage\":\"en-US\",\"potentialAction\":[{\"@type\":\"ReadAction\",\"target\":[\"http:\/\/szolnokimuvesztelep.com\/2024\/09\/13\/ido-zeit-i-esra-huber-kiallitasa-i-2024-09-18-25\/\"]}]},{\"@type\":\"Article\",\"@id\":\"http:\/\/szolnokimuvesztelep.com\/2024\/09\/13\/ido-zeit-i-esra-huber-kiallitasa-i-2024-09-18-25\/#article\",\"isPartOf\":{\"@id\":\"http:\/\/szolnokimuvesztelep.com\/2024\/09\/13\/ido-zeit-i-esra-huber-kiallitasa-i-2024-09-18-25\/#webpage\"},\"author\":{\"@id\":\"http:\/\/szolnokimuvesztelep.com\/en\/#\/schema\/person\/455817b7faaefdc309af6d6d95453700\"},\"headline\":\"ID\\u0150\/ZEIT I Eszra Huber ki\\u00e1ll\\u00edt\\u00e1sa I 2024. 09.18-25.\",\"datePublished\":\"2024-09-13T10:40:04+00:00\",\"dateModified\":\"2024-10-01T16:02:58+00:00\",\"commentCount\":0,\"mainEntityOfPage\":{\"@id\":\"http:\/\/szolnokimuvesztelep.com\/2024\/09\/13\/ido-zeit-i-esra-huber-kiallitasa-i-2024-09-18-25\/#webpage\"},\"publisher\":{\"@id\":\"http:\/\/szolnokimuvesztelep.com\/en\/#organization\"},\"image\":{\"@id\":\"http:\/\/szolnokimuvesztelep.com\/2024\/09\/13\/ido-zeit-i-esra-huber-kiallitasa-i-2024-09-18-25\/#primaryimage\"},\"articleSection\":\"Egy\\u00e9b,H\\u00edrek\",\"inLanguage\":\"en-US\",\"potentialAction\":[{\"@type\":\"CommentAction\",\"name\":\"Comment\",\"target\":[\"http:\/\/szolnokimuvesztelep.com\/2024\/09\/13\/ido-zeit-i-esra-huber-kiallitasa-i-2024-09-18-25\/#respond\"]}]},{\"@type\":[\"Person\"],\"@id\":\"http:\/\/szolnokimuvesztelep.com\/en\/#\/schema\/person\/455817b7faaefdc309af6d6d95453700\",\"name\":\"Cselle Judit\",\"image\":{\"@type\":\"ImageObject\",\"@id\":\"http:\/\/szolnokimuvesztelep.com\/en\/#personlogo\",\"inLanguage\":\"en-US\",\"url\":\"http:\/\/0.gravatar.com\/avatar\/3eb98182a1cc7aad03ba91a0145855ba?s=96&d=mm&r=g\",\"caption\":\"Cselle Judit\"}}]}<\/script>\n<!-- \/ Yoast SEO Premium plugin. -->","jetpack_sharing_enabled":true,"jetpack_shortlink":"https:\/\/wp.me\/p9tpmR-2gr","jetpack_likes_enabled":true,"jetpack-related-posts":[],"_links":{"self":[{"href":"http:\/\/szolnokimuvesztelep.com\/en\/wp-json\/wp\/v2\/posts\/8707"}],"collection":[{"href":"http:\/\/szolnokimuvesztelep.com\/en\/wp-json\/wp\/v2\/posts"}],"about":[{"href":"http:\/\/szolnokimuvesztelep.com\/en\/wp-json\/wp\/v2\/types\/post"}],"author":[{"embeddable":true,"href":"http:\/\/szolnokimuvesztelep.com\/en\/wp-json\/wp\/v2\/users\/6"}],"replies":[{"embeddable":true,"href":"http:\/\/szolnokimuvesztelep.com\/en\/wp-json\/wp\/v2\/comments?post=8707"}],"version-history":[{"count":4,"href":"http:\/\/szolnokimuvesztelep.com\/en\/wp-json\/wp\/v2\/posts\/8707\/revisions"}],"predecessor-version":[{"id":8719,"href":"http:\/\/szolnokimuvesztelep.com\/en\/wp-json\/wp\/v2\/posts\/8707\/revisions\/8719"}],"wp:featuredmedia":[{"embeddable":true,"href":"http:\/\/szolnokimuvesztelep.com\/en\/wp-json\/wp\/v2\/media\/8709"}],"wp:attachment":[{"href":"http:\/\/szolnokimuvesztelep.com\/en\/wp-json\/wp\/v2\/media?parent=8707"}],"wp:term":[{"taxonomy":"category","embeddable":true,"href":"http:\/\/szolnokimuvesztelep.com\/en\/wp-json\/wp\/v2\/categories?post=8707"},{"taxonomy":"post_tag","embeddable":true,"href":"http:\/\/szolnokimuvesztelep.com\/en\/wp-json\/wp\/v2\/tags?post=8707"},{"taxonomy":"yst_prominent_words","embeddable":true,"href":"http:\/\/szolnokimuvesztelep.com\/en\/wp-json\/wp\/v2\/yst_prominent_words?post=8707"}],"curies":[{"name":"wp","href":"https:\/\/api.w.org\/{rel}","templated":true}]}}