{"id":8666,"date":"2024-07-29T09:00:39","date_gmt":"2024-07-29T09:00:39","guid":{"rendered":"http:\/\/szolnokimuvesztelep.com\/?p=8666"},"modified":"2024-08-21T08:42:03","modified_gmt":"2024-08-21T08:42:03","slug":"iv-szolnoki-grafikai-szimpozium-kiallitasa-i-2024-07-29-08-17","status":"publish","type":"post","link":"http:\/\/szolnokimuvesztelep.com\/en\/2024\/07\/29\/iv-szolnoki-grafikai-szimpozium-kiallitasa-i-2024-07-29-08-17\/","title":{"rendered":"A IV. Szolnoki Grafikai Szimp\u00f3zium ki\u00e1ll\u00edt\u00e1sa  I  2024.07.29 &#8211; 08.17."},"content":{"rendered":"<p>A Szolnoki M\u0171v\u00e9sztelep 2024-ben, negyedik alkalommal ad otthont a K\u00e9pgrafikusok Olgyai Viktor Egyes\u00fclet\u00e9nek szervez\u00e9s\u00e9ben megrendezend\u0151 Szolnoki Grafikai Szimp\u00f3ziumnak.<br \/>\nEzen program k\u00f6zel 35 hazai \u00e9s hat\u00e1ron t\u00fali grafikusm\u0171v\u00e9sz, illetve szakmai el\u0151ad\u00f3 sz\u00e1m\u00e1ra biztos\u00edt alkalmat az alkot\u00e1sra \u00e9s bemutatkoz\u00e1sra.<\/p>\n<p>A Szimp\u00f3zium ki\u00e1ll\u00edt\u00e1ssal z\u00e1rul, ahol a ki\u00e1ll\u00edt\u00f3 m\u0171v\u00e9szek bemutatj\u00e1k t\u00f6bbek k\u00f6z\u00f6tt a Szimp\u00f3zium ideje alatt k\u00e9sz\u00edtett munk\u00e1ikat is.<\/p>\n<p>&nbsp;<\/p>\n<p>A Szolnoki M\u0171v\u00e9sztelep \u00e9s a K\u00e9pgrafikusok Olgyai Viktor Egyes\u00fclete megh\u00edvja \u00d6nt \u00e9s bar\u00e1tait<\/p>\n<p>IV. Szolnoki Grafikai Szimp\u00f3zium<\/p>\n<p>ki\u00e1ll\u00edt\u00e1s\u00e1ra<\/p>\n<p>Id\u0151pont:<br \/>\n2024. j\u00falius 29., h\u00e9tf\u0151 17.00 \u00f3ra<\/p>\n<p>Helysz\u00edn:<br \/>\nSzolnoki M\u0171v\u00e9sztelep Grafikai St\u00fadi\u00f3 (5000 Szolnok, Gutenberg t\u00e9r 12\/12.)<\/p>\n<p>Megnyitja:<br \/>\nKun P\u00e9ter grafikusm\u0171v\u00e9sz<\/p>\n<p>Megtekinthet\u0151:<br \/>\n2024. augusztus 17-ig (H-Szo: 9.00 \u2013 16.00)<\/p>\n<p>Ki\u00e1ll\u00edt\u00f3k:<br \/>\nB\u00e1r\u00e1ny Ter\u00e9zia, Barta J\u00e1nos, Bartis Elem\u00e9r, Boros M\u00e1ty\u00e1s, B\u00f6rcs\u00f6k Attila, Bugyi Istv\u00e1n J\u00f3zsef, Danka Attila, Decsi Ilona Luca, Frimmel Gyula, Gyulai L\u00edviusz, Havasi Tam\u00e1s, Herczeg Istv\u00e1n, J\u00e1nv\u00e1ry Zolt\u00e1n, J\u00f3n\u00e1s P\u00e9ter, K\u00e9ri Imre, Kir\u00e1ly Gy\u00f6rgy, Pieronymus Kosch, Kun P\u00e9ter, L\u00e1szl\u00f3 J\u00e1nos, Madaras L\u00e1szl\u00f3, Nagy Katalin Matild, Nagy D\u00e9nes, L\u0151rincz R\u00f3bert, Luk\u00e1cs G\u00e1bor, Orr Andr\u00e1s, Pat\u00f3 K\u00e1roly, R\u00e9szegh Botond, Sikl\u00f3dy Ferenc, Sinka P\u00e9ter, Somorjai-Kiss Tibor, Szepessy B\u00e9la, Tak\u00e1ts M\u00e1rton, Verebes Gy\u00f6rgy, V\u00e9n Zolt\u00e1n<\/p>\n<p>&nbsp;<\/p>\n<p>&nbsp;<\/p>\n<p><img data-attachment-id=\"8668\" data-permalink=\"http:\/\/szolnokimuvesztelep.com\/en\/2024\/07\/29\/iv-szolnoki-grafikai-szimpozium-kiallitasa-i-2024-07-29-08-17\/iv_szolnoki_grafikai_szimpozium_plakat\/\" data-orig-file=\"https:\/\/i1.wp.com\/szolnokimuvesztelep.com\/wp-content\/uploads\/2024\/07\/IV_Szolnoki_Grafikai_Szimpozium_plakat.jpg?fit=1754%2C2480\" data-orig-size=\"1754,2480\" data-comments-opened=\"1\" data-image-meta=\"{&quot;aperture&quot;:&quot;0&quot;,&quot;credit&quot;:&quot;&quot;,&quot;camera&quot;:&quot;&quot;,&quot;caption&quot;:&quot;&quot;,&quot;created_timestamp&quot;:&quot;0&quot;,&quot;copyright&quot;:&quot;&quot;,&quot;focal_length&quot;:&quot;0&quot;,&quot;iso&quot;:&quot;0&quot;,&quot;shutter_speed&quot;:&quot;0&quot;,&quot;title&quot;:&quot;&quot;,&quot;orientation&quot;:&quot;0&quot;}\" data-image-title=\"IV_Szolnoki_Grafikai_Szimpozium_plakat\" data-image-description=\"\" data-medium-file=\"https:\/\/i1.wp.com\/szolnokimuvesztelep.com\/wp-content\/uploads\/2024\/07\/IV_Szolnoki_Grafikai_Szimpozium_plakat.jpg?fit=212%2C300\" data-large-file=\"https:\/\/i1.wp.com\/szolnokimuvesztelep.com\/wp-content\/uploads\/2024\/07\/IV_Szolnoki_Grafikai_Szimpozium_plakat.jpg?fit=724%2C1024\" loading=\"lazy\" class=\"alignnone size-full wp-image-8668\" src=\"https:\/\/i1.wp.com\/szolnokimuvesztelep.com\/wp-content\/uploads\/2024\/07\/IV_Szolnoki_Grafikai_Szimpozium_plakat.jpg?resize=860%2C1216\" alt=\"\" width=\"860\" height=\"1216\" srcset=\"https:\/\/i1.wp.com\/szolnokimuvesztelep.com\/wp-content\/uploads\/2024\/07\/IV_Szolnoki_Grafikai_Szimpozium_plakat.jpg?w=1754 1754w, https:\/\/i1.wp.com\/szolnokimuvesztelep.com\/wp-content\/uploads\/2024\/07\/IV_Szolnoki_Grafikai_Szimpozium_plakat.jpg?resize=212%2C300 212w, https:\/\/i1.wp.com\/szolnokimuvesztelep.com\/wp-content\/uploads\/2024\/07\/IV_Szolnoki_Grafikai_Szimpozium_plakat.jpg?resize=724%2C1024 724w, https:\/\/i1.wp.com\/szolnokimuvesztelep.com\/wp-content\/uploads\/2024\/07\/IV_Szolnoki_Grafikai_Szimpozium_plakat.jpg?resize=768%2C1086 768w, https:\/\/i1.wp.com\/szolnokimuvesztelep.com\/wp-content\/uploads\/2024\/07\/IV_Szolnoki_Grafikai_Szimpozium_plakat.jpg?resize=1086%2C1536 1086w, https:\/\/i1.wp.com\/szolnokimuvesztelep.com\/wp-content\/uploads\/2024\/07\/IV_Szolnoki_Grafikai_Szimpozium_plakat.jpg?resize=1448%2C2048 1448w\" sizes=\"(max-width: 860px) 100vw, 860px\" data-recalc-dims=\"1\" \/><\/p>\n<p>&nbsp;<\/p>","protected":false},"excerpt":{"rendered":"<p>A Szolnoki M\u0171v\u00e9sztelep 2024-ben, negyedik alkalommal ad otthont a K\u00e9pgrafikusok Olgyai Viktor Egyes\u00fclet\u00e9nek szervez\u00e9s\u00e9ben megrendezend\u0151 Szolnoki Grafikai Szimp\u00f3ziumnak. Ezen program k\u00f6zel 35 hazai \u00e9s hat\u00e1ron t\u00fali grafikusm\u0171v\u00e9sz, illetve szakmai el\u0151ad\u00f3 sz\u00e1m\u00e1ra biztos\u00edt alkalmat az alkot\u00e1sra \u00e9s bemutatkoz\u00e1sra. A Szimp\u00f3zium ki\u00e1ll\u00edt\u00e1ssal z\u00e1rul, ahol a ki\u00e1ll\u00edt\u00f3 m\u0171v\u00e9szek bemutatj\u00e1k t\u00f6bbek k\u00f6z\u00f6tt a Szimp\u00f3zium&hellip; <\/p>","protected":false},"author":6,"featured_media":8669,"comment_status":"open","ping_status":"open","sticky":false,"template":"","format":"standard","meta":{"spay_email":"","jetpack_publicize_message":""},"categories":[55,58],"tags":[],"yst_prominent_words":[],"jetpack_featured_media_url":"https:\/\/i0.wp.com\/szolnokimuvesztelep.com\/wp-content\/uploads\/2024\/07\/szmt_honlap_slider_2024_grafikaiszimpoIV.jpg?fit=1244%2C460","jetpack_publicize_connections":[],"yoast_head":"<!-- This site is optimized with the Yoast SEO Premium plugin v14.1 - https:\/\/yoast.com\/wordpress\/plugins\/seo\/ -->\n<title>A IV. Szolnoki Grafikai Szimp\u00f3zium ki\u00e1ll\u00edt\u00e1sa I 2024.07.29 - 08.17. - SZOLNOKI M\u0170V\u00c9SZTELEP<\/title>\n<meta name=\"robots\" content=\"index, follow\" \/>\n<meta name=\"googlebot\" content=\"index, follow, max-snippet:-1, max-image-preview:large, max-video-preview:-1\" \/>\n<meta name=\"bingbot\" content=\"index, follow, max-snippet:-1, max-image-preview:large, max-video-preview:-1\" \/>\n<link rel=\"canonical\" href=\"http:\/\/szolnokimuvesztelep.com\/en\/2024\/07\/29\/iv-szolnoki-grafikai-szimpozium-kiallitasa-i-2024-07-29-08-17\/\" \/>\n<meta property=\"og:locale\" content=\"en_US\" \/>\n<meta property=\"og:type\" content=\"article\" \/>\n<meta property=\"og:title\" content=\"A IV. Szolnoki Grafikai Szimp\u00f3zium ki\u00e1ll\u00edt\u00e1sa I 2024.07.29 - 08.17. - SZOLNOKI M\u0170V\u00c9SZTELEP\" \/>\n<meta property=\"og:description\" content=\"A Szolnoki M\u0171v\u00e9sztelep 2024-ben, negyedik alkalommal ad otthont a K\u00e9pgrafikusok Olgyai Viktor Egyes\u00fclet\u00e9nek szervez\u00e9s\u00e9ben megrendezend\u0151 Szolnoki Grafikai Szimp\u00f3ziumnak. Ezen program k\u00f6zel 35 hazai \u00e9s hat\u00e1ron t\u00fali grafikusm\u0171v\u00e9sz, illetve szakmai el\u0151ad\u00f3 sz\u00e1m\u00e1ra biztos\u00edt alkalmat az alkot\u00e1sra \u00e9s bemutatkoz\u00e1sra. A Szimp\u00f3zium ki\u00e1ll\u00edt\u00e1ssal z\u00e1rul, ahol a ki\u00e1ll\u00edt\u00f3 m\u0171v\u00e9szek bemutatj\u00e1k t\u00f6bbek k\u00f6z\u00f6tt a Szimp\u00f3zium&hellip;\" \/>\n<meta property=\"og:url\" content=\"http:\/\/szolnokimuvesztelep.com\/en\/2024\/07\/29\/iv-szolnoki-grafikai-szimpozium-kiallitasa-i-2024-07-29-08-17\/\" \/>\n<meta property=\"og:site_name\" content=\"SZOLNOKI M\u0170V\u00c9SZTELEP\" \/>\n<meta property=\"article:publisher\" content=\"https:\/\/www.facebook.com\/szolnokimuvesztelepofficial\/\" \/>\n<meta property=\"article:published_time\" content=\"2024-07-29T09:00:39+00:00\" \/>\n<meta property=\"article:modified_time\" content=\"2024-08-21T08:42:03+00:00\" \/>\n<meta property=\"og:image\" content=\"https:\/\/i0.wp.com\/szolnokimuvesztelep.com\/wp-content\/uploads\/2024\/07\/szmt_honlap_slider_2024_grafikaiszimpoIV.jpg?fit=1244%2C460\" \/>\n\t<meta property=\"og:image:width\" content=\"1244\" \/>\n\t<meta property=\"og:image:height\" content=\"460\" \/>\n<script type=\"application\/ld+json\" class=\"yoast-schema-graph\">{\"@context\":\"https:\/\/schema.org\",\"@graph\":[{\"@type\":\"Organization\",\"@id\":\"http:\/\/szolnokimuvesztelep.com\/en\/#organization\",\"name\":\"Szolnoki M\\u0171v\\u00e9sztelep\",\"url\":\"http:\/\/szolnokimuvesztelep.com\/en\/\",\"sameAs\":[\"https:\/\/www.facebook.com\/szolnokimuvesztelepofficial\/\",\"https:\/\/www.instagram.com\/szolnoki_muvesztelep\/\",\"https:\/\/www.youtube.com\/channel\/UCAYRF4A8FrslG3J__XEjEoA\",\"https:\/\/hu.wikipedia.org\/wiki\/Szolnoki_m\\u0171v\\u00e9sztelep\"],\"logo\":{\"@type\":\"ImageObject\",\"@id\":\"http:\/\/szolnokimuvesztelep.com\/en\/#logo\",\"inLanguage\":\"en-US\",\"url\":\"https:\/\/i0.wp.com\/szolnokimuvesztelep.com\/wp-content\/uploads\/2020\/05\/szmt_2019_szlogen_psz-01.png?fit=2242%2C863\",\"width\":2242,\"height\":863,\"caption\":\"Szolnoki M\\u0171v\\u00e9sztelep\"},\"image\":{\"@id\":\"http:\/\/szolnokimuvesztelep.com\/en\/#logo\"}},{\"@type\":\"WebSite\",\"@id\":\"http:\/\/szolnokimuvesztelep.com\/en\/#website\",\"url\":\"http:\/\/szolnokimuvesztelep.com\/en\/\",\"name\":\"SZOLNOKI M\\u0170V\\u00c9SZTELEP\",\"description\":\"Meg\\u00fajul\\u00f3 hagyom\\u00e1ny\",\"publisher\":{\"@id\":\"http:\/\/szolnokimuvesztelep.com\/en\/#organization\"},\"potentialAction\":[{\"@type\":\"SearchAction\",\"target\":\"http:\/\/szolnokimuvesztelep.com\/en\/?s={search_term_string}\",\"query-input\":\"required name=search_term_string\"}],\"inLanguage\":\"en-US\"},{\"@type\":\"ImageObject\",\"@id\":\"http:\/\/szolnokimuvesztelep.com\/2024\/07\/29\/iv-szolnoki-grafikai-szimpozium-kiallitasa-i-2024-07-29-08-17\/#primaryimage\",\"inLanguage\":\"en-US\",\"url\":\"https:\/\/i0.wp.com\/szolnokimuvesztelep.com\/wp-content\/uploads\/2024\/07\/szmt_honlap_slider_2024_grafikaiszimpoIV.jpg?fit=1244%2C460\",\"width\":1244,\"height\":460},{\"@type\":\"WebPage\",\"@id\":\"http:\/\/szolnokimuvesztelep.com\/2024\/07\/29\/iv-szolnoki-grafikai-szimpozium-kiallitasa-i-2024-07-29-08-17\/#webpage\",\"url\":\"http:\/\/szolnokimuvesztelep.com\/2024\/07\/29\/iv-szolnoki-grafikai-szimpozium-kiallitasa-i-2024-07-29-08-17\/\",\"name\":\"A IV. Szolnoki Grafikai Szimp\\u00f3zium ki\\u00e1ll\\u00edt\\u00e1sa I 2024.07.29 - 08.17. - SZOLNOKI M\\u0170V\\u00c9SZTELEP\",\"isPartOf\":{\"@id\":\"http:\/\/szolnokimuvesztelep.com\/en\/#website\"},\"primaryImageOfPage\":{\"@id\":\"http:\/\/szolnokimuvesztelep.com\/2024\/07\/29\/iv-szolnoki-grafikai-szimpozium-kiallitasa-i-2024-07-29-08-17\/#primaryimage\"},\"datePublished\":\"2024-07-29T09:00:39+00:00\",\"dateModified\":\"2024-08-21T08:42:03+00:00\",\"inLanguage\":\"en-US\",\"potentialAction\":[{\"@type\":\"ReadAction\",\"target\":[\"http:\/\/szolnokimuvesztelep.com\/2024\/07\/29\/iv-szolnoki-grafikai-szimpozium-kiallitasa-i-2024-07-29-08-17\/\"]}]},{\"@type\":\"Article\",\"@id\":\"http:\/\/szolnokimuvesztelep.com\/2024\/07\/29\/iv-szolnoki-grafikai-szimpozium-kiallitasa-i-2024-07-29-08-17\/#article\",\"isPartOf\":{\"@id\":\"http:\/\/szolnokimuvesztelep.com\/2024\/07\/29\/iv-szolnoki-grafikai-szimpozium-kiallitasa-i-2024-07-29-08-17\/#webpage\"},\"author\":{\"@id\":\"http:\/\/szolnokimuvesztelep.com\/en\/#\/schema\/person\/455817b7faaefdc309af6d6d95453700\"},\"headline\":\"A IV. Szolnoki Grafikai Szimp\\u00f3zium ki\\u00e1ll\\u00edt\\u00e1sa I 2024.07.29 &#8211; 08.17.\",\"datePublished\":\"2024-07-29T09:00:39+00:00\",\"dateModified\":\"2024-08-21T08:42:03+00:00\",\"commentCount\":0,\"mainEntityOfPage\":{\"@id\":\"http:\/\/szolnokimuvesztelep.com\/2024\/07\/29\/iv-szolnoki-grafikai-szimpozium-kiallitasa-i-2024-07-29-08-17\/#webpage\"},\"publisher\":{\"@id\":\"http:\/\/szolnokimuvesztelep.com\/en\/#organization\"},\"image\":{\"@id\":\"http:\/\/szolnokimuvesztelep.com\/2024\/07\/29\/iv-szolnoki-grafikai-szimpozium-kiallitasa-i-2024-07-29-08-17\/#primaryimage\"},\"articleSection\":\"Arch\\u00edv,H\\u00edrek\",\"inLanguage\":\"en-US\",\"potentialAction\":[{\"@type\":\"CommentAction\",\"name\":\"Comment\",\"target\":[\"http:\/\/szolnokimuvesztelep.com\/2024\/07\/29\/iv-szolnoki-grafikai-szimpozium-kiallitasa-i-2024-07-29-08-17\/#respond\"]}]},{\"@type\":[\"Person\"],\"@id\":\"http:\/\/szolnokimuvesztelep.com\/en\/#\/schema\/person\/455817b7faaefdc309af6d6d95453700\",\"name\":\"Cselle Judit\",\"image\":{\"@type\":\"ImageObject\",\"@id\":\"http:\/\/szolnokimuvesztelep.com\/en\/#personlogo\",\"inLanguage\":\"en-US\",\"url\":\"http:\/\/0.gravatar.com\/avatar\/3eb98182a1cc7aad03ba91a0145855ba?s=96&d=mm&r=g\",\"caption\":\"Cselle Judit\"}}]}<\/script>\n<!-- \/ Yoast SEO Premium plugin. -->","jetpack_sharing_enabled":true,"jetpack_shortlink":"https:\/\/wp.me\/p9tpmR-2fM","jetpack_likes_enabled":true,"jetpack-related-posts":[],"_links":{"self":[{"href":"http:\/\/szolnokimuvesztelep.com\/en\/wp-json\/wp\/v2\/posts\/8666"}],"collection":[{"href":"http:\/\/szolnokimuvesztelep.com\/en\/wp-json\/wp\/v2\/posts"}],"about":[{"href":"http:\/\/szolnokimuvesztelep.com\/en\/wp-json\/wp\/v2\/types\/post"}],"author":[{"embeddable":true,"href":"http:\/\/szolnokimuvesztelep.com\/en\/wp-json\/wp\/v2\/users\/6"}],"replies":[{"embeddable":true,"href":"http:\/\/szolnokimuvesztelep.com\/en\/wp-json\/wp\/v2\/comments?post=8666"}],"version-history":[{"count":2,"href":"http:\/\/szolnokimuvesztelep.com\/en\/wp-json\/wp\/v2\/posts\/8666\/revisions"}],"predecessor-version":[{"id":8671,"href":"http:\/\/szolnokimuvesztelep.com\/en\/wp-json\/wp\/v2\/posts\/8666\/revisions\/8671"}],"wp:featuredmedia":[{"embeddable":true,"href":"http:\/\/szolnokimuvesztelep.com\/en\/wp-json\/wp\/v2\/media\/8669"}],"wp:attachment":[{"href":"http:\/\/szolnokimuvesztelep.com\/en\/wp-json\/wp\/v2\/media?parent=8666"}],"wp:term":[{"taxonomy":"category","embeddable":true,"href":"http:\/\/szolnokimuvesztelep.com\/en\/wp-json\/wp\/v2\/categories?post=8666"},{"taxonomy":"post_tag","embeddable":true,"href":"http:\/\/szolnokimuvesztelep.com\/en\/wp-json\/wp\/v2\/tags?post=8666"},{"taxonomy":"yst_prominent_words","embeddable":true,"href":"http:\/\/szolnokimuvesztelep.com\/en\/wp-json\/wp\/v2\/yst_prominent_words?post=8666"}],"curies":[{"name":"wp","href":"https:\/\/api.w.org\/{rel}","templated":true}]}}