{"id":8591,"date":"2024-05-08T09:33:31","date_gmt":"2024-05-08T09:33:31","guid":{"rendered":"http:\/\/szolnokimuvesztelep.com\/?p=8591"},"modified":"2024-07-11T09:31:49","modified_gmt":"2024-07-11T09:31:49","slug":"para-suto-robert-kiallitasa-i-2024-05-17-06-15","status":"publish","type":"post","link":"http:\/\/szolnokimuvesztelep.com\/en\/2024\/05\/08\/para-suto-robert-kiallitasa-i-2024-05-17-06-15\/","title":{"rendered":"S\u00fct\u0151 R\u00f3bert  I  P\u00e1ra  I  2024.05.17- 06.15."},"content":{"rendered":"<p><img data-attachment-id=\"8593\" data-permalink=\"http:\/\/szolnokimuvesztelep.com\/en\/2024\/05\/08\/para-suto-robert-kiallitasa-i-2024-05-17-06-15\/suto_robert_meghivo_szmt_2024\/\" data-orig-file=\"https:\/\/i2.wp.com\/szolnokimuvesztelep.com\/wp-content\/uploads\/2024\/05\/Suto_Robert_Meghivo_szmt_2024.jpg?fit=2480%2C1169\" data-orig-size=\"2480,1169\" data-comments-opened=\"1\" data-image-meta=\"{&quot;aperture&quot;:&quot;0&quot;,&quot;credit&quot;:&quot;&quot;,&quot;camera&quot;:&quot;&quot;,&quot;caption&quot;:&quot;&quot;,&quot;created_timestamp&quot;:&quot;0&quot;,&quot;copyright&quot;:&quot;&quot;,&quot;focal_length&quot;:&quot;0&quot;,&quot;iso&quot;:&quot;0&quot;,&quot;shutter_speed&quot;:&quot;0&quot;,&quot;title&quot;:&quot;&quot;,&quot;orientation&quot;:&quot;0&quot;}\" data-image-title=\"Suto_Robert_Meghivo_szmt_2024\" data-image-description=\"\" data-medium-file=\"https:\/\/i2.wp.com\/szolnokimuvesztelep.com\/wp-content\/uploads\/2024\/05\/Suto_Robert_Meghivo_szmt_2024.jpg?fit=300%2C141\" data-large-file=\"https:\/\/i2.wp.com\/szolnokimuvesztelep.com\/wp-content\/uploads\/2024\/05\/Suto_Robert_Meghivo_szmt_2024.jpg?fit=790%2C373\" loading=\"lazy\" class=\"alignnone size-full wp-image-8593\" src=\"https:\/\/i2.wp.com\/szolnokimuvesztelep.com\/wp-content\/uploads\/2024\/05\/Suto_Robert_Meghivo_szmt_2024.jpg?resize=860%2C405\" alt=\"\" width=\"860\" height=\"405\" srcset=\"https:\/\/i2.wp.com\/szolnokimuvesztelep.com\/wp-content\/uploads\/2024\/05\/Suto_Robert_Meghivo_szmt_2024.jpg?w=2480 2480w, https:\/\/i2.wp.com\/szolnokimuvesztelep.com\/wp-content\/uploads\/2024\/05\/Suto_Robert_Meghivo_szmt_2024.jpg?resize=300%2C141 300w, https:\/\/i2.wp.com\/szolnokimuvesztelep.com\/wp-content\/uploads\/2024\/05\/Suto_Robert_Meghivo_szmt_2024.jpg?resize=1024%2C483 1024w, https:\/\/i2.wp.com\/szolnokimuvesztelep.com\/wp-content\/uploads\/2024\/05\/Suto_Robert_Meghivo_szmt_2024.jpg?resize=768%2C362 768w, https:\/\/i2.wp.com\/szolnokimuvesztelep.com\/wp-content\/uploads\/2024\/05\/Suto_Robert_Meghivo_szmt_2024.jpg?resize=1536%2C724 1536w, https:\/\/i2.wp.com\/szolnokimuvesztelep.com\/wp-content\/uploads\/2024\/05\/Suto_Robert_Meghivo_szmt_2024.jpg?resize=2048%2C965 2048w, https:\/\/i2.wp.com\/szolnokimuvesztelep.com\/wp-content\/uploads\/2024\/05\/Suto_Robert_Meghivo_szmt_2024.jpg?w=1720 1720w\" sizes=\"(max-width: 860px) 100vw, 860px\" data-recalc-dims=\"1\" \/><\/p>\n<p>&nbsp;<\/p>\n<p><span>A Szolnoki M\u0171v\u00e9sztelep megh\u00edvja \u00d6nt \u00e9s bar\u00e1tait<\/span><\/p>\n<div>S\u00fct\u0151 R\u00f3bert fest\u0151m\u0171v\u00e9sz<\/div>\n<div>P\u00e1ra c\u00edm\u0171 ki\u00e1ll\u00edt\u00e1s\u00e1ra<\/div>\n<div><\/div>\n<div>Id\u0151pont:<br \/>\n2024. m\u00e1jus 17., p\u00e9ntek 18.00 \u00f3ra<\/div>\n<div>Helysz\u00edn:<br \/>\nSzolnoki M\u0171v\u00e9sztelep Kert Gal\u00e9ria<br \/>\n(5000 Szolnok, Gutenberg t\u00e9r 12\/12.)<\/div>\n<div>Megnyitja:<br \/>\nNagy Zop\u00e1n fot\u00f3m\u0171v\u00e9sz, k\u00f6lt\u0151<\/div>\n<div>Megtekinthet\u0151:<br \/>\n2024. j\u00fanius 15-ig (H-Szo: 9.00 \u2013 16.00)<\/div>\n<div><\/div>\n<div><\/div>\n<div><\/div>\n<p>&nbsp;<\/p>\n<div><img data-attachment-id=\"8600\" data-permalink=\"http:\/\/szolnokimuvesztelep.com\/en\/2024\/05\/08\/para-suto-robert-kiallitasa-i-2024-05-17-06-15\/suto-robert_portre\/\" data-orig-file=\"https:\/\/i2.wp.com\/szolnokimuvesztelep.com\/wp-content\/uploads\/2024\/05\/suto-robert_portre-scaled.jpg?fit=2560%2C1439\" data-orig-size=\"2560,1439\" data-comments-opened=\"1\" data-image-meta=\"{&quot;aperture&quot;:&quot;3.8&quot;,&quot;credit&quot;:&quot;&quot;,&quot;camera&quot;:&quot;DC-FZ82&quot;,&quot;caption&quot;:&quot;&quot;,&quot;created_timestamp&quot;:&quot;1700128192&quot;,&quot;copyright&quot;:&quot;&quot;,&quot;focal_length&quot;:&quot;8.6&quot;,&quot;iso&quot;:&quot;1600&quot;,&quot;shutter_speed&quot;:&quot;0.066666666666667&quot;,&quot;title&quot;:&quot;&quot;,&quot;orientation&quot;:&quot;1&quot;}\" data-image-title=\"suto robert_portre\" data-image-description=\"\" data-medium-file=\"https:\/\/i2.wp.com\/szolnokimuvesztelep.com\/wp-content\/uploads\/2024\/05\/suto-robert_portre-scaled.jpg?fit=300%2C169\" data-large-file=\"https:\/\/i2.wp.com\/szolnokimuvesztelep.com\/wp-content\/uploads\/2024\/05\/suto-robert_portre-scaled.jpg?fit=790%2C444\" loading=\"lazy\" class=\"alignnone size-full wp-image-8600\" src=\"https:\/\/i2.wp.com\/szolnokimuvesztelep.com\/wp-content\/uploads\/2024\/05\/suto-robert_portre-scaled.jpg?resize=860%2C483\" alt=\"\" width=\"860\" height=\"483\" srcset=\"https:\/\/i2.wp.com\/szolnokimuvesztelep.com\/wp-content\/uploads\/2024\/05\/suto-robert_portre-scaled.jpg?w=2560 2560w, https:\/\/i2.wp.com\/szolnokimuvesztelep.com\/wp-content\/uploads\/2024\/05\/suto-robert_portre-scaled.jpg?resize=300%2C169 300w, https:\/\/i2.wp.com\/szolnokimuvesztelep.com\/wp-content\/uploads\/2024\/05\/suto-robert_portre-scaled.jpg?resize=1024%2C575 1024w, https:\/\/i2.wp.com\/szolnokimuvesztelep.com\/wp-content\/uploads\/2024\/05\/suto-robert_portre-scaled.jpg?resize=768%2C432 768w, https:\/\/i2.wp.com\/szolnokimuvesztelep.com\/wp-content\/uploads\/2024\/05\/suto-robert_portre-scaled.jpg?resize=1536%2C863 1536w, https:\/\/i2.wp.com\/szolnokimuvesztelep.com\/wp-content\/uploads\/2024\/05\/suto-robert_portre-scaled.jpg?resize=2048%2C1151 2048w, https:\/\/i2.wp.com\/szolnokimuvesztelep.com\/wp-content\/uploads\/2024\/05\/suto-robert_portre-scaled.jpg?w=1720 1720w\" sizes=\"(max-width: 860px) 100vw, 860px\" data-recalc-dims=\"1\" \/><\/div>\n<div><\/div>\n<div>\n<p>&nbsp;<\/p>\n<p><strong>S\u00dcT\u0150 R\u00d3BERT<\/strong><br \/>\nfest\u0151m\u0171v\u00e9sz<br \/>\nMiskolc, 1977. m\u00e1rcius 29.<\/p>\n<p><strong>Tanulm\u00e1nyok:<\/strong>\u00a01998-2003 Magyar K\u00e9pz\u0151m\u0171v\u00e9szeti Egyetem, Fest\u0151 szak, Budapest | 1996-1997 Eszterh\u00e1zy K\u00e1roly Tan\u00e1rk\u00e9pz\u0151 F\u0151iskola, Eger | 1991-1995 Avasi Gimn\u00e1zium, Miskolc<\/p>\n<p>&nbsp;<\/p>\n<p><strong>Egy\u00e9ni ki\u00e1ll\u00edt\u00e1sok:<\/strong><\/p>\n<p>2022- \u201eVISIO\u201d, EJF Kort\u00e1rs Gal\u00e9ria, Baja | 2019- Mansfeld P\u00e9ter Gal\u00e9ria, Csepel | 2019- \u201dstatus\u201d, Kalocsa V\u00e1rosi Gal\u00e9ria\u00a0 | 2018- \u201ddeux\u201d, Ari Kupsus Gallery, Budapest\u00a0 | 2017- \u201dAREA\u201d, Miskolci Gal\u00e9ria, Miskolc | 2017- Ari Kupsus Gallery, Budapest | 2016- \u201eR:ED&amp;\u201d, Titok Gal\u00e9ria, Budapest | 2016- \u201dimagunculae\u201d, Sz\u00e9kely Lak\u00e1sgal\u00e9ria, Budapest | 2016- \u201dmutatis mutandis\u201d, Gebauer Gal\u00e9ria, P\u00e9cs\u00a0 | 2015- \u201dconfig.\u201d, \u00c9rdi Gal\u00e9ria, \u00c9rd\u00a0 | 2013- \u201dApertura\u201d, Pepper Art Projects, Budapest | 2012- K\u00f3s H\u00e1z, Miskolc | 2012- \u201dMURUS\u201d, Miskolci Gal\u00e9ria R\u00e1k\u00f3czi-h\u00e1z,\u00a0 | 2011- \u201dk\u00f6d, fal, t\u00fck\u00f6r\u201d, E\u00f6tv\u00f6s Gal\u00e9ria, Baja | 2011- \u201dIpari t\u00e1j\u201d, \u00d6r\u00f6kmozg\u00f3 Gal\u00e9ria, Budapest\u00a0 | 2010- M\u00e9liusz K\u00f6zpont, \/Pap Gitt\u00e1val\/,Debrecen | 2009- Sz\u00e9kelyudvarhelyi V\u00e1rosi K\u00f6nyvt\u00e1r, \/Pap Gitt\u00e1val\/,Sz\u00e9kelyudvarhely, RO | 2008- Kriterion gal\u00e9ria, \/Pap Gitt\u00e1val\/, Cs\u00edkszereda,RO | 2008- Barcsay M\u00fazeum, Szentendre | 2007- Nagy Balogh J\u00e1nos Ki\u00e1ll\u00edt\u00f3terem, Budapest | 2007- Chinese Characters Contemporary Art Space, Budapest | 2005- Parafa Gal\u00e9ria,\/Pap Gitt\u00e1val\/,Hajd\u00fab\u00f6sz\u00f6rm\u00e9ny | 2005- Magyar Kult\u00far\u00e1lis Int\u00e9zet, Pr\u00e1ga, CZ | 2004- \u201dvelocity\u201d, Multicont Rt. Gal\u00e9ria, Budapest | 2004- \u201dWUNDERBAUM\u201d, Meander Gal\u00e9ria, Budapest<\/p>\n<p>&nbsp;<\/p>\n<p><strong>V\u00e1logatott csoportos ki\u00e1ll\u00edt\u00e1sok:<\/strong><\/p>\n<p>2023- T\u00d6RED\u00c9K, MMG, Budapest | 2022- Caffart 13 ki\u00e1ll\u00edt\u00e1s, EJF Kort\u00e1rs Gal\u00e9ria, Baja | 2022- V\u00c1LOGAT\u00c1S A CAFFART NEMZETK\u00d6ZI M\u0170V\u00c9SZTELEP GY\u0170JTEM\u00c9NY\u00c9B\u0150L, Szolnoki M\u0171v\u00e9sztelep Kert Gal\u00e9ria | 2022- GONE VIRAL, Collegium Hungaricum, B\u00e9cs | 2022- GONE VIRAL, K\u00e9pez\u0151, Budapest | \u00a02021- Caffart 12 ki\u00e1ll\u00edt\u00e1s, EJF Kort\u00e1rs Gal\u00e9ria, Baja | Caffart ki\u00e1ll\u00edt\u00e1s, Hatvani Gal\u00e9ria |\u00a0 2020- VIRTU\u00c1LIS, Caffart, Marcali M\u0171vel\u0151d\u00e9si K\u00f6zpont, Kultur\u00e1lis Korz\u00f3, Kort\u00e1rs Gal\u00e9ria | 2020- Joint Exhibition Indonesia Hungary 2020 \u201eCelebrating Diversity\u201d, Cemara 6 Art Centre,\u00a0 Jakarta | 2020- A 11. Caffart Nemzetk\u00f6zi M\u0171v\u00e9sztelep ki\u00e1ll\u00edt\u00e1sa, EJF Kort\u00e1rs Gal\u00e9ria, Baja | 2020- B\u00c1BEL, Caffart ki\u00e1ll\u00edt\u00e1s , V\u00e1rmez\u0151 Gal\u00e9ria, Budapest |2019- X CAFFART, E\u00f6tv\u00f6s J\u00f3zsef Kort\u00e1rs Gal\u00e9ria, Baja | 2019- Caffart ki\u00e1ll\u00edt\u00e1s, Mansfeld P\u00e9ter Gal\u00e9ria, Csepel | 2019- Patak Fesztiv\u00e1l 2019., V\u00e1rosi gal\u00e9ria, Szigetszentmikl\u00f3s | 2019- Szabadiskola 100, Miskolci Gal\u00e9ria | 2019- Bolg\u00e1r Kultur\u00e1lis Int\u00e9zet, Budapest | 2019- Caffart ki\u00e1ll\u00edt\u00e1s, Kalocsa V\u00e1rosi Gal\u00e9ria | 2019 \u2013 Biuro Wystaw Artystycznych w Kielcach, Kielce PL | 2018- 9. Caffart Nemzetk\u00f6zi M\u0171v\u00e9sztelep ki\u00e1ll\u00edt\u00e1sa, Baja | 2018- \u201eEntr\u00f3pia\u201d, Caffart ki\u00e1ll\u00edt\u00e1s, V\u00e1rosi Gal\u00e9ria Szigetszentmikl\u00f3s | 2018- \u201eDiversita\u2019\u201d, Caffart Ki\u00e1ll\u00edt\u00e1s ,Centro Arte Lupier, Gardone Val Trompia IT |2018- Caffart ki\u00e1ll\u00edt\u00e1s, KMG Dunaszerdahely | 2018- Caffart ki\u00e1ll\u00edt\u00e1s, Faluh\u00e1z T\u00f6r\u00f6kb\u00e1lint | 2018- Caffart ki\u00e1ll\u00edt\u00e1s, Miskolci Gal\u00e9ria | 2017- 8. Caffart Nemzetk\u00f6zi M\u0171v\u00e9sztelep ki\u00e1ll\u00edt\u00e1sa, Baja | 2017- Viegrad4Art, Nemzeti M\u00fazeum, Przemysl, Lengyelorsz\u00e1g | 2017- XY \u2013 \u00dajgener\u00e1ci\u00f3s lengyel-magyar fest\u00e9szet, MODEM, Debrecen |2017- Keresztury Dezs\u0151 VMK V\u00e1rosi Hangverseny- \u00e9s Ki\u00e1ll\u00edt\u00f3terem, Zalaegerszeg \/Caffart\/ | 2016- XXIII. Miskolci T\u00e9li T\u00e1rlat, Miskolc |2016- St\u00e1dium, E\u00f6tv\u00f6s J\u00f3zsef F\u0151iskola Baja | 2016- Momentum, P\u00e9cs, Civil K\u00f6z\u00f6ss\u00e9gek H\u00e1za Gebauer Gal\u00e9ria \/Caffart\/ | 2016- \u00d6t \u00e9v Baj\u00e1n, E\u00f6tv\u00f6s J\u00f3zsef F\u0151iskola Baja \/Caffart\/ | 2016- President st., Az Eln\u00f6k utcai m\u0171v\u00e9sztelep ki\u00e1ll\u00edt\u00e1sa, Bart\u00f3k 1 Gal\u00e9ria, Budapest | 2015- Mazsaroff-d\u00edjasok ki\u00e1ll\u00edt\u00e1sa, Dimitar Dobrovics Sz\u00e9pm\u0171v\u00e9szeti Gal\u00e9ria, Szliven, BG | 2015- Caffart Nemzetk\u00f6zi M\u0171v\u00e9sztelep ki\u00e1ll\u00edt\u00e1sa, ArtI X-XI Gal\u00e9ria, Budapest | 2015- Caffart K\u00e9pz\u0151m\u0171v\u00e9szeti Egyes\u00fclet ki\u00e1ll\u00edt\u00e1sa, Kossuth utcai Gal\u00e9ria, Cs\u00edkszereda, RO | 2015- Mazsaroff-d\u00edjasok ki\u00e1ll\u00edt\u00e1sa, Ilija Beskov Sz\u00e9pm\u0171v\u00e9szeti Gal\u00e9ria, Pleven, BG | 2015- Mazsaroff-d\u00edjasok ki\u00e1ll\u00edt\u00e1sa, Hriszto Cokev Sz\u00e9pm\u0171v\u00e9szeti Gal\u00e9ria, Gabrovo, BG |2015- Mazsaroff-d\u00edjasok ki\u00e1ll\u00edt\u00e1sa, Magyar Kultur\u00e1lis Int\u00e9zet, Sz\u00f3fia, BG | 2015- KOPPELUNGEN, Meiningen, DE \/Caffart\/ | 2015- SZEGMENS, K\u00e1polna Gal\u00e9ria, Kecskem\u00e9t \/Caffart\/ | 2015- Sensaria ki\u00e1ll\u00edt\u00e1s, Babits Mih\u00e1ly Kultur\u00e1lis K\u00f6zpont, Szeksz\u00e1rd<\/p>\n<p>&nbsp;<\/p>\n<p><strong>Mur\u00e1lis munk\u00e1k:<\/strong><\/p>\n<p>2016- Miskolc, L\u00e9vay Reform\u00e1tus Gimn\u00e1zium, m\u0171v\u00e9szi feliratok fest\u00e9se | 2015- F\u00fcz\u00e9r, Fels\u0151 v\u00e1r m\u0171v\u00e9szeti fest\u00e9se | 2010- Miskolc, M\u00fazs\u00e1k Kertje, fresk\u00f3 | 2007- S\u00e1rospatak, Szent Erzs\u00e9bet H\u00e1z homlokzat\u00e1nak m\u0171v\u00e9szeti fest\u00e9se (szerz\u0151 \u00e9s ker\u00e1mia: Vincze Ildik\u00f3, fest\u00e9s: Balogh Zs\u00f3fi\u00e1val) | 2007- Miskolc, Di\u00f3sgy\u0151ri K\u00e9zm\u0171ves Alkot\u00f3h\u00e1z, d\u00edsz\u00edt\u0151fest\u00e9s | 2007- Miskolc, Kem\u00e9ny utca, nap\u00f3ra terv, fest\u00e9s | 2006- Miskolc-Tapolca, B\u00e1rtfai utcai villa, d\u00edsz\u00edt\u0151fest\u00e9s |2002- Miskolc, Nyilas Misi H\u00e1z, d\u00edsz\u00edt\u0151fest\u00e9s | 2001- Miskolc, Fr\u00e1ter Gy\u00f6rgy Katolikus Gimn\u00e1zium, \u00c1rp\u00e1d-h\u00e1z szentjeinek f\u00e1ja (szerz\u0151: Vincze Ildik\u00f3, Balogh Zs\u00f3fia, fest\u00e9s: L\u00e1szl\u00f3 D\u00e1niel, S\u00fct\u0151 R\u00f3bert)<\/p>\n<p>&nbsp;<\/p>\n<p><strong>D\u00edjak:<\/strong><\/p>\n<p>2014- XXII. Miskolci T\u00e9li T\u00e1rlat, Herman Ott\u00f3 M\u00fazeum \u00e9s a Miskolci Gal\u00e9ria d\u00edja | 2014- 61. V\u00e1s\u00e1rhelyi \u0150szi T\u00e1rlat, Simon S\u00e1ndor munkajutalom | 2013- Budapest Gal\u00e9ria \u00f6szt\u00f6nd\u00edja \u2013 Krems | 2011- Mazsaroff Mikl\u00f3s-d\u00edj | 2008- Barcsay-d\u00edj | 2006- Hajd\u00fas\u00e1gi Nemzetk\u00f6zi M\u0171v\u00e9sztelep, K\u00fcl\u00f6nd\u00edj<\/p>\n<\/div>\n<p>&nbsp;<\/p>\n<p>\u201eS\u00fct\u0151 R\u00f3bert Barcsay-d\u00edjas \u00e9s Mazsaroff Mikl\u00f3s-d\u00edjas fest\u0151m\u0171v\u00e9sz \u2026alkot\u00e1sai el\u0151tt sokszor neh\u00e9z is eld\u00f6nteni, vajon absztrakci\u00f3val, term\u00e9szetelv\u0171s\u00e9ggel, vagy a term\u00e9szetelv\u0171s\u00e9g szok\u00e1sost\u00f3l elt\u00e9r\u0151 \u00e9rtelmez\u00e9s\u00e9vel \u00e1llunk szemben: olyanfajta k\u00e9p\u00e9p\u00edt\u00e9ssel, amelynek sor\u00e1n a m\u0171v\u00e9sz a formai szervez\u0151d\u00e9s \u00e1ltal\u00e1nos t\u00f6rv\u00e9nyszer\u0171s\u00e9geit kutatja, ak\u00e1r az erd\u0151, a n\u00f6v\u00e9nyek, ak\u00e1r a h\u00e1zak, ipari \u00e9p\u00fcletek vil\u00e1g\u00e1r\u00f3l, ak\u00e1r az \u00fcveggoly\u00f3ba z\u00e1rt t\u00e1vols\u00e1gr\u00f3l van sz\u00f3. Term\u00e9szetelv\u0171s\u00e9g ez is, csak nem a merev lehat\u00e1rolts\u00e1g \u00e9s mozdulatlans\u00e1g elv\u00e9t vallja, \u00e9ltet\u0151 ereje a gondolat \u00e9s a mozdulat sz\u00fcntelen mozg\u00e1sa \u00e9s v\u00e1ltoz\u00e1sa. Ennek engedelmeskedik a m\u0171v\u00e9sz, amikor egyazon vagy hasonl\u00f3 mot\u00edvumnak t\u00f6bb darabb\u00f3l \u00e1ll\u00f3 vari\u00e1ci\u00f3s sor\u00e1t teremti meg. S\u00fct\u0151 R\u00f3bert \u00e9ppen k\u00e9t \u00e9vtizede j\u00e1r ezen az \u00faton, \u00edgy ezt a szeml\u00e9letet, gondolkod\u00e1st, k\u00e9pekkel hiteles\u00edtett kompoz\u00edci\u00f3s elvet m\u0171v\u00e9szete legjellemz\u0151bb von\u00e1s\u00e1nak tekinthetj\u00fck. Az ezredfordul\u00f3t k\u00f6vet\u0151en t\u00f6bb utat j\u00e1rt v\u00e9gig, t\u00f6bb szeml\u00e9letm\u00f3ddal pr\u00f3b\u00e1lkozott, amelyek k\u00f6z\u00fcl mindegyik alkalmas lett volna arra. hogy \u00f6n\u00e1ll\u00f3an kit\u00f6lts\u00f6n egy \u00e9letm\u0171vet. Benne azonban a bels\u0151 \u00e9rz\u00e9kenys\u00e9g az intellektus kutat\u00f3\u00f6szt\u00f6n\u00e9vel p\u00e1rosult, \u00edgy ez sz\u00fcntelen el\u0151r\u00e9bb vitte \u0151t, mik\u00f6zben \u00fajabb \u00e9s \u00fajabb ter\u00fcleteket h\u00f3d\u00edtott \u00e9s h\u00f3d\u00edt meg m\u0171v\u00e9szete sz\u00e1m\u00e1ra, m\u00edg a vizsg\u00e1lt ter\u00fcletnek, v\u00e9gs\u0151 fokon ember \u00e9s term\u00e9szeti\/\u00e9p\u00edtett k\u00f6rnyezete, a l\u00e9lek \u00e9s az anyag vil\u00e1g\u00e1nak is egyre ink\u00e1bb a m\u00e9ly\u00e9re hatol.<br \/>\nS\u00fct\u0151 R\u00f3bert m\u0171v\u00e9szet\u00e9ben a kort\u00e1rs val\u00f3s\u00e1g felsz\u00ednes k\u00f6penye alatt rejt\u0151z\u0151 dr\u00e1mai v\u00e1ltoz\u00e1sok, szubjekt\u00edv benyom\u00e1sok, szem\u00e9lyes \u00e9rz\u00e9sek szenzu\u00e1lis, szimbolikus, de korszer\u0171 megfogalmaz\u00e1s\u00e1ra tesz k\u00eds\u00e9rletet. A konceptu\u00e1lis m\u0171v\u00e9szet hideg agytorn\u00e1j\u00e1t t\u00fall\u00e9pve olyan saj\u00e1tosan \u00faj m\u0171v\u00e9szi nyelvet teremtett \u00e9s haszn\u00e1l, amely r\u00e9gi jogaiba helyezi vissza a k\u00f6z\u00f6ns\u00e9g tetsz\u00e9s\u00e9t, mint a m\u0171alkot\u00e1s egyik legfontosabb krit\u00e9rium\u00e1t. M\u0171v\u00e9szet\u00e9ben a v\u00e1szon, a fest\u00e9k, a k\u00e9p szenzu\u00e1lisan teszik felfoghat\u00f3v\u00e1 gondolatait, elk\u00e9pzel\u00e9seit, \u00e9rz\u00e9seit. Egy ember n\u00e9lk\u00fcli vil\u00e1gban t\u00f6rt\u00e9n\u0151 k\u00fcl\u00f6n\u00f6s id\u0151utaz\u00e1s\u00e1val visszaford\u00edtani l\u00e1tszik az id\u0151t: a konceptu\u00e1lis m\u0171v\u00e9szettel p\u00e1rhuzamos dimenzi\u00f3ban indul el, egy eg\u00e9szen \u00faj ir\u00e1nyba. S\u00fct\u0151 R\u00f3bert m\u0171v\u00e9szet\u00e9ben \u2013 az \u00fagynevezett \u201eterm\u00e9szetes sz\u00e9pt\u0151l\u201d elt\u00e9r\u0151en \u2013 van egyfajta (a puszta fizikai \u00e9s \u00e9rz\u00e9ki adotts\u00e1gokhoz k\u00e9pest valamik\u00e9ppen \u00e1tl\u00e9nyeg\u00edtett) transzcendentalit\u00e1s, ami bizonyos \u00e9rtelemben k\u00edv\u00fcl helyezi \u0151t k\u00f6z\u00f6s val\u00f3s\u00e1gunk \u00e1lland\u00f3s\u00e1ga al\u00f3l. A S\u00fct\u0151 m\u0171vek formai felsz\u00edn\u00e9n \u00e9s tartalmi m\u00e9lys\u00e9g\u00e9n t\u00fal, a fizikai val\u00f3s\u00e1g fest\u00e9kr\u00e9tege m\u00f6g\u00f6tt l\u00e9tezik egy l\u00e1thatatlan, dinamikus transzcendencia, amely t\u00fall\u00e9p a v\u00e1szon ny\u00fajtotta lehet\u0151s\u00e9gek szor\u00edt\u00f3 kereteib\u0151l, t\u00fall\u00e9p az ecset nyomvonal\u00e1nak k\u00e9nyszer\u00edt\u0151 k\u00f6t\u00f6tts\u00e9g\u00e9b\u0151l, a megv\u00e1ltoztathatatlannak v\u00e9lt fizikai t\u00e9nyszer\u0171s\u00e9gekb\u0151l.<br \/>\nS\u00fct\u0151 R\u00f3bert m\u0171v\u00e9szet\u00e9t az akci\u00f3fest\u00e9szet \u00e9s az absztrakci\u00f3 k\u00f6z\u00f6tt kell elhelyezn\u00fcnk. F\u00f6ld\u00f6n t\u00fali t\u00e1jakon, parttalan lebeg\u00e9sben, l\u00e9g\u00fcres t\u00e9rben, v\u00f6r\u00f6s izz\u00e1sban, fagyos rian\u00e1sban, s\u00e1rga, k\u00e9k, v\u00f6r\u00f6s, fekete b\u00e1rsonymez\u0151k\u00f6n. foltok \u00e9s vonalak \u00f6lel\u00e9s\u00e9ben, takar\u00e1s\u00e1ban, pormentes m\u0171v\u00e9szi hangon, a mesters\u00e9g, a tud\u00e1s nagyvonal\u00fa pedant\u00e9ri\u00e1j\u00e1val, egy kozmikus t\u00e1vlat\u00fa val\u00f3s\u00e1g tiszt\u00e1n cseng\u0151 \u00fcveghangj\u00e1n sz\u00f3l hozz\u00e1nk. Az ember n\u00e9lk\u00fcli t\u00e1j metszeteit a fel\u00fclr\u0151l cs\u00f6rg\u0151 sejtelmes sz\u00ednf\u00fcgg\u00f6ny\u00f6k, a horizonton a szemnek megnyugv\u00e1st k\u00edn\u00e1l\u00f3 sz\u00edn modul\u00e1ci\u00f3k valamif\u00e9le \u00e9teri t\u00e9r t\u00f6mbj\u00e9v\u00e9 alak\u00edtj\u00e1k \u00e1t a n\u00e9gyzetes fel\u00fcleteket. A p\u00e1rhuzamos, front\u00e1lis form\u00e1k egyidej\u0171leg hozz\u00e1k mozg\u00e1sba a szeml\u00e9l\u0151ben a k\u00e9pfel\u00fclet s\u00edkj\u00e1t \u00e9s a m\u00e9lys\u00e9g \u00e9rzet\u00e9t, mint ellenhat\u00e1st, amely \u00edgy mindk\u00e9t v\u00e9gletet meg\u00f3vja az elt\u0171n\u00e9st\u0151l vagy az egy\u00e9rtelm\u0171v\u00e9 v\u00e1l\u00e1st\u00f3l.<br \/>\nA l\u00e1tv\u00e1ny ellen\u00e9re a m\u0171v\u00e9sz nem t\u00e1madja meg indulatos mozdulatokkal v\u00e1sznait, ink\u00e1bb nagyvonal\u00fa, puha ecsetvon\u00e1sokkal simogatja a fel\u00fcletet, s \u00fagy \u00e9rv\u00e9nyes\u00edti a sz\u00edneket, hogy nem z\u00e1rja kalitk\u00e1ba \u0151ket. A hatalmas sz\u00ednmez\u0151k m\u00f6g\u00f6tt el\u0151bukkan\u00f3 t\u00e1jk\u00e9pek izgatottan v\u00e1rj\u00e1k, hogy \u00e1tl\u00e9pj\u00fcnk az \u0151 vil\u00e1gukba. A k\u00e9pek a n\u00e9z\u0151t \u00e9rzelmileg megragadj\u00e1k, megp\u00f6rgetik, beszippantj\u00e1k, m\u00edg egyszer csak azt vessz\u00fck \u00e9szre, hogy elvesz\u00edtett\u00fcnk mindenfajta racion\u00e1lis kontrollt, s a k\u00e9pben l\u00e9tez\u00fcnk tov\u00e1bb, ahol az ember n\u00e9lk\u00fcli v\u00edz alatti vagy v\u00edz feletti vil\u00e1got egyszerre \u00e9rezz\u00fck viharosnak \u00e9s b\u00e9k\u00e9snek, hangosnak \u00e9s csendesnek, fesz\u00fcltnek \u00e9s megnyugtat\u00f3nak.<br \/>\nS\u00fct\u0151 R\u00f3bert jav\u00e1ban alkot\u00f3 m\u0171v\u00e9sz, ez\u00e9rt m\u0171v\u00e9szett\u00f6rt\u00e9neti elhelyez\u00e9se korai lenne. Annyi azonban bizonyos, hogy a 21. sz\u00e1zadi magyar fest\u00e9szet progressz\u00edv ir\u00e1ny\u00e1hoz kapcsol\u00f3dik, azokhoz az alkot\u00f3khoz, akik az eur\u00f3pai fest\u00e9szetb\u0151l is ugyanezt a szellemet sz\u00edvt\u00e1k magukba, ak\u00e1r Rothko-ban, ak\u00e1r Still-ben, ak\u00e1r Motherwell-ben tal\u00e1lnak rokonra. De tal\u00e1n m\u00e9g enn\u00e9l is fontosabb, hogy olyan sz\u00edn \u00e9s formavil\u00e1got siker\u00fclt l\u00e9trehoznia, amely jellegzetesen, saj\u00e1tosan \u00e9s a teljess\u00e9g ig\u00e9ny\u00e9vel csak az \u00f6v\u00e9. K\u00f6zben pedig hasonl\u00f3an teljes, t\u00f6k\u00e9letesen z\u00e1rt \u00e9s egyben nyitott vil\u00e1gk\u00e9pet teremt, olyat, amely a mikro- \u00e9s makrovil\u00e1got egyform\u00e1n mag\u00e1ba fogadja, nyitva hagyva az utat a tov\u00e1bbi kiboml\u00e1s lehet\u0151s\u00e9gei el\u0151tt.\u201d<\/p>\n<p>&nbsp;<\/p>\n<p>R\u00e9szlet <em>N. Kov\u00e1cs Zita m\u0171v\u00e9szett\u00f6rt\u00e9n\u00e9sz megnyit\u00f3 besz\u00e9d\u00e9b\u0151l<\/em>,<br \/>\nElhangzott: STATUS \/ S\u00fct\u0151 R\u00f3bert ki\u00e1ll\u00edt\u00e1sa, Kalocsa V\u00e1rosi Gal\u00e9ria, 2019. febru\u00e1r 15.<\/p>\n<p>&nbsp;<\/p>\n<p><strong><a href=\"http:\/\/sutorobert.com\/\" target=\"_blank\" rel=\"noopener noreferrer\" data-saferedirecturl=\"https:\/\/www.google.com\/url?q=http:\/\/sutorobert.com&amp;source=gmail&amp;ust=1715963344180000&amp;usg=AOvVaw0YM3jzRam9zW-6DnodXEX8\">sutorobert.com<\/a><\/strong><\/p>","protected":false},"excerpt":{"rendered":"<p>&nbsp; A Szolnoki M\u0171v\u00e9sztelep megh\u00edvja \u00d6nt \u00e9s bar\u00e1tait S\u00fct\u0151 R\u00f3bert fest\u0151m\u0171v\u00e9sz P\u00e1ra c\u00edm\u0171 ki\u00e1ll\u00edt\u00e1s\u00e1ra Id\u0151pont: 2024. m\u00e1jus 17., p\u00e9ntek 18.00 \u00f3ra Helysz\u00edn: Szolnoki M\u0171v\u00e9sztelep Kert Gal\u00e9ria (5000 Szolnok, Gutenberg t\u00e9r 12\/12.) Megnyitja: Nagy Zop\u00e1n fot\u00f3m\u0171v\u00e9sz, k\u00f6lt\u0151 Megtekinthet\u0151: 2024. j\u00fanius 15-ig (H-Szo: 9.00 \u2013 16.00) &nbsp; &nbsp; S\u00dcT\u0150 R\u00d3BERT fest\u0151m\u0171v\u00e9sz Miskolc,&hellip; <\/p>","protected":false},"author":6,"featured_media":8592,"comment_status":"open","ping_status":"open","sticky":false,"template":"","format":"standard","meta":{"spay_email":"","jetpack_publicize_message":""},"categories":[55,58],"tags":[],"yst_prominent_words":[],"jetpack_featured_media_url":"https:\/\/i0.wp.com\/szolnokimuvesztelep.com\/wp-content\/uploads\/2024\/05\/szmt_honlap_slider_2024_SutoRobert.jpg?fit=1244%2C460","jetpack_publicize_connections":[],"yoast_head":"<!-- This site is optimized with the Yoast SEO Premium plugin v14.1 - https:\/\/yoast.com\/wordpress\/plugins\/seo\/ -->\n<title>S\u00fct\u0151 R\u00f3bert I P\u00e1ra I 2024.05.17- 06.15. - SZOLNOKI M\u0170V\u00c9SZTELEP<\/title>\n<meta name=\"robots\" content=\"index, follow\" \/>\n<meta name=\"googlebot\" content=\"index, follow, max-snippet:-1, max-image-preview:large, max-video-preview:-1\" \/>\n<meta name=\"bingbot\" content=\"index, follow, max-snippet:-1, max-image-preview:large, max-video-preview:-1\" \/>\n<link rel=\"canonical\" href=\"http:\/\/szolnokimuvesztelep.com\/en\/2024\/05\/08\/para-suto-robert-kiallitasa-i-2024-05-17-06-15\/\" \/>\n<meta property=\"og:locale\" content=\"en_US\" \/>\n<meta property=\"og:type\" content=\"article\" \/>\n<meta property=\"og:title\" content=\"S\u00fct\u0151 R\u00f3bert I P\u00e1ra I 2024.05.17- 06.15. - SZOLNOKI M\u0170V\u00c9SZTELEP\" \/>\n<meta property=\"og:description\" content=\"&nbsp; A Szolnoki M\u0171v\u00e9sztelep megh\u00edvja \u00d6nt \u00e9s bar\u00e1tait S\u00fct\u0151 R\u00f3bert fest\u0151m\u0171v\u00e9sz P\u00e1ra c\u00edm\u0171 ki\u00e1ll\u00edt\u00e1s\u00e1ra Id\u0151pont: 2024. m\u00e1jus 17., p\u00e9ntek 18.00 \u00f3ra Helysz\u00edn: Szolnoki M\u0171v\u00e9sztelep Kert Gal\u00e9ria (5000 Szolnok, Gutenberg t\u00e9r 12\/12.) Megnyitja: Nagy Zop\u00e1n fot\u00f3m\u0171v\u00e9sz, k\u00f6lt\u0151 Megtekinthet\u0151: 2024. j\u00fanius 15-ig (H-Szo: 9.00 \u2013 16.00) &nbsp; &nbsp; S\u00dcT\u0150 R\u00d3BERT fest\u0151m\u0171v\u00e9sz Miskolc,&hellip;\" \/>\n<meta property=\"og:url\" content=\"http:\/\/szolnokimuvesztelep.com\/en\/2024\/05\/08\/para-suto-robert-kiallitasa-i-2024-05-17-06-15\/\" \/>\n<meta property=\"og:site_name\" content=\"SZOLNOKI M\u0170V\u00c9SZTELEP\" \/>\n<meta property=\"article:publisher\" content=\"https:\/\/www.facebook.com\/szolnokimuvesztelepofficial\/\" \/>\n<meta property=\"article:published_time\" content=\"2024-05-08T09:33:31+00:00\" \/>\n<meta property=\"article:modified_time\" content=\"2024-07-11T09:31:49+00:00\" \/>\n<meta property=\"og:image\" content=\"https:\/\/i0.wp.com\/szolnokimuvesztelep.com\/wp-content\/uploads\/2024\/05\/szmt_honlap_slider_2024_SutoRobert.jpg?fit=1244%2C460\" \/>\n\t<meta property=\"og:image:width\" content=\"1244\" \/>\n\t<meta property=\"og:image:height\" content=\"460\" \/>\n<script type=\"application\/ld+json\" class=\"yoast-schema-graph\">{\"@context\":\"https:\/\/schema.org\",\"@graph\":[{\"@type\":\"Organization\",\"@id\":\"http:\/\/szolnokimuvesztelep.com\/en\/#organization\",\"name\":\"Szolnoki M\\u0171v\\u00e9sztelep\",\"url\":\"http:\/\/szolnokimuvesztelep.com\/en\/\",\"sameAs\":[\"https:\/\/www.facebook.com\/szolnokimuvesztelepofficial\/\",\"https:\/\/www.instagram.com\/szolnoki_muvesztelep\/\",\"https:\/\/www.youtube.com\/channel\/UCAYRF4A8FrslG3J__XEjEoA\",\"https:\/\/hu.wikipedia.org\/wiki\/Szolnoki_m\\u0171v\\u00e9sztelep\"],\"logo\":{\"@type\":\"ImageObject\",\"@id\":\"http:\/\/szolnokimuvesztelep.com\/en\/#logo\",\"inLanguage\":\"en-US\",\"url\":\"https:\/\/i0.wp.com\/szolnokimuvesztelep.com\/wp-content\/uploads\/2020\/05\/szmt_2019_szlogen_psz-01.png?fit=2242%2C863\",\"width\":2242,\"height\":863,\"caption\":\"Szolnoki M\\u0171v\\u00e9sztelep\"},\"image\":{\"@id\":\"http:\/\/szolnokimuvesztelep.com\/en\/#logo\"}},{\"@type\":\"WebSite\",\"@id\":\"http:\/\/szolnokimuvesztelep.com\/en\/#website\",\"url\":\"http:\/\/szolnokimuvesztelep.com\/en\/\",\"name\":\"SZOLNOKI M\\u0170V\\u00c9SZTELEP\",\"description\":\"Meg\\u00fajul\\u00f3 hagyom\\u00e1ny\",\"publisher\":{\"@id\":\"http:\/\/szolnokimuvesztelep.com\/en\/#organization\"},\"potentialAction\":[{\"@type\":\"SearchAction\",\"target\":\"http:\/\/szolnokimuvesztelep.com\/en\/?s={search_term_string}\",\"query-input\":\"required name=search_term_string\"}],\"inLanguage\":\"en-US\"},{\"@type\":\"ImageObject\",\"@id\":\"http:\/\/szolnokimuvesztelep.com\/2024\/05\/08\/para-suto-robert-kiallitasa-i-2024-05-17-06-15\/#primaryimage\",\"inLanguage\":\"en-US\",\"url\":\"https:\/\/i0.wp.com\/szolnokimuvesztelep.com\/wp-content\/uploads\/2024\/05\/szmt_honlap_slider_2024_SutoRobert.jpg?fit=1244%2C460\",\"width\":1244,\"height\":460},{\"@type\":\"WebPage\",\"@id\":\"http:\/\/szolnokimuvesztelep.com\/2024\/05\/08\/para-suto-robert-kiallitasa-i-2024-05-17-06-15\/#webpage\",\"url\":\"http:\/\/szolnokimuvesztelep.com\/2024\/05\/08\/para-suto-robert-kiallitasa-i-2024-05-17-06-15\/\",\"name\":\"S\\u00fct\\u0151 R\\u00f3bert I P\\u00e1ra I 2024.05.17- 06.15. - SZOLNOKI M\\u0170V\\u00c9SZTELEP\",\"isPartOf\":{\"@id\":\"http:\/\/szolnokimuvesztelep.com\/en\/#website\"},\"primaryImageOfPage\":{\"@id\":\"http:\/\/szolnokimuvesztelep.com\/2024\/05\/08\/para-suto-robert-kiallitasa-i-2024-05-17-06-15\/#primaryimage\"},\"datePublished\":\"2024-05-08T09:33:31+00:00\",\"dateModified\":\"2024-07-11T09:31:49+00:00\",\"inLanguage\":\"en-US\",\"potentialAction\":[{\"@type\":\"ReadAction\",\"target\":[\"http:\/\/szolnokimuvesztelep.com\/2024\/05\/08\/para-suto-robert-kiallitasa-i-2024-05-17-06-15\/\"]}]},{\"@type\":\"Article\",\"@id\":\"http:\/\/szolnokimuvesztelep.com\/2024\/05\/08\/para-suto-robert-kiallitasa-i-2024-05-17-06-15\/#article\",\"isPartOf\":{\"@id\":\"http:\/\/szolnokimuvesztelep.com\/2024\/05\/08\/para-suto-robert-kiallitasa-i-2024-05-17-06-15\/#webpage\"},\"author\":{\"@id\":\"http:\/\/szolnokimuvesztelep.com\/en\/#\/schema\/person\/455817b7faaefdc309af6d6d95453700\"},\"headline\":\"S\\u00fct\\u0151 R\\u00f3bert I P\\u00e1ra I 2024.05.17- 06.15.\",\"datePublished\":\"2024-05-08T09:33:31+00:00\",\"dateModified\":\"2024-07-11T09:31:49+00:00\",\"commentCount\":0,\"mainEntityOfPage\":{\"@id\":\"http:\/\/szolnokimuvesztelep.com\/2024\/05\/08\/para-suto-robert-kiallitasa-i-2024-05-17-06-15\/#webpage\"},\"publisher\":{\"@id\":\"http:\/\/szolnokimuvesztelep.com\/en\/#organization\"},\"image\":{\"@id\":\"http:\/\/szolnokimuvesztelep.com\/2024\/05\/08\/para-suto-robert-kiallitasa-i-2024-05-17-06-15\/#primaryimage\"},\"articleSection\":\"Arch\\u00edv,H\\u00edrek\",\"inLanguage\":\"en-US\",\"potentialAction\":[{\"@type\":\"CommentAction\",\"name\":\"Comment\",\"target\":[\"http:\/\/szolnokimuvesztelep.com\/2024\/05\/08\/para-suto-robert-kiallitasa-i-2024-05-17-06-15\/#respond\"]}]},{\"@type\":[\"Person\"],\"@id\":\"http:\/\/szolnokimuvesztelep.com\/en\/#\/schema\/person\/455817b7faaefdc309af6d6d95453700\",\"name\":\"Cselle Judit\",\"image\":{\"@type\":\"ImageObject\",\"@id\":\"http:\/\/szolnokimuvesztelep.com\/en\/#personlogo\",\"inLanguage\":\"en-US\",\"url\":\"http:\/\/0.gravatar.com\/avatar\/3eb98182a1cc7aad03ba91a0145855ba?s=96&d=mm&r=g\",\"caption\":\"Cselle Judit\"}}]}<\/script>\n<!-- \/ Yoast SEO Premium plugin. -->","jetpack_sharing_enabled":true,"jetpack_shortlink":"https:\/\/wp.me\/p9tpmR-2ez","jetpack_likes_enabled":true,"jetpack-related-posts":[],"_links":{"self":[{"href":"http:\/\/szolnokimuvesztelep.com\/en\/wp-json\/wp\/v2\/posts\/8591"}],"collection":[{"href":"http:\/\/szolnokimuvesztelep.com\/en\/wp-json\/wp\/v2\/posts"}],"about":[{"href":"http:\/\/szolnokimuvesztelep.com\/en\/wp-json\/wp\/v2\/types\/post"}],"author":[{"embeddable":true,"href":"http:\/\/szolnokimuvesztelep.com\/en\/wp-json\/wp\/v2\/users\/6"}],"replies":[{"embeddable":true,"href":"http:\/\/szolnokimuvesztelep.com\/en\/wp-json\/wp\/v2\/comments?post=8591"}],"version-history":[{"count":8,"href":"http:\/\/szolnokimuvesztelep.com\/en\/wp-json\/wp\/v2\/posts\/8591\/revisions"}],"predecessor-version":[{"id":8605,"href":"http:\/\/szolnokimuvesztelep.com\/en\/wp-json\/wp\/v2\/posts\/8591\/revisions\/8605"}],"wp:featuredmedia":[{"embeddable":true,"href":"http:\/\/szolnokimuvesztelep.com\/en\/wp-json\/wp\/v2\/media\/8592"}],"wp:attachment":[{"href":"http:\/\/szolnokimuvesztelep.com\/en\/wp-json\/wp\/v2\/media?parent=8591"}],"wp:term":[{"taxonomy":"category","embeddable":true,"href":"http:\/\/szolnokimuvesztelep.com\/en\/wp-json\/wp\/v2\/categories?post=8591"},{"taxonomy":"post_tag","embeddable":true,"href":"http:\/\/szolnokimuvesztelep.com\/en\/wp-json\/wp\/v2\/tags?post=8591"},{"taxonomy":"yst_prominent_words","embeddable":true,"href":"http:\/\/szolnokimuvesztelep.com\/en\/wp-json\/wp\/v2\/yst_prominent_words?post=8591"}],"curies":[{"name":"wp","href":"https:\/\/api.w.org\/{rel}","templated":true}]}}