{"id":8463,"date":"2023-12-11T14:11:26","date_gmt":"2023-12-11T14:11:26","guid":{"rendered":"http:\/\/szolnokimuvesztelep.com\/?p=8463"},"modified":"2023-12-11T14:11:26","modified_gmt":"2023-12-11T14:11:26","slug":"dr-kallai-maria-a-kepzomuveszet-kuldetese-ma","status":"publish","type":"post","link":"http:\/\/szolnokimuvesztelep.com\/en\/2023\/12\/11\/dr-kallai-maria-a-kepzomuveszet-kuldetese-ma\/","title":{"rendered":"Dr. K\u00e1llai M\u00e1ria: A k\u00e9pz\u0151m\u0171v\u00e9szet k\u00fcldet\u00e9se ma"},"content":{"rendered":"<p>Tisztelettel k\u00f6sz\u00f6nt\u00f6m a konferencia minden r\u00e9sztvev\u0151j\u00e9t! \u00a0Izgalmas, inspir\u00e1l\u00f3 tartalom a konferencia \u00edg\u00e9rete, \u00e9s az \u00f6nmaga \u00e1ltal defini\u00e1lt c\u00e9l el\u00e9r\u00e9s\u00e9n t\u00fal, b\u00edzom abban, hogy m\u00e9g egyszer annyi hozad\u00e9ka lesz. Mire gondolok? \u00a0A k\u00f6z\u00f6ss\u00e9g er\u0151s\u00f6d\u00e9se, tartalmas besz\u00e9lget\u00e9sek, \u00e9lm\u00e9nyek, \u00e9rz\u00e9sek Szolnokr\u00f3l.<br \/>\nK\u00f6sz\u00f6n\u00f6m, hogy itt vannak, \u00e9s k\u00f6sz\u00f6n\u00f6m a k\u00e9t nap el\u0151ad\u00f3inak is, \u00e9s az Akad\u00e9mi\u00e1nak, hogy Szolnokra hozta a konferenci\u00e1t. Mi szolnokiak tudjuk, hogy j\u00f3 helyre, \u00e9s b\u00edzom abban, hogy szombat est\u00e9re teljes lesz az egyet\u00e9rt\u00e9s e tekintetben is. Megtisztel\u0151 sz\u00e1momra, (hat \u00e9vig voltam a v\u00e1ros hum\u00e1n alpolg\u00e1rmestere) hogy n\u00e9h\u00e1ny gondolattal elmondjam mi\u00e9rt. Egy v\u00e1ros fejleszt\u00e9se t\u00f6bbf\u00e9le \u00faton t\u00f6rt\u00e9nhet, \u00e9s lehet eredm\u00e9nyes. \u00c9n nagyon fontosnak tartom azt, hogy ebben a v\u00e1rosban a kult\u00fara legsz\u00e9lesebben \u00e9rtelmezve nagyon meghat\u00e1roz\u00f3 a fejleszt\u00e9sben, Szolnokon otthon van a legt\u00e1gabban \u00e9rtelmezett kult\u00fara. M\u00e1ra Szolnok v\u00e9djegy\u00e9v\u00e9 v\u00e1lt gazdag kultur\u00e1lis \u00e9lete. K\u00fcl\u00f6nb\u00f6z\u0151 m\u00e9r\u00e9sek mutatj\u00e1k orsz\u00e1gos hely\u00fcnket is a kult\u00fara ter\u00fclet\u00e9n. (\u00c9s itt nagyon t\u00e1g \u00e9rtelemben \u00e9rtelmezve a kult\u00far\u00e1t: az \u00e1ltal\u00e1nos iskolai rajzszakk\u00f6rt\u0151l a kiemelked\u0151 m\u0171v\u00e9szi teljes\u00edtm\u00e9nyig, a gyermek n\u00e9pt\u00e1nct\u00f3l az eur\u00f3pai szint\u0171 koncertig, vagy \u00e9ppen sporteredm\u00e9nyig &#8211; hisz nagyon tudatosan mindennek megvan a helye a v\u00e1rosban, s ehhez csak gratul\u00e1lni lehet.) Szolnok tudja azt, hogy nagyon j\u00f3 befektet\u00e9s a kult\u00far\u00e1ra sz\u00e1nt minden forr\u00e1s. Olyan kultur\u00e1lis er\u0151t\u00e9rben t\u00f6rt\u00e9nnek a hum\u00e1n fejleszt\u00e9seken bel\u00fcl a kult\u00fara fejleszt\u00e9si pontjai, amelyben jelen van: a lok\u00e1lpatriotizmus, a m\u0171v\u00e9szetek, a sport, az \u00e9p\u00edtett \u00f6r\u00f6ks\u00e9g, helyi \u00e9rt\u00e9keink, szakmai int\u00e9zm\u00e9nyeink, az ott dolgoz\u00f3 szakemberek, a k\u00f6z\u00f6s p\u00e1rbesz\u00e9d, a hagyom\u00e1nyok tisztelete, a kult\u00farabar\u00e1t \u00f6nkorm\u00e1nyzat, &#8211; hogy csak a legl\u00e9nyegesebbeket emeljem ki.<\/p>\n<p>Elmondhatjuk, hogy mindennek sz\u00edve-lelke a m\u0171v\u00e9sztelep. A kol\u00f3nia az itt \u00e9l\u0151 m\u0171v\u00e9szekkel, Verebes Gy\u00f6rgy vezet\u00e9s\u00e9vel, a hozz\u00e1 kapcsol\u00f3d\u00f3 egyes\u00fclettel izgalmas, \u00f6r\u00f6met ad\u00f3, csod\u00e1latos hely a v\u00e1ros \u00e9s t\u00e9rs\u00e9ge k\u00f6z\u00f6ss\u00e9ge sz\u00e1m\u00e1ra is. A kiv\u00e1l\u00f3 m\u0171v\u00e9szek munk\u00e1ja, remek k\u00f6z\u00f6ss\u00e9ge sug\u00e1rzik a v\u00e1rosra, \u00e9s b\u00edzom abban, hogy azon t\u00falra is. \u00d6n\u00f6k k\u00f6z\u00fcl sokan j\u00f3l ismerik, hiszen rendszeres l\u00e1togat\u00f3i, szakmai k\u00f6t\u0151d\u00e9sek, bar\u00e1ts\u00e1gok k\u00f6tik \u00f6ssze \u00f6n\u00f6ket. Megnyugtat\u00f3 mutat\u00f3, hogy a konferencia el\u0151ad\u00f3i k\u00f6z\u00fcl \u00e9n magam is \u00f6t emberr\u0151l is tudom, hogy ki\u00e1ll\u00edt\u00f3k\u00e9nt, fesztiv\u00e1lok \u00e9s \u00fcnnepek r\u00e9sztvev\u0151jek\u00e9nt vagy el\u0151ad\u00f3jak\u00e9nt j\u00e1rt m\u00e1r a telepen \u00e9s a v\u00e1rosunkban. Aki ma el\u0151sz\u00f6r van itt, b\u00edzom abban, hogy ism\u00e9telten ell\u00e1togat majd hozz\u00e1nk. 121. sz\u00fclet\u00e9snapj\u00e1t \u00fcnnepelte id\u00e9n Szolnoki M\u0171v\u00e9sztelep. A m\u0171v\u00e9sztelep mai nemzed\u00e9ke m\u00e9lt\u00f3n tekinthet vissza \u2013 az el\u0151d\u00f6k er\u0151s alapot tettek le. Kiv\u00e1l\u00f3 elhat\u00e1roz\u00e1s volt a m\u0171v\u00e9szeti egyes\u00fclet \u00e9s a Kol\u00f3nia l\u00e9trehoz\u00e1sa. A magyar jellemnek, n\u00e9p\u00e9letnek \u00e9s szok\u00e1soknak kultusz\u00e1t k\u00edv\u00e1njuk az \u201earanykal\u00e1sszal \u00e9kes r\u00f3nas\u00e1g\u201d, a magyar Alf\u00f6ld legmagyarabb v\u00e1rmegy\u00e9j\u00e9nek k\u00f6zpontj\u00e1ban meghonos\u00edtani, hogy annak t\u0171zhely\u00e9n a magyar styl h\u00f3d\u00edt\u00f3 fegyverr\u00e9 izmosodva, helyet k\u00f6vetelhessen mag\u00e1nak, a nemzetek m\u0171v\u00e9szet\u00e9nek iskol\u00e1j\u00e1ban s vil\u00e1gg\u00e1 terjedt csal\u00e1dj\u00e1ban.\u201d \u00a0Lipich Guszt\u00e1v szavait id\u00e9ztem, akinek \u00a0eml\u00e9kt\u00e1bl\u00e1j\u00e1t L. Simon L\u00e1szl\u00f3val avattuk. A jelenkor m\u0171v\u00e9szei m\u00e9lt\u00f3 ut\u00f3dai: August von Pettenkoffennek, Bihari S\u00e1ndornak, F\u00e9nyes Adolfnak, Szl\u00e1nyi Lajosnak, Aba Nov\u00e1k Vilmosnak, Z\u00e1dor B\u00e9l\u00e1nak, P\u00f3lya Tibornak, \u00e9s hosszasan folytathatn\u00e1m a sort a jelenig. T\u00e9ny, hogy ma is f\u00e9nykor\u00e1t \u00e9li a telep. \u00d6sszekapcsol\u00f3dik a m\u00falt, a jelen \u00e9s a hat\u00e1rozott j\u00f6v\u0151. Ism\u00e9t nagy v\u00e1ltoz\u00e1son ment \u00e1t a kol\u00f3nia, hisz meg\u00fajultak a m\u0171teremlak\u00e1sok, korszer\u0171s\u00edtett\u00e9k az \u00e9p\u00fcleteket, \u00faj fogad\u00f3\u00e9p\u00fclet \u00e9p\u00fclt.<\/p>\n<p>L\u00e1togat\u00f3k\u00f6zpont is l\u00e9tes\u00fcl, a m\u0171v\u00e9sztelep kertj\u00e9ben, az egykori szolnoki v\u00e1r ter\u00fclet\u00e9n. Itt meg tudjuk mutatni a szolnoki v\u00e1r maradv\u00e1nyait is. A beruh\u00e1z\u00e1snak jelent\u0151s idegenforgalmi c\u00e9ljai is vannak, ezekhez a m\u0171v\u00e9sztelep is igazodik. Egyik \u00e9p\u00fclet\u00fcnk tet\u0151ter\u00e9ben campus jelleg\u0171 sz\u00e1ll\u00e1shelyeket alak\u00edtottunk ki, ahol a szimp\u00f3ziumainkra, \u00e9s alkot\u00f3t\u00e1borainkba \u00e9rkez\u0151ket sz\u00e1ll\u00e1soljuk el. Ezzel olyan rendszer \u00e1llt fel, ami Eur\u00f3p\u00e1ban is egyed\u00fcl\u00e1ll\u00f3. Ezt nem \u00e9n mondom, hanem azok a m\u0171v\u00e9szek, akik Szolnokra l\u00e1togatnak. Magyarorsz\u00e1gon egy\u00e1ltal\u00e1n nincs ilyen adotts\u00e1gokkal rendelkez\u0151 alkot\u00f3m\u0171v\u00e9szeti helysz\u00edn, de Eur\u00f3p\u00e1ban is nehezen tal\u00e1lni hasonl\u00f3t.<\/p>\n<p>Ennek a tervez\u0151 munk\u00e1nak, \u00e9s a kivitelez\u00e9s folyamat\u00e1nak is akt\u00edv felel\u0151s k\u00f6zrem\u0171k\u00f6d\u0151je Verebes Gy\u00f6rgy. K\u00f6sz\u00f6n\u00f6m Gyurinak \u00e9s feles\u00e9g\u00e9nek, Editnek valamint a m\u0171v\u00e9sztelep minden alkot\u00f3j\u00e1nak az \u00e9rt\u00e9kteremt\u0151, kultur\u00e1lis szervez\u0151 munk\u00e1t.<\/p>\n<p>Verebes Gy\u00f6rgy Munk\u00e1csy-d\u00edjas \u00e9s \u00c9rdemes m\u0171v\u00e9sz fogalmazta meg \u2013 a m\u0171v\u00e9sztelep Szolnok sz\u00edve \u2013 az itt alkot\u00f3 m\u0171v\u00e9szek m\u00e1r \u00f6nmag\u00e1ban adj\u00e1k az a szintet, ami\u00e9rt nagyon becs\u00fclni kell a m\u0171v\u00e9sztelepet. De hat\u00e1sa enn\u00e9l sokkal-sokkal t\u00f6bb. Szerteviszik az orsz\u00e1gban, vil\u00e1gban v\u00e1rosunk j\u00f3 h\u00edr\u00e9t. Rendre olvashatunk a m\u0171v\u00e9sztelep alkot\u00f3inak ki\u00e1ll\u00edt\u00e1sair\u00f3l itthon \u00e9s a hat\u00e1ron t\u00fal. De vissza a m\u0171v\u00e9sztelep jelen\u00e9hez \u2013 A jelen m\u0171v\u00e9szei m\u0171v\u00e9szet\u00fckkel, a v\u00e1rosi k\u00f6z\u00f6ss\u00e9g\u00e9ben elfoglalt hely\u00fckkel, a kapcsol\u00f3d\u00e1saikkal, elhivatotts\u00e1gukkal kiv\u00e1l\u00f3 alapot \u00e9p\u00edtettek a j\u00f6v\u0151nek. N\u00e9h\u00e1ny szubjekt\u00edv gondolat, mi is a m\u0171v\u00e9sztelep\u00fcnk k\u00fcl\u00f6n\u00f6s csod\u00e1ja?<\/p>\n<p>A m\u0171v\u00e9sztelep nagyra becs\u00fcli a k\u00f6z\u00f6ns\u00e9g\u00e9t is.<\/p>\n<p>\u00b7 \u00a0 \u00a0 K\u00f6z\u00f6ss\u00e9get hozott l\u00e9tre benn is, kinn is,<\/p>\n<p>\u00b7 \u00a0 \u00a0 Gener\u00e1ci\u00f3kat kapcsol \u00f6ssze,<\/p>\n<p>\u00b7 \u00a0 \u00a0 Akt\u00edv r\u00e9szese a v\u00e1ros \u00e9let\u00e9nek,<\/p>\n<p>\u00b7 \u00a0 \u00a0 Eleven k\u00f6zeg,<\/p>\n<p>\u00b7 \u00a0 \u00a0 \u00c1tj\u00e1r a m\u0171v\u00e9szetek k\u00f6z\u00f6tt (k\u00e9pz\u0151m\u0171v\u00e9szet, zene, irodalom, film, t\u00e1ncm\u0171v\u00e9szet),<\/p>\n<p>\u00b7 \u00a0 \u00a0 Integrat\u00edv szerepe van,<\/p>\n<p>\u00b7 \u00a0 \u00a0 Hazai nemzeti, \u00e9s nemzetk\u00f6zi megbecs\u00fcl\u00e9st v\u00edvott ki,<\/p>\n<p>\u00b7 \u00a0 \u00a0 Szerte\u00e1gaz\u00f3 kapcsolatokat er\u0151s\u00edt,<\/p>\n<p>\u00b7 \u00a0 \u00a0 Szellemi m\u0171hely,<\/p>\n<p>\u00b7 \u00a0 \u00a0 Szeretetteljes k\u00f6zeg,<\/p>\n<p>\u00b7 \u00a0 \u00a0 Inspir\u00e1l, energi\u00e1t \u00e9s tart\u00e1st ad.<\/p>\n<p>Sorolhatn\u00e1nk tov\u00e1bb a m\u0171v\u00e9sztelep k\u00fcl\u00f6nlegess\u00e9g\u00e9t ad\u00f3 t\u00e9nyeket.<\/p>\n<p>H\u00e1la \u00e9s k\u00f6sz\u00f6net mindez\u00e9rt.<\/p>\n<p>A fentiekben is \u00f3ri\u00e1si szerepe van a M\u0171v\u00e9sztelepnek, \u00e9s a M\u0171v\u00e9sztelep k\u00f6z\u00f6ss\u00e9g\u00e9nek, \u00e9s vezet\u0151j\u00e9nek Verebes Gy\u00f6rgynek. Verebes Gy\u00f6rgy, mint fest\u0151m\u0171v\u00e9sz \u00f6nmag\u00e1ban \u00f3ri\u00e1si \u00e9rt\u00e9k. \u00c9n m\u00e1r feltettem neki is k\u00e9rd\u00e9sk\u00e9nt, magam is foglalkoztam a gondolattal, hogy milyen \u00a0\u00e1ld\u00e1sos \u00a0komplexit\u00e1s, ha az alkot\u00f3m\u0171v\u00e9sz kiv\u00e1l\u00f3 k\u00f6z\u00f6ss\u00e9get kov\u00e1csol\u00f3 vezet\u0151, remek szervez\u0151, \u00e9rt\u00e9kvez\u00e9relt ir\u00e1nymutat\u00f3, egy\u00fcttm\u0171k\u00f6d\u0151, \u00a0sz\u00e9les l\u00e1t\u00f3k\u00f6r\u0171, szeretetteljes ember, hogy csak n\u00e9h\u00e1ny jellemz\u0151t ragadjak ki. Val\u00f3sz\u00edn\u0171 mindez \u00e9s m\u00e9g sok minden m\u00e1s is kell ahhoz, hogy az alkot\u00f3m\u0171v\u00e9szet mellett mai kifejez\u00e9ssel \u00e9lve ilyen hatalmas portf\u00f3li\u00f3t vigyen. Gyuri 2002 \u00f3ta \u00e9l a m\u0171v\u00e9sztelepen, \u00e9s vezeti is. \u00c9s emellett a tan\u00edt\u00e1s, a zene, a publik\u00e1l\u00e1s \u00e9lete r\u00e9sze. Csak\u00fagy, minta d\u00edszletervez\u00e9s, bels\u0151\u00e9p\u00edt\u00e9szet, sz\u00ednh\u00e1zi d\u00edszlet.<\/p>\n<p>Szellemi kital\u00e1l\u00f3ja \u00e9s alap\u00edt\u00f3 tagja a Szolnoki K\u00e9pz\u0151m\u0171v\u00e9szeti T\u00e1rsas\u00e1gnak, 2013-ban a Magyar Fest\u00e9szet Napja Alap\u00edtv\u00e1ny kurat\u00f3riumi tagj\u00e1v\u00e1 v\u00e1lasztott\u00e1k, 2017-ben annak eln\u00f6k\u00e9v\u00e9.<\/p>\n<p>Azt hiszem az egyetlen ember Magyarorsz\u00e1gon, aki k\u00e9tszer vehetett \u00e1t k\u00f6z\u00f6ss\u00e9ge nev\u00e9ben Magyar \u00d6r\u00f6ks\u00e9g d\u00edjat: amikor a m\u0171v\u00e9sztelep kapta, \u00e9s amikor a Magyar Fest\u00e9szet napja lett m\u00e9lt\u00f3 a Magyar \u00d6r\u00f6ks\u00e9g D\u00edjra.<\/p>\n<p>Mindezeken t\u00fal egy er\u0151s KOV\u00c1SZ m\u0171v\u00e9szetek k\u00f6z\u00f6tt, k\u00f6z\u00f6ss\u00e9gek k\u00f6z\u00f6tt, emberek k\u00f6z\u00f6tt, gener\u00e1ci\u00f3k k\u00f6z\u00f6tt. \u00a0Ha megn\u00e9zz\u00fck a 121. sz\u00fclet\u00e9snapot \u00fcnnepl\u0151 M\u0171v\u00e9sztelep Artj\u00e1r\u00f3 fesztiv\u00e1lj\u00e1nak programj\u00e1t, l\u00e1tni azt az ig\u00e9nyes soksz\u00edn\u0171s\u00e9get, m\u0171fajgazdags\u00e1got, amire azt mondhatjuk ez Szolnok.<\/p>\n<p>Ez Szolnok, ez a v\u00e1ros, ahol a lak\u00f3k sz\u00e1m\u00e1ra NONSZTOP hozz\u00e1f\u00e9rhet\u0151 az ig\u00e9nyes kultur\u00e1lis lehet\u0151s\u00e9g.<\/p>\n<p>Csod\u00e1latos gazdags\u00e1g \u2013 ami\u00e9rt csak h\u00e1l\u00e1sak lehet\u00fcnk, k\u00f6sz\u00f6net \u00e9rte.<\/p>\n<p>Ahogyan m\u00e1r olvashattuk a m\u0171v\u00e9sztelep nagyra becs\u00fcli s k\u00f6z\u00f6ns\u00e9g\u00e9t is, az idel\u00e1togat\u00f3kat. Verebes Ern\u0151 Senkim f\u00f6ldje k\u00f6tet\u00e9ben a k\u00f6vetkez\u0151ket \u00edrja: \u201eEgy m\u0171alkot\u00e1s mindenf\u00e9le szempontb\u00f3l a befogad\u00f3 \u00e9s a m\u0171 k\u00f6z\u00f6tt val\u00f3sul meg, vagyis annak eszt\u00e9tikai \u00e9rt\u00e9ke ugyan\u00fagy f\u00fcgg a befogad\u00f3t\u00f3l, mint mag\u00e1t\u00f3l az alkot\u00e1st\u00f3l.\u201d \u00a0Ez a k\u00f6lcs\u00f6n\u00f6ss\u00e9g, \u00e9s a felvillantott \u00e9rt\u00e9kek mutatj\u00e1k, mi\u00e9rt is van nagyon j\u00f3 helyen ez a konferencia v\u00e1rosunkban.<\/p>\n<p>Tartalmas k\u00e9t napot k\u00edv\u00e1nok, \u00e9s visszav\u00e1rjuk a konferenci\u00e1t, minden vend\u00e9g\u00e9t szeretettel.<\/p>\n<p>A mai nap egyik el\u0151ad\u00f3ja L. Simon L\u00e1szl\u00f3 Akad\u00e9miai sz\u00e9kfoglal\u00f3j\u00e1hoz is tisztelettel gratul\u00e1lunk. Szem\u00e9lyesen ugyan nem voltam jelen, de \u00e1tj\u00f6tt a fot\u00f3kon kereszt\u00fcl is a hangulata.<\/p>\n<p>&nbsp;<\/p>","protected":false},"excerpt":{"rendered":"<p>Tisztelettel k\u00f6sz\u00f6nt\u00f6m a konferencia minden r\u00e9sztvev\u0151j\u00e9t! \u00a0Izgalmas, inspir\u00e1l\u00f3 tartalom a konferencia \u00edg\u00e9rete, \u00e9s az \u00f6nmaga \u00e1ltal defini\u00e1lt c\u00e9l el\u00e9r\u00e9s\u00e9n t\u00fal, b\u00edzom abban, hogy m\u00e9g egyszer annyi hozad\u00e9ka lesz. Mire gondolok? \u00a0A k\u00f6z\u00f6ss\u00e9g er\u0151s\u00f6d\u00e9se, tartalmas besz\u00e9lget\u00e9sek, \u00e9lm\u00e9nyek, \u00e9rz\u00e9sek Szolnokr\u00f3l. K\u00f6sz\u00f6n\u00f6m, hogy itt vannak, \u00e9s k\u00f6sz\u00f6n\u00f6m a k\u00e9t nap el\u0151ad\u00f3inak is, \u00e9s&hellip; <\/p>","protected":false},"author":6,"featured_media":8464,"comment_status":"open","ping_status":"open","sticky":false,"template":"","format":"standard","meta":{"spay_email":"","jetpack_publicize_message":""},"categories":[68],"tags":[],"yst_prominent_words":[],"jetpack_featured_media_url":"https:\/\/i0.wp.com\/szolnokimuvesztelep.com\/wp-content\/uploads\/2023\/12\/Kallai_Maria_konferencia_2023_w.jpg?fit=800%2C200","jetpack_publicize_connections":[],"yoast_head":"<!-- This site is optimized with the Yoast SEO Premium plugin v14.1 - https:\/\/yoast.com\/wordpress\/plugins\/seo\/ -->\n<title>Dr. K\u00e1llai M\u00e1ria: A k\u00e9pz\u0151m\u0171v\u00e9szet k\u00fcldet\u00e9se ma - SZOLNOKI M\u0170V\u00c9SZTELEP<\/title>\n<meta name=\"robots\" content=\"index, follow\" \/>\n<meta name=\"googlebot\" content=\"index, follow, max-snippet:-1, max-image-preview:large, max-video-preview:-1\" \/>\n<meta name=\"bingbot\" content=\"index, follow, max-snippet:-1, max-image-preview:large, max-video-preview:-1\" \/>\n<link rel=\"canonical\" href=\"http:\/\/szolnokimuvesztelep.com\/en\/2023\/12\/11\/dr-kallai-maria-a-kepzomuveszet-kuldetese-ma\/\" \/>\n<meta property=\"og:locale\" content=\"en_US\" \/>\n<meta property=\"og:type\" content=\"article\" \/>\n<meta property=\"og:title\" content=\"Dr. K\u00e1llai M\u00e1ria: A k\u00e9pz\u0151m\u0171v\u00e9szet k\u00fcldet\u00e9se ma - SZOLNOKI M\u0170V\u00c9SZTELEP\" \/>\n<meta property=\"og:description\" content=\"Tisztelettel k\u00f6sz\u00f6nt\u00f6m a konferencia minden r\u00e9sztvev\u0151j\u00e9t! \u00a0Izgalmas, inspir\u00e1l\u00f3 tartalom a konferencia \u00edg\u00e9rete, \u00e9s az \u00f6nmaga \u00e1ltal defini\u00e1lt c\u00e9l el\u00e9r\u00e9s\u00e9n t\u00fal, b\u00edzom abban, hogy m\u00e9g egyszer annyi hozad\u00e9ka lesz. Mire gondolok? \u00a0A k\u00f6z\u00f6ss\u00e9g er\u0151s\u00f6d\u00e9se, tartalmas besz\u00e9lget\u00e9sek, \u00e9lm\u00e9nyek, \u00e9rz\u00e9sek Szolnokr\u00f3l. K\u00f6sz\u00f6n\u00f6m, hogy itt vannak, \u00e9s k\u00f6sz\u00f6n\u00f6m a k\u00e9t nap el\u0151ad\u00f3inak is, \u00e9s&hellip;\" \/>\n<meta property=\"og:url\" content=\"http:\/\/szolnokimuvesztelep.com\/en\/2023\/12\/11\/dr-kallai-maria-a-kepzomuveszet-kuldetese-ma\/\" \/>\n<meta property=\"og:site_name\" content=\"SZOLNOKI M\u0170V\u00c9SZTELEP\" \/>\n<meta property=\"article:publisher\" content=\"https:\/\/www.facebook.com\/szolnokimuvesztelepofficial\/\" \/>\n<meta property=\"article:published_time\" content=\"2023-12-11T14:11:26+00:00\" \/>\n<meta property=\"og:image\" content=\"https:\/\/i0.wp.com\/szolnokimuvesztelep.com\/wp-content\/uploads\/2023\/12\/Kallai_Maria_konferencia_2023_w.jpg?fit=800%2C200\" \/>\n\t<meta property=\"og:image:width\" content=\"800\" \/>\n\t<meta property=\"og:image:height\" content=\"200\" \/>\n<script type=\"application\/ld+json\" class=\"yoast-schema-graph\">{\"@context\":\"https:\/\/schema.org\",\"@graph\":[{\"@type\":\"Organization\",\"@id\":\"http:\/\/szolnokimuvesztelep.com\/en\/#organization\",\"name\":\"Szolnoki M\\u0171v\\u00e9sztelep\",\"url\":\"http:\/\/szolnokimuvesztelep.com\/en\/\",\"sameAs\":[\"https:\/\/www.facebook.com\/szolnokimuvesztelepofficial\/\",\"https:\/\/www.instagram.com\/szolnoki_muvesztelep\/\",\"https:\/\/www.youtube.com\/channel\/UCAYRF4A8FrslG3J__XEjEoA\",\"https:\/\/hu.wikipedia.org\/wiki\/Szolnoki_m\\u0171v\\u00e9sztelep\"],\"logo\":{\"@type\":\"ImageObject\",\"@id\":\"http:\/\/szolnokimuvesztelep.com\/en\/#logo\",\"inLanguage\":\"en-US\",\"url\":\"https:\/\/i0.wp.com\/szolnokimuvesztelep.com\/wp-content\/uploads\/2020\/05\/szmt_2019_szlogen_psz-01.png?fit=2242%2C863\",\"width\":2242,\"height\":863,\"caption\":\"Szolnoki M\\u0171v\\u00e9sztelep\"},\"image\":{\"@id\":\"http:\/\/szolnokimuvesztelep.com\/en\/#logo\"}},{\"@type\":\"WebSite\",\"@id\":\"http:\/\/szolnokimuvesztelep.com\/en\/#website\",\"url\":\"http:\/\/szolnokimuvesztelep.com\/en\/\",\"name\":\"SZOLNOKI M\\u0170V\\u00c9SZTELEP\",\"description\":\"Meg\\u00fajul\\u00f3 hagyom\\u00e1ny\",\"publisher\":{\"@id\":\"http:\/\/szolnokimuvesztelep.com\/en\/#organization\"},\"potentialAction\":[{\"@type\":\"SearchAction\",\"target\":\"http:\/\/szolnokimuvesztelep.com\/en\/?s={search_term_string}\",\"query-input\":\"required name=search_term_string\"}],\"inLanguage\":\"en-US\"},{\"@type\":\"ImageObject\",\"@id\":\"http:\/\/szolnokimuvesztelep.com\/2023\/12\/11\/dr-kallai-maria-a-kepzomuveszet-kuldetese-ma\/#primaryimage\",\"inLanguage\":\"en-US\",\"url\":\"https:\/\/i0.wp.com\/szolnokimuvesztelep.com\/wp-content\/uploads\/2023\/12\/Kallai_Maria_konferencia_2023_w.jpg?fit=800%2C200\",\"width\":800,\"height\":200},{\"@type\":\"WebPage\",\"@id\":\"http:\/\/szolnokimuvesztelep.com\/2023\/12\/11\/dr-kallai-maria-a-kepzomuveszet-kuldetese-ma\/#webpage\",\"url\":\"http:\/\/szolnokimuvesztelep.com\/2023\/12\/11\/dr-kallai-maria-a-kepzomuveszet-kuldetese-ma\/\",\"name\":\"Dr. K\\u00e1llai M\\u00e1ria: A k\\u00e9pz\\u0151m\\u0171v\\u00e9szet k\\u00fcldet\\u00e9se ma - SZOLNOKI M\\u0170V\\u00c9SZTELEP\",\"isPartOf\":{\"@id\":\"http:\/\/szolnokimuvesztelep.com\/en\/#website\"},\"primaryImageOfPage\":{\"@id\":\"http:\/\/szolnokimuvesztelep.com\/2023\/12\/11\/dr-kallai-maria-a-kepzomuveszet-kuldetese-ma\/#primaryimage\"},\"datePublished\":\"2023-12-11T14:11:26+00:00\",\"dateModified\":\"2023-12-11T14:11:26+00:00\",\"inLanguage\":\"en-US\",\"potentialAction\":[{\"@type\":\"ReadAction\",\"target\":[\"http:\/\/szolnokimuvesztelep.com\/2023\/12\/11\/dr-kallai-maria-a-kepzomuveszet-kuldetese-ma\/\"]}]},{\"@type\":\"Article\",\"@id\":\"http:\/\/szolnokimuvesztelep.com\/2023\/12\/11\/dr-kallai-maria-a-kepzomuveszet-kuldetese-ma\/#article\",\"isPartOf\":{\"@id\":\"http:\/\/szolnokimuvesztelep.com\/2023\/12\/11\/dr-kallai-maria-a-kepzomuveszet-kuldetese-ma\/#webpage\"},\"author\":{\"@id\":\"http:\/\/szolnokimuvesztelep.com\/en\/#\/schema\/person\/455817b7faaefdc309af6d6d95453700\"},\"headline\":\"Dr. K\\u00e1llai M\\u00e1ria: A k\\u00e9pz\\u0151m\\u0171v\\u00e9szet k\\u00fcldet\\u00e9se ma\",\"datePublished\":\"2023-12-11T14:11:26+00:00\",\"dateModified\":\"2023-12-11T14:11:26+00:00\",\"commentCount\":0,\"mainEntityOfPage\":{\"@id\":\"http:\/\/szolnokimuvesztelep.com\/2023\/12\/11\/dr-kallai-maria-a-kepzomuveszet-kuldetese-ma\/#webpage\"},\"publisher\":{\"@id\":\"http:\/\/szolnokimuvesztelep.com\/en\/#organization\"},\"image\":{\"@id\":\"http:\/\/szolnokimuvesztelep.com\/2023\/12\/11\/dr-kallai-maria-a-kepzomuveszet-kuldetese-ma\/#primaryimage\"},\"articleSection\":\"A K\\u00e9pz\\u0151m\\u0171v\\u00e9szet K\\u00fcldet\\u00e9se Ma Konferencia 2023\",\"inLanguage\":\"en-US\",\"potentialAction\":[{\"@type\":\"CommentAction\",\"name\":\"Comment\",\"target\":[\"http:\/\/szolnokimuvesztelep.com\/2023\/12\/11\/dr-kallai-maria-a-kepzomuveszet-kuldetese-ma\/#respond\"]}]},{\"@type\":[\"Person\"],\"@id\":\"http:\/\/szolnokimuvesztelep.com\/en\/#\/schema\/person\/455817b7faaefdc309af6d6d95453700\",\"name\":\"Cselle Judit\",\"image\":{\"@type\":\"ImageObject\",\"@id\":\"http:\/\/szolnokimuvesztelep.com\/en\/#personlogo\",\"inLanguage\":\"en-US\",\"url\":\"http:\/\/0.gravatar.com\/avatar\/3eb98182a1cc7aad03ba91a0145855ba?s=96&d=mm&r=g\",\"caption\":\"Cselle Judit\"}}]}<\/script>\n<!-- \/ Yoast SEO Premium plugin. -->","jetpack_sharing_enabled":true,"jetpack_shortlink":"https:\/\/wp.me\/p9tpmR-2cv","jetpack_likes_enabled":true,"jetpack-related-posts":[],"_links":{"self":[{"href":"http:\/\/szolnokimuvesztelep.com\/en\/wp-json\/wp\/v2\/posts\/8463"}],"collection":[{"href":"http:\/\/szolnokimuvesztelep.com\/en\/wp-json\/wp\/v2\/posts"}],"about":[{"href":"http:\/\/szolnokimuvesztelep.com\/en\/wp-json\/wp\/v2\/types\/post"}],"author":[{"embeddable":true,"href":"http:\/\/szolnokimuvesztelep.com\/en\/wp-json\/wp\/v2\/users\/6"}],"replies":[{"embeddable":true,"href":"http:\/\/szolnokimuvesztelep.com\/en\/wp-json\/wp\/v2\/comments?post=8463"}],"version-history":[{"count":1,"href":"http:\/\/szolnokimuvesztelep.com\/en\/wp-json\/wp\/v2\/posts\/8463\/revisions"}],"predecessor-version":[{"id":8465,"href":"http:\/\/szolnokimuvesztelep.com\/en\/wp-json\/wp\/v2\/posts\/8463\/revisions\/8465"}],"wp:featuredmedia":[{"embeddable":true,"href":"http:\/\/szolnokimuvesztelep.com\/en\/wp-json\/wp\/v2\/media\/8464"}],"wp:attachment":[{"href":"http:\/\/szolnokimuvesztelep.com\/en\/wp-json\/wp\/v2\/media?parent=8463"}],"wp:term":[{"taxonomy":"category","embeddable":true,"href":"http:\/\/szolnokimuvesztelep.com\/en\/wp-json\/wp\/v2\/categories?post=8463"},{"taxonomy":"post_tag","embeddable":true,"href":"http:\/\/szolnokimuvesztelep.com\/en\/wp-json\/wp\/v2\/tags?post=8463"},{"taxonomy":"yst_prominent_words","embeddable":true,"href":"http:\/\/szolnokimuvesztelep.com\/en\/wp-json\/wp\/v2\/yst_prominent_words?post=8463"}],"curies":[{"name":"wp","href":"https:\/\/api.w.org\/{rel}","templated":true}]}}