{"id":8457,"date":"2023-12-11T14:02:25","date_gmt":"2023-12-11T14:02:25","guid":{"rendered":"http:\/\/szolnokimuvesztelep.com\/?p=8457"},"modified":"2023-12-11T14:34:59","modified_gmt":"2023-12-11T14:34:59","slug":"szentmartoni-janos","status":"publish","type":"post","link":"http:\/\/szolnokimuvesztelep.com\/en\/2023\/12\/11\/szentmartoni-janos\/","title":{"rendered":"Szentm\u00e1rtoni J\u00e1nos: K\u00f6sz\u00f6nt\u0151"},"content":{"rendered":"<p><strong>Tisztelt K\u00e9pvisel\u0151 Asszony! Eln\u00f6k \u00dar! H\u00f6lgyeim \u00e9s Uraim!<\/strong><\/p>\n<p>&nbsp;<\/p>\n<p>\u201eMi a k\u00fcldet\u00e9se a m\u0171v\u00e9szetnek?\u201d Nem tudom pontosan. Csak azt, hogy a m\u0171v\u00e9szet, a kult\u00fara a l\u00e9lek oxig\u00e9nje. S k\u00fcldet\u00e9se ha van, nem lehet tov\u00e1bbra sem kisebb, mint hogy kiragadjon minket a rohan\u00e1sb\u00f3l (vagy \u00e9pp zuhan\u00e1sb\u00f3l), megtartson, s hogy messzebbre \u00e9s m\u00e9lyebbre l\u00e1thassunk \u00f6nmagunkn\u00e1l.<\/p>\n<p>Korunk embere is m\u00e9g \u00fagy rendezi be otthon\u00e1t, hogy a m\u0171v\u00e9szetek k\u00fcl\u00f6nb\u00f6z\u0151 eszk\u00f6zeivel, produktumaival veszi k\u00f6rbe mag\u00e1t: a k\u00f6nyvespolcon k\u00f6nyvek (tal\u00e1n), a falon k\u00e9pek, zenei lej\u00e1tsz\u00f3 k\u00e9sz\u00fcl\u00e9kek, telev\u00edzi\u00f3 j\u00f3 esetben a filmm\u0171v\u00e9szet alkot\u00e1sainak megtekint\u00e9se c\u00e9lj\u00e1b\u00f3l. Lehet, hogy naiv vagyok, de m\u00e9g mindig hiszem, hogy az ember \u00edgy \u00e9rzi j\u00f3l \u00e9s biztons\u00e1gban mag\u00e1t. Nyilv\u00e1n az is sz\u00e1m\u00edt, hogy milyen k\u00f6nyvek, k\u00e9pek vesznek k\u00f6r\u00fcl, milyen zen\u00e9t hallgatunk vagy filmet n\u00e9z\u00fcnk &#8211; ez k\u00e9pzetts\u00e9g, \u00edzl\u00e9s, neveltet\u00e9s k\u00e9rd\u00e9se is. De a l\u00e9nyeg, hogy mindennapjaink szerves, n\u00e9lk\u00fcl\u00f6zhetetlen r\u00e9szei.<\/p>\n<p>&nbsp;<\/p>\n<p>A mai konferencia t\u00e9m\u00e1ja a k\u00e9pz\u0151m\u0171v\u00e9szet k\u00fcldet\u00e9se napjainkban. Konferenci\u00e1hoz ill\u0151en komplex k\u00e9rd\u00e9s. Nincs egyetlen \u00e9s \u00fcdv\u00f6z\u00edt\u0151 v\u00e1lasz erre sem. N\u00e9ha a k\u00e9rd\u00e9s tov\u00e1bbi k\u00e9rd\u00e9seket vet fel, s\u0151t egy k\u00e9rd\u00e9s is lehet a k\u00e9rd\u00e9sre adott v\u00e1lasz. P\u00e9ld\u00e1ul, arra a k\u00e9rd\u00e9sre, hogy mi a k\u00e9pz\u0151m\u0171v\u00e9szet k\u00fcldet\u00e9se ma, azt is v\u00e1laszolhatom, hogy kell-e k\u00fcldet\u00e9s napjaink k\u00e9pz\u0151m\u0171v\u00e9szet\u00e9nek? \u00c9s ezzel m\u00e1ris megnyitottam a diskurzus egy \u00fajabb frontszakasz\u00e1t. Vagy mit fogunk kezdeni a mesters\u00e9ges intelligencia jelenl\u00e9t\u00e9vel a k\u00e9pz\u0151m\u0171v\u00e9szetben? Ez mor\u00e1lis vagy eszt\u00e9tikai k\u00e9rd\u00e9s? Szerintem filoz\u00f3fiai (is).<\/p>\n<p>&nbsp;<\/p>\n<p>Abban mindenesetre t\u00f6bb\u00e9-kev\u00e9sb\u00e9 mindny\u00e1jan egyet\u00e9rt\u00fcnk, hogy a m\u0171v\u00e9szet k\u00fcldet\u00e9se az \u00e9rt\u00e9kteremt\u00e9s. M\u00e9g akkor is, ha tudjuk, hogy az \u00e9rt\u00e9k defin\u00edci\u00f3ja koronk\u00e9nt v\u00e1ltoz\u00f3, nehezen megfoghat\u00f3, \u00e9s nem n\u00e9lk\u00fcl\u00f6zi a szubjektivit\u00e1st sem. Hogy ezen bel\u00fcl a k\u00e9pz\u0151m\u0171v\u00e9szet ab ovo milyen k\u00fcldet\u00e9ssel b\u00edr, milyen k\u00fcldet\u00e9ssel ruh\u00e1zhat\u00f3 fel, \u00e9s milyen k\u00fcldet\u00e9st v\u00e1llalhat el, majd \u00d6n\u00f6k megv\u00e1laszolj\u00e1k. Ha merik. Ha tudj\u00e1k. Szurkolok. A k\u00e9pz\u0151m\u0171v\u00e9szeti alkot\u00e1sok l\u00e1tni tan\u00edtanak. A vil\u00e1g olyan dimenzi\u00f3it is, amelyek szabad szemmel nem mindig l\u00e1that\u00f3k, vagy egy\u00e1ltal\u00e1n nem. A l\u00e9tez\u00e9st teszik t\u00f6bbsz\u00f3lam\u00fav\u00e1, nemegyszer harmonikuss\u00e1. M\u00e9g akkor is, ha a k\u00e9pz\u0151m\u0171v\u00e9szet bizonyos korszakaiban egy\u00e1ltal\u00e1n nem a harm\u00f3ni\u00e1t kereste, s\u0151t.<\/p>\n<p>&nbsp;<\/p>\n<p>Sajnos, a vil\u00e1g sem mindig vev\u0151 a harm\u00f3ni\u00e1ra. J\u00f3l mutatja ezt a szolnoki m\u0171v\u00e9sztelep h\u00e1nyatott sorsa is: az elm\u00falt \u00e9vsz\u00e1zadban t\u00f6bbsz\u00f6r lerombolt\u00e1k, csatat\u00e9rr\u00e9 v\u00e1ltoztatt\u00e1k, m\u0171v\u00e9szeit el\u0171zt\u00e9k, alkot\u00e1sait halomba rakt\u00e1k \u00e9s felgy\u00fajtott\u00e1k. M\u00e9gis irigyl\u00e9sre m\u00e9lt\u00f3 vitalit\u00e1ssal t\u00e1madt fel \u00fajra \u00e9s \u00fajra, a m\u0171v\u00e9szek visszat\u00e9rtek \u00e9s alkotni kezdtek, s manaps\u00e1g ism\u00e9t a f\u00e9nykor\u00e1t \u00e9li.<\/p>\n<p>De \u00f3va inten\u00e9k att\u00f3l, hogy elragadjon benn\u00fcnket a korl\u00e1tlan lelkesed\u00e9s heve. Mert a l\u00e1that\u00e1ron m\u00e1r \u00faj h\u00e1bor\u00fak t\u00fcze \u00e9g, a leg\u00fajabbkori n\u00e9pv\u00e1ndorl\u00e1s eg\u00e9szen ellent\u00e9tes kult\u00far\u00e1kat tol \u00f6ssze, aminek katasztr\u00f3fa is lehet a v\u00e9ge, \u00e9s \u00fagy t\u0171nik, mintha az emberis\u00e9g makacsul ragaszkodna m\u00e1r t\u00f6bbsz\u00f6r is v\u00e9gzetesnek bizonyult forgat\u00f3k\u00f6nyvek ism\u00e9telt elj\u00e1tsz\u00e1s\u00e1hoz.<\/p>\n<p>&nbsp;<\/p>\n<p>De nem k\u00edv\u00e1nok az apokalipszis h\u00edrn\u00f6ke lenni, a mi dolgunk tov\u00e1bbra is az, hogy f\u00e1t \u00fcltess\u00fcnk, verset \u00edrjunk, zen\u00e9t kompon\u00e1ljunk, szobrokat faragjunk vagy \u00e9pp k\u00e9peket fess\u00fcnk. Mi \u00edgy tudjuk jobb\u00e1 tenni a vil\u00e1got. Tartalmasabb\u00e1 az emberek \u00e9let\u00e9t. \u00cdgy tudunk \u00e9p\u00edteni egy nemzetet. V\u00edv\u00f3d\u00e1saink m\u00e9ly\u00e9r\u0151l \u2013 mint a homokszem sebezte kagyl\u00f3 \u2013 igazgy\u00f6ngy\u00f6t hozunk.<\/p>\n<p>&nbsp;<\/p>\n<p>K\u00edv\u00e1nok mindny\u00e1juk sz\u00e1m\u00e1ra j\u00f3 tan\u00e1cskoz\u00e1st, hasznos, tartalmas \u00e9s \u00f6r\u00f6mteli egy\u00fcttl\u00e9tet erre a k\u00e9t napra!<\/p>\n<p>&nbsp;<\/p>\n<p>Szentm\u00e1rtoni J\u00e1nos<\/p>\n<p>&nbsp;<\/p>\n<p>&nbsp;<\/p>","protected":false},"excerpt":{"rendered":"<p>Tisztelt K\u00e9pvisel\u0151 Asszony! Eln\u00f6k \u00dar! H\u00f6lgyeim \u00e9s Uraim! &nbsp; \u201eMi a k\u00fcldet\u00e9se a m\u0171v\u00e9szetnek?\u201d Nem tudom pontosan. Csak azt, hogy a m\u0171v\u00e9szet, a kult\u00fara a l\u00e9lek oxig\u00e9nje. S k\u00fcldet\u00e9se ha van, nem lehet tov\u00e1bbra sem kisebb, mint hogy kiragadjon minket a rohan\u00e1sb\u00f3l (vagy \u00e9pp zuhan\u00e1sb\u00f3l), megtartson, s hogy messzebbre \u00e9s&hellip; <\/p>","protected":false},"author":6,"featured_media":8458,"comment_status":"open","ping_status":"open","sticky":false,"template":"","format":"standard","meta":{"spay_email":"","jetpack_publicize_message":""},"categories":[68],"tags":[],"yst_prominent_words":[],"jetpack_featured_media_url":"https:\/\/i0.wp.com\/szolnokimuvesztelep.com\/wp-content\/uploads\/2023\/12\/szentmartoni_janos_konferencia_2023_w.jpg?fit=800%2C200","jetpack_publicize_connections":[],"yoast_head":"<!-- This site is optimized with the Yoast SEO Premium plugin v14.1 - https:\/\/yoast.com\/wordpress\/plugins\/seo\/ -->\n<title>Szentm\u00e1rtoni J\u00e1nos: K\u00f6sz\u00f6nt\u0151 - SZOLNOKI M\u0170V\u00c9SZTELEP<\/title>\n<meta name=\"robots\" content=\"index, follow\" \/>\n<meta name=\"googlebot\" content=\"index, follow, max-snippet:-1, max-image-preview:large, max-video-preview:-1\" \/>\n<meta name=\"bingbot\" content=\"index, follow, max-snippet:-1, max-image-preview:large, max-video-preview:-1\" \/>\n<link rel=\"canonical\" href=\"http:\/\/szolnokimuvesztelep.com\/en\/2023\/12\/11\/szentmartoni-janos\/\" \/>\n<meta property=\"og:locale\" content=\"en_US\" \/>\n<meta property=\"og:type\" content=\"article\" \/>\n<meta property=\"og:title\" content=\"Szentm\u00e1rtoni J\u00e1nos: K\u00f6sz\u00f6nt\u0151 - SZOLNOKI M\u0170V\u00c9SZTELEP\" \/>\n<meta property=\"og:description\" content=\"Tisztelt K\u00e9pvisel\u0151 Asszony! Eln\u00f6k \u00dar! H\u00f6lgyeim \u00e9s Uraim! &nbsp; \u201eMi a k\u00fcldet\u00e9se a m\u0171v\u00e9szetnek?\u201d Nem tudom pontosan. Csak azt, hogy a m\u0171v\u00e9szet, a kult\u00fara a l\u00e9lek oxig\u00e9nje. S k\u00fcldet\u00e9se ha van, nem lehet tov\u00e1bbra sem kisebb, mint hogy kiragadjon minket a rohan\u00e1sb\u00f3l (vagy \u00e9pp zuhan\u00e1sb\u00f3l), megtartson, s hogy messzebbre \u00e9s&hellip;\" \/>\n<meta property=\"og:url\" content=\"http:\/\/szolnokimuvesztelep.com\/en\/2023\/12\/11\/szentmartoni-janos\/\" \/>\n<meta property=\"og:site_name\" content=\"SZOLNOKI M\u0170V\u00c9SZTELEP\" \/>\n<meta property=\"article:publisher\" content=\"https:\/\/www.facebook.com\/szolnokimuvesztelepofficial\/\" \/>\n<meta property=\"article:published_time\" content=\"2023-12-11T14:02:25+00:00\" \/>\n<meta property=\"article:modified_time\" content=\"2023-12-11T14:34:59+00:00\" \/>\n<meta property=\"og:image\" content=\"https:\/\/i0.wp.com\/szolnokimuvesztelep.com\/wp-content\/uploads\/2023\/12\/szentmartoni_janos_konferencia_2023_w.jpg?fit=800%2C200\" \/>\n\t<meta property=\"og:image:width\" content=\"800\" \/>\n\t<meta property=\"og:image:height\" content=\"200\" \/>\n<script type=\"application\/ld+json\" class=\"yoast-schema-graph\">{\"@context\":\"https:\/\/schema.org\",\"@graph\":[{\"@type\":\"Organization\",\"@id\":\"http:\/\/szolnokimuvesztelep.com\/en\/#organization\",\"name\":\"Szolnoki M\\u0171v\\u00e9sztelep\",\"url\":\"http:\/\/szolnokimuvesztelep.com\/en\/\",\"sameAs\":[\"https:\/\/www.facebook.com\/szolnokimuvesztelepofficial\/\",\"https:\/\/www.instagram.com\/szolnoki_muvesztelep\/\",\"https:\/\/www.youtube.com\/channel\/UCAYRF4A8FrslG3J__XEjEoA\",\"https:\/\/hu.wikipedia.org\/wiki\/Szolnoki_m\\u0171v\\u00e9sztelep\"],\"logo\":{\"@type\":\"ImageObject\",\"@id\":\"http:\/\/szolnokimuvesztelep.com\/en\/#logo\",\"inLanguage\":\"en-US\",\"url\":\"https:\/\/i0.wp.com\/szolnokimuvesztelep.com\/wp-content\/uploads\/2020\/05\/szmt_2019_szlogen_psz-01.png?fit=2242%2C863\",\"width\":2242,\"height\":863,\"caption\":\"Szolnoki M\\u0171v\\u00e9sztelep\"},\"image\":{\"@id\":\"http:\/\/szolnokimuvesztelep.com\/en\/#logo\"}},{\"@type\":\"WebSite\",\"@id\":\"http:\/\/szolnokimuvesztelep.com\/en\/#website\",\"url\":\"http:\/\/szolnokimuvesztelep.com\/en\/\",\"name\":\"SZOLNOKI M\\u0170V\\u00c9SZTELEP\",\"description\":\"Meg\\u00fajul\\u00f3 hagyom\\u00e1ny\",\"publisher\":{\"@id\":\"http:\/\/szolnokimuvesztelep.com\/en\/#organization\"},\"potentialAction\":[{\"@type\":\"SearchAction\",\"target\":\"http:\/\/szolnokimuvesztelep.com\/en\/?s={search_term_string}\",\"query-input\":\"required name=search_term_string\"}],\"inLanguage\":\"en-US\"},{\"@type\":\"ImageObject\",\"@id\":\"http:\/\/szolnokimuvesztelep.com\/2023\/12\/11\/szentmartoni-janos\/#primaryimage\",\"inLanguage\":\"en-US\",\"url\":\"https:\/\/i0.wp.com\/szolnokimuvesztelep.com\/wp-content\/uploads\/2023\/12\/szentmartoni_janos_konferencia_2023_w.jpg?fit=800%2C200\",\"width\":800,\"height\":200},{\"@type\":\"WebPage\",\"@id\":\"http:\/\/szolnokimuvesztelep.com\/2023\/12\/11\/szentmartoni-janos\/#webpage\",\"url\":\"http:\/\/szolnokimuvesztelep.com\/2023\/12\/11\/szentmartoni-janos\/\",\"name\":\"Szentm\\u00e1rtoni J\\u00e1nos: K\\u00f6sz\\u00f6nt\\u0151 - SZOLNOKI M\\u0170V\\u00c9SZTELEP\",\"isPartOf\":{\"@id\":\"http:\/\/szolnokimuvesztelep.com\/en\/#website\"},\"primaryImageOfPage\":{\"@id\":\"http:\/\/szolnokimuvesztelep.com\/2023\/12\/11\/szentmartoni-janos\/#primaryimage\"},\"datePublished\":\"2023-12-11T14:02:25+00:00\",\"dateModified\":\"2023-12-11T14:34:59+00:00\",\"inLanguage\":\"en-US\",\"potentialAction\":[{\"@type\":\"ReadAction\",\"target\":[\"http:\/\/szolnokimuvesztelep.com\/2023\/12\/11\/szentmartoni-janos\/\"]}]},{\"@type\":\"Article\",\"@id\":\"http:\/\/szolnokimuvesztelep.com\/2023\/12\/11\/szentmartoni-janos\/#article\",\"isPartOf\":{\"@id\":\"http:\/\/szolnokimuvesztelep.com\/2023\/12\/11\/szentmartoni-janos\/#webpage\"},\"author\":{\"@id\":\"http:\/\/szolnokimuvesztelep.com\/en\/#\/schema\/person\/455817b7faaefdc309af6d6d95453700\"},\"headline\":\"Szentm\\u00e1rtoni J\\u00e1nos: K\\u00f6sz\\u00f6nt\\u0151\",\"datePublished\":\"2023-12-11T14:02:25+00:00\",\"dateModified\":\"2023-12-11T14:34:59+00:00\",\"commentCount\":0,\"mainEntityOfPage\":{\"@id\":\"http:\/\/szolnokimuvesztelep.com\/2023\/12\/11\/szentmartoni-janos\/#webpage\"},\"publisher\":{\"@id\":\"http:\/\/szolnokimuvesztelep.com\/en\/#organization\"},\"image\":{\"@id\":\"http:\/\/szolnokimuvesztelep.com\/2023\/12\/11\/szentmartoni-janos\/#primaryimage\"},\"articleSection\":\"A K\\u00e9pz\\u0151m\\u0171v\\u00e9szet K\\u00fcldet\\u00e9se Ma Konferencia 2023\",\"inLanguage\":\"en-US\",\"potentialAction\":[{\"@type\":\"CommentAction\",\"name\":\"Comment\",\"target\":[\"http:\/\/szolnokimuvesztelep.com\/2023\/12\/11\/szentmartoni-janos\/#respond\"]}]},{\"@type\":[\"Person\"],\"@id\":\"http:\/\/szolnokimuvesztelep.com\/en\/#\/schema\/person\/455817b7faaefdc309af6d6d95453700\",\"name\":\"Cselle Judit\",\"image\":{\"@type\":\"ImageObject\",\"@id\":\"http:\/\/szolnokimuvesztelep.com\/en\/#personlogo\",\"inLanguage\":\"en-US\",\"url\":\"http:\/\/0.gravatar.com\/avatar\/3eb98182a1cc7aad03ba91a0145855ba?s=96&d=mm&r=g\",\"caption\":\"Cselle Judit\"}}]}<\/script>\n<!-- \/ Yoast SEO Premium plugin. -->","jetpack_sharing_enabled":true,"jetpack_shortlink":"https:\/\/wp.me\/p9tpmR-2cp","jetpack_likes_enabled":true,"jetpack-related-posts":[],"_links":{"self":[{"href":"http:\/\/szolnokimuvesztelep.com\/en\/wp-json\/wp\/v2\/posts\/8457"}],"collection":[{"href":"http:\/\/szolnokimuvesztelep.com\/en\/wp-json\/wp\/v2\/posts"}],"about":[{"href":"http:\/\/szolnokimuvesztelep.com\/en\/wp-json\/wp\/v2\/types\/post"}],"author":[{"embeddable":true,"href":"http:\/\/szolnokimuvesztelep.com\/en\/wp-json\/wp\/v2\/users\/6"}],"replies":[{"embeddable":true,"href":"http:\/\/szolnokimuvesztelep.com\/en\/wp-json\/wp\/v2\/comments?post=8457"}],"version-history":[{"count":2,"href":"http:\/\/szolnokimuvesztelep.com\/en\/wp-json\/wp\/v2\/posts\/8457\/revisions"}],"predecessor-version":[{"id":8466,"href":"http:\/\/szolnokimuvesztelep.com\/en\/wp-json\/wp\/v2\/posts\/8457\/revisions\/8466"}],"wp:featuredmedia":[{"embeddable":true,"href":"http:\/\/szolnokimuvesztelep.com\/en\/wp-json\/wp\/v2\/media\/8458"}],"wp:attachment":[{"href":"http:\/\/szolnokimuvesztelep.com\/en\/wp-json\/wp\/v2\/media?parent=8457"}],"wp:term":[{"taxonomy":"category","embeddable":true,"href":"http:\/\/szolnokimuvesztelep.com\/en\/wp-json\/wp\/v2\/categories?post=8457"},{"taxonomy":"post_tag","embeddable":true,"href":"http:\/\/szolnokimuvesztelep.com\/en\/wp-json\/wp\/v2\/tags?post=8457"},{"taxonomy":"yst_prominent_words","embeddable":true,"href":"http:\/\/szolnokimuvesztelep.com\/en\/wp-json\/wp\/v2\/yst_prominent_words?post=8457"}],"curies":[{"name":"wp","href":"https:\/\/api.w.org\/{rel}","templated":true}]}}