{"id":8380,"date":"2023-10-02T23:28:41","date_gmt":"2023-10-02T23:28:41","guid":{"rendered":"http:\/\/szolnokimuvesztelep.com\/?p=8380"},"modified":"2024-04-21T19:39:34","modified_gmt":"2024-04-21T19:39:34","slug":"8380","status":"publish","type":"post","link":"http:\/\/szolnokimuvesztelep.com\/en\/2023\/10\/02\/8380\/","title":{"rendered":"Orsz\u00e1g\u00fat ON &#8211; Orsz\u00e1g\u00fat K\u00e9pz\u0151m\u0171v\u00e9szeti Antol\u00f3gia 2023 c\u00edm\u0171 kiadv\u00e1ny bemutat\u00f3ja"},"content":{"rendered":"<p>Orsz\u00e1g\u00fat ON<br \/>\nBemutatjuk az Orsz\u00e1g\u00fat K\u00e9pz\u0151m\u0171v\u00e9szeti Antol\u00f3gia 2023 c\u00edm\u0171 kiadv\u00e1nyt \u201e\u2026Rajzoltunk egy k\u00f6ltem\u00e9nyt\u2026\u201d \u2013 Illusztr\u00e1ci\u00f3k Az ember trag\u00e9di\u00e1ja 15 sz\u00edn\u00e9re &#8211; mappa bemutat\u00f3<\/p>\n<p>\/\/\/Helysz\u00edn<br \/>\nSzolnoki M\u0171v\u00e9sztelep Rajzst\u00fadi\u00f3 Gal\u00e9ria (Gutenberg t\u00e9r 12.)<br \/>\n\/\/\/Id\u0151pont<br \/>\n2023. okt\u00f3ber 21. 12.00<\/p>\n<p>\/\/\/K\u00f6zben<br \/>\nA Grafikai M\u0171hely \u00e9s Rajzst\u00fadi\u00f3 Gal\u00e9ri\u00e1ban<br \/>\na Szolnoki M\u0171v\u00e9sztelep ki\u00e1ll\u00edt\u00e1sa megtekinthet\u0151<\/p>","protected":false},"excerpt":{"rendered":"<p>Orsz\u00e1g\u00fat ON Bemutatjuk az Orsz\u00e1g\u00fat K\u00e9pz\u0151m\u0171v\u00e9szeti Antol\u00f3gia 2023 c\u00edm\u0171 kiadv\u00e1nyt \u201e\u2026Rajzoltunk egy k\u00f6ltem\u00e9nyt\u2026\u201d \u2013 Illusztr\u00e1ci\u00f3k Az ember trag\u00e9di\u00e1ja 15 sz\u00edn\u00e9re &#8211; mappa bemutat\u00f3 \/\/\/Helysz\u00edn Szolnoki M\u0171v\u00e9sztelep Rajzst\u00fadi\u00f3 Gal\u00e9ria (Gutenberg t\u00e9r 12.) \/\/\/Id\u0151pont 2023. okt\u00f3ber 21. 12.00 \/\/\/K\u00f6zben A Grafikai M\u0171hely \u00e9s Rajzst\u00fadi\u00f3 Gal\u00e9ri\u00e1ban a Szolnoki M\u0171v\u00e9sztelep ki\u00e1ll\u00edt\u00e1sa megtekinthet\u0151<\/p>","protected":false},"author":6,"featured_media":8381,"comment_status":"open","ping_status":"open","sticky":false,"template":"","format":"standard","meta":{"spay_email":"","jetpack_publicize_message":""},"categories":[55,58],"tags":[],"yst_prominent_words":[],"jetpack_featured_media_url":"https:\/\/i2.wp.com\/szolnokimuvesztelep.com\/wp-content\/uploads\/2023\/10\/Orszagut_ON_negyzet_honlap_20232.jpg?fit=625%2C625","jetpack_publicize_connections":[],"yoast_head":"<!-- This site is optimized with the Yoast SEO Premium plugin v14.1 - https:\/\/yoast.com\/wordpress\/plugins\/seo\/ -->\n<title>Orsz\u00e1g\u00fat ON - Orsz\u00e1g\u00fat K\u00e9pz\u0151m\u0171v\u00e9szeti Antol\u00f3gia 2023 c\u00edm\u0171 kiadv\u00e1ny bemutat\u00f3ja - SZOLNOKI M\u0170V\u00c9SZTELEP<\/title>\n<meta name=\"robots\" content=\"index, follow\" \/>\n<meta name=\"googlebot\" content=\"index, follow, max-snippet:-1, max-image-preview:large, max-video-preview:-1\" \/>\n<meta name=\"bingbot\" content=\"index, follow, max-snippet:-1, max-image-preview:large, max-video-preview:-1\" \/>\n<link rel=\"canonical\" href=\"http:\/\/szolnokimuvesztelep.com\/en\/2023\/10\/02\/8380\/\" \/>\n<meta property=\"og:locale\" content=\"en_US\" \/>\n<meta property=\"og:type\" content=\"article\" \/>\n<meta property=\"og:title\" content=\"Orsz\u00e1g\u00fat ON - Orsz\u00e1g\u00fat K\u00e9pz\u0151m\u0171v\u00e9szeti Antol\u00f3gia 2023 c\u00edm\u0171 kiadv\u00e1ny bemutat\u00f3ja - SZOLNOKI M\u0170V\u00c9SZTELEP\" \/>\n<meta property=\"og:description\" content=\"Orsz\u00e1g\u00fat ON Bemutatjuk az Orsz\u00e1g\u00fat K\u00e9pz\u0151m\u0171v\u00e9szeti Antol\u00f3gia 2023 c\u00edm\u0171 kiadv\u00e1nyt \u201e\u2026Rajzoltunk egy k\u00f6ltem\u00e9nyt\u2026\u201d \u2013 Illusztr\u00e1ci\u00f3k Az ember trag\u00e9di\u00e1ja 15 sz\u00edn\u00e9re &#8211; mappa bemutat\u00f3 \/\/\/Helysz\u00edn Szolnoki M\u0171v\u00e9sztelep Rajzst\u00fadi\u00f3 Gal\u00e9ria (Gutenberg t\u00e9r 12.) \/\/\/Id\u0151pont 2023. okt\u00f3ber 21. 12.00 \/\/\/K\u00f6zben A Grafikai M\u0171hely \u00e9s Rajzst\u00fadi\u00f3 Gal\u00e9ri\u00e1ban a Szolnoki M\u0171v\u00e9sztelep ki\u00e1ll\u00edt\u00e1sa megtekinthet\u0151\" \/>\n<meta property=\"og:url\" content=\"http:\/\/szolnokimuvesztelep.com\/en\/2023\/10\/02\/8380\/\" \/>\n<meta property=\"og:site_name\" content=\"SZOLNOKI M\u0170V\u00c9SZTELEP\" \/>\n<meta property=\"article:publisher\" content=\"https:\/\/www.facebook.com\/szolnokimuvesztelepofficial\/\" \/>\n<meta property=\"article:published_time\" content=\"2023-10-02T23:28:41+00:00\" \/>\n<meta property=\"article:modified_time\" content=\"2024-04-21T19:39:34+00:00\" \/>\n<meta property=\"og:image\" content=\"https:\/\/i2.wp.com\/szolnokimuvesztelep.com\/wp-content\/uploads\/2023\/10\/Orszagut_ON_negyzet_honlap_20232.jpg?fit=625%2C625\" \/>\n\t<meta property=\"og:image:width\" content=\"625\" \/>\n\t<meta property=\"og:image:height\" content=\"625\" \/>\n<script type=\"application\/ld+json\" class=\"yoast-schema-graph\">{\"@context\":\"https:\/\/schema.org\",\"@graph\":[{\"@type\":\"Organization\",\"@id\":\"http:\/\/szolnokimuvesztelep.com\/en\/#organization\",\"name\":\"Szolnoki M\\u0171v\\u00e9sztelep\",\"url\":\"http:\/\/szolnokimuvesztelep.com\/en\/\",\"sameAs\":[\"https:\/\/www.facebook.com\/szolnokimuvesztelepofficial\/\",\"https:\/\/www.instagram.com\/szolnoki_muvesztelep\/\",\"https:\/\/www.youtube.com\/channel\/UCAYRF4A8FrslG3J__XEjEoA\",\"https:\/\/hu.wikipedia.org\/wiki\/Szolnoki_m\\u0171v\\u00e9sztelep\"],\"logo\":{\"@type\":\"ImageObject\",\"@id\":\"http:\/\/szolnokimuvesztelep.com\/en\/#logo\",\"inLanguage\":\"en-US\",\"url\":\"https:\/\/i0.wp.com\/szolnokimuvesztelep.com\/wp-content\/uploads\/2020\/05\/szmt_2019_szlogen_psz-01.png?fit=2242%2C863\",\"width\":2242,\"height\":863,\"caption\":\"Szolnoki M\\u0171v\\u00e9sztelep\"},\"image\":{\"@id\":\"http:\/\/szolnokimuvesztelep.com\/en\/#logo\"}},{\"@type\":\"WebSite\",\"@id\":\"http:\/\/szolnokimuvesztelep.com\/en\/#website\",\"url\":\"http:\/\/szolnokimuvesztelep.com\/en\/\",\"name\":\"SZOLNOKI M\\u0170V\\u00c9SZTELEP\",\"description\":\"Meg\\u00fajul\\u00f3 hagyom\\u00e1ny\",\"publisher\":{\"@id\":\"http:\/\/szolnokimuvesztelep.com\/en\/#organization\"},\"potentialAction\":[{\"@type\":\"SearchAction\",\"target\":\"http:\/\/szolnokimuvesztelep.com\/en\/?s={search_term_string}\",\"query-input\":\"required name=search_term_string\"}],\"inLanguage\":\"en-US\"},{\"@type\":\"ImageObject\",\"@id\":\"http:\/\/szolnokimuvesztelep.com\/2023\/10\/02\/8380\/#primaryimage\",\"inLanguage\":\"en-US\",\"url\":\"https:\/\/i2.wp.com\/szolnokimuvesztelep.com\/wp-content\/uploads\/2023\/10\/Orszagut_ON_negyzet_honlap_20232.jpg?fit=625%2C625\",\"width\":625,\"height\":625},{\"@type\":\"WebPage\",\"@id\":\"http:\/\/szolnokimuvesztelep.com\/2023\/10\/02\/8380\/#webpage\",\"url\":\"http:\/\/szolnokimuvesztelep.com\/2023\/10\/02\/8380\/\",\"name\":\"Orsz\\u00e1g\\u00fat ON - Orsz\\u00e1g\\u00fat K\\u00e9pz\\u0151m\\u0171v\\u00e9szeti Antol\\u00f3gia 2023 c\\u00edm\\u0171 kiadv\\u00e1ny bemutat\\u00f3ja - SZOLNOKI M\\u0170V\\u00c9SZTELEP\",\"isPartOf\":{\"@id\":\"http:\/\/szolnokimuvesztelep.com\/en\/#website\"},\"primaryImageOfPage\":{\"@id\":\"http:\/\/szolnokimuvesztelep.com\/2023\/10\/02\/8380\/#primaryimage\"},\"datePublished\":\"2023-10-02T23:28:41+00:00\",\"dateModified\":\"2024-04-21T19:39:34+00:00\",\"inLanguage\":\"en-US\",\"potentialAction\":[{\"@type\":\"ReadAction\",\"target\":[\"http:\/\/szolnokimuvesztelep.com\/2023\/10\/02\/8380\/\"]}]},{\"@type\":\"Article\",\"@id\":\"http:\/\/szolnokimuvesztelep.com\/2023\/10\/02\/8380\/#article\",\"isPartOf\":{\"@id\":\"http:\/\/szolnokimuvesztelep.com\/2023\/10\/02\/8380\/#webpage\"},\"author\":{\"@id\":\"http:\/\/szolnokimuvesztelep.com\/en\/#\/schema\/person\/455817b7faaefdc309af6d6d95453700\"},\"headline\":\"Orsz\\u00e1g\\u00fat ON &#8211; Orsz\\u00e1g\\u00fat K\\u00e9pz\\u0151m\\u0171v\\u00e9szeti Antol\\u00f3gia 2023 c\\u00edm\\u0171 kiadv\\u00e1ny bemutat\\u00f3ja\",\"datePublished\":\"2023-10-02T23:28:41+00:00\",\"dateModified\":\"2024-04-21T19:39:34+00:00\",\"commentCount\":0,\"mainEntityOfPage\":{\"@id\":\"http:\/\/szolnokimuvesztelep.com\/2023\/10\/02\/8380\/#webpage\"},\"publisher\":{\"@id\":\"http:\/\/szolnokimuvesztelep.com\/en\/#organization\"},\"image\":{\"@id\":\"http:\/\/szolnokimuvesztelep.com\/2023\/10\/02\/8380\/#primaryimage\"},\"articleSection\":\"Arch\\u00edv,H\\u00edrek\",\"inLanguage\":\"en-US\",\"potentialAction\":[{\"@type\":\"CommentAction\",\"name\":\"Comment\",\"target\":[\"http:\/\/szolnokimuvesztelep.com\/2023\/10\/02\/8380\/#respond\"]}]},{\"@type\":[\"Person\"],\"@id\":\"http:\/\/szolnokimuvesztelep.com\/en\/#\/schema\/person\/455817b7faaefdc309af6d6d95453700\",\"name\":\"Cselle Judit\",\"image\":{\"@type\":\"ImageObject\",\"@id\":\"http:\/\/szolnokimuvesztelep.com\/en\/#personlogo\",\"inLanguage\":\"en-US\",\"url\":\"http:\/\/0.gravatar.com\/avatar\/3eb98182a1cc7aad03ba91a0145855ba?s=96&d=mm&r=g\",\"caption\":\"Cselle Judit\"}}]}<\/script>\n<!-- \/ Yoast SEO Premium plugin. -->","jetpack_sharing_enabled":true,"jetpack_shortlink":"https:\/\/wp.me\/s9tpmR-8380","jetpack_likes_enabled":true,"jetpack-related-posts":[],"_links":{"self":[{"href":"http:\/\/szolnokimuvesztelep.com\/en\/wp-json\/wp\/v2\/posts\/8380"}],"collection":[{"href":"http:\/\/szolnokimuvesztelep.com\/en\/wp-json\/wp\/v2\/posts"}],"about":[{"href":"http:\/\/szolnokimuvesztelep.com\/en\/wp-json\/wp\/v2\/types\/post"}],"author":[{"embeddable":true,"href":"http:\/\/szolnokimuvesztelep.com\/en\/wp-json\/wp\/v2\/users\/6"}],"replies":[{"embeddable":true,"href":"http:\/\/szolnokimuvesztelep.com\/en\/wp-json\/wp\/v2\/comments?post=8380"}],"version-history":[{"count":2,"href":"http:\/\/szolnokimuvesztelep.com\/en\/wp-json\/wp\/v2\/posts\/8380\/revisions"}],"predecessor-version":[{"id":8383,"href":"http:\/\/szolnokimuvesztelep.com\/en\/wp-json\/wp\/v2\/posts\/8380\/revisions\/8383"}],"wp:featuredmedia":[{"embeddable":true,"href":"http:\/\/szolnokimuvesztelep.com\/en\/wp-json\/wp\/v2\/media\/8381"}],"wp:attachment":[{"href":"http:\/\/szolnokimuvesztelep.com\/en\/wp-json\/wp\/v2\/media?parent=8380"}],"wp:term":[{"taxonomy":"category","embeddable":true,"href":"http:\/\/szolnokimuvesztelep.com\/en\/wp-json\/wp\/v2\/categories?post=8380"},{"taxonomy":"post_tag","embeddable":true,"href":"http:\/\/szolnokimuvesztelep.com\/en\/wp-json\/wp\/v2\/tags?post=8380"},{"taxonomy":"yst_prominent_words","embeddable":true,"href":"http:\/\/szolnokimuvesztelep.com\/en\/wp-json\/wp\/v2\/yst_prominent_words?post=8380"}],"curies":[{"name":"wp","href":"https:\/\/api.w.org\/{rel}","templated":true}]}}