{"id":8325,"date":"2023-08-01T08:24:11","date_gmt":"2023-08-01T08:24:11","guid":{"rendered":"http:\/\/szolnokimuvesztelep.com\/?p=8325"},"modified":"2025-10-10T13:02:43","modified_gmt":"2025-10-10T13:02:43","slug":"kepiro-agnes-ezustos-hang-a-kodos-reggelben-orszagut-com","status":"publish","type":"post","link":"http:\/\/szolnokimuvesztelep.com\/en\/2023\/08\/01\/kepiro-agnes-ezustos-hang-a-kodos-reggelben-orszagut-com\/","title":{"rendered":"K\u00e9pir\u00f3 \u00c1gnes: Ez\u00fcst\u00f6s hang a k\u00f6d\u00f6s reggelben \u2013 Orsz\u00e1g\u00fat.com"},"content":{"rendered":"<div class=\"article-author\"><\/div>\n<div class=\"article-subtitle\">\n<p class=\"lead\"><strong>Fazekas Magdolna, a Szolnoki M\u0171v\u00e9sztelep rangid\u0151s alkot\u00f3ja id\u00e9n m\u00e1rciusban t\u00f6lt\u00f6tte be kilencvenedik \u00e9let\u00e9v\u00e9t. A kerek sz\u00fclet\u00e9snap alkalm\u00e1b\u00f3l nagyszab\u00e1s\u00fa, az \u00e9letm\u0171 eg\u00e9sz\u00e9t fel\u00f6lel\u0151 ki\u00e1ll\u00edt\u00e1s ny\u00edlt a Szolnoki Gal\u00e9ri\u00e1ban, a Szolnoki M\u0171v\u00e9sztelep alap\u00edt\u00e1s\u00e1nak sz\u00e1zhuszonegyedik \u00e9vfordul\u00f3j\u00e1n.<\/strong><\/p>\n<\/div>\n<div class=\"article-body\">\n<p>&nbsp;<\/p>\n<div class=\"image image-div inner\">\n<div class=\"img-wrapper\"><img src=\"https:\/\/i2.wp.com\/orszagut.com\/data\/articles\/4\/47\/article-4727\/05_-_Merengo__fit_800x10000.jpg?w=860&#038;ssl=1\" alt=\"\" data-origsrc=\"\/data\/articles\/4\/47\/article-4727\/05_-_Merengo_.jpg\" data-recalc-dims=\"1\" \/><\/div>\n<p class=\"kepalairas\"><em>Mereng\u0151, 1985<\/em><\/p>\n<div class=\"cikkepcim\"><\/div>\n<\/div>\n<p>Nemcsak \u00e9letkora, hanem a Szolnoki M\u0171v\u00e9sztelepen t\u00f6lt\u00f6tt \u00e9vek szempontj\u00e1b\u00f3l n\u00e9zve is kiemelkedik alkot\u00f3t\u00e1rsai k\u00f6z\u00fcl, ugyanis a Szolnoki M\u0171v\u00e9sztelep t\u00f6bb mint sz\u00e1zh\u00fasz \u00e9ves t\u00f6rt\u00e9net\u00e9nek leghosszabb alkot\u00f3i peri\u00f3dusa Fazekas Magdolna fest\u0151m\u0171v\u00e9sz munk\u00e1ss\u00e1g\u00e1hoz k\u00f6thet\u0151 \u2013 minden kor\u00e1bbi ott alkot\u00f3n\u00e1l hosszabb id\u0151szakot tudhat mag\u00e1nak: hatvan\u00f6t \u00e9ve \u00e9l \u00e9s alkot a kol\u00f3ni\u00e1n. Majd h\u00e9t \u00e9vtizedet fel\u00f6lel\u0151 munk\u00e1ss\u00e1ga sor\u00e1n sz\u00e1mos hazai \u00e9s k\u00fclf\u00f6ldi ki\u00e1ll\u00edt\u00e1son szerepelt, \u00e9vtizedekig jelen volt alkot\u00e1saival valamennyi jelent\u0151s hazai k\u00e9pz\u0151m\u0171v\u00e9szeti seregszeml\u00e9n. Az eddigi p\u00e1ly\u00e1ja sor\u00e1n \u00f6sszesen huszonnyolc d\u00edjat elnyert alkot\u00f3 szakmai elismer\u00e9sei k\u00f6z\u00fcl a legfontosabbak az 1975-ben az I. Szolnoki Fest\u00e9szeti Trienn\u00e1l\u00e9n elnyert f\u0151d\u00edj, 2004-ben az Orsz\u00e1gos T\u00e1jfest\u00e9szeti Bienn\u00e1l\u00e9 Arany Diplom\u00e1ja, a 2013-ban megkapott Magyar Arany \u00c9rdemkereszt \u00e9s a Munk\u00e1csy Mih\u00e1ly-d\u00edj (2020).<\/p>\n<div class=\"image image-div inner\">\n<div class=\"img-wrapper\"><img src=\"https:\/\/i1.wp.com\/orszagut.com\/data\/articles\/4\/47\/article-4727\/08_-_Alkonyi_fe_nyek_fit_800x10000.jpg?w=860&#038;ssl=1\" alt=\"\" data-origsrc=\"\/data\/articles\/4\/47\/article-4727\/08_-_Alkonyi_fe_nyek.jpg\" data-recalc-dims=\"1\" \/><\/div>\n<div class=\"cikkkeptable\">\n<p class=\"kepalairas\"><em>Alkonyi f\u00e9nyek, \u00e9.n.<\/em><\/p>\n<\/div>\n<\/div>\n<p class=\"kepalairas\">\n<p>Az egykor zsinag\u00f3gak\u00e9nt funkcion\u00e1l\u00f3 \u00e9p\u00fclet f\u00f6ldszintj\u00e9n negyvenh\u00e9t t\u00e1blak\u00e9p l\u00e1that\u00f3, t\u00f6bbs\u00e9g\u00fck olajjal vagy olajjal \u00e9s pasztellel v\u00e1szonra \u00e9s farostlemezre k\u00e9sz\u00fclt alkot\u00e1sok, melyek \u2013 csak\u00fagy, mint Fazekas Magdolna teljes \u00e9letm\u0171ve \u2013 konzekvensen k\u00e9t tematikai m\u0171fajba illeszkednek: portr\u00e9k \u00e9s t\u00e1j\u00e1br\u00e1zol\u00e1sok. M\u00edg a portr\u00e9k tiszta m\u0171fajis\u00e1got k\u00e9pviselnek, a t\u00e1jk\u00e9pek kor\u00e1ntsem vegytiszta t\u00e1j\u00e1br\u00e1zol\u00e1sok. Eg\u00e9sz k\u00e9pmez\u0151t bet\u00f6lt\u0151, k\u00f6zeli vagy szinte azonos sz\u00ednt\u00f3nusokb\u00f3l fel\u00e9p\u00edtett k\u00e9pmez\u0151inek t\u00e1jelemei k\u00f6z\u00f6tt ott rejlik a figura, legyen az dolgoz\u00f3, alkot\u00f3 vagy sejtelmesen rejt\u0151zk\u00f6d\u0151 alak. A zsinag\u00f3ga karzat\u00e1n pedig szekci\u00f3kra bontva \u00f6sszesen hetvenegy alkot\u00e1s: f\u0151leg a korai, \u00f6tvenes \u00e9vek elej\u00e9n, m\u00e9g f\u0151iskol\u00e1s kor\u00e1ban k\u00e9sz\u00edtett akt- \u00e9s portr\u00e9tanulm\u00e1nyok, valamint k\u00e9s\u0151bbi alkot\u00f3i peri\u00f3dusainak pap\u00edralap\u00fa munk\u00e1i: p\u00e1lyat\u00e1rsair\u00f3l \u00e9s csal\u00e1dtagjair\u00f3l k\u00e9sz\u00edtett portr\u00e9k \u00e9s mozdulattanulm\u00e1nyok, valamint portr\u00e9- \u00e9s t\u00e1jakvarellek l\u00e1that\u00f3k.<\/p>\n<div class=\"image image-div inner\">\n<div class=\"img-wrapper\"><img src=\"https:\/\/i1.wp.com\/orszagut.com\/data\/articles\/4\/47\/article-4727\/03_-_S_Miklo_s_fit_800x10000.jpg?w=860&#038;ssl=1\" alt=\"\" data-origsrc=\"\/data\/articles\/4\/47\/article-4727\/03_-_S_Miklo_s.jpg\" data-recalc-dims=\"1\" \/><\/div>\n<p class=\"kepalairas\"><em>Somos Mikl\u00f3s, 1955<\/em><\/p>\n<div class=\"cikkepcim\"><\/div>\n<\/div>\n<p>Hogy mit is jelenthet Fazekas Magdolna sz\u00e1m\u00e1ra a term\u00e9szet \u00e9s hogyan k\u00e9pez\u0151dik le m\u0171v\u00e9szet\u00e9ben, annak titk\u00e1t gyermekkori felismer\u00e9sekben \u00e9s a m\u0171teremlak\u00e1s\u00e1t k\u00f6r\u00fclvev\u0151 kert p\u00e1ratlan atmoszf\u00e9r\u00e1j\u00e1ban kell keresni. Az 1933-ban Budapesten sz\u00fcletett fest\u0151m\u0171v\u00e9sz a nyarakat dun\u00e1nt\u00fali nagysz\u00fclein\u00e9l t\u00f6lt\u00f6tte, melyet \u00edgy \u00f6r\u00f6k\u00edt meg 2001-ben keletkezett visszaeml\u00e9kez\u00e9s\u00e9ben: Felh\u0151tlen, boldog nyarakra eml\u00e9kszem, melyeket egy dun\u00e1nt\u00fali faluban, nagysz\u00fcleimn\u00e9l t\u00f6lt\u00f6ttem hossz\u00fa \u00e9veken kereszt\u00fcl. Ott, kisgyermekk\u00e9nt fedeztem fel a term\u00e9szetet: a vir\u00e1gos mez\u0151t, ahol sokat j\u00e1tszottunk, a kerteket, az \u00e1llatokat. Sz\u00e1momra sok csod\u00e1t rejtett mag\u00e1ba, amely meghat\u00e1rozta \u00e9letre sz\u00f3l\u00f3 vonz\u00f3d\u00e1somat, a szeml\u00e9l\u0151d\u00e9s, a r\u00e1csod\u00e1lkoz\u00e1s k\u00e9pess\u00e9g\u00e9t. (Szoboszlai Zsolt, Kert\u00e9sz R\u00f3bert [szerk.]: Szolnokiak Szolnokr\u00f3l. Vallom\u00e1s- \u00e9s interj\u00fak\u00f6tet. Szolnok, 2001. 61.)<\/p>\n<div class=\"image image-div inner\">\n<div class=\"img-wrapper\"><img src=\"https:\/\/i2.wp.com\/orszagut.com\/data\/articles\/4\/47\/article-4727\/09_-_Nya_resti_csend_fe_nyek_fit_800x10000.jpg?w=860&#038;ssl=1\" alt=\"\" data-origsrc=\"\/data\/articles\/4\/47\/article-4727\/09_-_Nya_resti_csend_fe_nyek.jpg\" data-recalc-dims=\"1\" \/><\/div>\n<p class=\"kepalairas\"><em>Ny\u00e1resti csend, f\u00e9nyek, \u00e9.n.<\/em><\/p>\n<div class=\"cikkepcim\"><\/div>\n<\/div>\n<p>Huszon\u00f6t \u00e9ves kor\u00e1ban szerzett fest\u0151m\u0171v\u00e9sz diplom\u00e1t a Magyar K\u00e9pz\u0151m\u0171v\u00e9szeti F\u0151iskol\u00e1n Bencze L\u00e1szl\u00f3 \u00e9s F\u00f3nyi G\u00e9za oszt\u00e1ly\u00e1ban. M\u00e9g a diplomaszerz\u00e9s \u00e9v\u00e9ben, 1958-ban Szolnokra k\u00f6lt\u00f6z\u00f6tt, k\u00f6vetv\u00e9n az akkor m\u00e1r egy \u00e9ve a Szolnoki M\u0171v\u00e9sztelepen alkot\u00f3 fest\u0151m\u0171v\u00e9sz f\u00e9rj\u00e9t, Meggyes L\u00e1szl\u00f3t (1928\u20132003). A m\u0171v\u00e9szh\u00e1zasp\u00e1r \u00e9letm\u0171v\u00e9t meghat\u00e1rozta a term\u00e9szet szeretete, annak saj\u00e1tos, meditat\u00edv hangulat\u00fa k\u00e9pekben realiz\u00e1l\u00f3 lek\u00e9pez\u00e9se. De nemcsak a term\u00e9szet \u00e1br\u00e1zol\u00e1sa, mely szorosan beilleszkedik az alf\u00f6ldi \u00e1br\u00e1zol\u00f3 fest\u00e9szet hagyom\u00e1nyaiba, hanem a Tisza \u00e9s a Zagyva \u00f6sszefoly\u00e1s\u00e1n\u00e1l tapasztalhat\u00f3 k\u00fcl\u00f6nleges p\u00e1r\u00e1s-k\u00f6d\u00f6s atmoszf\u00e9ra is rabul ejtette az alkot\u00f3p\u00e1rost. K\u00f6r\u00fclvesz a term\u00e9szet. Az ablakb\u00f3l figyelem a kertet. Ez\u00fcst\u00f6s hang jelez a k\u00f6d\u00f6s reggelben. Cink\u00e9k r\u00f6pk\u00f6dnek mindenfel\u0151l \u2013 pillanatok alatt f\u00f6lszedik a magot, amit az el\u0151bb kisz\u00f3rtam. J\u00f6nnek minden reggel \u2013 am\u00edg kitavaszodik. \u00d6r\u00f6m t\u00f6lt el, munk\u00e1hoz l\u00e1tok \u2013 vallja Fazekas Magdolna m\u00e1r id\u00e9zett visszaeml\u00e9kez\u00e9s\u00e9ben.<\/p>\n<div class=\"image image-div inner\">\n<div class=\"img-wrapper\"><img src=\"https:\/\/i0.wp.com\/orszagut.com\/data\/articles\/4\/47\/article-4727\/12_-_Koraesti_holdfe_nyben_fit_800x10000.jpg?w=860&#038;ssl=1\" alt=\"\" data-origsrc=\"\/data\/articles\/4\/47\/article-4727\/12_-_Koraesti_holdfe_nyben.jpg\" data-recalc-dims=\"1\" \/><\/div>\n<div class=\"cikkkeptable\">\n<p class=\"kepalairas\"><em>Koraesti holdf\u00e9nyben, \u00e9.n.<\/em><\/p>\n<\/div>\n<\/div>\n<p class=\"kepalairas\">\n<p>A Szolnoki M\u0171v\u00e9sztelep doyenne-j\u00e9nek h\u00e9t \u00e9vtizedet fel\u00f6lel\u0151 gazdag \u00e9letm\u0171v\u00e9b\u0151l v\u00e1logat\u00e1st ad\u00f3 ki\u00e1ll\u00edt\u00e1s valamennyi alkot\u00e1sa a teljess\u00e9get \u00e9s a harm\u00f3ni\u00e1t sug\u00e1rozza, \u00fagy, ahogy \u0151 a legm\u00e9lyebb \u00e1t\u00e9l\u00e9ssel \u00e9s a term\u00e9szettel egy\u00fctt l\u00e9legezve adja vissza szeml\u00e9l\u0151i sz\u00e1m\u00e1ra a t\u00e1j lelk\u00e9t, ak\u00e1r sz\u00ednek, ritmusok, ak\u00e1r metaforikusan elrejtett alakok \u00e1ltal megfogalmazva. Term\u00e9szeti k\u00e9peinek elemei ugyanazt a hum\u00e1nus attit\u0171d\u00f6t \u00e9s elm\u00e9ly\u00fcl\u00e9st sug\u00e1rozz\u00e1k, mint a portr\u00e9i. Term\u00e9szet\u00e1br\u00e1zol\u00e1sai val\u00f3j\u00e1ban bels\u0151 t\u00e1jak, mint ahogy portr\u00e9i is bels\u0151 portr\u00e9k, l\u00e1gy, pasztelles, visszafogott, m\u00e9gis gazdag koloritjai pedig bels\u0151 sz\u00ednek \u2013 az eg\u00e9sz \u00e9letm\u0171 \u00e1lland\u00f3 jellemz\u0151je a bels\u0151 \u00e9rz\u00e9sek \u00e9rz\u00e9keny kivet\u00fcl\u00e9se a hordoz\u00f3ra, legyen az v\u00e1szon, farost vagy pap\u00edr.<\/p>\n<div class=\"image image-div inner\">\n<div class=\"img-wrapper\"><img src=\"https:\/\/i2.wp.com\/orszagut.com\/data\/articles\/4\/47\/article-4727\/10_-_Tavaszi_kertben_fit_800x10000.jpg?w=860&#038;ssl=1\" alt=\"\" data-origsrc=\"\/data\/articles\/4\/47\/article-4727\/10_-_Tavaszi_kertben.jpg\" data-recalc-dims=\"1\" \/><\/div>\n<p class=\"kepalairas\"><em>Tavaszi kertben, \u00e9.n.<\/em><\/p>\n<div class=\"cikkepcim\"><\/div>\n<\/div>\n<p>Fazekas Magdolna lecsendes\u00edtett, kifinomult sz\u00ednharm\u00f3ni\u00e1kat felmutat\u00f3, l\u00e1gy zeneis\u00e9ggel \u00e1titatott k\u00e9pk\u00f6lt\u00e9szete napjaink felgyorsult vil\u00e1g\u00e1ban a csendes elm\u00e9ly\u00fcl\u00e9sre \u00e9s a misztikum, a var\u00e1zslat meg\u00e9l\u00e9s\u00e9re k\u00e9szteti a n\u00e9z\u0151t. A szeml\u00e9l\u0151 pedig \u00f3hatatlanul maga is r\u00e1csod\u00e1lkozik a l\u00e1tv\u00e1ny \u00e9s a l\u00e1tom\u00e1s k\u00f6z\u00f6tti hat\u00e1rvonalak sejtelmes elmos\u00f3d\u00e1sai nyom\u00e1n felsejl\u0151 ragyog\u00e1sra, mely nem m\u00e1s, mint az alkot\u00f3 szellemi-lelki vil\u00e1g\u00e1nak a pillanatnyi csoda meg\u00e9l\u00e9s\u00e9re invit\u00e1l\u00f3 kivet\u00fcl\u00e9se. Ez tal\u00e1n az egyik legf\u0151bb \u00fczenete a ki\u00e1ll\u00edt\u00e1snak, mely a p\u00e1lyakezdet dr\u00e1mai fesz\u00fclts\u00e9geket \u00e9s l\u00edrai finoms\u00e1got egyar\u00e1nt felmutat\u00f3 alkot\u00e1sait\u00f3l a kiteljesedett fest\u0151i vil\u00e1g legjelent\u0151sebb m\u0171vein kereszt\u00fcl rajzolja meg a rendk\u00edv\u00fcl hossz\u00fa, term\u00e9keny \u00e9s k\u00f6vetkezetes p\u00e1lya \u00edv\u00e9t.<\/p>\n<p>&nbsp;<\/p>\n<p class=\"framed\">Arcok \u00e9s t\u00e1jak \u2013 Fazekas Magdolna Munk\u00e1csy Mih\u00e1ly-d\u00edjas fest\u0151m\u0171v\u00e9sz jubileumi ki\u00e1ll\u00edt\u00e1sa j\u00falius 30-ig tekinthet\u0151 meg a Szolnoki Gal\u00e9ri\u00e1ban (5000 Szolnok, Templom \u00fat 2.)<\/p>\n<p>&nbsp;<\/p>\n<p><a href=\"https:\/\/orszagut.com\/kepzomuveszet\/ezustos-hang-a-kodos-reggelben-fazakas-magdolna-kiallitasa-szolnoki-galeria-4727?fbclid=IwAR3cuGCX7J6B-OumY21mpAVBeQVcBUaCqpxvoOVFgzWuSpfemQsGwJT5zIk\">https:\/\/orszagut.com\/kepzomuveszet\/ezustos-hang-a-kodos-reggelben-fazakas-magdolna-kiallitasa-szolnoki-galeria-4727?fbclid=IwAR3cuGCX7J6B-OumY21mpAVBeQVcBUaCqpxvoOVFgzWuSpfemQsGwJT5zIk<\/a><\/p>\n<p>&nbsp;<\/p>\n<\/div>","protected":false},"excerpt":{"rendered":"<p>Fazekas Magdolna, a Szolnoki M\u0171v\u00e9sztelep rangid\u0151s alkot\u00f3ja id\u00e9n m\u00e1rciusban t\u00f6lt\u00f6tte be kilencvenedik \u00e9let\u00e9v\u00e9t. A kerek sz\u00fclet\u00e9snap alkalm\u00e1b\u00f3l nagyszab\u00e1s\u00fa, az \u00e9letm\u0171 eg\u00e9sz\u00e9t fel\u00f6lel\u0151 ki\u00e1ll\u00edt\u00e1s ny\u00edlt a Szolnoki Gal\u00e9ri\u00e1ban, a Szolnoki M\u0171v\u00e9sztelep alap\u00edt\u00e1s\u00e1nak sz\u00e1zhuszonegyedik \u00e9vfordul\u00f3j\u00e1n. &nbsp; Mereng\u0151, 1985 Nemcsak \u00e9letkora, hanem a Szolnoki M\u0171v\u00e9sztelepen t\u00f6lt\u00f6tt \u00e9vek szempontj\u00e1b\u00f3l n\u00e9zve is kiemelkedik alkot\u00f3t\u00e1rsai k\u00f6z\u00fcl,&hellip; <\/p>","protected":false},"author":6,"featured_media":8326,"comment_status":"open","ping_status":"open","sticky":false,"template":"","format":"standard","meta":{"spay_email":"","jetpack_publicize_message":""},"categories":[55,22],"tags":[],"yst_prominent_words":[],"jetpack_featured_media_url":"https:\/\/i0.wp.com\/szolnokimuvesztelep.com\/wp-content\/uploads\/2023\/08\/Ezustoshang-negyzet_honlap_20233.jpg?fit=300%2C300","jetpack_publicize_connections":[],"yoast_head":"<!-- This site is optimized with the Yoast SEO Premium plugin v14.1 - https:\/\/yoast.com\/wordpress\/plugins\/seo\/ -->\n<title>K\u00e9pir\u00f3 \u00c1gnes: Ez\u00fcst\u00f6s hang a k\u00f6d\u00f6s reggelben \u2013 Orsz\u00e1g\u00fat.com - SZOLNOKI M\u0170V\u00c9SZTELEP<\/title>\n<meta name=\"robots\" content=\"index, follow\" \/>\n<meta name=\"googlebot\" content=\"index, follow, max-snippet:-1, max-image-preview:large, max-video-preview:-1\" \/>\n<meta name=\"bingbot\" content=\"index, follow, max-snippet:-1, max-image-preview:large, max-video-preview:-1\" \/>\n<link rel=\"canonical\" href=\"http:\/\/szolnokimuvesztelep.com\/en\/2023\/08\/01\/kepiro-agnes-ezustos-hang-a-kodos-reggelben-orszagut-com\/\" \/>\n<meta property=\"og:locale\" content=\"en_US\" \/>\n<meta property=\"og:type\" content=\"article\" \/>\n<meta property=\"og:title\" content=\"K\u00e9pir\u00f3 \u00c1gnes: Ez\u00fcst\u00f6s hang a k\u00f6d\u00f6s reggelben \u2013 Orsz\u00e1g\u00fat.com - SZOLNOKI M\u0170V\u00c9SZTELEP\" \/>\n<meta property=\"og:description\" content=\"Fazekas Magdolna, a Szolnoki M\u0171v\u00e9sztelep rangid\u0151s alkot\u00f3ja id\u00e9n m\u00e1rciusban t\u00f6lt\u00f6tte be kilencvenedik \u00e9let\u00e9v\u00e9t. A kerek sz\u00fclet\u00e9snap alkalm\u00e1b\u00f3l nagyszab\u00e1s\u00fa, az \u00e9letm\u0171 eg\u00e9sz\u00e9t fel\u00f6lel\u0151 ki\u00e1ll\u00edt\u00e1s ny\u00edlt a Szolnoki Gal\u00e9ri\u00e1ban, a Szolnoki M\u0171v\u00e9sztelep alap\u00edt\u00e1s\u00e1nak sz\u00e1zhuszonegyedik \u00e9vfordul\u00f3j\u00e1n. &nbsp; Mereng\u0151, 1985 Nemcsak \u00e9letkora, hanem a Szolnoki M\u0171v\u00e9sztelepen t\u00f6lt\u00f6tt \u00e9vek szempontj\u00e1b\u00f3l n\u00e9zve is kiemelkedik alkot\u00f3t\u00e1rsai k\u00f6z\u00fcl,&hellip;\" \/>\n<meta property=\"og:url\" content=\"http:\/\/szolnokimuvesztelep.com\/en\/2023\/08\/01\/kepiro-agnes-ezustos-hang-a-kodos-reggelben-orszagut-com\/\" \/>\n<meta property=\"og:site_name\" content=\"SZOLNOKI M\u0170V\u00c9SZTELEP\" \/>\n<meta property=\"article:publisher\" content=\"https:\/\/www.facebook.com\/szolnokimuvesztelepofficial\/\" \/>\n<meta property=\"article:published_time\" content=\"2023-08-01T08:24:11+00:00\" \/>\n<meta property=\"article:modified_time\" content=\"2025-10-10T13:02:43+00:00\" \/>\n<meta property=\"og:image\" content=\"https:\/\/i0.wp.com\/szolnokimuvesztelep.com\/wp-content\/uploads\/2023\/08\/Ezustoshang-negyzet_honlap_20233.jpg?fit=300%2C300\" \/>\n\t<meta property=\"og:image:width\" content=\"300\" \/>\n\t<meta property=\"og:image:height\" content=\"300\" \/>\n<script type=\"application\/ld+json\" class=\"yoast-schema-graph\">{\"@context\":\"https:\/\/schema.org\",\"@graph\":[{\"@type\":\"Organization\",\"@id\":\"http:\/\/szolnokimuvesztelep.com\/en\/#organization\",\"name\":\"Szolnoki M\\u0171v\\u00e9sztelep\",\"url\":\"http:\/\/szolnokimuvesztelep.com\/en\/\",\"sameAs\":[\"https:\/\/www.facebook.com\/szolnokimuvesztelepofficial\/\",\"https:\/\/www.instagram.com\/szolnoki_muvesztelep\/\",\"https:\/\/www.youtube.com\/channel\/UCAYRF4A8FrslG3J__XEjEoA\",\"https:\/\/hu.wikipedia.org\/wiki\/Szolnoki_m\\u0171v\\u00e9sztelep\"],\"logo\":{\"@type\":\"ImageObject\",\"@id\":\"http:\/\/szolnokimuvesztelep.com\/en\/#logo\",\"inLanguage\":\"en-US\",\"url\":\"https:\/\/i0.wp.com\/szolnokimuvesztelep.com\/wp-content\/uploads\/2020\/05\/szmt_2019_szlogen_psz-01.png?fit=2242%2C863\",\"width\":2242,\"height\":863,\"caption\":\"Szolnoki M\\u0171v\\u00e9sztelep\"},\"image\":{\"@id\":\"http:\/\/szolnokimuvesztelep.com\/en\/#logo\"}},{\"@type\":\"WebSite\",\"@id\":\"http:\/\/szolnokimuvesztelep.com\/en\/#website\",\"url\":\"http:\/\/szolnokimuvesztelep.com\/en\/\",\"name\":\"SZOLNOKI M\\u0170V\\u00c9SZTELEP\",\"description\":\"Meg\\u00fajul\\u00f3 hagyom\\u00e1ny\",\"publisher\":{\"@id\":\"http:\/\/szolnokimuvesztelep.com\/en\/#organization\"},\"potentialAction\":[{\"@type\":\"SearchAction\",\"target\":\"http:\/\/szolnokimuvesztelep.com\/en\/?s={search_term_string}\",\"query-input\":\"required name=search_term_string\"}],\"inLanguage\":\"en-US\"},{\"@type\":\"ImageObject\",\"@id\":\"http:\/\/szolnokimuvesztelep.com\/2023\/08\/01\/kepiro-agnes-ezustos-hang-a-kodos-reggelben-orszagut-com\/#primaryimage\",\"inLanguage\":\"en-US\",\"url\":\"https:\/\/i0.wp.com\/szolnokimuvesztelep.com\/wp-content\/uploads\/2023\/08\/Ezustoshang-negyzet_honlap_20233.jpg?fit=300%2C300\",\"width\":300,\"height\":300},{\"@type\":\"WebPage\",\"@id\":\"http:\/\/szolnokimuvesztelep.com\/2023\/08\/01\/kepiro-agnes-ezustos-hang-a-kodos-reggelben-orszagut-com\/#webpage\",\"url\":\"http:\/\/szolnokimuvesztelep.com\/2023\/08\/01\/kepiro-agnes-ezustos-hang-a-kodos-reggelben-orszagut-com\/\",\"name\":\"K\\u00e9pir\\u00f3 \\u00c1gnes: Ez\\u00fcst\\u00f6s hang a k\\u00f6d\\u00f6s reggelben \\u2013 Orsz\\u00e1g\\u00fat.com - SZOLNOKI M\\u0170V\\u00c9SZTELEP\",\"isPartOf\":{\"@id\":\"http:\/\/szolnokimuvesztelep.com\/en\/#website\"},\"primaryImageOfPage\":{\"@id\":\"http:\/\/szolnokimuvesztelep.com\/2023\/08\/01\/kepiro-agnes-ezustos-hang-a-kodos-reggelben-orszagut-com\/#primaryimage\"},\"datePublished\":\"2023-08-01T08:24:11+00:00\",\"dateModified\":\"2025-10-10T13:02:43+00:00\",\"inLanguage\":\"en-US\",\"potentialAction\":[{\"@type\":\"ReadAction\",\"target\":[\"http:\/\/szolnokimuvesztelep.com\/2023\/08\/01\/kepiro-agnes-ezustos-hang-a-kodos-reggelben-orszagut-com\/\"]}]},{\"@type\":\"Article\",\"@id\":\"http:\/\/szolnokimuvesztelep.com\/2023\/08\/01\/kepiro-agnes-ezustos-hang-a-kodos-reggelben-orszagut-com\/#article\",\"isPartOf\":{\"@id\":\"http:\/\/szolnokimuvesztelep.com\/2023\/08\/01\/kepiro-agnes-ezustos-hang-a-kodos-reggelben-orszagut-com\/#webpage\"},\"author\":{\"@id\":\"http:\/\/szolnokimuvesztelep.com\/en\/#\/schema\/person\/455817b7faaefdc309af6d6d95453700\"},\"headline\":\"K\\u00e9pir\\u00f3 \\u00c1gnes: Ez\\u00fcst\\u00f6s hang a k\\u00f6d\\u00f6s reggelben \\u2013 Orsz\\u00e1g\\u00fat.com\",\"datePublished\":\"2023-08-01T08:24:11+00:00\",\"dateModified\":\"2025-10-10T13:02:43+00:00\",\"commentCount\":0,\"mainEntityOfPage\":{\"@id\":\"http:\/\/szolnokimuvesztelep.com\/2023\/08\/01\/kepiro-agnes-ezustos-hang-a-kodos-reggelben-orszagut-com\/#webpage\"},\"publisher\":{\"@id\":\"http:\/\/szolnokimuvesztelep.com\/en\/#organization\"},\"image\":{\"@id\":\"http:\/\/szolnokimuvesztelep.com\/2023\/08\/01\/kepiro-agnes-ezustos-hang-a-kodos-reggelben-orszagut-com\/#primaryimage\"},\"articleSection\":\"Arch\\u00edv,\\u00cdr\\u00e1sok\",\"inLanguage\":\"en-US\",\"potentialAction\":[{\"@type\":\"CommentAction\",\"name\":\"Comment\",\"target\":[\"http:\/\/szolnokimuvesztelep.com\/2023\/08\/01\/kepiro-agnes-ezustos-hang-a-kodos-reggelben-orszagut-com\/#respond\"]}]},{\"@type\":[\"Person\"],\"@id\":\"http:\/\/szolnokimuvesztelep.com\/en\/#\/schema\/person\/455817b7faaefdc309af6d6d95453700\",\"name\":\"Cselle Judit\",\"image\":{\"@type\":\"ImageObject\",\"@id\":\"http:\/\/szolnokimuvesztelep.com\/en\/#personlogo\",\"inLanguage\":\"en-US\",\"url\":\"http:\/\/0.gravatar.com\/avatar\/3eb98182a1cc7aad03ba91a0145855ba?s=96&d=mm&r=g\",\"caption\":\"Cselle Judit\"}}]}<\/script>\n<!-- \/ Yoast SEO Premium plugin. -->","jetpack_sharing_enabled":true,"jetpack_shortlink":"https:\/\/wp.me\/p9tpmR-2ah","jetpack_likes_enabled":true,"jetpack-related-posts":[],"_links":{"self":[{"href":"http:\/\/szolnokimuvesztelep.com\/en\/wp-json\/wp\/v2\/posts\/8325"}],"collection":[{"href":"http:\/\/szolnokimuvesztelep.com\/en\/wp-json\/wp\/v2\/posts"}],"about":[{"href":"http:\/\/szolnokimuvesztelep.com\/en\/wp-json\/wp\/v2\/types\/post"}],"author":[{"embeddable":true,"href":"http:\/\/szolnokimuvesztelep.com\/en\/wp-json\/wp\/v2\/users\/6"}],"replies":[{"embeddable":true,"href":"http:\/\/szolnokimuvesztelep.com\/en\/wp-json\/wp\/v2\/comments?post=8325"}],"version-history":[{"count":1,"href":"http:\/\/szolnokimuvesztelep.com\/en\/wp-json\/wp\/v2\/posts\/8325\/revisions"}],"predecessor-version":[{"id":8327,"href":"http:\/\/szolnokimuvesztelep.com\/en\/wp-json\/wp\/v2\/posts\/8325\/revisions\/8327"}],"wp:featuredmedia":[{"embeddable":true,"href":"http:\/\/szolnokimuvesztelep.com\/en\/wp-json\/wp\/v2\/media\/8326"}],"wp:attachment":[{"href":"http:\/\/szolnokimuvesztelep.com\/en\/wp-json\/wp\/v2\/media?parent=8325"}],"wp:term":[{"taxonomy":"category","embeddable":true,"href":"http:\/\/szolnokimuvesztelep.com\/en\/wp-json\/wp\/v2\/categories?post=8325"},{"taxonomy":"post_tag","embeddable":true,"href":"http:\/\/szolnokimuvesztelep.com\/en\/wp-json\/wp\/v2\/tags?post=8325"},{"taxonomy":"yst_prominent_words","embeddable":true,"href":"http:\/\/szolnokimuvesztelep.com\/en\/wp-json\/wp\/v2\/yst_prominent_words?post=8325"}],"curies":[{"name":"wp","href":"https:\/\/api.w.org\/{rel}","templated":true}]}}