{"id":8152,"date":"2023-05-23T13:08:01","date_gmt":"2023-05-23T13:08:01","guid":{"rendered":"http:\/\/szolnokimuvesztelep.com\/?p=8152"},"modified":"2023-06-28T05:43:16","modified_gmt":"2023-06-28T05:43:16","slug":"debreczeni-fanni-i-heszperiszek-kertje-i-2023-06-03-06-27","status":"publish","type":"post","link":"http:\/\/szolnokimuvesztelep.com\/en\/2023\/05\/23\/debreczeni-fanni-i-heszperiszek-kertje-i-2023-06-03-06-27\/","title":{"rendered":"Debreczeni Fanni I Heszperiszek kertje I 2023.06.03-06.27."},"content":{"rendered":"<p><img data-attachment-id=\"8155\" data-permalink=\"http:\/\/szolnokimuvesztelep.com\/en\/2023\/05\/23\/debreczeni-fanni-i-heszperiszek-kertje-i-2023-06-03-06-27\/debreczenifanni_meghivo_szmt2023\/\" data-orig-file=\"https:\/\/i0.wp.com\/szolnokimuvesztelep.com\/wp-content\/uploads\/2023\/05\/DebreczeniFanni_Meghivo_szmt2023.jpg?fit=1654%2C780\" data-orig-size=\"1654,780\" data-comments-opened=\"1\" data-image-meta=\"{&quot;aperture&quot;:&quot;0&quot;,&quot;credit&quot;:&quot;&quot;,&quot;camera&quot;:&quot;&quot;,&quot;caption&quot;:&quot;&quot;,&quot;created_timestamp&quot;:&quot;0&quot;,&quot;copyright&quot;:&quot;&quot;,&quot;focal_length&quot;:&quot;0&quot;,&quot;iso&quot;:&quot;0&quot;,&quot;shutter_speed&quot;:&quot;0&quot;,&quot;title&quot;:&quot;&quot;,&quot;orientation&quot;:&quot;0&quot;}\" data-image-title=\"DebreczeniFanni_Meghivo_szmt2023\" data-image-description=\"\" data-medium-file=\"https:\/\/i0.wp.com\/szolnokimuvesztelep.com\/wp-content\/uploads\/2023\/05\/DebreczeniFanni_Meghivo_szmt2023.jpg?fit=300%2C141\" data-large-file=\"https:\/\/i0.wp.com\/szolnokimuvesztelep.com\/wp-content\/uploads\/2023\/05\/DebreczeniFanni_Meghivo_szmt2023.jpg?fit=790%2C373\" loading=\"lazy\" class=\"alignnone wp-image-8155\" src=\"https:\/\/i0.wp.com\/szolnokimuvesztelep.com\/wp-content\/uploads\/2023\/05\/DebreczeniFanni_Meghivo_szmt2023.jpg?resize=726%2C342\" alt=\"\" width=\"726\" height=\"342\" srcset=\"https:\/\/i0.wp.com\/szolnokimuvesztelep.com\/wp-content\/uploads\/2023\/05\/DebreczeniFanni_Meghivo_szmt2023.jpg?w=1654 1654w, https:\/\/i0.wp.com\/szolnokimuvesztelep.com\/wp-content\/uploads\/2023\/05\/DebreczeniFanni_Meghivo_szmt2023.jpg?resize=300%2C141 300w, https:\/\/i0.wp.com\/szolnokimuvesztelep.com\/wp-content\/uploads\/2023\/05\/DebreczeniFanni_Meghivo_szmt2023.jpg?resize=1024%2C483 1024w, https:\/\/i0.wp.com\/szolnokimuvesztelep.com\/wp-content\/uploads\/2023\/05\/DebreczeniFanni_Meghivo_szmt2023.jpg?resize=768%2C362 768w, https:\/\/i0.wp.com\/szolnokimuvesztelep.com\/wp-content\/uploads\/2023\/05\/DebreczeniFanni_Meghivo_szmt2023.jpg?resize=1536%2C724 1536w\" sizes=\"(max-width: 726px) 100vw, 726px\" data-recalc-dims=\"1\" \/><\/p>\n<p>A Szolnoki M\u0171v\u00e9sztelep megh\u00edvja \u00d6nt \u00e9s bar\u00e1tait<\/p>\n<p><strong>Debreczeni Fanni<\/strong><br \/>\nfest\u0151m\u0171v\u00e9sz<\/p>\n<p><strong>Heszperiszek kertje<\/strong><br \/>\nc\u00edm\u0171 ki\u00e1ll\u00edt\u00e1s<\/p>\n<p>Id\u0151pont<br \/>\n2023. j\u00fanius 3., szombat 18.00 \u00f3ra<\/p>\n<p>Helysz\u00edn<br \/>\nSzolnoki M\u0171v\u00e9sztelep Kert Gal\u00e9ria<br \/>\n(5000 Szolnok, Gutenberg t\u00e9r 12\/12.)<\/p>\n<p>Megnyitja<br \/>\nVerebes Gy\u00f6rgy fest\u0151m\u0171v\u00e9sz,<br \/>\na Szolnoki M\u0171v\u00e9sztelep m\u0171v\u00e9szeti vezet\u0151je<\/p>\n<p>K\u00f6zrem\u0171k\u00f6dik<br \/>\nJuh\u00e1sz Kata &#8211; \u00e9nek<br \/>\nErdei D\u00e1vid &#8211; fujara, hossz\u00fa furulya<\/p>\n<p>Megtekinthet\u0151<br \/>\n2023. j\u00fanius 27-ig (H-Szo: 9.00 \u2013 16.00 \u00f3r\u00e1ig)<\/p>\n<p>&nbsp;<\/p>\n<p><strong>Gondolatok a t\u00e1j teremt\u00e9s\u00e9r\u0151l Debreczeni Fanni festm\u00e9nyei kapcs\u00e1n<\/strong><\/p>\n<p><span>Van valami a t\u00e1jban, ami sokkal t\u00f6bb, mint l\u00e1tv\u00e1ny. A t\u00e1j egy teljes \u00e9lm\u00e9ny a l\u00e9lekben, a tudom\u00e1sban, a k\u00fclvil\u00e1g, ami val\u00f3j\u00e1ban bel\u00fcl van, bel\u00fcl form\u00e1l\u00f3dik \u00e1t\u00e9l\u00e9ss\u00e9. Ott forr \u00f6ssze az illat \u00e9s a hang, a szell\u0151 sim\u00edt\u00e1sa a b\u0151r\u00f6n, a nap heve \u00e9s a csikorg\u00f3 hideg, a lombsusog\u00e1s, a mad\u00e1rcsevely, a t\u00e1voli vonatf\u00fctty \u00e9s a templom harangj\u00e1nak zeng\u00e9se, de az \u00e1t\u00e9lt t\u00e1jban ott van belesz\u0151ve az otthonok illata, r\u00e9gi \u00f6sszeb\u00faj\u00f3 s\u00e9t\u00e1k eml\u00e9ke a ny\u00e1rv\u00e9gi alkonyatban, a rejt\u00e9lyes \u00e9jszak\u00e1k borzong\u00e1sa, k\u00fczd\u00e9sek \u00e9s elnyugv\u00e1sok, elm\u00falt id\u0151k \u00e9s j\u00f6v\u0151be vet\u00edtett rem\u00e9nyek, sz\u00f3val a teljess\u00e9g\u00e9ben \u00e1t\u00e9lt t\u00e1j mindaz, ami maga az \u00e9let. \u00cdgy v\u00e1lik az emberben el\u0151bb egyre er\u0151teljesebb sejt\u00e9ss\u00e9, majd hat\u00e1rozott \u00e9rz\u00e9ss\u00e9, v\u00e9g\u00fcl pedig bizonyoss\u00e1gg\u00e1 az, ami v\u00e9gs\u0151 soron minden alkot\u00f3 cselekedet esszenci\u00e1ja: a teremt\u00e9s bels\u0151 mozdulata. B\u00e1rmilyen l\u00e1tv\u00e1ny\u00e9lm\u00e9nyt haszn\u00e1ljon is egy m\u0171v\u00e9sz a m\u0171ve l\u00e9trehoz\u00e1sa kiindul\u00f3pontjak\u00e9nt, az nem m\u00e1s, mint alapanyag, az \u00e9rz\u00e9kel\u00e9s materia prim\u00e1ja, amit a tudom\u00e1s megterm\u00e9keny\u00edt\u0151 ereje szimb\u00f3lumm\u00e1 avat, annak a szimb\u00f3lum\u00e1v\u00e1, hogy van l\u00e9tez\u00e9s, ami b\u00e1r r\u00e9szleteiben m\u00faland\u00f3s\u00e1gra \u00edt\u00e9ltetett, a teljess\u00e9g\u00e9t tekintve \u00f6r\u00f6k, folytonos \u00e1tv\u00e1ltoz\u00e1sra k\u00e9pes, \u00e9s kinyitja el\u0151tt\u00fcnk az id\u0151tlens\u00e9g ajtaj\u00e1t.<\/span><\/p>\n<p><span>B\u00e1rmilyen meglep\u0151, a t\u00e1j fest\u00e9s\u00e9nek hagyom\u00e1nya a nyugati kult\u00far\u00e1ban csup\u00e1n n\u00e9h\u00e1ny \u00e9vsz\u00e1zadra tekint vissza. A r\u00e9gebbi korok embere sz\u00e1m\u00e1ra a t\u00e1j\u00e9lm\u00e9ny olyan term\u00e9szetess\u00e9ggel jelenhetett meg, ami sz\u00fcks\u00e9gtelenn\u00e9 tette annak \u00f6n\u00e1ll\u00f3 szimb\u00f3lumm\u00e1 avat\u00e1s\u00e1t, sokkal ink\u00e1bb egyfajta d\u00edszletk\u00e9nt szolg\u00e1lt vall\u00e1si, mitol\u00f3giai, mor\u00e1lis tartalmakat megjelen\u00edt\u0151 \u00e1br\u00e1zol\u00e1sokhoz. A v\u00e1rosi l\u00e9t, majd a fokozott iparosod\u00e1s k\u00f6vetkezt\u00e9ben azonban a t\u00e1j\u00e9lm\u00e9ny term\u00e9szetes jelenl\u00e9te hi\u00e1nny\u00e1 v\u00e1lt, \u00e9s egyfajta nosztalgikus megid\u00e9z\u00e9sk\u00e9nt kezdett kivet\u00fclni a fest\u0151k v\u00e1szn\u00e1ra. B\u00e1r ekkort\u00e1jt m\u00e9g mindig k\u00fcl\u00f6nb\u00f6z\u0151 magasztos, vagy \u00e9ppen bukolikus jelenetek h\u00e1tterek\u00e9nt t\u00e1rult fel, de a t\u00e1jban megjelen\u0151 ember\u00e1br\u00e1zol\u00e1sok fokozatosan staff\u00e1zsfigur\u00e1kk\u00e1 kicsinyedtek, \u00e9s \u00e1tadt\u00e1k a f\u0151szerepet a kit\u00e1rul\u00f3 t\u00e9rnek, viharos \u00e9g alatt elter\u00fcl\u0151 s\u00edknak, hatalmasan \u00a0h\u00e1borg\u00f3 vizeknek, magasl\u00f3 hegyormoknak. A t\u00e1j a l\u00e1tott vil\u00e1gban val\u00f3 elm\u00e9ly\u00fcl\u00e9s teljes jog\u00fa t\u00e1maszt\u00e9k\u00e1v\u00e1 v\u00e1lt.<\/span><\/p>\n<p><span>M\u00e9g n\u00e9h\u00e1ny \u00e9vtized, \u00e9s a k\u00e9pr\u0151l elt\u0171nik az ember, bek\u00f6sz\u00f6nt a plain air, a szabad t\u00e9rbe val\u00f3 belefeledkez\u00e9s kiv\u00e9teles alkot\u00f3i attit\u0171dje, a festm\u00e9ny megszabadul a t\u00f6rt\u00e9netmes\u00e9l\u00e9s k\u00e9nyszer\u00e9t\u0151l, a k\u00fcl\u00f6nf\u00e9le t\u00e1rsadalmi, mor\u00e1lis szentenci\u00e1k k\u00f6zl\u00e9s\u00e9nek ig\u00e9ny\u00e9t\u0151l, \u00e9s utat nyit a felismer\u00e9shez, hogy a l\u00e1tott vil\u00e1g \u00e9lm\u00e9nye nem k\u00edv\u00fclr\u0151l \u00e9rkezik, hanem a bels\u0151b\u0151l vet\u00fcl ki, vagy m\u00e9g ink\u00e1bb a mindenkori tudom\u00e1s festi fel azt a saj\u00e1t l\u00e9tez\u00e9s \u00e1t\u00e9l\u00e9s\u00e9nek v\u00e1szn\u00e1ra, \u00e9s s\u0171r\u0171s\u00f6dik k\u00e9zmozdulatba, sz\u00ednbe, tapint\u00e1sba.<\/span><\/p>\n<p><span>A t\u00e1jk\u00e9p hagyom\u00e1nya \u00fagy szerv\u00fcl a magyar, ezen bel\u00fcl pedig kiv\u00e1ltk\u00e9pp az alf\u00f6ldi fest\u00e9szet sz\u00f6vet\u00e9be, ahogy a vid\u00e9k, az itthoni t\u00e1j \u00edze olvad a sz\u00e1jban, ahogy a frissen kasz\u00e1lt sz\u00e9na illata \u00e1rad.<\/span><\/p>\n<p><span>Debreczeni \u00a0Fanni fest\u0151m\u0171v\u00e9sz tudja \u00e9s \u00e9rzi ezt, ismeri a m\u00faltj\u00e1t, \u00e9li a jelen\u00e9t \u00e9s rajzolja a j\u00f6v\u0151j\u00e9t, k\u00f6sz\u00f6net \u00e9rte.<\/span><\/p>\n<p><span>Ezekkel a szavakkal aj\u00e1nlom ezt a ki\u00e1ll\u00edt\u00e1st mindenki sz\u00edves figyelm\u00e9be.<\/span><\/p>\n<p><span>Verebes Gy\u00f6rgy<\/span><\/p>\n<p>&nbsp;<\/p>\n<p><strong>Debreczeni Fanni<\/strong><\/p>\n<div>\n<p>Szakmai \u00f6n\u00e9letrajz<\/p>\n<p>Tanulm\u00e1nyok<\/p>\n<p>2020-2022 Magyar K\u00e9pz\u0151m\u0171v\u00e9szeti Egyetem, K\u00e9pz\u0151m\u0171v\u00e9sz-tan\u00e1r szak<br \/>\n2015-2020 Magyar K\u00e9pz\u0151m\u0171v\u00e9szeti Egyetem, fest\u0151 szak<br \/>\nMestere: K\u00f3sa J\u00e1nos<br \/>\n2019 Erasmus \u00d6szt\u00f6nd\u00edj, Accademia di Belle Arti di Brera, Mil\u00e1n\u00f3<br \/>\n2013-2015 K\u00e9pz\u0151- \u00e9s Iparm\u0171v\u00e9szeti Szakk\u00f6z\u00e9piskola, fest\u0151 szak<\/p>\n<p>Csoportos ki\u00e1ll\u00edt\u00e1sok<\/p>\n<p>2023<br \/>\nFoly\u00f3k k\u00f6z\u00f6tt \u2013 A Szolnoki M\u0171v\u00e9sztelep ki\u00e1ll\u00edt\u00e1sa \u2013 B\u00e1cskai Kult\u00farpalota, Baja<br \/>\nF\u00e9lsziget \u2013 A Szolnoki M\u0171v\u00e9sztelep ki\u00e1ll\u00edt\u00e1sa \u2013 Bart\u00f3k 1 Gal\u00e9ria, Budapest<\/p>\n<p>2022<br \/>\n120 \u00e9ves a Szolnoki M\u0171v\u00e9sztelep \u2013 Cegl\u00e9di Gal\u00e9ria, Kossuth M\u0171vel\u0151d\u00e9si K\u00f6zpont, Cegl\u00e9d<br \/>\n\u00c9l\u0151 Magyar Fest\u00e9szet \u2013 Fiatalok \u2013 Aba-Nov\u00e1k Ag\u00f3ra Gal\u00e9ria, Szolnok<br \/>\nContinuum \u2013 120 \u00e9ves a Szolnoki M\u0171v\u00e9sztelep, Aba-Nov\u00e1k Ag\u00f3ra Gal\u00e9ria, Szolnok<br \/>\neNRA \u2013 A Rov\u00e1s Alkot\u00f3k\u00f6z\u00f6ss\u00e9g ki\u00e1ll\u00edt\u00e1sa, BM Gal\u00e9ria, Rozsny\u00f3, Szlov\u00e1kia<br \/>\nLimes Gal\u00e9ria, Kom\u00e1rno, \u00a0Szlov\u00e1kia<br \/>\nBart\u00f3k1 Gal\u00e9ria, Budapest<\/p>\n<p>2021<br \/>\nHorizont \u2013 A Magyar Alkot\u00f3m\u0171v\u00e9szek Orsz\u00e1gos Egyes\u00fclet\u00e9nek ki\u00e1ll\u00edt\u00e1sa, RE\u00d6K, Szeged<br \/>\nM\u00falt a mostban \u2013 A Szolnoki M\u0171v\u00e9sztelep ki\u00e1ll\u00edt\u00e1sa, Magyar Kultur\u00e1lis Int\u00e9zet, Z\u00e1gr\u00e1b, Horv\u00e1torsz\u00e1g<\/p>\n<p>2020<br \/>\nTransz \u2013 A Szolnoki K\u00e9pz\u0151m\u0171v\u00e9szeti T\u00e1rsas\u00e1g ki\u00e1ll\u00edt\u00e1sa \u2013 Aba-Nov\u00e1k Ag\u00f3ra Gal\u00e9ria,<br \/>\nSzolnoki Gal\u00e9ria, Szolnok<br \/>\n67. V\u00e1s\u00e1rhelyi \u0150szi T\u00e1rlat \u2013 Tornyai J\u00e1nos M\u00fazeum, H\u00f3dmez\u0151v\u00e1s\u00e1rhely<br \/>\nA Szolnoki M\u0171v\u00e9sztelep kamara ki\u00e1ll\u00edt\u00e1sa \u2013 Szolnoki M\u0171v\u00e9sztelep, Szolnok<br \/>\nLegy\u0151z\u00f6tt hat\u00e1rok \u2013 Aba-Nov\u00e1k Ag\u00f3ra Gal\u00e9ria, Szolnok<\/p>\n<p>2019<br \/>\nWunderkammer \u2013 Magyar K\u00e9pz\u0151m\u0171v\u00e9szeti Egyetem, K\u00e1lv\u00e1ria, Budapest<br \/>\nMKE K\u00f3sa oszt\u00e1ly ny\u00e1ri alkot\u00f3t\u00e1bor\u00e1nak z\u00e1r\u00f3ki\u00e1ll\u00edt\u00e1sa \u2013 Csongr\u00e1d Gal\u00e9ria, Csongr\u00e1d<br \/>\nErasmus Exhibition \u2013 Chiesa di San Carpoforo, Mil\u00e1n\u00f3, Olaszorsz\u00e1g<br \/>\nFundamenta Amadeus P\u00e1ly\u00e1zat ki\u00e1ll\u00edt\u00e1sa \u2013 Magyar K\u00e9pz\u0151m\u0171v\u00e9szeti Egyetem, Budapest<\/p>\n<p>2018<br \/>\nK\u00f6z\u00f6s nevez\u0151 \u2013 Csepel Gal\u00e9ria, Budapest<br \/>\nMKE K\u00f3sa oszt\u00e1ly ny\u00e1ri alkot\u00f3t\u00e1bor\u00e1nak z\u00e1r\u00f3ki\u00e1ll\u00edt\u00e1sa \u2013 Csongr\u00e1d Gal\u00e9ria, Csongr\u00e1d<br \/>\nIII. Egri Orsz\u00e1gos Akvarell Trienn\u00e1l\u00e9 \u2013 Kepes Int\u00e9zet, Eger<\/p>\n<p>2017<br \/>\nMKE K\u00f3sa oszt\u00e1ly ny\u00e1ri alkot\u00f3t\u00e1bor\u00e1nak z\u00e1r\u00f3ki\u00e1ll\u00edt\u00e1sa \u2013 Csongr\u00e1d Gal\u00e9ria, Csongr\u00e1d<\/p>\n<p>2016<br \/>\nMKE K\u00f3sa oszt\u00e1ly ny\u00e1ri alkot\u00f3t\u00e1bor\u00e1nak z\u00e1r\u00f3ki\u00e1ll\u00edt\u00e1sa \u2013 Csongr\u00e1d Gal\u00e9ria, Csongr\u00e1d<\/p>\n<p>Tags\u00e1gok<\/p>\n<p>Magyar Alkot\u00f3m\u0171v\u00e9szek Orsz\u00e1gos Egyes\u00fclete<br \/>\nSzolnoki K\u00e9pz\u0151m\u0171v\u00e9szeti T\u00e1rsas\u00e1g<br \/>\nSzolnoki M\u0171v\u00e9szeti Egyes\u00fclet<br \/>\nSzolnoki M\u0171v\u00e9sztelep<\/p>\n<p>D\u00edjak<\/p>\n<p>A Szolnoki M\u0171v\u00e9sztelep \u2013 Kert Gal\u00e9ria d\u00edja 2020<br \/>\nPannoncolor d\u00edj 2020<\/p>\n<\/div>\n<div><\/div>\n<div>Tekintse meg a ki\u00e1ll\u00edt\u00e1sr\u00f3l k\u00e9sz\u00fclt online katal\u00f3gust:<\/div>\n<div><\/div>\n<div><a href=\"https:\/\/issuu.com\/szolnokimuvesztelep\/docs\/debreczeni_fanni_katalogus_szolnoki_muvesztelep_20\">https:\/\/issuu.com\/szolnokimuvesztelep\/docs\/debreczeni_fanni_katalogus_szolnoki_muvesztelep_20<\/a><\/div>\n<div><\/div>\n<div><\/div>\n<div><a href=\"https:\/\/issuu.com\/szolnokimuvesztelep\/docs\/debreczeni_fanni_katalogus_szolnoki_muvesztelep_20\"><img data-attachment-id=\"8171\" data-permalink=\"http:\/\/szolnokimuvesztelep.com\/en\/2023\/05\/23\/debreczeni-fanni-i-heszperiszek-kertje-i-2023-06-03-06-27\/debreczeni_fanni_katalogus_szolnoki_muvesztelep_2023_borito\/\" data-orig-file=\"https:\/\/i2.wp.com\/szolnokimuvesztelep.com\/wp-content\/uploads\/2023\/05\/Debreczeni_Fanni_katalogus_Szolnoki_Muvesztelep_2023_Borito.jpg?fit=794%2C559\" data-orig-size=\"794,559\" data-comments-opened=\"1\" data-image-meta=\"{&quot;aperture&quot;:&quot;0&quot;,&quot;credit&quot;:&quot;&quot;,&quot;camera&quot;:&quot;&quot;,&quot;caption&quot;:&quot;&quot;,&quot;created_timestamp&quot;:&quot;0&quot;,&quot;copyright&quot;:&quot;&quot;,&quot;focal_length&quot;:&quot;0&quot;,&quot;iso&quot;:&quot;0&quot;,&quot;shutter_speed&quot;:&quot;0&quot;,&quot;title&quot;:&quot;&quot;,&quot;orientation&quot;:&quot;0&quot;}\" data-image-title=\"Debreczeni_Fanni_katalogus_Szolnoki_Muvesztelep_2023_Borito\" data-image-description=\"\" data-medium-file=\"https:\/\/i2.wp.com\/szolnokimuvesztelep.com\/wp-content\/uploads\/2023\/05\/Debreczeni_Fanni_katalogus_Szolnoki_Muvesztelep_2023_Borito.jpg?fit=300%2C211\" data-large-file=\"https:\/\/i2.wp.com\/szolnokimuvesztelep.com\/wp-content\/uploads\/2023\/05\/Debreczeni_Fanni_katalogus_Szolnoki_Muvesztelep_2023_Borito.jpg?fit=790%2C556\" loading=\"lazy\" class=\"alignnone size-full wp-image-8171\" src=\"https:\/\/i2.wp.com\/szolnokimuvesztelep.com\/wp-content\/uploads\/2023\/05\/Debreczeni_Fanni_katalogus_Szolnoki_Muvesztelep_2023_Borito.jpg?resize=794%2C559\" alt=\"\" width=\"794\" height=\"559\" srcset=\"https:\/\/i2.wp.com\/szolnokimuvesztelep.com\/wp-content\/uploads\/2023\/05\/Debreczeni_Fanni_katalogus_Szolnoki_Muvesztelep_2023_Borito.jpg?w=794 794w, https:\/\/i2.wp.com\/szolnokimuvesztelep.com\/wp-content\/uploads\/2023\/05\/Debreczeni_Fanni_katalogus_Szolnoki_Muvesztelep_2023_Borito.jpg?resize=300%2C211 300w, https:\/\/i2.wp.com\/szolnokimuvesztelep.com\/wp-content\/uploads\/2023\/05\/Debreczeni_Fanni_katalogus_Szolnoki_Muvesztelep_2023_Borito.jpg?resize=768%2C541 768w\" sizes=\"(max-width: 794px) 100vw, 794px\" data-recalc-dims=\"1\" \/><\/a><\/div>","protected":false},"excerpt":{"rendered":"<p>A Szolnoki M\u0171v\u00e9sztelep megh\u00edvja \u00d6nt \u00e9s bar\u00e1tait Debreczeni Fanni fest\u0151m\u0171v\u00e9sz Heszperiszek kertje c\u00edm\u0171 ki\u00e1ll\u00edt\u00e1s Id\u0151pont 2023. j\u00fanius 3., szombat 18.00 \u00f3ra Helysz\u00edn Szolnoki M\u0171v\u00e9sztelep Kert Gal\u00e9ria (5000 Szolnok, Gutenberg t\u00e9r 12\/12.) Megnyitja Verebes Gy\u00f6rgy fest\u0151m\u0171v\u00e9sz, a Szolnoki M\u0171v\u00e9sztelep m\u0171v\u00e9szeti vezet\u0151je K\u00f6zrem\u0171k\u00f6dik Juh\u00e1sz Kata &#8211; \u00e9nek Erdei D\u00e1vid &#8211; fujara, hossz\u00fa&hellip; <\/p>","protected":false},"author":6,"featured_media":8153,"comment_status":"open","ping_status":"open","sticky":false,"template":"","format":"standard","meta":{"spay_email":"","jetpack_publicize_message":""},"categories":[55,1,58],"tags":[],"yst_prominent_words":[],"jetpack_featured_media_url":"https:\/\/i0.wp.com\/szolnokimuvesztelep.com\/wp-content\/uploads\/2023\/05\/szmt_honlap_slider_2023_debreczeni-fanni.jpg?fit=1659%2C613","jetpack_publicize_connections":[],"yoast_head":"<!-- This site is optimized with the Yoast SEO Premium plugin v14.1 - https:\/\/yoast.com\/wordpress\/plugins\/seo\/ -->\n<title>Debreczeni Fanni I Heszperiszek kertje I 2023.06.03-06.27. - SZOLNOKI M\u0170V\u00c9SZTELEP<\/title>\n<meta name=\"robots\" content=\"index, follow\" \/>\n<meta name=\"googlebot\" content=\"index, follow, max-snippet:-1, max-image-preview:large, max-video-preview:-1\" \/>\n<meta name=\"bingbot\" content=\"index, follow, max-snippet:-1, max-image-preview:large, max-video-preview:-1\" \/>\n<link rel=\"canonical\" href=\"http:\/\/szolnokimuvesztelep.com\/en\/2023\/05\/23\/debreczeni-fanni-i-heszperiszek-kertje-i-2023-06-03-06-27\/\" \/>\n<meta property=\"og:locale\" content=\"en_US\" \/>\n<meta property=\"og:type\" content=\"article\" \/>\n<meta property=\"og:title\" content=\"Debreczeni Fanni I Heszperiszek kertje I 2023.06.03-06.27. - SZOLNOKI M\u0170V\u00c9SZTELEP\" \/>\n<meta property=\"og:description\" content=\"A Szolnoki M\u0171v\u00e9sztelep megh\u00edvja \u00d6nt \u00e9s bar\u00e1tait Debreczeni Fanni fest\u0151m\u0171v\u00e9sz Heszperiszek kertje c\u00edm\u0171 ki\u00e1ll\u00edt\u00e1s Id\u0151pont 2023. j\u00fanius 3., szombat 18.00 \u00f3ra Helysz\u00edn Szolnoki M\u0171v\u00e9sztelep Kert Gal\u00e9ria (5000 Szolnok, Gutenberg t\u00e9r 12\/12.) Megnyitja Verebes Gy\u00f6rgy fest\u0151m\u0171v\u00e9sz, a Szolnoki M\u0171v\u00e9sztelep m\u0171v\u00e9szeti vezet\u0151je K\u00f6zrem\u0171k\u00f6dik Juh\u00e1sz Kata &#8211; \u00e9nek Erdei D\u00e1vid &#8211; fujara, hossz\u00fa&hellip;\" \/>\n<meta property=\"og:url\" content=\"http:\/\/szolnokimuvesztelep.com\/en\/2023\/05\/23\/debreczeni-fanni-i-heszperiszek-kertje-i-2023-06-03-06-27\/\" \/>\n<meta property=\"og:site_name\" content=\"SZOLNOKI M\u0170V\u00c9SZTELEP\" \/>\n<meta property=\"article:publisher\" content=\"https:\/\/www.facebook.com\/szolnokimuvesztelepofficial\/\" \/>\n<meta property=\"article:published_time\" content=\"2023-05-23T13:08:01+00:00\" \/>\n<meta property=\"article:modified_time\" content=\"2023-06-28T05:43:16+00:00\" \/>\n<meta property=\"og:image\" content=\"https:\/\/i0.wp.com\/szolnokimuvesztelep.com\/wp-content\/uploads\/2023\/05\/szmt_honlap_slider_2023_debreczeni-fanni.jpg?fit=1659%2C613\" \/>\n\t<meta property=\"og:image:width\" content=\"1659\" \/>\n\t<meta property=\"og:image:height\" content=\"613\" \/>\n<script type=\"application\/ld+json\" class=\"yoast-schema-graph\">{\"@context\":\"https:\/\/schema.org\",\"@graph\":[{\"@type\":\"Organization\",\"@id\":\"http:\/\/szolnokimuvesztelep.com\/en\/#organization\",\"name\":\"Szolnoki M\\u0171v\\u00e9sztelep\",\"url\":\"http:\/\/szolnokimuvesztelep.com\/en\/\",\"sameAs\":[\"https:\/\/www.facebook.com\/szolnokimuvesztelepofficial\/\",\"https:\/\/www.instagram.com\/szolnoki_muvesztelep\/\",\"https:\/\/www.youtube.com\/channel\/UCAYRF4A8FrslG3J__XEjEoA\",\"https:\/\/hu.wikipedia.org\/wiki\/Szolnoki_m\\u0171v\\u00e9sztelep\"],\"logo\":{\"@type\":\"ImageObject\",\"@id\":\"http:\/\/szolnokimuvesztelep.com\/en\/#logo\",\"inLanguage\":\"en-US\",\"url\":\"https:\/\/i0.wp.com\/szolnokimuvesztelep.com\/wp-content\/uploads\/2020\/05\/szmt_2019_szlogen_psz-01.png?fit=2242%2C863\",\"width\":2242,\"height\":863,\"caption\":\"Szolnoki M\\u0171v\\u00e9sztelep\"},\"image\":{\"@id\":\"http:\/\/szolnokimuvesztelep.com\/en\/#logo\"}},{\"@type\":\"WebSite\",\"@id\":\"http:\/\/szolnokimuvesztelep.com\/en\/#website\",\"url\":\"http:\/\/szolnokimuvesztelep.com\/en\/\",\"name\":\"SZOLNOKI M\\u0170V\\u00c9SZTELEP\",\"description\":\"Meg\\u00fajul\\u00f3 hagyom\\u00e1ny\",\"publisher\":{\"@id\":\"http:\/\/szolnokimuvesztelep.com\/en\/#organization\"},\"potentialAction\":[{\"@type\":\"SearchAction\",\"target\":\"http:\/\/szolnokimuvesztelep.com\/en\/?s={search_term_string}\",\"query-input\":\"required name=search_term_string\"}],\"inLanguage\":\"en-US\"},{\"@type\":\"ImageObject\",\"@id\":\"http:\/\/szolnokimuvesztelep.com\/2023\/05\/23\/debreczeni-fanni-i-heszperiszek-kertje-i-2023-06-03-06-27\/#primaryimage\",\"inLanguage\":\"en-US\",\"url\":\"https:\/\/i0.wp.com\/szolnokimuvesztelep.com\/wp-content\/uploads\/2023\/05\/szmt_honlap_slider_2023_debreczeni-fanni.jpg?fit=1659%2C613\",\"width\":1659,\"height\":613},{\"@type\":\"WebPage\",\"@id\":\"http:\/\/szolnokimuvesztelep.com\/2023\/05\/23\/debreczeni-fanni-i-heszperiszek-kertje-i-2023-06-03-06-27\/#webpage\",\"url\":\"http:\/\/szolnokimuvesztelep.com\/2023\/05\/23\/debreczeni-fanni-i-heszperiszek-kertje-i-2023-06-03-06-27\/\",\"name\":\"Debreczeni Fanni I Heszperiszek kertje I 2023.06.03-06.27. - SZOLNOKI M\\u0170V\\u00c9SZTELEP\",\"isPartOf\":{\"@id\":\"http:\/\/szolnokimuvesztelep.com\/en\/#website\"},\"primaryImageOfPage\":{\"@id\":\"http:\/\/szolnokimuvesztelep.com\/2023\/05\/23\/debreczeni-fanni-i-heszperiszek-kertje-i-2023-06-03-06-27\/#primaryimage\"},\"datePublished\":\"2023-05-23T13:08:01+00:00\",\"dateModified\":\"2023-06-28T05:43:16+00:00\",\"inLanguage\":\"en-US\",\"potentialAction\":[{\"@type\":\"ReadAction\",\"target\":[\"http:\/\/szolnokimuvesztelep.com\/2023\/05\/23\/debreczeni-fanni-i-heszperiszek-kertje-i-2023-06-03-06-27\/\"]}]},{\"@type\":\"Article\",\"@id\":\"http:\/\/szolnokimuvesztelep.com\/2023\/05\/23\/debreczeni-fanni-i-heszperiszek-kertje-i-2023-06-03-06-27\/#article\",\"isPartOf\":{\"@id\":\"http:\/\/szolnokimuvesztelep.com\/2023\/05\/23\/debreczeni-fanni-i-heszperiszek-kertje-i-2023-06-03-06-27\/#webpage\"},\"author\":{\"@id\":\"http:\/\/szolnokimuvesztelep.com\/en\/#\/schema\/person\/455817b7faaefdc309af6d6d95453700\"},\"headline\":\"Debreczeni Fanni I Heszperiszek kertje I 2023.06.03-06.27.\",\"datePublished\":\"2023-05-23T13:08:01+00:00\",\"dateModified\":\"2023-06-28T05:43:16+00:00\",\"commentCount\":0,\"mainEntityOfPage\":{\"@id\":\"http:\/\/szolnokimuvesztelep.com\/2023\/05\/23\/debreczeni-fanni-i-heszperiszek-kertje-i-2023-06-03-06-27\/#webpage\"},\"publisher\":{\"@id\":\"http:\/\/szolnokimuvesztelep.com\/en\/#organization\"},\"image\":{\"@id\":\"http:\/\/szolnokimuvesztelep.com\/2023\/05\/23\/debreczeni-fanni-i-heszperiszek-kertje-i-2023-06-03-06-27\/#primaryimage\"},\"articleSection\":\"Arch\\u00edv,Egy\\u00e9b,H\\u00edrek\",\"inLanguage\":\"en-US\",\"potentialAction\":[{\"@type\":\"CommentAction\",\"name\":\"Comment\",\"target\":[\"http:\/\/szolnokimuvesztelep.com\/2023\/05\/23\/debreczeni-fanni-i-heszperiszek-kertje-i-2023-06-03-06-27\/#respond\"]}]},{\"@type\":[\"Person\"],\"@id\":\"http:\/\/szolnokimuvesztelep.com\/en\/#\/schema\/person\/455817b7faaefdc309af6d6d95453700\",\"name\":\"Cselle Judit\",\"image\":{\"@type\":\"ImageObject\",\"@id\":\"http:\/\/szolnokimuvesztelep.com\/en\/#personlogo\",\"inLanguage\":\"en-US\",\"url\":\"http:\/\/0.gravatar.com\/avatar\/3eb98182a1cc7aad03ba91a0145855ba?s=96&d=mm&r=g\",\"caption\":\"Cselle Judit\"}}]}<\/script>\n<!-- \/ Yoast SEO Premium plugin. -->","jetpack_sharing_enabled":true,"jetpack_shortlink":"https:\/\/wp.me\/p9tpmR-27u","jetpack_likes_enabled":true,"jetpack-related-posts":[],"_links":{"self":[{"href":"http:\/\/szolnokimuvesztelep.com\/en\/wp-json\/wp\/v2\/posts\/8152"}],"collection":[{"href":"http:\/\/szolnokimuvesztelep.com\/en\/wp-json\/wp\/v2\/posts"}],"about":[{"href":"http:\/\/szolnokimuvesztelep.com\/en\/wp-json\/wp\/v2\/types\/post"}],"author":[{"embeddable":true,"href":"http:\/\/szolnokimuvesztelep.com\/en\/wp-json\/wp\/v2\/users\/6"}],"replies":[{"embeddable":true,"href":"http:\/\/szolnokimuvesztelep.com\/en\/wp-json\/wp\/v2\/comments?post=8152"}],"version-history":[{"count":11,"href":"http:\/\/szolnokimuvesztelep.com\/en\/wp-json\/wp\/v2\/posts\/8152\/revisions"}],"predecessor-version":[{"id":8177,"href":"http:\/\/szolnokimuvesztelep.com\/en\/wp-json\/wp\/v2\/posts\/8152\/revisions\/8177"}],"wp:featuredmedia":[{"embeddable":true,"href":"http:\/\/szolnokimuvesztelep.com\/en\/wp-json\/wp\/v2\/media\/8153"}],"wp:attachment":[{"href":"http:\/\/szolnokimuvesztelep.com\/en\/wp-json\/wp\/v2\/media?parent=8152"}],"wp:term":[{"taxonomy":"category","embeddable":true,"href":"http:\/\/szolnokimuvesztelep.com\/en\/wp-json\/wp\/v2\/categories?post=8152"},{"taxonomy":"post_tag","embeddable":true,"href":"http:\/\/szolnokimuvesztelep.com\/en\/wp-json\/wp\/v2\/tags?post=8152"},{"taxonomy":"yst_prominent_words","embeddable":true,"href":"http:\/\/szolnokimuvesztelep.com\/en\/wp-json\/wp\/v2\/yst_prominent_words?post=8152"}],"curies":[{"name":"wp","href":"https:\/\/api.w.org\/{rel}","templated":true}]}}