{"id":8131,"date":"2023-05-23T15:43:43","date_gmt":"2023-05-23T15:43:43","guid":{"rendered":"http:\/\/szolnokimuvesztelep.com\/?p=8131"},"modified":"2023-06-28T05:40:19","modified_gmt":"2023-06-28T05:40:19","slug":"verebes-gyorgy-festomuvesz-athanor-cimu-kiallitasa-bajan","status":"publish","type":"post","link":"http:\/\/szolnokimuvesztelep.com\/en\/2023\/05\/23\/verebes-gyorgy-festomuvesz-athanor-cimu-kiallitasa-bajan\/","title":{"rendered":"Verebes Gy\u00f6rgy \u01c0 Athanor \u01c0 Baja \u01c0 2023.05.26 &#8211; 06.26"},"content":{"rendered":"<p><img data-attachment-id=\"8132\" data-permalink=\"http:\/\/szolnokimuvesztelep.com\/en\/2023\/05\/23\/verebes-gyorgy-festomuvesz-athanor-cimu-kiallitasa-bajan\/pre_verebes-gyorgy_meghivo\/\" data-orig-file=\"https:\/\/i1.wp.com\/szolnokimuvesztelep.com\/wp-content\/uploads\/2023\/05\/PRE_Verebes-Gyorgy_meghivo.jpg?fit=1240%2C1240\" data-orig-size=\"1240,1240\" data-comments-opened=\"1\" data-image-meta=\"{&quot;aperture&quot;:&quot;0&quot;,&quot;credit&quot;:&quot;&quot;,&quot;camera&quot;:&quot;&quot;,&quot;caption&quot;:&quot;&quot;,&quot;created_timestamp&quot;:&quot;0&quot;,&quot;copyright&quot;:&quot;&quot;,&quot;focal_length&quot;:&quot;0&quot;,&quot;iso&quot;:&quot;0&quot;,&quot;shutter_speed&quot;:&quot;0&quot;,&quot;title&quot;:&quot;&quot;,&quot;orientation&quot;:&quot;0&quot;}\" data-image-title=\"PRE_Verebes Gyorgy_meghivo\" data-image-description=\"\" data-medium-file=\"https:\/\/i1.wp.com\/szolnokimuvesztelep.com\/wp-content\/uploads\/2023\/05\/PRE_Verebes-Gyorgy_meghivo.jpg?fit=300%2C300\" data-large-file=\"https:\/\/i1.wp.com\/szolnokimuvesztelep.com\/wp-content\/uploads\/2023\/05\/PRE_Verebes-Gyorgy_meghivo.jpg?fit=790%2C790\" loading=\"lazy\" class=\"alignnone size-full wp-image-8132\" src=\"https:\/\/i1.wp.com\/szolnokimuvesztelep.com\/wp-content\/uploads\/2023\/05\/PRE_Verebes-Gyorgy_meghivo.jpg?resize=860%2C860\" alt=\"\" width=\"860\" height=\"860\" srcset=\"https:\/\/i1.wp.com\/szolnokimuvesztelep.com\/wp-content\/uploads\/2023\/05\/PRE_Verebes-Gyorgy_meghivo.jpg?w=1240 1240w, https:\/\/i1.wp.com\/szolnokimuvesztelep.com\/wp-content\/uploads\/2023\/05\/PRE_Verebes-Gyorgy_meghivo.jpg?resize=300%2C300 300w, https:\/\/i1.wp.com\/szolnokimuvesztelep.com\/wp-content\/uploads\/2023\/05\/PRE_Verebes-Gyorgy_meghivo.jpg?resize=1024%2C1024 1024w, https:\/\/i1.wp.com\/szolnokimuvesztelep.com\/wp-content\/uploads\/2023\/05\/PRE_Verebes-Gyorgy_meghivo.jpg?resize=150%2C150 150w, https:\/\/i1.wp.com\/szolnokimuvesztelep.com\/wp-content\/uploads\/2023\/05\/PRE_Verebes-Gyorgy_meghivo.jpg?resize=768%2C768 768w\" sizes=\"(max-width: 860px) 100vw, 860px\" data-recalc-dims=\"1\" \/><\/p>\n<p>Az E\u00f6tv\u00f6s J\u00f3zsef F\u0151iskola Kort\u00e1rs gal\u00e9ri\u00e1ja megh\u00edvja \u00d6nt<br \/>\nVerebes Gy\u00f6rgy fest\u0151m\u0171v\u00e9sz<br \/>\nAthanor c\u00edm\u0171<br \/>\nki\u00e1ll\u00edt\u00e1s\u00e1nak megnyit\u00f3j\u00e1ra 2023. m\u00e1jus 26-\u00e1n p\u00e9nteken 17 \u00f3r\u00e1ra.<\/p>\n<p>A t\u00e1rlatot megnyitja: N. Kov\u00e1cs Zita m\u0171v\u00e9szett\u00f6rt\u00e9n\u00e9sz<br \/>\nHelysz\u00edn: E\u00f6tv\u00f6s J\u00f3zsef F\u0151iskola Kort\u00e1s Gal\u00e9ria (6500 Baja, Szegedi \u00fat 2.)<\/p>\n<p>A t\u00e1rlat megtekinthet\u0151 2023. j\u00fanius 26-ig, munkanapokon 8-18 \u00f3ra k\u00f6z\u00f6tt.<\/p>\n<p>&nbsp;<\/p>\n<p>&nbsp;<\/p>","protected":false},"excerpt":{"rendered":"<p>Az E\u00f6tv\u00f6s J\u00f3zsef F\u0151iskola Kort\u00e1rs gal\u00e9ri\u00e1ja megh\u00edvja \u00d6nt Verebes Gy\u00f6rgy fest\u0151m\u0171v\u00e9sz Athanor c\u00edm\u0171 ki\u00e1ll\u00edt\u00e1s\u00e1nak megnyit\u00f3j\u00e1ra 2023. m\u00e1jus 26-\u00e1n p\u00e9nteken 17 \u00f3r\u00e1ra. A t\u00e1rlatot megnyitja: N. Kov\u00e1cs Zita m\u0171v\u00e9szett\u00f6rt\u00e9n\u00e9sz Helysz\u00edn: E\u00f6tv\u00f6s J\u00f3zsef F\u0151iskola Kort\u00e1s Gal\u00e9ria (6500 Baja, Szegedi \u00fat 2.) A t\u00e1rlat megtekinthet\u0151 2023. j\u00fanius 26-ig, munkanapokon 8-18 \u00f3ra k\u00f6z\u00f6tt. &nbsp;&hellip; <\/p>","protected":false},"author":6,"featured_media":8147,"comment_status":"open","ping_status":"open","sticky":false,"template":"","format":"standard","meta":{"spay_email":"","jetpack_publicize_message":""},"categories":[55,58],"tags":[],"yst_prominent_words":[],"jetpack_featured_media_url":"https:\/\/i0.wp.com\/szolnokimuvesztelep.com\/wp-content\/uploads\/2023\/05\/szmt_honlap_slider_2023_verebes_kiallitas026-scaled.jpg?fit=2560%2C947","jetpack_publicize_connections":[],"yoast_head":"<!-- This site is optimized with the Yoast SEO Premium plugin v14.1 - https:\/\/yoast.com\/wordpress\/plugins\/seo\/ -->\n<title>Verebes Gy\u00f6rgy \u01c0 Athanor \u01c0 Baja \u01c0 2023.05.26 - 06.26 - SZOLNOKI M\u0170V\u00c9SZTELEP<\/title>\n<meta name=\"robots\" content=\"index, follow\" \/>\n<meta name=\"googlebot\" content=\"index, follow, max-snippet:-1, max-image-preview:large, max-video-preview:-1\" \/>\n<meta name=\"bingbot\" content=\"index, follow, max-snippet:-1, max-image-preview:large, max-video-preview:-1\" \/>\n<link rel=\"canonical\" href=\"http:\/\/szolnokimuvesztelep.com\/en\/2023\/05\/23\/verebes-gyorgy-festomuvesz-athanor-cimu-kiallitasa-bajan\/\" \/>\n<meta property=\"og:locale\" content=\"en_US\" \/>\n<meta property=\"og:type\" content=\"article\" \/>\n<meta property=\"og:title\" content=\"Verebes Gy\u00f6rgy \u01c0 Athanor \u01c0 Baja \u01c0 2023.05.26 - 06.26 - SZOLNOKI M\u0170V\u00c9SZTELEP\" \/>\n<meta property=\"og:description\" content=\"Az E\u00f6tv\u00f6s J\u00f3zsef F\u0151iskola Kort\u00e1rs gal\u00e9ri\u00e1ja megh\u00edvja \u00d6nt Verebes Gy\u00f6rgy fest\u0151m\u0171v\u00e9sz Athanor c\u00edm\u0171 ki\u00e1ll\u00edt\u00e1s\u00e1nak megnyit\u00f3j\u00e1ra 2023. m\u00e1jus 26-\u00e1n p\u00e9nteken 17 \u00f3r\u00e1ra. A t\u00e1rlatot megnyitja: N. Kov\u00e1cs Zita m\u0171v\u00e9szett\u00f6rt\u00e9n\u00e9sz Helysz\u00edn: E\u00f6tv\u00f6s J\u00f3zsef F\u0151iskola Kort\u00e1s Gal\u00e9ria (6500 Baja, Szegedi \u00fat 2.) A t\u00e1rlat megtekinthet\u0151 2023. j\u00fanius 26-ig, munkanapokon 8-18 \u00f3ra k\u00f6z\u00f6tt. &nbsp;&hellip;\" \/>\n<meta property=\"og:url\" content=\"http:\/\/szolnokimuvesztelep.com\/en\/2023\/05\/23\/verebes-gyorgy-festomuvesz-athanor-cimu-kiallitasa-bajan\/\" \/>\n<meta property=\"og:site_name\" content=\"SZOLNOKI M\u0170V\u00c9SZTELEP\" \/>\n<meta property=\"article:publisher\" content=\"https:\/\/www.facebook.com\/szolnokimuvesztelepofficial\/\" \/>\n<meta property=\"article:published_time\" content=\"2023-05-23T15:43:43+00:00\" \/>\n<meta property=\"article:modified_time\" content=\"2023-06-28T05:40:19+00:00\" \/>\n<meta property=\"og:image\" content=\"https:\/\/i0.wp.com\/szolnokimuvesztelep.com\/wp-content\/uploads\/2023\/05\/szmt_honlap_slider_2023_verebes_kiallitas026-scaled.jpg?fit=2560%2C947\" \/>\n\t<meta property=\"og:image:width\" content=\"2560\" \/>\n\t<meta property=\"og:image:height\" content=\"947\" \/>\n<script type=\"application\/ld+json\" class=\"yoast-schema-graph\">{\"@context\":\"https:\/\/schema.org\",\"@graph\":[{\"@type\":\"Organization\",\"@id\":\"http:\/\/szolnokimuvesztelep.com\/en\/#organization\",\"name\":\"Szolnoki M\\u0171v\\u00e9sztelep\",\"url\":\"http:\/\/szolnokimuvesztelep.com\/en\/\",\"sameAs\":[\"https:\/\/www.facebook.com\/szolnokimuvesztelepofficial\/\",\"https:\/\/www.instagram.com\/szolnoki_muvesztelep\/\",\"https:\/\/www.youtube.com\/channel\/UCAYRF4A8FrslG3J__XEjEoA\",\"https:\/\/hu.wikipedia.org\/wiki\/Szolnoki_m\\u0171v\\u00e9sztelep\"],\"logo\":{\"@type\":\"ImageObject\",\"@id\":\"http:\/\/szolnokimuvesztelep.com\/en\/#logo\",\"inLanguage\":\"en-US\",\"url\":\"https:\/\/i0.wp.com\/szolnokimuvesztelep.com\/wp-content\/uploads\/2020\/05\/szmt_2019_szlogen_psz-01.png?fit=2242%2C863\",\"width\":2242,\"height\":863,\"caption\":\"Szolnoki M\\u0171v\\u00e9sztelep\"},\"image\":{\"@id\":\"http:\/\/szolnokimuvesztelep.com\/en\/#logo\"}},{\"@type\":\"WebSite\",\"@id\":\"http:\/\/szolnokimuvesztelep.com\/en\/#website\",\"url\":\"http:\/\/szolnokimuvesztelep.com\/en\/\",\"name\":\"SZOLNOKI M\\u0170V\\u00c9SZTELEP\",\"description\":\"Meg\\u00fajul\\u00f3 hagyom\\u00e1ny\",\"publisher\":{\"@id\":\"http:\/\/szolnokimuvesztelep.com\/en\/#organization\"},\"potentialAction\":[{\"@type\":\"SearchAction\",\"target\":\"http:\/\/szolnokimuvesztelep.com\/en\/?s={search_term_string}\",\"query-input\":\"required name=search_term_string\"}],\"inLanguage\":\"en-US\"},{\"@type\":\"ImageObject\",\"@id\":\"http:\/\/szolnokimuvesztelep.com\/2023\/05\/23\/verebes-gyorgy-festomuvesz-athanor-cimu-kiallitasa-bajan\/#primaryimage\",\"inLanguage\":\"en-US\",\"url\":\"https:\/\/i0.wp.com\/szolnokimuvesztelep.com\/wp-content\/uploads\/2023\/05\/szmt_honlap_slider_2023_verebes_kiallitas026-scaled.jpg?fit=2560%2C947\",\"width\":2560,\"height\":947},{\"@type\":\"WebPage\",\"@id\":\"http:\/\/szolnokimuvesztelep.com\/2023\/05\/23\/verebes-gyorgy-festomuvesz-athanor-cimu-kiallitasa-bajan\/#webpage\",\"url\":\"http:\/\/szolnokimuvesztelep.com\/2023\/05\/23\/verebes-gyorgy-festomuvesz-athanor-cimu-kiallitasa-bajan\/\",\"name\":\"Verebes Gy\\u00f6rgy \\u01c0 Athanor \\u01c0 Baja \\u01c0 2023.05.26 - 06.26 - SZOLNOKI M\\u0170V\\u00c9SZTELEP\",\"isPartOf\":{\"@id\":\"http:\/\/szolnokimuvesztelep.com\/en\/#website\"},\"primaryImageOfPage\":{\"@id\":\"http:\/\/szolnokimuvesztelep.com\/2023\/05\/23\/verebes-gyorgy-festomuvesz-athanor-cimu-kiallitasa-bajan\/#primaryimage\"},\"datePublished\":\"2023-05-23T15:43:43+00:00\",\"dateModified\":\"2023-06-28T05:40:19+00:00\",\"inLanguage\":\"en-US\",\"potentialAction\":[{\"@type\":\"ReadAction\",\"target\":[\"http:\/\/szolnokimuvesztelep.com\/2023\/05\/23\/verebes-gyorgy-festomuvesz-athanor-cimu-kiallitasa-bajan\/\"]}]},{\"@type\":\"Article\",\"@id\":\"http:\/\/szolnokimuvesztelep.com\/2023\/05\/23\/verebes-gyorgy-festomuvesz-athanor-cimu-kiallitasa-bajan\/#article\",\"isPartOf\":{\"@id\":\"http:\/\/szolnokimuvesztelep.com\/2023\/05\/23\/verebes-gyorgy-festomuvesz-athanor-cimu-kiallitasa-bajan\/#webpage\"},\"author\":{\"@id\":\"http:\/\/szolnokimuvesztelep.com\/en\/#\/schema\/person\/455817b7faaefdc309af6d6d95453700\"},\"headline\":\"Verebes Gy\\u00f6rgy \\u01c0 Athanor \\u01c0 Baja \\u01c0 2023.05.26 &#8211; 06.26\",\"datePublished\":\"2023-05-23T15:43:43+00:00\",\"dateModified\":\"2023-06-28T05:40:19+00:00\",\"commentCount\":0,\"mainEntityOfPage\":{\"@id\":\"http:\/\/szolnokimuvesztelep.com\/2023\/05\/23\/verebes-gyorgy-festomuvesz-athanor-cimu-kiallitasa-bajan\/#webpage\"},\"publisher\":{\"@id\":\"http:\/\/szolnokimuvesztelep.com\/en\/#organization\"},\"image\":{\"@id\":\"http:\/\/szolnokimuvesztelep.com\/2023\/05\/23\/verebes-gyorgy-festomuvesz-athanor-cimu-kiallitasa-bajan\/#primaryimage\"},\"articleSection\":\"Arch\\u00edv,H\\u00edrek\",\"inLanguage\":\"en-US\",\"potentialAction\":[{\"@type\":\"CommentAction\",\"name\":\"Comment\",\"target\":[\"http:\/\/szolnokimuvesztelep.com\/2023\/05\/23\/verebes-gyorgy-festomuvesz-athanor-cimu-kiallitasa-bajan\/#respond\"]}]},{\"@type\":[\"Person\"],\"@id\":\"http:\/\/szolnokimuvesztelep.com\/en\/#\/schema\/person\/455817b7faaefdc309af6d6d95453700\",\"name\":\"Cselle Judit\",\"image\":{\"@type\":\"ImageObject\",\"@id\":\"http:\/\/szolnokimuvesztelep.com\/en\/#personlogo\",\"inLanguage\":\"en-US\",\"url\":\"http:\/\/0.gravatar.com\/avatar\/3eb98182a1cc7aad03ba91a0145855ba?s=96&d=mm&r=g\",\"caption\":\"Cselle Judit\"}}]}<\/script>\n<!-- \/ Yoast SEO Premium plugin. -->","jetpack_sharing_enabled":true,"jetpack_shortlink":"https:\/\/wp.me\/p9tpmR-279","jetpack_likes_enabled":true,"jetpack-related-posts":[],"_links":{"self":[{"href":"http:\/\/szolnokimuvesztelep.com\/en\/wp-json\/wp\/v2\/posts\/8131"}],"collection":[{"href":"http:\/\/szolnokimuvesztelep.com\/en\/wp-json\/wp\/v2\/posts"}],"about":[{"href":"http:\/\/szolnokimuvesztelep.com\/en\/wp-json\/wp\/v2\/types\/post"}],"author":[{"embeddable":true,"href":"http:\/\/szolnokimuvesztelep.com\/en\/wp-json\/wp\/v2\/users\/6"}],"replies":[{"embeddable":true,"href":"http:\/\/szolnokimuvesztelep.com\/en\/wp-json\/wp\/v2\/comments?post=8131"}],"version-history":[{"count":5,"href":"http:\/\/szolnokimuvesztelep.com\/en\/wp-json\/wp\/v2\/posts\/8131\/revisions"}],"predecessor-version":[{"id":8143,"href":"http:\/\/szolnokimuvesztelep.com\/en\/wp-json\/wp\/v2\/posts\/8131\/revisions\/8143"}],"wp:featuredmedia":[{"embeddable":true,"href":"http:\/\/szolnokimuvesztelep.com\/en\/wp-json\/wp\/v2\/media\/8147"}],"wp:attachment":[{"href":"http:\/\/szolnokimuvesztelep.com\/en\/wp-json\/wp\/v2\/media?parent=8131"}],"wp:term":[{"taxonomy":"category","embeddable":true,"href":"http:\/\/szolnokimuvesztelep.com\/en\/wp-json\/wp\/v2\/categories?post=8131"},{"taxonomy":"post_tag","embeddable":true,"href":"http:\/\/szolnokimuvesztelep.com\/en\/wp-json\/wp\/v2\/tags?post=8131"},{"taxonomy":"yst_prominent_words","embeddable":true,"href":"http:\/\/szolnokimuvesztelep.com\/en\/wp-json\/wp\/v2\/yst_prominent_words?post=8131"}],"curies":[{"name":"wp","href":"https:\/\/api.w.org\/{rel}","templated":true}]}}