{"id":7991,"date":"2023-01-17T08:13:18","date_gmt":"2023-01-17T08:13:18","guid":{"rendered":"http:\/\/szolnokimuvesztelep.com\/?p=7991"},"modified":"2023-03-07T12:09:21","modified_gmt":"2023-03-07T12:09:21","slug":"folyok-kozott-a-120-eves-szolnoki-muvesztelep-kiallitasa","status":"publish","type":"post","link":"http:\/\/szolnokimuvesztelep.com\/en\/2023\/01\/17\/folyok-kozott-a-120-eves-szolnoki-muvesztelep-kiallitasa\/","title":{"rendered":"FOLY\u00d3K K\u00d6Z\u00d6TT \u2013 a 120 \u00e9ves Szolnoki M\u0171v\u00e9sztelep ki\u00e1ll\u00edt\u00e1sa Baj\u00e1n"},"content":{"rendered":"<p><span>A Szolnoki M\u0171v\u00e9sztelep \u00e9s a telep k\u00f6r\u00e9hez tartoz\u00f3 m\u0171v\u00e9szek munk\u00e1ib\u00f3l ny\u00edlik ki\u00e1ll\u00edt\u00e1s a magyar kult\u00fara napja alkalm\u00e1b\u00f3l a B\u00e1cskai Kult\u00farpalot\u00e1ban, amely \u00e1tfog\u00f3an mutatja be a mai szolnoki k\u00e9pz\u0151m\u0171v\u00e9szet \u00e1llapot\u00e1t, egyben tov\u00e1bb m\u00e9ly\u00edti a bar\u00e1ti kapcsolatot a bajai Caffart Nemzetk\u00f6zi M\u0171v\u00e9sztelep \u00e9s a szolnoki kol\u00f3nia k\u00f6z\u00f6tt. Szeretettel v\u00e1rjuk e m\u00e9reteiben \u00e9s jelent\u0151s\u00e9g\u00e9ben is kiemelked\u0151 ki\u00e1ll\u00edt\u00e1s megnyit\u00f3j\u00e1n 2023. janu\u00e1r 20-\u00e1n 17 \u00f3r\u00e1ra a T\u00fcrr Istv\u00e1n M\u00fazeum \u00e9s B\u00e1cskai M\u0171vel\u0151d\u00e9si K\u00f6zpontban!<\/span><\/p>\n<p>&nbsp;<\/p>\n<p><img data-attachment-id=\"7986\" data-permalink=\"http:\/\/szolnokimuvesztelep.com\/en\/2023\/01\/15\/a-120-eves-szolnoki-muvesztelep-folyok-kozott-cimu-kiallitasa-bajan\/folyok-ko%cc%88zo%cc%88tt_szolnoki-mu%cc%8bvesztelep-kiallitas_meghivo\/\" data-orig-file=\"https:\/\/i2.wp.com\/szolnokimuvesztelep.com\/wp-content\/uploads\/2023\/01\/folyo\u0301k-ko\u0308zo\u0308tt_szolnoki-mu\u030bve\u0301sztelep-kia\u0301lli\u0301ta\u0301s_meghi\u0301vo\u0301.jpg?fit=2480%2C1169\" data-orig-size=\"2480,1169\" data-comments-opened=\"1\" data-image-meta=\"{&quot;aperture&quot;:&quot;0&quot;,&quot;credit&quot;:&quot;&quot;,&quot;camera&quot;:&quot;&quot;,&quot;caption&quot;:&quot;&quot;,&quot;created_timestamp&quot;:&quot;0&quot;,&quot;copyright&quot;:&quot;&quot;,&quot;focal_length&quot;:&quot;0&quot;,&quot;iso&quot;:&quot;0&quot;,&quot;shutter_speed&quot;:&quot;0&quot;,&quot;title&quot;:&quot;&quot;,&quot;orientation&quot;:&quot;0&quot;}\" data-image-title=\"folyo\u0301k ko\u0308zo\u0308tt_szolnoki mu\u030bve\u0301sztelep kia\u0301lli\u0301ta\u0301s_meghi\u0301vo\u0301\" data-image-description=\"\" data-medium-file=\"https:\/\/i2.wp.com\/szolnokimuvesztelep.com\/wp-content\/uploads\/2023\/01\/folyo\u0301k-ko\u0308zo\u0308tt_szolnoki-mu\u030bve\u0301sztelep-kia\u0301lli\u0301ta\u0301s_meghi\u0301vo\u0301.jpg?fit=300%2C141\" data-large-file=\"https:\/\/i2.wp.com\/szolnokimuvesztelep.com\/wp-content\/uploads\/2023\/01\/folyo\u0301k-ko\u0308zo\u0308tt_szolnoki-mu\u030bve\u0301sztelep-kia\u0301lli\u0301ta\u0301s_meghi\u0301vo\u0301.jpg?fit=790%2C373\" loading=\"lazy\" class=\"alignnone size-full wp-image-7986\" src=\"https:\/\/i2.wp.com\/szolnokimuvesztelep.com\/wp-content\/uploads\/2023\/01\/folyo\u0301k-ko\u0308zo\u0308tt_szolnoki-mu\u030bve\u0301sztelep-kia\u0301lli\u0301ta\u0301s_meghi\u0301vo\u0301.jpg?resize=860%2C405\" alt=\"\" width=\"860\" height=\"405\" srcset=\"https:\/\/i2.wp.com\/szolnokimuvesztelep.com\/wp-content\/uploads\/2023\/01\/folyo\u0301k-ko\u0308zo\u0308tt_szolnoki-mu\u030bve\u0301sztelep-kia\u0301lli\u0301ta\u0301s_meghi\u0301vo\u0301.jpg?w=2480 2480w, https:\/\/i2.wp.com\/szolnokimuvesztelep.com\/wp-content\/uploads\/2023\/01\/folyo\u0301k-ko\u0308zo\u0308tt_szolnoki-mu\u030bve\u0301sztelep-kia\u0301lli\u0301ta\u0301s_meghi\u0301vo\u0301.jpg?resize=300%2C141 300w, https:\/\/i2.wp.com\/szolnokimuvesztelep.com\/wp-content\/uploads\/2023\/01\/folyo\u0301k-ko\u0308zo\u0308tt_szolnoki-mu\u030bve\u0301sztelep-kia\u0301lli\u0301ta\u0301s_meghi\u0301vo\u0301.jpg?resize=1024%2C483 1024w, https:\/\/i2.wp.com\/szolnokimuvesztelep.com\/wp-content\/uploads\/2023\/01\/folyo\u0301k-ko\u0308zo\u0308tt_szolnoki-mu\u030bve\u0301sztelep-kia\u0301lli\u0301ta\u0301s_meghi\u0301vo\u0301.jpg?resize=768%2C362 768w, https:\/\/i2.wp.com\/szolnokimuvesztelep.com\/wp-content\/uploads\/2023\/01\/folyo\u0301k-ko\u0308zo\u0308tt_szolnoki-mu\u030bve\u0301sztelep-kia\u0301lli\u0301ta\u0301s_meghi\u0301vo\u0301.jpg?resize=1536%2C724 1536w, https:\/\/i2.wp.com\/szolnokimuvesztelep.com\/wp-content\/uploads\/2023\/01\/folyo\u0301k-ko\u0308zo\u0308tt_szolnoki-mu\u030bve\u0301sztelep-kia\u0301lli\u0301ta\u0301s_meghi\u0301vo\u0301.jpg?resize=2048%2C965 2048w, https:\/\/i2.wp.com\/szolnokimuvesztelep.com\/wp-content\/uploads\/2023\/01\/folyo\u0301k-ko\u0308zo\u0308tt_szolnoki-mu\u030bve\u0301sztelep-kia\u0301lli\u0301ta\u0301s_meghi\u0301vo\u0301.jpg?w=1720 1720w\" sizes=\"(max-width: 860px) 100vw, 860px\" data-recalc-dims=\"1\" \/><\/p>\n<p>&nbsp;<\/p>\n<p><span>A T\u00fcrr Istv\u00e1n M\u00fazeum \u00e9s B\u00e1cskai M\u0171vel\u0151d\u00e9si K\u00f6zpont a Magyar Kult\u00fara Napja alkalm\u00e1b\u00f3l megh\u00edvja \u00d6nt a<\/span><\/p>\n<p><strong>120 \u00e9ves Szolnoki M\u0171v\u00e9sztelep<br \/>\nFoly\u00f3k k\u00f6z\u00f6tt<\/strong><br \/>\nc\u00edm\u0171 ki\u00e1ll\u00edt\u00e1s\u00e1nak megnyit\u00f3j\u00e1ra.<\/p>\n<p>Ideje:<br \/>\n<strong>2023. janu\u00e1r 20-\u00e1n 17.00 \u00f3ra<\/strong><\/p>\n<p>A t\u00e1rlatot megnyitja:<br \/>\n<strong>N. Kov\u00e1cs Zita<\/strong>\u00a0m\u0171v\u00e9szett\u00f6rt\u00e9n\u00e9sz<\/p>\n<p>Helysz\u00edn:<br \/>\n<strong>B\u00e1cskai Kult\u00farpalota<\/strong><br \/>\nBaja, Szenth\u00e1roms\u00e1g t\u00e9r 3.<\/p>\n<p>Megtekinthet\u0151:<br \/>\n2023. m\u00e1rcius 6-ig, nyitvatart\u00e1si id\u0151ben, 8-18 \u00f3r\u00e1ig<\/p>\n<p>&nbsp;<\/p>\n<p class=\"p1\">Foly\u00f3k k\u00f6z\u00f6tt \u2013 a 120 \u00e9ves Szolnoki M\u0171v\u00e9sztelep ki\u00e1ll\u00edt\u00e1sa a B\u00e1cskai Kult\u00farpalot\u00e1ban<br \/>\nBaja, 2023. janu\u00e1r 20.<\/p>\n<p class=\"p1\"><i>Szents\u00e9gtelen l\u00e9tedre nem f\u00e9lsz<br \/>\n<\/i><i>Angyali pitvarokat tapodni?<br \/>\n<\/i><i>Ki vagy, mi\u00e9rt vagy, hol lakol? \u00e9s kinek<br \/>\n<\/i><i>Szav\u00e1ra mozgasz? s v\u00e9gre miv\u00e9 leszel?<br \/>\n<\/i><i>M\u00edg ezt ki nem vizsg\u00e1lod, addig<br \/>\n<\/i><i>Por vagy az is leszel.<\/i><\/p>\n<p class=\"p1\">Csokonai Vit\u00e9z Mih\u00e1ly 1801-ben sz\u00fcletett, <i>Az ember, a po\u00e9zis t\u00e1rgya<\/i> c. k\u00f6ltem\u00e9ny\u00e9vel k\u00f6sz\u00f6ntj\u00fck a magyar kult\u00fara napj\u00e1nak el\u0151est\u00e9j\u00e9n m\u0171v\u00e9szetszeret\u0151 bar\u00e1tainkat, kedves vend\u00e9geinket a 120 \u00e9ves Szolnoki M\u0171v\u00e9sztelep 14 alkot\u00f3m\u0171v\u00e9sze ki\u00e1ll\u00edt\u00e1s\u00e1nak megnyit\u00f3 \u00fcnnep\u00e9n.<\/p>\n<p class=\"p1\">K\u00f6sz\u00f6ntj\u00fck a Szolnoki M\u0171v\u00e9sztelep vezet\u0151j\u00e9t, Verebes Gy\u00f6rgy\u00f6t \u00e9s a Szolnoki M\u0171v\u00e9szeti Egyes\u00fclet eln\u00f6k\u00e9t, Pog\u00e1ny G\u00e1bor Ben\u0151t. Szeretettel k\u00f6sz\u00f6ntj\u00fck a ki\u00e1ll\u00edt\u00f3 m\u0171v\u00e9szeket: Bar\u00e1th F\u00e1bi\u00e1n szobr\u00e1szm\u0171v\u00e9szt, Debreczeni Fanni fest\u0151m\u0171v\u00e9szt, Fazekas Magdolna Munk\u00e1csy-d\u00edjas fest\u0151m\u0171v\u00e9szt, Kecs\u0151 Endre fest\u0151m\u0171v\u00e9szt, Kir\u00e1ly Gy\u00f6rgy Barcsay-d\u00edjas fest\u0151m\u0171v\u00e9szt, Nagy D\u00e9nes fest\u0151m\u0171v\u00e9szt, Nagy Katain Matild grafikusm\u0171v\u00e9szt, Pog\u00e1ny G\u00e1bor Ben\u0151 Munk\u00e1csy-d\u00edjas szobr\u00e1szm\u0171v\u00e9szt, Posta M\u00e1t\u00e9 Barcsay-d\u00edjas fest\u0151m\u0171v\u00e9szt, R\u00e9vi Norbert szobr\u00e1szm\u0171v\u00e9szt, Sinka P\u00e9ter grafikusm\u0171v\u00e9szt, Soosur Georgius fest\u0151m\u0171v\u00e9szt, Szab\u00f3 \u00c1gnes fest\u0151m\u0171v\u00e9szt \u00e9s Verebes Gy\u00f6rgy Munk\u00e1csy-d\u00edjas fest\u0151m\u0171v\u00e9szt.<\/p>\n<p class=\"p1\">Csokonai a Himnusz megsz\u00fclet\u00e9se el\u0151tt k\u00e9t \u00e9vtizeddel besz\u00e9l arr\u00f3l, hogy m\u00edg nem \u00fagy \u00e9l\u00fcnk, hogy tudjuk, kik vagyunk, mi\u00e9rt vagyunk \u00e9s hol a hely\u00fcnk, mi a dolgunk, addig csak por \u00e9s hamu vagyunk. A kult\u00fara, a m\u0171velts\u00e9g, a m\u0171v\u00e9szet ismerete, tud\u00e1sa, birtokl\u00e1sa, haszn\u00e1lata, form\u00e1l\u00e1sa tesz azz\u00e1 benn\u00fcnket, akik gyarap\u00edthatjuk kult\u00far\u00e1nkat, vil\u00e1gunk, az ut\u00e1nunk \u00e9rkez\u0151k t\u00e1rgyi \u00e9s szellemi vagyon\u00e1t, \u00f6r\u00f6ks\u00e9g\u00e9t.<span class=\"Apple-converted-space\">\u00a0 <\/span>A kult\u00fara fogalom a sz\u00f3 etimol\u00f3gi\u00e1ja szerint a colere latin ig\u00e9b\u0151l sz\u00e1rmazik, melynek jelent\u00e9se m\u0171velni. A kifejez\u00e9s els\u0151 olyan \u00edr\u00e1sos eml\u00e9ke, ahol m\u00e1r nem a f\u00f6ld, hanem a l\u00e9lek m\u0171vel\u00e9s\u00e9nek kifejez\u00e9s\u00e9re haszn\u00e1lt\u00e1k Cicero <i>Tusculanae dispitationes <\/i>Kr. e. I. sz\u00e1zadi m\u0171v\u00e9ben tal\u00e1lhat\u00f3. A kult\u00fara antropol\u00f3giai megk\u00f6zel\u00edt\u00e9se, (amikor a kult\u00far\u00e1ra, mint eg\u00e9sz \u00e9letform\u00e1ra tekint\u00fcnk) Edward Burnett Tylor defin\u00edci\u00f3j\u00e1ban jelent meg, amely szerint a kult\u00fara olyan komplex eg\u00e9sz, amely mag\u00e1ban foglalja mindazt a tud\u00e1st, k\u00e9pess\u00e9get, hiedelmet, m\u0171v\u00e9szetet, mor\u00e1lt (\u00e9s m\u00e9g kb. 400<span class=\"Apple-converted-space\">\u00a0 <\/span>m\u00e1s k\u00e9pess\u00e9get), amit az ember szocializ\u00e1ci\u00f3ja sor\u00e1n, mint egy t\u00e1rsadalom tagja megszerez. E 400 f\u00e9le k\u00fcl\u00f6nleges k\u00e9pess\u00e9g k\u00f6z\u00fcl ma a k\u00e9pz\u0151m\u0171v\u00e9szet kultur\u00e1lis forr\u00e1sainak \u00e9s er\u0151forr\u00e1sainak vid\u00e9k\u00e9re, invit\u00e1ljuk \u00d6n\u00f6ket: a m\u0171alkot\u00e1sok DNS h\u00e1l\u00f3j\u00e1t sz\u00f6v\u0151, az anyag \u00e9s forma koh\u00e9zis\u00e9t teremt\u0151 alkot\u00f3 kezet vezet\u0151 szellem, tud\u00e1s, tapasztalat, intu\u00edci\u00f3 forr\u00e1s\u00e1hoz, minden m\u0171velts\u00e9g, kult\u00fara adatb\u00e1zis\u00e1hoz \u00e9s gener\u00e1tor\u00e1hoz: az agyhoz.<\/p>\n<p class=\"p1\">Agyunk, ez a kopony\u00e1nkat kit\u00f6lt\u0151, k\u00fcl\u00f6n\u00f6s, titokzatos sz\u00fcrke \u00e1llom\u00e1ny, val\u00f3j\u00e1ban egy olyan biol\u00f3giai eszk\u00f6z, amely b\u00e1rmely ember alkotta g\u00e9pn\u00e9l bonyolultabb, \u00f6sszetettebb \u00e9s kifinomultabb. Ebben a m\u00e1sf\u00e9l kil\u00f3nyi titokzatos kocsony\u00e1ban olyan racion\u00e1lis gondolkod\u00e1si \u00e9s irracion\u00e1lis k\u00e9pzeleti k\u00e9pess\u00e9gek lakoznak, amelyek a legmodernebb komputert is sarokba szor\u00edtj\u00e1k. Olyan kommunik\u00e1ci\u00f3s, tudom\u00e1nyos \u00e9s m\u0171v\u00e9szi lehet\u0151s\u00e9gek rejlenek, amelyek egyszerre tudj\u00e1k l\u00e9trehozni az atombomb\u00e1t \u00e9s a Mona Lis\u00e1t. A 120 \u00e9ves Szolnoki M\u0171v\u00e9sztelep kort\u00e1rs alkot\u00f3m\u0171v\u00e9szei sz\u00fcrke\u00e1llom\u00e1nya ill\u00fazi\u00f3inak b\u0171v\u00f6let\u00e9ben \u00e1llhatunk ma itt egy\u00fctt. Szemtan\u00fai lehet\u00fcnk k\u00eds\u00e9rletez\u00e9seiknek, j\u00e1t\u00e9kaiknak, val\u00f3s\u00e1gunk \u00e9s ill\u00fazi\u00f3ink hat\u00e1rai k\u00f6z\u00f6tt sz\u00f3rakoztatnak benn\u00fcnket.<span class=\"Apple-converted-space\">\u00a0<\/span><\/p>\n<p class=\"p1\">Ha igaz, hogy minden kor t\u00e1rsadalma, civiliz\u00e1ci\u00f3ja, hogy minden kult\u00fara m\u0171v\u00e9szet\u00e9ben fejezi ki legimpulz\u00edvabban a maga saj\u00e1tos jelleg\u00e9t, akkor az is igaz, hogy minden m\u0171v\u00e9szeti st\u00edlus \u00e9s minden alkot\u00f3m\u0171v\u00e9sz a maga val\u00f3s\u00e1gk\u00e9p\u00e9nek legmegfelel\u0151bb m\u0171fajait \u00e9s form\u00e1it v\u00e1lasztja ki mag\u00e1nak. Ha k\u00f6rbes\u00e9t\u00e1lunk a B\u00e1cskai Kult\u00farpalota ki\u00e1ll\u00edt\u00f3tereiben, felfedezhetj\u00fck magunk is az alkot\u00e1sokban rejl\u0151 egy\u00e9ni val\u00f3s\u00e1gokat, saj\u00e1tos ill\u00fazi\u00f3t\u00edpusokat, amelyb\u0151l sok esetben felismerhet\u0151 a munk\u00e1k m\u00f6g\u00fcl kukucsk\u00e1l\u00f3 alkot\u00f3i szem\u00e9lyis\u00e9g is. Ahogyan az eur\u00f3pai m\u0171v\u00e9szet \u00e9vezredes t\u00f6rt\u00e9net\u00e9ben egym\u00e1st v\u00e1lt\u00f3 ill\u00fazi\u00f3t\u00edpusok a t\u00e1rsadalmi \u00e9s vall\u00e1si v\u00e1ltoz\u00e1sok f\u00fcggv\u00e9ny\u00e9ben v\u00e1ltak \u00e9s v\u00e1lnak divatoss\u00e1 vagy vesztik el vonz\u00e1sukat, \u00e9ppoly soksz\u00edn\u0171en \u00e9s v\u00e1ltozatosan jelennek meg a Szolnoki M\u0171v\u00e9sztelep jelenkori alkot\u00f3m\u0171v\u00e9szeinek munk\u00e1in is.<\/p>\n<p class=\"p1\">Val\u00f3s\u00e1g, ill\u00fazi\u00f3 \u00e9s a kort\u00e1rs \u00edzl\u00e9s minden alkot\u00f3 szem\u00e9lyis\u00e9g\u00e9nek sz\u0171r\u0151j\u00e9n kereszt\u00fcl cs\u00f6ppen le a v\u00e1szonra, v\u00e9s\u0151dik a pap\u00edrlapra, vagy v\u00e1lik plasztikus testt\u00e9 a posztamenseken.\u00a0 Val\u00f3s\u00e1g, ill\u00fazi\u00f3 \u00e9s \u00edzl\u00e9s ar\u00e1nyaira, hat\u00e1saira, hat\u00e1raira keresik a v\u00e1laszt az alkot\u00f3k alkot\u00e1saikban. Az ill\u00fazi\u00f3 id\u0151tlen id\u0151k \u00f3ta a m\u0171v\u00e9szet legf\u0151bb \u00e9ltet\u0151 ereje. B\u00e1r tudom\u00e1nyos szempontb\u00f3l az ill\u00fazi\u00f3 t\u00f6bbnyire csak t\u00e9ved\u00e9s, amelyet k\u00f6nny\u0171 elker\u00fclni vagy m\u0171szerekkel helyesb\u00edteni, jogos k\u00e9rd\u00e9s, hogy bizonyos helyzetekben m\u00e9gis mi\u00e9rt vezetik f\u00e9lre az embert \u00e9rz\u00e9kszervei? Az ill\u00fazi\u00f3k nem v\u00e9letlen vari\u00e1ci\u00f3i az agynak, az idegrendszernek: sok k\u00f6z\u00fcl\u00fck olyan t\u00e9ved\u00e9s, amely bizonyos rendszeress\u00e9get mutat, megm\u00e9rhet\u0151 \u00e9s hat\u00e1sosan demonstr\u00e1lhat\u00f3. S az ill\u00fazi\u00f3nak \u00e9ppen ez a hat\u00e1soss\u00e1ga term\u00e9keny\u00edti meg a m\u0171v\u00e9szeket, ennek hat\u00e1s\u00e1ra k\u00eds\u00e9rleteznek \u00e9s j\u00e1tszanak az emberek a m\u0171v\u00e9szettel is.<\/p>\n<p class=\"p1\">M\u00edg a val\u00f3s\u00e1g talaj\u00e1n j\u00e1r\u00f3 h\u00e9tk\u00f6znapi ember hadakozik az ill\u00fazi\u00f3, a t\u00e9ved\u00e9s ellen, a m\u0171v\u00e9szek k\u00f6r\u00fcludvarolj\u00e1k azt. K\u00fcl\u00f6n\u00f6s, ellentmond\u00e1sos helyzet, ha a m\u0171v\u00e9szet az ill\u00fazi\u00f3 g\u00f6rbe t\u00fckr\u00e9ben mutatja meg nek\u00fcnk a val\u00f3s\u00e1got, vagy ha (mint jelen esetben) a tudom\u00e1ny, a m\u0171v\u00e9szetudom\u00e1ny t\u00fckr\u00e9b\u0151l (m\u00e9g ha hom\u00e1lyosan is) szeretn\u00e9nk l\u00e1ttatni a m\u0171v\u00e9szeket \u00e9s a m\u0171v\u00e9szetet. Mert hiszen \u00e9ppen az elhajl\u00edtott \u00e9s megt\u00f6rt f\u00e9ny t\u00e1rta fel el\u0151tt\u00fcnk a csillagos \u00e9gbolt titkait, vagy engedett a lencs\u00e9k r\u00e9v\u00e9n hihetetlen\u00fcl alapos bepillant\u00e1st a teremtett vil\u00e1g m\u00e9lyebb strukt\u00far\u00e1iba \u2013 noha a teleszk\u00f3p \u00e9s a mikroszk\u00f3p feltal\u00e1l\u00e1s\u00e1nak idej\u00e9n nem b\u00edztak m\u00e9g ezekben a szerkezetekben, mondv\u00e1n: eltorz\u00edtj\u00e1k a val\u00f3s\u00e1got. Sok \u00e9szlel\u00e9si ill\u00fazi\u00f3 azonban t\u00f6bb mint puszta t\u00e9ved\u00e9s. Ink\u00e1bb \u00f6nn\u00f6n jogukon l\u00e9tez\u0151 tapasztalatok, amelyek r\u00e1vil\u00e1g\u00edtanak a val\u00f3s\u00e1g egy olyan szelet\u00e9re, amelyek tudom\u00e1nyos l\u00e1t\u00f3sz\u00f6gben nem l\u00e1tszan\u00e1nak. Az alkot\u00f3m\u0171v\u00e9sz \u00e9ppen az ill\u00fazi\u00f3nak ezzel a megvil\u00e1gos\u00edt\u00f3 erej\u00e9vel \u00e9l, amikor alkot\u00e1saiban ill\u00fazi\u00f3 \u00e9s val\u00f3s\u00e1g viszony\u00e1nak \u00e9rtelmez\u00e9s\u00e9re, a \u201etiszt\u00e1nl\u00e1t\u00e1s pillanatainak\u201d r\u00f6gz\u00edt\u00e9s\u00e9re v\u00e1llalkozik.<\/p>\n<p class=\"p1\">B\u00e1rmely szorgosan kutatjuk is agyunk ill\u00fazi\u00f3inak forr\u00e1sait, b\u00e1rmilyen sokf\u00e9lek\u00e9ppen v\u00e9leked\u00fcnk is a mindennapjainkban j\u00e1tszott szerep\u00e9r\u0151l, nevettessen vagy r\u00edkasson meg, gerjesszen csod\u00e1latra vagy visszatetsz\u00e9sre, tiszteln\u00fcnk kell, \u00e9s pedig nem csak a m\u0171v\u00e9szet vagy \u00f6r\u00f6meink forr\u00e1sak\u00e9nt, hanem \u00f6szt\u00f6nz\u0151, inspir\u00e1l\u00f3 volt\u00e1\u00e9rt is, az \u00faj t\u00e1vlatok\u00e9rt, amelyeket megnyithat, s a v\u00e1laszok\u00e9rt, amelyeket, ha m\u00e9goly sokf\u00e9l\u00e9k \u00e9s paradoxak is, val\u00f3s\u00e1g- \u00e9s igazs\u00e1gkeres\u0151 k\u00e9rd\u00e9seinkre adhat.<\/p>\n<p class=\"p1\">A k\u00e9t foly\u00f3 k\u00f6z\u00f6tt, a Zagyva \u00e9s a Tisza partj\u00e1n fekv\u0151 Szolnok v\u00e1ros\u00e1r\u00f3l, a Szolnoki M\u0171v\u00e9sztelepr\u0151l az elm\u00falt \u00e9vsz\u00e1zadok kultur\u00e1lis, m\u0171v\u00e9szeti t\u00f6rekv\u00e9sei nyom\u00e1n azt mondhatjuk, megker\u00fclhetetlen \u00e9s megk\u00e9rd\u0151jelezhetetlen m\u0171v\u00e9szeti jelens\u00e9gg\u00e9, helysz\u00ednn\u00e9 v\u00e1lt a magyar m\u0171v\u00e9szet t\u00f6rt\u00e9net\u00e9ben. A 120 \u00e9ves, Magyar \u00d6r\u00f6ks\u00e9g-d\u00edjas Szolnoki M\u0171v\u00e9sztelep m\u0171k\u00f6d\u00e9s\u00e9nek leg\u00fajabb, ma is tart\u00f3 id\u0151szaka 2002-ben kezd\u0151d\u00f6tt, amikor a kol\u00f3nia fenn\u00e1ll\u00e1s\u00e1nak centen\u00e1riuma alkalm\u00e1b\u00f3l fel\u00faj\u00edtott \u00e9p\u00fcletek \u00e1tad\u00e1sra ker\u00fcltek \u00e9s \u00fajb\u00f3l \u00e9letre kelt az\u00a0<a href=\"https:\/\/hu.wikipedia.org\/wiki\/1901\">1901<\/a>-ben alap\u00edtott Szolnoki M\u0171v\u00e9szeti Egyes\u00fcletet, amely a Szolnoki M\u0171v\u00e9sztelep\u00e9rt K\u00f6zalap\u00edtv\u00e1ny jogut\u00f3djak\u00e9nt tev\u00e9kenykedik.<\/p>\n<p class=\"p1\">A Szolnok v\u00e1ros \u00e1ltal b\u00fcszk\u00e9n \u00e9s felel\u0151ss\u00e9ggel v\u00e1llalt feladat, a m\u0171v\u00e9sztelep meg\u00faj\u00edt\u00e1sa, fejleszt\u00e9se \u00e9s fenntart\u00e1sa a telep t\u00f6rt\u00e9net\u00e9nek \u00faj fejezet\u00e9t nyitotta.<span class=\"Apple-converted-space\">\u00a0<\/span><\/p>\n<p class=\"p1\">A r\u00f3luk sz\u00f3l\u00f3 publik\u00e1ci\u00f3kban olvashat\u00f3:<\/p>\n<p class=\"p1\">\u201eA 20. sz\u00e1zad sor\u00e1n sok vihart, puszt\u00edt\u00e1st \u00e1t\u00e9lt m\u0171v\u00e9sztelep szellemi jelent\u0151s\u00e9g\u00e9nek legf\u0151bb bizony\u00edt\u00e9ka, hogy a t\u00f6rt\u00e9nelem viszontags\u00e1gai k\u00f6zepette is folyamatos alkot\u00f3munka helysz\u00ednek\u00e9nt szolg\u00e1lt, \u00edgy ker\u00fclt a mindenkori magyar k\u00e9pz\u0151m\u0171v\u00e9szet \u00e9lvonal\u00e1ba. Az int\u00e9zm\u00e9ny ezen fel\u00fcl \u00e9rt\u00e9kes szellemi m\u0171helyt, bens\u0151s\u00e9ges szerepet t\u00f6lt be a v\u00e1ros \u00e9let\u00e9ben, egy\u00fctt l\u00e9legzik a mindennapokkal. Szolnok a m\u0171v\u00e9szek otthon\u00e1v\u00e1 v\u00e1lt, \u00e9s ez nagym\u00e9rt\u00e9kben hozz\u00e1j\u00e1rult ahhoz, hogy a kol\u00f3nia ki\u00e1ltv\u00e1nyok, programok n\u00e9lk\u00fcl is egys\u00e9ges arculattal jelenhetett meg a kultur\u00e1lis k\u00f6z\u00e9letben.\u201d<span class=\"Apple-converted-space\">\u00a0<\/span><\/p>\n<p class=\"p1\">\u201eA Szolnoki M\u0171v\u00e9szeti Egyes\u00fclet els\u0151dleges feladata a Szolnoki M\u0171v\u00e9sztelep szakmai m\u0171k\u00f6dtet\u00e9se, anyagi \u00e9s erk\u00f6lcsi seg\u00edts\u00e9gny\u00fajt\u00e1s az ott foly\u00f3 m\u0171v\u00e9szeti alkot\u00f3munka felt\u00e9teleinek jav\u00edt\u00e1s\u00e1hoz, sz\u00ednvonal\u00e1nak emel\u00e9s\u00e9hez, annak \u00e9rdek\u00e9ben, hogy ezzel is el\u0151seg\u00edtse az egyes\u00fclet m\u0171k\u00f6d\u00e9si ter\u00fclet\u00e9n a k\u00e9pz\u0151m\u0171v\u00e9szet fejleszt\u00e9s\u00e9t, n\u00e9pszer\u0171s\u00edt\u00e9s\u00e9t, a kultur\u00e1lis \u00f6r\u00f6ks\u00e9g \u2013 ezen bel\u00fcl k\u00fcl\u00f6n\u00f6sen a k\u00e9pz\u0151m\u0171v\u00e9szeti \u00f6r\u00f6ks\u00e9g \u2013 meg\u00f3v\u00e1s\u00e1t. A k\u00f6zm\u0171velts\u00e9g \u00e9s a k\u00f6z\u00edzl\u00e9s hagyom\u00e1nyainak tov\u00e1bbfejleszt\u00e9s\u00e9t, olyan a k\u00f6z\u00f6ss\u00e9g szempontj\u00e1b\u00f3l hasznos tev\u00e9kenys\u00e9g v\u00e9gz\u00e9s\u00e9vel, amely hozz\u00e1j\u00e1rul a k\u00f6z\u00f6ss\u00e9g meger\u0151s\u00f6d\u00e9s\u00e9hez \u00e9s az erk\u00f6lcsi, gazdas\u00e1gi, t\u00e1rsadalmi fejl\u0151d\u00e9s\u00e9hez.\u201d<br \/>\n(R\u00e9szletek a m\u0171v\u00e9sztelep honlapj\u00e1r\u00f3l)<span class=\"Apple-converted-space\">\u00a0<\/span><\/p>\n<p class=\"p1\">Vajon nek\u00fcnk, a kult\u00fara, a m\u0171v\u00e9szet szolg\u00e1l\u00f3inak \u00e9s szolg\u00e1l\u00f3le\u00e1nyainak mi m\u00e1st is kellene, illene \u00fcnnepeln\u00fcnk a magyar kult\u00fara \u00fcnnep\u00e9n?<span class=\"Apple-converted-space\">\u00a0<\/span><\/p>\n<p class=\"p1\">Szeretettel \u00e9s tisztelettel k\u00f6sz\u00f6ntj\u00fck a 120 \u00e9ves Szolnoki M\u0171v\u00e9sztelepet! Aki (Csokonai \u00e1tirat\u00e1ban):<\/p>\n<p class=\"p1\">Szents\u00e9gtelen l\u00e9tedre nem f\u00e9lsz<br \/>\nAngyali pitvarokat tapodni.<br \/>\nTudod ki vagy, mi\u00e9rt vagy, hol lakol \u00e9s kinek<br \/>\nSzav\u00e1ra mozgasz. s tudod, v\u00e9gre miv\u00e9 leszel.<br \/>\nNem por \u00e9s hamu.<\/p>\n<p><strong>N. Kov\u00e1cs Zita<\/strong>\u00a0m\u0171v\u00e9szett\u00f6rt\u00e9n\u00e9sz<\/p>","protected":false},"excerpt":{"rendered":"<p>A Szolnoki M\u0171v\u00e9sztelep \u00e9s a telep k\u00f6r\u00e9hez tartoz\u00f3 m\u0171v\u00e9szek munk\u00e1ib\u00f3l ny\u00edlik ki\u00e1ll\u00edt\u00e1s a magyar kult\u00fara napja alkalm\u00e1b\u00f3l a B\u00e1cskai Kult\u00farpalot\u00e1ban, amely \u00e1tfog\u00f3an mutatja be a mai szolnoki k\u00e9pz\u0151m\u0171v\u00e9szet \u00e1llapot\u00e1t, egyben tov\u00e1bb m\u00e9ly\u00edti a bar\u00e1ti kapcsolatot a bajai Caffart Nemzetk\u00f6zi M\u0171v\u00e9sztelep \u00e9s a szolnoki kol\u00f3nia k\u00f6z\u00f6tt. Szeretettel v\u00e1rjuk e m\u00e9reteiben \u00e9s&hellip; <\/p>","protected":false},"author":6,"featured_media":7992,"comment_status":"open","ping_status":"open","sticky":false,"template":"","format":"standard","meta":{"spay_email":"","jetpack_publicize_message":""},"categories":[55,58],"tags":[],"yst_prominent_words":[],"jetpack_featured_media_url":"https:\/\/i2.wp.com\/szolnokimuvesztelep.com\/wp-content\/uploads\/2023\/01\/szmt_honlap_slider_2023_Folyokkozott-scaled.jpg?fit=2560%2C946","jetpack_publicize_connections":[],"yoast_head":"<!-- This site is optimized with the Yoast SEO Premium plugin v14.1 - https:\/\/yoast.com\/wordpress\/plugins\/seo\/ -->\n<title>FOLY\u00d3K K\u00d6Z\u00d6TT \u2013 a 120 \u00e9ves Szolnoki M\u0171v\u00e9sztelep ki\u00e1ll\u00edt\u00e1sa Baj\u00e1n - SZOLNOKI M\u0170V\u00c9SZTELEP<\/title>\n<meta name=\"robots\" content=\"index, follow\" \/>\n<meta name=\"googlebot\" content=\"index, follow, max-snippet:-1, max-image-preview:large, max-video-preview:-1\" \/>\n<meta name=\"bingbot\" content=\"index, follow, max-snippet:-1, max-image-preview:large, max-video-preview:-1\" \/>\n<link rel=\"canonical\" href=\"http:\/\/szolnokimuvesztelep.com\/en\/2023\/01\/17\/folyok-kozott-a-120-eves-szolnoki-muvesztelep-kiallitasa\/\" \/>\n<meta property=\"og:locale\" content=\"en_US\" \/>\n<meta property=\"og:type\" content=\"article\" \/>\n<meta property=\"og:title\" content=\"FOLY\u00d3K K\u00d6Z\u00d6TT \u2013 a 120 \u00e9ves Szolnoki M\u0171v\u00e9sztelep ki\u00e1ll\u00edt\u00e1sa Baj\u00e1n - SZOLNOKI M\u0170V\u00c9SZTELEP\" \/>\n<meta property=\"og:description\" content=\"A Szolnoki M\u0171v\u00e9sztelep \u00e9s a telep k\u00f6r\u00e9hez tartoz\u00f3 m\u0171v\u00e9szek munk\u00e1ib\u00f3l ny\u00edlik ki\u00e1ll\u00edt\u00e1s a magyar kult\u00fara napja alkalm\u00e1b\u00f3l a B\u00e1cskai Kult\u00farpalot\u00e1ban, amely \u00e1tfog\u00f3an mutatja be a mai szolnoki k\u00e9pz\u0151m\u0171v\u00e9szet \u00e1llapot\u00e1t, egyben tov\u00e1bb m\u00e9ly\u00edti a bar\u00e1ti kapcsolatot a bajai Caffart Nemzetk\u00f6zi M\u0171v\u00e9sztelep \u00e9s a szolnoki kol\u00f3nia k\u00f6z\u00f6tt. Szeretettel v\u00e1rjuk e m\u00e9reteiben \u00e9s&hellip;\" \/>\n<meta property=\"og:url\" content=\"http:\/\/szolnokimuvesztelep.com\/en\/2023\/01\/17\/folyok-kozott-a-120-eves-szolnoki-muvesztelep-kiallitasa\/\" \/>\n<meta property=\"og:site_name\" content=\"SZOLNOKI M\u0170V\u00c9SZTELEP\" \/>\n<meta property=\"article:publisher\" content=\"https:\/\/www.facebook.com\/szolnokimuvesztelepofficial\/\" \/>\n<meta property=\"article:published_time\" content=\"2023-01-17T08:13:18+00:00\" \/>\n<meta property=\"article:modified_time\" content=\"2023-03-07T12:09:21+00:00\" \/>\n<meta property=\"og:image\" content=\"https:\/\/i2.wp.com\/szolnokimuvesztelep.com\/wp-content\/uploads\/2023\/01\/szmt_honlap_slider_2023_Folyokkozott-scaled.jpg?fit=2560%2C946\" \/>\n\t<meta property=\"og:image:width\" content=\"2560\" \/>\n\t<meta property=\"og:image:height\" content=\"946\" \/>\n<script type=\"application\/ld+json\" class=\"yoast-schema-graph\">{\"@context\":\"https:\/\/schema.org\",\"@graph\":[{\"@type\":\"Organization\",\"@id\":\"http:\/\/szolnokimuvesztelep.com\/en\/#organization\",\"name\":\"Szolnoki M\\u0171v\\u00e9sztelep\",\"url\":\"http:\/\/szolnokimuvesztelep.com\/en\/\",\"sameAs\":[\"https:\/\/www.facebook.com\/szolnokimuvesztelepofficial\/\",\"https:\/\/www.instagram.com\/szolnoki_muvesztelep\/\",\"https:\/\/www.youtube.com\/channel\/UCAYRF4A8FrslG3J__XEjEoA\",\"https:\/\/hu.wikipedia.org\/wiki\/Szolnoki_m\\u0171v\\u00e9sztelep\"],\"logo\":{\"@type\":\"ImageObject\",\"@id\":\"http:\/\/szolnokimuvesztelep.com\/en\/#logo\",\"inLanguage\":\"en-US\",\"url\":\"https:\/\/i0.wp.com\/szolnokimuvesztelep.com\/wp-content\/uploads\/2020\/05\/szmt_2019_szlogen_psz-01.png?fit=2242%2C863\",\"width\":2242,\"height\":863,\"caption\":\"Szolnoki M\\u0171v\\u00e9sztelep\"},\"image\":{\"@id\":\"http:\/\/szolnokimuvesztelep.com\/en\/#logo\"}},{\"@type\":\"WebSite\",\"@id\":\"http:\/\/szolnokimuvesztelep.com\/en\/#website\",\"url\":\"http:\/\/szolnokimuvesztelep.com\/en\/\",\"name\":\"SZOLNOKI M\\u0170V\\u00c9SZTELEP\",\"description\":\"Meg\\u00fajul\\u00f3 hagyom\\u00e1ny\",\"publisher\":{\"@id\":\"http:\/\/szolnokimuvesztelep.com\/en\/#organization\"},\"potentialAction\":[{\"@type\":\"SearchAction\",\"target\":\"http:\/\/szolnokimuvesztelep.com\/en\/?s={search_term_string}\",\"query-input\":\"required name=search_term_string\"}],\"inLanguage\":\"en-US\"},{\"@type\":\"ImageObject\",\"@id\":\"http:\/\/szolnokimuvesztelep.com\/2023\/01\/17\/folyok-kozott-a-120-eves-szolnoki-muvesztelep-kiallitasa\/#primaryimage\",\"inLanguage\":\"en-US\",\"url\":\"https:\/\/i2.wp.com\/szolnokimuvesztelep.com\/wp-content\/uploads\/2023\/01\/szmt_honlap_slider_2023_Folyokkozott-scaled.jpg?fit=2560%2C946\",\"width\":2560,\"height\":946},{\"@type\":\"WebPage\",\"@id\":\"http:\/\/szolnokimuvesztelep.com\/2023\/01\/17\/folyok-kozott-a-120-eves-szolnoki-muvesztelep-kiallitasa\/#webpage\",\"url\":\"http:\/\/szolnokimuvesztelep.com\/2023\/01\/17\/folyok-kozott-a-120-eves-szolnoki-muvesztelep-kiallitasa\/\",\"name\":\"FOLY\\u00d3K K\\u00d6Z\\u00d6TT \\u2013 a 120 \\u00e9ves Szolnoki M\\u0171v\\u00e9sztelep ki\\u00e1ll\\u00edt\\u00e1sa Baj\\u00e1n - SZOLNOKI M\\u0170V\\u00c9SZTELEP\",\"isPartOf\":{\"@id\":\"http:\/\/szolnokimuvesztelep.com\/en\/#website\"},\"primaryImageOfPage\":{\"@id\":\"http:\/\/szolnokimuvesztelep.com\/2023\/01\/17\/folyok-kozott-a-120-eves-szolnoki-muvesztelep-kiallitasa\/#primaryimage\"},\"datePublished\":\"2023-01-17T08:13:18+00:00\",\"dateModified\":\"2023-03-07T12:09:21+00:00\",\"inLanguage\":\"en-US\",\"potentialAction\":[{\"@type\":\"ReadAction\",\"target\":[\"http:\/\/szolnokimuvesztelep.com\/2023\/01\/17\/folyok-kozott-a-120-eves-szolnoki-muvesztelep-kiallitasa\/\"]}]},{\"@type\":\"Article\",\"@id\":\"http:\/\/szolnokimuvesztelep.com\/2023\/01\/17\/folyok-kozott-a-120-eves-szolnoki-muvesztelep-kiallitasa\/#article\",\"isPartOf\":{\"@id\":\"http:\/\/szolnokimuvesztelep.com\/2023\/01\/17\/folyok-kozott-a-120-eves-szolnoki-muvesztelep-kiallitasa\/#webpage\"},\"author\":{\"@id\":\"http:\/\/szolnokimuvesztelep.com\/en\/#\/schema\/person\/455817b7faaefdc309af6d6d95453700\"},\"headline\":\"FOLY\\u00d3K K\\u00d6Z\\u00d6TT \\u2013 a 120 \\u00e9ves Szolnoki M\\u0171v\\u00e9sztelep ki\\u00e1ll\\u00edt\\u00e1sa Baj\\u00e1n\",\"datePublished\":\"2023-01-17T08:13:18+00:00\",\"dateModified\":\"2023-03-07T12:09:21+00:00\",\"commentCount\":0,\"mainEntityOfPage\":{\"@id\":\"http:\/\/szolnokimuvesztelep.com\/2023\/01\/17\/folyok-kozott-a-120-eves-szolnoki-muvesztelep-kiallitasa\/#webpage\"},\"publisher\":{\"@id\":\"http:\/\/szolnokimuvesztelep.com\/en\/#organization\"},\"image\":{\"@id\":\"http:\/\/szolnokimuvesztelep.com\/2023\/01\/17\/folyok-kozott-a-120-eves-szolnoki-muvesztelep-kiallitasa\/#primaryimage\"},\"articleSection\":\"Arch\\u00edv,H\\u00edrek\",\"inLanguage\":\"en-US\",\"potentialAction\":[{\"@type\":\"CommentAction\",\"name\":\"Comment\",\"target\":[\"http:\/\/szolnokimuvesztelep.com\/2023\/01\/17\/folyok-kozott-a-120-eves-szolnoki-muvesztelep-kiallitasa\/#respond\"]}]},{\"@type\":[\"Person\"],\"@id\":\"http:\/\/szolnokimuvesztelep.com\/en\/#\/schema\/person\/455817b7faaefdc309af6d6d95453700\",\"name\":\"Cselle Judit\",\"image\":{\"@type\":\"ImageObject\",\"@id\":\"http:\/\/szolnokimuvesztelep.com\/en\/#personlogo\",\"inLanguage\":\"en-US\",\"url\":\"http:\/\/0.gravatar.com\/avatar\/3eb98182a1cc7aad03ba91a0145855ba?s=96&d=mm&r=g\",\"caption\":\"Cselle Judit\"}}]}<\/script>\n<!-- \/ Yoast SEO Premium plugin. -->","jetpack_sharing_enabled":true,"jetpack_shortlink":"https:\/\/wp.me\/p9tpmR-24T","jetpack_likes_enabled":true,"jetpack-related-posts":[],"_links":{"self":[{"href":"http:\/\/szolnokimuvesztelep.com\/en\/wp-json\/wp\/v2\/posts\/7991"}],"collection":[{"href":"http:\/\/szolnokimuvesztelep.com\/en\/wp-json\/wp\/v2\/posts"}],"about":[{"href":"http:\/\/szolnokimuvesztelep.com\/en\/wp-json\/wp\/v2\/types\/post"}],"author":[{"embeddable":true,"href":"http:\/\/szolnokimuvesztelep.com\/en\/wp-json\/wp\/v2\/users\/6"}],"replies":[{"embeddable":true,"href":"http:\/\/szolnokimuvesztelep.com\/en\/wp-json\/wp\/v2\/comments?post=7991"}],"version-history":[{"count":7,"href":"http:\/\/szolnokimuvesztelep.com\/en\/wp-json\/wp\/v2\/posts\/7991\/revisions"}],"predecessor-version":[{"id":8017,"href":"http:\/\/szolnokimuvesztelep.com\/en\/wp-json\/wp\/v2\/posts\/7991\/revisions\/8017"}],"wp:featuredmedia":[{"embeddable":true,"href":"http:\/\/szolnokimuvesztelep.com\/en\/wp-json\/wp\/v2\/media\/7992"}],"wp:attachment":[{"href":"http:\/\/szolnokimuvesztelep.com\/en\/wp-json\/wp\/v2\/media?parent=7991"}],"wp:term":[{"taxonomy":"category","embeddable":true,"href":"http:\/\/szolnokimuvesztelep.com\/en\/wp-json\/wp\/v2\/categories?post=7991"},{"taxonomy":"post_tag","embeddable":true,"href":"http:\/\/szolnokimuvesztelep.com\/en\/wp-json\/wp\/v2\/tags?post=7991"},{"taxonomy":"yst_prominent_words","embeddable":true,"href":"http:\/\/szolnokimuvesztelep.com\/en\/wp-json\/wp\/v2\/yst_prominent_words?post=7991"}],"curies":[{"name":"wp","href":"https:\/\/api.w.org\/{rel}","templated":true}]}}