{"id":7701,"date":"2022-10-29T15:43:37","date_gmt":"2022-10-29T15:43:37","guid":{"rendered":"http:\/\/szolnokimuvesztelep.com\/?p=7701"},"modified":"2022-11-25T14:55:06","modified_gmt":"2022-11-25T14:55:06","slug":"nagy-zopan-melysotet-barsonyok-mogott","status":"publish","type":"post","link":"http:\/\/szolnokimuvesztelep.com\/en\/2022\/10\/29\/nagy-zopan-melysotet-barsonyok-mogott\/","title":{"rendered":"Nagy Zop\u00e1n: M\u00e9lys\u00f6t\u00e9t b\u00e1rsonyok m\u00f6g\u00f6tt\u2026"},"content":{"rendered":"<div class=\"article__head\">\n<h1>M\u00e9lys\u00f6t\u00e9t b\u00e1rsonyok m\u00f6g\u00f6tt\u2026<\/p>\n<p>NAYG ISTV\u00c1N R\u00c9SZLEGES LELT\u00c1R C\u00cdM\u0170 KI\u00c1LL\u00cdT\u00c1SA NYOM\u00c1N<\/h1>\n<div class=\"white_box_base\">\n<p>NAGY ZOP\u00c1N \u00cdR\u00c1SA<\/p>\n<p><a href=\"https:\/\/tiszatajonline.hu\/kepzomuveszet\/melysotet-barsonyok-mogott\/\">https:\/\/tiszatajonline.hu\/kepzomuveszet\/melysotet-barsonyok-mogott\/<\/a><\/p>\n<p>Nayg Istv\u00e1n alkot\u00f3i attit\u0171dj\u00e9t, munk\u00e1ss\u00e1g\u00e1t imm\u00e1r 22 \u00e9ve k\u00eds\u00e9rem figyelemmel. Igaz, hogy anyaghaszn\u00e1lata \u00e9s szimbolik\u00e1i m\u00e1r \u00e9vtizedek \u00f3ta m\u00f3dszeres, k\u00f6vetkezetes \u00e9p\u00edtkez\u00e9s \u00e1ltal: v\u00e1ltozatos-egys\u00e9ges, min\u0151s\u00e9gi \u00e9letm\u0171vet mutatnak fel, \u00e1m, itt (m\u0171elemz\u00e9sek s egy\u00e9b defin\u00edci\u00f3k helyett) mindink\u00e1bb asszoci\u00e1ci\u00f3k k\u00fcl\u00f6nf\u00e9le \u00e1raml\u00e1sait nyitjuk meg.<\/p>\n<div class=\"white_box\"><\/div>\n<\/div>\n<div class=\"highlighted__image\"><img loading=\"lazy\" class=\"attachment-large size-large wp-post-image entered lazyloaded\" src=\"https:\/\/i2.wp.com\/tiszatajonline.hu\/wp-content\/uploads\/2022\/10\/Nayg_Istva%CC%81n_alkota%CC%81sa%CC%81val_2022-1024x683.jpg?ssl=1\" sizes=\"(max-width: 1024px) 100vw, 1024px\" srcset=\"https:\/\/i1.wp.com\/tiszatajonline.hu\/wp-content\/uploads\/2022\/10\/Nayg_Istva\u0301n_alkota\u0301sa\u0301val_2022-1024x683.jpg?resize=860%2C574&#038;ssl=1 1024w, https:\/\/tiszatajonline.hu\/wp-content\/uploads\/2022\/10\/Nayg_Istva\u0301n_alkota\u0301sa\u0301val_2022-300x200.jpg 300w, https:\/\/tiszatajonline.hu\/wp-content\/uploads\/2022\/10\/Nayg_Istva\u0301n_alkota\u0301sa\u0301val_2022-768x512.jpg 768w, https:\/\/tiszatajonline.hu\/wp-content\/uploads\/2022\/10\/Nayg_Istva\u0301n_alkota\u0301sa\u0301val_2022-1536x1024.jpg 1536w, https:\/\/tiszatajonline.hu\/wp-content\/uploads\/2022\/10\/Nayg_Istva\u0301n_alkota\u0301sa\u0301val_2022-2048x1365.jpg 2048w\" alt=\"\" width=\"860\" height=\"574\" data-lazy-srcset=\"https:\/\/i1.wp.com\/tiszatajonline.hu\/wp-content\/uploads\/2022\/10\/Nayg_Istva\u0301n_alkota\u0301sa\u0301val_2022-1024x683.jpg?resize=860%2C574&#038;ssl=1 1024w, https:\/\/tiszatajonline.hu\/wp-content\/uploads\/2022\/10\/Nayg_Istva\u0301n_alkota\u0301sa\u0301val_2022-300x200.jpg 300w, https:\/\/tiszatajonline.hu\/wp-content\/uploads\/2022\/10\/Nayg_Istva\u0301n_alkota\u0301sa\u0301val_2022-768x512.jpg 768w, https:\/\/tiszatajonline.hu\/wp-content\/uploads\/2022\/10\/Nayg_Istva\u0301n_alkota\u0301sa\u0301val_2022-1536x1024.jpg 1536w, https:\/\/tiszatajonline.hu\/wp-content\/uploads\/2022\/10\/Nayg_Istva\u0301n_alkota\u0301sa\u0301val_2022-2048x1365.jpg 2048w\" data-lazy-sizes=\"(max-width: 1024px) 100vw, 1024px\" data-lazy-src=\"https:\/\/i1.wp.com\/tiszatajonline.hu\/wp-content\/uploads\/2022\/10\/Nayg_Istva\u0301n_alkota\u0301sa\u0301val_2022-1024x683.jpg?resize=860%2C574&#038;ssl=1\" data-ll-status=\"loaded\" data-recalc-dims=\"1\" \/><\/div>\n<\/div>\n<div class=\"article__content\">\n<p>Jelen\u00e9sek:<\/p>\n<p>Elme-sz\u00f6vetek s\u0171r\u0171s\u00f6dnek, sz\u00f6vev\u00e9ny-f\u00e1tylas transzparenci\u00e1k old\u00f3dnak \u2013 s morfol\u00f3gi\u00e1kon innen (\u00e9s t\u00fal): bels\u0151 t\u00e9r-szelv\u00e9nyekben transzform\u00e1l\u00f3dnak\u2026 Szepar\u00e1lt szakraliz\u00e1ci\u00f3 \u00e9s \u00f6n-rekonstrukci\u00f3 egy\u00fctt-hat\u00e1sa, fedetts\u00e9g, rejtett architekt\u00far\u00e1kat (metakommunik\u00e1ci\u00f3val) kitapint\u00f3 \u00e9jjelek\u2026<\/p>\n<p>Red\u0151nyz\u00e1rak \u00e9s rezg\u0151 lamell\u00e1k m\u00f6g\u00f6tt l\u00e1tok egy sz\u0171rt-s\u00f6t\u00e9ten \u00e1tsejl\u0151, meg-megny\u00edl\u00f3 folyos\u00f3t. Falai cs\u00f6nd-b\u00e1rsony feket\u00e9k, hamusz\u00fcrk\u00e9k, f\u00fcstkvarc, \u00f3nix- \u00e9s obszidi\u00e1n-suttog\u00e1sok\u2026<\/p>\n<p>R\u00e9szleges maszk-fogyatkoz\u00e1s!<\/p>\n<p>77 maszk mocorg\u00e1sa a m\u0171v\u00e9sz f\u00e9l-\u00e1lom olt\u00e1r\u00e1ban, \u00e9ben \u00e9j-szekr\u00e9ny\u00e9ben. 7+7=14. 1+4=5. Kvintesszencia! A hasonm\u00e1s arc\u00e1r\u00f3l (a n\u00e9gy \u00e9gt\u00e1j, a n\u00e9gy elem fel\u00e9 ir\u00e1nyul\u00f3) n\u00e9gy maszk tekint befel\u00e9 \u00e9s tova, a fejtet\u0151n elhelyezked\u0151 \u00f6t\u00f6dik maszk az egek fel\u00e9, az ismeretlen szf\u00e9r\u00e1k fel\u00e9 ny\u00edl\u00f3 maszk: m\u00e1r teljesen \u00e1ttetsz\u0151\u2026<\/p>\n<p>William Blake, Henri Michaux, Gustav Meyrink \u00e9s Edgar Allen Poe l\u00e1tom\u00e1sai jelennek meg: s egy k\u00f6zel-t\u00e1voli, tudatalatti, enyh\u00e9n lebeg\u0151 \u00e9p\u00edtm\u00e9ny csillagvizsg\u00e1l\u00f3j\u00e1nak m\u0171term\u00e9ben k\u00eds\u00e9rtenek, s k\u00f6r\u00e9j\u00fck rajzol\u00f3dnak Goya szaturnuszi \u00e9n-k\u00e9pei is, \u00f6n-fel\u00e1ldoz\u00f3, \u00e9rz\u00e9k-csal\u00f3d\u00e1sokkal elegy kivet\u00fcl\u00e9sei\u2026<\/p>\n<p>A fekete anal\u00f3gi\u00e1k, \u00e1tfed\u00e9sek, esszenci\u00e1k, az experiment\u00e1lis jelenl\u00e9t<span>\u00a0<\/span><em>id\u0151tlens\u00e9ge<\/em><span>\u00a0<\/span>egy\u00fctt \u00e9lhet\u2026 Avantg\u00e1rd \u00e9s renesz\u00e1nsz<span>\u00a0<\/span><em>latens<\/em><span>\u00a0<\/span>m\u00f3dokon (is) tal\u00e1lkozhat az \u00f6n-analitikus m\u0171v\u00e9szet bizonyos boncasztal\u00e1n.<span>\u00a0<\/span><em>Sub rosa<\/em>. Szenzibilis intenzit\u00e1s!<\/p>\n<p>M\u00e9lys\u00f6t\u00e9t organizmusok \u00e9s misztikus orat\u00f3riumok m\u00f6g\u00f6tti \u00e9szlel\u00e9sek oltalmaz\u00e1sa, \u00e9rz\u00e9k-mat\u00e9ri\u00e1k fel- \u00e9s alk\u00edmiai \u00f6sszhat\u00e1sa, vegyes technik\u00e1kba oltott szellemi felold\u00e1sa, avagy: absztrakt-atavisztikus r\u00e9tegz\u0151d\u00e9sek, z\u00e1rv\u00e1ny-l\u00e9lektani folyamatok (hermetikus) \u00f6n-beavat\u00e1sa! Al\u00e1sz\u00e1ll\u00e1s\u2026 A melank\u00f3lia \u00e1tt\u00f6r\u00e9se, majd \u00e1tl\u00e9p\u00e9s \u00fajabb melank\u00f3li\u00e1k \u2013 saj\u00e1tos \u2013 \u00f6r\u00f6meibe\u2026<\/p>\n<p>Nayg Istv\u00e1n<span>\u00a0<\/span><em>Trauma<\/em><span>\u00a0<\/span>c\u00edm\u0171 munk\u00e1ja (a<span>\u00a0<\/span><em>le\u00edr\u00f3ban<\/em>) megid\u00e9zheti p\u00e9ld\u00e1ul a sokoldal\u00fa Tadeusz Kantor megrend\u00edt\u0151 k\u00e9p(z\u0151)m\u0171v\u00e9szeti sz\u00ednh\u00e1z\u00e1t (ak\u00e1r a<span>\u00a0<\/span><em>Halott Oszt\u00e1ly<\/em>\u00e1t is), de hasonl\u00f3k\u00e9ppen bevonzhatja Antoni T\u00e0pies vagy Manolo Millares er\u0151teljes m\u0171v\u00e9szeti vil\u00e1g\u00e1t: az alkot\u00f3(k) assemblage-ba, anti ready made-ekbe, viaszba-nagykab\u00e1tba-fest\u00e9kbe-rongyokba-eserny\u0151be-\u00fcvegszil\u00e1nkokba\u2026, t\u00e1rgyi fragmentumokba \u00f6nt\u00f6tt bor\u00fas \u00e9rzelmeit, indulatait, bizonyos trag\u00e9di\u00e1kat maradand\u00f3 m\u0171v\u00e9szett\u00e9 v\u00e1ltoztat\u00f3 (\u00e1t-lelkes\u00fclt) t\u00e1rgyi metamorf\u00f3zisait\u2026<\/p>\n<p>\u2013 \u2013 \u2013<\/p>\n<figure class=\"wp-block-image size-large\"><img loading=\"lazy\" class=\"wp-image-158112 entered lazyloaded\" src=\"https:\/\/i2.wp.com\/tiszatajonline.hu\/wp-content\/uploads\/2022\/10\/Nayg_Istva%CC%81n_Storm_I_2018_119x160cm_tus-tinta-akrilfeste%CC%81k-va%CC%81szonra-ragasztott-transzparens-polietile%CC%81n-1-1024x782.jpg?ssl=1\" sizes=\"(max-width: 1024px) 100vw, 1024px\" srcset=\"https:\/\/i0.wp.com\/tiszatajonline.hu\/wp-content\/uploads\/2022\/10\/Nayg_Istva\u0301n_Storm_I_2018_119x160cm_tus-tinta-akrilfeste\u0301k-va\u0301szonra-ragasztott-transzparens-polietile\u0301n-1-1024x782.jpg?resize=860%2C657&#038;ssl=1 1024w, https:\/\/tiszatajonline.hu\/wp-content\/uploads\/2022\/10\/Nayg_Istva\u0301n_Storm_I_2018_119x160cm_tus-tinta-akrilfeste\u0301k-va\u0301szonra-ragasztott-transzparens-polietile\u0301n-1-300x229.jpg 300w, https:\/\/tiszatajonline.hu\/wp-content\/uploads\/2022\/10\/Nayg_Istva\u0301n_Storm_I_2018_119x160cm_tus-tinta-akrilfeste\u0301k-va\u0301szonra-ragasztott-transzparens-polietile\u0301n-1-768x586.jpg 768w, https:\/\/tiszatajonline.hu\/wp-content\/uploads\/2022\/10\/Nayg_Istva\u0301n_Storm_I_2018_119x160cm_tus-tinta-akrilfeste\u0301k-va\u0301szonra-ragasztott-transzparens-polietile\u0301n-1-1536x1172.jpg 1536w, https:\/\/tiszatajonline.hu\/wp-content\/uploads\/2022\/10\/Nayg_Istva\u0301n_Storm_I_2018_119x160cm_tus-tinta-akrilfeste\u0301k-va\u0301szonra-ragasztott-transzparens-polietile\u0301n-1-2048x1563.jpg 2048w\" alt=\"\" width=\"860\" height=\"657\" data-lazy-srcset=\"https:\/\/i0.wp.com\/tiszatajonline.hu\/wp-content\/uploads\/2022\/10\/Nayg_Istva\u0301n_Storm_I_2018_119x160cm_tus-tinta-akrilfeste\u0301k-va\u0301szonra-ragasztott-transzparens-polietile\u0301n-1-1024x782.jpg?resize=860%2C657&#038;ssl=1 1024w, https:\/\/tiszatajonline.hu\/wp-content\/uploads\/2022\/10\/Nayg_Istva\u0301n_Storm_I_2018_119x160cm_tus-tinta-akrilfeste\u0301k-va\u0301szonra-ragasztott-transzparens-polietile\u0301n-1-300x229.jpg 300w, https:\/\/tiszatajonline.hu\/wp-content\/uploads\/2022\/10\/Nayg_Istva\u0301n_Storm_I_2018_119x160cm_tus-tinta-akrilfeste\u0301k-va\u0301szonra-ragasztott-transzparens-polietile\u0301n-1-768x586.jpg 768w, https:\/\/tiszatajonline.hu\/wp-content\/uploads\/2022\/10\/Nayg_Istva\u0301n_Storm_I_2018_119x160cm_tus-tinta-akrilfeste\u0301k-va\u0301szonra-ragasztott-transzparens-polietile\u0301n-1-1536x1172.jpg 1536w, https:\/\/tiszatajonline.hu\/wp-content\/uploads\/2022\/10\/Nayg_Istva\u0301n_Storm_I_2018_119x160cm_tus-tinta-akrilfeste\u0301k-va\u0301szonra-ragasztott-transzparens-polietile\u0301n-1-2048x1563.jpg 2048w\" data-lazy-sizes=\"(max-width: 1024px) 100vw, 1024px\" data-lazy-src=\"https:\/\/i0.wp.com\/tiszatajonline.hu\/wp-content\/uploads\/2022\/10\/Nayg_Istva\u0301n_Storm_I_2018_119x160cm_tus-tinta-akrilfeste\u0301k-va\u0301szonra-ragasztott-transzparens-polietile\u0301n-1-1024x782.jpg?resize=860%2C657&#038;ssl=1\" data-ll-status=\"loaded\" data-recalc-dims=\"1\" \/><\/figure>\n<p>A<span>\u00a0<\/span><em>le\u00edr\u00f3<\/em><span>\u00a0<\/span>\u00e9ber k\u00e9pzet\u00e9ben (most) Anselm Kiefer \u00e9s Anis Kapoor szellemis\u00e9ge tal\u00e1lkozik egy asztr\u00e1lis t\u00e9rben\u2026 Csod\u00e1s jelen\u00e9sek, dimenzi\u00f3kat \u00e1tragyog\u00f3 gondolatok, monument\u00e1lis megval\u00f3s\u00edt\u00e1sok, majd neo-expressz\u00edv perfor\u00e1ci\u00f3k, illetve lass\u00edtott \u00e1tj\u00e1r\u00e1sok\u2026 T\u00e9r-id\u0151 rezign\u00e1ci\u00f3! A Block Csoport (melynek Nayg Istv\u00e1n is jeles tagja): id\u00e9n bemutatkozott a Velencei Bienn\u00e1l\u00e9 ter\u00fclet\u00e9n.<\/p>\n<p>A Block csoportot a lengyel kur\u00e1tor: Tomas Wendland h\u00edvta meg. Az \u00f6sszm\u0171v\u00e9szeti group (team, company) Hamvas B\u00e9la<span>\u00a0<\/span><em>\u00c1lom<\/em><span>\u00a0<\/span>c\u00edm\u0171 essz\u00e9j\u00e9t kalap\u00e1ccsal \u00e9s bet\u0171-be\u00fct\u0151vel egy 200\u00d7100 cm-es f\u00e9mlemezbe verte bele, amit vide\u00f3val r\u00f6gz\u00edtettek. A filmet projektorral egy 120x100x25 cm-es v\u00edzzel teli medenc\u00e9re vet\u00edtett\u00e9k, ami a szemk\u00f6zti falra vet\u00fclt, rezon\u00e1lt. Az install\u00e1ci\u00f3hoz tartozik egy mozg\u00e1s\u00e9rz\u00e9kel\u0151 \u00e9s egy motorral ell\u00e1tott kar is, ami a v\u00edzbe l\u00f3g, \u00e9s az arra j\u00e1r\u00f3 n\u00e9z\u0151 mozg\u00e1s\u00e1t \u00e9rz\u00e9kel\u0151 szerkezet felkavarja a vizet \u00e9s \u00f6sszezavarja a falra felvet\u00edtett mozg\u00f3k\u00e9pet.<em>\u00a0<\/em><\/p>\n<p>(A l\u00edrikus absztrakci\u00f3-akci\u00f3 alkot\u00f3i: Katona Zolt\u00e1n, Nagy \u00c1rp\u00e1d Pika, Nayg Istv\u00e1n, Palk\u00f3 Tibor \u00e9s Sebesty\u00e9n Zolt\u00e1n. A felv\u00e9telt k\u00e9sz\u00edtette: Kenyeres Ferenc, a videofilmet szerkesztette: Taskovics \u00c9va.)<\/p>\n<p>\u2013 \u2013 \u2013<\/p>\n<figure class=\"wp-block-image size-large\"><img loading=\"lazy\" class=\"wp-image-158114 entered lazyloaded\" src=\"https:\/\/i1.wp.com\/tiszatajonline.hu\/wp-content\/uploads\/2022\/10\/Nayg_Istva%CC%81n_Trauma_2022_200x280x30cm_vegyes_technika-2-1024x866.jpg?ssl=1\" sizes=\"(max-width: 1024px) 100vw, 1024px\" srcset=\"https:\/\/i1.wp.com\/tiszatajonline.hu\/wp-content\/uploads\/2022\/10\/Nayg_Istva\u0301n_Trauma_2022_200x280x30cm_vegyes_technika-2-1024x866.jpg?resize=860%2C727&#038;ssl=1 1024w, https:\/\/tiszatajonline.hu\/wp-content\/uploads\/2022\/10\/Nayg_Istva\u0301n_Trauma_2022_200x280x30cm_vegyes_technika-2-300x254.jpg 300w, https:\/\/tiszatajonline.hu\/wp-content\/uploads\/2022\/10\/Nayg_Istva\u0301n_Trauma_2022_200x280x30cm_vegyes_technika-2-768x650.jpg 768w, https:\/\/tiszatajonline.hu\/wp-content\/uploads\/2022\/10\/Nayg_Istva\u0301n_Trauma_2022_200x280x30cm_vegyes_technika-2-1536x1300.jpg 1536w, https:\/\/tiszatajonline.hu\/wp-content\/uploads\/2022\/10\/Nayg_Istva\u0301n_Trauma_2022_200x280x30cm_vegyes_technika-2-2048x1733.jpg 2048w\" alt=\"\" width=\"860\" height=\"727\" data-lazy-srcset=\"https:\/\/i1.wp.com\/tiszatajonline.hu\/wp-content\/uploads\/2022\/10\/Nayg_Istva\u0301n_Trauma_2022_200x280x30cm_vegyes_technika-2-1024x866.jpg?resize=860%2C727&#038;ssl=1 1024w, https:\/\/tiszatajonline.hu\/wp-content\/uploads\/2022\/10\/Nayg_Istva\u0301n_Trauma_2022_200x280x30cm_vegyes_technika-2-300x254.jpg 300w, https:\/\/tiszatajonline.hu\/wp-content\/uploads\/2022\/10\/Nayg_Istva\u0301n_Trauma_2022_200x280x30cm_vegyes_technika-2-768x650.jpg 768w, https:\/\/tiszatajonline.hu\/wp-content\/uploads\/2022\/10\/Nayg_Istva\u0301n_Trauma_2022_200x280x30cm_vegyes_technika-2-1536x1300.jpg 1536w, https:\/\/tiszatajonline.hu\/wp-content\/uploads\/2022\/10\/Nayg_Istva\u0301n_Trauma_2022_200x280x30cm_vegyes_technika-2-2048x1733.jpg 2048w\" data-lazy-sizes=\"(max-width: 1024px) 100vw, 1024px\" data-lazy-src=\"https:\/\/i1.wp.com\/tiszatajonline.hu\/wp-content\/uploads\/2022\/10\/Nayg_Istva\u0301n_Trauma_2022_200x280x30cm_vegyes_technika-2-1024x866.jpg?resize=860%2C727&#038;ssl=1\" data-ll-status=\"loaded\" data-recalc-dims=\"1\" \/><\/figure>\n<p><em>Bel\u00fcl s\u00f6t\u00e9t van, \u00e9s nem l\u00e1tni semmit, de \u00e9rezni, hogy valamilyen elektromos melegs\u00e9g lehet.<\/em><\/p>\n<p><em>Az \u00fajonnan \u00e9rkezett lelkek a kasokba sz\u00e1llnak. L\u00e1that\u00f3an rendk\u00edv\u00fcl f\u00e1radtak. N\u00e9melyiknek \u00e9ppen csak utols\u00f3 erej\u00e9vel siker\u00fcl a titokzatos kasba verg\u0151dnie. \u0150 pedig n\u00e9zi \u0151ket azzal a le\u00edrhatatlan \u00e9s v\u00e9gtelen t\u00fcrelemmel \u00e9s j\u00f3s\u00e1ggal, ami \u00e9ppen \u0150.<\/em><\/p>\n<p><em>Mintha a lelkek innen az \u00e9letbe ragyog\u00f3 gy\u00e9m\u00e1ntf\u00e9nyesen induln\u00e1nak el, \u00e1tl\u00e1tsz\u00f3an \u00e9s t\u00fcnd\u00f6kl\u0151 tiszt\u00e1n\u2026 A m\u00e9h\u00e9sz kez\u00e9be veszi a kasb\u00f3l kiszedett lelket. Al\u00e9ltan piheg szeg\u00e9ny, att\u00f3l a rejtelmes v\u00e1ltoz\u00e1st\u00f3l f\u00e9l\u00e1jultan, ami ott benn t\u00f6rt\u00e9nt \u00e9s t\u00f6rt\u00e9nik vele\u2026<\/em><\/p>\n<p>Hamvas B\u00e9la:<span>\u00a0<\/span><em>\u00c1lom<\/em><span>\u00a0<\/span>(Bab\u00e9rligetk\u00f6nyv), r\u00e9szletek.<\/p>\n<p>\u2013 \u2013 \u2013<\/p>\n<figure class=\"wp-block-image size-large\"><img loading=\"lazy\" class=\"wp-image-158113 entered lazyloaded\" src=\"https:\/\/i1.wp.com\/tiszatajonline.hu\/wp-content\/uploads\/2022\/10\/Nayg_Istva%CC%81n_Storm_II_2018_119x160cm_tus-tinta-akrilfeste%CC%81k-va%CC%81szonra-ragasztott-transzparens-polietile%CC%81n-1024x783.jpg?ssl=1\" sizes=\"(max-width: 1024px) 100vw, 1024px\" srcset=\"https:\/\/i2.wp.com\/tiszatajonline.hu\/wp-content\/uploads\/2022\/10\/Nayg_Istva\u0301n_Storm_II_2018_119x160cm_tus-tinta-akrilfeste\u0301k-va\u0301szonra-ragasztott-transzparens-polietile\u0301n-1024x783.jpg?resize=860%2C658&#038;ssl=1 1024w, https:\/\/tiszatajonline.hu\/wp-content\/uploads\/2022\/10\/Nayg_Istva\u0301n_Storm_II_2018_119x160cm_tus-tinta-akrilfeste\u0301k-va\u0301szonra-ragasztott-transzparens-polietile\u0301n-300x229.jpg 300w, https:\/\/tiszatajonline.hu\/wp-content\/uploads\/2022\/10\/Nayg_Istva\u0301n_Storm_II_2018_119x160cm_tus-tinta-akrilfeste\u0301k-va\u0301szonra-ragasztott-transzparens-polietile\u0301n-768x587.jpg 768w, https:\/\/tiszatajonline.hu\/wp-content\/uploads\/2022\/10\/Nayg_Istva\u0301n_Storm_II_2018_119x160cm_tus-tinta-akrilfeste\u0301k-va\u0301szonra-ragasztott-transzparens-polietile\u0301n-1536x1174.jpg 1536w, https:\/\/tiszatajonline.hu\/wp-content\/uploads\/2022\/10\/Nayg_Istva\u0301n_Storm_II_2018_119x160cm_tus-tinta-akrilfeste\u0301k-va\u0301szonra-ragasztott-transzparens-polietile\u0301n-2048x1565.jpg 2048w\" alt=\"\" width=\"860\" height=\"658\" data-lazy-srcset=\"https:\/\/i2.wp.com\/tiszatajonline.hu\/wp-content\/uploads\/2022\/10\/Nayg_Istva\u0301n_Storm_II_2018_119x160cm_tus-tinta-akrilfeste\u0301k-va\u0301szonra-ragasztott-transzparens-polietile\u0301n-1024x783.jpg?resize=860%2C658&#038;ssl=1 1024w, https:\/\/tiszatajonline.hu\/wp-content\/uploads\/2022\/10\/Nayg_Istva\u0301n_Storm_II_2018_119x160cm_tus-tinta-akrilfeste\u0301k-va\u0301szonra-ragasztott-transzparens-polietile\u0301n-300x229.jpg 300w, https:\/\/tiszatajonline.hu\/wp-content\/uploads\/2022\/10\/Nayg_Istva\u0301n_Storm_II_2018_119x160cm_tus-tinta-akrilfeste\u0301k-va\u0301szonra-ragasztott-transzparens-polietile\u0301n-768x587.jpg 768w, https:\/\/tiszatajonline.hu\/wp-content\/uploads\/2022\/10\/Nayg_Istva\u0301n_Storm_II_2018_119x160cm_tus-tinta-akrilfeste\u0301k-va\u0301szonra-ragasztott-transzparens-polietile\u0301n-1536x1174.jpg 1536w, https:\/\/tiszatajonline.hu\/wp-content\/uploads\/2022\/10\/Nayg_Istva\u0301n_Storm_II_2018_119x160cm_tus-tinta-akrilfeste\u0301k-va\u0301szonra-ragasztott-transzparens-polietile\u0301n-2048x1565.jpg 2048w\" data-lazy-sizes=\"(max-width: 1024px) 100vw, 1024px\" data-lazy-src=\"https:\/\/i2.wp.com\/tiszatajonline.hu\/wp-content\/uploads\/2022\/10\/Nayg_Istva\u0301n_Storm_II_2018_119x160cm_tus-tinta-akrilfeste\u0301k-va\u0301szonra-ragasztott-transzparens-polietile\u0301n-1024x783.jpg?resize=860%2C658&#038;ssl=1\" data-ll-status=\"loaded\" data-recalc-dims=\"1\" \/><\/figure>\n<p>Maya! K\u00e1pr\u00e1zat. F\u00e1tyol. A k\u00e1pr\u00e1zat ismerete, megzavar\u00e1sa, lecsendes\u00edt\u00e9se\u2026<\/p>\n<p>Ideg-rostok, erezetek szakadnak fel az elme-rendszer ezerszeresen \u00e1tgondolt (rendhagy\u00f3 \u00e9p\u00edt\u00e9szetb\u0151l \u00e9s kimondhatatlan k\u00f6lt\u00e9szetb\u0151l kimozd\u00edtott) alkot\u00e1saib\u00f3l\u2026 Kompoz\u00edci\u00f3k \u00e9s dekonstrukci\u00f3k. Old\u00e1s! Beavatott jelhagy\u00e1s, jelhagy\u00f3 beavat\u00e1s! Szellem \u00e9s intelligencia szinte l\u00e1thatatlan<span>\u00a0<\/span><em>miszt\u00e9riuma<span>\u00a0<\/span><\/em>t\u00e1rul el\u00e9nk.<\/p>\n<p>Intermezzo: a m\u0171v\u00e9sz p\u00e1rizsi m\u0171term\u00e9ben (\u00e9ben \u00e9bred\u00e9sben), a feloldott hat\u00e1rok letisztult elm\u00e9lked\u00e9s-ter(m)\u00e9ben \u2013 \u00e9ppen \u2013 Bart\u00f3k<span>\u00a0<\/span><em>Mikrokosmos-<\/em>a sz\u00f3l. A hat<span>\u00a0<\/span><em>zenei k\u00f6nyv<\/em>, a nagy kollekci\u00f3: 2 \u00f3ra, 34 perc, 28 m\u00e1sodperc\u2026 A t\u00e1volb\u00f3l (szimult\u00e1nban) az Art Zoyd<span>\u00a0<\/span><em>Nosferatu-<\/em>albuma \u00e1rad be\u2026 Azt\u00e1n cs\u00f6nd! Hatalmas Cs\u00f6nd\u2026<\/p>\n<p>Fekete b\u00e1rsonyok hasad\u00e1sa, s\u00f6t\u00e9t selymek surl\u00f3d\u00f3 sikolya, sejtelmek sisterg\u00e9se, m\u00e9lyk\u00e9k zs\u00e1k-v\u00e1sznak h\u00f6rg\u00e9se, lehelet-lila baldachin morajl\u00e1sa, elv\u00e1gy\u00f3d\u00e1sa: alagsorok f\u00e9lhom\u00e1ly\u00e1ban\u2026<\/p>\n<p>A s\u0171r\u0171s\u00e9g \u00e9s az anyagtalanba foszl\u00f3 anyag titokzatoss\u00e1ga egyar\u00e1nt vonz, bevonz\u2026\u00a0 A mozdulatlans\u00e1g fesz\u00fclet\u00e9b\u0151l kiszabad\u00edt\u00f3, az alkot\u00f3i fesz\u00fclts\u00e9get tov\u00e1bb \u00e1raszt\u00f3 energia-\u00e1raml\u00e1s: \u00e9ltet\u0151 folyamat\u2026 Entit\u00e1s.<\/p>\n<p>A m\u00e9lys\u00e9g tartalmai kil\u00e9pnek az aktu\u00e1lis id\u0151b\u0151l!<\/p>\n<p>Nayg Istv\u00e1n m\u0171v\u00e9szete, ak\u00e1r egy ismeretlen<span>\u00a0<\/span><em>koan<\/em>, ak\u00e1r egy post-po\u00e9tikai kinyilatkoztat\u00e1s: a cs\u00f6nd m\u00e9rhetetlen s\u00falya, illetve fesz\u00fclts\u00e9ggel t\u00f6lt\u00f6tt, titokzatos hallgatags\u00e1g nehezedik re\u00e1\u2026<\/p>\n<p><em>(Szolnoki M\u0171v\u00e9sztelep \u2013 Kert Gal\u00e9ria, 2022. 10. 15. \u2013 11. 11. A ki\u00e1ll\u00edt\u00e1s a Magyar Fest\u00e9szet Napja rendezv\u00e9ny r\u00e9sze)<\/em><\/p>\n<p class=\"has-text-align-right\"><strong><em>Nagy Zop\u00e1n<\/em><\/strong><\/p>\n<pre class=\"wp-block-verse\"><\/pre>\n<section class=\"gallery\">\n<div class=\"row\">\n<div class=\"col-6 col-lg-3\">\n<div>\n<div class=\"gallery__image rocket-lazyload entered lazyloaded\" data-bg=\"https:\/\/tiszatajonline.hu\/wp-content\/uploads\/2022\/10\/Nayg_Istva\u0301n_alkota\u0301sa_2022-1-300x175.png\" data-ll-status=\"loaded\"><\/div>\n<\/div>\n<\/div>\n<div class=\"col-6 col-lg-3\">\n<div>\n<div class=\"gallery__image rocket-lazyload entered lazyloaded\" data-bg=\"https:\/\/tiszatajonline.hu\/wp-content\/uploads\/2022\/10\/Nayg_Istva\u0301n_alkota\u0301sa\u0301val_2022-300x200.jpg\" data-ll-status=\"loaded\"><\/div>\n<\/div>\n<\/div>\n<div class=\"col-6 col-lg-3\">\n<div>\n<div class=\"gallery__image rocket-lazyload entered lazyloaded\" data-bg=\"https:\/\/tiszatajonline.hu\/wp-content\/uploads\/2022\/10\/Nayg_Istva\u0301n_Barba\u0301r_ta\u0301ncok_2022_fave\u0301do\u030blakk_szintetikus-hi\u0301gi\u0301to\u0301_akrilfeste\u0301k_fehe\u0301r-plu\u0308ss_fekete-ba\u0301rsony_181x141cm-201x300.jpg\" data-ll-status=\"loaded\"><\/div>\n<\/div>\n<\/div>\n<div class=\"col-6 col-lg-3\"><\/div>\n<\/div>\n<\/section>\n<\/div>","protected":false},"excerpt":{"rendered":"<p>M\u00e9lys\u00f6t\u00e9t b\u00e1rsonyok m\u00f6g\u00f6tt\u2026 NAYG ISTV\u00c1N R\u00c9SZLEGES LELT\u00c1R C\u00cdM\u0170 KI\u00c1LL\u00cdT\u00c1SA NYOM\u00c1N NAGY ZOP\u00c1N \u00cdR\u00c1SA https:\/\/tiszatajonline.hu\/kepzomuveszet\/melysotet-barsonyok-mogott\/ Nayg Istv\u00e1n alkot\u00f3i attit\u0171dj\u00e9t, munk\u00e1ss\u00e1g\u00e1t imm\u00e1r 22 \u00e9ve k\u00eds\u00e9rem figyelemmel. Igaz, hogy anyaghaszn\u00e1lata \u00e9s szimbolik\u00e1i m\u00e1r \u00e9vtizedek \u00f3ta m\u00f3dszeres, k\u00f6vetkezetes \u00e9p\u00edtkez\u00e9s \u00e1ltal: v\u00e1ltozatos-egys\u00e9ges, min\u0151s\u00e9gi \u00e9letm\u0171vet mutatnak fel, \u00e1m, itt (m\u0171elemz\u00e9sek s egy\u00e9b defin\u00edci\u00f3k helyett) mindink\u00e1bb asszoci\u00e1ci\u00f3k&hellip; <\/p>","protected":false},"author":6,"featured_media":7702,"comment_status":"open","ping_status":"open","sticky":false,"template":"","format":"standard","meta":{"spay_email":"","jetpack_publicize_message":""},"categories":[55,58,20],"tags":[],"yst_prominent_words":[],"jetpack_featured_media_url":"https:\/\/i0.wp.com\/szolnokimuvesztelep.com\/wp-content\/uploads\/2022\/10\/Screenshot-2022-10-29-at-17.38.02.png?fit=2208%2C1042","jetpack_publicize_connections":[],"yoast_head":"<!-- This site is optimized with the Yoast SEO Premium plugin v14.1 - https:\/\/yoast.com\/wordpress\/plugins\/seo\/ -->\n<title>Nagy Zop\u00e1n: M\u00e9lys\u00f6t\u00e9t b\u00e1rsonyok m\u00f6g\u00f6tt\u2026 - SZOLNOKI M\u0170V\u00c9SZTELEP<\/title>\n<meta name=\"robots\" content=\"index, follow\" \/>\n<meta name=\"googlebot\" content=\"index, follow, max-snippet:-1, max-image-preview:large, max-video-preview:-1\" \/>\n<meta name=\"bingbot\" content=\"index, follow, max-snippet:-1, max-image-preview:large, max-video-preview:-1\" \/>\n<link rel=\"canonical\" href=\"http:\/\/szolnokimuvesztelep.com\/en\/2022\/10\/29\/nagy-zopan-melysotet-barsonyok-mogott\/\" \/>\n<meta property=\"og:locale\" content=\"en_US\" \/>\n<meta property=\"og:type\" content=\"article\" \/>\n<meta property=\"og:title\" content=\"Nagy Zop\u00e1n: M\u00e9lys\u00f6t\u00e9t b\u00e1rsonyok m\u00f6g\u00f6tt\u2026 - SZOLNOKI M\u0170V\u00c9SZTELEP\" \/>\n<meta property=\"og:description\" content=\"M\u00e9lys\u00f6t\u00e9t b\u00e1rsonyok m\u00f6g\u00f6tt\u2026 NAYG ISTV\u00c1N R\u00c9SZLEGES LELT\u00c1R C\u00cdM\u0170 KI\u00c1LL\u00cdT\u00c1SA NYOM\u00c1N NAGY ZOP\u00c1N \u00cdR\u00c1SA https:\/\/tiszatajonline.hu\/kepzomuveszet\/melysotet-barsonyok-mogott\/ Nayg Istv\u00e1n alkot\u00f3i attit\u0171dj\u00e9t, munk\u00e1ss\u00e1g\u00e1t imm\u00e1r 22 \u00e9ve k\u00eds\u00e9rem figyelemmel. Igaz, hogy anyaghaszn\u00e1lata \u00e9s szimbolik\u00e1i m\u00e1r \u00e9vtizedek \u00f3ta m\u00f3dszeres, k\u00f6vetkezetes \u00e9p\u00edtkez\u00e9s \u00e1ltal: v\u00e1ltozatos-egys\u00e9ges, min\u0151s\u00e9gi \u00e9letm\u0171vet mutatnak fel, \u00e1m, itt (m\u0171elemz\u00e9sek s egy\u00e9b defin\u00edci\u00f3k helyett) mindink\u00e1bb asszoci\u00e1ci\u00f3k&hellip;\" \/>\n<meta property=\"og:url\" content=\"http:\/\/szolnokimuvesztelep.com\/en\/2022\/10\/29\/nagy-zopan-melysotet-barsonyok-mogott\/\" \/>\n<meta property=\"og:site_name\" content=\"SZOLNOKI M\u0170V\u00c9SZTELEP\" \/>\n<meta property=\"article:publisher\" content=\"https:\/\/www.facebook.com\/szolnokimuvesztelepofficial\/\" \/>\n<meta property=\"article:published_time\" content=\"2022-10-29T15:43:37+00:00\" \/>\n<meta property=\"article:modified_time\" content=\"2022-11-25T14:55:06+00:00\" \/>\n<meta property=\"og:image\" content=\"http:\/\/szolnokimuvesztelep.com\/wp-content\/uploads\/2022\/10\/Screenshot-2022-10-29-at-17.38.02-1024x483.png\" \/>\n\t<meta property=\"og:image:width\" content=\"1024\" \/>\n\t<meta property=\"og:image:height\" content=\"483\" \/>\n<script type=\"application\/ld+json\" class=\"yoast-schema-graph\">{\"@context\":\"https:\/\/schema.org\",\"@graph\":[{\"@type\":\"Organization\",\"@id\":\"http:\/\/szolnokimuvesztelep.com\/en\/#organization\",\"name\":\"Szolnoki M\\u0171v\\u00e9sztelep\",\"url\":\"http:\/\/szolnokimuvesztelep.com\/en\/\",\"sameAs\":[\"https:\/\/www.facebook.com\/szolnokimuvesztelepofficial\/\",\"https:\/\/www.instagram.com\/szolnoki_muvesztelep\/\",\"https:\/\/www.youtube.com\/channel\/UCAYRF4A8FrslG3J__XEjEoA\",\"https:\/\/hu.wikipedia.org\/wiki\/Szolnoki_m\\u0171v\\u00e9sztelep\"],\"logo\":{\"@type\":\"ImageObject\",\"@id\":\"http:\/\/szolnokimuvesztelep.com\/en\/#logo\",\"inLanguage\":\"en-US\",\"url\":\"https:\/\/i0.wp.com\/szolnokimuvesztelep.com\/wp-content\/uploads\/2020\/05\/szmt_2019_szlogen_psz-01.png?fit=2242%2C863\",\"width\":2242,\"height\":863,\"caption\":\"Szolnoki M\\u0171v\\u00e9sztelep\"},\"image\":{\"@id\":\"http:\/\/szolnokimuvesztelep.com\/en\/#logo\"}},{\"@type\":\"WebSite\",\"@id\":\"http:\/\/szolnokimuvesztelep.com\/en\/#website\",\"url\":\"http:\/\/szolnokimuvesztelep.com\/en\/\",\"name\":\"SZOLNOKI M\\u0170V\\u00c9SZTELEP\",\"description\":\"Meg\\u00fajul\\u00f3 hagyom\\u00e1ny\",\"publisher\":{\"@id\":\"http:\/\/szolnokimuvesztelep.com\/en\/#organization\"},\"potentialAction\":[{\"@type\":\"SearchAction\",\"target\":\"http:\/\/szolnokimuvesztelep.com\/en\/?s={search_term_string}\",\"query-input\":\"required name=search_term_string\"}],\"inLanguage\":\"en-US\"},{\"@type\":\"ImageObject\",\"@id\":\"http:\/\/szolnokimuvesztelep.com\/2022\/10\/29\/nagy-zopan-melysotet-barsonyok-mogott\/#primaryimage\",\"inLanguage\":\"en-US\",\"url\":\"https:\/\/i0.wp.com\/szolnokimuvesztelep.com\/wp-content\/uploads\/2022\/10\/Screenshot-2022-10-29-at-17.38.02.png?fit=2208%2C1042\",\"width\":2208,\"height\":1042},{\"@type\":\"WebPage\",\"@id\":\"http:\/\/szolnokimuvesztelep.com\/2022\/10\/29\/nagy-zopan-melysotet-barsonyok-mogott\/#webpage\",\"url\":\"http:\/\/szolnokimuvesztelep.com\/2022\/10\/29\/nagy-zopan-melysotet-barsonyok-mogott\/\",\"name\":\"Nagy Zop\\u00e1n: M\\u00e9lys\\u00f6t\\u00e9t b\\u00e1rsonyok m\\u00f6g\\u00f6tt\\u2026 - SZOLNOKI M\\u0170V\\u00c9SZTELEP\",\"isPartOf\":{\"@id\":\"http:\/\/szolnokimuvesztelep.com\/en\/#website\"},\"primaryImageOfPage\":{\"@id\":\"http:\/\/szolnokimuvesztelep.com\/2022\/10\/29\/nagy-zopan-melysotet-barsonyok-mogott\/#primaryimage\"},\"datePublished\":\"2022-10-29T15:43:37+00:00\",\"dateModified\":\"2022-11-25T14:55:06+00:00\",\"inLanguage\":\"en-US\",\"potentialAction\":[{\"@type\":\"ReadAction\",\"target\":[\"http:\/\/szolnokimuvesztelep.com\/2022\/10\/29\/nagy-zopan-melysotet-barsonyok-mogott\/\"]}]},{\"@type\":\"Article\",\"@id\":\"http:\/\/szolnokimuvesztelep.com\/2022\/10\/29\/nagy-zopan-melysotet-barsonyok-mogott\/#article\",\"isPartOf\":{\"@id\":\"http:\/\/szolnokimuvesztelep.com\/2022\/10\/29\/nagy-zopan-melysotet-barsonyok-mogott\/#webpage\"},\"author\":{\"@id\":\"http:\/\/szolnokimuvesztelep.com\/en\/#\/schema\/person\/455817b7faaefdc309af6d6d95453700\"},\"headline\":\"Nagy Zop\\u00e1n: M\\u00e9lys\\u00f6t\\u00e9t b\\u00e1rsonyok m\\u00f6g\\u00f6tt\\u2026\",\"datePublished\":\"2022-10-29T15:43:37+00:00\",\"dateModified\":\"2022-11-25T14:55:06+00:00\",\"commentCount\":0,\"mainEntityOfPage\":{\"@id\":\"http:\/\/szolnokimuvesztelep.com\/2022\/10\/29\/nagy-zopan-melysotet-barsonyok-mogott\/#webpage\"},\"publisher\":{\"@id\":\"http:\/\/szolnokimuvesztelep.com\/en\/#organization\"},\"image\":{\"@id\":\"http:\/\/szolnokimuvesztelep.com\/2022\/10\/29\/nagy-zopan-melysotet-barsonyok-mogott\/#primaryimage\"},\"articleSection\":\"Arch\\u00edv,H\\u00edrek,Publik\\u00e1ci\\u00f3k\",\"inLanguage\":\"en-US\",\"potentialAction\":[{\"@type\":\"CommentAction\",\"name\":\"Comment\",\"target\":[\"http:\/\/szolnokimuvesztelep.com\/2022\/10\/29\/nagy-zopan-melysotet-barsonyok-mogott\/#respond\"]}]},{\"@type\":[\"Person\"],\"@id\":\"http:\/\/szolnokimuvesztelep.com\/en\/#\/schema\/person\/455817b7faaefdc309af6d6d95453700\",\"name\":\"Cselle Judit\",\"image\":{\"@type\":\"ImageObject\",\"@id\":\"http:\/\/szolnokimuvesztelep.com\/en\/#personlogo\",\"inLanguage\":\"en-US\",\"url\":\"http:\/\/0.gravatar.com\/avatar\/3eb98182a1cc7aad03ba91a0145855ba?s=96&d=mm&r=g\",\"caption\":\"Cselle Judit\"}}]}<\/script>\n<!-- \/ Yoast SEO Premium plugin. -->","jetpack_sharing_enabled":true,"jetpack_shortlink":"https:\/\/wp.me\/p9tpmR-20d","jetpack_likes_enabled":true,"jetpack-related-posts":[],"_links":{"self":[{"href":"http:\/\/szolnokimuvesztelep.com\/en\/wp-json\/wp\/v2\/posts\/7701"}],"collection":[{"href":"http:\/\/szolnokimuvesztelep.com\/en\/wp-json\/wp\/v2\/posts"}],"about":[{"href":"http:\/\/szolnokimuvesztelep.com\/en\/wp-json\/wp\/v2\/types\/post"}],"author":[{"embeddable":true,"href":"http:\/\/szolnokimuvesztelep.com\/en\/wp-json\/wp\/v2\/users\/6"}],"replies":[{"embeddable":true,"href":"http:\/\/szolnokimuvesztelep.com\/en\/wp-json\/wp\/v2\/comments?post=7701"}],"version-history":[{"count":1,"href":"http:\/\/szolnokimuvesztelep.com\/en\/wp-json\/wp\/v2\/posts\/7701\/revisions"}],"predecessor-version":[{"id":7703,"href":"http:\/\/szolnokimuvesztelep.com\/en\/wp-json\/wp\/v2\/posts\/7701\/revisions\/7703"}],"wp:featuredmedia":[{"embeddable":true,"href":"http:\/\/szolnokimuvesztelep.com\/en\/wp-json\/wp\/v2\/media\/7702"}],"wp:attachment":[{"href":"http:\/\/szolnokimuvesztelep.com\/en\/wp-json\/wp\/v2\/media?parent=7701"}],"wp:term":[{"taxonomy":"category","embeddable":true,"href":"http:\/\/szolnokimuvesztelep.com\/en\/wp-json\/wp\/v2\/categories?post=7701"},{"taxonomy":"post_tag","embeddable":true,"href":"http:\/\/szolnokimuvesztelep.com\/en\/wp-json\/wp\/v2\/tags?post=7701"},{"taxonomy":"yst_prominent_words","embeddable":true,"href":"http:\/\/szolnokimuvesztelep.com\/en\/wp-json\/wp\/v2\/yst_prominent_words?post=7701"}],"curies":[{"name":"wp","href":"https:\/\/api.w.org\/{rel}","templated":true}]}}