{"id":7688,"date":"2022-10-24T09:38:55","date_gmt":"2022-10-24T09:38:55","guid":{"rendered":"http:\/\/szolnokimuvesztelep.com\/?p=7688"},"modified":"2022-11-26T08:17:20","modified_gmt":"2022-11-26T08:17:20","slug":"a-120-eves-szolnoki-muvesztelep-kortars-muveszeti-kiallitasa-a-cegledi-galeriaban","status":"publish","type":"post","link":"http:\/\/szolnokimuvesztelep.com\/en\/2022\/10\/24\/a-120-eves-szolnoki-muvesztelep-kortars-muveszeti-kiallitasa-a-cegledi-galeriaban\/","title":{"rendered":"A 120 \u00e9ves Szolnoki M\u0171v\u00e9sztelep kort\u00e1rs m\u0171v\u00e9szeti ki\u00e1ll\u00edt\u00e1sa a Cegl\u00e9di Gal\u00e9ri\u00e1ban"},"content":{"rendered":"<p class=\"p1\">A Kossuth M\u0171vel\u0151d\u00e9si K\u00f6zpont megh\u00edvja \u00d6nt \u00e9s kedves csal\u00e1dj\u00e1t a<br \/>\n<b>120 \u00c9VES A SZOLNOKI M\u0170V\u00c9SZTELEP<br \/>\n<\/b>c\u00edm\u0171 ki\u00e1ll\u00edt\u00e1s megnyit\u00f3 \u00fcnneps\u00e9g\u00e9re<\/p>\n<p class=\"p1\"><b>Helysz\u00edn<br \/>\n<\/b>Cegl\u00e9di Gal\u00e9ria (Cegl\u00e9d, Kossuth t\u00e9r 5\/A.)<\/p>\n<p class=\"p3\"><b>Id\u0151pont<br \/>\n<\/b>2022. okt\u00f3ber 28., p\u00e9ntek 17.00 \u00f3ra<\/p>\n<p class=\"p3\"><b>K\u00f6sz\u00f6nt\u0151t mond<span class=\"Apple-converted-space\"><br \/>\n<\/span><\/b>K\u00f3nya \u00c1gnes Cegl\u00e9d V\u00e1ros \u00d6nkorm\u00e1nyzata Hum\u00e1n Bizotts\u00e1g\u00e1nak eln\u00f6ke<\/p>\n<p class=\"p3\"><b>Megnyitja<span class=\"Apple-converted-space\"><br \/>\n<\/span><\/b>Verebes Gy\u00f6rgy Munk\u00e1csy-d\u00edjas fest\u0151m\u0171v\u00e9sz, a Szolnoki M\u0171v\u00e9sztelep m\u0171v\u00e9szeti vezet\u0151je<\/p>\n<p class=\"p3\"><b>Git\u00e1ron k\u00f6zrem\u0171k\u00f6dik<br \/>\n<\/b>Volter K\u00e1lm\u00e1n a Cegl\u00e9di Erkel Ferenc AMI tan\u00e1ra<\/p>\n<p class=\"p1\"><b>Ki\u00e1ll\u00edt\u00f3 m\u0171v\u00e9szek<br \/>\n<\/b>Bar\u00e1th F\u00e1bi\u00e1n, Debreczeni Fanni, Fazekas Magdolna, Nagy D\u00e9nes, Nagy Katalin Matild, Kecs\u0151 Endre, Kir\u00e1ly Gy\u00f6rgy, Pog\u00e1ny G\u00e1bor Ben\u0151, Posta M\u00e1t\u00e9, R\u00e9vi Norbert, Sinka P\u00e9ter, Soosur Georgius, Szab\u00f3 \u00c1gnes, Szab\u00f3 Gy\u00f6rgy, Verebes Gy\u00f6rgy<\/p>\n<p class=\"p2\"><b>Megtekinthet\u0151<br \/>\n<\/b>2022. november 18-ig (H-P.: 10.00-18.00)<\/p>\n<p class=\"p3\"><b>Tov\u00e1bbi inform\u00e1ci\u00f3<br \/>\n<\/b>Kossuth M\u0171vel\u0151d\u00e9si K\u00f6zpont<span class=\"Apple-converted-space\">\u00a0 <\/span>I<span class=\"Apple-converted-space\">\u00a0 <\/span>2700 Cegl\u00e9d, Kossuth t\u00e9r 5\/A.<br \/>\nkozma.ildiko@cegledikultura.hu<span class=\"Apple-converted-space\">\u00a0 <\/span>I<span class=\"Apple-converted-space\">\u00a0 <\/span>www.cegledikultura.hu<span class=\"Apple-converted-space\">\u00a0 <\/span>I<span class=\"Apple-converted-space\">\u00a0 <\/span>Facebook.com\/cegledigaleria<\/p>\n<p>&nbsp;<\/p>\n<p><img data-attachment-id=\"7694\" data-permalink=\"http:\/\/szolnokimuvesztelep.com\/en\/2022\/10\/24\/a-120-eves-szolnoki-muvesztelep-kortars-muveszeti-kiallitasa-a-cegledi-galeriaban\/meghivo_cegledigaleria_szolnokimuvesztelep-2\/\" data-orig-file=\"https:\/\/i1.wp.com\/szolnokimuvesztelep.com\/wp-content\/uploads\/2022\/10\/Meghivo_CeglediGaleria_SzolnokiMuvesztelep-1.jpg?fit=1240%2C856\" data-orig-size=\"1240,856\" data-comments-opened=\"1\" data-image-meta=\"{&quot;aperture&quot;:&quot;0&quot;,&quot;credit&quot;:&quot;&quot;,&quot;camera&quot;:&quot;&quot;,&quot;caption&quot;:&quot;&quot;,&quot;created_timestamp&quot;:&quot;0&quot;,&quot;copyright&quot;:&quot;&quot;,&quot;focal_length&quot;:&quot;0&quot;,&quot;iso&quot;:&quot;0&quot;,&quot;shutter_speed&quot;:&quot;0&quot;,&quot;title&quot;:&quot;&quot;,&quot;orientation&quot;:&quot;0&quot;}\" data-image-title=\"Meghivo_CeglediGaleria_SzolnokiMuvesztelep\" data-image-description=\"\" data-medium-file=\"https:\/\/i1.wp.com\/szolnokimuvesztelep.com\/wp-content\/uploads\/2022\/10\/Meghivo_CeglediGaleria_SzolnokiMuvesztelep-1.jpg?fit=300%2C207\" data-large-file=\"https:\/\/i1.wp.com\/szolnokimuvesztelep.com\/wp-content\/uploads\/2022\/10\/Meghivo_CeglediGaleria_SzolnokiMuvesztelep-1.jpg?fit=790%2C545\" loading=\"lazy\" class=\"alignnone size-full wp-image-7694\" src=\"https:\/\/i1.wp.com\/szolnokimuvesztelep.com\/wp-content\/uploads\/2022\/10\/Meghivo_CeglediGaleria_SzolnokiMuvesztelep-1.jpg?resize=860%2C594\" alt=\"\" width=\"860\" height=\"594\" srcset=\"https:\/\/i1.wp.com\/szolnokimuvesztelep.com\/wp-content\/uploads\/2022\/10\/Meghivo_CeglediGaleria_SzolnokiMuvesztelep-1.jpg?w=1240 1240w, https:\/\/i1.wp.com\/szolnokimuvesztelep.com\/wp-content\/uploads\/2022\/10\/Meghivo_CeglediGaleria_SzolnokiMuvesztelep-1.jpg?resize=300%2C207 300w, https:\/\/i1.wp.com\/szolnokimuvesztelep.com\/wp-content\/uploads\/2022\/10\/Meghivo_CeglediGaleria_SzolnokiMuvesztelep-1.jpg?resize=1024%2C707 1024w, https:\/\/i1.wp.com\/szolnokimuvesztelep.com\/wp-content\/uploads\/2022\/10\/Meghivo_CeglediGaleria_SzolnokiMuvesztelep-1.jpg?resize=768%2C530 768w\" sizes=\"(max-width: 860px) 100vw, 860px\" data-recalc-dims=\"1\" \/><\/p>","protected":false},"excerpt":{"rendered":"<p>A Kossuth M\u0171vel\u0151d\u00e9si K\u00f6zpont megh\u00edvja \u00d6nt \u00e9s kedves csal\u00e1dj\u00e1t a 120 \u00c9VES A SZOLNOKI M\u0170V\u00c9SZTELEP c\u00edm\u0171 ki\u00e1ll\u00edt\u00e1s megnyit\u00f3 \u00fcnneps\u00e9g\u00e9re Helysz\u00edn Cegl\u00e9di Gal\u00e9ria (Cegl\u00e9d, Kossuth t\u00e9r 5\/A.) Id\u0151pont 2022. okt\u00f3ber 28., p\u00e9ntek 17.00 \u00f3ra K\u00f6sz\u00f6nt\u0151t mond K\u00f3nya \u00c1gnes Cegl\u00e9d V\u00e1ros \u00d6nkorm\u00e1nyzata Hum\u00e1n Bizotts\u00e1g\u00e1nak eln\u00f6ke Megnyitja Verebes Gy\u00f6rgy Munk\u00e1csy-d\u00edjas fest\u0151m\u0171v\u00e9sz, a Szolnoki&hellip; <\/p>","protected":false},"author":6,"featured_media":7692,"comment_status":"open","ping_status":"open","sticky":false,"template":"","format":"standard","meta":{"spay_email":"","jetpack_publicize_message":""},"categories":[55,58],"tags":[],"yst_prominent_words":[],"jetpack_featured_media_url":"https:\/\/i0.wp.com\/szolnokimuvesztelep.com\/wp-content\/uploads\/2022\/10\/szmt_honlap_slider_cegledi_kiallitas2.jpg?fit=1244%2C460","jetpack_publicize_connections":[],"yoast_head":"<!-- This site is optimized with the Yoast SEO Premium plugin v14.1 - https:\/\/yoast.com\/wordpress\/plugins\/seo\/ -->\n<title>A 120 \u00e9ves Szolnoki M\u0171v\u00e9sztelep kort\u00e1rs m\u0171v\u00e9szeti ki\u00e1ll\u00edt\u00e1sa a Cegl\u00e9di Gal\u00e9ri\u00e1ban - SZOLNOKI M\u0170V\u00c9SZTELEP<\/title>\n<meta name=\"robots\" content=\"index, follow\" \/>\n<meta name=\"googlebot\" content=\"index, follow, max-snippet:-1, max-image-preview:large, max-video-preview:-1\" \/>\n<meta name=\"bingbot\" content=\"index, follow, max-snippet:-1, max-image-preview:large, max-video-preview:-1\" \/>\n<link rel=\"canonical\" href=\"http:\/\/szolnokimuvesztelep.com\/en\/2022\/10\/24\/a-120-eves-szolnoki-muvesztelep-kortars-muveszeti-kiallitasa-a-cegledi-galeriaban\/\" \/>\n<meta property=\"og:locale\" content=\"en_US\" \/>\n<meta property=\"og:type\" content=\"article\" \/>\n<meta property=\"og:title\" content=\"A 120 \u00e9ves Szolnoki M\u0171v\u00e9sztelep kort\u00e1rs m\u0171v\u00e9szeti ki\u00e1ll\u00edt\u00e1sa a Cegl\u00e9di Gal\u00e9ri\u00e1ban - SZOLNOKI M\u0170V\u00c9SZTELEP\" \/>\n<meta property=\"og:description\" content=\"A Kossuth M\u0171vel\u0151d\u00e9si K\u00f6zpont megh\u00edvja \u00d6nt \u00e9s kedves csal\u00e1dj\u00e1t a 120 \u00c9VES A SZOLNOKI M\u0170V\u00c9SZTELEP c\u00edm\u0171 ki\u00e1ll\u00edt\u00e1s megnyit\u00f3 \u00fcnneps\u00e9g\u00e9re Helysz\u00edn Cegl\u00e9di Gal\u00e9ria (Cegl\u00e9d, Kossuth t\u00e9r 5\/A.) Id\u0151pont 2022. okt\u00f3ber 28., p\u00e9ntek 17.00 \u00f3ra K\u00f6sz\u00f6nt\u0151t mond K\u00f3nya \u00c1gnes Cegl\u00e9d V\u00e1ros \u00d6nkorm\u00e1nyzata Hum\u00e1n Bizotts\u00e1g\u00e1nak eln\u00f6ke Megnyitja Verebes Gy\u00f6rgy Munk\u00e1csy-d\u00edjas fest\u0151m\u0171v\u00e9sz, a Szolnoki&hellip;\" \/>\n<meta property=\"og:url\" content=\"http:\/\/szolnokimuvesztelep.com\/en\/2022\/10\/24\/a-120-eves-szolnoki-muvesztelep-kortars-muveszeti-kiallitasa-a-cegledi-galeriaban\/\" \/>\n<meta property=\"og:site_name\" content=\"SZOLNOKI M\u0170V\u00c9SZTELEP\" \/>\n<meta property=\"article:publisher\" content=\"https:\/\/www.facebook.com\/szolnokimuvesztelepofficial\/\" \/>\n<meta property=\"article:published_time\" content=\"2022-10-24T09:38:55+00:00\" \/>\n<meta property=\"article:modified_time\" content=\"2022-11-26T08:17:20+00:00\" \/>\n<meta property=\"og:image\" content=\"https:\/\/i0.wp.com\/szolnokimuvesztelep.com\/wp-content\/uploads\/2022\/10\/szmt_honlap_slider_cegledi_kiallitas2.jpg?fit=1244%2C460\" \/>\n\t<meta property=\"og:image:width\" content=\"1244\" \/>\n\t<meta property=\"og:image:height\" content=\"460\" \/>\n<script type=\"application\/ld+json\" class=\"yoast-schema-graph\">{\"@context\":\"https:\/\/schema.org\",\"@graph\":[{\"@type\":\"Organization\",\"@id\":\"http:\/\/szolnokimuvesztelep.com\/en\/#organization\",\"name\":\"Szolnoki M\\u0171v\\u00e9sztelep\",\"url\":\"http:\/\/szolnokimuvesztelep.com\/en\/\",\"sameAs\":[\"https:\/\/www.facebook.com\/szolnokimuvesztelepofficial\/\",\"https:\/\/www.instagram.com\/szolnoki_muvesztelep\/\",\"https:\/\/www.youtube.com\/channel\/UCAYRF4A8FrslG3J__XEjEoA\",\"https:\/\/hu.wikipedia.org\/wiki\/Szolnoki_m\\u0171v\\u00e9sztelep\"],\"logo\":{\"@type\":\"ImageObject\",\"@id\":\"http:\/\/szolnokimuvesztelep.com\/en\/#logo\",\"inLanguage\":\"en-US\",\"url\":\"https:\/\/i0.wp.com\/szolnokimuvesztelep.com\/wp-content\/uploads\/2020\/05\/szmt_2019_szlogen_psz-01.png?fit=2242%2C863\",\"width\":2242,\"height\":863,\"caption\":\"Szolnoki M\\u0171v\\u00e9sztelep\"},\"image\":{\"@id\":\"http:\/\/szolnokimuvesztelep.com\/en\/#logo\"}},{\"@type\":\"WebSite\",\"@id\":\"http:\/\/szolnokimuvesztelep.com\/en\/#website\",\"url\":\"http:\/\/szolnokimuvesztelep.com\/en\/\",\"name\":\"SZOLNOKI M\\u0170V\\u00c9SZTELEP\",\"description\":\"Meg\\u00fajul\\u00f3 hagyom\\u00e1ny\",\"publisher\":{\"@id\":\"http:\/\/szolnokimuvesztelep.com\/en\/#organization\"},\"potentialAction\":[{\"@type\":\"SearchAction\",\"target\":\"http:\/\/szolnokimuvesztelep.com\/en\/?s={search_term_string}\",\"query-input\":\"required name=search_term_string\"}],\"inLanguage\":\"en-US\"},{\"@type\":\"ImageObject\",\"@id\":\"http:\/\/szolnokimuvesztelep.com\/2022\/10\/24\/a-120-eves-szolnoki-muvesztelep-kortars-muveszeti-kiallitasa-a-cegledi-galeriaban\/#primaryimage\",\"inLanguage\":\"en-US\",\"url\":\"https:\/\/i0.wp.com\/szolnokimuvesztelep.com\/wp-content\/uploads\/2022\/10\/szmt_honlap_slider_cegledi_kiallitas2.jpg?fit=1244%2C460\",\"width\":1244,\"height\":460},{\"@type\":\"WebPage\",\"@id\":\"http:\/\/szolnokimuvesztelep.com\/2022\/10\/24\/a-120-eves-szolnoki-muvesztelep-kortars-muveszeti-kiallitasa-a-cegledi-galeriaban\/#webpage\",\"url\":\"http:\/\/szolnokimuvesztelep.com\/2022\/10\/24\/a-120-eves-szolnoki-muvesztelep-kortars-muveszeti-kiallitasa-a-cegledi-galeriaban\/\",\"name\":\"A 120 \\u00e9ves Szolnoki M\\u0171v\\u00e9sztelep kort\\u00e1rs m\\u0171v\\u00e9szeti ki\\u00e1ll\\u00edt\\u00e1sa a Cegl\\u00e9di Gal\\u00e9ri\\u00e1ban - SZOLNOKI M\\u0170V\\u00c9SZTELEP\",\"isPartOf\":{\"@id\":\"http:\/\/szolnokimuvesztelep.com\/en\/#website\"},\"primaryImageOfPage\":{\"@id\":\"http:\/\/szolnokimuvesztelep.com\/2022\/10\/24\/a-120-eves-szolnoki-muvesztelep-kortars-muveszeti-kiallitasa-a-cegledi-galeriaban\/#primaryimage\"},\"datePublished\":\"2022-10-24T09:38:55+00:00\",\"dateModified\":\"2022-11-26T08:17:20+00:00\",\"inLanguage\":\"en-US\",\"potentialAction\":[{\"@type\":\"ReadAction\",\"target\":[\"http:\/\/szolnokimuvesztelep.com\/2022\/10\/24\/a-120-eves-szolnoki-muvesztelep-kortars-muveszeti-kiallitasa-a-cegledi-galeriaban\/\"]}]},{\"@type\":\"Article\",\"@id\":\"http:\/\/szolnokimuvesztelep.com\/2022\/10\/24\/a-120-eves-szolnoki-muvesztelep-kortars-muveszeti-kiallitasa-a-cegledi-galeriaban\/#article\",\"isPartOf\":{\"@id\":\"http:\/\/szolnokimuvesztelep.com\/2022\/10\/24\/a-120-eves-szolnoki-muvesztelep-kortars-muveszeti-kiallitasa-a-cegledi-galeriaban\/#webpage\"},\"author\":{\"@id\":\"http:\/\/szolnokimuvesztelep.com\/en\/#\/schema\/person\/455817b7faaefdc309af6d6d95453700\"},\"headline\":\"A 120 \\u00e9ves Szolnoki M\\u0171v\\u00e9sztelep kort\\u00e1rs m\\u0171v\\u00e9szeti ki\\u00e1ll\\u00edt\\u00e1sa a Cegl\\u00e9di Gal\\u00e9ri\\u00e1ban\",\"datePublished\":\"2022-10-24T09:38:55+00:00\",\"dateModified\":\"2022-11-26T08:17:20+00:00\",\"commentCount\":0,\"mainEntityOfPage\":{\"@id\":\"http:\/\/szolnokimuvesztelep.com\/2022\/10\/24\/a-120-eves-szolnoki-muvesztelep-kortars-muveszeti-kiallitasa-a-cegledi-galeriaban\/#webpage\"},\"publisher\":{\"@id\":\"http:\/\/szolnokimuvesztelep.com\/en\/#organization\"},\"image\":{\"@id\":\"http:\/\/szolnokimuvesztelep.com\/2022\/10\/24\/a-120-eves-szolnoki-muvesztelep-kortars-muveszeti-kiallitasa-a-cegledi-galeriaban\/#primaryimage\"},\"articleSection\":\"Arch\\u00edv,H\\u00edrek\",\"inLanguage\":\"en-US\",\"potentialAction\":[{\"@type\":\"CommentAction\",\"name\":\"Comment\",\"target\":[\"http:\/\/szolnokimuvesztelep.com\/2022\/10\/24\/a-120-eves-szolnoki-muvesztelep-kortars-muveszeti-kiallitasa-a-cegledi-galeriaban\/#respond\"]}]},{\"@type\":[\"Person\"],\"@id\":\"http:\/\/szolnokimuvesztelep.com\/en\/#\/schema\/person\/455817b7faaefdc309af6d6d95453700\",\"name\":\"Cselle Judit\",\"image\":{\"@type\":\"ImageObject\",\"@id\":\"http:\/\/szolnokimuvesztelep.com\/en\/#personlogo\",\"inLanguage\":\"en-US\",\"url\":\"http:\/\/0.gravatar.com\/avatar\/3eb98182a1cc7aad03ba91a0145855ba?s=96&d=mm&r=g\",\"caption\":\"Cselle Judit\"}}]}<\/script>\n<!-- \/ Yoast SEO Premium plugin. -->","jetpack_sharing_enabled":true,"jetpack_shortlink":"https:\/\/wp.me\/p9tpmR-200","jetpack_likes_enabled":true,"jetpack-related-posts":[],"_links":{"self":[{"href":"http:\/\/szolnokimuvesztelep.com\/en\/wp-json\/wp\/v2\/posts\/7688"}],"collection":[{"href":"http:\/\/szolnokimuvesztelep.com\/en\/wp-json\/wp\/v2\/posts"}],"about":[{"href":"http:\/\/szolnokimuvesztelep.com\/en\/wp-json\/wp\/v2\/types\/post"}],"author":[{"embeddable":true,"href":"http:\/\/szolnokimuvesztelep.com\/en\/wp-json\/wp\/v2\/users\/6"}],"replies":[{"embeddable":true,"href":"http:\/\/szolnokimuvesztelep.com\/en\/wp-json\/wp\/v2\/comments?post=7688"}],"version-history":[{"count":3,"href":"http:\/\/szolnokimuvesztelep.com\/en\/wp-json\/wp\/v2\/posts\/7688\/revisions"}],"predecessor-version":[{"id":7695,"href":"http:\/\/szolnokimuvesztelep.com\/en\/wp-json\/wp\/v2\/posts\/7688\/revisions\/7695"}],"wp:featuredmedia":[{"embeddable":true,"href":"http:\/\/szolnokimuvesztelep.com\/en\/wp-json\/wp\/v2\/media\/7692"}],"wp:attachment":[{"href":"http:\/\/szolnokimuvesztelep.com\/en\/wp-json\/wp\/v2\/media?parent=7688"}],"wp:term":[{"taxonomy":"category","embeddable":true,"href":"http:\/\/szolnokimuvesztelep.com\/en\/wp-json\/wp\/v2\/categories?post=7688"},{"taxonomy":"post_tag","embeddable":true,"href":"http:\/\/szolnokimuvesztelep.com\/en\/wp-json\/wp\/v2\/tags?post=7688"},{"taxonomy":"yst_prominent_words","embeddable":true,"href":"http:\/\/szolnokimuvesztelep.com\/en\/wp-json\/wp\/v2\/yst_prominent_words?post=7688"}],"curies":[{"name":"wp","href":"https:\/\/api.w.org\/{rel}","templated":true}]}}