{"id":7666,"date":"2022-10-14T19:06:36","date_gmt":"2022-10-14T19:06:36","guid":{"rendered":"http:\/\/szolnokimuvesztelep.com\/?p=7666"},"modified":"2022-11-24T11:03:29","modified_gmt":"2022-11-24T11:03:29","slug":"nayg-istvan-festomuvesz-reszleges-tarlat-cimu-kiallitasa","status":"publish","type":"post","link":"http:\/\/szolnokimuvesztelep.com\/en\/2022\/10\/14\/nayg-istvan-festomuvesz-reszleges-tarlat-cimu-kiallitasa\/","title":{"rendered":"Nayg Istv\u00e1n fest\u0151m\u0171v\u00e9sz R\u00e9szleges lelt\u00e1r c\u00edm\u0171 ki\u00e1ll\u00edt\u00e1sa &#8211; november 26-ig"},"content":{"rendered":"<p><img data-attachment-id=\"7669\" data-permalink=\"http:\/\/szolnokimuvesztelep.com\/en\/2022\/10\/14\/nayg-istvan-festomuvesz-reszleges-tarlat-cimu-kiallitasa\/nayg_istvan_onarckep-01\/\" data-orig-file=\"https:\/\/i2.wp.com\/szolnokimuvesztelep.com\/wp-content\/uploads\/2022\/10\/NAYG_Istvan_onarckep-01.jpg?fit=864%2C576\" data-orig-size=\"864,576\" data-comments-opened=\"1\" data-image-meta=\"{&quot;aperture&quot;:&quot;4&quot;,&quot;credit&quot;:&quot;&quot;,&quot;camera&quot;:&quot;NIKON D5300&quot;,&quot;caption&quot;:&quot;&quot;,&quot;created_timestamp&quot;:&quot;1646401618&quot;,&quot;copyright&quot;:&quot;&quot;,&quot;focal_length&quot;:&quot;30&quot;,&quot;iso&quot;:&quot;800&quot;,&quot;shutter_speed&quot;:&quot;0.005&quot;,&quot;title&quot;:&quot;&quot;,&quot;orientation&quot;:&quot;1&quot;}\" data-image-title=\"NAYG_Istvan_onarckep-01\" data-image-description=\"\" data-medium-file=\"https:\/\/i2.wp.com\/szolnokimuvesztelep.com\/wp-content\/uploads\/2022\/10\/NAYG_Istvan_onarckep-01.jpg?fit=300%2C200\" data-large-file=\"https:\/\/i2.wp.com\/szolnokimuvesztelep.com\/wp-content\/uploads\/2022\/10\/NAYG_Istvan_onarckep-01.jpg?fit=790%2C527\" loading=\"lazy\" class=\"alignnone wp-image-7669\" src=\"https:\/\/i2.wp.com\/szolnokimuvesztelep.com\/wp-content\/uploads\/2022\/10\/NAYG_Istvan_onarckep-01.jpg?resize=423%2C282\" alt=\"\" width=\"423\" height=\"282\" srcset=\"https:\/\/i2.wp.com\/szolnokimuvesztelep.com\/wp-content\/uploads\/2022\/10\/NAYG_Istvan_onarckep-01.jpg?w=864 864w, https:\/\/i2.wp.com\/szolnokimuvesztelep.com\/wp-content\/uploads\/2022\/10\/NAYG_Istvan_onarckep-01.jpg?resize=300%2C200 300w, https:\/\/i2.wp.com\/szolnokimuvesztelep.com\/wp-content\/uploads\/2022\/10\/NAYG_Istvan_onarckep-01.jpg?resize=768%2C512 768w\" sizes=\"(max-width: 423px) 100vw, 423px\" data-recalc-dims=\"1\" \/><\/p>\n<p class=\"p1\"><b>NAYG ISTV\u00c1N<\/b><span class=\"s1\"><span class=\"Apple-converted-space\">\u00a0<\/span><\/span><\/p>\n<p class=\"p4\">1951-ben sz\u00fcletett Budapesten, Budapesten \u00e9l \u00e9s dolgozik.<br \/>\n1983-87<span class=\"Apple-converted-space\">\u00a0 <\/span>k\u00f6z\u00f6tt v\u00e9gezte tanulm\u00e1nyait<span class=\"Apple-converted-space\">\u00a0 <\/span>a<span class=\"Apple-converted-space\">\u00a0 <\/span>Magyar<span class=\"Apple-converted-space\">\u00a0 <\/span>K\u00e9pz\u0151m\u0171v\u00e9szeti<span class=\"Apple-converted-space\">\u00a0 <\/span>F\u0151iskol\u00e1n, Sv\u00e1by Lajos oszt\u00e1ly\u00e1n.<br \/>\n1987-89<span class=\"Apple-converted-space\">\u00a0 <\/span>Posztgradu\u00e1lis k\u00e9pz\u00e9s, T\u00f6lg -Moln\u00e1r Zolt\u00e1n oszt\u00e1ly\u00e1n.<br \/>\n1987-t\u0151l\u00a0 tagja a Magyar Alkot\u00f3m\u0171v\u00e9szek Orsz\u00e1gos Egyes\u00fclet\u00e9nek<br \/>\n1991<span class=\"Apple-converted-space\">\u00a0 <\/span>Egyik alap\u00edt\u00f3 tagja a Block Csoportnak<br \/>\n2015-t\u0151l tagja a Le G\u00e9nie de la Bastille p\u00e1rizsi k\u00e9pz\u0151m\u0171v\u00e9szeti t\u00e1rsas\u00e1gnak<\/p>\n<p class=\"p4\"><span class=\"s2\"><b>D\u00cdJAK, \u00d6SZT\u00d6ND\u00cdJAK \/ PRIZES, AWARDS<\/b><\/span><\/p>\n<p class=\"p4\">2021 <span class=\"Apple-converted-space\">\u00a0 <\/span>Szolnoki M\u0171v\u00e9sztelep Kert Gal\u00e9ria D\u00edja<br \/>\n2017 <span class=\"Apple-converted-space\">\u00a0 <\/span>Magyar M\u0171v\u00e9szeti Akad\u00e9mia Meggyes L\u00e1szl\u00f3 d\u00edja<br \/>\n2008 <span class=\"Apple-converted-space\">\u00a0 <\/span>Munk\u00e1csy Mih\u00e1ly &#8211; d\u00edj<br \/>\n2006 <span class=\"Apple-converted-space\">\u00a0 <\/span>Budapest-Frankfurt v\u00e1rosok k\u00f6z\u00f6tti csereprogram k\u00e9th\u00f3napos \u00f6szt\u00f6nd\u00edja,<span class=\"Apple-converted-space\">\u00a0<\/span>Frankfurt am Main, N\u00e9metorsz\u00e1g <span class=\"Apple-converted-space\"><br \/>\n<\/span>2003 <span class=\"Apple-converted-space\">\u00a0 <\/span>R\u00f3mai Magyar Akad\u00e9mia k\u00e9th\u00f3napos \u00f6szt\u00f6nd\u00edja, Olaszorsz\u00e1g<br \/>\n1996 <span class=\"Apple-converted-space\">\u00a0 <\/span>Virginia Center for the Creative Arts<span class=\"Apple-converted-space\">\u00a0 <\/span>egyh\u00f3napos \u00f6szt\u00f6nd\u00edja.<span class=\"Apple-converted-space\">\u00a0 <\/span>U.S.A.<br \/>\n1987 <span class=\"Apple-converted-space\">\u00a0 <\/span>Herman Lip\u00f3t- d\u00edj.<\/p>\n<p class=\"p4\"><span class=\"s2\"><b>K\u00dcLF\u00d6LDI SZIMP\u00d3ZIUMOK<\/b><\/span><\/p>\n<p class=\"p4\">2022<br \/>\nCORRENS <i>d\u00e9lfranciaorsz\u00e1g<\/i><span class=\"Apple-converted-space\">\u00a0<\/span>V. BOKROS SYMPOSIUM <i>I\u017ea, Slovakia<\/i><\/p>\n<p class=\"p4\">2019<span class=\"Apple-converted-space\"><br \/>\n<\/span>ARANYKERT 2019 <i>Dunaszerdahely\/Szlov\u00e1kia<\/i><span class=\"Apple-converted-space\"><br \/>\n<\/span>V. BOKROS SYMPOSIUM <i>I\u017ea, Slovakia<\/i><\/p>\n<p>2018<br \/>\nARANYKERT 2018 <i>Dunaszerdahely, Szlov\u00e1kia<\/i><br \/>\nIV. BOKROS SYMPOSIUM <i>I\u017ea, Slovakia<\/i><br \/>\nVILLENEUV LA COMTESE \/France<\/p>\n<p>2017\/18<span class=\"Apple-converted-space\"><br \/>\n<\/span>FRESH WINDS <i>International Art Biennale, Gar\u00f0ur\/Izland (1 h\u00f3nap)<br \/>\n<\/i><br \/>\n2017<span class=\"Apple-converted-space\"><br \/>\n<\/span>III. BOKROS SZIMP\u00d3ZIUM<span class=\"Apple-converted-space\">\u00a0 <\/span><i>Szlov\u00e1kia<\/i><\/p>\n<p class=\"p4\">2015<br \/>\nIII. INTERNATIONAL YALOVA ARTBIENNIAL <i>Yalova \/T\u00f6r\u00f6korsz\u00e1g (1 h\u00f3nap)<\/i><\/p>\n<p class=\"p4\">2013\/14<br \/>\nFRESH WINDS <i>International Art Biennale, Gar\u00f0ur\/Izland (1 h\u00f3nap)<\/i><\/p>\n<p class=\"p4\">2013<br \/>\nII. INTERNATIONAL YALOVA ARTBIENNIAL <i>Yalova \/T\u00f6r\u00f6korsz\u00e1g (1 h\u00f3nap<\/i><\/p>\n<p class=\"p4\">2010<br \/>\nI. INTERNATIONAL YALOVA ARTBIENNIAL <i>Yalova\/T\u00f6r\u00f6korsz\u00e1g (1 h\u00f3nap)<\/i><\/p>\n<p class=\"p4\">1991<br \/>\nMAOE \u00e9s az Orosz K\u00e9pz\u0151m\u0171v\u00e9szek Sz\u00f6vets\u00e9g\u00e9nek csereprogramja, <i>Moszkva-Tarussa, Oroszorsz\u00e1g (1 h\u00f3nap)<\/i><\/p>\n<p class=\"p4\"><span class=\"s2\"><b>EGY\u00c9NI KI\u00c1LL\u00cdT\u00c1SOK \/ ONE MAN EXHIBITIONS<\/b><\/span><\/p>\n<p class=\"p4\">2021<br \/>\nTERRES ET CIMAISES <i>(Danielle Loiselel\/P\u00e1rizs, \u00e9s Gaelle Guingant-Convert\/Salies, fr.)<\/i><span class=\"Apple-converted-space\"><br \/>\n<\/span><i>Galerie le G\u00e9nie de la Bastille, P\u00e1rizs<\/i><\/p>\n<p class=\"p6\">2020<span class=\"Apple-converted-space\"><br \/>\n<\/span>POINT DE RECONTRE <i>(Danielle Loiselel \u00e9s Jean-Jacques Lapoirevel) Galerie le G\u00e9nie de la Bastille, P\u00e1rizs<\/i><\/p>\n<p class=\"p4\">2018<br \/>\nJONCTION <i>(Danielle Loiselel\/Paris-Karl Menzennel\/Berlin) Galerie le G\u00e9nie de la Bastille, Paris\/ Franciaorsz\u00e1g<\/i><\/p>\n<p class=\"p4\">2018<br \/>\nKONTRASZT (Explicite-Implicite) <i>Csokonai M\u0171vel\u0151d\u00e9si H\u00e1z, Budapest<\/i><\/p>\n<p class=\"p4\">2016<br \/>\nCONTRASTE et CONVERGENCE <i>(Danielle Loisellel) Galerie le G\u00e9nie de la Bastille, P\u00e1rzs\/Franciaorsz\u00e1g<\/i><\/p>\n<p class=\"p4\">2015<br \/>\nKONTRASZT <i>Paksi K\u00e9pt\u00e1r, Paks<\/i><\/p>\n<p class=\"p4\">2011<br \/>\n6&#215;10 Kellergalerie<i>, B\u00e9cs \/ Ausztria<\/i><\/p>\n<p class=\"p4\">2010<br \/>\nDE FACTO <i>Nagy Balogh J\u00e1nos Ki\u00e1ll\u00edt\u00f3 terem, Budapest<\/i><\/p>\n<p class=\"p4\">2010<br \/>\nNAYG ISTV\u00c1N&amp;SEBESTY\u00c9N ZOLT\u00c1N <i>Duna Televizi\u00f3 aul\u00e1ja, Budapest<\/i><\/p>\n<p class=\"p4\">2009<span class=\"Apple-converted-space\"><br \/>\n<\/span>DISSZONANCIA <i>Magyar M\u0171hely Gal\u00e9ria, Budapest<\/i><\/p>\n<p class=\"p4\">2006<br \/>\nKETT\u0150SS\u00c9G <i>Nagy Balogh J\u00e1nos Ki\u00e1ll\u00edt\u00f3 Terem, Budapest \/Dob\u00f3 Krisztin\u00e1val<\/i><\/p>\n<p class=\"p4\">2005<br \/>\nSZEMBES\u00cdT\u00c9S <i>Ernst M\u00fazeum Dorottya Gal\u00e9ri\u00e1ja, Budapest<\/i><\/p>\n<p class=\"p4\">1998<br \/>\nBLACK RIVER <i>F\u00e9szek Gal\u00e9ria, Budapest<\/i> <span class=\"Apple-converted-space\">\u00a0<\/span><\/p>\n<p class=\"p4\">1997<br \/>\nSZ\u00c9TT\u00d6RT DARABOK <i>Duna Gal\u00e9ria, Budapest<\/i><\/p>\n<p class=\"p4\">1995<br \/>\nKATONA ZOLT\u00c1N&amp;NAYG ISTV\u00c1N <i>Bercs\u00e9nyi Koll\u00e9gium, Budapest \/Katona Zolt\u00e1nnal\/<\/i><\/p>\n<p class=\"p4\">1993<br \/>\nSZ\u00c1RAZ LEVEG\u0150 <i>Fiatal M\u0171v\u00e9szek Klubja, Budapest<\/i><\/p>\n<p class=\"p4\">1989<br \/>\nHORDAL\u00c9KOK <i>Magyar K\u00e9pz\u0151m\u0171v\u00e9szeti F\u0151iskola Barcsay Terem, Budapest<\/i><\/p>\n<p class=\"p8\"><strong><span class=\"s2\"><br \/>\nCSOPORTOS KI\u00c1LL\u00cdT\u00c1SOK \/ GROUP EXHIBITIONS<\/span><\/strong><\/p>\n<p class=\"p8\">2022<br \/>\nV. BOKROS SYMPOSIUM<span class=\"Apple-converted-space\">\u00a0<\/span><i> Kom\u00e1rn\u00f3i Er\u0151d\/ Szlov\u00e1kia<span class=\"Apple-converted-space\"><br \/>\n<\/span><\/i>A K\u00c9TELY ILLATA <i>MAM\u0170 \u00e9s MMG Gal\u00e9ria, Budapest<br \/>\n<\/i>1. ARANYV\u00d6LG M\u0170V\u00c9SZTELEP KI\u00c1LL\u00cdT\u00c1SA <i>Bart\u00f3k 1 Gal\u00e9ria, Budapest<br \/>\n<\/i>SANSZ\/CHANCE<span class=\"s3\"> <i>Francia-Magyar k\u00e9pz\u0151m\u0171v\u00e9szek ki\u00e1ll\u00edt\u00e1sa, <\/i><\/span><i>MAM\u0170 Gal\u00e9ria, Budapest<\/i><\/p>\n<p class=\"p8\">2021<br \/>\nMINIS <i>Galerie le G\u00e9nie de la Bastille, P\u00e1rizs.<span class=\"Apple-converted-space\"><br \/>\n<\/span><\/i>PART <i>Szolnoki K\u00e9pz\u0151m\u0171v\u00e9szeti T\u00e1rsas\u00e1g Ki\u00e1ll\u00edt\u00e1sa, Aba-Nov\u00e1k Ag\u00f3ra Kultur\u00e1lis K\u00f6zpont.<br \/>\n<\/i>LE G\u00c9NIE DU DESSIN <i>Galerie le G\u00e9nie de la Bastille, P\u00e1rizs.<br \/>\n<\/i>LE G\u00c9NIE DES JARDINS<i> szabadt\u00e9ri install\u00e1ci\u00f3,Danielle Loisellel,<span class=\"Apple-converted-space\">\u00a0 <\/span>Square Maurice Gardette, \u00e9s a \u00a0<\/i><i>G\u00e9nie de la Bastille Gal\u00e9ri\u00e1ban, P\u00e1rizs.<\/i><\/p>\n<p class=\"p8\">2020<br \/>\nLe G\u00e9nie en Libert\u00e9, <i>Galerie le G\u00e9nie de la Bastille, P\u00e1rizs<span class=\"Apple-converted-space\"><br \/>\n<\/span><\/i>MINI\/MAX<span class=\"s3\"> <\/span><i>Galerie le G\u00e9nie de la Bastille, P\u00e1rizs\/Franciaorsz\u00e1g<br \/>\n<\/i>L\u2019IMPROMTUE II.<i> Galerie le G\u00e9nie de la Bastille, P\u00e1rizs\/Franciaorsz\u00e1g<br \/>\n<\/i>SZABADJ\u00c1T\u00c9K II. <i>K\u00e9pz\u0151m\u0171v\u00e9szeti Nemzeti Szalon, M\u0171csarnok, Budapest<br \/>\n<\/i>IN.-FRA. <i>Galerie Romain Rolland, Alliance France, New Delhi\/India<\/i><\/p>\n<p class=\"p8\">2019<br \/>\nMINIS <i>Galerie le G\u00e9nie de la Bastille, P\u00e1rizs\/Franciaorsz\u00e1g<br \/>\n<\/i>Le G\u00e9nie du Dessin<span class=\"Apple-converted-space\">\u00a0 <\/span><i>Atelier de Jean Chazy, P\u00e1rizs<\/i><\/p>\n<p class=\"p8\">2018<br \/>\nMINIS <i>Galerie le G\u00e9nie de la Bastille, P\u00e1rizs\/Franciaorsz\u00e1g<br \/>\n<\/i>LE VENT SOUFFLE <i>Cit\u00e9 Internationale des Arts, P\u00e1rizs<\/i><span class=\"Apple-converted-space\"><br \/>\n<\/span>FRESH WINDS <i>The International Art Biennale, Gar\u00f0ur\/Izland<\/i><\/p>\n<p class=\"p8\">2017<br \/>\nMINIS <i>Galerie le G\u00e9nie de la Bastille, P\u00e1rizs\/Franciaorsz\u00e1g<br \/>\n<\/i>HYBRIDES <i>Espace Commines, Paris<br \/>\n<\/i>ART MARKET BUDAPEST <i>Nemzetk\u00f6zi Kort\u00e1rs K\u00e9pz\u0151m\u0171v\u00e9szeti V\u00e1s\u00e1r, MILLEN\u00c1RIS, Budapest<br \/>\n<\/i>LIMES <i>Szolnoki K\u00e9pz\u0151m\u0171v\u00e9szeti T\u00e1rsas\u00e1g Ki\u00e1ll\u00edt\u00e1sa, Szolnoki Gal\u00e9ria, Szolnok<br \/>\n<\/i>A L\u00c1TSZAT CSAL-DER SCHEIN TR\u00dcGT <i>Budapest Gal\u00e9ria Lajos utcai Ki\u00e1ll\u00edt\u00f3h\u00e1za, Budapest<br \/>\n<\/i>HOFFMANN- GY\u0170JTEM\u00c9NY <i>Kivonat az az ezredfordul\u00f3 magyar k\u00e9pz\u0151m\u0171v\u00e9szet\u00e9b\u0151l<\/i>, <i>1985-2015<span class=\"Apple-converted-space\"> \u00a0<\/span><\/i><i>M\u0171csarnok, Budapest<br \/>\n<\/i>4 ARTISTES EUROP\u00c9ENS <i>Galerie le G\u00e9nie de la Bastille, P\u00e1rizs \/Franciaorsz\u00e1g<\/i><\/p>\n<p class=\"p8\">2016<br \/>\nMINIS <i>Galerie le G\u00e9nie de la Bastille, P\u00e1rizs \/Franciaorsz\u00e1g<br \/>\n<\/i>FEKET\u00c9N FEH\u00c9REN FEKET\u00c9N <i>Vajda Lajos St\u00fadi\u00f3, Szentendre<\/i><\/p>\n<p class=\"p8\">2015<br \/>\nDER SCHEIN TR\u00dcGT\/ A L\u00c1TSZAT CSAL <i>K\u00fcnstlerhaus, Wien<br \/>\n<\/i>3. YALOVA BIENN\u00c1L\u00c9<span class=\"Apple-converted-space\">\u00a0<\/span><span class=\"s4\"> <\/span><i>Bakirk\u00f6y Belediye Ba\u015fkanli\u011di, Isztambul \/T\u00f6r\u00f6korsz\u00e1g. Merkez, Yalova\/T\u00f6r\u00f6korsz\u00e1g<br \/>\n<\/i>ITT \u00c9S MOST <i>Nemzeti Szalon, M\u0171csarnok, Budapest<br \/>\n<\/i>REFLEX <i>Szolnoki K\u00e9pz\u0151m\u0171v\u00e9szeti T\u00e1rsas\u00e1g Ki\u00e1ll\u00edt\u00e1sa, Szolnoki Gal\u00e9ria, Szolnok<\/i><\/p>\n<p class=\"p8\">2014<br \/>\nFRESH WINDS <i>International Art Biennale, Gar\u00f0ur\/Izland<br \/>\n<\/i>K\u00c9P-T\u00c1R-H\u00c1Z S<i>zombathelyi K\u00e9pt\u00e1r, Szombathely<br \/>\n<\/i>BUDAPEST-P\u00c1RIZS <i>Galerie le G\u00e9nie de la Bastille, P\u00e1rizs<br \/>\n<\/i>FOLY\u00d3 <i>Szolnoki K\u00e9pz\u0151m\u0171v\u00e9szeti T\u00e1rsas\u00e1g Ki\u00e1ll\u00edt\u00e1sa, Szolnoki Gal\u00e9ria, Szolnok<\/i><\/p>\n<p class=\"p8\">2013<br \/>\nASTROLOGY&amp;ARTS <i>Mistogalerie, and Sl\u00e9v\u00e1rna Va\u0148kovka, Brno\/Csehorsz\u00e1g<br \/>\n<\/i>\u00d6RZ\u0150K <i>Szolnoki Gal\u00e9ria, Szolnok<br \/>\n<\/i>II. INTERNATIONALYALOVAARTBIENNIAL <i>Yalova Belediyesi KentM\u00fczes\u00ed, Yalova\/T\u00f6r\u00f6korsz\u00e1g<br \/>\n<\/i>I. ID\u0150-F\u00dcGG\u00c9SEK \/TIMP-DEPENDEN\u0162E \/ TIME-DEPENDENCE<span class=\"Apple-converted-space\">\u00a0<\/span><i>Marosv\u00e1s\u00e1rhely \/ T\u00e2rgu-Mure\u015f [RO] Bern\u00e1dy H\u00e1z \/ Kult\u00farpalota, A \u00e9p\u00fcletr\u00e9sz<span class=\"Apple-converted-space\"><br \/>\n<\/span><\/i>II. ID\u0150-F\u00dcGG\u00c9SEK \/TIMP-DEPENDEN\u0162E \/ TIME-DEPENDENCE II.<br \/>\n<i>Sepsiszentgy\u00f6rgy \/ Sf\u00e2ntu Gheorghe [RO]<span class=\"Apple-converted-space\">\u00a0 <\/span>MAGMA Kort\u00e1rs M\u0171v\u00e9szeti Ki\u00e1ll\u00edt\u00f3t\u00e9r\/<span class=\"Apple-converted-space\"><br \/>\n<\/span><\/i>III. ID\u0150-F\u00dcGG\u00c9SEK <i>Laczk\u00f3 Dezs\u0151 M\u00fazeum, Veszpr\u00e9m<\/i><\/p>\n<p class=\"p8\">2012<br \/>\nITT ARTicum Szolnoki Bienn\u00e1l\u00e9, Szolnoki K\u00e9pz\u0151m\u0171v\u00e9szeti T\u00e1rsas\u00e1g ki\u00e1ll\u00edt\u00e1sa, Szolnoki M\u0171v\u00e9sztelep<br \/>\nSZENTENDRE A PALOT\u00c1BAN <i>Marosv\u00e1s\u00e1rhelyi Kult\u00farpalota<\/i><\/p>\n<p class=\"p8\">2011<br \/>\nUTOLS\u00d3 PILLANATBAN <i>Sklen\u00e1 Louka-I M\u00edstogalerie (V\u00e1rosi Gal\u00e9ria) Brno\/Cseorsz\u00e1g<br \/>\n<\/i>Szolnoki K\u00e9pz\u0151m\u0171v\u00e9szeti T\u00e1rsas\u00e1g Megalakul\u00f3 Ki\u00e1ll\u00edt\u00e1sa,<i> Szolnoki Gal\u00e9ria, Szolnok<\/i><\/p>\n<p class=\"p8\">2010<br \/>\nC\u00cdM N\u00c9LK\u00dcL <i>Christa Wenzl gy\u0171jtem\u00e9ny, Francia Int\u00e9zet, Budapest<br \/>\n<\/i>SWOP II. <i>Budapest-Berlin, Budapest Gal\u00e9ria Lajos utcai Ki\u00e1ll\u00edt\u00f3h\u00e1za, Budapest<br \/>\n<\/i>I. INTERNATIONALYALOVAARTBIENNIAL <i>Yalova\/T\u00f6r\u00f6korsz\u00e1g<\/i><\/p>\n<p class=\"p8\">2009<br \/>\nCOUP D\u2019OEIL \/MEGL\u00c1TNI <i>Hoffman Istv\u00e1n gy\u0171jtem\u00e9ny, Francia Int\u00e9zet, Budapest<\/i><\/p>\n<p class=\"p8\">2008<br \/>\nSWOP Budapest- Berlin,<i> Haus am Kleistpark, Berlin\/N\u00e9metorsz\u00e1g<\/i><\/p>\n<p class=\"p8\">2007<br \/>\nTEREPSZEMLE II.<span class=\"Apple-converted-space\">\u00a0 <\/span><i>Debreceni Nemzetk\u00f6zi M\u0171v\u00e9sztelep, K\u00f6lcsey K\u00f6zpont, Debrecen<\/i><\/p>\n<p class=\"p8\">2006<br \/>\nROMA IN MINIATURA <i>a R\u00f3mai Magyar Akad\u00e9mia \u00f6szt\u00f6nd\u00edjasainak ki\u00e1ll\u00edt\u00e1sa,<br \/>\n<\/i><i>R\u00f3mai Magyar Akad\u00e9mia, R\u00f3ma\/Olaszorsz\u00e1g<\/i><\/p>\n<p class=\"p8\">2003<br \/>\nR\u00daZS <i>Szombathelyi K\u00e9pt\u00e1r, Szombathely<br \/>\n<\/i>V\u00cdZSZINTES P\u00c1LY\u00c1K<span class=\"Apple-converted-space\">\u00a0 <\/span><i>Szentendrei R\u00e9gi M\u0171v\u00e9sztelepi Gal\u00e9ria, Szentendre<br \/>\n<\/i>G\u00c1TL\u00c1STALAN TISZTAS\u00c1G SPECI\u00c1LIS BIZONYTALANS\u00c1G <i>Vajda Lajos St\u00fadi\u00f3 Pincem\u0171hely, Szentendre<br \/>\n<\/i>RONCS <i>Szombathelyi K\u00e9pt\u00e1r, Szombathely<\/i><\/p>\n<p class=\"p8\">2001<br \/>\n90-ES \u00c9VEK III.<span class=\"Apple-converted-space\">\u00a0 <\/span><i>V\u00e1rosi M\u0171v\u00e9szeti M\u00fazeum, Gy\u0151r<\/i><\/p>\n<p class=\"p8\">2000<br \/>\nATELIERS OUVERTS \u00c1 L EUROPE-LE G\u00c9NIE DE LA BASTILLE <i>P\u00e1rizs\/Franciaorsz\u00e1g <span class=\"Apple-converted-space\"><br \/>\n<\/span><\/i>DIAL\u00d3GUS <i>Fest\u00e9szet az ezredfordul\u00f3n, M\u0171csarnok, Budapest<\/i><\/p>\n<p class=\"p8\">1999<br \/>\nA 90 &#8211; ES \u00c9VEK<span class=\"Apple-converted-space\">\u00a0 <\/span><i>\u00daj Gy\u0171jtem\u00e9ny. V\u00e1rosi M\u0171v\u00e9szeti M\u00fazeum K\u00e9pt\u00e1ra, Gy\u0151r<\/i><\/p>\n<p class=\"p8\">1997<br \/>\n\u201e\u00e1tH\u00cdDal\u00e1s\u201d<span class=\"Apple-converted-space\">\u00a0 <\/span><i>Duna M\u00fazeum-Eur\u00f3pai K\u00f6z\u00e9p Gal\u00e9ria, Esztergom<span class=\"Apple-converted-space\">\u00a0 \u00a0 \u00a0 \u00a0 \u00a0 \u00a0 \u00a0 \u00a0 \u00a0 \u00a0 \u00a0 \u00a0 \u00a0 \u00a0 \u00a0 \u00a0 \u00a0 \u00a0 \u00a0 \u00a0 \u00a0 \u00a0 \u00a0 \u00a0 \u00a0 \u00a0 \u00a0 \u00a0 \u00a0 <\/span><\/i>OLAJ\/V\u00c1SZON <i>Mai magyar fest\u00e9szet, M\u0171csarnok, Budapest<\/i><\/p>\n<p class=\"p8\">1996<br \/>\nKORT\u00c1RS MAGYAR GAL\u00c9RIA ALAP\u00cdTV\u00c1NY KI\u00c1LL\u00cdT\u00c1SA<span class=\"Apple-converted-space\">\u00a0 <\/span><i>Dunaszerdahely\/Szlov\u00e1kia<br \/>\n<\/i>H\u00cdD<span class=\"Apple-converted-space\">\u00a0 <\/span>Tilos <i>K\u00e1v\u00e9z\u00f3, Cs\u00edkszereda\/Rom\u00e1nia<\/i><span class=\"Apple-converted-space\"><br \/>\n<\/span>MAM\u0170 KI\u00c1LL\u00cdT\u00c1S <i>Kort\u00e1rs M\u0171v\u00e9szeti Gal\u00e9ria \u00e9s K\u00e9pt\u00e1r, Gy\u0151r<\/i><\/p>\n<p class=\"p8\">1995<br \/>\nMINIATUR <i>Galerie Am Damm, Drezda\/N\u00e9metorsz\u00e1g<br \/>\n<\/i>SOMMERFEST <i>(Install\u00e1ci\u00f3 \u00e9s performance Sebesty\u00e9n Zolt\u00e1nnal) K\u00fcnstlerhaus Schloss, Wiepersdorf\/N\u00e9metorsz\u00e1g<\/i><span class=\"Apple-converted-space\">\u00a0<\/span><\/p>\n<p class=\"p8\">1994<br \/>\nALL&amp;TAG <i>(Install\u00e1ci\u00f3 Sebesty\u00e9n Zolt\u00e1nnal) Galerie Rahnitzgasse, Drezda\/N\u00e9metorsz\u00e1g<\/i><span class=\"Apple-converted-space\"><br \/>\n<\/span>80-AS<span class=\"Apple-converted-space\">\u00a0 <\/span>\u00c9VEK K\u00c9PZ\u0150M\u0170V\u00c9SZET<span class=\"Apple-converted-space\">\u00a0 <\/span><i>Ernst M\u00fazeum, Budapes<\/i><\/p>\n<p class=\"p8\">1993<br \/>\nELEVEN HAL <i>Taidemuseo, Rauma\/Finnorsz\u00e1g<br \/>\n<\/i>HUNGARIAN<span class=\"Apple-converted-space\">\u00a0 <\/span>INVITATIONAL <i>Schik Art Gallery, Saratoga Springs\/ U.S.A.<\/i><\/p>\n<p class=\"p8\">1992<br \/>\nRESERVOIR <i>Kunstwerkstatt, Tulln \u00e9s Donauraum, Wien\/Ausztria<\/i><\/p>\n<p class=\"p8\">1991<br \/>\n7L\u00c9T <i>Fiatal M\u0171v\u00e9szek Klubja, Budapest<span class=\"Apple-converted-space\"><br \/>\n<\/span><\/i>ALLER ART <i>Galerie 68elf, K\u00f6ln\/N\u00e9metorsz\u00e1g<br \/>\n<\/i>MAGYAR-OROSZ K\u00c9PZ\u0150M\u0170V\u00c9SZEK K\u00d6Z\u00d6S KI\u00c1LL\u00cdT\u00c1SA<span class=\"Apple-converted-space\">\u00a0 <\/span><i>Magyar Kultur\u00e1lis Int\u00e9zet,\u00a0<\/i><i>Moszkva\/Oroszorsz\u00e1g<br \/>\n<\/i>EMBLEMATIKUS T\u00d6REKV\u00c9SEK I.<span class=\"Apple-converted-space\">\u00a0 <\/span><i>Budapest Gal\u00e9ria Ki\u00e1ll\u00edt\u00f3h\u00e1za, Budapest<\/i><\/p>\n<p class=\"p8\">1990<br \/>\nLIEBLINGSBILDEN \/J\u00d3 MEL\u00d3M<span class=\"Apple-converted-space\">\u00a0 <\/span>B\u00e9cs-Budapest-K\u00f6ln,<span class=\"Apple-converted-space\">\u00a0<\/span><i> Galerie Cult, B\u00e9cs\/Ausztria,<span class=\"Apple-converted-space\"><br \/>\n<\/span><\/i><i>Margitszigeti V\u00edztorony, Budapest, Galeria 68elf, K\u00f6ln\/N\u00e9metorsz\u00e1g<br \/>\n<\/i>ECCE HOMO <i>Vajda Lajos St\u00fadi\u00f3, Szentendre<br \/>\n<\/i>UNGARSK SAMTIDSKUNST <i>Galleriet Senterseiskapet, Bergen, Norv\u00e9gia<\/i><\/p>\n<p class=\"p8\">1987<br \/>\nALTERNAT\u00cdV 9X2 <i>Magyar \u00c9p\u00edt\u0151m\u0171v\u00e9szek Sz\u00e9kh\u00e1za, Budapest<\/i><\/p>\n<p class=\"p9\">1986<br \/>\nPLEIN AIR<i> K\u00e9pz\u0151m\u0171v\u00e9szeti F\u0151iskola, Budapest<\/i><\/p>\n<p>&nbsp;<\/p>\n<p class=\"p9\"><b>KI\u00c1LL\u00cdT\u00c1SOK A BLOCK CSOPORTTAL<\/b><\/p>\n<p class=\"p9\">2022<br \/>\nBEYOND CODE&amp;TIME <i>Spazio Thetis Palazzia Modelli, Arsenale Nord-Venice\/Olaszorsz\u00e1g<\/i><\/p>\n<p class=\"p9\">2019<br \/>\nK\u00c9P(ZAVART)K\u00c9P <i>(Block csoport \u00f6n\u00e1ll\u00f3 ki\u00e1ll\u00edt\u00e1sa) Mam\u0171 Gal\u00e9ria Budapest<\/i><\/p>\n<p class=\"p9\">2015<br \/>\nA TEST EML\u00c9KEZETE <i>Paksi K\u00e9pt\u00e1r, Paks (A Block Csoport \u00f6n\u00e1ll\u00f3 ki\u00e1ll\u00edt\u00e1sa)<\/i><\/p>\n<p class=\"p9\">2012<br \/>\nCHEAP IMITATION &#8211; SECOND HAND <i>Block Csoport &amp; Franti\u0161ek Lozinski o.p.s. (cz) ki\u00e1ll\u00edt\u00e1sa,<span class=\"Apple-converted-space\">\u00a0<\/span><\/i><i>Gal\u00e9ria umenia Ernesta Zmet\u00e1ka, \u00c9rsek\u00fajv\u00e1r\/Szlov\u00e1kia<\/i><\/p>\n<p class=\"p9\">2011<br \/>\nSECOND HAND <i>(A Block csoport \u00f6n\u00e1ll\u00f3 ki\u00e1ll\u00edt\u00e1sa) Galerie G99 Brno\/Csehorsz\u00e1g<\/i><\/p>\n<p class=\"p9\">2010<br \/>\nMEDIATIONS BIENNALE \u2013ERASED WALLS <i>(Install\u00e1ci\u00f3 a Block Csoporttal) Poznan\/Poland.<\/i><\/p>\n<p class=\"p9\">2007<br \/>\nTOLERANCIA-INTOLERANCIA <i>(A Block Csoport \u00f6n\u00e1ll\u00f3 ki\u00e1ll\u00edt\u00e1sa \u00e9s performansz<br \/>\n<\/i><i>Pika Nagy \u00c1rp\u00e1ddal, Sebesty\u00e9n Zolt\u00e1nnal)<span class=\"Apple-converted-space\">\u00a0 <\/span>Sepsiszentgy\u00f6rgy\/Rom\u00e1nia<\/i><\/p>\n<p class=\"p9\">2006<br \/>\nGRUPPE BLOCK <i>(A Block Csoport \u00f6n\u00e1ll\u00f3 ki\u00e1ll\u00edt\u00e1sa) Feuerwache, Drezda\/N\u00e9metorsz\u00e1g<\/i><\/p>\n<p class=\"p9\">2004<br \/>\nL\u00c1THAT\u00d3 VAGY L\u00c1THATATLAN <i>(A Block Csoport \u00f6n\u00e1ll\u00f3 ki\u00e1ll\u00edt\u00e1sa) F\u0151v\u00e1rosi K\u00e9pt\u00e1r, Templomt\u00e9r,<span class=\"Apple-converted-space\">\u00a0<\/span><\/i><i>Kiscelli M\u00fazeum, Budapest.<br \/>\n<\/i>PENTATON <i>(A Block Csoport \u00f6n\u00e1ll\u00f3 ki\u00e1ll\u00edt\u00e1sa) IF M\u00fazeum Inner Spaces, Poznan\/Lengyelorsz\u00e1g<br \/>\n<\/i>CSEND\u00c9LETEK <i>(Install\u00e1ci\u00f3 a Block Csoporttal) Ernst M\u00fazeum, Budapest.<\/i><\/p>\n<p class=\"p9\">2002<br \/>\nR.A.U.M. CITYBRACHE <i>Nemzetk\u00f6zi projekt a parlagon hagyott k\u00f6ztereken.(Szabadt\u00e9ri <\/i><i>install\u00e1ci\u00f3 a Block Csoporttal), Drezda\/N\u00e9metorsz\u00e1g<br \/>\n<\/i>SAKKH\u00daZ\u00c1S<span class=\"Apple-converted-space\">\u00a0 <\/span><i>(Nemzetk\u00f6zi Performance Tal\u00e1lkoz\u00f3 a Block Csoport szervez\u00e9s\u00e9vel \u00e9s r\u00e9szv\u00e9tel\u00e9vel) <\/i><i>Ernst M\u00fazeum, Budapest<\/i><\/p>\n<p class=\"p9\">2001<span class=\"Apple-converted-space\"><br \/>\n<\/span>MET\u00c1L-VELVET <i>(A Block Csoport \u00f6n\u00e1ll\u00f3 ki\u00e1ll\u00edt\u00e1sa) Monostori Er\u0151d, Kom\u00e1rom<span class=\"Apple-converted-space\"><br \/>\n<\/span><\/i>TRANSFINIT <i>(A Block Csoport \u00f6n\u00e1ll\u00f3 ki\u00e1ll\u00edt\u00e1sa) Berlini Magyar Nagyk\u00f6vets\u00e9g, Berlin\/N\u00e9metorsz\u00e1g<\/i><\/p>\n<p class=\"p9\">2000<br \/>\nSIMULATION <i>(A Block csoport \u00f6n\u00e1ll\u00f3 ki\u00e1ll\u00edt\u00e1sa) Simultanhalle, K\u00f6ln\/N\u00e9metorsz\u00e1g<br \/>\n<\/i>\u201eB\u201d ID\u0150<span class=\"Apple-converted-space\">\u00a0 <\/span><i>(A Block csoport \u00f6n\u00e1ll\u00f3 ki\u00e1ll\u00edt\u00e1sa)<span class=\"Apple-converted-space\">\u00a0 <\/span>Ernst M\u00fazeum, Budapest<\/i><span class=\"Apple-converted-space\">\u00a0<\/span><\/p>\n<p class=\"p9\">1999<br \/>\nMETAL SIGNAL &#8211; F\u00c9M JELZ\u00c9S<span class=\"Apple-converted-space\">\u00a0<\/span><i> (Install\u00e1ci\u00f3 a Block csoporttal ) Nemzetk\u00f6zi Szobr\u00e1szati <\/i><i>Ki\u00e1ll\u00edt\u00e1s, M\u0171csarnok, Budapest<br \/>\n<\/i>ILLUSION \u00c9S ILLUMINATION <i>(Install\u00e1ci\u00f3 a Block Csoporttal)<span class=\"Apple-converted-space\">\u00a0 <\/span>Inner Spaces, Multim\u00e9dia, Galeria U Jezuit\u00f3w, <\/i><i>Poznan\/Lengyelorsz\u00e1g<br \/>\n<\/i>ELT\u00dcN\u00c9S <i>(Install\u00e1ci\u00f3 a Block Csoporttal)<span class=\"Apple-converted-space\">\u00a0 <\/span>Junger Kunst aus Budapest, Galerie Barakk, Berlin\/N\u00e9metorsz\u00e1g<\/i><\/p>\n<p class=\"p9\">1998<br \/>\nSZIMUL\u00c1CI\u00d3 <i>(A Block Csoport \u00f6n\u00e1ll\u00f3 ki\u00e1ll\u00edt\u00e1sa) Vigad\u00f3 Gal\u00e9ria, Budapest<br \/>\n<\/i>5. INTERNATIONAL SYMPOZIUM. LANDSCAPE ART &#8211; PROJECT \u201998. <i>(Install\u00e1ci\u00f3 \u00e9s performance<span class=\"Apple-converted-space\">\u00a0<\/span><\/i><i>a Block Csoporttal) Wachtberg,\/Ausztria<\/i><\/p>\n<p class=\"p9\">1997<br \/>\nPONTATLAN H\u00cdREK<i> (Install\u00e1ci\u00f3 a Block csoporttal) Vajda Lajos Pince, Szentendre<br \/>\n<\/i>BLOCK-OUT <i>(A Block Csoport \u00f6n\u00e1ll\u00f3 ki\u00e1ll\u00edt\u00e1sa) Cz\u00f3bel Gal\u00e9ria, Krist\u00e1ly Kast\u00e9ly, Hatvan<span class=\"Apple-converted-space\">\u00a0<\/span><\/i><\/p>\n<p class=\"p9\">1996<br \/>\nTHORAX <i>(A Block Csoport \u00f6n\u00e1ll\u00f3 ki\u00e1ll\u00edt\u00e1sa) \u00edfa Gal\u00e9ria, Berlin\/N\u00e9metorsz\u00e1g<\/i><\/p>\n<p class=\"p9\">1995<br \/>\nHELYZETK\u00c9P<span class=\"Apple-converted-space\">\u00a0 <\/span><i>Magyar Szobr\u00e1szat (Install\u00e1ci\u00f3 a Block csoporttal), M\u0171csarnok, Budapest<br \/>\n<\/i>TEST N\u00c9LK\u00dcL J\u00d3 <i>(A Block Csoport install\u00e1ci\u00f3ja \u00e9s performance a TV.<br \/>\n<\/i><i>\/H\/arck\u00e9pek c\u00edm\u0171 m\u0171sor\u00e1hoz) Monostori-er\u0151d, Kom\u00e1rom<br \/>\n<\/i>TEST-TEST <i>(Performance a Block csoporttal) Alm\u00e1ssy t\u00e9ri Szabadid\u0151 K\u00f6zpont, Budapest<span class=\"Apple-converted-space\">\u00a0<\/span><\/i><\/p>\n<p class=\"p9\">1994<br \/>\nTERM\u00c9SZETESEN <i>(Install\u00e1ci\u00f3 a Block csoporttal) Ernst<span class=\"Apple-converted-space\">\u00a0 <\/span>M\u00fazeum, Budapest<\/i><span class=\"Apple-converted-space\"><br \/>\n<\/span>SAJ\u00c1T FELEL\u0150SS\u00c9G <i>(A Block Csoport \u00f6n\u00e1ll\u00f3 ki\u00e1ll\u00edt\u00e1sa) M\u0171csarnok, Palme H\u00e1z, Budapest<\/i><\/p>\n<p class=\"p9\">1993<br \/>\nHANGZ\u00d3K N\u00c9LK\u00dcL-K\u00cdV\u00dcL BEL\u00dcL <i>(A Block Csoport \u00f6n\u00e1ll\u00f3 ki\u00e1ll\u00edt\u00e1sa \u00e9s performance)<br \/>\n<\/i><i>Francia Int\u00e9zet, Budapest<span class=\"Apple-converted-space\">\u00a0<\/span><\/i><\/p>\n<p class=\"p9\">1992<br \/>\nORIENS \u201892. I. Kelet-Eur\u00f3pai Kult\u00farb\u00f6rze,<i> (Install\u00e1ci\u00f3 \u00e9s performance a Block Csoporttal)<br \/>\n<\/i><i>Hafe szerel\u0151csarnok, B\u00e9k\u00e9scsaba<span class=\"Apple-converted-space\"><br \/>\n<\/span><\/i>M\u00c9LYV\u00c1G\u00c1S<span class=\"Apple-converted-space\">\u00a0 <\/span>Gallery by Night &#8217;92. <i>(A Block Csoport \u00f6n\u00e1ll\u00f3 ki\u00e1ll\u00edt\u00e1sa \u00e9s Performance) St\u00fadi\u00f3 Gal\u00e9ria, Budapest<span class=\"Apple-converted-space\"><br \/>\n<\/span><\/i>E- MINT \u201eE\u201d <i>(A Block Csoport \u00f6n\u00e1ll\u00f3 ki\u00e1ll\u00edt\u00e1sa) G\u00f6d\u00f6ll\u0151i M\u0171vel\u0151d\u00e9si K\u00f6zpont, G\u00f6d\u00f6ll\u0151<br \/>\n<\/i>BLOCKENDRE <i>(A Block Csoport \u00f6n\u00e1ll\u00f3 ki\u00e1ll\u00edt\u00e1sa) Szentendrei K\u00e9pt\u00e1r, Szentendre<\/i><\/p>\n<p class=\"p9\">1991<br \/>\nBLOCK I.<span class=\"Apple-converted-space\">\u00a0 <\/span><i>(A Block Csoport els\u0151 \u00f6n\u00e1ll\u00f3 ki\u00e1ll\u00edt\u00e1sa) Alkot\u00e1rs Gal\u00e9ria, J\u00e1szber\u00e9ny<\/i> <span class=\"Apple-converted-space\">\u00a0<\/span><\/p>\n<p class=\"p8\"><span class=\"s2\"><b>BIBLIOGR\u00c1FIA<\/b> \/ BIBLIOGRAPHY<\/span><\/p>\n<p class=\"p8\"><span class=\"s2\">HEMRIK L\u00c1SZL\u00d3:<\/span> Paksi \u00e1tt\u00e9telek a Block Csoport \u00e9s Nayg Istv\u00e1n ki\u00e1ll\u00edt\u00e1sa \u00daj M\u0171v\u00e9szet 2016 janu\u00e1r<br \/>\n<span class=\"s2\">L\u00d3SKA LAJOS:<\/span><span class=\"Apple-converted-space\">\u00a0 <\/span>\u00c1larcok k\u00f6z\u00f6tt Nayg Istv\u00e1n \u00fajabb munk\u00e1i. \u00daj M\u0171v\u00e9szet<span class=\"Apple-converted-space\">\u00a0 <\/span>2012<span class=\"Apple-converted-space\">\u00a0 <\/span>XXIII. \u00e9vf. 07-08.sz\u00e1m<br \/>\n<span class=\"s2\">MOHAY ORSOLYA<\/span>: De Facto &#8211; Nayg Istv\u00e1n ki\u00e1ll\u00edt\u00e1sa \u00daj M\u0171v\u00e9szet<span class=\"Apple-converted-space\">\u00a0 <\/span>2011. m\u00e1rcius. XXII. \u00e9vf.3. sz\u00e1m<br \/>\n<span class=\"s2\">WEHNER TIBOR:<\/span> Ki\u00fcr\u00fcl\u0151, ki\u00fcr\u00fclt fogalmak-Nayg Istv\u00e1n m\u0171v\u00e9szet\u00e9r\u0151l. B\u00e1rka XIX. 2011\/3<br \/>\n<span class=\"s2\">HUDRA KL\u00c1RA:<\/span> A megtal\u00e1lt Disszonancia \u2013 Magyar M\u0171hely<span class=\"Apple-converted-space\">\u00a0 <\/span>m\u0171v\u00e9szeti foly\u00f3irat.<span class=\"Apple-converted-space\">\u00a0 <\/span>Negyvenkilencedik \u00e9vfolyam 154.sz\u00e1m &#8211; 2010\/1 ISSN 0025-0201<br \/>\n<span class=\"s2\">KOZ\u00c1K CSABA:<\/span> Kett\u0151ss\u00e9g \/Dob\u00f3 Krisztina \u00e9s Nayg Istv\u00e1n ki\u00e1ll\u00edt\u00e1sa\/ \u00daj M\u0171v\u00e9szet 2007 m\u00e1rcius, XVIII.\u00e9vf. 3. sz\u00e1m<span class=\"s2\"><span class=\"Apple-converted-space\"><br \/>\n<\/span><\/span><span class=\"s2\">L\u00d3SKA LAJOS:<\/span> Maszk a t\u00fck\u00f6rben Nayg Istv\u00e1n m\u0171vei &#8211; \u00daj M\u0171v\u00e9szet 2005 XVI. \u00c9vfolyam 8. sz\u00e1m<br \/>\n<span class=\"s2\">HEINZ WIDAUER:<\/span> Untitled \/C\u00edm N\u00e9lk\u00fcl \u2013 l\u00e1sd Nayg Istv\u00e1n \u00f6n\u00e1ll\u00f3 katal\u00f3gus\u00e1ban 2001<br \/>\nKatal\u00f3gust kiadja: Nayg Istv\u00e1n 2002<br \/>\nISBN 963\u00a0440\u00a0261 5<br \/>\n<span class=\"s2\">PROSEK ZOLT\u00c1N:<\/span> C\u00edm N\u00e9lk\u00fcl \/ Untitled \u2013 l\u00e1sd Nayg Istv\u00e1n \u00f6n\u00e1ll\u00f3 katal\u00f3gusa\u00e1ban 2001<br \/>\nKatal\u00f3gust kiadja: Nayg Istv\u00e1n 2002<br \/>\nISBN 963\u00a0440\u00a0261 5<br \/>\n<span class=\"s2\">PROSEK ZOLT\u00c1N:<\/span> Nayg Istv\u00e1n Ki\u00e1ll\u00edt\u00e1sa \/F\u00e9szek Gal\u00e9ria\/ BALKON Kort\u00e1rs M\u0171v\u00e9szeti Foly\u00f3irat 98\/4<br \/>\n<span class=\"s2\">STURCZ J\u00c1NOS:<\/span><span class=\"Apple-converted-space\">\u00a0 <\/span>Nem K\u00e9pek<span class=\"Apple-converted-space\">\u00a0 <\/span>Nayg Istv\u00e1n Ki\u00e1ll\u00edt\u00e1sa- \u00daj M\u0171v\u00e9szet<span class=\"Apple-converted-space\">\u00a0 <\/span>1998 j\u00fanius.<span class=\"Apple-converted-space\"><br \/>\n<\/span>IX. \u00e9vf. 6. sz.<span class=\"Apple-converted-space\"><br \/>\n<\/span><span class=\"s2\">SO\u00d3S KL\u00c1RA:<\/span> Nayg Istv\u00e1n fest\u0151m\u0171v\u00e9sz ki\u00e1ll\u00edt\u00e1sa a Duna Gal\u00e9ri\u00e1ban -KL\u00c1RIS 97\/3 VI. \u00e9vf.<br \/>\n<span class=\"s2\">SO\u00d3S KL\u00c1RA:<\/span> 27 Kort\u00e1rs Magyar M\u0171v\u00e9sz &#8211; Ur\u00e1nusz Kiad\u00f3 Budapest 1998<br \/>\n\u00a9So\u00f3s Kl\u00e1ra 1998<span class=\"Apple-converted-space\">\u00a0 <\/span>ISBN 963 9086 31 2<br \/>\n<span class=\"s2\">BEKE ZS\u00d3FIA:<\/span> Sz\u00e9tt\u00f6rt Darabok<span class=\"Apple-converted-space\">\u00a0 <\/span>Nayg Istv\u00e1n Ki\u00e1ll\u00edt\u00e1sa- \u00daj M\u0171v\u00e9szet 1997. okt.-nov.<span class=\"Apple-converted-space\"><br \/>\n<\/span>VIII. \u00e9vf. 10-11. sz.<br \/>\n<span class=\"s2\">BEKE ZS\u00d3FIA:<\/span><span class=\"Apple-converted-space\">\u00a0 <\/span>MaM\u00fc,<span class=\"Apple-converted-space\">\u00a0 <\/span>A Marosv\u00e1s\u00e1rhelyi M\u0171hely ki\u00e1ll\u00edt\u00e1sa &#8211; BALKON Kort\u00e1rs M\u0171v\u00e9szeti Foly\u00f3irat<span class=\"Apple-converted-space\">\u00a0 <\/span>97\/3<br \/>\n<span class=\"s2\">KOV\u00c1CS \u00c1GNES VERONIKA:<\/span> A j\u00f6v\u0151 leletei Nayg Istv\u00e1n ki\u00e1ll\u00edt\u00e1sa &#8211; \u00daj M\u0171v\u00e9szet 1994. m\u00e1jus.<span class=\"Apple-converted-space\">\u00a0 <\/span>V. \u00e9vf. 5. sz.<\/p>\n<p>&nbsp;<\/p>\n<p><img data-attachment-id=\"7670\" data-permalink=\"http:\/\/szolnokimuvesztelep.com\/en\/2022\/10\/14\/nayg-istvan-festomuvesz-reszleges-tarlat-cimu-kiallitasa\/nayg_istvan_mfn2022_meghivo\/\" data-orig-file=\"https:\/\/i1.wp.com\/szolnokimuvesztelep.com\/wp-content\/uploads\/2022\/10\/NAYG_Istvan_MFN2022_meghivo.jpg?fit=2067%2C1033\" data-orig-size=\"2067,1033\" data-comments-opened=\"1\" data-image-meta=\"{&quot;aperture&quot;:&quot;0&quot;,&quot;credit&quot;:&quot;&quot;,&quot;camera&quot;:&quot;&quot;,&quot;caption&quot;:&quot;&quot;,&quot;created_timestamp&quot;:&quot;0&quot;,&quot;copyright&quot;:&quot;&quot;,&quot;focal_length&quot;:&quot;0&quot;,&quot;iso&quot;:&quot;0&quot;,&quot;shutter_speed&quot;:&quot;0&quot;,&quot;title&quot;:&quot;&quot;,&quot;orientation&quot;:&quot;0&quot;}\" data-image-title=\"NAYG_Istvan_MFN2022_meghivo\" data-image-description=\"\" data-medium-file=\"https:\/\/i1.wp.com\/szolnokimuvesztelep.com\/wp-content\/uploads\/2022\/10\/NAYG_Istvan_MFN2022_meghivo.jpg?fit=300%2C150\" data-large-file=\"https:\/\/i1.wp.com\/szolnokimuvesztelep.com\/wp-content\/uploads\/2022\/10\/NAYG_Istvan_MFN2022_meghivo.jpg?fit=790%2C395\" loading=\"lazy\" class=\"alignnone size-full wp-image-7670\" src=\"https:\/\/i1.wp.com\/szolnokimuvesztelep.com\/wp-content\/uploads\/2022\/10\/NAYG_Istvan_MFN2022_meghivo.jpg?resize=860%2C430\" alt=\"\" width=\"860\" height=\"430\" srcset=\"https:\/\/i1.wp.com\/szolnokimuvesztelep.com\/wp-content\/uploads\/2022\/10\/NAYG_Istvan_MFN2022_meghivo.jpg?w=2067 2067w, https:\/\/i1.wp.com\/szolnokimuvesztelep.com\/wp-content\/uploads\/2022\/10\/NAYG_Istvan_MFN2022_meghivo.jpg?resize=300%2C150 300w, https:\/\/i1.wp.com\/szolnokimuvesztelep.com\/wp-content\/uploads\/2022\/10\/NAYG_Istvan_MFN2022_meghivo.jpg?resize=1024%2C512 1024w, https:\/\/i1.wp.com\/szolnokimuvesztelep.com\/wp-content\/uploads\/2022\/10\/NAYG_Istvan_MFN2022_meghivo.jpg?resize=768%2C384 768w, https:\/\/i1.wp.com\/szolnokimuvesztelep.com\/wp-content\/uploads\/2022\/10\/NAYG_Istvan_MFN2022_meghivo.jpg?resize=1536%2C768 1536w, https:\/\/i1.wp.com\/szolnokimuvesztelep.com\/wp-content\/uploads\/2022\/10\/NAYG_Istvan_MFN2022_meghivo.jpg?resize=2048%2C1024 2048w, https:\/\/i1.wp.com\/szolnokimuvesztelep.com\/wp-content\/uploads\/2022\/10\/NAYG_Istvan_MFN2022_meghivo.jpg?w=1720 1720w\" sizes=\"(max-width: 860px) 100vw, 860px\" data-recalc-dims=\"1\" \/><\/p>\n<p>&nbsp;<\/p>\n<p class=\"p1\"><span class=\"s1\">Nayg Istv\u00e1n: R\u00e9szleges lelt\u00e1r<\/span><\/p>\n<p class=\"p2\"><span class=\"s1\"><i>\u201e\u2026a helyemet meg\u00e1lltam &#8211;<br \/>\nsz\u00fclettem, elvegy\u00fcltem \u00e9s kiv\u00e1ltam.\u201d J\u00f3zsef Attila: K\u00e9sz a lelt\u00e1r \u2013 r\u00e9szlet<\/i><\/span><\/p>\n<p class=\"p3\"><span class=\"s1\">Kontraszthat\u00e1s<\/span><\/p>\n<p class=\"p4\"><span class=\"s2\">Nayg Istv\u00e1n a Magyar Fest\u00e9szet Napja alkalm\u00e1b\u00f3l a Szolnoki M\u0171v\u00e9sztelepen rendezett \u00fcnnepi ki\u00e1ll\u00edt\u00e1s\u00e1n lajst<\/span><span class=\"s1\">romot k\u00e9sz\u00edt alkot\u00e1sair\u00f3l. Lelt\u00e1ra J\u00f3zsef Attil\u00e1\u00e9val szemben nincsen k\u00e9szen, hiszen az elj\u00f6vend\u0151 id\u0151szakokban sz\u00e1mos \u00faj m\u0171vet v\u00e1runk t\u0151le, \u00e1m m\u00e9gis a t\u00e1rlat j\u00f3 aprop\u00f3 arra, hogy jegyz\u00e9kbe vegy\u00fck n\u00e9h\u00e1ny \u00e9ven bel\u00fcl k\u00e9sz\u00edtett munk\u00e1it. Nayg \u00e9letm\u0171v\u00e9t m\u00e9lt\u00f3n jellemzik J\u00f3zsef Attila sorai, hiszen nemcsak meg\u00e1llta hely\u00e9t, hanem p\u00e1lyat\u00e1rsai k\u00f6z\u00fcl ki is v\u00e1lt. Az a fajta kiv\u00e1l\u00f3s\u00e1ga, ami munk\u00e1ss\u00e1g\u00e1t jellemzi, egyszerre sz\u00f3l a t\u00e1blak\u00e9pfest\u00e9szet hagyom\u00e1ny\u00e1nak tagad\u00e1s\u00e1r\u00f3l, ugyanakkor az abb\u00f3l \u00e9p\u00edtkez\u0151 trad\u00edci\u00f3k meg\u00faj\u00edt\u00e1s\u00e1r\u00f3l is. Saj\u00e1tos antifest\u00e9szete <\/span>\u00f6szt\u00f6n\u00f6s kifejez\u0151eszk\u00f6z\u00e9v\u00e9 v\u00e1lt, mely a klasszikus m\u00f3dszerekkel val\u00f3 szembehelyezked\u00e9s\u00e9t \u00e9s redukci\u00f3s k\u00e9<span class=\"s1\">palkot\u00f3i fort\u00e9lyait jellemzi. A k\u00fcl\u00f6nf\u00e9le anyagokat kiv\u00e1l\u00f3an ismer\u0151 \u00e9s azokkal folyamatosan k\u00eds\u00e9rletez\u0151 m\u0171v\u00e9sz a fest\u00e9szet t\u00f6rt\u00e9net\u00e9nek gazdag t\u00e1r\u00e1b\u00f3l mer\u00edt, az <\/span><span class=\"s3\">absztrakt expresszionizmus, a drip painting \u00e9s a combine painting met\u00f3dusaib\u00f3l indulva haszn\u00e1lja a <\/span><span class=\"s1\">minimal art \u00e9s a monokr\u00f3m k\u00e9palkot\u00e1si m\u00f3dok k\u00fcl\u00f6nf\u00e9le kell\u00e9keit. \u2019Nem-festm\u00e9nyeiben\u2019 a fest\u00e9szet c\u00e9lj\u00e1ra keres v\u00e1laszokat, ugyanakkor annak l\u00e9tjogosults\u00e1g\u00e1t, esszenci\u00e1j\u00e1t is megk\u00e9rd\u0151jelezi. Fest\u0151k\u00e9nt v\u00e9gzett <\/span>a K\u00e9pz\u0151m\u0171v\u00e9szeti F\u0151iskol\u00e1n, m\u00e9gis m\u0171v\u00e9szet\u00e9ben folytonosan ki akar l\u00e9pni annak k\u00f6r\u00e9b\u0151l, \u00e1m ez a pa<span class=\"s1\">radoxon megval\u00f3s\u00edthatatlan, hiszen valamennyi gesztus\u00e1val felid\u00e9zi azon elj\u00e1r\u00e1sokhoz k\u00f6thet\u0151 asszoci\u00e1ci\u00f3kat.<span class=\"Apple-converted-space\">\u00a0 <\/span>Anti-k\u00e9peit is fest\u0151i m\u00f3dszerekkel hozza l\u00e9tre, amelyek rombol\u00e1sa, megcsonk\u00edt\u00e1sa m\u0171v\u00e9szi intenci\u00f3inak fel\u00e1ldoz\u00e1s\u00e1val j\u00e1r, \u00edgy gyakran keveredik \u00f6nellentmond\u00e1sokba. A destrukci\u00f3s technik\u00e1kkal l\u00e9trej\u00f6v\u0151 munk\u00e1i a l\u00e9t \u00e9s neml\u00e9t hat\u00e1r\u00e1n lebegnek, hogy felmutass\u00e1k a kett\u0151ss\u00e9gben fesz\u00fcl\u0151 ellent\u00e9teket.<\/span><\/p>\n<p class=\"p4\"><span class=\"s1\">R\u00e9szleges lelt\u00e1r\u00e1ban most diptichonokat, triptichonokat, sorozatokat tal\u00e1lunk.<\/span><span class=\"s4\"> <\/span><span class=\"s1\"><i>Inferno, Erosion, Dezintegr\u00e1ci\u00f3, Kontraszt, Storm, Barb\u00e1r t\u00e1ncok<\/i>, valamint <i>Agression<\/i> c\u00edm\u0171 munk\u00e1i mindig valamilyen puszt\u00edt\u00e1sr\u00f3l, felboml\u00e1sr\u00f3l tesznek tan\u00fabizonys\u00e1got. Egyszerre l\u00e1tjuk k\u00fcl\u00f6nf\u00e9le fel\u00fcleteit; v\u00e1szonra, molin\u00f3ra vagy b\u00e1rsonyra festett alkot\u00e1sait, melyekben t\u00f6bbfajta technik\u00e1t haszn\u00e1l; csurgat\u00e1ssal, bed\u00f6rzs\u00f6l\u00e9ssel, term\u00e9szetes anyagok felhord\u00e1sa mellett viszi fel az akril vagy olajfest\u00e9kek b\u0151s\u00e9ges r\u00e9tegeit. Lucio Fontana elj\u00e1r\u00e1saihoz hasonl\u00f3an munk\u00e1it agressz\u00edv gesztusokkal; szaggat\u00e1sokkal, t\u00e9p\u00e9sekkel vagy l\u00e9cek bed\u00f6f\u00e9s\u00e9vel alak\u00edtja, gyakran plasztikuss\u00e1 t\u00e9ve ezzel m\u0171veit. Az er\u0151szakos cselekedetekben megmutatkoz\u00f3 egyedi alkot\u00e1si m\u00f3dszerek mindig \u00faj jelent\u00e9smez\u0151ket nyitnak meg. A munk\u00e1kon keletkez\u0151 r\u00e9sek elidegen\u00edt\u0151 <\/span><span class=\"s3\">hat\u00e1s\u00faak, melyek nem csak a befogad\u00f3t\u00f3t\u00f3l teremtenek t\u00e1vols\u00e1got, hanem az alkot\u00f3t\u00f3l, s\u0151t magukt\u00f3l a <\/span><span class=\"s1\">m\u0171vekt\u0151l is. Megsebzett festm\u00e9nyeinek s\u00e9r\u00fcl\u00e9sei egyszerre t\u00e1rj\u00e1k fel a bels\u0151 lelki tartalmakat, \u00e9s v\u00e1lnak olyan hi\u00e1tusokk\u00e1, amelyek szimbolikus h\u00e9zagokat nyitnak meg. Az \u00edgy keletkez\u0151 hasad\u00e9kokon kereszt\u00fcl nem csup\u00e1n az alkot\u00e1si folyamatokba pillanthatunk be, hanem a megsz\u00fclet\u0151 m\u0171vek m\u00e9lys\u00e9ge, identit\u00e1sa is kirajzol\u00f3dhat, ez\u00e1ltal pedig a m\u00e9lyebb, lelki, ak\u00e1r szakr\u00e1lis jelent\u00e9seknek is r\u00e9szesei lehet\u00fcnk. Mintha <\/span><span class=\"s5\">felsejlene valami a rombol\u00e1s, a vihar \u00e9s a pusztul\u00e1s m\u00f6g\u00f6tt, ami mindezek ellent\u00e9te, s\u0151t kieg\u00e9sz\u00edt\u0151je. Ez <\/span><span class=\"s1\">a kibontakoz\u00f3 t\u00f6bblettartalom a negat\u00edv er\u0151k lecsendesed\u00e9se ut\u00e1n l\u00e9trej\u00f6v\u0151 megnyugv\u00e1sb\u00f3l fakad, mely \u00e9rz\u00e9sek ugyan nem manifeszt\u00e1l\u00f3dnak, sokszor nyomuk sincs a m\u0171veken, de m\u00e9gis ott gomolyoknak azok m\u00f6g\u00f6ttes jelent\u00e9startalmaiban. Ez a fajta feloldoz\u00e1s a munk\u00e1kb\u00f3l kiindul\u00f3, \u00e1m azokon t\u00falmutat\u00f3 katartikus \u00e9lm\u00e9nyek fel\u00e9 is elvezethetnek.<span class=\"Apple-converted-space\">\u00a0<\/span><\/span><\/p>\n<p class=\"p4\"><span class=\"s1\">A f\u0151k\u00e9nt s\u00f6t\u00e9t sorozatok elemeiben a r\u00f3zsasz\u00edn \u00e9s a lila k\u00fcl\u00f6nf\u00e9le \u00e1rnyalatai a puszt\u00edt\u00e1s saj\u00e1tos, erod\u00e1l\u00f3d\u00f3 er\u0151it l\u00e1ttatj\u00e1k. A fekete alapsz\u00edn\u0171 k\u00e9peken a szenved\u00e9s \u00e9lm\u00e9ny\u00e9t a pokol t\u00fcz\u00e9nek l\u00e1ngol\u00f3 v\u00f6r\u00f6sei t\u00f6rik meg. A monokr\u00f3mszer\u0171en haszn\u00e1lt, dinamikus hat\u00e1s\u00fa feket\u00e9ket \u00e9s k\u00e9keket gyakran vil\u00e1gos t\u00f3nusokkal oldja, l\u00e9trehozva ezzel az ellent\u00e9tekben megmutatkoz\u00f3 dr\u00e1mai fesz\u00fclts\u00e9get. A kontraszt megteremt\u00e9s\u00e9vel a sz\u00ednek az egym\u00e1st teljess\u00e9 t\u00e9v\u0151 egys\u00e9g szimb\u00f3lum\u00e1v\u00e1 v\u00e1lnak, mik\u00e9nt a feh\u00e9r a fekete addit\u00edv kieg\u00e9sz\u00edt\u0151je. A v\u00e1sznakon l\u00e1that\u00f3 homok \u00e9s a k\u00fcl\u00f6nb\u00f6z\u0151 fest\u00e9kr\u00e9tegek egyszerre teremtenek t\u00e1vols\u00e1got, m\u00e9gis term\u00e9szetess\u00e9g\u00fckkel saj\u00e1tos harm\u00f3ni\u00e1t alak\u00edtanak. A csurgatott, bed\u00f6rzs\u00f6lt fel\u00fcletekkel l\u00e9trehozott k\u00fcl\u00f6nb\u00f6z\u0151 hat\u00e1sok egyidej\u0171leg jelen\u00edtik meg a lelki m\u00e9lypontok gy\u00e1szos hangulat\u00e1t, ugyanakkor az azok m\u00f6g\u00f6tt felsej\u0151 rem\u00e9nyteli pillanatokat is. Negat\u00edv \u00e9s pozit\u00edv, s\u00f6t\u00e9t \u00e9s vil\u00e1gos egy\u00fctt m\u00e9rend\u0151, azok egym\u00e1s n\u00e9lk\u00fcl nem l\u00e9tezhetnek, hiszen mindkett\u0151ben ott rejt\u0151zik a m\u00e1sik cs\u00edr\u00e1ja, az\u00e9rt, hogy mindig \u00e9rt\u00e9kelni lehessen az az ezekb\u0151l fakad\u00f3 \u00e9lm\u00e9nyeket. A kontraszthat\u00e1s er\u0151teljess\u00e9g\u00e9t a monument\u00e1lis k\u00e9pek egym\u00e1st folytat\u00f3, \u00f6sszef\u00fcgg\u0151 munk\u00e1inak l\u00e1tv\u00e1nya er\u0151s\u00edti. A haszn\u00e1lt f\u0151sz\u00ednek mellett a felh\u0151k m\u00f6g\u00fcl el\u0151bukkan\u00f3 nap f\u00e9nyeire eml\u00e9keztet\u0151 s\u00e1rg\u00e1s-barn\u00e1s, aranyl\u00f3 foltok a rem\u00e9ny szimb\u00f3lumak\u00e9nt is \u00e9rtelmezhet\u0151ek.<span class=\"Apple-converted-space\">\u00a0 <\/span>A m\u0171vek k\u00e9tf\u00e9les\u00e9g\u00e9nek megjelen\u00edt\u00e9se rendre a munk\u00e1kon t\u00falmutat\u00f3 vil\u00e1gokat t\u00e1rja fel, amelyek dualizmus\u00e1ban mindig ott rejlik a kiegyens\u00falyozotts\u00e1g biztat\u00f3 tapasztalata.<\/span><\/p>\n<p class=\"p5\"><span class=\"s1\">Fazakas R\u00e9ka<\/span><\/p>\n<p>&nbsp;<\/p>\n<p><img data-attachment-id=\"7674\" data-permalink=\"http:\/\/szolnokimuvesztelep.com\/en\/2022\/10\/14\/nayg-istvan-festomuvesz-reszleges-tarlat-cimu-kiallitasa\/fazis-foto\/\" data-orig-file=\"https:\/\/i2.wp.com\/szolnokimuvesztelep.com\/wp-content\/uploads\/2022\/10\/Fazis-foto.jpg?fit=720%2C480\" data-orig-size=\"720,480\" data-comments-opened=\"1\" data-image-meta=\"{&quot;aperture&quot;:&quot;5.6&quot;,&quot;credit&quot;:&quot;&quot;,&quot;camera&quot;:&quot;NIKON D5300&quot;,&quot;caption&quot;:&quot;&quot;,&quot;created_timestamp&quot;:&quot;1660242405&quot;,&quot;copyright&quot;:&quot;&quot;,&quot;focal_length&quot;:&quot;18&quot;,&quot;iso&quot;:&quot;800&quot;,&quot;shutter_speed&quot;:&quot;0.016666666666667&quot;,&quot;title&quot;:&quot;&quot;,&quot;orientation&quot;:&quot;1&quot;}\" data-image-title=\"Fazis-foto\" data-image-description=\"\" data-medium-file=\"https:\/\/i2.wp.com\/szolnokimuvesztelep.com\/wp-content\/uploads\/2022\/10\/Fazis-foto.jpg?fit=300%2C200\" data-large-file=\"https:\/\/i2.wp.com\/szolnokimuvesztelep.com\/wp-content\/uploads\/2022\/10\/Fazis-foto.jpg?fit=720%2C480\" loading=\"lazy\" class=\"alignnone size-full wp-image-7674\" src=\"https:\/\/i2.wp.com\/szolnokimuvesztelep.com\/wp-content\/uploads\/2022\/10\/Fazis-foto.jpg?resize=720%2C480\" alt=\"\" width=\"720\" height=\"480\" srcset=\"https:\/\/i2.wp.com\/szolnokimuvesztelep.com\/wp-content\/uploads\/2022\/10\/Fazis-foto.jpg?w=720 720w, https:\/\/i2.wp.com\/szolnokimuvesztelep.com\/wp-content\/uploads\/2022\/10\/Fazis-foto.jpg?resize=300%2C200 300w\" sizes=\"(max-width: 720px) 100vw, 720px\" data-recalc-dims=\"1\" \/><\/p>\n<p>&nbsp;<\/p>\n<div data-carousel-extra='{\"blog_id\":1,\"permalink\":\"http:\\\/\\\/szolnokimuvesztelep.com\\\/en\\\/2022\\\/10\\\/14\\\/nayg-istvan-festomuvesz-reszleges-tarlat-cimu-kiallitasa\\\/\"}' id='gallery-1' class='gallery galleryid-7666 gallery-columns-3 gallery-size-thumbnail'><figure class='gallery-item'>\n\t\t\t<div class='gallery-icon landscape'>\n\t\t\t\t<a href='http:\/\/szolnokimuvesztelep.com\/en\/2022\/10\/14\/nayg-istvan-festomuvesz-reszleges-tarlat-cimu-kiallitasa\/anarchy-2021\/'><img width=\"150\" height=\"150\" src=\"https:\/\/i1.wp.com\/szolnokimuvesztelep.com\/wp-content\/uploads\/2022\/10\/ANARCHY-2021.jpg?resize=150%2C150\" class=\"attachment-thumbnail size-thumbnail\" alt=\"\" loading=\"lazy\" aria-describedby=\"gallery-1-7679\" srcset=\"https:\/\/i1.wp.com\/szolnokimuvesztelep.com\/wp-content\/uploads\/2022\/10\/ANARCHY-2021.jpg?resize=150%2C150 150w, https:\/\/i1.wp.com\/szolnokimuvesztelep.com\/wp-content\/uploads\/2022\/10\/ANARCHY-2021.jpg?zoom=2&amp;resize=150%2C150 300w, https:\/\/i1.wp.com\/szolnokimuvesztelep.com\/wp-content\/uploads\/2022\/10\/ANARCHY-2021.jpg?zoom=3&amp;resize=150%2C150 450w\" sizes=\"(max-width: 150px) 100vw, 150px\" data-attachment-id=\"7679\" data-permalink=\"http:\/\/szolnokimuvesztelep.com\/en\/2022\/10\/14\/nayg-istvan-festomuvesz-reszleges-tarlat-cimu-kiallitasa\/anarchy-2021\/\" data-orig-file=\"https:\/\/i1.wp.com\/szolnokimuvesztelep.com\/wp-content\/uploads\/2022\/10\/ANARCHY-2021.jpg?fit=1190%2C958\" data-orig-size=\"1190,958\" data-comments-opened=\"1\" data-image-meta=\"{&quot;aperture&quot;:&quot;1.6&quot;,&quot;credit&quot;:&quot;&quot;,&quot;camera&quot;:&quot;VOG-L29&quot;,&quot;caption&quot;:&quot;&quot;,&quot;created_timestamp&quot;:&quot;1626361942&quot;,&quot;copyright&quot;:&quot;&quot;,&quot;focal_length&quot;:&quot;5.56&quot;,&quot;iso&quot;:&quot;50&quot;,&quot;shutter_speed&quot;:&quot;0.005478&quot;,&quot;title&quot;:&quot;&quot;,&quot;orientation&quot;:&quot;1&quot;}\" data-image-title=\"ANARCHY-2021\" data-image-description=\"\" data-medium-file=\"https:\/\/i1.wp.com\/szolnokimuvesztelep.com\/wp-content\/uploads\/2022\/10\/ANARCHY-2021.jpg?fit=300%2C242\" data-large-file=\"https:\/\/i1.wp.com\/szolnokimuvesztelep.com\/wp-content\/uploads\/2022\/10\/ANARCHY-2021.jpg?fit=790%2C636\" \/><\/a>\n\t\t\t<\/div>\n\t\t\t\t<figcaption class='wp-caption-text gallery-caption' id='gallery-1-7679'>\n\t\t\t\tANARCHY\n\t\t\t\t<\/figcaption><\/figure><figure class='gallery-item'>\n\t\t\t<div class='gallery-icon portrait'>\n\t\t\t\t<a href='http:\/\/szolnokimuvesztelep.com\/en\/2022\/10\/14\/nayg-istvan-festomuvesz-reszleges-tarlat-cimu-kiallitasa\/agression-i\/'><img width=\"150\" height=\"150\" src=\"https:\/\/i1.wp.com\/szolnokimuvesztelep.com\/wp-content\/uploads\/2022\/10\/AGRESSION-I.-.jpg?resize=150%2C150\" class=\"attachment-thumbnail size-thumbnail\" alt=\"\" loading=\"lazy\" aria-describedby=\"gallery-1-7676\" srcset=\"https:\/\/i1.wp.com\/szolnokimuvesztelep.com\/wp-content\/uploads\/2022\/10\/AGRESSION-I.-.jpg?resize=150%2C150 150w, https:\/\/i1.wp.com\/szolnokimuvesztelep.com\/wp-content\/uploads\/2022\/10\/AGRESSION-I.-.jpg?zoom=2&amp;resize=150%2C150 300w, https:\/\/i1.wp.com\/szolnokimuvesztelep.com\/wp-content\/uploads\/2022\/10\/AGRESSION-I.-.jpg?zoom=3&amp;resize=150%2C150 450w\" sizes=\"(max-width: 150px) 100vw, 150px\" data-attachment-id=\"7676\" data-permalink=\"http:\/\/szolnokimuvesztelep.com\/en\/2022\/10\/14\/nayg-istvan-festomuvesz-reszleges-tarlat-cimu-kiallitasa\/agression-i\/\" data-orig-file=\"https:\/\/i1.wp.com\/szolnokimuvesztelep.com\/wp-content\/uploads\/2022\/10\/AGRESSION-I.-.jpg?fit=1022%2C1276\" data-orig-size=\"1022,1276\" data-comments-opened=\"1\" data-image-meta=\"{&quot;aperture&quot;:&quot;1.6&quot;,&quot;credit&quot;:&quot;&quot;,&quot;camera&quot;:&quot;VOG-L29&quot;,&quot;caption&quot;:&quot;&quot;,&quot;created_timestamp&quot;:&quot;1657034066&quot;,&quot;copyright&quot;:&quot;&quot;,&quot;focal_length&quot;:&quot;5.56&quot;,&quot;iso&quot;:&quot;125&quot;,&quot;shutter_speed&quot;:&quot;0.016667&quot;,&quot;title&quot;:&quot;&quot;,&quot;orientation&quot;:&quot;1&quot;}\" data-image-title=\"AGRESSION-I.-\" data-image-description=\"\" data-medium-file=\"https:\/\/i1.wp.com\/szolnokimuvesztelep.com\/wp-content\/uploads\/2022\/10\/AGRESSION-I.-.jpg?fit=240%2C300\" data-large-file=\"https:\/\/i1.wp.com\/szolnokimuvesztelep.com\/wp-content\/uploads\/2022\/10\/AGRESSION-I.-.jpg?fit=790%2C987\" \/><\/a>\n\t\t\t<\/div>\n\t\t\t\t<figcaption class='wp-caption-text gallery-caption' id='gallery-1-7676'>\n\t\t\t\tAGRESSION I.\n\t\t\t\t<\/figcaption><\/figure><figure class='gallery-item'>\n\t\t\t<div class='gallery-icon landscape'>\n\t\t\t\t<a href='http:\/\/szolnokimuvesztelep.com\/en\/2022\/10\/14\/nayg-istvan-festomuvesz-reszleges-tarlat-cimu-kiallitasa\/agression-ii-2022\/'><img width=\"150\" height=\"150\" src=\"https:\/\/i0.wp.com\/szolnokimuvesztelep.com\/wp-content\/uploads\/2022\/10\/AGRESSION-II.-2022.jpg?resize=150%2C150\" class=\"attachment-thumbnail size-thumbnail\" alt=\"\" loading=\"lazy\" aria-describedby=\"gallery-1-7677\" srcset=\"https:\/\/i0.wp.com\/szolnokimuvesztelep.com\/wp-content\/uploads\/2022\/10\/AGRESSION-II.-2022.jpg?resize=150%2C150 150w, https:\/\/i0.wp.com\/szolnokimuvesztelep.com\/wp-content\/uploads\/2022\/10\/AGRESSION-II.-2022.jpg?zoom=2&amp;resize=150%2C150 300w, https:\/\/i0.wp.com\/szolnokimuvesztelep.com\/wp-content\/uploads\/2022\/10\/AGRESSION-II.-2022.jpg?zoom=3&amp;resize=150%2C150 450w\" sizes=\"(max-width: 150px) 100vw, 150px\" data-attachment-id=\"7677\" data-permalink=\"http:\/\/szolnokimuvesztelep.com\/en\/2022\/10\/14\/nayg-istvan-festomuvesz-reszleges-tarlat-cimu-kiallitasa\/agression-ii-2022\/\" data-orig-file=\"https:\/\/i0.wp.com\/szolnokimuvesztelep.com\/wp-content\/uploads\/2022\/10\/AGRESSION-II.-2022.jpg?fit=947%2C827\" data-orig-size=\"947,827\" data-comments-opened=\"1\" data-image-meta=\"{&quot;aperture&quot;:&quot;1.6&quot;,&quot;credit&quot;:&quot;&quot;,&quot;camera&quot;:&quot;VOG-L29&quot;,&quot;caption&quot;:&quot;&quot;,&quot;created_timestamp&quot;:&quot;1644063967&quot;,&quot;copyright&quot;:&quot;&quot;,&quot;focal_length&quot;:&quot;5.56&quot;,&quot;iso&quot;:&quot;64&quot;,&quot;shutter_speed&quot;:&quot;0.01&quot;,&quot;title&quot;:&quot;&quot;,&quot;orientation&quot;:&quot;1&quot;}\" data-image-title=\"AGRESSION-II.-2022\" data-image-description=\"\" data-medium-file=\"https:\/\/i0.wp.com\/szolnokimuvesztelep.com\/wp-content\/uploads\/2022\/10\/AGRESSION-II.-2022.jpg?fit=300%2C262\" data-large-file=\"https:\/\/i0.wp.com\/szolnokimuvesztelep.com\/wp-content\/uploads\/2022\/10\/AGRESSION-II.-2022.jpg?fit=790%2C690\" \/><\/a>\n\t\t\t<\/div>\n\t\t\t\t<figcaption class='wp-caption-text gallery-caption' id='gallery-1-7677'>\n\t\t\t\tAGRESSION II.\n\t\t\t\t<\/figcaption><\/figure><figure class='gallery-item'>\n\t\t\t<div class='gallery-icon portrait'>\n\t\t\t\t<a href='http:\/\/szolnokimuvesztelep.com\/en\/2022\/10\/14\/nayg-istvan-festomuvesz-reszleges-tarlat-cimu-kiallitasa\/agression-iii\/'><img width=\"150\" height=\"150\" src=\"https:\/\/i0.wp.com\/szolnokimuvesztelep.com\/wp-content\/uploads\/2022\/10\/AGRESSION-III.jpg?resize=150%2C150\" class=\"attachment-thumbnail size-thumbnail\" alt=\"\" loading=\"lazy\" aria-describedby=\"gallery-1-7678\" srcset=\"https:\/\/i0.wp.com\/szolnokimuvesztelep.com\/wp-content\/uploads\/2022\/10\/AGRESSION-III.jpg?resize=150%2C150 150w, https:\/\/i0.wp.com\/szolnokimuvesztelep.com\/wp-content\/uploads\/2022\/10\/AGRESSION-III.jpg?zoom=2&amp;resize=150%2C150 300w, https:\/\/i0.wp.com\/szolnokimuvesztelep.com\/wp-content\/uploads\/2022\/10\/AGRESSION-III.jpg?zoom=3&amp;resize=150%2C150 450w\" sizes=\"(max-width: 150px) 100vw, 150px\" data-attachment-id=\"7678\" data-permalink=\"http:\/\/szolnokimuvesztelep.com\/en\/2022\/10\/14\/nayg-istvan-festomuvesz-reszleges-tarlat-cimu-kiallitasa\/agression-iii\/\" data-orig-file=\"https:\/\/i0.wp.com\/szolnokimuvesztelep.com\/wp-content\/uploads\/2022\/10\/AGRESSION-III.jpg?fit=533%2C655\" data-orig-size=\"533,655\" data-comments-opened=\"1\" data-image-meta=\"{&quot;aperture&quot;:&quot;1.6&quot;,&quot;credit&quot;:&quot;&quot;,&quot;camera&quot;:&quot;VOG-L29&quot;,&quot;caption&quot;:&quot;&quot;,&quot;created_timestamp&quot;:&quot;1644064072&quot;,&quot;copyright&quot;:&quot;&quot;,&quot;focal_length&quot;:&quot;5.56&quot;,&quot;iso&quot;:&quot;50&quot;,&quot;shutter_speed&quot;:&quot;0.009913&quot;,&quot;title&quot;:&quot;&quot;,&quot;orientation&quot;:&quot;1&quot;}\" data-image-title=\"AGRESSION-III\" data-image-description=\"\" data-medium-file=\"https:\/\/i0.wp.com\/szolnokimuvesztelep.com\/wp-content\/uploads\/2022\/10\/AGRESSION-III.jpg?fit=244%2C300\" data-large-file=\"https:\/\/i0.wp.com\/szolnokimuvesztelep.com\/wp-content\/uploads\/2022\/10\/AGRESSION-III.jpg?fit=533%2C655\" \/><\/a>\n\t\t\t<\/div>\n\t\t\t\t<figcaption class='wp-caption-text gallery-caption' id='gallery-1-7678'>\n\t\t\t\tAGRESSION III.\n\t\t\t\t<\/figcaption><\/figure><figure class='gallery-item'>\n\t\t\t<div class='gallery-icon landscape'>\n\t\t\t\t<a href='http:\/\/szolnokimuvesztelep.com\/en\/2022\/10\/14\/nayg-istvan-festomuvesz-reszleges-tarlat-cimu-kiallitasa\/erosion-v-vi-2018\/'><img width=\"150\" height=\"150\" src=\"https:\/\/i0.wp.com\/szolnokimuvesztelep.com\/wp-content\/uploads\/2022\/10\/EROSION-V.-VI.-2018.jpg?resize=150%2C150\" class=\"attachment-thumbnail size-thumbnail\" alt=\"\" loading=\"lazy\" aria-describedby=\"gallery-1-7680\" srcset=\"https:\/\/i0.wp.com\/szolnokimuvesztelep.com\/wp-content\/uploads\/2022\/10\/EROSION-V.-VI.-2018.jpg?resize=150%2C150 150w, https:\/\/i0.wp.com\/szolnokimuvesztelep.com\/wp-content\/uploads\/2022\/10\/EROSION-V.-VI.-2018.jpg?zoom=2&amp;resize=150%2C150 300w, https:\/\/i0.wp.com\/szolnokimuvesztelep.com\/wp-content\/uploads\/2022\/10\/EROSION-V.-VI.-2018.jpg?zoom=3&amp;resize=150%2C150 450w\" sizes=\"(max-width: 150px) 100vw, 150px\" data-attachment-id=\"7680\" data-permalink=\"http:\/\/szolnokimuvesztelep.com\/en\/2022\/10\/14\/nayg-istvan-festomuvesz-reszleges-tarlat-cimu-kiallitasa\/erosion-v-vi-2018\/\" data-orig-file=\"https:\/\/i0.wp.com\/szolnokimuvesztelep.com\/wp-content\/uploads\/2022\/10\/EROSION-V.-VI.-2018.jpg?fit=1299%2C1088\" data-orig-size=\"1299,1088\" data-comments-opened=\"1\" data-image-meta=\"{&quot;aperture&quot;:&quot;4&quot;,&quot;credit&quot;:&quot;&quot;,&quot;camera&quot;:&quot;Canon EOS 600D&quot;,&quot;caption&quot;:&quot;&quot;,&quot;created_timestamp&quot;:&quot;1547656663&quot;,&quot;copyright&quot;:&quot;&quot;,&quot;focal_length&quot;:&quot;22&quot;,&quot;iso&quot;:&quot;800&quot;,&quot;shutter_speed&quot;:&quot;0.025&quot;,&quot;title&quot;:&quot;&quot;,&quot;orientation&quot;:&quot;1&quot;}\" data-image-title=\"EROSION-V.-VI.-2018\" data-image-description=\"\" data-medium-file=\"https:\/\/i0.wp.com\/szolnokimuvesztelep.com\/wp-content\/uploads\/2022\/10\/EROSION-V.-VI.-2018.jpg?fit=300%2C251\" data-large-file=\"https:\/\/i0.wp.com\/szolnokimuvesztelep.com\/wp-content\/uploads\/2022\/10\/EROSION-V.-VI.-2018.jpg?fit=790%2C662\" \/><\/a>\n\t\t\t<\/div>\n\t\t\t\t<figcaption class='wp-caption-text gallery-caption' id='gallery-1-7680'>\n\t\t\t\tEROSION V.,VI.\n\t\t\t\t<\/figcaption><\/figure><figure class='gallery-item'>\n\t\t\t<div class='gallery-icon landscape'>\n\t\t\t\t<a href='http:\/\/szolnokimuvesztelep.com\/en\/2022\/10\/14\/nayg-istvan-festomuvesz-reszleges-tarlat-cimu-kiallitasa\/parizsi-naplo-2020\/'><img width=\"150\" height=\"150\" src=\"https:\/\/i2.wp.com\/szolnokimuvesztelep.com\/wp-content\/uploads\/2022\/10\/PARIZSI-NAPLO-2020-.jpg?resize=150%2C150\" class=\"attachment-thumbnail size-thumbnail\" alt=\"\" loading=\"lazy\" aria-describedby=\"gallery-1-7681\" srcset=\"https:\/\/i2.wp.com\/szolnokimuvesztelep.com\/wp-content\/uploads\/2022\/10\/PARIZSI-NAPLO-2020-.jpg?resize=150%2C150 150w, https:\/\/i2.wp.com\/szolnokimuvesztelep.com\/wp-content\/uploads\/2022\/10\/PARIZSI-NAPLO-2020-.jpg?zoom=2&amp;resize=150%2C150 300w, https:\/\/i2.wp.com\/szolnokimuvesztelep.com\/wp-content\/uploads\/2022\/10\/PARIZSI-NAPLO-2020-.jpg?zoom=3&amp;resize=150%2C150 450w\" sizes=\"(max-width: 150px) 100vw, 150px\" data-attachment-id=\"7681\" data-permalink=\"http:\/\/szolnokimuvesztelep.com\/en\/2022\/10\/14\/nayg-istvan-festomuvesz-reszleges-tarlat-cimu-kiallitasa\/parizsi-naplo-2020\/\" data-orig-file=\"https:\/\/i2.wp.com\/szolnokimuvesztelep.com\/wp-content\/uploads\/2022\/10\/PARIZSI-NAPLO-2020-.jpg?fit=747%2C682\" data-orig-size=\"747,682\" data-comments-opened=\"1\" data-image-meta=\"{&quot;aperture&quot;:&quot;1.7&quot;,&quot;credit&quot;:&quot;&quot;,&quot;camera&quot;:&quot;SM-J530F&quot;,&quot;caption&quot;:&quot;&quot;,&quot;created_timestamp&quot;:&quot;1611226719&quot;,&quot;copyright&quot;:&quot;&quot;,&quot;focal_length&quot;:&quot;3.71&quot;,&quot;iso&quot;:&quot;50&quot;,&quot;shutter_speed&quot;:&quot;0.02&quot;,&quot;title&quot;:&quot;&quot;,&quot;orientation&quot;:&quot;1&quot;}\" data-image-title=\"PARIZSI-NAPLO-2020-\" data-image-description=\"\" data-medium-file=\"https:\/\/i2.wp.com\/szolnokimuvesztelep.com\/wp-content\/uploads\/2022\/10\/PARIZSI-NAPLO-2020-.jpg?fit=300%2C274\" data-large-file=\"https:\/\/i2.wp.com\/szolnokimuvesztelep.com\/wp-content\/uploads\/2022\/10\/PARIZSI-NAPLO-2020-.jpg?fit=747%2C682\" \/><\/a>\n\t\t\t<\/div>\n\t\t\t\t<figcaption class='wp-caption-text gallery-caption' id='gallery-1-7681'>\n\t\t\t\tP\u00c1RIZSI NAPL\u00d3 2020.\n\t\t\t\t<\/figcaption><\/figure><figure class='gallery-item'>\n\t\t\t<div class='gallery-icon landscape'>\n\t\t\t\t<a href='http:\/\/szolnokimuvesztelep.com\/en\/2022\/10\/14\/nayg-istvan-festomuvesz-reszleges-tarlat-cimu-kiallitasa\/storm-ii-2018\/'><img width=\"150\" height=\"150\" src=\"https:\/\/i2.wp.com\/szolnokimuvesztelep.com\/wp-content\/uploads\/2022\/10\/STORM-II.2018.jpg?resize=150%2C150\" class=\"attachment-thumbnail size-thumbnail\" alt=\"\" loading=\"lazy\" aria-describedby=\"gallery-1-7682\" srcset=\"https:\/\/i2.wp.com\/szolnokimuvesztelep.com\/wp-content\/uploads\/2022\/10\/STORM-II.2018.jpg?resize=150%2C150 150w, https:\/\/i2.wp.com\/szolnokimuvesztelep.com\/wp-content\/uploads\/2022\/10\/STORM-II.2018.jpg?zoom=2&amp;resize=150%2C150 300w, https:\/\/i2.wp.com\/szolnokimuvesztelep.com\/wp-content\/uploads\/2022\/10\/STORM-II.2018.jpg?zoom=3&amp;resize=150%2C150 450w\" sizes=\"(max-width: 150px) 100vw, 150px\" data-attachment-id=\"7682\" data-permalink=\"http:\/\/szolnokimuvesztelep.com\/en\/2022\/10\/14\/nayg-istvan-festomuvesz-reszleges-tarlat-cimu-kiallitasa\/storm-ii-2018\/\" data-orig-file=\"https:\/\/i2.wp.com\/szolnokimuvesztelep.com\/wp-content\/uploads\/2022\/10\/STORM-II.2018.jpg?fit=1469%2C1143\" data-orig-size=\"1469,1143\" data-comments-opened=\"1\" data-image-meta=\"{&quot;aperture&quot;:&quot;16&quot;,&quot;credit&quot;:&quot;&quot;,&quot;camera&quot;:&quot;NIKON D5300&quot;,&quot;caption&quot;:&quot;&quot;,&quot;created_timestamp&quot;:&quot;1663833264&quot;,&quot;copyright&quot;:&quot;&quot;,&quot;focal_length&quot;:&quot;50&quot;,&quot;iso&quot;:&quot;125&quot;,&quot;shutter_speed&quot;:&quot;0.2&quot;,&quot;title&quot;:&quot;&quot;,&quot;orientation&quot;:&quot;1&quot;}\" data-image-title=\"STORM-II.2018\" data-image-description=\"\" data-medium-file=\"https:\/\/i2.wp.com\/szolnokimuvesztelep.com\/wp-content\/uploads\/2022\/10\/STORM-II.2018.jpg?fit=300%2C233\" data-large-file=\"https:\/\/i2.wp.com\/szolnokimuvesztelep.com\/wp-content\/uploads\/2022\/10\/STORM-II.2018.jpg?fit=790%2C615\" \/><\/a>\n\t\t\t<\/div>\n\t\t\t\t<figcaption class='wp-caption-text gallery-caption' id='gallery-1-7682'>\n\t\t\t\tSTORM II.\n\t\t\t\t<\/figcaption><\/figure><figure class='gallery-item'>\n\t\t\t<div class='gallery-icon landscape'>\n\t\t\t\t<a href='http:\/\/szolnokimuvesztelep.com\/en\/2022\/10\/14\/nayg-istvan-festomuvesz-reszleges-tarlat-cimu-kiallitasa\/storm-iii-2018\/'><img width=\"150\" height=\"150\" src=\"https:\/\/i1.wp.com\/szolnokimuvesztelep.com\/wp-content\/uploads\/2022\/10\/STORM-III.-2018.jpg?resize=150%2C150\" class=\"attachment-thumbnail size-thumbnail\" alt=\"\" loading=\"lazy\" aria-describedby=\"gallery-1-7683\" srcset=\"https:\/\/i1.wp.com\/szolnokimuvesztelep.com\/wp-content\/uploads\/2022\/10\/STORM-III.-2018.jpg?resize=150%2C150 150w, https:\/\/i1.wp.com\/szolnokimuvesztelep.com\/wp-content\/uploads\/2022\/10\/STORM-III.-2018.jpg?zoom=2&amp;resize=150%2C150 300w, https:\/\/i1.wp.com\/szolnokimuvesztelep.com\/wp-content\/uploads\/2022\/10\/STORM-III.-2018.jpg?zoom=3&amp;resize=150%2C150 450w\" sizes=\"(max-width: 150px) 100vw, 150px\" data-attachment-id=\"7683\" data-permalink=\"http:\/\/szolnokimuvesztelep.com\/en\/2022\/10\/14\/nayg-istvan-festomuvesz-reszleges-tarlat-cimu-kiallitasa\/storm-iii-2018\/\" data-orig-file=\"https:\/\/i1.wp.com\/szolnokimuvesztelep.com\/wp-content\/uploads\/2022\/10\/STORM-III.-2018.jpg?fit=1454%2C1155\" data-orig-size=\"1454,1155\" data-comments-opened=\"1\" data-image-meta=\"{&quot;aperture&quot;:&quot;16&quot;,&quot;credit&quot;:&quot;&quot;,&quot;camera&quot;:&quot;NIKON D5300&quot;,&quot;caption&quot;:&quot;&quot;,&quot;created_timestamp&quot;:&quot;1663833405&quot;,&quot;copyright&quot;:&quot;&quot;,&quot;focal_length&quot;:&quot;50&quot;,&quot;iso&quot;:&quot;125&quot;,&quot;shutter_speed&quot;:&quot;0.25&quot;,&quot;title&quot;:&quot;&quot;,&quot;orientation&quot;:&quot;1&quot;}\" data-image-title=\"STORM-III.-2018\" data-image-description=\"\" data-medium-file=\"https:\/\/i1.wp.com\/szolnokimuvesztelep.com\/wp-content\/uploads\/2022\/10\/STORM-III.-2018.jpg?fit=300%2C238\" data-large-file=\"https:\/\/i1.wp.com\/szolnokimuvesztelep.com\/wp-content\/uploads\/2022\/10\/STORM-III.-2018.jpg?fit=790%2C627\" \/><\/a>\n\t\t\t<\/div>\n\t\t\t\t<figcaption class='wp-caption-text gallery-caption' id='gallery-1-7683'>\n\t\t\t\tSTORM III.\n\t\t\t\t<\/figcaption><\/figure>\n\t\t<\/div>\n\n<p>&nbsp;<\/p>","protected":false},"excerpt":{"rendered":"<p>NAYG ISTV\u00c1N\u00a0 1951-ben sz\u00fcletett Budapesten, Budapesten \u00e9l \u00e9s dolgozik. 1983-87\u00a0 k\u00f6z\u00f6tt v\u00e9gezte tanulm\u00e1nyait\u00a0 a\u00a0 Magyar\u00a0 K\u00e9pz\u0151m\u0171v\u00e9szeti\u00a0 F\u0151iskol\u00e1n, Sv\u00e1by Lajos oszt\u00e1ly\u00e1n. 1987-89\u00a0 Posztgradu\u00e1lis k\u00e9pz\u00e9s, T\u00f6lg -Moln\u00e1r Zolt\u00e1n oszt\u00e1ly\u00e1n. 1987-t\u0151l\u00a0 tagja a Magyar Alkot\u00f3m\u0171v\u00e9szek Orsz\u00e1gos Egyes\u00fclet\u00e9nek 1991\u00a0 Egyik alap\u00edt\u00f3 tagja a Block Csoportnak 2015-t\u0151l tagja a Le G\u00e9nie de la Bastille p\u00e1rizsi&hellip; <\/p>","protected":false},"author":6,"featured_media":7667,"comment_status":"open","ping_status":"open","sticky":false,"template":"","format":"standard","meta":{"spay_email":"","jetpack_publicize_message":""},"categories":[55,1,58],"tags":[],"yst_prominent_words":[],"jetpack_featured_media_url":"https:\/\/i2.wp.com\/szolnokimuvesztelep.com\/wp-content\/uploads\/2022\/10\/mfn_slider_2022.jpg?fit=1810%2C640","jetpack_publicize_connections":[],"yoast_head":"<!-- This site is optimized with the Yoast SEO Premium plugin v14.1 - https:\/\/yoast.com\/wordpress\/plugins\/seo\/ -->\n<title>Nayg Istv\u00e1n fest\u0151m\u0171v\u00e9sz R\u00e9szleges lelt\u00e1r c\u00edm\u0171 ki\u00e1ll\u00edt\u00e1sa - november 26-ig - SZOLNOKI M\u0170V\u00c9SZTELEP<\/title>\n<meta name=\"robots\" content=\"index, follow\" \/>\n<meta name=\"googlebot\" content=\"index, follow, max-snippet:-1, max-image-preview:large, max-video-preview:-1\" \/>\n<meta name=\"bingbot\" content=\"index, follow, max-snippet:-1, max-image-preview:large, max-video-preview:-1\" \/>\n<link rel=\"canonical\" href=\"http:\/\/szolnokimuvesztelep.com\/en\/2022\/10\/14\/nayg-istvan-festomuvesz-reszleges-tarlat-cimu-kiallitasa\/\" \/>\n<meta property=\"og:locale\" content=\"en_US\" \/>\n<meta property=\"og:type\" content=\"article\" \/>\n<meta property=\"og:title\" content=\"Nayg Istv\u00e1n fest\u0151m\u0171v\u00e9sz R\u00e9szleges lelt\u00e1r c\u00edm\u0171 ki\u00e1ll\u00edt\u00e1sa - november 26-ig - SZOLNOKI M\u0170V\u00c9SZTELEP\" \/>\n<meta property=\"og:description\" content=\"NAYG ISTV\u00c1N\u00a0 1951-ben sz\u00fcletett Budapesten, Budapesten \u00e9l \u00e9s dolgozik. 1983-87\u00a0 k\u00f6z\u00f6tt v\u00e9gezte tanulm\u00e1nyait\u00a0 a\u00a0 Magyar\u00a0 K\u00e9pz\u0151m\u0171v\u00e9szeti\u00a0 F\u0151iskol\u00e1n, Sv\u00e1by Lajos oszt\u00e1ly\u00e1n. 1987-89\u00a0 Posztgradu\u00e1lis k\u00e9pz\u00e9s, T\u00f6lg -Moln\u00e1r Zolt\u00e1n oszt\u00e1ly\u00e1n. 1987-t\u0151l\u00a0 tagja a Magyar Alkot\u00f3m\u0171v\u00e9szek Orsz\u00e1gos Egyes\u00fclet\u00e9nek 1991\u00a0 Egyik alap\u00edt\u00f3 tagja a Block Csoportnak 2015-t\u0151l tagja a Le G\u00e9nie de la Bastille p\u00e1rizsi&hellip;\" \/>\n<meta property=\"og:url\" content=\"http:\/\/szolnokimuvesztelep.com\/en\/2022\/10\/14\/nayg-istvan-festomuvesz-reszleges-tarlat-cimu-kiallitasa\/\" \/>\n<meta property=\"og:site_name\" content=\"SZOLNOKI M\u0170V\u00c9SZTELEP\" \/>\n<meta property=\"article:publisher\" content=\"https:\/\/www.facebook.com\/szolnokimuvesztelepofficial\/\" \/>\n<meta property=\"article:published_time\" content=\"2022-10-14T19:06:36+00:00\" \/>\n<meta property=\"article:modified_time\" content=\"2022-11-24T11:03:29+00:00\" \/>\n<meta property=\"og:image\" content=\"https:\/\/i2.wp.com\/szolnokimuvesztelep.com\/wp-content\/uploads\/2022\/10\/mfn_slider_2022.jpg?fit=1810%2C640\" \/>\n\t<meta property=\"og:image:width\" content=\"1810\" \/>\n\t<meta property=\"og:image:height\" content=\"640\" \/>\n<script type=\"application\/ld+json\" class=\"yoast-schema-graph\">{\"@context\":\"https:\/\/schema.org\",\"@graph\":[{\"@type\":\"Organization\",\"@id\":\"http:\/\/szolnokimuvesztelep.com\/en\/#organization\",\"name\":\"Szolnoki M\\u0171v\\u00e9sztelep\",\"url\":\"http:\/\/szolnokimuvesztelep.com\/en\/\",\"sameAs\":[\"https:\/\/www.facebook.com\/szolnokimuvesztelepofficial\/\",\"https:\/\/www.instagram.com\/szolnoki_muvesztelep\/\",\"https:\/\/www.youtube.com\/channel\/UCAYRF4A8FrslG3J__XEjEoA\",\"https:\/\/hu.wikipedia.org\/wiki\/Szolnoki_m\\u0171v\\u00e9sztelep\"],\"logo\":{\"@type\":\"ImageObject\",\"@id\":\"http:\/\/szolnokimuvesztelep.com\/en\/#logo\",\"inLanguage\":\"en-US\",\"url\":\"https:\/\/i0.wp.com\/szolnokimuvesztelep.com\/wp-content\/uploads\/2020\/05\/szmt_2019_szlogen_psz-01.png?fit=2242%2C863\",\"width\":2242,\"height\":863,\"caption\":\"Szolnoki M\\u0171v\\u00e9sztelep\"},\"image\":{\"@id\":\"http:\/\/szolnokimuvesztelep.com\/en\/#logo\"}},{\"@type\":\"WebSite\",\"@id\":\"http:\/\/szolnokimuvesztelep.com\/en\/#website\",\"url\":\"http:\/\/szolnokimuvesztelep.com\/en\/\",\"name\":\"SZOLNOKI M\\u0170V\\u00c9SZTELEP\",\"description\":\"Meg\\u00fajul\\u00f3 hagyom\\u00e1ny\",\"publisher\":{\"@id\":\"http:\/\/szolnokimuvesztelep.com\/en\/#organization\"},\"potentialAction\":[{\"@type\":\"SearchAction\",\"target\":\"http:\/\/szolnokimuvesztelep.com\/en\/?s={search_term_string}\",\"query-input\":\"required name=search_term_string\"}],\"inLanguage\":\"en-US\"},{\"@type\":\"ImageObject\",\"@id\":\"http:\/\/szolnokimuvesztelep.com\/2022\/10\/14\/nayg-istvan-festomuvesz-reszleges-tarlat-cimu-kiallitasa\/#primaryimage\",\"inLanguage\":\"en-US\",\"url\":\"https:\/\/i2.wp.com\/szolnokimuvesztelep.com\/wp-content\/uploads\/2022\/10\/mfn_slider_2022.jpg?fit=1810%2C640\",\"width\":1810,\"height\":640},{\"@type\":\"WebPage\",\"@id\":\"http:\/\/szolnokimuvesztelep.com\/2022\/10\/14\/nayg-istvan-festomuvesz-reszleges-tarlat-cimu-kiallitasa\/#webpage\",\"url\":\"http:\/\/szolnokimuvesztelep.com\/2022\/10\/14\/nayg-istvan-festomuvesz-reszleges-tarlat-cimu-kiallitasa\/\",\"name\":\"Nayg Istv\\u00e1n fest\\u0151m\\u0171v\\u00e9sz R\\u00e9szleges lelt\\u00e1r c\\u00edm\\u0171 ki\\u00e1ll\\u00edt\\u00e1sa - november 26-ig - SZOLNOKI M\\u0170V\\u00c9SZTELEP\",\"isPartOf\":{\"@id\":\"http:\/\/szolnokimuvesztelep.com\/en\/#website\"},\"primaryImageOfPage\":{\"@id\":\"http:\/\/szolnokimuvesztelep.com\/2022\/10\/14\/nayg-istvan-festomuvesz-reszleges-tarlat-cimu-kiallitasa\/#primaryimage\"},\"datePublished\":\"2022-10-14T19:06:36+00:00\",\"dateModified\":\"2022-11-24T11:03:29+00:00\",\"inLanguage\":\"en-US\",\"potentialAction\":[{\"@type\":\"ReadAction\",\"target\":[\"http:\/\/szolnokimuvesztelep.com\/2022\/10\/14\/nayg-istvan-festomuvesz-reszleges-tarlat-cimu-kiallitasa\/\"]}]},{\"@type\":\"Article\",\"@id\":\"http:\/\/szolnokimuvesztelep.com\/2022\/10\/14\/nayg-istvan-festomuvesz-reszleges-tarlat-cimu-kiallitasa\/#article\",\"isPartOf\":{\"@id\":\"http:\/\/szolnokimuvesztelep.com\/2022\/10\/14\/nayg-istvan-festomuvesz-reszleges-tarlat-cimu-kiallitasa\/#webpage\"},\"author\":{\"@id\":\"http:\/\/szolnokimuvesztelep.com\/en\/#\/schema\/person\/455817b7faaefdc309af6d6d95453700\"},\"headline\":\"Nayg Istv\\u00e1n fest\\u0151m\\u0171v\\u00e9sz R\\u00e9szleges lelt\\u00e1r c\\u00edm\\u0171 ki\\u00e1ll\\u00edt\\u00e1sa &#8211; november 26-ig\",\"datePublished\":\"2022-10-14T19:06:36+00:00\",\"dateModified\":\"2022-11-24T11:03:29+00:00\",\"commentCount\":0,\"mainEntityOfPage\":{\"@id\":\"http:\/\/szolnokimuvesztelep.com\/2022\/10\/14\/nayg-istvan-festomuvesz-reszleges-tarlat-cimu-kiallitasa\/#webpage\"},\"publisher\":{\"@id\":\"http:\/\/szolnokimuvesztelep.com\/en\/#organization\"},\"image\":{\"@id\":\"http:\/\/szolnokimuvesztelep.com\/2022\/10\/14\/nayg-istvan-festomuvesz-reszleges-tarlat-cimu-kiallitasa\/#primaryimage\"},\"articleSection\":\"Arch\\u00edv,Egy\\u00e9b,H\\u00edrek\",\"inLanguage\":\"en-US\",\"potentialAction\":[{\"@type\":\"CommentAction\",\"name\":\"Comment\",\"target\":[\"http:\/\/szolnokimuvesztelep.com\/2022\/10\/14\/nayg-istvan-festomuvesz-reszleges-tarlat-cimu-kiallitasa\/#respond\"]}]},{\"@type\":[\"Person\"],\"@id\":\"http:\/\/szolnokimuvesztelep.com\/en\/#\/schema\/person\/455817b7faaefdc309af6d6d95453700\",\"name\":\"Cselle Judit\",\"image\":{\"@type\":\"ImageObject\",\"@id\":\"http:\/\/szolnokimuvesztelep.com\/en\/#personlogo\",\"inLanguage\":\"en-US\",\"url\":\"http:\/\/0.gravatar.com\/avatar\/3eb98182a1cc7aad03ba91a0145855ba?s=96&d=mm&r=g\",\"caption\":\"Cselle Judit\"}}]}<\/script>\n<!-- \/ Yoast SEO Premium plugin. -->","jetpack_sharing_enabled":true,"jetpack_shortlink":"https:\/\/wp.me\/p9tpmR-1ZE","jetpack_likes_enabled":true,"jetpack-related-posts":[],"_links":{"self":[{"href":"http:\/\/szolnokimuvesztelep.com\/en\/wp-json\/wp\/v2\/posts\/7666"}],"collection":[{"href":"http:\/\/szolnokimuvesztelep.com\/en\/wp-json\/wp\/v2\/posts"}],"about":[{"href":"http:\/\/szolnokimuvesztelep.com\/en\/wp-json\/wp\/v2\/types\/post"}],"author":[{"embeddable":true,"href":"http:\/\/szolnokimuvesztelep.com\/en\/wp-json\/wp\/v2\/users\/6"}],"replies":[{"embeddable":true,"href":"http:\/\/szolnokimuvesztelep.com\/en\/wp-json\/wp\/v2\/comments?post=7666"}],"version-history":[{"count":9,"href":"http:\/\/szolnokimuvesztelep.com\/en\/wp-json\/wp\/v2\/posts\/7666\/revisions"}],"predecessor-version":[{"id":7729,"href":"http:\/\/szolnokimuvesztelep.com\/en\/wp-json\/wp\/v2\/posts\/7666\/revisions\/7729"}],"wp:featuredmedia":[{"embeddable":true,"href":"http:\/\/szolnokimuvesztelep.com\/en\/wp-json\/wp\/v2\/media\/7667"}],"wp:attachment":[{"href":"http:\/\/szolnokimuvesztelep.com\/en\/wp-json\/wp\/v2\/media?parent=7666"}],"wp:term":[{"taxonomy":"category","embeddable":true,"href":"http:\/\/szolnokimuvesztelep.com\/en\/wp-json\/wp\/v2\/categories?post=7666"},{"taxonomy":"post_tag","embeddable":true,"href":"http:\/\/szolnokimuvesztelep.com\/en\/wp-json\/wp\/v2\/tags?post=7666"},{"taxonomy":"yst_prominent_words","embeddable":true,"href":"http:\/\/szolnokimuvesztelep.com\/en\/wp-json\/wp\/v2\/yst_prominent_words?post=7666"}],"curies":[{"name":"wp","href":"https:\/\/api.w.org\/{rel}","templated":true}]}}