{"id":7620,"date":"2022-09-08T08:39:10","date_gmt":"2022-09-08T08:39:10","guid":{"rendered":"http:\/\/szolnokimuvesztelep.com\/?p=7620"},"modified":"2022-11-15T12:38:52","modified_gmt":"2022-11-15T12:38:52","slug":"valogatas-a-caffart-nemzetkozi-muvesztelep-gyujtemenyebol-cimu-kiallitas-2","status":"publish","type":"post","link":"http:\/\/szolnokimuvesztelep.com\/en\/2022\/09\/08\/valogatas-a-caffart-nemzetkozi-muvesztelep-gyujtemenyebol-cimu-kiallitas-2\/","title":{"rendered":"V\u00e1logat\u00e1s a Caffart Nemzetk\u00f6zi M\u0171v\u00e9sztelep gy\u0171jtem\u00e9ny\u00e9b\u0151l c\u00edm\u0171 ki\u00e1ll\u00edt\u00e1s &#8211; v\u00e9ge"},"content":{"rendered":"<p class=\"p1\">A Szolnoki M\u0171v\u00e9sztelep tisztelettel megh\u00edvja \u00d6nt \u00e9s bar\u00e1tait a<\/p>\n<p class=\"p1\"><strong>V\u00e1logat\u00e1s a <span class=\"s1\">Caffart Nemzetk\u00f6zi M\u0171v\u00e9sztelep <\/span>gy\u0171jtem\u00e9ny\u00e9b\u0151l<\/strong><br \/>\nc\u00edm\u0171 ki\u00e1ll\u00edt\u00e1sra<\/p>\n<p class=\"p1\"><b>Id\u0151pont<br \/>\n<\/b>2022. szeptember 16. p\u00e9ntek 18.00 \u00f3ra<\/p>\n<p class=\"p3\"><b>Helysz\u00edn<br \/>\n<\/b>Szolnoki M\u0171v\u00e9sztelep Kert Gal\u00e9ria (5000 Szolnok, Gutenberg t\u00e9r 12\/12.)<\/p>\n<p class=\"p3\"><b>Megnyitja<span class=\"Apple-converted-space\"><br \/>\n<\/span><\/b>N. Kov\u00e1cs Zita m\u0171v\u00e9szett\u00f6rt\u00e9n\u00e9sz<\/p>\n<p class=\"p1\"><b>Megtekinthet\u0151<br \/>\n<\/b>2022. okt\u00f3ber 10-ig (H-P: 9.00 \u2013 16.00 \u00f3r\u00e1ig, vagy el\u0151zetes egyeztet\u00e9s szerint)<\/p>\n<p><strong>Ki\u00e1ll\u00edt\u00f3 m\u0171v\u00e9szek<\/strong><br \/>\nBalogh Krist\u00f3f J\u00f3zsef, B\u00edr\u00f3 Botond, Boros M\u00e1ty\u00e1s, Bugyi Istv\u00e1n J\u00f3zsef, Debreczeni Imre, Fazakas Ildik\u00f3, Ferencz S. Apor, Filp Csaba, Harmath Ica, Harmath Istv\u00e1n, Herman Levente, Horv\u00e1th Roland, K\u00e1ntor J\u00f3zsef, Kecs\u0151 Endre, Knyih\u00e1r Amarilla, L\u00e1szl\u00f3 J\u00e1nos, Lesty\u00e1n Csaba, Makrai Ad\u00e9l, \u0150ry Annam\u00e1ria, Pap Gitta, Pierluigi Cattaneo, Pincz\u00e9s J\u00f3zsef, R\u00e9kasi Attila, Soltis Mikl\u00f3s, S\u00fct\u0151 R\u00f3bert, Szerdi G\u00e1bor, Sz\u0151ke Erika, Tarciso Viriato, Tien Lee, T\u00f3th Norbert, T\u00f6r\u00f6k Ferenc, Utcai D\u00e1vid<\/p>\n<p>&nbsp;<\/p>\n<p><img data-attachment-id=\"7609\" data-permalink=\"http:\/\/szolnokimuvesztelep.com\/en\/2022\/09\/05\/valogatas-a-caffart-nemzetkozi-muvesztelep-gyujtemenyebol-cimu-kiallitas\/caffart_meghivo_03_szmuvesztelep2022\/\" data-orig-file=\"https:\/\/i1.wp.com\/szolnokimuvesztelep.com\/wp-content\/uploads\/2022\/09\/Caffart_Meghivo_03_SzMuvesztelep2022.jpg?fit=874%2C1157\" data-orig-size=\"874,1157\" data-comments-opened=\"1\" data-image-meta=\"{&quot;aperture&quot;:&quot;0&quot;,&quot;credit&quot;:&quot;&quot;,&quot;camera&quot;:&quot;&quot;,&quot;caption&quot;:&quot;&quot;,&quot;created_timestamp&quot;:&quot;0&quot;,&quot;copyright&quot;:&quot;&quot;,&quot;focal_length&quot;:&quot;0&quot;,&quot;iso&quot;:&quot;0&quot;,&quot;shutter_speed&quot;:&quot;0&quot;,&quot;title&quot;:&quot;&quot;,&quot;orientation&quot;:&quot;0&quot;}\" data-image-title=\"Caffart_Meghivo_03_SzMuvesztelep2022\" data-image-description=\"\" data-medium-file=\"https:\/\/i1.wp.com\/szolnokimuvesztelep.com\/wp-content\/uploads\/2022\/09\/Caffart_Meghivo_03_SzMuvesztelep2022.jpg?fit=227%2C300\" data-large-file=\"https:\/\/i1.wp.com\/szolnokimuvesztelep.com\/wp-content\/uploads\/2022\/09\/Caffart_Meghivo_03_SzMuvesztelep2022.jpg?fit=774%2C1024\" loading=\"lazy\" class=\"alignnone size-full wp-image-7609\" src=\"https:\/\/i1.wp.com\/szolnokimuvesztelep.com\/wp-content\/uploads\/2022\/09\/Caffart_Meghivo_03_SzMuvesztelep2022.jpg?resize=860%2C1138\" alt=\"\" width=\"860\" height=\"1138\" srcset=\"https:\/\/i1.wp.com\/szolnokimuvesztelep.com\/wp-content\/uploads\/2022\/09\/Caffart_Meghivo_03_SzMuvesztelep2022.jpg?w=874 874w, https:\/\/i1.wp.com\/szolnokimuvesztelep.com\/wp-content\/uploads\/2022\/09\/Caffart_Meghivo_03_SzMuvesztelep2022.jpg?resize=227%2C300 227w, https:\/\/i1.wp.com\/szolnokimuvesztelep.com\/wp-content\/uploads\/2022\/09\/Caffart_Meghivo_03_SzMuvesztelep2022.jpg?resize=774%2C1024 774w, https:\/\/i1.wp.com\/szolnokimuvesztelep.com\/wp-content\/uploads\/2022\/09\/Caffart_Meghivo_03_SzMuvesztelep2022.jpg?resize=768%2C1017 768w\" sizes=\"(max-width: 860px) 100vw, 860px\" data-recalc-dims=\"1\" \/><\/p>","protected":false},"excerpt":{"rendered":"<p>A Szolnoki M\u0171v\u00e9sztelep tisztelettel megh\u00edvja \u00d6nt \u00e9s bar\u00e1tait a V\u00e1logat\u00e1s a Caffart Nemzetk\u00f6zi M\u0171v\u00e9sztelep gy\u0171jtem\u00e9ny\u00e9b\u0151l c\u00edm\u0171 ki\u00e1ll\u00edt\u00e1sra Id\u0151pont 2022. szeptember 16. p\u00e9ntek 18.00 \u00f3ra Helysz\u00edn Szolnoki M\u0171v\u00e9sztelep Kert Gal\u00e9ria (5000 Szolnok, Gutenberg t\u00e9r 12\/12.) Megnyitja N. Kov\u00e1cs Zita m\u0171v\u00e9szett\u00f6rt\u00e9n\u00e9sz Megtekinthet\u0151 2022. okt\u00f3ber 10-ig (H-P: 9.00 \u2013 16.00 \u00f3r\u00e1ig, vagy el\u0151zetes&hellip; <\/p>","protected":false},"author":6,"featured_media":7621,"comment_status":"open","ping_status":"open","sticky":false,"template":"","format":"standard","meta":{"spay_email":"","jetpack_publicize_message":""},"categories":[55,1,58],"tags":[],"yst_prominent_words":[],"jetpack_featured_media_url":"https:\/\/i2.wp.com\/szolnokimuvesztelep.com\/wp-content\/uploads\/2022\/09\/negyzet_honlap_2022_Caffart.jpg?fit=625%2C625","jetpack_publicize_connections":[],"yoast_head":"<!-- This site is optimized with the Yoast SEO Premium plugin v14.1 - https:\/\/yoast.com\/wordpress\/plugins\/seo\/ -->\n<title>V\u00e1logat\u00e1s a Caffart Nemzetk\u00f6zi M\u0171v\u00e9sztelep gy\u0171jtem\u00e9ny\u00e9b\u0151l c\u00edm\u0171 ki\u00e1ll\u00edt\u00e1s - v\u00e9ge - SZOLNOKI M\u0170V\u00c9SZTELEP<\/title>\n<meta name=\"robots\" content=\"index, follow\" \/>\n<meta name=\"googlebot\" content=\"index, follow, max-snippet:-1, max-image-preview:large, max-video-preview:-1\" \/>\n<meta name=\"bingbot\" content=\"index, follow, max-snippet:-1, max-image-preview:large, max-video-preview:-1\" \/>\n<link rel=\"canonical\" href=\"http:\/\/szolnokimuvesztelep.com\/en\/2022\/09\/08\/valogatas-a-caffart-nemzetkozi-muvesztelep-gyujtemenyebol-cimu-kiallitas-2\/\" \/>\n<meta property=\"og:locale\" content=\"en_US\" \/>\n<meta property=\"og:type\" content=\"article\" \/>\n<meta property=\"og:title\" content=\"V\u00e1logat\u00e1s a Caffart Nemzetk\u00f6zi M\u0171v\u00e9sztelep gy\u0171jtem\u00e9ny\u00e9b\u0151l c\u00edm\u0171 ki\u00e1ll\u00edt\u00e1s - v\u00e9ge - SZOLNOKI M\u0170V\u00c9SZTELEP\" \/>\n<meta property=\"og:description\" content=\"A Szolnoki M\u0171v\u00e9sztelep tisztelettel megh\u00edvja \u00d6nt \u00e9s bar\u00e1tait a V\u00e1logat\u00e1s a Caffart Nemzetk\u00f6zi M\u0171v\u00e9sztelep gy\u0171jtem\u00e9ny\u00e9b\u0151l c\u00edm\u0171 ki\u00e1ll\u00edt\u00e1sra Id\u0151pont 2022. szeptember 16. p\u00e9ntek 18.00 \u00f3ra Helysz\u00edn Szolnoki M\u0171v\u00e9sztelep Kert Gal\u00e9ria (5000 Szolnok, Gutenberg t\u00e9r 12\/12.) Megnyitja N. Kov\u00e1cs Zita m\u0171v\u00e9szett\u00f6rt\u00e9n\u00e9sz Megtekinthet\u0151 2022. okt\u00f3ber 10-ig (H-P: 9.00 \u2013 16.00 \u00f3r\u00e1ig, vagy el\u0151zetes&hellip;\" \/>\n<meta property=\"og:url\" content=\"http:\/\/szolnokimuvesztelep.com\/en\/2022\/09\/08\/valogatas-a-caffart-nemzetkozi-muvesztelep-gyujtemenyebol-cimu-kiallitas-2\/\" \/>\n<meta property=\"og:site_name\" content=\"SZOLNOKI M\u0170V\u00c9SZTELEP\" \/>\n<meta property=\"article:publisher\" content=\"https:\/\/www.facebook.com\/szolnokimuvesztelepofficial\/\" \/>\n<meta property=\"article:published_time\" content=\"2022-09-08T08:39:10+00:00\" \/>\n<meta property=\"article:modified_time\" content=\"2022-11-15T12:38:52+00:00\" \/>\n<meta property=\"og:image\" content=\"https:\/\/i2.wp.com\/szolnokimuvesztelep.com\/wp-content\/uploads\/2022\/09\/negyzet_honlap_2022_Caffart.jpg?fit=625%2C625\" \/>\n\t<meta property=\"og:image:width\" content=\"625\" \/>\n\t<meta property=\"og:image:height\" content=\"625\" \/>\n<script type=\"application\/ld+json\" class=\"yoast-schema-graph\">{\"@context\":\"https:\/\/schema.org\",\"@graph\":[{\"@type\":\"Organization\",\"@id\":\"http:\/\/szolnokimuvesztelep.com\/en\/#organization\",\"name\":\"Szolnoki M\\u0171v\\u00e9sztelep\",\"url\":\"http:\/\/szolnokimuvesztelep.com\/en\/\",\"sameAs\":[\"https:\/\/www.facebook.com\/szolnokimuvesztelepofficial\/\",\"https:\/\/www.instagram.com\/szolnoki_muvesztelep\/\",\"https:\/\/www.youtube.com\/channel\/UCAYRF4A8FrslG3J__XEjEoA\",\"https:\/\/hu.wikipedia.org\/wiki\/Szolnoki_m\\u0171v\\u00e9sztelep\"],\"logo\":{\"@type\":\"ImageObject\",\"@id\":\"http:\/\/szolnokimuvesztelep.com\/en\/#logo\",\"inLanguage\":\"en-US\",\"url\":\"https:\/\/i0.wp.com\/szolnokimuvesztelep.com\/wp-content\/uploads\/2020\/05\/szmt_2019_szlogen_psz-01.png?fit=2242%2C863\",\"width\":2242,\"height\":863,\"caption\":\"Szolnoki M\\u0171v\\u00e9sztelep\"},\"image\":{\"@id\":\"http:\/\/szolnokimuvesztelep.com\/en\/#logo\"}},{\"@type\":\"WebSite\",\"@id\":\"http:\/\/szolnokimuvesztelep.com\/en\/#website\",\"url\":\"http:\/\/szolnokimuvesztelep.com\/en\/\",\"name\":\"SZOLNOKI M\\u0170V\\u00c9SZTELEP\",\"description\":\"Meg\\u00fajul\\u00f3 hagyom\\u00e1ny\",\"publisher\":{\"@id\":\"http:\/\/szolnokimuvesztelep.com\/en\/#organization\"},\"potentialAction\":[{\"@type\":\"SearchAction\",\"target\":\"http:\/\/szolnokimuvesztelep.com\/en\/?s={search_term_string}\",\"query-input\":\"required name=search_term_string\"}],\"inLanguage\":\"en-US\"},{\"@type\":\"ImageObject\",\"@id\":\"http:\/\/szolnokimuvesztelep.com\/2022\/09\/08\/valogatas-a-caffart-nemzetkozi-muvesztelep-gyujtemenyebol-cimu-kiallitas-2\/#primaryimage\",\"inLanguage\":\"en-US\",\"url\":\"https:\/\/i2.wp.com\/szolnokimuvesztelep.com\/wp-content\/uploads\/2022\/09\/negyzet_honlap_2022_Caffart.jpg?fit=625%2C625\",\"width\":625,\"height\":625},{\"@type\":\"WebPage\",\"@id\":\"http:\/\/szolnokimuvesztelep.com\/2022\/09\/08\/valogatas-a-caffart-nemzetkozi-muvesztelep-gyujtemenyebol-cimu-kiallitas-2\/#webpage\",\"url\":\"http:\/\/szolnokimuvesztelep.com\/2022\/09\/08\/valogatas-a-caffart-nemzetkozi-muvesztelep-gyujtemenyebol-cimu-kiallitas-2\/\",\"name\":\"V\\u00e1logat\\u00e1s a Caffart Nemzetk\\u00f6zi M\\u0171v\\u00e9sztelep gy\\u0171jtem\\u00e9ny\\u00e9b\\u0151l c\\u00edm\\u0171 ki\\u00e1ll\\u00edt\\u00e1s - v\\u00e9ge - SZOLNOKI M\\u0170V\\u00c9SZTELEP\",\"isPartOf\":{\"@id\":\"http:\/\/szolnokimuvesztelep.com\/en\/#website\"},\"primaryImageOfPage\":{\"@id\":\"http:\/\/szolnokimuvesztelep.com\/2022\/09\/08\/valogatas-a-caffart-nemzetkozi-muvesztelep-gyujtemenyebol-cimu-kiallitas-2\/#primaryimage\"},\"datePublished\":\"2022-09-08T08:39:10+00:00\",\"dateModified\":\"2022-11-15T12:38:52+00:00\",\"inLanguage\":\"en-US\",\"potentialAction\":[{\"@type\":\"ReadAction\",\"target\":[\"http:\/\/szolnokimuvesztelep.com\/2022\/09\/08\/valogatas-a-caffart-nemzetkozi-muvesztelep-gyujtemenyebol-cimu-kiallitas-2\/\"]}]},{\"@type\":\"Article\",\"@id\":\"http:\/\/szolnokimuvesztelep.com\/2022\/09\/08\/valogatas-a-caffart-nemzetkozi-muvesztelep-gyujtemenyebol-cimu-kiallitas-2\/#article\",\"isPartOf\":{\"@id\":\"http:\/\/szolnokimuvesztelep.com\/2022\/09\/08\/valogatas-a-caffart-nemzetkozi-muvesztelep-gyujtemenyebol-cimu-kiallitas-2\/#webpage\"},\"author\":{\"@id\":\"http:\/\/szolnokimuvesztelep.com\/en\/#\/schema\/person\/455817b7faaefdc309af6d6d95453700\"},\"headline\":\"V\\u00e1logat\\u00e1s a Caffart Nemzetk\\u00f6zi M\\u0171v\\u00e9sztelep gy\\u0171jtem\\u00e9ny\\u00e9b\\u0151l c\\u00edm\\u0171 ki\\u00e1ll\\u00edt\\u00e1s &#8211; v\\u00e9ge\",\"datePublished\":\"2022-09-08T08:39:10+00:00\",\"dateModified\":\"2022-11-15T12:38:52+00:00\",\"commentCount\":0,\"mainEntityOfPage\":{\"@id\":\"http:\/\/szolnokimuvesztelep.com\/2022\/09\/08\/valogatas-a-caffart-nemzetkozi-muvesztelep-gyujtemenyebol-cimu-kiallitas-2\/#webpage\"},\"publisher\":{\"@id\":\"http:\/\/szolnokimuvesztelep.com\/en\/#organization\"},\"image\":{\"@id\":\"http:\/\/szolnokimuvesztelep.com\/2022\/09\/08\/valogatas-a-caffart-nemzetkozi-muvesztelep-gyujtemenyebol-cimu-kiallitas-2\/#primaryimage\"},\"articleSection\":\"Arch\\u00edv,Egy\\u00e9b,H\\u00edrek\",\"inLanguage\":\"en-US\",\"potentialAction\":[{\"@type\":\"CommentAction\",\"name\":\"Comment\",\"target\":[\"http:\/\/szolnokimuvesztelep.com\/2022\/09\/08\/valogatas-a-caffart-nemzetkozi-muvesztelep-gyujtemenyebol-cimu-kiallitas-2\/#respond\"]}]},{\"@type\":[\"Person\"],\"@id\":\"http:\/\/szolnokimuvesztelep.com\/en\/#\/schema\/person\/455817b7faaefdc309af6d6d95453700\",\"name\":\"Cselle Judit\",\"image\":{\"@type\":\"ImageObject\",\"@id\":\"http:\/\/szolnokimuvesztelep.com\/en\/#personlogo\",\"inLanguage\":\"en-US\",\"url\":\"http:\/\/0.gravatar.com\/avatar\/3eb98182a1cc7aad03ba91a0145855ba?s=96&d=mm&r=g\",\"caption\":\"Cselle Judit\"}}]}<\/script>\n<!-- \/ Yoast SEO Premium plugin. -->","jetpack_sharing_enabled":true,"jetpack_shortlink":"https:\/\/wp.me\/p9tpmR-1YU","jetpack_likes_enabled":true,"jetpack-related-posts":[],"_links":{"self":[{"href":"http:\/\/szolnokimuvesztelep.com\/en\/wp-json\/wp\/v2\/posts\/7620"}],"collection":[{"href":"http:\/\/szolnokimuvesztelep.com\/en\/wp-json\/wp\/v2\/posts"}],"about":[{"href":"http:\/\/szolnokimuvesztelep.com\/en\/wp-json\/wp\/v2\/types\/post"}],"author":[{"embeddable":true,"href":"http:\/\/szolnokimuvesztelep.com\/en\/wp-json\/wp\/v2\/users\/6"}],"replies":[{"embeddable":true,"href":"http:\/\/szolnokimuvesztelep.com\/en\/wp-json\/wp\/v2\/comments?post=7620"}],"version-history":[{"count":2,"href":"http:\/\/szolnokimuvesztelep.com\/en\/wp-json\/wp\/v2\/posts\/7620\/revisions"}],"predecessor-version":[{"id":7687,"href":"http:\/\/szolnokimuvesztelep.com\/en\/wp-json\/wp\/v2\/posts\/7620\/revisions\/7687"}],"wp:featuredmedia":[{"embeddable":true,"href":"http:\/\/szolnokimuvesztelep.com\/en\/wp-json\/wp\/v2\/media\/7621"}],"wp:attachment":[{"href":"http:\/\/szolnokimuvesztelep.com\/en\/wp-json\/wp\/v2\/media?parent=7620"}],"wp:term":[{"taxonomy":"category","embeddable":true,"href":"http:\/\/szolnokimuvesztelep.com\/en\/wp-json\/wp\/v2\/categories?post=7620"},{"taxonomy":"post_tag","embeddable":true,"href":"http:\/\/szolnokimuvesztelep.com\/en\/wp-json\/wp\/v2\/tags?post=7620"},{"taxonomy":"yst_prominent_words","embeddable":true,"href":"http:\/\/szolnokimuvesztelep.com\/en\/wp-json\/wp\/v2\/yst_prominent_words?post=7620"}],"curies":[{"name":"wp","href":"https:\/\/api.w.org\/{rel}","templated":true}]}}