{"id":7591,"date":"2022-08-28T16:37:26","date_gmt":"2022-08-28T16:37:26","guid":{"rendered":"http:\/\/szolnokimuvesztelep.com\/?p=7591"},"modified":"2022-11-15T12:39:38","modified_gmt":"2022-11-15T12:39:38","slug":"mamuvesztelep-a-szolnoki-muvesztelepen","status":"publish","type":"post","link":"http:\/\/szolnokimuvesztelep.com\/en\/2022\/08\/28\/mamuvesztelep-a-szolnoki-muvesztelepen\/","title":{"rendered":"MAM\u0170v\u00e9sztelep a Szolnoki M\u0171v\u00e9sztelepen"},"content":{"rendered":"<div>Szolnoki M\u0171v\u00e9sztelep, 2022. augusztus 22-31.<\/div>\n<div><\/div>\n<div>A MAM\u0170 T\u00e1rsas\u00e1g Kultur\u00e1lis Egyes\u00fclet id\u00e9n, a tavalyi \u00e9vhez hasonl\u00f3an, a nagy m\u00falt\u00fa Szolnoki M\u0171v\u00e9sztelep alkot\u00f3telepet szervezett tagjai sz\u00e1m\u00e1ra. A tervek szerint a gyergy\u00f3sz\u00e1rhegyi \u00e9s gyermelyi \u00e1lland\u00f3 m\u0171v\u00e9sztelepek mellett a Szolnoki M\u0171v\u00e9sztelepen is \u00e1lland\u00f3 jelleggel dolgoznak majd nyaranta a MAM\u0170s\u00f6k.<\/div>\n<div>Az idei telep nem tematikus, hanem a Szolnoki M\u0171v\u00e9sztelep m\u0171helyei szerint m\u0171failag meghat\u00e1rozott. Telep\u00fcnk a <span><\/span>K\u00e1rp\u00e1t-medence egyik legjobb adotts\u00e1g\u00fa, szakmai szempontb\u00f3l ki\u00e9p\u00edtett, fejlett eszk\u00f6zparkkal, k\u00fcl\u00f6n grafikai \u00e9s szobr\u00e1szati m\u0171hellyel rendelkez\u0151 m\u0171v\u00e9szeti helysz\u00edne, ez\u00e9rt ide\u00e1lis helysz\u00edn a MAM\u0170 m\u0171failag sokr\u00e9t\u0171 tagjainak. A munka n\u00e9h\u00e1ny napja m\u00e1r zajlik, err\u0151l k\u00e9sz\u00fclt k\u00e9pes besz\u00e1mol\u00f3nkat fot\u00f3it Bar\u00e1th-Szab\u00f3 Evelin k\u00e9sz\u00edtette.<\/div>\n<div><\/div>\n<div>R\u00e9szt vev\u0151 m\u0171v\u00e9szek: Antal Malvina, Bar\u00e1th F\u00e1bi\u00e1n, Elekes K\u00e1roly, Ferencz Zolt\u00e1n, Ferencz S. Apor, Lipkovics P\u00e9ter, Majoros \u00c1ron, Pokorny Attila, S\u00e1nta Csaba, Stark Istv\u00e1n, Posta M\u00e1t\u00e9, Verebes Gy\u00f6rgy<\/div>\n<p>&nbsp;<\/p>\n<p><img data-attachment-id=\"7593\" data-permalink=\"http:\/\/szolnokimuvesztelep.com\/en\/2022\/08\/28\/mamuvesztelep-a-szolnoki-muvesztelepen\/301485907_442377454583713_4901168350345183492_n\/\" data-orig-file=\"https:\/\/i2.wp.com\/szolnokimuvesztelep.com\/wp-content\/uploads\/2022\/08\/301485907_442377454583713_4901168350345183492_n.jpeg?fit=2048%2C1536\" data-orig-size=\"2048,1536\" data-comments-opened=\"1\" data-image-meta=\"{&quot;aperture&quot;:&quot;0&quot;,&quot;credit&quot;:&quot;&quot;,&quot;camera&quot;:&quot;&quot;,&quot;caption&quot;:&quot;&quot;,&quot;created_timestamp&quot;:&quot;0&quot;,&quot;copyright&quot;:&quot;&quot;,&quot;focal_length&quot;:&quot;0&quot;,&quot;iso&quot;:&quot;0&quot;,&quot;shutter_speed&quot;:&quot;0&quot;,&quot;title&quot;:&quot;&quot;,&quot;orientation&quot;:&quot;0&quot;}\" data-image-title=\"301485907_442377454583713_4901168350345183492_n\" data-image-description=\"\" data-medium-file=\"https:\/\/i2.wp.com\/szolnokimuvesztelep.com\/wp-content\/uploads\/2022\/08\/301485907_442377454583713_4901168350345183492_n.jpeg?fit=300%2C225\" data-large-file=\"https:\/\/i2.wp.com\/szolnokimuvesztelep.com\/wp-content\/uploads\/2022\/08\/301485907_442377454583713_4901168350345183492_n.jpeg?fit=790%2C593\" loading=\"lazy\" class=\"alignnone size-full wp-image-7593\" src=\"https:\/\/i2.wp.com\/szolnokimuvesztelep.com\/wp-content\/uploads\/2022\/08\/301485907_442377454583713_4901168350345183492_n.jpeg?resize=860%2C645\" alt=\"\" width=\"860\" height=\"645\" srcset=\"https:\/\/i2.wp.com\/szolnokimuvesztelep.com\/wp-content\/uploads\/2022\/08\/301485907_442377454583713_4901168350345183492_n.jpeg?w=2048 2048w, https:\/\/i2.wp.com\/szolnokimuvesztelep.com\/wp-content\/uploads\/2022\/08\/301485907_442377454583713_4901168350345183492_n.jpeg?resize=300%2C225 300w, https:\/\/i2.wp.com\/szolnokimuvesztelep.com\/wp-content\/uploads\/2022\/08\/301485907_442377454583713_4901168350345183492_n.jpeg?resize=1024%2C768 1024w, https:\/\/i2.wp.com\/szolnokimuvesztelep.com\/wp-content\/uploads\/2022\/08\/301485907_442377454583713_4901168350345183492_n.jpeg?resize=768%2C576 768w, https:\/\/i2.wp.com\/szolnokimuvesztelep.com\/wp-content\/uploads\/2022\/08\/301485907_442377454583713_4901168350345183492_n.jpeg?resize=1536%2C1152 1536w, https:\/\/i2.wp.com\/szolnokimuvesztelep.com\/wp-content\/uploads\/2022\/08\/301485907_442377454583713_4901168350345183492_n.jpeg?w=1720 1720w\" sizes=\"(max-width: 860px) 100vw, 860px\" data-recalc-dims=\"1\" \/><\/p>","protected":false},"excerpt":{"rendered":"<p>Szolnoki M\u0171v\u00e9sztelep, 2022. augusztus 22-31. A MAM\u0170 T\u00e1rsas\u00e1g Kultur\u00e1lis Egyes\u00fclet id\u00e9n, a tavalyi \u00e9vhez hasonl\u00f3an, a nagy m\u00falt\u00fa Szolnoki M\u0171v\u00e9sztelep alkot\u00f3telepet szervezett tagjai sz\u00e1m\u00e1ra. A tervek szerint a gyergy\u00f3sz\u00e1rhegyi \u00e9s gyermelyi \u00e1lland\u00f3 m\u0171v\u00e9sztelepek mellett a Szolnoki M\u0171v\u00e9sztelepen is \u00e1lland\u00f3 jelleggel dolgoznak majd nyaranta a MAM\u0170s\u00f6k. Az idei telep nem tematikus,&hellip; <\/p>","protected":false},"author":6,"featured_media":7592,"comment_status":"open","ping_status":"open","sticky":false,"template":"","format":"standard","meta":{"spay_email":"","jetpack_publicize_message":""},"categories":[55,58],"tags":[],"yst_prominent_words":[],"jetpack_featured_media_url":"https:\/\/i2.wp.com\/szolnokimuvesztelep.com\/wp-content\/uploads\/2022\/08\/negyzet_honlap_2022_mamu.jpg?fit=625%2C625","jetpack_publicize_connections":[],"yoast_head":"<!-- This site is optimized with the Yoast SEO Premium plugin v14.1 - https:\/\/yoast.com\/wordpress\/plugins\/seo\/ -->\n<title>MAM\u0170v\u00e9sztelep a Szolnoki M\u0171v\u00e9sztelepen - SZOLNOKI M\u0170V\u00c9SZTELEP<\/title>\n<meta name=\"robots\" content=\"index, follow\" \/>\n<meta name=\"googlebot\" content=\"index, follow, max-snippet:-1, max-image-preview:large, max-video-preview:-1\" \/>\n<meta name=\"bingbot\" content=\"index, follow, max-snippet:-1, max-image-preview:large, max-video-preview:-1\" \/>\n<link rel=\"canonical\" href=\"http:\/\/szolnokimuvesztelep.com\/en\/2022\/08\/28\/mamuvesztelep-a-szolnoki-muvesztelepen\/\" \/>\n<meta property=\"og:locale\" content=\"en_US\" \/>\n<meta property=\"og:type\" content=\"article\" \/>\n<meta property=\"og:title\" content=\"MAM\u0170v\u00e9sztelep a Szolnoki M\u0171v\u00e9sztelepen - SZOLNOKI M\u0170V\u00c9SZTELEP\" \/>\n<meta property=\"og:description\" content=\"Szolnoki M\u0171v\u00e9sztelep, 2022. augusztus 22-31. A MAM\u0170 T\u00e1rsas\u00e1g Kultur\u00e1lis Egyes\u00fclet id\u00e9n, a tavalyi \u00e9vhez hasonl\u00f3an, a nagy m\u00falt\u00fa Szolnoki M\u0171v\u00e9sztelep alkot\u00f3telepet szervezett tagjai sz\u00e1m\u00e1ra. A tervek szerint a gyergy\u00f3sz\u00e1rhegyi \u00e9s gyermelyi \u00e1lland\u00f3 m\u0171v\u00e9sztelepek mellett a Szolnoki M\u0171v\u00e9sztelepen is \u00e1lland\u00f3 jelleggel dolgoznak majd nyaranta a MAM\u0170s\u00f6k. Az idei telep nem tematikus,&hellip;\" \/>\n<meta property=\"og:url\" content=\"http:\/\/szolnokimuvesztelep.com\/en\/2022\/08\/28\/mamuvesztelep-a-szolnoki-muvesztelepen\/\" \/>\n<meta property=\"og:site_name\" content=\"SZOLNOKI M\u0170V\u00c9SZTELEP\" \/>\n<meta property=\"article:publisher\" content=\"https:\/\/www.facebook.com\/szolnokimuvesztelepofficial\/\" \/>\n<meta property=\"article:published_time\" content=\"2022-08-28T16:37:26+00:00\" \/>\n<meta property=\"article:modified_time\" content=\"2022-11-15T12:39:38+00:00\" \/>\n<meta property=\"og:image\" content=\"https:\/\/i2.wp.com\/szolnokimuvesztelep.com\/wp-content\/uploads\/2022\/08\/negyzet_honlap_2022_mamu.jpg?fit=625%2C625\" \/>\n\t<meta property=\"og:image:width\" content=\"625\" \/>\n\t<meta property=\"og:image:height\" content=\"625\" \/>\n<script type=\"application\/ld+json\" class=\"yoast-schema-graph\">{\"@context\":\"https:\/\/schema.org\",\"@graph\":[{\"@type\":\"Organization\",\"@id\":\"http:\/\/szolnokimuvesztelep.com\/en\/#organization\",\"name\":\"Szolnoki M\\u0171v\\u00e9sztelep\",\"url\":\"http:\/\/szolnokimuvesztelep.com\/en\/\",\"sameAs\":[\"https:\/\/www.facebook.com\/szolnokimuvesztelepofficial\/\",\"https:\/\/www.instagram.com\/szolnoki_muvesztelep\/\",\"https:\/\/www.youtube.com\/channel\/UCAYRF4A8FrslG3J__XEjEoA\",\"https:\/\/hu.wikipedia.org\/wiki\/Szolnoki_m\\u0171v\\u00e9sztelep\"],\"logo\":{\"@type\":\"ImageObject\",\"@id\":\"http:\/\/szolnokimuvesztelep.com\/en\/#logo\",\"inLanguage\":\"en-US\",\"url\":\"https:\/\/i0.wp.com\/szolnokimuvesztelep.com\/wp-content\/uploads\/2020\/05\/szmt_2019_szlogen_psz-01.png?fit=2242%2C863\",\"width\":2242,\"height\":863,\"caption\":\"Szolnoki M\\u0171v\\u00e9sztelep\"},\"image\":{\"@id\":\"http:\/\/szolnokimuvesztelep.com\/en\/#logo\"}},{\"@type\":\"WebSite\",\"@id\":\"http:\/\/szolnokimuvesztelep.com\/en\/#website\",\"url\":\"http:\/\/szolnokimuvesztelep.com\/en\/\",\"name\":\"SZOLNOKI M\\u0170V\\u00c9SZTELEP\",\"description\":\"Meg\\u00fajul\\u00f3 hagyom\\u00e1ny\",\"publisher\":{\"@id\":\"http:\/\/szolnokimuvesztelep.com\/en\/#organization\"},\"potentialAction\":[{\"@type\":\"SearchAction\",\"target\":\"http:\/\/szolnokimuvesztelep.com\/en\/?s={search_term_string}\",\"query-input\":\"required name=search_term_string\"}],\"inLanguage\":\"en-US\"},{\"@type\":\"ImageObject\",\"@id\":\"http:\/\/szolnokimuvesztelep.com\/2022\/08\/28\/mamuvesztelep-a-szolnoki-muvesztelepen\/#primaryimage\",\"inLanguage\":\"en-US\",\"url\":\"https:\/\/i2.wp.com\/szolnokimuvesztelep.com\/wp-content\/uploads\/2022\/08\/negyzet_honlap_2022_mamu.jpg?fit=625%2C625\",\"width\":625,\"height\":625},{\"@type\":\"WebPage\",\"@id\":\"http:\/\/szolnokimuvesztelep.com\/2022\/08\/28\/mamuvesztelep-a-szolnoki-muvesztelepen\/#webpage\",\"url\":\"http:\/\/szolnokimuvesztelep.com\/2022\/08\/28\/mamuvesztelep-a-szolnoki-muvesztelepen\/\",\"name\":\"MAM\\u0170v\\u00e9sztelep a Szolnoki M\\u0171v\\u00e9sztelepen - SZOLNOKI M\\u0170V\\u00c9SZTELEP\",\"isPartOf\":{\"@id\":\"http:\/\/szolnokimuvesztelep.com\/en\/#website\"},\"primaryImageOfPage\":{\"@id\":\"http:\/\/szolnokimuvesztelep.com\/2022\/08\/28\/mamuvesztelep-a-szolnoki-muvesztelepen\/#primaryimage\"},\"datePublished\":\"2022-08-28T16:37:26+00:00\",\"dateModified\":\"2022-11-15T12:39:38+00:00\",\"inLanguage\":\"en-US\",\"potentialAction\":[{\"@type\":\"ReadAction\",\"target\":[\"http:\/\/szolnokimuvesztelep.com\/2022\/08\/28\/mamuvesztelep-a-szolnoki-muvesztelepen\/\"]}]},{\"@type\":\"Article\",\"@id\":\"http:\/\/szolnokimuvesztelep.com\/2022\/08\/28\/mamuvesztelep-a-szolnoki-muvesztelepen\/#article\",\"isPartOf\":{\"@id\":\"http:\/\/szolnokimuvesztelep.com\/2022\/08\/28\/mamuvesztelep-a-szolnoki-muvesztelepen\/#webpage\"},\"author\":{\"@id\":\"http:\/\/szolnokimuvesztelep.com\/en\/#\/schema\/person\/455817b7faaefdc309af6d6d95453700\"},\"headline\":\"MAM\\u0170v\\u00e9sztelep a Szolnoki M\\u0171v\\u00e9sztelepen\",\"datePublished\":\"2022-08-28T16:37:26+00:00\",\"dateModified\":\"2022-11-15T12:39:38+00:00\",\"commentCount\":0,\"mainEntityOfPage\":{\"@id\":\"http:\/\/szolnokimuvesztelep.com\/2022\/08\/28\/mamuvesztelep-a-szolnoki-muvesztelepen\/#webpage\"},\"publisher\":{\"@id\":\"http:\/\/szolnokimuvesztelep.com\/en\/#organization\"},\"image\":{\"@id\":\"http:\/\/szolnokimuvesztelep.com\/2022\/08\/28\/mamuvesztelep-a-szolnoki-muvesztelepen\/#primaryimage\"},\"articleSection\":\"Arch\\u00edv,H\\u00edrek\",\"inLanguage\":\"en-US\",\"potentialAction\":[{\"@type\":\"CommentAction\",\"name\":\"Comment\",\"target\":[\"http:\/\/szolnokimuvesztelep.com\/2022\/08\/28\/mamuvesztelep-a-szolnoki-muvesztelepen\/#respond\"]}]},{\"@type\":[\"Person\"],\"@id\":\"http:\/\/szolnokimuvesztelep.com\/en\/#\/schema\/person\/455817b7faaefdc309af6d6d95453700\",\"name\":\"Cselle Judit\",\"image\":{\"@type\":\"ImageObject\",\"@id\":\"http:\/\/szolnokimuvesztelep.com\/en\/#personlogo\",\"inLanguage\":\"en-US\",\"url\":\"http:\/\/0.gravatar.com\/avatar\/3eb98182a1cc7aad03ba91a0145855ba?s=96&d=mm&r=g\",\"caption\":\"Cselle Judit\"}}]}<\/script>\n<!-- \/ Yoast SEO Premium plugin. -->","jetpack_sharing_enabled":true,"jetpack_shortlink":"https:\/\/wp.me\/p9tpmR-1Yr","jetpack_likes_enabled":true,"jetpack-related-posts":[],"_links":{"self":[{"href":"http:\/\/szolnokimuvesztelep.com\/en\/wp-json\/wp\/v2\/posts\/7591"}],"collection":[{"href":"http:\/\/szolnokimuvesztelep.com\/en\/wp-json\/wp\/v2\/posts"}],"about":[{"href":"http:\/\/szolnokimuvesztelep.com\/en\/wp-json\/wp\/v2\/types\/post"}],"author":[{"embeddable":true,"href":"http:\/\/szolnokimuvesztelep.com\/en\/wp-json\/wp\/v2\/users\/6"}],"replies":[{"embeddable":true,"href":"http:\/\/szolnokimuvesztelep.com\/en\/wp-json\/wp\/v2\/comments?post=7591"}],"version-history":[{"count":3,"href":"http:\/\/szolnokimuvesztelep.com\/en\/wp-json\/wp\/v2\/posts\/7591\/revisions"}],"predecessor-version":[{"id":7596,"href":"http:\/\/szolnokimuvesztelep.com\/en\/wp-json\/wp\/v2\/posts\/7591\/revisions\/7596"}],"wp:featuredmedia":[{"embeddable":true,"href":"http:\/\/szolnokimuvesztelep.com\/en\/wp-json\/wp\/v2\/media\/7592"}],"wp:attachment":[{"href":"http:\/\/szolnokimuvesztelep.com\/en\/wp-json\/wp\/v2\/media?parent=7591"}],"wp:term":[{"taxonomy":"category","embeddable":true,"href":"http:\/\/szolnokimuvesztelep.com\/en\/wp-json\/wp\/v2\/categories?post=7591"},{"taxonomy":"post_tag","embeddable":true,"href":"http:\/\/szolnokimuvesztelep.com\/en\/wp-json\/wp\/v2\/tags?post=7591"},{"taxonomy":"yst_prominent_words","embeddable":true,"href":"http:\/\/szolnokimuvesztelep.com\/en\/wp-json\/wp\/v2\/yst_prominent_words?post=7591"}],"curies":[{"name":"wp","href":"https:\/\/api.w.org\/{rel}","templated":true}]}}