{"id":7433,"date":"2022-05-16T17:09:41","date_gmt":"2022-05-16T17:09:41","guid":{"rendered":"http:\/\/szolnokimuvesztelep.com\/?p=7433"},"modified":"2022-07-23T10:07:11","modified_gmt":"2022-07-23T10:07:11","slug":"hamarosan","status":"publish","type":"post","link":"http:\/\/szolnokimuvesztelep.com\/en\/2022\/05\/16\/hamarosan\/","title":{"rendered":"Fantasztikus volt!! J\u00f6v\u0151re ugyanitt tal\u00e1lkozunk! &#8211; ARTj\u00e1r\u00f3 2022"},"content":{"rendered":"<div class=\"kvgmc6g5 cxmmr5t8 oygrvhab hcukyx3x c1et5uql ii04i59q\">\n<h3>XVIII. ARTj\u00e1r\u00f3 \u00d6sszm\u0171v\u00e9szeti Fesztiv\u00e1l<br \/>\na 120 \u00e9ves Szolnoki M\u0171v\u00e9sztelepen<br \/>\n2022. j\u00falius 1-2.<\/h3>\n<div><\/div>\n<div>2002 \u00f3ta minden \u00e9vben \u00f6sszegy\u0171lik Szolnok m\u0171v\u00e9szet\u00e9rt\u0151 \u00e9s kedvel\u0151 k\u00f6z\u00f6ns\u00e9ge a Szolnoki M\u0171v\u00e9sztelepen, a v\u00e1ros legromantikusabb helysz\u00edn\u00e9n, a kanyarg\u00f3s Zagyva partj\u00e1n, ahol minden egy kicsit m\u00e1sk\u00e9pp van&#8230;<\/div>\n<div><\/div>\n<div>Akik ell\u00e1togatnak hozz\u00e1nk, most sem fognak \u00e9lm\u00e9nyek n\u00e9lk\u00fcl hazat\u00e9rni! K\u00e9sz\u00edts\u00e9tek az \u00fcnnepl\u0151 ruh\u00e1t \u00e9s a t\u00e1ncos cip\u0151ket! A hagyom\u00e1nyokhoz h\u00edven id\u00e9n is minden m\u0171v\u00e9szeti \u00e1g jelen lesz a v\u00e1ros leghangulatosabb \u0151sparkj\u00e1ban, a 120 \u00e9ves Szolnoki M\u0171v\u00e9sztelep sz\u00fclet\u00e9snapj\u00e1n.<\/div>\n<div>Az \u00e1m! 120 \u00e9ves a Szolnoki M\u0171v\u00e9sztelep, haz\u00e1nk legr\u00e9gebbi m\u0171v\u00e9szkol\u00f3ni\u00e1ja, amely leg\u00fajabb kori vir\u00e1gz\u00e1s\u00e1t \u00e9li, \u00e9s ebben a pillanatban is a magyar m\u0171v\u00e9szet t\u00f6rt\u00e9net\u00e9t \u00edrja. Az \u00fcnnepi programok k\u00f6z\u00f6tt lesz sz\u00ednh\u00e1z \u00e9s film, k\u00e9pz\u0151m\u0171v\u00e9szet \u00e9s irodalom, komoly-\u00e9s k\u00f6nny\u0171zene, klasszikus-\u00e9s modern t\u00e1nc, performance \u00e9s kitudja m\u00e9g\u2026<\/div>\n<div><\/div>\n<div>A fell\u00e9p\u0151k k\u00f6z\u00f6tt tal\u00e1lkozhattok megszokott kedvenceitekkel, de sok meglepet\u00e9ssel is k\u00e9sz\u00fcl\u00fcnk!<\/div>\n<div>Ha ez m\u00e9g mind nem lenne el\u00e9g: kis m\u0171v\u00e9sztelep, nyitott m\u0171terem \u00e9s f\u00fcgg\u0151\u00e1gy szieszta, \u00f6r\u00f6mzene, olvas\u00f3sziget, \u00e9tel-ital, b\u00e9ke \u00e9s bar\u00e1ts\u00e1g v\u00e1rja a l\u00e1togat\u00f3kat\u2026<\/div>\n<\/div>\n<div class=\"cxmmr5t8 oygrvhab hcukyx3x c1et5uql o9v6fnle ii04i59q\">\n<div>Gyertek \u00e9s legyetek ti is r\u00e9szesei a mi t\u00f6rt\u00e9net\u00fcnknek!<\/div>\n<\/div>\n<div><\/div>\n<div><\/div>\n<p><!--more--><\/p>\n<h2><strong>PROGRAM<br \/>\n<\/strong><\/h2>\n<div>\n<p>&nbsp;<\/p>\n<p><strong>J\u00daNIUS 24. P\u00c9NTEK<\/strong><\/p>\n<p>16.00\u00a0\u00a0\u00a0\u00a0 Continuum &#8211; 120 \u00e9ves a Szolnoki M\u0171v\u00e9sztelep \u2013 ki\u00e1ll\u00edt\u00e1smegnyit\u00f3<br \/>\nHelysz\u00edn: Aba-Nov\u00e1k Ag\u00f3ra Kultur\u00e1lis K\u00f6zpont<br \/>\nK\u00f6zrem\u0171k\u00f6dik: Bart\u00f3k B\u00e9la Kamarak\u00f3rus<\/p>\n<p><strong><br \/>\nJ\u00daNIUS 30. CS\u00dcT\u00d6RT\u00d6K<\/strong><\/p>\n<p><span>16:00 Memento vivere &#8211; Sz\u00e1z \u00e9ve sz\u00fcletett Simon Ferenc szobr\u00e1szm\u0171v\u00e9sz (1922-2015) ki\u00e1ll\u00edt\u00e1smegnyit\u00f3<\/span><br \/>\n<span>Helysz\u00edn: Damjanich J\u00e1nos M\u00fazeum<\/span><\/p>\n<p><strong><br \/>\nJ\u00daLIUS 1. P\u00c9NTEK<\/strong><\/p>\n<p><span>15:00 Memento vivere &#8211; Sz\u00e1z \u00e9ve sz\u00fcletett Simon Ferenc szobr\u00e1szm\u0171v\u00e9sz (1922-2015) &#8211; Simon Magdolna m\u0171v\u00e9szett\u00f6rt\u00e9n\u00e9sz t\u00e1rlatvezet\u00e9se<\/span><br \/>\n<span>Helysz\u00edn: Damjanich J\u00e1nos M\u00fazeum<\/span><\/p>\n<p>16.00\u00a0\u00a0\u00a0\u00a0 K\u00fcl\u00f6n\u00f6s csendek \u2013 Kir\u00e1ly Gy\u00f6rgy k\u00f6nyvbemutat\u00f3ja, a m\u0171v\u00e9sszel K\u00e9pir\u00f3 \u00c1gnes<br \/>\nm\u0171v\u00e9szett\u00f6rt\u00e9n\u00e9sz besz\u00e9lget, Helysz\u00edn: Rajzst\u00fadi\u00f3 Gal\u00e9ria<\/p>\n<p>17.00\u00a0\u00a0\u00a0\u00a0 Ny\u00e1ri ES\u0150 \u2013 Az ES\u0150 Irodalmi lap ny\u00e1ri sz\u00e1m\u00e1nak bemutat\u00f3ja<\/p>\n<p>18.30\u00a0\u00a0\u00a0\u00a0 Magyar Kult\u00fara magazin bemutat\u00f3ja<\/p>\n<p>20.00\u00a0\u00a0\u00a0\u00a0 Robinzon Cirkusz koncert<\/p>\n<p>21.30\u00a0\u00a0\u00a0\u00a0 Eur\u00f3pa Kiad\u00f3 koncert<\/p>\n<p>23.00\u00a0\u00a0\u00a0\u00a0 TransNomad koncert<\/p>\n<p>&nbsp;<\/p>\n<p><strong>J\u00daLIUS 2. SZOMBAT<\/strong><\/p>\n<p>NAPK\u00d6ZBEN<\/p>\n<p>10.00-13.00 Aba-Nov\u00e1k Ag\u00f3ra k\u00e9zm\u0171ves j\u00e1tsz\u00f3h\u00e1z \u00e9s Napsug\u00e1r Gyermekh\u00e1z alkot\u00f3sarok \u2013 j\u00e1t\u00e9kos csal\u00e1di programok<\/p>\n<p>14.00 \u00e9s 16.00 Prometheus \u2013 A H\u00edd Sz\u00ednh\u00e1z improviz\u00e1ci\u00f3s m\u0171hely\u00e9nek tr\u00e9ningje a fesztiv\u00e1l l\u00e1togat\u00f3k r\u00e9szv\u00e9tel\u00e9vel, improviz\u00e1ci\u00f3s et\u0171d\u00f6k 15.15 \u00e9s 17.15 \u00f3rakor a kertben<\/p>\n<p>16.00-18.00<br \/>\nRezon\u00e1ns Mozi \u2013 Virtu\u00e1lis realit\u00e1s filmek \u00e9s j\u00e1t\u00e9kok by Tisza Mozi<br \/>\nHelysz\u00edn: Emeleti k\u00f6z\u00f6ss\u00e9gi t\u00e9r<\/p>\n<p>Lazulj a k\u00f6nyvekkel! by Verseghy K\u00f6nyvt\u00e1r<\/p>\n<p>Helyi Term\u00e9kek V\u00e1s\u00e1ra by Ag\u00f3ra<\/p>\n<p>Sz\u00e1rnyak a Zagyva partj\u00e1n by RepT\u00e1r Rep\u00fcl\u0151 M\u00fazeum<\/p>\n<p>&nbsp;<\/p>\n<p>10.00\u00a0\u00a0\u00a0\u00a0 A Szolnoki v\u00e1r t\u00f6rt\u00e9nete \u2013 Dr. Kert\u00e9sz R\u00f3bert r\u00e9g\u00e9sz el\u0151ad\u00e1sa<br \/>\nHelysz\u00edn: Rajzst\u00fadi\u00f3 Gal\u00e9ria<\/p>\n<p>10.00\u00a0\u00a0\u00a0\u00a0 Nyitott m\u0171terem \u2013 vezetett m\u0171tereml\u00e1togat\u00e1s a telep m\u0171v\u00e9szeinek st\u00fadi\u00f3j\u00e1ban<br \/>\nGy\u00fclekez\u0151 a k\u0151k\u00e1dn\u00e1l 10.00 \u00e9s 13.00 \u00f3rakor<\/p>\n<p>10.30\u00a0\u00a0\u00a0\u00a0 T\u00f3m\u00e9ly\u00e9ben kincset lel\u00fcnk &#8211; A Mesesz\u00e1lak Egy\u00fcttes zen\u00e9s-b\u00e1bos gyermek el\u0151ad\u00e1sa<\/p>\n<p>11.00\u00a0\u00a0\u00a0\u00a0 Hivatalos megnyit\u00f3, Tortav\u00e1g\u00e1s a Szolnoki M\u0171v\u00e9sztelep 120. sz\u00fclet\u00e9snapja alkalm\u00e1b\u00f3l<\/p>\n<p>11.30\u00a0\u00a0\u00a0\u00a0 Pog\u00e1ny G\u00e1bor Ben\u0151 60 \u2013 Ki\u00e1ll\u00edt\u00e1smegnyit\u00f3 a Kert Gal\u00e9ri\u00e1ban<br \/>\nMegnyitja: L. Simon L\u00e1szl\u00f3 a Magyar Nemzeti M\u00fazeum f\u0151igazgat\u00f3ja<br \/>\nK\u00f6zrem\u0171k\u00f6dik: Bart\u00f3k B\u00e9la Kamarak\u00f3rus<\/p>\n<p>12.30\u00a0\u00a0\u00a0\u00a0 Lippich Guszt\u00e1v eml\u00e9kt\u00e1bla avat\u00e1sa a M\u0171v\u00e9sztelepi eml\u00e9kfalon<\/p>\n<p>13.00\u00a0\u00a0\u00a0\u00a0 Memento vivere \u2013 100 \u00e9ve sz\u00fcletett Simon Ferenc szobr\u00e1szm\u0171v\u00e9sz<br \/>\nki\u00e1ll\u00edt\u00e1smegnyit\u00f3 \u00e9s Simon Magdolna el\u0151ad\u00e1sa, Helysz\u00edn: Rajzst\u00fadi\u00f3 Gal\u00e9ria<\/p>\n<p>14.00\u00a0\u00a0\u00a0\u00a0 Szolnoki M\u0171v\u00e9sztelep 120 \u2013 Kerekasztal besz\u00e9lget\u00e9s a Szolnoki M\u0171v\u00e9sztelep 120 \u00e9v\u00e9r\u0151l<\/p>\n<p>15.30\u00a0 \u00a0Sz\u00e9p t\u00fcnd\u00e9rorsz\u00e1gnak boldog fejedelme &#8211; Rendhagy\u00f3 irodalmi tal\u00e1lkoz\u00e1s, Horv\u00e1th G\u00e1bor a Szigligeti Sz\u00ednh\u00e1z sz\u00ednm\u0171v\u00e9sz\u00e9nek el\u0151ad\u00e1sa<\/p>\n<p>16.30\u00a0\u00a0\u00a0\u00a0 A Szolnoki Szimfonikus Zenekar \u00dct\u0151egy\u00fcttese koncertje<\/p>\n<p>17.00\u00a0 \u00a0Kosztol\u00e1nyi: Hajnali r\u00e9szegs\u00e9g, t\u00e1ncadapt\u00e1ci\u00f3 \u2013 Baj\u00e1ri Levente \u00e9s Csok\u00e1n Vivien balettm\u0171v\u00e9szek el\u0151ad\u00e1sa<\/p>\n<p>17.30\u00a0\u00a0\u00a0\u00a0 A Szolnoki Szimfonikus Zenekar koncertje<\/p>\n<p>18.30\u00a0\u00a0\u00a0\u00a0 Kett\u0151s l\u00e1t\u00e1s \u2013 Fekete-Kov\u00e1cs Korn\u00e9l \u00e9s Turczi Istv\u00e1n elektronikus hangfant\u00e1zi\u00e1ja<\/p>\n<p>20.00\u00a0\u00a0\u00a0\u00a0 Kinn \u00e9s benn \u2013 a H\u00e1rmashat\u00e1r-tri\u00f3 koncertje<\/p>\n<p>21,30\u00a0\u00a0\u00a0\u00a0 Hobo nagykoncert<\/p>\n<p>23.30\u00a0 \u00a0 \u00a0The Airship koncert<\/p>\n<p>&nbsp;<\/p>\n<p>A bel\u00e9p\u00e9s ingyenes!<br \/>\nA m\u0171sorv\u00e1ltoz\u00e1s jog\u00e1t fenntartjuk!<br \/>\nRossz id\u0151 nem lesz!<\/p>\n<p>&nbsp;<\/p>\n<p>&nbsp;<\/p>\n<p><strong>\u00a0<\/strong><\/p>\n<p>&nbsp;<\/p>\n<\/div>","protected":false},"excerpt":{"rendered":"<p>XVIII. ARTj\u00e1r\u00f3 \u00d6sszm\u0171v\u00e9szeti Fesztiv\u00e1l a 120 \u00e9ves Szolnoki M\u0171v\u00e9sztelepen 2022. j\u00falius 1-2. 2002 \u00f3ta minden \u00e9vben \u00f6sszegy\u0171lik Szolnok m\u0171v\u00e9szet\u00e9rt\u0151 \u00e9s kedvel\u0151 k\u00f6z\u00f6ns\u00e9ge a Szolnoki M\u0171v\u00e9sztelepen, a v\u00e1ros legromantikusabb helysz\u00edn\u00e9n, a kanyarg\u00f3s Zagyva partj\u00e1n, ahol minden egy kicsit m\u00e1sk\u00e9pp van&#8230; Akik ell\u00e1togatnak hozz\u00e1nk, most sem fognak \u00e9lm\u00e9nyek n\u00e9lk\u00fcl hazat\u00e9rni! K\u00e9sz\u00edts\u00e9tek az&hellip; <\/p>","protected":false},"author":6,"featured_media":7434,"comment_status":"open","ping_status":"open","sticky":false,"template":"","format":"standard","meta":{"spay_email":"","jetpack_publicize_message":""},"categories":[55,1,58],"tags":[],"yst_prominent_words":[],"jetpack_featured_media_url":"https:\/\/i2.wp.com\/szolnokimuvesztelep.com\/wp-content\/uploads\/2022\/05\/szmt_slider_2022_ArtJaro.jpg?fit=2413%2C853","jetpack_publicize_connections":[],"yoast_head":"<!-- This site is optimized with the Yoast SEO Premium plugin v14.1 - https:\/\/yoast.com\/wordpress\/plugins\/seo\/ -->\n<title>Fantasztikus volt!! J\u00f6v\u0151re ugyanitt tal\u00e1lkozunk! - ARTj\u00e1r\u00f3 2022 - SZOLNOKI M\u0170V\u00c9SZTELEP<\/title>\n<meta name=\"robots\" content=\"index, follow\" \/>\n<meta name=\"googlebot\" content=\"index, follow, max-snippet:-1, max-image-preview:large, max-video-preview:-1\" \/>\n<meta name=\"bingbot\" content=\"index, follow, max-snippet:-1, max-image-preview:large, max-video-preview:-1\" \/>\n<link rel=\"canonical\" href=\"http:\/\/szolnokimuvesztelep.com\/en\/2022\/05\/16\/hamarosan\/\" \/>\n<meta property=\"og:locale\" content=\"en_US\" \/>\n<meta property=\"og:type\" content=\"article\" \/>\n<meta property=\"og:title\" content=\"Fantasztikus volt!! J\u00f6v\u0151re ugyanitt tal\u00e1lkozunk! - ARTj\u00e1r\u00f3 2022 - SZOLNOKI M\u0170V\u00c9SZTELEP\" \/>\n<meta property=\"og:description\" content=\"XVIII. ARTj\u00e1r\u00f3 \u00d6sszm\u0171v\u00e9szeti Fesztiv\u00e1l a 120 \u00e9ves Szolnoki M\u0171v\u00e9sztelepen 2022. j\u00falius 1-2. 2002 \u00f3ta minden \u00e9vben \u00f6sszegy\u0171lik Szolnok m\u0171v\u00e9szet\u00e9rt\u0151 \u00e9s kedvel\u0151 k\u00f6z\u00f6ns\u00e9ge a Szolnoki M\u0171v\u00e9sztelepen, a v\u00e1ros legromantikusabb helysz\u00edn\u00e9n, a kanyarg\u00f3s Zagyva partj\u00e1n, ahol minden egy kicsit m\u00e1sk\u00e9pp van&#8230; Akik ell\u00e1togatnak hozz\u00e1nk, most sem fognak \u00e9lm\u00e9nyek n\u00e9lk\u00fcl hazat\u00e9rni! K\u00e9sz\u00edts\u00e9tek az&hellip;\" \/>\n<meta property=\"og:url\" content=\"http:\/\/szolnokimuvesztelep.com\/en\/2022\/05\/16\/hamarosan\/\" \/>\n<meta property=\"og:site_name\" content=\"SZOLNOKI M\u0170V\u00c9SZTELEP\" \/>\n<meta property=\"article:publisher\" content=\"https:\/\/www.facebook.com\/szolnokimuvesztelepofficial\/\" \/>\n<meta property=\"article:published_time\" content=\"2022-05-16T17:09:41+00:00\" \/>\n<meta property=\"article:modified_time\" content=\"2022-07-23T10:07:11+00:00\" \/>\n<meta property=\"og:image\" content=\"https:\/\/i2.wp.com\/szolnokimuvesztelep.com\/wp-content\/uploads\/2022\/05\/szmt_slider_2022_ArtJaro.jpg?fit=2413%2C853\" \/>\n\t<meta property=\"og:image:width\" content=\"2413\" \/>\n\t<meta property=\"og:image:height\" content=\"853\" \/>\n<script type=\"application\/ld+json\" class=\"yoast-schema-graph\">{\"@context\":\"https:\/\/schema.org\",\"@graph\":[{\"@type\":\"Organization\",\"@id\":\"http:\/\/szolnokimuvesztelep.com\/en\/#organization\",\"name\":\"Szolnoki M\\u0171v\\u00e9sztelep\",\"url\":\"http:\/\/szolnokimuvesztelep.com\/en\/\",\"sameAs\":[\"https:\/\/www.facebook.com\/szolnokimuvesztelepofficial\/\",\"https:\/\/www.instagram.com\/szolnoki_muvesztelep\/\",\"https:\/\/www.youtube.com\/channel\/UCAYRF4A8FrslG3J__XEjEoA\",\"https:\/\/hu.wikipedia.org\/wiki\/Szolnoki_m\\u0171v\\u00e9sztelep\"],\"logo\":{\"@type\":\"ImageObject\",\"@id\":\"http:\/\/szolnokimuvesztelep.com\/en\/#logo\",\"inLanguage\":\"en-US\",\"url\":\"https:\/\/i0.wp.com\/szolnokimuvesztelep.com\/wp-content\/uploads\/2020\/05\/szmt_2019_szlogen_psz-01.png?fit=2242%2C863\",\"width\":2242,\"height\":863,\"caption\":\"Szolnoki M\\u0171v\\u00e9sztelep\"},\"image\":{\"@id\":\"http:\/\/szolnokimuvesztelep.com\/en\/#logo\"}},{\"@type\":\"WebSite\",\"@id\":\"http:\/\/szolnokimuvesztelep.com\/en\/#website\",\"url\":\"http:\/\/szolnokimuvesztelep.com\/en\/\",\"name\":\"SZOLNOKI M\\u0170V\\u00c9SZTELEP\",\"description\":\"Meg\\u00fajul\\u00f3 hagyom\\u00e1ny\",\"publisher\":{\"@id\":\"http:\/\/szolnokimuvesztelep.com\/en\/#organization\"},\"potentialAction\":[{\"@type\":\"SearchAction\",\"target\":\"http:\/\/szolnokimuvesztelep.com\/en\/?s={search_term_string}\",\"query-input\":\"required name=search_term_string\"}],\"inLanguage\":\"en-US\"},{\"@type\":\"ImageObject\",\"@id\":\"http:\/\/szolnokimuvesztelep.com\/2022\/05\/16\/hamarosan\/#primaryimage\",\"inLanguage\":\"en-US\",\"url\":\"https:\/\/i2.wp.com\/szolnokimuvesztelep.com\/wp-content\/uploads\/2022\/05\/szmt_slider_2022_ArtJaro.jpg?fit=2413%2C853\",\"width\":2413,\"height\":853},{\"@type\":\"WebPage\",\"@id\":\"http:\/\/szolnokimuvesztelep.com\/2022\/05\/16\/hamarosan\/#webpage\",\"url\":\"http:\/\/szolnokimuvesztelep.com\/2022\/05\/16\/hamarosan\/\",\"name\":\"Fantasztikus volt!! J\\u00f6v\\u0151re ugyanitt tal\\u00e1lkozunk! - ARTj\\u00e1r\\u00f3 2022 - SZOLNOKI M\\u0170V\\u00c9SZTELEP\",\"isPartOf\":{\"@id\":\"http:\/\/szolnokimuvesztelep.com\/en\/#website\"},\"primaryImageOfPage\":{\"@id\":\"http:\/\/szolnokimuvesztelep.com\/2022\/05\/16\/hamarosan\/#primaryimage\"},\"datePublished\":\"2022-05-16T17:09:41+00:00\",\"dateModified\":\"2022-07-23T10:07:11+00:00\",\"inLanguage\":\"en-US\",\"potentialAction\":[{\"@type\":\"ReadAction\",\"target\":[\"http:\/\/szolnokimuvesztelep.com\/2022\/05\/16\/hamarosan\/\"]}]},{\"@type\":\"Article\",\"@id\":\"http:\/\/szolnokimuvesztelep.com\/2022\/05\/16\/hamarosan\/#article\",\"isPartOf\":{\"@id\":\"http:\/\/szolnokimuvesztelep.com\/2022\/05\/16\/hamarosan\/#webpage\"},\"author\":{\"@id\":\"http:\/\/szolnokimuvesztelep.com\/en\/#\/schema\/person\/455817b7faaefdc309af6d6d95453700\"},\"headline\":\"Fantasztikus volt!! J\\u00f6v\\u0151re ugyanitt tal\\u00e1lkozunk! &#8211; ARTj\\u00e1r\\u00f3 2022\",\"datePublished\":\"2022-05-16T17:09:41+00:00\",\"dateModified\":\"2022-07-23T10:07:11+00:00\",\"commentCount\":0,\"mainEntityOfPage\":{\"@id\":\"http:\/\/szolnokimuvesztelep.com\/2022\/05\/16\/hamarosan\/#webpage\"},\"publisher\":{\"@id\":\"http:\/\/szolnokimuvesztelep.com\/en\/#organization\"},\"image\":{\"@id\":\"http:\/\/szolnokimuvesztelep.com\/2022\/05\/16\/hamarosan\/#primaryimage\"},\"articleSection\":\"Arch\\u00edv,Egy\\u00e9b,H\\u00edrek\",\"inLanguage\":\"en-US\",\"potentialAction\":[{\"@type\":\"CommentAction\",\"name\":\"Comment\",\"target\":[\"http:\/\/szolnokimuvesztelep.com\/2022\/05\/16\/hamarosan\/#respond\"]}]},{\"@type\":[\"Person\"],\"@id\":\"http:\/\/szolnokimuvesztelep.com\/en\/#\/schema\/person\/455817b7faaefdc309af6d6d95453700\",\"name\":\"Cselle Judit\",\"image\":{\"@type\":\"ImageObject\",\"@id\":\"http:\/\/szolnokimuvesztelep.com\/en\/#personlogo\",\"inLanguage\":\"en-US\",\"url\":\"http:\/\/0.gravatar.com\/avatar\/3eb98182a1cc7aad03ba91a0145855ba?s=96&d=mm&r=g\",\"caption\":\"Cselle Judit\"}}]}<\/script>\n<!-- \/ Yoast SEO Premium plugin. -->","jetpack_sharing_enabled":true,"jetpack_shortlink":"https:\/\/wp.me\/p9tpmR-1VT","jetpack_likes_enabled":true,"jetpack-related-posts":[],"_links":{"self":[{"href":"http:\/\/szolnokimuvesztelep.com\/en\/wp-json\/wp\/v2\/posts\/7433"}],"collection":[{"href":"http:\/\/szolnokimuvesztelep.com\/en\/wp-json\/wp\/v2\/posts"}],"about":[{"href":"http:\/\/szolnokimuvesztelep.com\/en\/wp-json\/wp\/v2\/types\/post"}],"author":[{"embeddable":true,"href":"http:\/\/szolnokimuvesztelep.com\/en\/wp-json\/wp\/v2\/users\/6"}],"replies":[{"embeddable":true,"href":"http:\/\/szolnokimuvesztelep.com\/en\/wp-json\/wp\/v2\/comments?post=7433"}],"version-history":[{"count":20,"href":"http:\/\/szolnokimuvesztelep.com\/en\/wp-json\/wp\/v2\/posts\/7433\/revisions"}],"predecessor-version":[{"id":7499,"href":"http:\/\/szolnokimuvesztelep.com\/en\/wp-json\/wp\/v2\/posts\/7433\/revisions\/7499"}],"wp:featuredmedia":[{"embeddable":true,"href":"http:\/\/szolnokimuvesztelep.com\/en\/wp-json\/wp\/v2\/media\/7434"}],"wp:attachment":[{"href":"http:\/\/szolnokimuvesztelep.com\/en\/wp-json\/wp\/v2\/media?parent=7433"}],"wp:term":[{"taxonomy":"category","embeddable":true,"href":"http:\/\/szolnokimuvesztelep.com\/en\/wp-json\/wp\/v2\/categories?post=7433"},{"taxonomy":"post_tag","embeddable":true,"href":"http:\/\/szolnokimuvesztelep.com\/en\/wp-json\/wp\/v2\/tags?post=7433"},{"taxonomy":"yst_prominent_words","embeddable":true,"href":"http:\/\/szolnokimuvesztelep.com\/en\/wp-json\/wp\/v2\/yst_prominent_words?post=7433"}],"curies":[{"name":"wp","href":"https:\/\/api.w.org\/{rel}","templated":true}]}}