{"id":7250,"date":"2022-03-06T16:29:52","date_gmt":"2022-03-06T16:29:52","guid":{"rendered":"http:\/\/szolnokimuvesztelep.com\/?p=7250"},"modified":"2022-04-08T07:50:14","modified_gmt":"2022-04-08T07:50:14","slug":"verebes-gyorgy-kiallitasa-kassan","status":"publish","type":"post","link":"http:\/\/szolnokimuvesztelep.com\/en\/2022\/03\/06\/verebes-gyorgy-kiallitasa-kassan\/","title":{"rendered":"Verebes Gy\u00f6rgy fest\u0151m\u0171v\u00e9sz ki\u00e1ll\u00edt\u00e1sa Kass\u00e1n"},"content":{"rendered":"<div class=\"kvgmc6g5 cxmmr5t8 oygrvhab hcukyx3x c1et5uql ii04i59q\">\n<div>2022. m\u00e1rcius 3-\u00e1n a MaJel Rov\u00e1s Centrum FiguratiF Gal\u00e9ri\u00e1j\u00e1ban &#8216;Evidentia latent&#8217; c\u00edmmel ny\u00edlt t\u00e1rlata Verebes Gy\u00f6rgy fest\u0151m\u0171v\u00e9sznek.<\/div>\n<div><\/div>\n<div>A ki\u00e1ll\u00edt\u00e1s m\u00e1rcius 29-ig l\u00e1that\u00f3. Mindenkit nagy szeretettel invit\u00e1lunk!<\/div>\n<div><\/div>\n<\/div>\n<div class=\"cxmmr5t8 oygrvhab hcukyx3x c1et5uql o9v6fnle ii04i59q\">\n<div>&#8220;<em>Nagyon kell figyelni, hogy mit csin\u00e1l, a k\u00e9p ugyan megsz\u00f3l\u00edt, de azt\u00e1n v\u00e1rja a v\u00e1laszod, \u00e9s ha figyelsz, sok titkot felfedezel a l\u00e1tszatra egyszer\u0171 k\u00e9zkompoz\u00edci\u00f3kban.<\/em>&#8221; Alm\u00e1si Mikl\u00f3s<\/div>\n<div><\/div>\n<\/div>\n<div><img data-attachment-id=\"7251\" data-permalink=\"http:\/\/szolnokimuvesztelep.com\/en\/2022\/03\/06\/verebes-gyorgy-kiallitasa-kassan\/verebes_rovart\/\" data-orig-file=\"https:\/\/i1.wp.com\/szolnokimuvesztelep.com\/wp-content\/uploads\/2022\/03\/Verebes_rovart.jpeg?fit=1200%2C628\" data-orig-size=\"1200,628\" data-comments-opened=\"1\" data-image-meta=\"{&quot;aperture&quot;:&quot;0&quot;,&quot;credit&quot;:&quot;&quot;,&quot;camera&quot;:&quot;&quot;,&quot;caption&quot;:&quot;&quot;,&quot;created_timestamp&quot;:&quot;0&quot;,&quot;copyright&quot;:&quot;&quot;,&quot;focal_length&quot;:&quot;0&quot;,&quot;iso&quot;:&quot;0&quot;,&quot;shutter_speed&quot;:&quot;0&quot;,&quot;title&quot;:&quot;&quot;,&quot;orientation&quot;:&quot;0&quot;}\" data-image-title=\"Verebes_rovart\" data-image-description=\"\" data-medium-file=\"https:\/\/i1.wp.com\/szolnokimuvesztelep.com\/wp-content\/uploads\/2022\/03\/Verebes_rovart.jpeg?fit=300%2C157\" data-large-file=\"https:\/\/i1.wp.com\/szolnokimuvesztelep.com\/wp-content\/uploads\/2022\/03\/Verebes_rovart.jpeg?fit=790%2C414\" loading=\"lazy\" class=\"alignnone wp-image-7251\" src=\"https:\/\/i1.wp.com\/szolnokimuvesztelep.com\/wp-content\/uploads\/2022\/03\/Verebes_rovart.jpeg?resize=569%2C298\" alt=\"\" width=\"569\" height=\"298\" srcset=\"https:\/\/i1.wp.com\/szolnokimuvesztelep.com\/wp-content\/uploads\/2022\/03\/Verebes_rovart.jpeg?resize=300%2C157 300w, https:\/\/i1.wp.com\/szolnokimuvesztelep.com\/wp-content\/uploads\/2022\/03\/Verebes_rovart.jpeg?resize=1024%2C536 1024w, https:\/\/i1.wp.com\/szolnokimuvesztelep.com\/wp-content\/uploads\/2022\/03\/Verebes_rovart.jpeg?resize=768%2C402 768w, https:\/\/i1.wp.com\/szolnokimuvesztelep.com\/wp-content\/uploads\/2022\/03\/Verebes_rovart.jpeg?w=1200 1200w\" sizes=\"(max-width: 569px) 100vw, 569px\" data-recalc-dims=\"1\" \/><\/div>","protected":false},"excerpt":{"rendered":"<p>2022. m\u00e1rcius 3-\u00e1n a MaJel Rov\u00e1s Centrum FiguratiF Gal\u00e9ri\u00e1j\u00e1ban &#8216;Evidentia latent&#8217; c\u00edmmel ny\u00edlt t\u00e1rlata Verebes Gy\u00f6rgy fest\u0151m\u0171v\u00e9sznek. A ki\u00e1ll\u00edt\u00e1s m\u00e1rcius 29-ig l\u00e1that\u00f3. Mindenkit nagy szeretettel invit\u00e1lunk! &#8220;Nagyon kell figyelni, hogy mit csin\u00e1l, a k\u00e9p ugyan megsz\u00f3l\u00edt, de azt\u00e1n v\u00e1rja a v\u00e1laszod, \u00e9s ha figyelsz, sok titkot felfedezel a l\u00e1tszatra egyszer\u0171&hellip; <\/p>","protected":false},"author":6,"featured_media":7252,"comment_status":"open","ping_status":"open","sticky":false,"template":"","format":"standard","meta":{"spay_email":"","jetpack_publicize_message":""},"categories":[55,58],"tags":[],"yst_prominent_words":[],"jetpack_featured_media_url":"https:\/\/i2.wp.com\/szolnokimuvesztelep.com\/wp-content\/uploads\/2022\/03\/szmt_slider_2022_vgy.jpg?fit=1810%2C640","jetpack_publicize_connections":[],"yoast_head":"<!-- This site is optimized with the Yoast SEO Premium plugin v14.1 - https:\/\/yoast.com\/wordpress\/plugins\/seo\/ -->\n<title>Verebes Gy\u00f6rgy fest\u0151m\u0171v\u00e9sz ki\u00e1ll\u00edt\u00e1sa Kass\u00e1n - SZOLNOKI M\u0170V\u00c9SZTELEP<\/title>\n<meta name=\"robots\" content=\"index, follow\" \/>\n<meta name=\"googlebot\" content=\"index, follow, max-snippet:-1, max-image-preview:large, max-video-preview:-1\" \/>\n<meta name=\"bingbot\" content=\"index, follow, max-snippet:-1, max-image-preview:large, max-video-preview:-1\" \/>\n<link rel=\"canonical\" href=\"http:\/\/szolnokimuvesztelep.com\/en\/2022\/03\/06\/verebes-gyorgy-kiallitasa-kassan\/\" \/>\n<meta property=\"og:locale\" content=\"en_US\" \/>\n<meta property=\"og:type\" content=\"article\" \/>\n<meta property=\"og:title\" content=\"Verebes Gy\u00f6rgy fest\u0151m\u0171v\u00e9sz ki\u00e1ll\u00edt\u00e1sa Kass\u00e1n - SZOLNOKI M\u0170V\u00c9SZTELEP\" \/>\n<meta property=\"og:description\" content=\"2022. m\u00e1rcius 3-\u00e1n a MaJel Rov\u00e1s Centrum FiguratiF Gal\u00e9ri\u00e1j\u00e1ban &#8216;Evidentia latent&#8217; c\u00edmmel ny\u00edlt t\u00e1rlata Verebes Gy\u00f6rgy fest\u0151m\u0171v\u00e9sznek. A ki\u00e1ll\u00edt\u00e1s m\u00e1rcius 29-ig l\u00e1that\u00f3. Mindenkit nagy szeretettel invit\u00e1lunk! &#8220;Nagyon kell figyelni, hogy mit csin\u00e1l, a k\u00e9p ugyan megsz\u00f3l\u00edt, de azt\u00e1n v\u00e1rja a v\u00e1laszod, \u00e9s ha figyelsz, sok titkot felfedezel a l\u00e1tszatra egyszer\u0171&hellip;\" \/>\n<meta property=\"og:url\" content=\"http:\/\/szolnokimuvesztelep.com\/en\/2022\/03\/06\/verebes-gyorgy-kiallitasa-kassan\/\" \/>\n<meta property=\"og:site_name\" content=\"SZOLNOKI M\u0170V\u00c9SZTELEP\" \/>\n<meta property=\"article:publisher\" content=\"https:\/\/www.facebook.com\/szolnokimuvesztelepofficial\/\" \/>\n<meta property=\"article:published_time\" content=\"2022-03-06T16:29:52+00:00\" \/>\n<meta property=\"article:modified_time\" content=\"2022-04-08T07:50:14+00:00\" \/>\n<meta property=\"og:image\" content=\"https:\/\/i2.wp.com\/szolnokimuvesztelep.com\/wp-content\/uploads\/2022\/03\/szmt_slider_2022_vgy.jpg?fit=1810%2C640\" \/>\n\t<meta property=\"og:image:width\" content=\"1810\" \/>\n\t<meta property=\"og:image:height\" content=\"640\" \/>\n<script type=\"application\/ld+json\" class=\"yoast-schema-graph\">{\"@context\":\"https:\/\/schema.org\",\"@graph\":[{\"@type\":\"Organization\",\"@id\":\"http:\/\/szolnokimuvesztelep.com\/en\/#organization\",\"name\":\"Szolnoki M\\u0171v\\u00e9sztelep\",\"url\":\"http:\/\/szolnokimuvesztelep.com\/en\/\",\"sameAs\":[\"https:\/\/www.facebook.com\/szolnokimuvesztelepofficial\/\",\"https:\/\/www.instagram.com\/szolnoki_muvesztelep\/\",\"https:\/\/www.youtube.com\/channel\/UCAYRF4A8FrslG3J__XEjEoA\",\"https:\/\/hu.wikipedia.org\/wiki\/Szolnoki_m\\u0171v\\u00e9sztelep\"],\"logo\":{\"@type\":\"ImageObject\",\"@id\":\"http:\/\/szolnokimuvesztelep.com\/en\/#logo\",\"inLanguage\":\"en-US\",\"url\":\"https:\/\/i0.wp.com\/szolnokimuvesztelep.com\/wp-content\/uploads\/2020\/05\/szmt_2019_szlogen_psz-01.png?fit=2242%2C863\",\"width\":2242,\"height\":863,\"caption\":\"Szolnoki M\\u0171v\\u00e9sztelep\"},\"image\":{\"@id\":\"http:\/\/szolnokimuvesztelep.com\/en\/#logo\"}},{\"@type\":\"WebSite\",\"@id\":\"http:\/\/szolnokimuvesztelep.com\/en\/#website\",\"url\":\"http:\/\/szolnokimuvesztelep.com\/en\/\",\"name\":\"SZOLNOKI M\\u0170V\\u00c9SZTELEP\",\"description\":\"Meg\\u00fajul\\u00f3 hagyom\\u00e1ny\",\"publisher\":{\"@id\":\"http:\/\/szolnokimuvesztelep.com\/en\/#organization\"},\"potentialAction\":[{\"@type\":\"SearchAction\",\"target\":\"http:\/\/szolnokimuvesztelep.com\/en\/?s={search_term_string}\",\"query-input\":\"required name=search_term_string\"}],\"inLanguage\":\"en-US\"},{\"@type\":\"ImageObject\",\"@id\":\"http:\/\/szolnokimuvesztelep.com\/2022\/03\/06\/verebes-gyorgy-kiallitasa-kassan\/#primaryimage\",\"inLanguage\":\"en-US\",\"url\":\"https:\/\/i2.wp.com\/szolnokimuvesztelep.com\/wp-content\/uploads\/2022\/03\/szmt_slider_2022_vgy.jpg?fit=1810%2C640\",\"width\":1810,\"height\":640},{\"@type\":\"WebPage\",\"@id\":\"http:\/\/szolnokimuvesztelep.com\/2022\/03\/06\/verebes-gyorgy-kiallitasa-kassan\/#webpage\",\"url\":\"http:\/\/szolnokimuvesztelep.com\/2022\/03\/06\/verebes-gyorgy-kiallitasa-kassan\/\",\"name\":\"Verebes Gy\\u00f6rgy fest\\u0151m\\u0171v\\u00e9sz ki\\u00e1ll\\u00edt\\u00e1sa Kass\\u00e1n - SZOLNOKI M\\u0170V\\u00c9SZTELEP\",\"isPartOf\":{\"@id\":\"http:\/\/szolnokimuvesztelep.com\/en\/#website\"},\"primaryImageOfPage\":{\"@id\":\"http:\/\/szolnokimuvesztelep.com\/2022\/03\/06\/verebes-gyorgy-kiallitasa-kassan\/#primaryimage\"},\"datePublished\":\"2022-03-06T16:29:52+00:00\",\"dateModified\":\"2022-04-08T07:50:14+00:00\",\"inLanguage\":\"en-US\",\"potentialAction\":[{\"@type\":\"ReadAction\",\"target\":[\"http:\/\/szolnokimuvesztelep.com\/2022\/03\/06\/verebes-gyorgy-kiallitasa-kassan\/\"]}]},{\"@type\":\"Article\",\"@id\":\"http:\/\/szolnokimuvesztelep.com\/2022\/03\/06\/verebes-gyorgy-kiallitasa-kassan\/#article\",\"isPartOf\":{\"@id\":\"http:\/\/szolnokimuvesztelep.com\/2022\/03\/06\/verebes-gyorgy-kiallitasa-kassan\/#webpage\"},\"author\":{\"@id\":\"http:\/\/szolnokimuvesztelep.com\/en\/#\/schema\/person\/455817b7faaefdc309af6d6d95453700\"},\"headline\":\"Verebes Gy\\u00f6rgy fest\\u0151m\\u0171v\\u00e9sz ki\\u00e1ll\\u00edt\\u00e1sa Kass\\u00e1n\",\"datePublished\":\"2022-03-06T16:29:52+00:00\",\"dateModified\":\"2022-04-08T07:50:14+00:00\",\"commentCount\":0,\"mainEntityOfPage\":{\"@id\":\"http:\/\/szolnokimuvesztelep.com\/2022\/03\/06\/verebes-gyorgy-kiallitasa-kassan\/#webpage\"},\"publisher\":{\"@id\":\"http:\/\/szolnokimuvesztelep.com\/en\/#organization\"},\"image\":{\"@id\":\"http:\/\/szolnokimuvesztelep.com\/2022\/03\/06\/verebes-gyorgy-kiallitasa-kassan\/#primaryimage\"},\"articleSection\":\"Arch\\u00edv,H\\u00edrek\",\"inLanguage\":\"en-US\",\"potentialAction\":[{\"@type\":\"CommentAction\",\"name\":\"Comment\",\"target\":[\"http:\/\/szolnokimuvesztelep.com\/2022\/03\/06\/verebes-gyorgy-kiallitasa-kassan\/#respond\"]}]},{\"@type\":[\"Person\"],\"@id\":\"http:\/\/szolnokimuvesztelep.com\/en\/#\/schema\/person\/455817b7faaefdc309af6d6d95453700\",\"name\":\"Cselle Judit\",\"image\":{\"@type\":\"ImageObject\",\"@id\":\"http:\/\/szolnokimuvesztelep.com\/en\/#personlogo\",\"inLanguage\":\"en-US\",\"url\":\"http:\/\/0.gravatar.com\/avatar\/3eb98182a1cc7aad03ba91a0145855ba?s=96&d=mm&r=g\",\"caption\":\"Cselle Judit\"}}]}<\/script>\n<!-- \/ Yoast SEO Premium plugin. -->","jetpack_sharing_enabled":true,"jetpack_shortlink":"https:\/\/wp.me\/p9tpmR-1SW","jetpack_likes_enabled":true,"jetpack-related-posts":[],"_links":{"self":[{"href":"http:\/\/szolnokimuvesztelep.com\/en\/wp-json\/wp\/v2\/posts\/7250"}],"collection":[{"href":"http:\/\/szolnokimuvesztelep.com\/en\/wp-json\/wp\/v2\/posts"}],"about":[{"href":"http:\/\/szolnokimuvesztelep.com\/en\/wp-json\/wp\/v2\/types\/post"}],"author":[{"embeddable":true,"href":"http:\/\/szolnokimuvesztelep.com\/en\/wp-json\/wp\/v2\/users\/6"}],"replies":[{"embeddable":true,"href":"http:\/\/szolnokimuvesztelep.com\/en\/wp-json\/wp\/v2\/comments?post=7250"}],"version-history":[{"count":2,"href":"http:\/\/szolnokimuvesztelep.com\/en\/wp-json\/wp\/v2\/posts\/7250\/revisions"}],"predecessor-version":[{"id":7254,"href":"http:\/\/szolnokimuvesztelep.com\/en\/wp-json\/wp\/v2\/posts\/7250\/revisions\/7254"}],"wp:featuredmedia":[{"embeddable":true,"href":"http:\/\/szolnokimuvesztelep.com\/en\/wp-json\/wp\/v2\/media\/7252"}],"wp:attachment":[{"href":"http:\/\/szolnokimuvesztelep.com\/en\/wp-json\/wp\/v2\/media?parent=7250"}],"wp:term":[{"taxonomy":"category","embeddable":true,"href":"http:\/\/szolnokimuvesztelep.com\/en\/wp-json\/wp\/v2\/categories?post=7250"},{"taxonomy":"post_tag","embeddable":true,"href":"http:\/\/szolnokimuvesztelep.com\/en\/wp-json\/wp\/v2\/tags?post=7250"},{"taxonomy":"yst_prominent_words","embeddable":true,"href":"http:\/\/szolnokimuvesztelep.com\/en\/wp-json\/wp\/v2\/yst_prominent_words?post=7250"}],"curies":[{"name":"wp","href":"https:\/\/api.w.org\/{rel}","templated":true}]}}