{"id":7153,"date":"2022-01-19T10:53:17","date_gmt":"2022-01-19T10:53:17","guid":{"rendered":"http:\/\/szolnokimuvesztelep.com\/?p=7153"},"modified":"2022-11-25T14:58:45","modified_gmt":"2022-11-25T14:58:45","slug":"mu-helyben-posta-mate-piazza-kiallitas-a-kert-galeriaban","status":"publish","type":"post","link":"http:\/\/szolnokimuvesztelep.com\/en\/2022\/01\/19\/mu-helyben-posta-mate-piazza-kiallitas-a-kert-galeriaban\/","title":{"rendered":"M\u0171 helyben \/ Posta M\u00e1t\u00e9: Piazza, ki\u00e1ll\u00edt\u00e1s a Kert Gal\u00e9ri\u00e1ban"},"content":{"rendered":"<p><span class=\"embed-youtube\" style=\"text-align:center; display: block;\"><iframe class='youtube-player' width='790' height='445' src='https:\/\/www.youtube.com\/embed\/7j-uApeSqIA?version=3&#038;rel=1&#038;fs=1&#038;autohide=2&#038;showsearch=0&#038;showinfo=1&#038;iv_load_policy=1&#038;wmode=transparent' allowfullscreen='true' style='border:0;'><\/iframe><\/span><\/p>\n<p><span class=\"style-scope yt-formatted-string\">Piazza<br \/>\n<\/span><span class=\"style-scope yt-formatted-string\">Posta M\u00e1t\u00e9 ki\u00e1ll\u00edt\u00e1sa<br \/>\nSzolnoki M\u0171v\u00e9sztelep-Kert Gal\u00e9ria, 2021. okt\u00f3ber 16-november 12.<br \/>\nA ki\u00e1ll\u00edt\u00e1s a Magyar Fest\u00e9szet Napja alkalm\u00e1b\u00f3l ker\u00fclt megrendez\u00e9sre.<br \/>\nMegnyitotta: Karlik Anett m\u0171v\u00e9szett\u00f6rt\u00e9n\u00e9sz<br \/>\nTov\u00e1bbi inform\u00e1ci\u00f3: <\/span><a href=\"http:\/\/szolnokimuvesztelep.com\/en\/posta-mate\/\">http:\/\/szolnokimuvesztelep.com\/posta-mate\/<\/a><\/p>\n<div>\n<div id=\"0DE9E47C-871A-4F90-8440-B190C216800A_1\" class=\"mcafee_ok\"><\/div>\n<\/div>\n<p><span class=\"style-scope yt-formatted-string\"> K\u00e9sz\u00edtette: Verebes-Nagy Edit<br \/>\nSzolnoki M\u0171v\u00e9sztelep, 2021<\/span><\/p>","protected":false},"excerpt":{"rendered":"<p>Piazza Posta M\u00e1t\u00e9 ki\u00e1ll\u00edt\u00e1sa Szolnoki M\u0171v\u00e9sztelep-Kert Gal\u00e9ria, 2021. okt\u00f3ber 16-november 12. A ki\u00e1ll\u00edt\u00e1s a Magyar Fest\u00e9szet Napja alkalm\u00e1b\u00f3l ker\u00fclt megrendez\u00e9sre. Megnyitotta: Karlik Anett m\u0171v\u00e9szett\u00f6rt\u00e9n\u00e9sz Tov\u00e1bbi inform\u00e1ci\u00f3: http:\/\/szolnokimuvesztelep.com\/posta-mate\/ K\u00e9sz\u00edtette: Verebes-Nagy Edit Szolnoki M\u0171v\u00e9sztelep, 2021<\/p>","protected":false},"author":2,"featured_media":6586,"comment_status":"open","ping_status":"open","sticky":false,"template":"","format":"standard","meta":{"spay_email":"","jetpack_publicize_message":""},"categories":[55,66],"tags":[],"yst_prominent_words":[],"jetpack_featured_media_url":"https:\/\/i0.wp.com\/szolnokimuvesztelep.com\/wp-content\/uploads\/2021\/03\/Veduta-Campo-S.-Giacomo-130-x-160cm-2016-olaj-vaszon.jpg?fit=1346%2C1111","jetpack_publicize_connections":[],"yoast_head":"<!-- This site is optimized with the Yoast SEO Premium plugin v14.1 - https:\/\/yoast.com\/wordpress\/plugins\/seo\/ -->\n<title>M\u0171 helyben \/ Posta M\u00e1t\u00e9: Piazza, ki\u00e1ll\u00edt\u00e1s a Kert Gal\u00e9ri\u00e1ban - SZOLNOKI M\u0170V\u00c9SZTELEP<\/title>\n<meta name=\"robots\" content=\"index, follow\" \/>\n<meta name=\"googlebot\" content=\"index, follow, max-snippet:-1, max-image-preview:large, max-video-preview:-1\" \/>\n<meta name=\"bingbot\" content=\"index, follow, max-snippet:-1, max-image-preview:large, max-video-preview:-1\" \/>\n<link rel=\"canonical\" href=\"http:\/\/szolnokimuvesztelep.com\/en\/2022\/01\/19\/mu-helyben-posta-mate-piazza-kiallitas-a-kert-galeriaban\/\" \/>\n<meta property=\"og:locale\" content=\"en_US\" \/>\n<meta property=\"og:type\" content=\"article\" \/>\n<meta property=\"og:title\" content=\"M\u0171 helyben \/ Posta M\u00e1t\u00e9: Piazza, ki\u00e1ll\u00edt\u00e1s a Kert Gal\u00e9ri\u00e1ban - SZOLNOKI M\u0170V\u00c9SZTELEP\" \/>\n<meta property=\"og:description\" content=\"Piazza Posta M\u00e1t\u00e9 ki\u00e1ll\u00edt\u00e1sa Szolnoki M\u0171v\u00e9sztelep-Kert Gal\u00e9ria, 2021. okt\u00f3ber 16-november 12. A ki\u00e1ll\u00edt\u00e1s a Magyar Fest\u00e9szet Napja alkalm\u00e1b\u00f3l ker\u00fclt megrendez\u00e9sre. Megnyitotta: Karlik Anett m\u0171v\u00e9szett\u00f6rt\u00e9n\u00e9sz Tov\u00e1bbi inform\u00e1ci\u00f3: http:\/\/szolnokimuvesztelep.com\/posta-mate\/ K\u00e9sz\u00edtette: Verebes-Nagy Edit Szolnoki M\u0171v\u00e9sztelep, 2021\" \/>\n<meta property=\"og:url\" content=\"http:\/\/szolnokimuvesztelep.com\/en\/2022\/01\/19\/mu-helyben-posta-mate-piazza-kiallitas-a-kert-galeriaban\/\" \/>\n<meta property=\"og:site_name\" content=\"SZOLNOKI M\u0170V\u00c9SZTELEP\" \/>\n<meta property=\"article:publisher\" content=\"https:\/\/www.facebook.com\/szolnokimuvesztelepofficial\/\" \/>\n<meta property=\"article:published_time\" content=\"2022-01-19T10:53:17+00:00\" \/>\n<meta property=\"article:modified_time\" content=\"2022-11-25T14:58:45+00:00\" \/>\n<meta property=\"og:image\" content=\"https:\/\/i0.wp.com\/szolnokimuvesztelep.com\/wp-content\/uploads\/2021\/03\/Veduta-Campo-S.-Giacomo-130-x-160cm-2016-olaj-vaszon.jpg?fit=1346%2C1111\" \/>\n\t<meta property=\"og:image:width\" content=\"1346\" \/>\n\t<meta property=\"og:image:height\" content=\"1111\" \/>\n<script type=\"application\/ld+json\" class=\"yoast-schema-graph\">{\"@context\":\"https:\/\/schema.org\",\"@graph\":[{\"@type\":\"Organization\",\"@id\":\"http:\/\/szolnokimuvesztelep.com\/en\/#organization\",\"name\":\"Szolnoki M\\u0171v\\u00e9sztelep\",\"url\":\"http:\/\/szolnokimuvesztelep.com\/en\/\",\"sameAs\":[\"https:\/\/www.facebook.com\/szolnokimuvesztelepofficial\/\",\"https:\/\/www.instagram.com\/szolnoki_muvesztelep\/\",\"https:\/\/www.youtube.com\/channel\/UCAYRF4A8FrslG3J__XEjEoA\",\"https:\/\/hu.wikipedia.org\/wiki\/Szolnoki_m\\u0171v\\u00e9sztelep\"],\"logo\":{\"@type\":\"ImageObject\",\"@id\":\"http:\/\/szolnokimuvesztelep.com\/en\/#logo\",\"inLanguage\":\"en-US\",\"url\":\"https:\/\/i0.wp.com\/szolnokimuvesztelep.com\/wp-content\/uploads\/2020\/05\/szmt_2019_szlogen_psz-01.png?fit=2242%2C863\",\"width\":2242,\"height\":863,\"caption\":\"Szolnoki M\\u0171v\\u00e9sztelep\"},\"image\":{\"@id\":\"http:\/\/szolnokimuvesztelep.com\/en\/#logo\"}},{\"@type\":\"WebSite\",\"@id\":\"http:\/\/szolnokimuvesztelep.com\/en\/#website\",\"url\":\"http:\/\/szolnokimuvesztelep.com\/en\/\",\"name\":\"SZOLNOKI M\\u0170V\\u00c9SZTELEP\",\"description\":\"Meg\\u00fajul\\u00f3 hagyom\\u00e1ny\",\"publisher\":{\"@id\":\"http:\/\/szolnokimuvesztelep.com\/en\/#organization\"},\"potentialAction\":[{\"@type\":\"SearchAction\",\"target\":\"http:\/\/szolnokimuvesztelep.com\/en\/?s={search_term_string}\",\"query-input\":\"required name=search_term_string\"}],\"inLanguage\":\"en-US\"},{\"@type\":\"ImageObject\",\"@id\":\"http:\/\/szolnokimuvesztelep.com\/2022\/01\/19\/mu-helyben-posta-mate-piazza-kiallitas-a-kert-galeriaban\/#primaryimage\",\"inLanguage\":\"en-US\",\"url\":\"https:\/\/i0.wp.com\/szolnokimuvesztelep.com\/wp-content\/uploads\/2021\/03\/Veduta-Campo-S.-Giacomo-130-x-160cm-2016-olaj-vaszon.jpg?fit=1346%2C1111\",\"width\":1346,\"height\":1111},{\"@type\":\"WebPage\",\"@id\":\"http:\/\/szolnokimuvesztelep.com\/2022\/01\/19\/mu-helyben-posta-mate-piazza-kiallitas-a-kert-galeriaban\/#webpage\",\"url\":\"http:\/\/szolnokimuvesztelep.com\/2022\/01\/19\/mu-helyben-posta-mate-piazza-kiallitas-a-kert-galeriaban\/\",\"name\":\"M\\u0171 helyben \/ Posta M\\u00e1t\\u00e9: Piazza, ki\\u00e1ll\\u00edt\\u00e1s a Kert Gal\\u00e9ri\\u00e1ban - SZOLNOKI M\\u0170V\\u00c9SZTELEP\",\"isPartOf\":{\"@id\":\"http:\/\/szolnokimuvesztelep.com\/en\/#website\"},\"primaryImageOfPage\":{\"@id\":\"http:\/\/szolnokimuvesztelep.com\/2022\/01\/19\/mu-helyben-posta-mate-piazza-kiallitas-a-kert-galeriaban\/#primaryimage\"},\"datePublished\":\"2022-01-19T10:53:17+00:00\",\"dateModified\":\"2022-11-25T14:58:45+00:00\",\"inLanguage\":\"en-US\",\"potentialAction\":[{\"@type\":\"ReadAction\",\"target\":[\"http:\/\/szolnokimuvesztelep.com\/2022\/01\/19\/mu-helyben-posta-mate-piazza-kiallitas-a-kert-galeriaban\/\"]}]},{\"@type\":\"Article\",\"@id\":\"http:\/\/szolnokimuvesztelep.com\/2022\/01\/19\/mu-helyben-posta-mate-piazza-kiallitas-a-kert-galeriaban\/#article\",\"isPartOf\":{\"@id\":\"http:\/\/szolnokimuvesztelep.com\/2022\/01\/19\/mu-helyben-posta-mate-piazza-kiallitas-a-kert-galeriaban\/#webpage\"},\"author\":{\"@id\":\"http:\/\/szolnokimuvesztelep.com\/en\/#\/schema\/person\/6809c0486d15892946a64c7ea6eed077\"},\"headline\":\"M\\u0171 helyben \/ Posta M\\u00e1t\\u00e9: Piazza, ki\\u00e1ll\\u00edt\\u00e1s a Kert Gal\\u00e9ri\\u00e1ban\",\"datePublished\":\"2022-01-19T10:53:17+00:00\",\"dateModified\":\"2022-11-25T14:58:45+00:00\",\"commentCount\":0,\"mainEntityOfPage\":{\"@id\":\"http:\/\/szolnokimuvesztelep.com\/2022\/01\/19\/mu-helyben-posta-mate-piazza-kiallitas-a-kert-galeriaban\/#webpage\"},\"publisher\":{\"@id\":\"http:\/\/szolnokimuvesztelep.com\/en\/#organization\"},\"image\":{\"@id\":\"http:\/\/szolnokimuvesztelep.com\/2022\/01\/19\/mu-helyben-posta-mate-piazza-kiallitas-a-kert-galeriaban\/#primaryimage\"},\"articleSection\":\"Arch\\u00edv,M\\u0171 helyben vide\\u00f3sorozat\",\"inLanguage\":\"en-US\",\"potentialAction\":[{\"@type\":\"CommentAction\",\"name\":\"Comment\",\"target\":[\"http:\/\/szolnokimuvesztelep.com\/2022\/01\/19\/mu-helyben-posta-mate-piazza-kiallitas-a-kert-galeriaban\/#respond\"]}]},{\"@type\":[\"Person\"],\"@id\":\"http:\/\/szolnokimuvesztelep.com\/en\/#\/schema\/person\/6809c0486d15892946a64c7ea6eed077\",\"name\":\"Verebes Edit\",\"image\":{\"@type\":\"ImageObject\",\"@id\":\"http:\/\/szolnokimuvesztelep.com\/en\/#personlogo\",\"inLanguage\":\"en-US\",\"url\":\"http:\/\/2.gravatar.com\/avatar\/5d546bcb1a27fb506fe8bb16e33cd5fd?s=96&d=mm&r=g\",\"caption\":\"Verebes Edit\"}}]}<\/script>\n<!-- \/ Yoast SEO Premium plugin. -->","jetpack_sharing_enabled":true,"jetpack_shortlink":"https:\/\/wp.me\/p9tpmR-1Rn","jetpack_likes_enabled":true,"jetpack-related-posts":[],"_links":{"self":[{"href":"http:\/\/szolnokimuvesztelep.com\/en\/wp-json\/wp\/v2\/posts\/7153"}],"collection":[{"href":"http:\/\/szolnokimuvesztelep.com\/en\/wp-json\/wp\/v2\/posts"}],"about":[{"href":"http:\/\/szolnokimuvesztelep.com\/en\/wp-json\/wp\/v2\/types\/post"}],"author":[{"embeddable":true,"href":"http:\/\/szolnokimuvesztelep.com\/en\/wp-json\/wp\/v2\/users\/2"}],"replies":[{"embeddable":true,"href":"http:\/\/szolnokimuvesztelep.com\/en\/wp-json\/wp\/v2\/comments?post=7153"}],"version-history":[{"count":1,"href":"http:\/\/szolnokimuvesztelep.com\/en\/wp-json\/wp\/v2\/posts\/7153\/revisions"}],"predecessor-version":[{"id":7154,"href":"http:\/\/szolnokimuvesztelep.com\/en\/wp-json\/wp\/v2\/posts\/7153\/revisions\/7154"}],"wp:featuredmedia":[{"embeddable":true,"href":"http:\/\/szolnokimuvesztelep.com\/en\/wp-json\/wp\/v2\/media\/6586"}],"wp:attachment":[{"href":"http:\/\/szolnokimuvesztelep.com\/en\/wp-json\/wp\/v2\/media?parent=7153"}],"wp:term":[{"taxonomy":"category","embeddable":true,"href":"http:\/\/szolnokimuvesztelep.com\/en\/wp-json\/wp\/v2\/categories?post=7153"},{"taxonomy":"post_tag","embeddable":true,"href":"http:\/\/szolnokimuvesztelep.com\/en\/wp-json\/wp\/v2\/tags?post=7153"},{"taxonomy":"yst_prominent_words","embeddable":true,"href":"http:\/\/szolnokimuvesztelep.com\/en\/wp-json\/wp\/v2\/yst_prominent_words?post=7153"}],"curies":[{"name":"wp","href":"https:\/\/api.w.org\/{rel}","templated":true}]}}