{"id":7072,"date":"2021-11-23T08:53:39","date_gmt":"2021-11-23T08:53:39","guid":{"rendered":"http:\/\/szolnokimuvesztelep.com\/?p=7072"},"modified":"2022-11-25T09:40:49","modified_gmt":"2022-11-25T09:40:49","slug":"infinitivusz-kortars-kepzomuveszeti-kiallitas-pilinszky-janos-emlekere","status":"publish","type":"post","link":"http:\/\/szolnokimuvesztelep.com\/en\/2021\/11\/23\/infinitivusz-kortars-kepzomuveszeti-kiallitas-pilinszky-janos-emlekere\/","title":{"rendered":"INFINIT\u00cdVUSZ &#8211; ki\u00e1ll\u00edt\u00e1s Pilinszky J\u00e1nos eml\u00e9k\u00e9re a Szolnoki M\u0171v\u00e9sztelep &#8211; Kert Gal\u00e9ri\u00e1ban"},"content":{"rendered":"<p class=\"p1\">A Szolnoki M\u0171v\u00e9szeti Egyes\u00fclet megh\u00edvja \u00d6nt \u00e9s bar\u00e1tait az<\/p>\n<p class=\"p2\"><b>INFINIT\u00cdVUSZ<br \/>\n<\/b>c\u00edm\u0171 ki\u00e1ll\u00edt\u00e1sra<\/p>\n<p class=\"p4\"><b>ID\u0150PONT<br \/>\n<\/b>2022. febru\u00e1r 11., p\u00e9ntek 18 \u00f3ra<span class=\"Apple-converted-space\">\u00a0<\/span><\/p>\n<p class=\"p5\"><span class=\"s1\"><b>HELYSZ\u00cdN<br \/>\n<\/b><\/span>a Szolnoki M\u0171v\u00e9sztelep \u2013 KERT Gal\u00e9ria<span class=\"Apple-converted-space\">\u00a0<\/span><\/p>\n<p class=\"p1\">(5000 Szolnok, Gutenberg t\u00e9r 12\/12.)<\/p>\n<p class=\"p5\"><span class=\"s2\"><b>A KI\u00c1LL\u00cdT\u00c1ST MEGNYITJA<br \/>\n<\/b><\/span>Verebes Gy\u00f6rgy, a Szolnoki M\u0171v\u00e9sztelep m\u0171v\u00e9szeti vezet\u0151je<\/p>\n<p class=\"p5\"><span class=\"s2\"><b>KUR\u00c1TOROK<br \/>\n<\/b><\/span>D\u00f3czy P\u00e9ter, L\u00e9vay Jen\u0151, Verebes Gy\u00f6rgy<\/p>\n<p class=\"p1\"><span class=\"s1\"><b>EL\u0150AD\u00c1S<br \/>\n<\/b><\/span><strong>Kontempl\u00e1ci\u00f3 &#8211; Medit\u00e1ci\u00f3<\/strong><\/p>\n<p class=\"p1\">El\u0151adja: D\u00f3czy P\u00e9ter sz\u00ednm\u0171v\u00e9sz<\/p>\n<p class=\"p2\">K\u00f6zrem\u0171k\u00f6dik: Csonka Bogl\u00e1rka &#8211; \u00e9nek, klarin\u00e9t, citera<\/p>\n<p class=\"p1\">\u201eNem olyann\u00e1 kell lennem, amilyen vagyok, hanem azz\u00e1, ami vagyok.\u201d<br \/>\n\u2013 Hallom Pilinszky J\u00e1nos gondolatait. Hogyan tal\u00e1lom meg az Istenhez vezet\u0151 utat? Milyen lesz az a szeml\u00e9l\u0151d\u00e9s, ami majd a megvil\u00e1gosod\u00e1somhoz vezet? Mikor, hogyan v\u00e1lik cselekv\u00e9ss\u00e9, alkot\u00e1ss\u00e1 \u2013 amiben, ha t\u00fck\u00f6r \u00e1ltal hom\u00e1lyosan is, de v\u00e9g\u00fcl is k\u00f6rvonalaz\u00f3dik \u00e9let\u00fcnkben, munk\u00e1nkban a szeretet \u00e9s az egym\u00e1sb\u00f3l fakad\u00f3 jelenl\u00e9t\u00fcnk? Tal\u00e1n ebben a mer\u00edtkez\u00e9sben k\u00f6zelebb juthatunk egym\u00e1shoz. Azt hiszem, ez lenne a k\u00f6z\u00f6s c\u00e9l! (D\u00f3czy P\u00e9ter)<\/p>\n<p class=\"p1\">A v\u00e1ndorki\u00e1ll\u00edt\u00e1s anyaga kor\u00e1bban az Eserny\u0151s Gal\u00e9ri\u00e1ban, Budapesten volt l\u00e1that\u00f3.<\/p>\n<p class=\"p1\"><span class=\"s1\"><b>A KI\u00c1LL\u00cdT\u00c1S MEGTEKINTHET\u0150<br \/>\n<\/b><\/span>2022.<span class=\"Apple-converted-space\"> <\/span>m\u00e1rcius 12-ig (H-P: 9.00 \u2013 16.00 \u00f3r\u00e1ig, vagy el\u0151zetes egyeztet\u00e9s szerint)<\/p>\n<p><img data-attachment-id=\"7173\" data-permalink=\"http:\/\/szolnokimuvesztelep.com\/en\/2021\/11\/23\/infinitivusz-kortars-kepzomuveszeti-kiallitas-pilinszky-janos-emlekere\/infinitivusz_meghivo_szolnok_2022\/\" data-orig-file=\"https:\/\/i2.wp.com\/szolnokimuvesztelep.com\/wp-content\/uploads\/2021\/11\/INFINITI\u0301VUSZ_meghivo_Szolnok_2022.jpg?fit=1240%2C561\" data-orig-size=\"1240,561\" data-comments-opened=\"1\" data-image-meta=\"{&quot;aperture&quot;:&quot;0&quot;,&quot;credit&quot;:&quot;&quot;,&quot;camera&quot;:&quot;&quot;,&quot;caption&quot;:&quot;&quot;,&quot;created_timestamp&quot;:&quot;0&quot;,&quot;copyright&quot;:&quot;&quot;,&quot;focal_length&quot;:&quot;0&quot;,&quot;iso&quot;:&quot;0&quot;,&quot;shutter_speed&quot;:&quot;0&quot;,&quot;title&quot;:&quot;&quot;,&quot;orientation&quot;:&quot;0&quot;}\" data-image-title=\"INFINITI\u0301VUSZ_meghivo_Szolnok_2022\" data-image-description=\"\" data-medium-file=\"https:\/\/i2.wp.com\/szolnokimuvesztelep.com\/wp-content\/uploads\/2021\/11\/INFINITI\u0301VUSZ_meghivo_Szolnok_2022.jpg?fit=300%2C136\" data-large-file=\"https:\/\/i2.wp.com\/szolnokimuvesztelep.com\/wp-content\/uploads\/2021\/11\/INFINITI\u0301VUSZ_meghivo_Szolnok_2022.jpg?fit=790%2C357\" loading=\"lazy\" class=\"alignnone wp-image-7173\" src=\"https:\/\/i2.wp.com\/szolnokimuvesztelep.com\/wp-content\/uploads\/2021\/11\/INFINITI\u0301VUSZ_meghivo_Szolnok_2022.jpg?resize=605%2C275\" alt=\"\" width=\"605\" height=\"275\" srcset=\"https:\/\/i2.wp.com\/szolnokimuvesztelep.com\/wp-content\/uploads\/2021\/11\/INFINITI\u0301VUSZ_meghivo_Szolnok_2022.jpg?resize=300%2C136 300w, https:\/\/i2.wp.com\/szolnokimuvesztelep.com\/wp-content\/uploads\/2021\/11\/INFINITI\u0301VUSZ_meghivo_Szolnok_2022.jpg?resize=1024%2C463 1024w, https:\/\/i2.wp.com\/szolnokimuvesztelep.com\/wp-content\/uploads\/2021\/11\/INFINITI\u0301VUSZ_meghivo_Szolnok_2022.jpg?w=1240 1240w\" sizes=\"(max-width: 605px) 100vw, 605px\" data-recalc-dims=\"1\" \/><\/p>\n<p>&nbsp;<\/p>\n<p>&#8211;<\/p>\n<p><img data-attachment-id=\"7137\" data-permalink=\"http:\/\/szolnokimuvesztelep.com\/en\/2021\/11\/23\/infinitivusz-kortars-kepzomuveszeti-kiallitas-pilinszky-janos-emlekere\/infinitivusz_finisszazs_220110\/\" data-orig-file=\"https:\/\/i0.wp.com\/szolnokimuvesztelep.com\/wp-content\/uploads\/2021\/11\/infinitivusz_finisszazs_220110.jpeg?fit=886%2C1772\" data-orig-size=\"886,1772\" data-comments-opened=\"1\" data-image-meta=\"{&quot;aperture&quot;:&quot;0&quot;,&quot;credit&quot;:&quot;&quot;,&quot;camera&quot;:&quot;&quot;,&quot;caption&quot;:&quot;&quot;,&quot;created_timestamp&quot;:&quot;0&quot;,&quot;copyright&quot;:&quot;&quot;,&quot;focal_length&quot;:&quot;0&quot;,&quot;iso&quot;:&quot;0&quot;,&quot;shutter_speed&quot;:&quot;0&quot;,&quot;title&quot;:&quot;&quot;,&quot;orientation&quot;:&quot;0&quot;}\" data-image-title=\"infinitivusz_finisszazs_220110\" data-image-description=\"\" data-medium-file=\"https:\/\/i0.wp.com\/szolnokimuvesztelep.com\/wp-content\/uploads\/2021\/11\/infinitivusz_finisszazs_220110.jpeg?fit=150%2C300\" data-large-file=\"https:\/\/i0.wp.com\/szolnokimuvesztelep.com\/wp-content\/uploads\/2021\/11\/infinitivusz_finisszazs_220110.jpeg?fit=512%2C1024\" loading=\"lazy\" class=\"alignnone wp-image-7137\" src=\"https:\/\/i0.wp.com\/szolnokimuvesztelep.com\/wp-content\/uploads\/2021\/11\/infinitivusz_finisszazs_220110.jpeg?resize=360%2C720\" alt=\"\" width=\"360\" height=\"720\" srcset=\"https:\/\/i0.wp.com\/szolnokimuvesztelep.com\/wp-content\/uploads\/2021\/11\/infinitivusz_finisszazs_220110.jpeg?resize=150%2C300 150w, https:\/\/i0.wp.com\/szolnokimuvesztelep.com\/wp-content\/uploads\/2021\/11\/infinitivusz_finisszazs_220110.jpeg?resize=512%2C1024 512w, https:\/\/i0.wp.com\/szolnokimuvesztelep.com\/wp-content\/uploads\/2021\/11\/infinitivusz_finisszazs_220110.jpeg?resize=768%2C1536 768w, https:\/\/i0.wp.com\/szolnokimuvesztelep.com\/wp-content\/uploads\/2021\/11\/infinitivusz_finisszazs_220110.jpeg?w=886 886w\" sizes=\"(max-width: 360px) 100vw, 360px\" data-recalc-dims=\"1\" \/><\/p>\n<p><img data-attachment-id=\"7073\" data-permalink=\"http:\/\/szolnokimuvesztelep.com\/en\/2021\/11\/23\/infinitivusz-kortars-kepzomuveszeti-kiallitas-pilinszky-janos-emlekere\/infinitivusz_meghivo_211110\/\" data-orig-file=\"https:\/\/i0.wp.com\/szolnokimuvesztelep.com\/wp-content\/uploads\/2021\/11\/infinitivusz_meghivo_211110.jpeg?fit=886%2C1756\" data-orig-size=\"886,1756\" data-comments-opened=\"1\" data-image-meta=\"{&quot;aperture&quot;:&quot;0&quot;,&quot;credit&quot;:&quot;&quot;,&quot;camera&quot;:&quot;&quot;,&quot;caption&quot;:&quot;&quot;,&quot;created_timestamp&quot;:&quot;0&quot;,&quot;copyright&quot;:&quot;&quot;,&quot;focal_length&quot;:&quot;0&quot;,&quot;iso&quot;:&quot;0&quot;,&quot;shutter_speed&quot;:&quot;0&quot;,&quot;title&quot;:&quot;&quot;,&quot;orientation&quot;:&quot;1&quot;}\" data-image-title=\"infinitivusz_meghivo_211110\" data-image-description=\"\" data-medium-file=\"https:\/\/i0.wp.com\/szolnokimuvesztelep.com\/wp-content\/uploads\/2021\/11\/infinitivusz_meghivo_211110.jpeg?fit=151%2C300\" data-large-file=\"https:\/\/i0.wp.com\/szolnokimuvesztelep.com\/wp-content\/uploads\/2021\/11\/infinitivusz_meghivo_211110.jpeg?fit=517%2C1024\" loading=\"lazy\" class=\"alignnone wp-image-7073\" src=\"https:\/\/i0.wp.com\/szolnokimuvesztelep.com\/wp-content\/uploads\/2021\/11\/infinitivusz_meghivo_211110.jpeg?resize=362%2C719\" alt=\"\" width=\"362\" height=\"719\" srcset=\"https:\/\/i0.wp.com\/szolnokimuvesztelep.com\/wp-content\/uploads\/2021\/11\/infinitivusz_meghivo_211110.jpeg?resize=151%2C300 151w, https:\/\/i0.wp.com\/szolnokimuvesztelep.com\/wp-content\/uploads\/2021\/11\/infinitivusz_meghivo_211110.jpeg?zoom=2&amp;resize=362%2C719 724w\" sizes=\"(max-width: 362px) 100vw, 362px\" data-recalc-dims=\"1\" \/><\/p>\n<p>&nbsp;<\/p>\n<p><span class=\"embed-youtube\" style=\"text-align:center; display: block;\"><iframe class='youtube-player' width='790' height='445' src='https:\/\/www.youtube.com\/embed\/0TdytPaDdRY?version=3&#038;rel=1&#038;fs=1&#038;autohide=2&#038;showsearch=0&#038;showinfo=1&#038;iv_load_policy=1&#038;wmode=transparent' allowfullscreen='true' style='border:0;'><\/iframe><\/span><\/p>\n<p>&nbsp;<\/p>","protected":false},"excerpt":{"rendered":"<p>A Szolnoki M\u0171v\u00e9szeti Egyes\u00fclet megh\u00edvja \u00d6nt \u00e9s bar\u00e1tait az INFINIT\u00cdVUSZ c\u00edm\u0171 ki\u00e1ll\u00edt\u00e1sra ID\u0150PONT 2022. febru\u00e1r 11., p\u00e9ntek 18 \u00f3ra\u00a0 HELYSZ\u00cdN a Szolnoki M\u0171v\u00e9sztelep \u2013 KERT Gal\u00e9ria\u00a0 (5000 Szolnok, Gutenberg t\u00e9r 12\/12.) A KI\u00c1LL\u00cdT\u00c1ST MEGNYITJA Verebes Gy\u00f6rgy, a Szolnoki M\u0171v\u00e9sztelep m\u0171v\u00e9szeti vezet\u0151je KUR\u00c1TOROK D\u00f3czy P\u00e9ter, L\u00e9vay Jen\u0151, Verebes Gy\u00f6rgy EL\u0150AD\u00c1S Kontempl\u00e1ci\u00f3&hellip; <\/p>","protected":false},"author":6,"featured_media":7074,"comment_status":"open","ping_status":"open","sticky":false,"template":"","format":"standard","meta":{"spay_email":"","jetpack_publicize_message":""},"categories":[55,1,58],"tags":[],"yst_prominent_words":[],"jetpack_featured_media_url":"https:\/\/i0.wp.com\/szolnokimuvesztelep.com\/wp-content\/uploads\/2021\/11\/slider_pi-scaled.jpg?fit=2560%2C934","jetpack_publicize_connections":[],"yoast_head":"<!-- This site is optimized with the Yoast SEO Premium plugin v14.1 - https:\/\/yoast.com\/wordpress\/plugins\/seo\/ -->\n<title>INFINIT\u00cdVUSZ - ki\u00e1ll\u00edt\u00e1s Pilinszky J\u00e1nos eml\u00e9k\u00e9re a Szolnoki M\u0171v\u00e9sztelep - Kert Gal\u00e9ri\u00e1ban - SZOLNOKI M\u0170V\u00c9SZTELEP<\/title>\n<meta name=\"robots\" content=\"index, follow\" \/>\n<meta name=\"googlebot\" content=\"index, follow, max-snippet:-1, max-image-preview:large, max-video-preview:-1\" \/>\n<meta name=\"bingbot\" content=\"index, follow, max-snippet:-1, max-image-preview:large, max-video-preview:-1\" \/>\n<link rel=\"canonical\" href=\"http:\/\/szolnokimuvesztelep.com\/en\/2021\/11\/23\/infinitivusz-kortars-kepzomuveszeti-kiallitas-pilinszky-janos-emlekere\/\" \/>\n<meta property=\"og:locale\" content=\"en_US\" \/>\n<meta property=\"og:type\" content=\"article\" \/>\n<meta property=\"og:title\" content=\"INFINIT\u00cdVUSZ - ki\u00e1ll\u00edt\u00e1s Pilinszky J\u00e1nos eml\u00e9k\u00e9re a Szolnoki M\u0171v\u00e9sztelep - Kert Gal\u00e9ri\u00e1ban - SZOLNOKI M\u0170V\u00c9SZTELEP\" \/>\n<meta property=\"og:description\" content=\"A Szolnoki M\u0171v\u00e9szeti Egyes\u00fclet megh\u00edvja \u00d6nt \u00e9s bar\u00e1tait az INFINIT\u00cdVUSZ c\u00edm\u0171 ki\u00e1ll\u00edt\u00e1sra ID\u0150PONT 2022. febru\u00e1r 11., p\u00e9ntek 18 \u00f3ra\u00a0 HELYSZ\u00cdN a Szolnoki M\u0171v\u00e9sztelep \u2013 KERT Gal\u00e9ria\u00a0 (5000 Szolnok, Gutenberg t\u00e9r 12\/12.) A KI\u00c1LL\u00cdT\u00c1ST MEGNYITJA Verebes Gy\u00f6rgy, a Szolnoki M\u0171v\u00e9sztelep m\u0171v\u00e9szeti vezet\u0151je KUR\u00c1TOROK D\u00f3czy P\u00e9ter, L\u00e9vay Jen\u0151, Verebes Gy\u00f6rgy EL\u0150AD\u00c1S Kontempl\u00e1ci\u00f3&hellip;\" \/>\n<meta property=\"og:url\" content=\"http:\/\/szolnokimuvesztelep.com\/en\/2021\/11\/23\/infinitivusz-kortars-kepzomuveszeti-kiallitas-pilinszky-janos-emlekere\/\" \/>\n<meta property=\"og:site_name\" content=\"SZOLNOKI M\u0170V\u00c9SZTELEP\" \/>\n<meta property=\"article:publisher\" content=\"https:\/\/www.facebook.com\/szolnokimuvesztelepofficial\/\" \/>\n<meta property=\"article:published_time\" content=\"2021-11-23T08:53:39+00:00\" \/>\n<meta property=\"article:modified_time\" content=\"2022-11-25T09:40:49+00:00\" \/>\n<meta property=\"og:image\" content=\"https:\/\/i0.wp.com\/szolnokimuvesztelep.com\/wp-content\/uploads\/2021\/11\/slider_pi-scaled.jpg?fit=2560%2C934\" \/>\n\t<meta property=\"og:image:width\" content=\"2560\" \/>\n\t<meta property=\"og:image:height\" content=\"934\" \/>\n<script type=\"application\/ld+json\" class=\"yoast-schema-graph\">{\"@context\":\"https:\/\/schema.org\",\"@graph\":[{\"@type\":\"Organization\",\"@id\":\"http:\/\/szolnokimuvesztelep.com\/en\/#organization\",\"name\":\"Szolnoki M\\u0171v\\u00e9sztelep\",\"url\":\"http:\/\/szolnokimuvesztelep.com\/en\/\",\"sameAs\":[\"https:\/\/www.facebook.com\/szolnokimuvesztelepofficial\/\",\"https:\/\/www.instagram.com\/szolnoki_muvesztelep\/\",\"https:\/\/www.youtube.com\/channel\/UCAYRF4A8FrslG3J__XEjEoA\",\"https:\/\/hu.wikipedia.org\/wiki\/Szolnoki_m\\u0171v\\u00e9sztelep\"],\"logo\":{\"@type\":\"ImageObject\",\"@id\":\"http:\/\/szolnokimuvesztelep.com\/en\/#logo\",\"inLanguage\":\"en-US\",\"url\":\"https:\/\/i0.wp.com\/szolnokimuvesztelep.com\/wp-content\/uploads\/2020\/05\/szmt_2019_szlogen_psz-01.png?fit=2242%2C863\",\"width\":2242,\"height\":863,\"caption\":\"Szolnoki M\\u0171v\\u00e9sztelep\"},\"image\":{\"@id\":\"http:\/\/szolnokimuvesztelep.com\/en\/#logo\"}},{\"@type\":\"WebSite\",\"@id\":\"http:\/\/szolnokimuvesztelep.com\/en\/#website\",\"url\":\"http:\/\/szolnokimuvesztelep.com\/en\/\",\"name\":\"SZOLNOKI M\\u0170V\\u00c9SZTELEP\",\"description\":\"Meg\\u00fajul\\u00f3 hagyom\\u00e1ny\",\"publisher\":{\"@id\":\"http:\/\/szolnokimuvesztelep.com\/en\/#organization\"},\"potentialAction\":[{\"@type\":\"SearchAction\",\"target\":\"http:\/\/szolnokimuvesztelep.com\/en\/?s={search_term_string}\",\"query-input\":\"required name=search_term_string\"}],\"inLanguage\":\"en-US\"},{\"@type\":\"ImageObject\",\"@id\":\"http:\/\/szolnokimuvesztelep.com\/2021\/11\/23\/infinitivusz-kortars-kepzomuveszeti-kiallitas-pilinszky-janos-emlekere\/#primaryimage\",\"inLanguage\":\"en-US\",\"url\":\"https:\/\/i0.wp.com\/szolnokimuvesztelep.com\/wp-content\/uploads\/2021\/11\/slider_pi-scaled.jpg?fit=2560%2C934\",\"width\":2560,\"height\":934},{\"@type\":\"WebPage\",\"@id\":\"http:\/\/szolnokimuvesztelep.com\/2021\/11\/23\/infinitivusz-kortars-kepzomuveszeti-kiallitas-pilinszky-janos-emlekere\/#webpage\",\"url\":\"http:\/\/szolnokimuvesztelep.com\/2021\/11\/23\/infinitivusz-kortars-kepzomuveszeti-kiallitas-pilinszky-janos-emlekere\/\",\"name\":\"INFINIT\\u00cdVUSZ - ki\\u00e1ll\\u00edt\\u00e1s Pilinszky J\\u00e1nos eml\\u00e9k\\u00e9re a Szolnoki M\\u0171v\\u00e9sztelep - Kert Gal\\u00e9ri\\u00e1ban - SZOLNOKI M\\u0170V\\u00c9SZTELEP\",\"isPartOf\":{\"@id\":\"http:\/\/szolnokimuvesztelep.com\/en\/#website\"},\"primaryImageOfPage\":{\"@id\":\"http:\/\/szolnokimuvesztelep.com\/2021\/11\/23\/infinitivusz-kortars-kepzomuveszeti-kiallitas-pilinszky-janos-emlekere\/#primaryimage\"},\"datePublished\":\"2021-11-23T08:53:39+00:00\",\"dateModified\":\"2022-11-25T09:40:49+00:00\",\"inLanguage\":\"en-US\",\"potentialAction\":[{\"@type\":\"ReadAction\",\"target\":[\"http:\/\/szolnokimuvesztelep.com\/2021\/11\/23\/infinitivusz-kortars-kepzomuveszeti-kiallitas-pilinszky-janos-emlekere\/\"]}]},{\"@type\":\"Article\",\"@id\":\"http:\/\/szolnokimuvesztelep.com\/2021\/11\/23\/infinitivusz-kortars-kepzomuveszeti-kiallitas-pilinszky-janos-emlekere\/#article\",\"isPartOf\":{\"@id\":\"http:\/\/szolnokimuvesztelep.com\/2021\/11\/23\/infinitivusz-kortars-kepzomuveszeti-kiallitas-pilinszky-janos-emlekere\/#webpage\"},\"author\":{\"@id\":\"http:\/\/szolnokimuvesztelep.com\/en\/#\/schema\/person\/455817b7faaefdc309af6d6d95453700\"},\"headline\":\"INFINIT\\u00cdVUSZ &#8211; ki\\u00e1ll\\u00edt\\u00e1s Pilinszky J\\u00e1nos eml\\u00e9k\\u00e9re a Szolnoki M\\u0171v\\u00e9sztelep &#8211; Kert Gal\\u00e9ri\\u00e1ban\",\"datePublished\":\"2021-11-23T08:53:39+00:00\",\"dateModified\":\"2022-11-25T09:40:49+00:00\",\"commentCount\":0,\"mainEntityOfPage\":{\"@id\":\"http:\/\/szolnokimuvesztelep.com\/2021\/11\/23\/infinitivusz-kortars-kepzomuveszeti-kiallitas-pilinszky-janos-emlekere\/#webpage\"},\"publisher\":{\"@id\":\"http:\/\/szolnokimuvesztelep.com\/en\/#organization\"},\"image\":{\"@id\":\"http:\/\/szolnokimuvesztelep.com\/2021\/11\/23\/infinitivusz-kortars-kepzomuveszeti-kiallitas-pilinszky-janos-emlekere\/#primaryimage\"},\"articleSection\":\"Arch\\u00edv,Egy\\u00e9b,H\\u00edrek\",\"inLanguage\":\"en-US\",\"potentialAction\":[{\"@type\":\"CommentAction\",\"name\":\"Comment\",\"target\":[\"http:\/\/szolnokimuvesztelep.com\/2021\/11\/23\/infinitivusz-kortars-kepzomuveszeti-kiallitas-pilinszky-janos-emlekere\/#respond\"]}]},{\"@type\":[\"Person\"],\"@id\":\"http:\/\/szolnokimuvesztelep.com\/en\/#\/schema\/person\/455817b7faaefdc309af6d6d95453700\",\"name\":\"Cselle Judit\",\"image\":{\"@type\":\"ImageObject\",\"@id\":\"http:\/\/szolnokimuvesztelep.com\/en\/#personlogo\",\"inLanguage\":\"en-US\",\"url\":\"http:\/\/0.gravatar.com\/avatar\/3eb98182a1cc7aad03ba91a0145855ba?s=96&d=mm&r=g\",\"caption\":\"Cselle Judit\"}}]}<\/script>\n<!-- \/ Yoast SEO Premium plugin. -->","jetpack_sharing_enabled":true,"jetpack_shortlink":"https:\/\/wp.me\/p9tpmR-1Q4","jetpack_likes_enabled":true,"jetpack-related-posts":[],"_links":{"self":[{"href":"http:\/\/szolnokimuvesztelep.com\/en\/wp-json\/wp\/v2\/posts\/7072"}],"collection":[{"href":"http:\/\/szolnokimuvesztelep.com\/en\/wp-json\/wp\/v2\/posts"}],"about":[{"href":"http:\/\/szolnokimuvesztelep.com\/en\/wp-json\/wp\/v2\/types\/post"}],"author":[{"embeddable":true,"href":"http:\/\/szolnokimuvesztelep.com\/en\/wp-json\/wp\/v2\/users\/6"}],"replies":[{"embeddable":true,"href":"http:\/\/szolnokimuvesztelep.com\/en\/wp-json\/wp\/v2\/comments?post=7072"}],"version-history":[{"count":7,"href":"http:\/\/szolnokimuvesztelep.com\/en\/wp-json\/wp\/v2\/posts\/7072\/revisions"}],"predecessor-version":[{"id":7174,"href":"http:\/\/szolnokimuvesztelep.com\/en\/wp-json\/wp\/v2\/posts\/7072\/revisions\/7174"}],"wp:featuredmedia":[{"embeddable":true,"href":"http:\/\/szolnokimuvesztelep.com\/en\/wp-json\/wp\/v2\/media\/7074"}],"wp:attachment":[{"href":"http:\/\/szolnokimuvesztelep.com\/en\/wp-json\/wp\/v2\/media?parent=7072"}],"wp:term":[{"taxonomy":"category","embeddable":true,"href":"http:\/\/szolnokimuvesztelep.com\/en\/wp-json\/wp\/v2\/categories?post=7072"},{"taxonomy":"post_tag","embeddable":true,"href":"http:\/\/szolnokimuvesztelep.com\/en\/wp-json\/wp\/v2\/tags?post=7072"},{"taxonomy":"yst_prominent_words","embeddable":true,"href":"http:\/\/szolnokimuvesztelep.com\/en\/wp-json\/wp\/v2\/yst_prominent_words?post=7072"}],"curies":[{"name":"wp","href":"https:\/\/api.w.org\/{rel}","templated":true}]}}