{"id":7008,"date":"2021-10-18T17:48:31","date_gmt":"2021-10-18T17:48:31","guid":{"rendered":"http:\/\/szolnokimuvesztelep.com\/?p=7008"},"modified":"2021-11-17T13:02:44","modified_gmt":"2021-11-17T13:02:44","slug":"summa-verebes-gyorgy-kiallitasa-a-limes-galeriaban","status":"publish","type":"post","link":"http:\/\/szolnokimuvesztelep.com\/en\/2021\/10\/18\/summa-verebes-gyorgy-kiallitasa-a-limes-galeriaban\/","title":{"rendered":"Summa &#8211; Verebes Gy\u00f6rgy ki\u00e1ll\u00edt\u00e1sa a Limes Gal\u00e9ri\u00e1ban"},"content":{"rendered":"<p>Mennyit kell m\u00e9g aludni addig? \u2013 k\u00e9rdi a gyermek, ha nagyon v\u00e1r valamit. Te tudsz ilyet csin\u00e1lni a kezeddel? \u2013 mutatja, \u00e9s \u00e9rdekes m\u00f3don kulcsolja \u00f6ssze az ujjait. Ezek a gyakran \u00e1t\u00e9lt helyzetek jutnak eszembe, ha Verebes Gy\u00f6rgy festm\u00e9nyeit n\u00e9zem. Tal\u00e1n a tisztas\u00e1guk miatt. Tal\u00e1n az intim k\u00f6zels\u00e9g miatt, ahogy elid\u0151zhet\u00fcnk egy alv\u00f3 arcot n\u00e9zve, vagy r\u00e1csod\u00e1lkozhatunk, mennyi mindent t\u00fckr\u00f6z egy ember k\u00e9zfeje. Az id\u0151 l\u00e9tez\u00e9se tolakodik el\u00e9nk minden k\u00e9p \u00e1ltal \u2013 az alv\u00e1s, amely az id\u0151t szabdalja el\u0151ttre \u00e9s ut\u00e1nra, m\u00e1ra \u00e9s holnapra, val\u00f3s\u00e1gra vagy \u00e1lomra. Mi t\u00f6rt\u00e9nt miel\u0151tt \u00e1lomba mer\u00fcltek a tit\u00e1nok? Mi lesz, ha fel\u00e9brednek? Mi lesz, ha t\u00fal kor\u00e1n vagy t\u00fal k\u00e9s\u0151n t\u00e9rnek vissza?<br \/>\nAlszanak a tit\u00e1nok, alszik lo, emberl\u00e9pt\u00e9kkel m\u00e9rve bej\u00e1rhatatlan t\u00e1volba mer\u00fclt a vil\u00e1g, amelyb\u0151l v\u00e9tettek. Mi\u00e9rt ismer\u00fcnk r\u00e1juk m\u00e9gis? Honnan tudjuk, hogy m\u00e9g H\u00e1d\u00e9sz birodalm\u00e1n\u00e1l is van tov\u00e1bb? \u00c9s honnan ismerj\u00fck a v\u00e1rakoz\u00e1s, a v\u00e1llal\u00e1s vagy az aggodalom gesztusait? Verebes Gy\u00f6rgy k\u00e9pei azt mutatj\u00e1k meg, ami k\u00f6z\u00f6s. Nem a szertecsap\u00f3dott sokf\u00e9les\u00e9get hozz\u00e1k, hanem a l\u00e9lekm\u00e9lyben meg\u0151rz\u00f6tt egyetemes b\u00f6lcsess\u00e9get. Az \u00e1tmenet perceit t\u00e1g\u00edtj\u00e1k \u00f6r\u00f6kk\u00e9val\u00f3v\u00e1. Azt l\u00e1ttatj\u00e1k, ami emberi. A megnyugv\u00e1sban \u00e9s a nyugtalans\u00e1gban is.<br \/>\n<em>Bonczidai \u00c9va<\/em><\/p>\n<p><span>\u00a0<\/span><\/p>\n<p><img data-attachment-id=\"7010\" data-permalink=\"http:\/\/szolnokimuvesztelep.com\/en\/2021\/10\/18\/summa-verebes-gyorgy-kiallitasa-a-limes-galeriaban\/verebesgyorgy_limes_meghivo\/\" data-orig-file=\"https:\/\/i0.wp.com\/szolnokimuvesztelep.com\/wp-content\/uploads\/2021\/10\/VerebesGyorgy_Limes_Meghivo.jpg?fit=1748%2C2480\" data-orig-size=\"1748,2480\" data-comments-opened=\"1\" data-image-meta=\"{&quot;aperture&quot;:&quot;0&quot;,&quot;credit&quot;:&quot;&quot;,&quot;camera&quot;:&quot;&quot;,&quot;caption&quot;:&quot;&quot;,&quot;created_timestamp&quot;:&quot;0&quot;,&quot;copyright&quot;:&quot;&quot;,&quot;focal_length&quot;:&quot;0&quot;,&quot;iso&quot;:&quot;0&quot;,&quot;shutter_speed&quot;:&quot;0&quot;,&quot;title&quot;:&quot;&quot;,&quot;orientation&quot;:&quot;0&quot;}\" data-image-title=\"VerebesGyorgy_Limes_Meghivo\" data-image-description=\"\" data-medium-file=\"https:\/\/i0.wp.com\/szolnokimuvesztelep.com\/wp-content\/uploads\/2021\/10\/VerebesGyorgy_Limes_Meghivo.jpg?fit=211%2C300\" data-large-file=\"https:\/\/i0.wp.com\/szolnokimuvesztelep.com\/wp-content\/uploads\/2021\/10\/VerebesGyorgy_Limes_Meghivo.jpg?fit=722%2C1024\" loading=\"lazy\" class=\"aligncenter wp-image-7010 size-large\" src=\"https:\/\/i0.wp.com\/szolnokimuvesztelep.com\/wp-content\/uploads\/2021\/10\/VerebesGyorgy_Limes_Meghivo.jpg?resize=722%2C1024\" alt=\"\" width=\"722\" height=\"1024\" srcset=\"https:\/\/i0.wp.com\/szolnokimuvesztelep.com\/wp-content\/uploads\/2021\/10\/VerebesGyorgy_Limes_Meghivo.jpg?resize=722%2C1024 722w, https:\/\/i0.wp.com\/szolnokimuvesztelep.com\/wp-content\/uploads\/2021\/10\/VerebesGyorgy_Limes_Meghivo.jpg?resize=211%2C300 211w, https:\/\/i0.wp.com\/szolnokimuvesztelep.com\/wp-content\/uploads\/2021\/10\/VerebesGyorgy_Limes_Meghivo.jpg?resize=768%2C1090 768w, https:\/\/i0.wp.com\/szolnokimuvesztelep.com\/wp-content\/uploads\/2021\/10\/VerebesGyorgy_Limes_Meghivo.jpg?resize=1083%2C1536 1083w, https:\/\/i0.wp.com\/szolnokimuvesztelep.com\/wp-content\/uploads\/2021\/10\/VerebesGyorgy_Limes_Meghivo.jpg?resize=1444%2C2048 1444w, https:\/\/i0.wp.com\/szolnokimuvesztelep.com\/wp-content\/uploads\/2021\/10\/VerebesGyorgy_Limes_Meghivo.jpg?w=1748 1748w\" sizes=\"(max-width: 722px) 100vw, 722px\" data-recalc-dims=\"1\" \/><\/p>\n<p>&nbsp;<\/p>\n<p><span class=\"embed-youtube\" style=\"text-align:center; display: block;\"><iframe class='youtube-player' width='790' height='445' src='https:\/\/www.youtube.com\/embed\/55Krro8UX9s?version=3&#038;rel=1&#038;fs=1&#038;autohide=2&#038;showsearch=0&#038;showinfo=1&#038;iv_load_policy=1&#038;wmode=transparent' allowfullscreen='true' style='border:0;'><\/iframe><\/span><\/p>\n<p>&nbsp;<\/p>","protected":false},"excerpt":{"rendered":"<p>Mennyit kell m\u00e9g aludni addig? \u2013 k\u00e9rdi a gyermek, ha nagyon v\u00e1r valamit. Te tudsz ilyet csin\u00e1lni a kezeddel? \u2013 mutatja, \u00e9s \u00e9rdekes m\u00f3don kulcsolja \u00f6ssze az ujjait. Ezek a gyakran \u00e1t\u00e9lt helyzetek jutnak eszembe, ha Verebes Gy\u00f6rgy festm\u00e9nyeit n\u00e9zem. Tal\u00e1n a tisztas\u00e1guk miatt. Tal\u00e1n az intim k\u00f6zels\u00e9g miatt, ahogy&hellip; <\/p>","protected":false},"author":2,"featured_media":7009,"comment_status":"open","ping_status":"open","sticky":false,"template":"","format":"standard","meta":{"spay_email":"","jetpack_publicize_message":""},"categories":[55,1,58],"tags":[],"yst_prominent_words":[],"jetpack_featured_media_url":"https:\/\/i1.wp.com\/szolnokimuvesztelep.com\/wp-content\/uploads\/2021\/10\/VerebesGyorgy_Limes_Facebook1-scaled.jpg?fit=2560%2C1440","jetpack_publicize_connections":[],"yoast_head":"<!-- This site is optimized with the Yoast SEO Premium plugin v14.1 - https:\/\/yoast.com\/wordpress\/plugins\/seo\/ -->\n<title>Summa - Verebes Gy\u00f6rgy ki\u00e1ll\u00edt\u00e1sa a Limes Gal\u00e9ri\u00e1ban - SZOLNOKI M\u0170V\u00c9SZTELEP<\/title>\n<meta name=\"robots\" content=\"index, follow\" \/>\n<meta name=\"googlebot\" content=\"index, follow, max-snippet:-1, max-image-preview:large, max-video-preview:-1\" \/>\n<meta name=\"bingbot\" content=\"index, follow, max-snippet:-1, max-image-preview:large, max-video-preview:-1\" \/>\n<link rel=\"canonical\" href=\"http:\/\/szolnokimuvesztelep.com\/en\/2021\/10\/18\/summa-verebes-gyorgy-kiallitasa-a-limes-galeriaban\/\" \/>\n<meta property=\"og:locale\" content=\"en_US\" \/>\n<meta property=\"og:type\" content=\"article\" \/>\n<meta property=\"og:title\" content=\"Summa - Verebes Gy\u00f6rgy ki\u00e1ll\u00edt\u00e1sa a Limes Gal\u00e9ri\u00e1ban - SZOLNOKI M\u0170V\u00c9SZTELEP\" \/>\n<meta property=\"og:description\" content=\"Mennyit kell m\u00e9g aludni addig? \u2013 k\u00e9rdi a gyermek, ha nagyon v\u00e1r valamit. Te tudsz ilyet csin\u00e1lni a kezeddel? \u2013 mutatja, \u00e9s \u00e9rdekes m\u00f3don kulcsolja \u00f6ssze az ujjait. Ezek a gyakran \u00e1t\u00e9lt helyzetek jutnak eszembe, ha Verebes Gy\u00f6rgy festm\u00e9nyeit n\u00e9zem. Tal\u00e1n a tisztas\u00e1guk miatt. Tal\u00e1n az intim k\u00f6zels\u00e9g miatt, ahogy&hellip;\" \/>\n<meta property=\"og:url\" content=\"http:\/\/szolnokimuvesztelep.com\/en\/2021\/10\/18\/summa-verebes-gyorgy-kiallitasa-a-limes-galeriaban\/\" \/>\n<meta property=\"og:site_name\" content=\"SZOLNOKI M\u0170V\u00c9SZTELEP\" \/>\n<meta property=\"article:publisher\" content=\"https:\/\/www.facebook.com\/szolnokimuvesztelepofficial\/\" \/>\n<meta property=\"article:published_time\" content=\"2021-10-18T17:48:31+00:00\" \/>\n<meta property=\"article:modified_time\" content=\"2021-11-17T13:02:44+00:00\" \/>\n<meta property=\"og:image\" content=\"https:\/\/i1.wp.com\/szolnokimuvesztelep.com\/wp-content\/uploads\/2021\/10\/VerebesGyorgy_Limes_Facebook1-scaled.jpg?fit=2560%2C1440\" \/>\n\t<meta property=\"og:image:width\" content=\"2560\" \/>\n\t<meta property=\"og:image:height\" content=\"1440\" \/>\n<script type=\"application\/ld+json\" class=\"yoast-schema-graph\">{\"@context\":\"https:\/\/schema.org\",\"@graph\":[{\"@type\":\"Organization\",\"@id\":\"http:\/\/szolnokimuvesztelep.com\/en\/#organization\",\"name\":\"Szolnoki M\\u0171v\\u00e9sztelep\",\"url\":\"http:\/\/szolnokimuvesztelep.com\/en\/\",\"sameAs\":[\"https:\/\/www.facebook.com\/szolnokimuvesztelepofficial\/\",\"https:\/\/www.instagram.com\/szolnoki_muvesztelep\/\",\"https:\/\/www.youtube.com\/channel\/UCAYRF4A8FrslG3J__XEjEoA\",\"https:\/\/hu.wikipedia.org\/wiki\/Szolnoki_m\\u0171v\\u00e9sztelep\"],\"logo\":{\"@type\":\"ImageObject\",\"@id\":\"http:\/\/szolnokimuvesztelep.com\/en\/#logo\",\"inLanguage\":\"en-US\",\"url\":\"https:\/\/i0.wp.com\/szolnokimuvesztelep.com\/wp-content\/uploads\/2020\/05\/szmt_2019_szlogen_psz-01.png?fit=2242%2C863\",\"width\":2242,\"height\":863,\"caption\":\"Szolnoki M\\u0171v\\u00e9sztelep\"},\"image\":{\"@id\":\"http:\/\/szolnokimuvesztelep.com\/en\/#logo\"}},{\"@type\":\"WebSite\",\"@id\":\"http:\/\/szolnokimuvesztelep.com\/en\/#website\",\"url\":\"http:\/\/szolnokimuvesztelep.com\/en\/\",\"name\":\"SZOLNOKI M\\u0170V\\u00c9SZTELEP\",\"description\":\"Meg\\u00fajul\\u00f3 hagyom\\u00e1ny\",\"publisher\":{\"@id\":\"http:\/\/szolnokimuvesztelep.com\/en\/#organization\"},\"potentialAction\":[{\"@type\":\"SearchAction\",\"target\":\"http:\/\/szolnokimuvesztelep.com\/en\/?s={search_term_string}\",\"query-input\":\"required name=search_term_string\"}],\"inLanguage\":\"en-US\"},{\"@type\":\"ImageObject\",\"@id\":\"http:\/\/szolnokimuvesztelep.com\/2021\/10\/18\/summa-verebes-gyorgy-kiallitasa-a-limes-galeriaban\/#primaryimage\",\"inLanguage\":\"en-US\",\"url\":\"https:\/\/i1.wp.com\/szolnokimuvesztelep.com\/wp-content\/uploads\/2021\/10\/VerebesGyorgy_Limes_Facebook1-scaled.jpg?fit=2560%2C1440\",\"width\":2560,\"height\":1440},{\"@type\":\"WebPage\",\"@id\":\"http:\/\/szolnokimuvesztelep.com\/2021\/10\/18\/summa-verebes-gyorgy-kiallitasa-a-limes-galeriaban\/#webpage\",\"url\":\"http:\/\/szolnokimuvesztelep.com\/2021\/10\/18\/summa-verebes-gyorgy-kiallitasa-a-limes-galeriaban\/\",\"name\":\"Summa - Verebes Gy\\u00f6rgy ki\\u00e1ll\\u00edt\\u00e1sa a Limes Gal\\u00e9ri\\u00e1ban - SZOLNOKI M\\u0170V\\u00c9SZTELEP\",\"isPartOf\":{\"@id\":\"http:\/\/szolnokimuvesztelep.com\/en\/#website\"},\"primaryImageOfPage\":{\"@id\":\"http:\/\/szolnokimuvesztelep.com\/2021\/10\/18\/summa-verebes-gyorgy-kiallitasa-a-limes-galeriaban\/#primaryimage\"},\"datePublished\":\"2021-10-18T17:48:31+00:00\",\"dateModified\":\"2021-11-17T13:02:44+00:00\",\"inLanguage\":\"en-US\",\"potentialAction\":[{\"@type\":\"ReadAction\",\"target\":[\"http:\/\/szolnokimuvesztelep.com\/2021\/10\/18\/summa-verebes-gyorgy-kiallitasa-a-limes-galeriaban\/\"]}]},{\"@type\":\"Article\",\"@id\":\"http:\/\/szolnokimuvesztelep.com\/2021\/10\/18\/summa-verebes-gyorgy-kiallitasa-a-limes-galeriaban\/#article\",\"isPartOf\":{\"@id\":\"http:\/\/szolnokimuvesztelep.com\/2021\/10\/18\/summa-verebes-gyorgy-kiallitasa-a-limes-galeriaban\/#webpage\"},\"author\":{\"@id\":\"http:\/\/szolnokimuvesztelep.com\/en\/#\/schema\/person\/6809c0486d15892946a64c7ea6eed077\"},\"headline\":\"Summa &#8211; Verebes Gy\\u00f6rgy ki\\u00e1ll\\u00edt\\u00e1sa a Limes Gal\\u00e9ri\\u00e1ban\",\"datePublished\":\"2021-10-18T17:48:31+00:00\",\"dateModified\":\"2021-11-17T13:02:44+00:00\",\"commentCount\":0,\"mainEntityOfPage\":{\"@id\":\"http:\/\/szolnokimuvesztelep.com\/2021\/10\/18\/summa-verebes-gyorgy-kiallitasa-a-limes-galeriaban\/#webpage\"},\"publisher\":{\"@id\":\"http:\/\/szolnokimuvesztelep.com\/en\/#organization\"},\"image\":{\"@id\":\"http:\/\/szolnokimuvesztelep.com\/2021\/10\/18\/summa-verebes-gyorgy-kiallitasa-a-limes-galeriaban\/#primaryimage\"},\"articleSection\":\"Arch\\u00edv,Egy\\u00e9b,H\\u00edrek\",\"inLanguage\":\"en-US\",\"potentialAction\":[{\"@type\":\"CommentAction\",\"name\":\"Comment\",\"target\":[\"http:\/\/szolnokimuvesztelep.com\/2021\/10\/18\/summa-verebes-gyorgy-kiallitasa-a-limes-galeriaban\/#respond\"]}]},{\"@type\":[\"Person\"],\"@id\":\"http:\/\/szolnokimuvesztelep.com\/en\/#\/schema\/person\/6809c0486d15892946a64c7ea6eed077\",\"name\":\"Verebes Edit\",\"image\":{\"@type\":\"ImageObject\",\"@id\":\"http:\/\/szolnokimuvesztelep.com\/en\/#personlogo\",\"inLanguage\":\"en-US\",\"url\":\"http:\/\/2.gravatar.com\/avatar\/5d546bcb1a27fb506fe8bb16e33cd5fd?s=96&d=mm&r=g\",\"caption\":\"Verebes Edit\"}}]}<\/script>\n<!-- \/ Yoast SEO Premium plugin. -->","jetpack_sharing_enabled":true,"jetpack_shortlink":"https:\/\/wp.me\/p9tpmR-1P2","jetpack_likes_enabled":true,"jetpack-related-posts":[],"_links":{"self":[{"href":"http:\/\/szolnokimuvesztelep.com\/en\/wp-json\/wp\/v2\/posts\/7008"}],"collection":[{"href":"http:\/\/szolnokimuvesztelep.com\/en\/wp-json\/wp\/v2\/posts"}],"about":[{"href":"http:\/\/szolnokimuvesztelep.com\/en\/wp-json\/wp\/v2\/types\/post"}],"author":[{"embeddable":true,"href":"http:\/\/szolnokimuvesztelep.com\/en\/wp-json\/wp\/v2\/users\/2"}],"replies":[{"embeddable":true,"href":"http:\/\/szolnokimuvesztelep.com\/en\/wp-json\/wp\/v2\/comments?post=7008"}],"version-history":[{"count":4,"href":"http:\/\/szolnokimuvesztelep.com\/en\/wp-json\/wp\/v2\/posts\/7008\/revisions"}],"predecessor-version":[{"id":7018,"href":"http:\/\/szolnokimuvesztelep.com\/en\/wp-json\/wp\/v2\/posts\/7008\/revisions\/7018"}],"wp:featuredmedia":[{"embeddable":true,"href":"http:\/\/szolnokimuvesztelep.com\/en\/wp-json\/wp\/v2\/media\/7009"}],"wp:attachment":[{"href":"http:\/\/szolnokimuvesztelep.com\/en\/wp-json\/wp\/v2\/media?parent=7008"}],"wp:term":[{"taxonomy":"category","embeddable":true,"href":"http:\/\/szolnokimuvesztelep.com\/en\/wp-json\/wp\/v2\/categories?post=7008"},{"taxonomy":"post_tag","embeddable":true,"href":"http:\/\/szolnokimuvesztelep.com\/en\/wp-json\/wp\/v2\/tags?post=7008"},{"taxonomy":"yst_prominent_words","embeddable":true,"href":"http:\/\/szolnokimuvesztelep.com\/en\/wp-json\/wp\/v2\/yst_prominent_words?post=7008"}],"curies":[{"name":"wp","href":"https:\/\/api.w.org\/{rel}","templated":true}]}}