{"id":6378,"date":"2021-01-20T11:27:06","date_gmt":"2021-01-20T11:27:06","guid":{"rendered":"http:\/\/szolnokimuvesztelep.com\/?p=6378"},"modified":"2022-11-25T09:46:30","modified_gmt":"2022-11-25T09:46:30","slug":"a-magyar-kultura-napja-alkalmabol-a-szolnoki-muvesztelep-kortars-alkotoinak-kiallitasa","status":"publish","type":"post","link":"http:\/\/szolnokimuvesztelep.com\/en\/2021\/01\/20\/a-magyar-kultura-napja-alkalmabol-a-szolnoki-muvesztelep-kortars-alkotoinak-kiallitasa\/","title":{"rendered":"Virtu\u00e1lis ki\u00e1ll\u00edt\u00e1s a Szolnoki M\u0171v\u00e9sztelep alkot\u00f3inak munk\u00e1ib\u00f3l a Magyar Kult\u00fara Napja alkalm\u00e1b\u00f3l"},"content":{"rendered":"<p>Ki\u00e1ll\u00edt\u00f3 m\u0171v\u00e9szek:<br \/>\nFazekas Magdolna Munk\u00e1csy-d\u00edjas fest\u0151m\u0171v\u00e9sz, Pog\u00e1ny G\u00e1bor Ben\u0151 Munk\u00e1csy-d\u00edjas szobr\u00e1szm\u0171v\u00e9sz, Szab\u00f3 Gy\u00f6rgy Munk\u00e1csy-d\u00edjas szobr\u00e1szm\u0171v\u00e9sz, Verebes Gy\u00f6rgy Munk\u00e1csy-d\u00edjas fest\u0151m\u0171v\u00e9sz, Kir\u00e1ly Gy\u00f6rgy Barcsay-d\u00edjas fest\u0151m\u0171v\u00e9sz, Posta M\u00e1t\u00e9 Barcsay-d\u00edjas fest\u0151m\u0171v\u00e9sz, Debreczeni Fanni fest\u0151m\u0171v\u00e9sz, Soosur Georgius fest\u0151m\u0171v\u00e9sz, Bar\u00e1th F\u00e1bi\u00e1n szobr\u00e1szm\u0171v\u00e9sz, R\u00e9vi Norbert szobr\u00e1szm\u0171v\u00e9sz<\/p>\n<p>(A k\u00e9pekre kattintva k\u00e9pn\u00e9zeget\u0151 gal\u00e9ria ny\u00edlik meg.)<\/p>\n<div data-carousel-extra='{\"blog_id\":1,\"permalink\":\"http:\\\/\\\/szolnokimuvesztelep.com\\\/en\\\/2021\\\/01\\\/20\\\/a-magyar-kultura-napja-alkalmabol-a-szolnoki-muvesztelep-kortars-alkotoinak-kiallitasa\\\/\"}' id='gallery-1' class='gallery galleryid-6378 gallery-columns-3 gallery-size-thumbnail'><figure class='gallery-item'>\n\t\t\t<div class='gallery-icon landscape'>\n\t\t\t\t<a href='http:\/\/szolnokimuvesztelep.com\/en\/2021\/01\/20\/a-magyar-kultura-napja-alkalmabol-a-szolnoki-muvesztelep-kortars-alkotoinak-kiallitasa\/fazekas-magdolna-napkelte\/'><img width=\"150\" height=\"150\" src=\"https:\/\/i1.wp.com\/szolnokimuvesztelep.com\/wp-content\/uploads\/2021\/01\/Fazekas-Magdolna-Napkelte.jpg?resize=150%2C150\" class=\"attachment-thumbnail size-thumbnail\" alt=\"\" loading=\"lazy\" aria-describedby=\"gallery-1-6488\" srcset=\"https:\/\/i1.wp.com\/szolnokimuvesztelep.com\/wp-content\/uploads\/2021\/01\/Fazekas-Magdolna-Napkelte.jpg?resize=150%2C150 150w, https:\/\/i1.wp.com\/szolnokimuvesztelep.com\/wp-content\/uploads\/2021\/01\/Fazekas-Magdolna-Napkelte.jpg?zoom=2&amp;resize=150%2C150 300w, https:\/\/i1.wp.com\/szolnokimuvesztelep.com\/wp-content\/uploads\/2021\/01\/Fazekas-Magdolna-Napkelte.jpg?zoom=3&amp;resize=150%2C150 450w\" sizes=\"(max-width: 150px) 100vw, 150px\" data-attachment-id=\"6488\" data-permalink=\"http:\/\/szolnokimuvesztelep.com\/en\/2021\/01\/20\/a-magyar-kultura-napja-alkalmabol-a-szolnoki-muvesztelep-kortars-alkotoinak-kiallitasa\/fazekas-magdolna-napkelte\/\" data-orig-file=\"https:\/\/i1.wp.com\/szolnokimuvesztelep.com\/wp-content\/uploads\/2021\/01\/Fazekas-Magdolna-Napkelte.jpg?fit=2465%2C1956\" data-orig-size=\"2465,1956\" data-comments-opened=\"1\" data-image-meta=\"{&quot;aperture&quot;:&quot;1.8&quot;,&quot;credit&quot;:&quot;&quot;,&quot;camera&quot;:&quot;LYA-L29&quot;,&quot;caption&quot;:&quot;&quot;,&quot;created_timestamp&quot;:&quot;1604569886&quot;,&quot;copyright&quot;:&quot;&quot;,&quot;focal_length&quot;:&quot;5.58&quot;,&quot;iso&quot;:&quot;200&quot;,&quot;shutter_speed&quot;:&quot;0.008333&quot;,&quot;title&quot;:&quot;&quot;,&quot;orientation&quot;:&quot;1&quot;}\" data-image-title=\"Fazekas-Magdolna-Napkelte\" data-image-description=\"\" data-medium-file=\"https:\/\/i1.wp.com\/szolnokimuvesztelep.com\/wp-content\/uploads\/2021\/01\/Fazekas-Magdolna-Napkelte.jpg?fit=300%2C238\" data-large-file=\"https:\/\/i1.wp.com\/szolnokimuvesztelep.com\/wp-content\/uploads\/2021\/01\/Fazekas-Magdolna-Napkelte.jpg?fit=790%2C627\" \/><\/a>\n\t\t\t<\/div>\n\t\t\t\t<figcaption class='wp-caption-text gallery-caption' id='gallery-1-6488'>\n\t\t\t\tFazekas Magdolna &#8211; Napkelte\n\t\t\t\t<\/figcaption><\/figure><figure class='gallery-item'>\n\t\t\t<div class='gallery-icon landscape'>\n\t\t\t\t<a href='http:\/\/szolnokimuvesztelep.com\/en\/2021\/01\/20\/a-magyar-kultura-napja-alkalmabol-a-szolnoki-muvesztelep-kortars-alkotoinak-kiallitasa\/fazekas-magdolna-tavasszal\/'><img width=\"150\" height=\"150\" src=\"https:\/\/i2.wp.com\/szolnokimuvesztelep.com\/wp-content\/uploads\/2021\/01\/Fazekas-Magdolna-Tavasszal-scaled.jpg?resize=150%2C150\" class=\"attachment-thumbnail size-thumbnail\" alt=\"\" loading=\"lazy\" aria-describedby=\"gallery-1-6489\" srcset=\"https:\/\/i2.wp.com\/szolnokimuvesztelep.com\/wp-content\/uploads\/2021\/01\/Fazekas-Magdolna-Tavasszal-scaled.jpg?resize=150%2C150 150w, https:\/\/i2.wp.com\/szolnokimuvesztelep.com\/wp-content\/uploads\/2021\/01\/Fazekas-Magdolna-Tavasszal-scaled.jpg?zoom=2&amp;resize=150%2C150 300w, https:\/\/i2.wp.com\/szolnokimuvesztelep.com\/wp-content\/uploads\/2021\/01\/Fazekas-Magdolna-Tavasszal-scaled.jpg?zoom=3&amp;resize=150%2C150 450w\" sizes=\"(max-width: 150px) 100vw, 150px\" data-attachment-id=\"6489\" data-permalink=\"http:\/\/szolnokimuvesztelep.com\/en\/2021\/01\/20\/a-magyar-kultura-napja-alkalmabol-a-szolnoki-muvesztelep-kortars-alkotoinak-kiallitasa\/fazekas-magdolna-tavasszal\/\" data-orig-file=\"https:\/\/i2.wp.com\/szolnokimuvesztelep.com\/wp-content\/uploads\/2021\/01\/Fazekas-Magdolna-Tavasszal-scaled.jpg?fit=2560%2C1413\" data-orig-size=\"2560,1413\" data-comments-opened=\"1\" data-image-meta=\"{&quot;aperture&quot;:&quot;0&quot;,&quot;credit&quot;:&quot;Simon Ferenc&quot;,&quot;camera&quot;:&quot;&quot;,&quot;caption&quot;:&quot;&quot;,&quot;created_timestamp&quot;:&quot;0&quot;,&quot;copyright&quot;:&quot;&quot;,&quot;focal_length&quot;:&quot;0&quot;,&quot;iso&quot;:&quot;0&quot;,&quot;shutter_speed&quot;:&quot;0&quot;,&quot;title&quot;:&quot;&quot;,&quot;orientation&quot;:&quot;1&quot;}\" data-image-title=\"Fazekas-Magdolna-Tavasszal\" data-image-description=\"\" data-medium-file=\"https:\/\/i2.wp.com\/szolnokimuvesztelep.com\/wp-content\/uploads\/2021\/01\/Fazekas-Magdolna-Tavasszal-scaled.jpg?fit=300%2C166\" data-large-file=\"https:\/\/i2.wp.com\/szolnokimuvesztelep.com\/wp-content\/uploads\/2021\/01\/Fazekas-Magdolna-Tavasszal-scaled.jpg?fit=790%2C436\" \/><\/a>\n\t\t\t<\/div>\n\t\t\t\t<figcaption class='wp-caption-text gallery-caption' id='gallery-1-6489'>\n\t\t\t\tFazekas Magdolna &#8211; Tavasszal\n\t\t\t\t<\/figcaption><\/figure><figure class='gallery-item'>\n\t\t\t<div class='gallery-icon landscape'>\n\t\t\t\t<a href='http:\/\/szolnokimuvesztelep.com\/en\/2021\/01\/20\/a-magyar-kultura-napja-alkalmabol-a-szolnoki-muvesztelep-kortars-alkotoinak-kiallitasa\/fazekas-magdolna-almaskert\/'><img width=\"150\" height=\"150\" src=\"https:\/\/i2.wp.com\/szolnokimuvesztelep.com\/wp-content\/uploads\/2021\/01\/Fazekas-Magdolna-Almaskert-scaled.jpg?resize=150%2C150\" class=\"attachment-thumbnail size-thumbnail\" alt=\"\" loading=\"lazy\" aria-describedby=\"gallery-1-6487\" srcset=\"https:\/\/i2.wp.com\/szolnokimuvesztelep.com\/wp-content\/uploads\/2021\/01\/Fazekas-Magdolna-Almaskert-scaled.jpg?resize=150%2C150 150w, https:\/\/i2.wp.com\/szolnokimuvesztelep.com\/wp-content\/uploads\/2021\/01\/Fazekas-Magdolna-Almaskert-scaled.jpg?zoom=2&amp;resize=150%2C150 300w, https:\/\/i2.wp.com\/szolnokimuvesztelep.com\/wp-content\/uploads\/2021\/01\/Fazekas-Magdolna-Almaskert-scaled.jpg?zoom=3&amp;resize=150%2C150 450w\" sizes=\"(max-width: 150px) 100vw, 150px\" data-attachment-id=\"6487\" data-permalink=\"http:\/\/szolnokimuvesztelep.com\/en\/2021\/01\/20\/a-magyar-kultura-napja-alkalmabol-a-szolnoki-muvesztelep-kortars-alkotoinak-kiallitasa\/fazekas-magdolna-almaskert\/\" data-orig-file=\"https:\/\/i2.wp.com\/szolnokimuvesztelep.com\/wp-content\/uploads\/2021\/01\/Fazekas-Magdolna-Almaskert-scaled.jpg?fit=2560%2C1812\" data-orig-size=\"2560,1812\" data-comments-opened=\"1\" data-image-meta=\"{&quot;aperture&quot;:&quot;0&quot;,&quot;credit&quot;:&quot;Simon Ferenc&quot;,&quot;camera&quot;:&quot;&quot;,&quot;caption&quot;:&quot;&quot;,&quot;created_timestamp&quot;:&quot;0&quot;,&quot;copyright&quot;:&quot;&quot;,&quot;focal_length&quot;:&quot;0&quot;,&quot;iso&quot;:&quot;0&quot;,&quot;shutter_speed&quot;:&quot;0&quot;,&quot;title&quot;:&quot;&quot;,&quot;orientation&quot;:&quot;1&quot;}\" data-image-title=\"Fazekas-Magdolna-Almaskert\" data-image-description=\"\" data-medium-file=\"https:\/\/i2.wp.com\/szolnokimuvesztelep.com\/wp-content\/uploads\/2021\/01\/Fazekas-Magdolna-Almaskert-scaled.jpg?fit=300%2C212\" data-large-file=\"https:\/\/i2.wp.com\/szolnokimuvesztelep.com\/wp-content\/uploads\/2021\/01\/Fazekas-Magdolna-Almaskert-scaled.jpg?fit=790%2C559\" \/><\/a>\n\t\t\t<\/div>\n\t\t\t\t<figcaption class='wp-caption-text gallery-caption' id='gallery-1-6487'>\n\t\t\t\tFazekas Magdolna &#8211; Alm\u00e1skert\n\t\t\t\t<\/figcaption><\/figure><figure class='gallery-item'>\n\t\t\t<div class='gallery-icon landscape'>\n\t\t\t\t<a href='http:\/\/szolnokimuvesztelep.com\/en\/2021\/01\/20\/a-magyar-kultura-napja-alkalmabol-a-szolnoki-muvesztelep-kortars-alkotoinak-kiallitasa\/barath-fabian-radar-foto-borsos-mihaly\/'><img width=\"150\" height=\"150\" src=\"https:\/\/i0.wp.com\/szolnokimuvesztelep.com\/wp-content\/uploads\/2021\/01\/Barath-Fabian-Radar-Foto-Borsos-Mihaly.jpg?resize=150%2C150\" class=\"attachment-thumbnail size-thumbnail\" alt=\"\" loading=\"lazy\" aria-describedby=\"gallery-1-6439\" srcset=\"https:\/\/i0.wp.com\/szolnokimuvesztelep.com\/wp-content\/uploads\/2021\/01\/Barath-Fabian-Radar-Foto-Borsos-Mihaly.jpg?resize=150%2C150 150w, https:\/\/i0.wp.com\/szolnokimuvesztelep.com\/wp-content\/uploads\/2021\/01\/Barath-Fabian-Radar-Foto-Borsos-Mihaly.jpg?zoom=2&amp;resize=150%2C150 300w, https:\/\/i0.wp.com\/szolnokimuvesztelep.com\/wp-content\/uploads\/2021\/01\/Barath-Fabian-Radar-Foto-Borsos-Mihaly.jpg?zoom=3&amp;resize=150%2C150 450w\" sizes=\"(max-width: 150px) 100vw, 150px\" data-attachment-id=\"6439\" data-permalink=\"http:\/\/szolnokimuvesztelep.com\/en\/2021\/01\/20\/a-magyar-kultura-napja-alkalmabol-a-szolnoki-muvesztelep-kortars-alkotoinak-kiallitasa\/barath-fabian-radar-foto-borsos-mihaly\/\" data-orig-file=\"https:\/\/i0.wp.com\/szolnokimuvesztelep.com\/wp-content\/uploads\/2021\/01\/Barath-Fabian-Radar-Foto-Borsos-Mihaly.jpg?fit=600%2C400\" data-orig-size=\"600,400\" data-comments-opened=\"1\" data-image-meta=\"{&quot;aperture&quot;:&quot;0&quot;,&quot;credit&quot;:&quot;&quot;,&quot;camera&quot;:&quot;&quot;,&quot;caption&quot;:&quot;&quot;,&quot;created_timestamp&quot;:&quot;0&quot;,&quot;copyright&quot;:&quot;&quot;,&quot;focal_length&quot;:&quot;0&quot;,&quot;iso&quot;:&quot;0&quot;,&quot;shutter_speed&quot;:&quot;0&quot;,&quot;title&quot;:&quot;&quot;,&quot;orientation&quot;:&quot;0&quot;}\" data-image-title=\"Barath-Fabian-Radar-Foto-Borsos-Mihaly\" data-image-description=\"\" data-medium-file=\"https:\/\/i0.wp.com\/szolnokimuvesztelep.com\/wp-content\/uploads\/2021\/01\/Barath-Fabian-Radar-Foto-Borsos-Mihaly.jpg?fit=300%2C200\" data-large-file=\"https:\/\/i0.wp.com\/szolnokimuvesztelep.com\/wp-content\/uploads\/2021\/01\/Barath-Fabian-Radar-Foto-Borsos-Mihaly.jpg?fit=600%2C400\" \/><\/a>\n\t\t\t<\/div>\n\t\t\t\t<figcaption class='wp-caption-text gallery-caption' id='gallery-1-6439'>\n\t\t\t\tBar\u00e1th F\u00e1bi\u00e1n &#8211; Radar\n\t\t\t\t<\/figcaption><\/figure><figure class='gallery-item'>\n\t\t\t<div class='gallery-icon landscape'>\n\t\t\t\t<a href='http:\/\/szolnokimuvesztelep.com\/en\/2021\/01\/20\/a-magyar-kultura-napja-alkalmabol-a-szolnoki-muvesztelep-kortars-alkotoinak-kiallitasa\/barath-fabian-radar-iv-foto-borsos-mihaly\/'><img width=\"150\" height=\"150\" src=\"https:\/\/i1.wp.com\/szolnokimuvesztelep.com\/wp-content\/uploads\/2021\/01\/Barath-Fabian-Radar-IV-Foto-Borsos-Mihaly-.jpg?resize=150%2C150\" class=\"attachment-thumbnail size-thumbnail\" alt=\"\" loading=\"lazy\" aria-describedby=\"gallery-1-6441\" srcset=\"https:\/\/i1.wp.com\/szolnokimuvesztelep.com\/wp-content\/uploads\/2021\/01\/Barath-Fabian-Radar-IV-Foto-Borsos-Mihaly-.jpg?resize=150%2C150 150w, https:\/\/i1.wp.com\/szolnokimuvesztelep.com\/wp-content\/uploads\/2021\/01\/Barath-Fabian-Radar-IV-Foto-Borsos-Mihaly-.jpg?zoom=2&amp;resize=150%2C150 300w, https:\/\/i1.wp.com\/szolnokimuvesztelep.com\/wp-content\/uploads\/2021\/01\/Barath-Fabian-Radar-IV-Foto-Borsos-Mihaly-.jpg?zoom=3&amp;resize=150%2C150 450w\" sizes=\"(max-width: 150px) 100vw, 150px\" data-attachment-id=\"6441\" data-permalink=\"http:\/\/szolnokimuvesztelep.com\/en\/2021\/01\/20\/a-magyar-kultura-napja-alkalmabol-a-szolnoki-muvesztelep-kortars-alkotoinak-kiallitasa\/barath-fabian-radar-iv-foto-borsos-mihaly\/\" data-orig-file=\"https:\/\/i1.wp.com\/szolnokimuvesztelep.com\/wp-content\/uploads\/2021\/01\/Barath-Fabian-Radar-IV-Foto-Borsos-Mihaly-.jpg?fit=600%2C400\" data-orig-size=\"600,400\" data-comments-opened=\"1\" data-image-meta=\"{&quot;aperture&quot;:&quot;0&quot;,&quot;credit&quot;:&quot;&quot;,&quot;camera&quot;:&quot;&quot;,&quot;caption&quot;:&quot;&quot;,&quot;created_timestamp&quot;:&quot;0&quot;,&quot;copyright&quot;:&quot;&quot;,&quot;focal_length&quot;:&quot;0&quot;,&quot;iso&quot;:&quot;0&quot;,&quot;shutter_speed&quot;:&quot;0&quot;,&quot;title&quot;:&quot;&quot;,&quot;orientation&quot;:&quot;0&quot;}\" data-image-title=\"Barath-Fabian-Radar-IV-Foto-Borsos-Mihaly\" data-image-description=\"\" data-medium-file=\"https:\/\/i1.wp.com\/szolnokimuvesztelep.com\/wp-content\/uploads\/2021\/01\/Barath-Fabian-Radar-IV-Foto-Borsos-Mihaly-.jpg?fit=300%2C200\" data-large-file=\"https:\/\/i1.wp.com\/szolnokimuvesztelep.com\/wp-content\/uploads\/2021\/01\/Barath-Fabian-Radar-IV-Foto-Borsos-Mihaly-.jpg?fit=600%2C400\" \/><\/a>\n\t\t\t<\/div>\n\t\t\t\t<figcaption class='wp-caption-text gallery-caption' id='gallery-1-6441'>\n\t\t\t\tBar\u00e1th F\u00e1bi\u00e1n &#8211; Radar IV.\n\t\t\t\t<\/figcaption><\/figure><figure class='gallery-item'>\n\t\t\t<div class='gallery-icon portrait'>\n\t\t\t\t<a href='http:\/\/szolnokimuvesztelep.com\/en\/2021\/01\/20\/a-magyar-kultura-napja-alkalmabol-a-szolnoki-muvesztelep-kortars-alkotoinak-kiallitasa\/barath-fabian-torony-i-foto-borsos-mihaly\/'><img width=\"150\" height=\"150\" src=\"https:\/\/i0.wp.com\/szolnokimuvesztelep.com\/wp-content\/uploads\/2021\/01\/Barath-Fabian-Torony-I-Foto-Borsos-Mihaly.jpg?resize=150%2C150\" class=\"attachment-thumbnail size-thumbnail\" alt=\"\" loading=\"lazy\" aria-describedby=\"gallery-1-6443\" srcset=\"https:\/\/i0.wp.com\/szolnokimuvesztelep.com\/wp-content\/uploads\/2021\/01\/Barath-Fabian-Torony-I-Foto-Borsos-Mihaly.jpg?resize=150%2C150 150w, https:\/\/i0.wp.com\/szolnokimuvesztelep.com\/wp-content\/uploads\/2021\/01\/Barath-Fabian-Torony-I-Foto-Borsos-Mihaly.jpg?zoom=2&amp;resize=150%2C150 300w\" sizes=\"(max-width: 150px) 100vw, 150px\" data-attachment-id=\"6443\" data-permalink=\"http:\/\/szolnokimuvesztelep.com\/en\/2021\/01\/20\/a-magyar-kultura-napja-alkalmabol-a-szolnoki-muvesztelep-kortars-alkotoinak-kiallitasa\/barath-fabian-torony-i-foto-borsos-mihaly\/\" data-orig-file=\"https:\/\/i0.wp.com\/szolnokimuvesztelep.com\/wp-content\/uploads\/2021\/01\/Barath-Fabian-Torony-I-Foto-Borsos-Mihaly.jpg?fit=400%2C788\" data-orig-size=\"400,788\" data-comments-opened=\"1\" data-image-meta=\"{&quot;aperture&quot;:&quot;0&quot;,&quot;credit&quot;:&quot;&quot;,&quot;camera&quot;:&quot;&quot;,&quot;caption&quot;:&quot;&quot;,&quot;created_timestamp&quot;:&quot;0&quot;,&quot;copyright&quot;:&quot;&quot;,&quot;focal_length&quot;:&quot;0&quot;,&quot;iso&quot;:&quot;0&quot;,&quot;shutter_speed&quot;:&quot;0&quot;,&quot;title&quot;:&quot;&quot;,&quot;orientation&quot;:&quot;0&quot;}\" data-image-title=\"Barath-Fabian-Torony-I-Foto-Borsos-Mihaly\" data-image-description=\"\" data-medium-file=\"https:\/\/i0.wp.com\/szolnokimuvesztelep.com\/wp-content\/uploads\/2021\/01\/Barath-Fabian-Torony-I-Foto-Borsos-Mihaly.jpg?fit=152%2C300\" data-large-file=\"https:\/\/i0.wp.com\/szolnokimuvesztelep.com\/wp-content\/uploads\/2021\/01\/Barath-Fabian-Torony-I-Foto-Borsos-Mihaly.jpg?fit=400%2C788\" \/><\/a>\n\t\t\t<\/div>\n\t\t\t\t<figcaption class='wp-caption-text gallery-caption' id='gallery-1-6443'>\n\t\t\t\tBar\u00e1th F\u00e1bi\u00e1n &#8211; Torony\n\t\t\t\t<\/figcaption><\/figure><figure class='gallery-item'>\n\t\t\t<div class='gallery-icon portrait'>\n\t\t\t\t<a href='http:\/\/szolnokimuvesztelep.com\/en\/2021\/01\/20\/a-magyar-kultura-napja-alkalmabol-a-szolnoki-muvesztelep-kortars-alkotoinak-kiallitasa\/kecso-endre-aged\/'><img width=\"150\" height=\"150\" src=\"https:\/\/i1.wp.com\/szolnokimuvesztelep.com\/wp-content\/uploads\/2021\/01\/Kecso-Endre-Aged.jpeg?resize=150%2C150\" class=\"attachment-thumbnail size-thumbnail\" alt=\"\" loading=\"lazy\" aria-describedby=\"gallery-1-6483\" srcset=\"https:\/\/i1.wp.com\/szolnokimuvesztelep.com\/wp-content\/uploads\/2021\/01\/Kecso-Endre-Aged.jpeg?resize=150%2C150 150w, https:\/\/i1.wp.com\/szolnokimuvesztelep.com\/wp-content\/uploads\/2021\/01\/Kecso-Endre-Aged.jpeg?zoom=2&amp;resize=150%2C150 300w, https:\/\/i1.wp.com\/szolnokimuvesztelep.com\/wp-content\/uploads\/2021\/01\/Kecso-Endre-Aged.jpeg?zoom=3&amp;resize=150%2C150 450w\" sizes=\"(max-width: 150px) 100vw, 150px\" data-attachment-id=\"6483\" data-permalink=\"http:\/\/szolnokimuvesztelep.com\/en\/2021\/01\/20\/a-magyar-kultura-napja-alkalmabol-a-szolnoki-muvesztelep-kortars-alkotoinak-kiallitasa\/kecso-endre-aged\/\" data-orig-file=\"https:\/\/i1.wp.com\/szolnokimuvesztelep.com\/wp-content\/uploads\/2021\/01\/Kecso-Endre-Aged.jpeg?fit=719%2C922\" data-orig-size=\"719,922\" data-comments-opened=\"1\" data-image-meta=\"{&quot;aperture&quot;:&quot;0&quot;,&quot;credit&quot;:&quot;&quot;,&quot;camera&quot;:&quot;&quot;,&quot;caption&quot;:&quot;&quot;,&quot;created_timestamp&quot;:&quot;0&quot;,&quot;copyright&quot;:&quot;&quot;,&quot;focal_length&quot;:&quot;0&quot;,&quot;iso&quot;:&quot;0&quot;,&quot;shutter_speed&quot;:&quot;0&quot;,&quot;title&quot;:&quot;&quot;,&quot;orientation&quot;:&quot;1&quot;}\" data-image-title=\"Kecso-Endre-Aged\" data-image-description=\"\" data-medium-file=\"https:\/\/i1.wp.com\/szolnokimuvesztelep.com\/wp-content\/uploads\/2021\/01\/Kecso-Endre-Aged.jpeg?fit=234%2C300\" data-large-file=\"https:\/\/i1.wp.com\/szolnokimuvesztelep.com\/wp-content\/uploads\/2021\/01\/Kecso-Endre-Aged.jpeg?fit=719%2C922\" \/><\/a>\n\t\t\t<\/div>\n\t\t\t\t<figcaption class='wp-caption-text gallery-caption' id='gallery-1-6483'>\n\t\t\t\tKecs\u0151 Endre &#8211; Aged\n\t\t\t\t<\/figcaption><\/figure><figure class='gallery-item'>\n\t\t\t<div class='gallery-icon landscape'>\n\t\t\t\t<a href='http:\/\/szolnokimuvesztelep.com\/en\/2021\/01\/20\/a-magyar-kultura-napja-alkalmabol-a-szolnoki-muvesztelep-kortars-alkotoinak-kiallitasa\/kecso-endre-you-spin-me\/'><img width=\"150\" height=\"150\" src=\"https:\/\/i2.wp.com\/szolnokimuvesztelep.com\/wp-content\/uploads\/2021\/01\/Kecso-Endre-You-spin-me.jpg?resize=150%2C150\" class=\"attachment-thumbnail size-thumbnail\" alt=\"\" loading=\"lazy\" aria-describedby=\"gallery-1-6485\" srcset=\"https:\/\/i2.wp.com\/szolnokimuvesztelep.com\/wp-content\/uploads\/2021\/01\/Kecso-Endre-You-spin-me.jpg?w=740 740w, https:\/\/i2.wp.com\/szolnokimuvesztelep.com\/wp-content\/uploads\/2021\/01\/Kecso-Endre-You-spin-me.jpg?resize=300%2C300 300w, https:\/\/i2.wp.com\/szolnokimuvesztelep.com\/wp-content\/uploads\/2021\/01\/Kecso-Endre-You-spin-me.jpg?resize=150%2C150 150w\" sizes=\"(max-width: 150px) 100vw, 150px\" data-attachment-id=\"6485\" data-permalink=\"http:\/\/szolnokimuvesztelep.com\/en\/2021\/01\/20\/a-magyar-kultura-napja-alkalmabol-a-szolnoki-muvesztelep-kortars-alkotoinak-kiallitasa\/kecso-endre-you-spin-me\/\" data-orig-file=\"https:\/\/i2.wp.com\/szolnokimuvesztelep.com\/wp-content\/uploads\/2021\/01\/Kecso-Endre-You-spin-me.jpg?fit=740%2C738\" data-orig-size=\"740,738\" data-comments-opened=\"1\" data-image-meta=\"{&quot;aperture&quot;:&quot;0&quot;,&quot;credit&quot;:&quot;&quot;,&quot;camera&quot;:&quot;&quot;,&quot;caption&quot;:&quot;&quot;,&quot;created_timestamp&quot;:&quot;1539601445&quot;,&quot;copyright&quot;:&quot;&quot;,&quot;focal_length&quot;:&quot;0&quot;,&quot;iso&quot;:&quot;0&quot;,&quot;shutter_speed&quot;:&quot;0&quot;,&quot;title&quot;:&quot;&quot;,&quot;orientation&quot;:&quot;1&quot;}\" data-image-title=\"Kecso-Endre-You-spin-me\" data-image-description=\"\" data-medium-file=\"https:\/\/i2.wp.com\/szolnokimuvesztelep.com\/wp-content\/uploads\/2021\/01\/Kecso-Endre-You-spin-me.jpg?fit=300%2C300\" data-large-file=\"https:\/\/i2.wp.com\/szolnokimuvesztelep.com\/wp-content\/uploads\/2021\/01\/Kecso-Endre-You-spin-me.jpg?fit=740%2C738\" \/><\/a>\n\t\t\t<\/div>\n\t\t\t\t<figcaption class='wp-caption-text gallery-caption' id='gallery-1-6485'>\n\t\t\t\tKecs\u0151 Endre &#8211; You spin me\n\t\t\t\t<\/figcaption><\/figure><figure class='gallery-item'>\n\t\t\t<div class='gallery-icon landscape'>\n\t\t\t\t<a href='http:\/\/szolnokimuvesztelep.com\/en\/2021\/01\/20\/a-magyar-kultura-napja-alkalmabol-a-szolnoki-muvesztelep-kortars-alkotoinak-kiallitasa\/kecso-endre-eros\/'><img width=\"150\" height=\"150\" src=\"https:\/\/i1.wp.com\/szolnokimuvesztelep.com\/wp-content\/uploads\/2021\/01\/Kecso-Endre-Eros.jpeg?resize=150%2C150\" class=\"attachment-thumbnail size-thumbnail\" alt=\"\" loading=\"lazy\" aria-describedby=\"gallery-1-6484\" srcset=\"https:\/\/i1.wp.com\/szolnokimuvesztelep.com\/wp-content\/uploads\/2021\/01\/Kecso-Endre-Eros.jpeg?resize=150%2C150 150w, https:\/\/i1.wp.com\/szolnokimuvesztelep.com\/wp-content\/uploads\/2021\/01\/Kecso-Endre-Eros.jpeg?zoom=2&amp;resize=150%2C150 300w, https:\/\/i1.wp.com\/szolnokimuvesztelep.com\/wp-content\/uploads\/2021\/01\/Kecso-Endre-Eros.jpeg?zoom=3&amp;resize=150%2C150 450w\" sizes=\"(max-width: 150px) 100vw, 150px\" data-attachment-id=\"6484\" data-permalink=\"http:\/\/szolnokimuvesztelep.com\/en\/2021\/01\/20\/a-magyar-kultura-napja-alkalmabol-a-szolnoki-muvesztelep-kortars-alkotoinak-kiallitasa\/kecso-endre-eros\/\" data-orig-file=\"https:\/\/i1.wp.com\/szolnokimuvesztelep.com\/wp-content\/uploads\/2021\/01\/Kecso-Endre-Eros.jpeg?fit=973%2C960\" data-orig-size=\"973,960\" data-comments-opened=\"1\" data-image-meta=\"{&quot;aperture&quot;:&quot;2.2&quot;,&quot;credit&quot;:&quot;&quot;,&quot;camera&quot;:&quot;iPhone 6&quot;,&quot;caption&quot;:&quot;&quot;,&quot;created_timestamp&quot;:&quot;1533385010&quot;,&quot;copyright&quot;:&quot;&quot;,&quot;focal_length&quot;:&quot;4.15&quot;,&quot;iso&quot;:&quot;64&quot;,&quot;shutter_speed&quot;:&quot;0.03030303030303&quot;,&quot;title&quot;:&quot;&quot;,&quot;orientation&quot;:&quot;0&quot;}\" data-image-title=\"Kecso-Endre-Eros\" data-image-description=\"\" data-medium-file=\"https:\/\/i1.wp.com\/szolnokimuvesztelep.com\/wp-content\/uploads\/2021\/01\/Kecso-Endre-Eros.jpeg?fit=300%2C296\" data-large-file=\"https:\/\/i1.wp.com\/szolnokimuvesztelep.com\/wp-content\/uploads\/2021\/01\/Kecso-Endre-Eros.jpeg?fit=790%2C779\" \/><\/a>\n\t\t\t<\/div>\n\t\t\t\t<figcaption class='wp-caption-text gallery-caption' id='gallery-1-6484'>\n\t\t\t\tKecs\u0151 Endre &#8211; Eros\n\t\t\t\t<\/figcaption><\/figure><figure class='gallery-item'>\n\t\t\t<div class='gallery-icon landscape'>\n\t\t\t\t<a href='http:\/\/szolnokimuvesztelep.com\/en\/2021\/01\/20\/a-magyar-kultura-napja-alkalmabol-a-szolnoki-muvesztelep-kortars-alkotoinak-kiallitasa\/kiraly-gyorgy-kyrie-csendje\/'><img width=\"150\" height=\"150\" src=\"https:\/\/i2.wp.com\/szolnokimuvesztelep.com\/wp-content\/uploads\/2021\/01\/Kiraly-Gyorgy-Kyrie-csendje-scaled.jpg?resize=150%2C150\" class=\"attachment-thumbnail size-thumbnail\" alt=\"\" loading=\"lazy\" aria-describedby=\"gallery-1-6394\" srcset=\"https:\/\/i2.wp.com\/szolnokimuvesztelep.com\/wp-content\/uploads\/2021\/01\/Kiraly-Gyorgy-Kyrie-csendje-scaled.jpg?resize=150%2C150 150w, https:\/\/i2.wp.com\/szolnokimuvesztelep.com\/wp-content\/uploads\/2021\/01\/Kiraly-Gyorgy-Kyrie-csendje-scaled.jpg?zoom=2&amp;resize=150%2C150 300w, https:\/\/i2.wp.com\/szolnokimuvesztelep.com\/wp-content\/uploads\/2021\/01\/Kiraly-Gyorgy-Kyrie-csendje-scaled.jpg?zoom=3&amp;resize=150%2C150 450w\" sizes=\"(max-width: 150px) 100vw, 150px\" data-attachment-id=\"6394\" data-permalink=\"http:\/\/szolnokimuvesztelep.com\/en\/2021\/01\/20\/a-magyar-kultura-napja-alkalmabol-a-szolnoki-muvesztelep-kortars-alkotoinak-kiallitasa\/kiraly-gyorgy-kyrie-csendje\/\" data-orig-file=\"https:\/\/i2.wp.com\/szolnokimuvesztelep.com\/wp-content\/uploads\/2021\/01\/Kiraly-Gyorgy-Kyrie-csendje-scaled.jpg?fit=2560%2C1959\" data-orig-size=\"2560,1959\" data-comments-opened=\"1\" data-image-meta=\"{&quot;aperture&quot;:&quot;3.2&quot;,&quot;credit&quot;:&quot;&quot;,&quot;camera&quot;:&quot;DMC-FZ48&quot;,&quot;caption&quot;:&quot;&quot;,&quot;created_timestamp&quot;:&quot;1599573391&quot;,&quot;copyright&quot;:&quot;&quot;,&quot;focal_length&quot;:&quot;8.1&quot;,&quot;iso&quot;:&quot;160&quot;,&quot;shutter_speed&quot;:&quot;0.016666666666667&quot;,&quot;title&quot;:&quot;&quot;,&quot;orientation&quot;:&quot;1&quot;}\" data-image-title=\"Kiraly-Gyorgy-Kyrie-csendje\" data-image-description=\"\" data-medium-file=\"https:\/\/i2.wp.com\/szolnokimuvesztelep.com\/wp-content\/uploads\/2021\/01\/Kiraly-Gyorgy-Kyrie-csendje-scaled.jpg?fit=300%2C230\" data-large-file=\"https:\/\/i2.wp.com\/szolnokimuvesztelep.com\/wp-content\/uploads\/2021\/01\/Kiraly-Gyorgy-Kyrie-csendje-scaled.jpg?fit=790%2C605\" \/><\/a>\n\t\t\t<\/div>\n\t\t\t\t<figcaption class='wp-caption-text gallery-caption' id='gallery-1-6394'>\n\t\t\t\tKir\u00e1ly Gy\u00f6rgy &#8211; Kyrie csendje\n\t\t\t\t<\/figcaption><\/figure><figure class='gallery-item'>\n\t\t\t<div class='gallery-icon landscape'>\n\t\t\t\t<a href='http:\/\/szolnokimuvesztelep.com\/en\/2021\/01\/20\/a-magyar-kultura-napja-alkalmabol-a-szolnoki-muvesztelep-kortars-alkotoinak-kiallitasa\/kiraly-gyorgy-petra-csendje\/'><img width=\"150\" height=\"150\" src=\"https:\/\/i0.wp.com\/szolnokimuvesztelep.com\/wp-content\/uploads\/2021\/01\/Kiraly-Gyorgy-Petra-csendje.jpg?resize=150%2C150\" class=\"attachment-thumbnail size-thumbnail\" alt=\"\" loading=\"lazy\" aria-describedby=\"gallery-1-6395\" srcset=\"https:\/\/i0.wp.com\/szolnokimuvesztelep.com\/wp-content\/uploads\/2021\/01\/Kiraly-Gyorgy-Petra-csendje.jpg?resize=150%2C150 150w, https:\/\/i0.wp.com\/szolnokimuvesztelep.com\/wp-content\/uploads\/2021\/01\/Kiraly-Gyorgy-Petra-csendje.jpg?zoom=2&amp;resize=150%2C150 300w, https:\/\/i0.wp.com\/szolnokimuvesztelep.com\/wp-content\/uploads\/2021\/01\/Kiraly-Gyorgy-Petra-csendje.jpg?zoom=3&amp;resize=150%2C150 450w\" sizes=\"(max-width: 150px) 100vw, 150px\" data-attachment-id=\"6395\" data-permalink=\"http:\/\/szolnokimuvesztelep.com\/en\/2021\/01\/20\/a-magyar-kultura-napja-alkalmabol-a-szolnoki-muvesztelep-kortars-alkotoinak-kiallitasa\/kiraly-gyorgy-petra-csendje\/\" data-orig-file=\"https:\/\/i0.wp.com\/szolnokimuvesztelep.com\/wp-content\/uploads\/2021\/01\/Kiraly-Gyorgy-Petra-csendje.jpg?fit=2210%2C1880\" data-orig-size=\"2210,1880\" data-comments-opened=\"1\" data-image-meta=\"{&quot;aperture&quot;:&quot;3.4&quot;,&quot;credit&quot;:&quot;&quot;,&quot;camera&quot;:&quot;DMC-FZ48&quot;,&quot;caption&quot;:&quot;&quot;,&quot;created_timestamp&quot;:&quot;1600273104&quot;,&quot;copyright&quot;:&quot;&quot;,&quot;focal_length&quot;:&quot;14.8&quot;,&quot;iso&quot;:&quot;400&quot;,&quot;shutter_speed&quot;:&quot;0.025&quot;,&quot;title&quot;:&quot;&quot;,&quot;orientation&quot;:&quot;1&quot;}\" data-image-title=\"Kiraly-Gyorgy-Petra-csendje\" data-image-description=\"\" data-medium-file=\"https:\/\/i0.wp.com\/szolnokimuvesztelep.com\/wp-content\/uploads\/2021\/01\/Kiraly-Gyorgy-Petra-csendje.jpg?fit=300%2C255\" data-large-file=\"https:\/\/i0.wp.com\/szolnokimuvesztelep.com\/wp-content\/uploads\/2021\/01\/Kiraly-Gyorgy-Petra-csendje.jpg?fit=790%2C672\" \/><\/a>\n\t\t\t<\/div>\n\t\t\t\t<figcaption class='wp-caption-text gallery-caption' id='gallery-1-6395'>\n\t\t\t\tKir\u00e1ly Gy\u00f6rgy &#8211; Petra csendje\n\t\t\t\t<\/figcaption><\/figure><figure class='gallery-item'>\n\t\t\t<div class='gallery-icon landscape'>\n\t\t\t\t<a href='http:\/\/szolnokimuvesztelep.com\/en\/2021\/01\/20\/a-magyar-kultura-napja-alkalmabol-a-szolnoki-muvesztelep-kortars-alkotoinak-kiallitasa\/kiraly-gyorgy-tangere-me-csend\/'><img width=\"150\" height=\"150\" src=\"https:\/\/i1.wp.com\/szolnokimuvesztelep.com\/wp-content\/uploads\/2021\/01\/Kiraly-Gyorgy-Tangere-me-csend.jpg?resize=150%2C150\" class=\"attachment-thumbnail size-thumbnail\" alt=\"\" loading=\"lazy\" aria-describedby=\"gallery-1-6396\" srcset=\"https:\/\/i1.wp.com\/szolnokimuvesztelep.com\/wp-content\/uploads\/2021\/01\/Kiraly-Gyorgy-Tangere-me-csend.jpg?resize=150%2C150 150w, https:\/\/i1.wp.com\/szolnokimuvesztelep.com\/wp-content\/uploads\/2021\/01\/Kiraly-Gyorgy-Tangere-me-csend.jpg?zoom=2&amp;resize=150%2C150 300w, https:\/\/i1.wp.com\/szolnokimuvesztelep.com\/wp-content\/uploads\/2021\/01\/Kiraly-Gyorgy-Tangere-me-csend.jpg?zoom=3&amp;resize=150%2C150 450w\" sizes=\"(max-width: 150px) 100vw, 150px\" data-attachment-id=\"6396\" data-permalink=\"http:\/\/szolnokimuvesztelep.com\/en\/2021\/01\/20\/a-magyar-kultura-napja-alkalmabol-a-szolnoki-muvesztelep-kortars-alkotoinak-kiallitasa\/kiraly-gyorgy-tangere-me-csend\/\" data-orig-file=\"https:\/\/i1.wp.com\/szolnokimuvesztelep.com\/wp-content\/uploads\/2021\/01\/Kiraly-Gyorgy-Tangere-me-csend.jpg?fit=2035%2C1796\" data-orig-size=\"2035,1796\" data-comments-opened=\"1\" data-image-meta=\"{&quot;aperture&quot;:&quot;3.2&quot;,&quot;credit&quot;:&quot;&quot;,&quot;camera&quot;:&quot;DMC-FZ48&quot;,&quot;caption&quot;:&quot;&quot;,&quot;created_timestamp&quot;:&quot;1601981209&quot;,&quot;copyright&quot;:&quot;&quot;,&quot;focal_length&quot;:&quot;9.7&quot;,&quot;iso&quot;:&quot;400&quot;,&quot;shutter_speed&quot;:&quot;0.02&quot;,&quot;title&quot;:&quot;&quot;,&quot;orientation&quot;:&quot;1&quot;}\" data-image-title=\"Kiraly-Gyorgy-Tangere-me-csend\" data-image-description=\"\" data-medium-file=\"https:\/\/i1.wp.com\/szolnokimuvesztelep.com\/wp-content\/uploads\/2021\/01\/Kiraly-Gyorgy-Tangere-me-csend.jpg?fit=300%2C265\" data-large-file=\"https:\/\/i1.wp.com\/szolnokimuvesztelep.com\/wp-content\/uploads\/2021\/01\/Kiraly-Gyorgy-Tangere-me-csend.jpg?fit=790%2C697\" \/><\/a>\n\t\t\t<\/div>\n\t\t\t\t<figcaption class='wp-caption-text gallery-caption' id='gallery-1-6396'>\n\t\t\t\tKir\u00e1ly Gy\u00f6rgy &#8211; Tangereme csendje\n\t\t\t\t<\/figcaption><\/figure><figure class='gallery-item'>\n\t\t\t<div class='gallery-icon portrait'>\n\t\t\t\t<a href='http:\/\/szolnokimuvesztelep.com\/en\/2021\/01\/20\/a-magyar-kultura-napja-alkalmabol-a-szolnoki-muvesztelep-kortars-alkotoinak-kiallitasa\/pogany-gabor-beno-corpus-i\/'><img width=\"150\" height=\"150\" src=\"https:\/\/i1.wp.com\/szolnokimuvesztelep.com\/wp-content\/uploads\/2021\/01\/Pogany-Gabor-Beno-Corpus-I.jpg?resize=150%2C150\" class=\"attachment-thumbnail size-thumbnail\" alt=\"\" loading=\"lazy\" aria-describedby=\"gallery-1-6397\" srcset=\"https:\/\/i1.wp.com\/szolnokimuvesztelep.com\/wp-content\/uploads\/2021\/01\/Pogany-Gabor-Beno-Corpus-I.jpg?resize=150%2C150 150w, https:\/\/i1.wp.com\/szolnokimuvesztelep.com\/wp-content\/uploads\/2021\/01\/Pogany-Gabor-Beno-Corpus-I.jpg?zoom=2&amp;resize=150%2C150 300w, https:\/\/i1.wp.com\/szolnokimuvesztelep.com\/wp-content\/uploads\/2021\/01\/Pogany-Gabor-Beno-Corpus-I.jpg?zoom=3&amp;resize=150%2C150 450w\" sizes=\"(max-width: 150px) 100vw, 150px\" data-attachment-id=\"6397\" data-permalink=\"http:\/\/szolnokimuvesztelep.com\/en\/2021\/01\/20\/a-magyar-kultura-napja-alkalmabol-a-szolnoki-muvesztelep-kortars-alkotoinak-kiallitasa\/pogany-gabor-beno-corpus-i\/\" data-orig-file=\"https:\/\/i1.wp.com\/szolnokimuvesztelep.com\/wp-content\/uploads\/2021\/01\/Pogany-Gabor-Beno-Corpus-I.jpg?fit=2453%2C2493\" data-orig-size=\"2453,2493\" data-comments-opened=\"1\" data-image-meta=\"{&quot;aperture&quot;:&quot;0&quot;,&quot;credit&quot;:&quot;&quot;,&quot;camera&quot;:&quot;&quot;,&quot;caption&quot;:&quot;&quot;,&quot;created_timestamp&quot;:&quot;1604568533&quot;,&quot;copyright&quot;:&quot;&quot;,&quot;focal_length&quot;:&quot;0&quot;,&quot;iso&quot;:&quot;0&quot;,&quot;shutter_speed&quot;:&quot;0&quot;,&quot;title&quot;:&quot;&quot;,&quot;orientation&quot;:&quot;1&quot;}\" data-image-title=\"Pogany-Gabor-Beno-Corpus-I\" data-image-description=\"\" data-medium-file=\"https:\/\/i1.wp.com\/szolnokimuvesztelep.com\/wp-content\/uploads\/2021\/01\/Pogany-Gabor-Beno-Corpus-I.jpg?fit=295%2C300\" data-large-file=\"https:\/\/i1.wp.com\/szolnokimuvesztelep.com\/wp-content\/uploads\/2021\/01\/Pogany-Gabor-Beno-Corpus-I.jpg?fit=790%2C803\" \/><\/a>\n\t\t\t<\/div>\n\t\t\t\t<figcaption class='wp-caption-text gallery-caption' id='gallery-1-6397'>\n\t\t\t\tPog\u00e1ny G\u00e1bor Ben\u0151 &#8211; Corpus I.\n\t\t\t\t<\/figcaption><\/figure><figure class='gallery-item'>\n\t\t\t<div class='gallery-icon portrait'>\n\t\t\t\t<a href='http:\/\/szolnokimuvesztelep.com\/en\/2021\/01\/20\/a-magyar-kultura-napja-alkalmabol-a-szolnoki-muvesztelep-kortars-alkotoinak-kiallitasa\/pogany-gabor-beno-corpus-ii\/'><img width=\"150\" height=\"150\" src=\"https:\/\/i2.wp.com\/szolnokimuvesztelep.com\/wp-content\/uploads\/2021\/01\/Pogany-Gabor-Beno-Corpus-II.jpg?resize=150%2C150\" class=\"attachment-thumbnail size-thumbnail\" alt=\"\" loading=\"lazy\" aria-describedby=\"gallery-1-6398\" srcset=\"https:\/\/i2.wp.com\/szolnokimuvesztelep.com\/wp-content\/uploads\/2021\/01\/Pogany-Gabor-Beno-Corpus-II.jpg?resize=150%2C150 150w, https:\/\/i2.wp.com\/szolnokimuvesztelep.com\/wp-content\/uploads\/2021\/01\/Pogany-Gabor-Beno-Corpus-II.jpg?zoom=2&amp;resize=150%2C150 300w, https:\/\/i2.wp.com\/szolnokimuvesztelep.com\/wp-content\/uploads\/2021\/01\/Pogany-Gabor-Beno-Corpus-II.jpg?zoom=3&amp;resize=150%2C150 450w\" sizes=\"(max-width: 150px) 100vw, 150px\" data-attachment-id=\"6398\" data-permalink=\"http:\/\/szolnokimuvesztelep.com\/en\/2021\/01\/20\/a-magyar-kultura-napja-alkalmabol-a-szolnoki-muvesztelep-kortars-alkotoinak-kiallitasa\/pogany-gabor-beno-corpus-ii\/\" data-orig-file=\"https:\/\/i2.wp.com\/szolnokimuvesztelep.com\/wp-content\/uploads\/2021\/01\/Pogany-Gabor-Beno-Corpus-II.jpg?fit=2345%2C2519\" data-orig-size=\"2345,2519\" data-comments-opened=\"1\" data-image-meta=\"{&quot;aperture&quot;:&quot;0&quot;,&quot;credit&quot;:&quot;&quot;,&quot;camera&quot;:&quot;&quot;,&quot;caption&quot;:&quot;&quot;,&quot;created_timestamp&quot;:&quot;1604568923&quot;,&quot;copyright&quot;:&quot;&quot;,&quot;focal_length&quot;:&quot;0&quot;,&quot;iso&quot;:&quot;0&quot;,&quot;shutter_speed&quot;:&quot;0&quot;,&quot;title&quot;:&quot;&quot;,&quot;orientation&quot;:&quot;1&quot;}\" data-image-title=\"Pogany-Gabor-Beno-Corpus-II\" data-image-description=\"\" data-medium-file=\"https:\/\/i2.wp.com\/szolnokimuvesztelep.com\/wp-content\/uploads\/2021\/01\/Pogany-Gabor-Beno-Corpus-II.jpg?fit=279%2C300\" data-large-file=\"https:\/\/i2.wp.com\/szolnokimuvesztelep.com\/wp-content\/uploads\/2021\/01\/Pogany-Gabor-Beno-Corpus-II.jpg?fit=790%2C849\" \/><\/a>\n\t\t\t<\/div>\n\t\t\t\t<figcaption class='wp-caption-text gallery-caption' id='gallery-1-6398'>\n\t\t\t\tPog\u00e1ny G\u00e1bor Ben\u0151 &#8211; Corpus II.\n\t\t\t\t<\/figcaption><\/figure><figure class='gallery-item'>\n\t\t\t<div class='gallery-icon portrait'>\n\t\t\t\t<a href='http:\/\/szolnokimuvesztelep.com\/en\/2021\/01\/20\/a-magyar-kultura-napja-alkalmabol-a-szolnoki-muvesztelep-kortars-alkotoinak-kiallitasa\/pogany-gabor-beno-philemon-et-baucis\/'><img width=\"150\" height=\"150\" src=\"https:\/\/i1.wp.com\/szolnokimuvesztelep.com\/wp-content\/uploads\/2021\/01\/Pogany-Gabor-Beno-Philemon-et-baucis.jpg?resize=150%2C150\" class=\"attachment-thumbnail size-thumbnail\" alt=\"\" loading=\"lazy\" aria-describedby=\"gallery-1-6399\" srcset=\"https:\/\/i1.wp.com\/szolnokimuvesztelep.com\/wp-content\/uploads\/2021\/01\/Pogany-Gabor-Beno-Philemon-et-baucis.jpg?resize=150%2C150 150w, https:\/\/i1.wp.com\/szolnokimuvesztelep.com\/wp-content\/uploads\/2021\/01\/Pogany-Gabor-Beno-Philemon-et-baucis.jpg?zoom=2&amp;resize=150%2C150 300w, https:\/\/i1.wp.com\/szolnokimuvesztelep.com\/wp-content\/uploads\/2021\/01\/Pogany-Gabor-Beno-Philemon-et-baucis.jpg?zoom=3&amp;resize=150%2C150 450w\" sizes=\"(max-width: 150px) 100vw, 150px\" data-attachment-id=\"6399\" data-permalink=\"http:\/\/szolnokimuvesztelep.com\/en\/2021\/01\/20\/a-magyar-kultura-napja-alkalmabol-a-szolnoki-muvesztelep-kortars-alkotoinak-kiallitasa\/pogany-gabor-beno-philemon-et-baucis\/\" data-orig-file=\"https:\/\/i1.wp.com\/szolnokimuvesztelep.com\/wp-content\/uploads\/2021\/01\/Pogany-Gabor-Beno-Philemon-et-baucis.jpg?fit=1669%2C2535\" data-orig-size=\"1669,2535\" data-comments-opened=\"1\" data-image-meta=\"{&quot;aperture&quot;:&quot;0&quot;,&quot;credit&quot;:&quot;&quot;,&quot;camera&quot;:&quot;&quot;,&quot;caption&quot;:&quot;&quot;,&quot;created_timestamp&quot;:&quot;1604568366&quot;,&quot;copyright&quot;:&quot;&quot;,&quot;focal_length&quot;:&quot;0&quot;,&quot;iso&quot;:&quot;0&quot;,&quot;shutter_speed&quot;:&quot;0&quot;,&quot;title&quot;:&quot;&quot;,&quot;orientation&quot;:&quot;1&quot;}\" data-image-title=\"Pogany-Gabor-Beno-Philemon-et-baucis\" data-image-description=\"\" data-medium-file=\"https:\/\/i1.wp.com\/szolnokimuvesztelep.com\/wp-content\/uploads\/2021\/01\/Pogany-Gabor-Beno-Philemon-et-baucis.jpg?fit=198%2C300\" data-large-file=\"https:\/\/i1.wp.com\/szolnokimuvesztelep.com\/wp-content\/uploads\/2021\/01\/Pogany-Gabor-Beno-Philemon-et-baucis.jpg?fit=674%2C1024\" \/><\/a>\n\t\t\t<\/div>\n\t\t\t\t<figcaption class='wp-caption-text gallery-caption' id='gallery-1-6399'>\n\t\t\t\tPog\u00e1ny G\u00e1bor Ben\u0151 &#8211; Philemon et Baucis\n\t\t\t\t<\/figcaption><\/figure><figure class='gallery-item'>\n\t\t\t<div class='gallery-icon landscape'>\n\t\t\t\t<a href='http:\/\/szolnokimuvesztelep.com\/en\/2021\/01\/20\/a-magyar-kultura-napja-alkalmabol-a-szolnoki-muvesztelep-kortars-alkotoinak-kiallitasa\/soosur-georgius-a-nosteny\/'><img width=\"150\" height=\"150\" src=\"https:\/\/i1.wp.com\/szolnokimuvesztelep.com\/wp-content\/uploads\/2021\/01\/Soosur-Georgius-A-nosteny-scaled.jpg?resize=150%2C150\" class=\"attachment-thumbnail size-thumbnail\" alt=\"\" loading=\"lazy\" aria-describedby=\"gallery-1-6406\" srcset=\"https:\/\/i1.wp.com\/szolnokimuvesztelep.com\/wp-content\/uploads\/2021\/01\/Soosur-Georgius-A-nosteny-scaled.jpg?resize=150%2C150 150w, https:\/\/i1.wp.com\/szolnokimuvesztelep.com\/wp-content\/uploads\/2021\/01\/Soosur-Georgius-A-nosteny-scaled.jpg?zoom=2&amp;resize=150%2C150 300w, https:\/\/i1.wp.com\/szolnokimuvesztelep.com\/wp-content\/uploads\/2021\/01\/Soosur-Georgius-A-nosteny-scaled.jpg?zoom=3&amp;resize=150%2C150 450w\" sizes=\"(max-width: 150px) 100vw, 150px\" data-attachment-id=\"6406\" data-permalink=\"http:\/\/szolnokimuvesztelep.com\/en\/2021\/01\/20\/a-magyar-kultura-napja-alkalmabol-a-szolnoki-muvesztelep-kortars-alkotoinak-kiallitasa\/soosur-georgius-a-nosteny\/\" data-orig-file=\"https:\/\/i1.wp.com\/szolnokimuvesztelep.com\/wp-content\/uploads\/2021\/01\/Soosur-Georgius-A-nosteny-scaled.jpg?fit=2560%2C1823\" data-orig-size=\"2560,1823\" data-comments-opened=\"1\" data-image-meta=\"{&quot;aperture&quot;:&quot;0&quot;,&quot;credit&quot;:&quot;&quot;,&quot;camera&quot;:&quot;binuscan&quot;,&quot;caption&quot;:&quot;&quot;,&quot;created_timestamp&quot;:&quot;0&quot;,&quot;copyright&quot;:&quot;&quot;,&quot;focal_length&quot;:&quot;0&quot;,&quot;iso&quot;:&quot;0&quot;,&quot;shutter_speed&quot;:&quot;0&quot;,&quot;title&quot;:&quot;&quot;,&quot;orientation&quot;:&quot;1&quot;}\" data-image-title=\"Soosur-Georgius-A-nosteny\" data-image-description=\"\" data-medium-file=\"https:\/\/i1.wp.com\/szolnokimuvesztelep.com\/wp-content\/uploads\/2021\/01\/Soosur-Georgius-A-nosteny-scaled.jpg?fit=300%2C214\" data-large-file=\"https:\/\/i1.wp.com\/szolnokimuvesztelep.com\/wp-content\/uploads\/2021\/01\/Soosur-Georgius-A-nosteny-scaled.jpg?fit=790%2C562\" \/><\/a>\n\t\t\t<\/div>\n\t\t\t\t<figcaption class='wp-caption-text gallery-caption' id='gallery-1-6406'>\n\t\t\t\tSoosur Georgius &#8211; A n\u0151st\u00e9ny\n\t\t\t\t<\/figcaption><\/figure><figure class='gallery-item'>\n\t\t\t<div class='gallery-icon landscape'>\n\t\t\t\t<a href='http:\/\/szolnokimuvesztelep.com\/en\/2021\/01\/20\/a-magyar-kultura-napja-alkalmabol-a-szolnoki-muvesztelep-kortars-alkotoinak-kiallitasa\/soosur-georgius-contenplation\/'><img width=\"150\" height=\"150\" src=\"https:\/\/i0.wp.com\/szolnokimuvesztelep.com\/wp-content\/uploads\/2021\/01\/Soosur-Georgius-Contenplation.jpg?resize=150%2C150\" class=\"attachment-thumbnail size-thumbnail\" alt=\"\" loading=\"lazy\" aria-describedby=\"gallery-1-6407\" srcset=\"https:\/\/i0.wp.com\/szolnokimuvesztelep.com\/wp-content\/uploads\/2021\/01\/Soosur-Georgius-Contenplation.jpg?resize=150%2C150 150w, https:\/\/i0.wp.com\/szolnokimuvesztelep.com\/wp-content\/uploads\/2021\/01\/Soosur-Georgius-Contenplation.jpg?zoom=2&amp;resize=150%2C150 300w, https:\/\/i0.wp.com\/szolnokimuvesztelep.com\/wp-content\/uploads\/2021\/01\/Soosur-Georgius-Contenplation.jpg?zoom=3&amp;resize=150%2C150 450w\" sizes=\"(max-width: 150px) 100vw, 150px\" data-attachment-id=\"6407\" data-permalink=\"http:\/\/szolnokimuvesztelep.com\/en\/2021\/01\/20\/a-magyar-kultura-napja-alkalmabol-a-szolnoki-muvesztelep-kortars-alkotoinak-kiallitasa\/soosur-georgius-contenplation\/\" data-orig-file=\"https:\/\/i0.wp.com\/szolnokimuvesztelep.com\/wp-content\/uploads\/2021\/01\/Soosur-Georgius-Contenplation.jpg?fit=1772%2C1476\" data-orig-size=\"1772,1476\" data-comments-opened=\"1\" data-image-meta=\"{&quot;aperture&quot;:&quot;2.8&quot;,&quot;credit&quot;:&quot;&quot;,&quot;camera&quot;:&quot;DMC-FZ10&quot;,&quot;caption&quot;:&quot;&quot;,&quot;created_timestamp&quot;:&quot;1197643138&quot;,&quot;copyright&quot;:&quot;&quot;,&quot;focal_length&quot;:&quot;14.2&quot;,&quot;iso&quot;:&quot;100&quot;,&quot;shutter_speed&quot;:&quot;0.016666666666667&quot;,&quot;title&quot;:&quot;&quot;,&quot;orientation&quot;:&quot;1&quot;}\" data-image-title=\"Soosur-Georgius-Contenplation\" data-image-description=\"\" data-medium-file=\"https:\/\/i0.wp.com\/szolnokimuvesztelep.com\/wp-content\/uploads\/2021\/01\/Soosur-Georgius-Contenplation.jpg?fit=300%2C250\" data-large-file=\"https:\/\/i0.wp.com\/szolnokimuvesztelep.com\/wp-content\/uploads\/2021\/01\/Soosur-Georgius-Contenplation.jpg?fit=790%2C658\" \/><\/a>\n\t\t\t<\/div>\n\t\t\t\t<figcaption class='wp-caption-text gallery-caption' id='gallery-1-6407'>\n\t\t\t\tSoosur Georgius &#8211; Contenplation\n\t\t\t\t<\/figcaption><\/figure><figure class='gallery-item'>\n\t\t\t<div class='gallery-icon portrait'>\n\t\t\t\t<a href='http:\/\/szolnokimuvesztelep.com\/en\/2021\/01\/20\/a-magyar-kultura-napja-alkalmabol-a-szolnoki-muvesztelep-kortars-alkotoinak-kiallitasa\/soosur-georgius-jugend\/'><img width=\"150\" height=\"150\" src=\"https:\/\/i0.wp.com\/szolnokimuvesztelep.com\/wp-content\/uploads\/2021\/01\/Soosur-Georgius-Jugend-scaled.jpg?resize=150%2C150\" class=\"attachment-thumbnail size-thumbnail\" alt=\"\" loading=\"lazy\" aria-describedby=\"gallery-1-6408\" srcset=\"https:\/\/i0.wp.com\/szolnokimuvesztelep.com\/wp-content\/uploads\/2021\/01\/Soosur-Georgius-Jugend-scaled.jpg?resize=150%2C150 150w, https:\/\/i0.wp.com\/szolnokimuvesztelep.com\/wp-content\/uploads\/2021\/01\/Soosur-Georgius-Jugend-scaled.jpg?zoom=2&amp;resize=150%2C150 300w, https:\/\/i0.wp.com\/szolnokimuvesztelep.com\/wp-content\/uploads\/2021\/01\/Soosur-Georgius-Jugend-scaled.jpg?zoom=3&amp;resize=150%2C150 450w\" sizes=\"(max-width: 150px) 100vw, 150px\" data-attachment-id=\"6408\" data-permalink=\"http:\/\/szolnokimuvesztelep.com\/en\/2021\/01\/20\/a-magyar-kultura-napja-alkalmabol-a-szolnoki-muvesztelep-kortars-alkotoinak-kiallitasa\/soosur-georgius-jugend\/\" data-orig-file=\"https:\/\/i0.wp.com\/szolnokimuvesztelep.com\/wp-content\/uploads\/2021\/01\/Soosur-Georgius-Jugend-scaled.jpg?fit=1878%2C2560\" data-orig-size=\"1878,2560\" data-comments-opened=\"1\" data-image-meta=\"{&quot;aperture&quot;:&quot;4.5&quot;,&quot;credit&quot;:&quot;&quot;,&quot;camera&quot;:&quot;NIKON D5100&quot;,&quot;caption&quot;:&quot;&quot;,&quot;created_timestamp&quot;:&quot;1365511049&quot;,&quot;copyright&quot;:&quot;&quot;,&quot;focal_length&quot;:&quot;28&quot;,&quot;iso&quot;:&quot;100&quot;,&quot;shutter_speed&quot;:&quot;0.025&quot;,&quot;title&quot;:&quot;&quot;,&quot;orientation&quot;:&quot;1&quot;}\" data-image-title=\"Soosur-Georgius-Jugend\" data-image-description=\"\" data-medium-file=\"https:\/\/i0.wp.com\/szolnokimuvesztelep.com\/wp-content\/uploads\/2021\/01\/Soosur-Georgius-Jugend-scaled.jpg?fit=220%2C300\" data-large-file=\"https:\/\/i0.wp.com\/szolnokimuvesztelep.com\/wp-content\/uploads\/2021\/01\/Soosur-Georgius-Jugend-scaled.jpg?fit=751%2C1024\" \/><\/a>\n\t\t\t<\/div>\n\t\t\t\t<figcaption class='wp-caption-text gallery-caption' id='gallery-1-6408'>\n\t\t\t\tSoosur Georgius &#8211; Jugend\n\t\t\t\t<\/figcaption><\/figure><figure class='gallery-item'>\n\t\t\t<div class='gallery-icon portrait'>\n\t\t\t\t<a href='http:\/\/szolnokimuvesztelep.com\/en\/2021\/01\/20\/a-magyar-kultura-napja-alkalmabol-a-szolnoki-muvesztelep-kortars-alkotoinak-kiallitasa\/debreczeni-fanni-almafa\/'><img width=\"150\" height=\"150\" src=\"https:\/\/i0.wp.com\/szolnokimuvesztelep.com\/wp-content\/uploads\/2021\/01\/Debreczeni-Fanni-Almafa-scaled.jpg?resize=150%2C150\" class=\"attachment-thumbnail size-thumbnail\" alt=\"\" loading=\"lazy\" aria-describedby=\"gallery-1-6474\" srcset=\"https:\/\/i0.wp.com\/szolnokimuvesztelep.com\/wp-content\/uploads\/2021\/01\/Debreczeni-Fanni-Almafa-scaled.jpg?resize=150%2C150 150w, https:\/\/i0.wp.com\/szolnokimuvesztelep.com\/wp-content\/uploads\/2021\/01\/Debreczeni-Fanni-Almafa-scaled.jpg?zoom=2&amp;resize=150%2C150 300w, https:\/\/i0.wp.com\/szolnokimuvesztelep.com\/wp-content\/uploads\/2021\/01\/Debreczeni-Fanni-Almafa-scaled.jpg?zoom=3&amp;resize=150%2C150 450w\" sizes=\"(max-width: 150px) 100vw, 150px\" data-attachment-id=\"6474\" data-permalink=\"http:\/\/szolnokimuvesztelep.com\/en\/2021\/01\/20\/a-magyar-kultura-napja-alkalmabol-a-szolnoki-muvesztelep-kortars-alkotoinak-kiallitasa\/debreczeni-fanni-almafa\/\" data-orig-file=\"https:\/\/i0.wp.com\/szolnokimuvesztelep.com\/wp-content\/uploads\/2021\/01\/Debreczeni-Fanni-Almafa-scaled.jpg?fit=1843%2C2560\" data-orig-size=\"1843,2560\" data-comments-opened=\"1\" data-image-meta=\"{&quot;aperture&quot;:&quot;9&quot;,&quot;credit&quot;:&quot;&quot;,&quot;camera&quot;:&quot;NIKON D7100&quot;,&quot;caption&quot;:&quot;????????????????????????????????????&quot;,&quot;created_timestamp&quot;:&quot;1588611339&quot;,&quot;copyright&quot;:&quot;&quot;,&quot;focal_length&quot;:&quot;140&quot;,&quot;iso&quot;:&quot;640&quot;,&quot;shutter_speed&quot;:&quot;0.0008&quot;,&quot;title&quot;:&quot;&quot;,&quot;orientation&quot;:&quot;1&quot;}\" data-image-title=\"Debreczeni-Fanni-Almafa\" data-image-description=\"\" data-medium-file=\"https:\/\/i0.wp.com\/szolnokimuvesztelep.com\/wp-content\/uploads\/2021\/01\/Debreczeni-Fanni-Almafa-scaled.jpg?fit=216%2C300\" data-large-file=\"https:\/\/i0.wp.com\/szolnokimuvesztelep.com\/wp-content\/uploads\/2021\/01\/Debreczeni-Fanni-Almafa-scaled.jpg?fit=737%2C1024\" \/><\/a>\n\t\t\t<\/div>\n\t\t\t\t<figcaption class='wp-caption-text gallery-caption' id='gallery-1-6474'>\n\t\t\t\tDebreczeni Fanni &#8211; Almafa\n\t\t\t\t<\/figcaption><\/figure><figure class='gallery-item'>\n\t\t\t<div class='gallery-icon landscape'>\n\t\t\t\t<a href='http:\/\/szolnokimuvesztelep.com\/en\/2021\/01\/20\/a-magyar-kultura-napja-alkalmabol-a-szolnoki-muvesztelep-kortars-alkotoinak-kiallitasa\/debreczeni-fanni-izzo-csipkebokor\/'><img width=\"150\" height=\"150\" src=\"https:\/\/i2.wp.com\/szolnokimuvesztelep.com\/wp-content\/uploads\/2021\/01\/Debreczeni-Fanni-Izzo-csipkebokor-scaled.jpg?resize=150%2C150\" class=\"attachment-thumbnail size-thumbnail\" alt=\"\" loading=\"lazy\" aria-describedby=\"gallery-1-6475\" srcset=\"https:\/\/i2.wp.com\/szolnokimuvesztelep.com\/wp-content\/uploads\/2021\/01\/Debreczeni-Fanni-Izzo-csipkebokor-scaled.jpg?resize=150%2C150 150w, https:\/\/i2.wp.com\/szolnokimuvesztelep.com\/wp-content\/uploads\/2021\/01\/Debreczeni-Fanni-Izzo-csipkebokor-scaled.jpg?zoom=2&amp;resize=150%2C150 300w, https:\/\/i2.wp.com\/szolnokimuvesztelep.com\/wp-content\/uploads\/2021\/01\/Debreczeni-Fanni-Izzo-csipkebokor-scaled.jpg?zoom=3&amp;resize=150%2C150 450w\" sizes=\"(max-width: 150px) 100vw, 150px\" data-attachment-id=\"6475\" data-permalink=\"http:\/\/szolnokimuvesztelep.com\/en\/2021\/01\/20\/a-magyar-kultura-napja-alkalmabol-a-szolnoki-muvesztelep-kortars-alkotoinak-kiallitasa\/debreczeni-fanni-izzo-csipkebokor\/\" data-orig-file=\"https:\/\/i2.wp.com\/szolnokimuvesztelep.com\/wp-content\/uploads\/2021\/01\/Debreczeni-Fanni-Izzo-csipkebokor-scaled.jpg?fit=2560%2C1954\" data-orig-size=\"2560,1954\" data-comments-opened=\"1\" data-image-meta=\"{&quot;aperture&quot;:&quot;13&quot;,&quot;credit&quot;:&quot;&quot;,&quot;camera&quot;:&quot;NIKON D7100&quot;,&quot;caption&quot;:&quot;????????????????????????????????????&quot;,&quot;created_timestamp&quot;:&quot;1588611156&quot;,&quot;copyright&quot;:&quot;&quot;,&quot;focal_length&quot;:&quot;112&quot;,&quot;iso&quot;:&quot;640&quot;,&quot;shutter_speed&quot;:&quot;0.0015625&quot;,&quot;title&quot;:&quot;&quot;,&quot;orientation&quot;:&quot;1&quot;}\" data-image-title=\"Debreczeni-Fanni-Izzo-csipkebokor\" data-image-description=\"\" data-medium-file=\"https:\/\/i2.wp.com\/szolnokimuvesztelep.com\/wp-content\/uploads\/2021\/01\/Debreczeni-Fanni-Izzo-csipkebokor-scaled.jpg?fit=300%2C229\" data-large-file=\"https:\/\/i2.wp.com\/szolnokimuvesztelep.com\/wp-content\/uploads\/2021\/01\/Debreczeni-Fanni-Izzo-csipkebokor-scaled.jpg?fit=790%2C603\" \/><\/a>\n\t\t\t<\/div>\n\t\t\t\t<figcaption class='wp-caption-text gallery-caption' id='gallery-1-6475'>\n\t\t\t\tDebreczeni Fanni &#8211; Izz\u00f3 csipkebokor\n\t\t\t\t<\/figcaption><\/figure><figure class='gallery-item'>\n\t\t\t<div class='gallery-icon landscape'>\n\t\t\t\t<a href='http:\/\/szolnokimuvesztelep.com\/en\/2021\/01\/20\/a-magyar-kultura-napja-alkalmabol-a-szolnoki-muvesztelep-kortars-alkotoinak-kiallitasa\/debreczeni-fanni-nux\/'><img width=\"150\" height=\"150\" src=\"https:\/\/i2.wp.com\/szolnokimuvesztelep.com\/wp-content\/uploads\/2021\/01\/Debreczeni-Fanni-Nux.jpg?resize=150%2C150\" class=\"attachment-thumbnail size-thumbnail\" alt=\"\" loading=\"lazy\" aria-describedby=\"gallery-1-6476\" srcset=\"https:\/\/i2.wp.com\/szolnokimuvesztelep.com\/wp-content\/uploads\/2021\/01\/Debreczeni-Fanni-Nux.jpg?resize=150%2C150 150w, https:\/\/i2.wp.com\/szolnokimuvesztelep.com\/wp-content\/uploads\/2021\/01\/Debreczeni-Fanni-Nux.jpg?zoom=2&amp;resize=150%2C150 300w, https:\/\/i2.wp.com\/szolnokimuvesztelep.com\/wp-content\/uploads\/2021\/01\/Debreczeni-Fanni-Nux.jpg?zoom=3&amp;resize=150%2C150 450w\" sizes=\"(max-width: 150px) 100vw, 150px\" data-attachment-id=\"6476\" data-permalink=\"http:\/\/szolnokimuvesztelep.com\/en\/2021\/01\/20\/a-magyar-kultura-napja-alkalmabol-a-szolnoki-muvesztelep-kortars-alkotoinak-kiallitasa\/debreczeni-fanni-nux\/\" data-orig-file=\"https:\/\/i2.wp.com\/szolnokimuvesztelep.com\/wp-content\/uploads\/2021\/01\/Debreczeni-Fanni-Nux.jpg?fit=2050%2C1588\" data-orig-size=\"2050,1588\" data-comments-opened=\"1\" data-image-meta=\"{&quot;aperture&quot;:&quot;0&quot;,&quot;credit&quot;:&quot;Simon Ferenc&quot;,&quot;camera&quot;:&quot;&quot;,&quot;caption&quot;:&quot;&quot;,&quot;created_timestamp&quot;:&quot;0&quot;,&quot;copyright&quot;:&quot;&quot;,&quot;focal_length&quot;:&quot;0&quot;,&quot;iso&quot;:&quot;0&quot;,&quot;shutter_speed&quot;:&quot;0&quot;,&quot;title&quot;:&quot;&quot;,&quot;orientation&quot;:&quot;1&quot;}\" data-image-title=\"Debreczeni-Fanni-Nux\" data-image-description=\"\" data-medium-file=\"https:\/\/i2.wp.com\/szolnokimuvesztelep.com\/wp-content\/uploads\/2021\/01\/Debreczeni-Fanni-Nux.jpg?fit=300%2C232\" data-large-file=\"https:\/\/i2.wp.com\/szolnokimuvesztelep.com\/wp-content\/uploads\/2021\/01\/Debreczeni-Fanni-Nux.jpg?fit=790%2C612\" \/><\/a>\n\t\t\t<\/div>\n\t\t\t\t<figcaption class='wp-caption-text gallery-caption' id='gallery-1-6476'>\n\t\t\t\tDebreczeni Fanni &#8211; N\u00fcx\n\t\t\t\t<\/figcaption><\/figure><figure class='gallery-item'>\n\t\t\t<div class='gallery-icon landscape'>\n\t\t\t\t<a href='http:\/\/szolnokimuvesztelep.com\/en\/2021\/01\/20\/a-magyar-kultura-napja-alkalmabol-a-szolnoki-muvesztelep-kortars-alkotoinak-kiallitasa\/revi-norbert-kultikus-jarmu\/'><img width=\"150\" height=\"150\" src=\"https:\/\/i1.wp.com\/szolnokimuvesztelep.com\/wp-content\/uploads\/2021\/01\/Revi-Norbert-Kultikus-Jarmu-scaled.jpg?resize=150%2C150\" class=\"attachment-thumbnail size-thumbnail\" alt=\"\" loading=\"lazy\" aria-describedby=\"gallery-1-6478\" srcset=\"https:\/\/i1.wp.com\/szolnokimuvesztelep.com\/wp-content\/uploads\/2021\/01\/Revi-Norbert-Kultikus-Jarmu-scaled.jpg?resize=150%2C150 150w, https:\/\/i1.wp.com\/szolnokimuvesztelep.com\/wp-content\/uploads\/2021\/01\/Revi-Norbert-Kultikus-Jarmu-scaled.jpg?zoom=2&amp;resize=150%2C150 300w, https:\/\/i1.wp.com\/szolnokimuvesztelep.com\/wp-content\/uploads\/2021\/01\/Revi-Norbert-Kultikus-Jarmu-scaled.jpg?zoom=3&amp;resize=150%2C150 450w\" sizes=\"(max-width: 150px) 100vw, 150px\" data-attachment-id=\"6478\" data-permalink=\"http:\/\/szolnokimuvesztelep.com\/en\/2021\/01\/20\/a-magyar-kultura-napja-alkalmabol-a-szolnoki-muvesztelep-kortars-alkotoinak-kiallitasa\/revi-norbert-kultikus-jarmu\/\" data-orig-file=\"https:\/\/i1.wp.com\/szolnokimuvesztelep.com\/wp-content\/uploads\/2021\/01\/Revi-Norbert-Kultikus-Jarmu-scaled.jpg?fit=2560%2C1755\" data-orig-size=\"2560,1755\" data-comments-opened=\"1\" data-image-meta=\"{&quot;aperture&quot;:&quot;4.8&quot;,&quot;credit&quot;:&quot;&quot;,&quot;camera&quot;:&quot;NIKON D3000&quot;,&quot;caption&quot;:&quot;&quot;,&quot;created_timestamp&quot;:&quot;1583873827&quot;,&quot;copyright&quot;:&quot;&quot;,&quot;focal_length&quot;:&quot;32&quot;,&quot;iso&quot;:&quot;800&quot;,&quot;shutter_speed&quot;:&quot;0.02&quot;,&quot;title&quot;:&quot;&quot;,&quot;orientation&quot;:&quot;1&quot;}\" data-image-title=\"Revi-Norbert-Kultikus-Jarmu\" data-image-description=\"\" data-medium-file=\"https:\/\/i1.wp.com\/szolnokimuvesztelep.com\/wp-content\/uploads\/2021\/01\/Revi-Norbert-Kultikus-Jarmu-scaled.jpg?fit=300%2C206\" data-large-file=\"https:\/\/i1.wp.com\/szolnokimuvesztelep.com\/wp-content\/uploads\/2021\/01\/Revi-Norbert-Kultikus-Jarmu-scaled.jpg?fit=790%2C542\" \/><\/a>\n\t\t\t<\/div>\n\t\t\t\t<figcaption class='wp-caption-text gallery-caption' id='gallery-1-6478'>\n\t\t\t\tR\u00e9vi Norbert &#8211; Kultikus J\u00e1rm\u0171\n\t\t\t\t<\/figcaption><\/figure><figure class='gallery-item'>\n\t\t\t<div class='gallery-icon landscape'>\n\t\t\t\t<a href='http:\/\/szolnokimuvesztelep.com\/en\/2021\/01\/20\/a-magyar-kultura-napja-alkalmabol-a-szolnoki-muvesztelep-kortars-alkotoinak-kiallitasa\/revi-norbert-naput-2\/'><img width=\"150\" height=\"150\" src=\"https:\/\/i0.wp.com\/szolnokimuvesztelep.com\/wp-content\/uploads\/2021\/01\/Revi-Norbert-Naput-1.jpg?resize=150%2C150\" class=\"attachment-thumbnail size-thumbnail\" alt=\"\" loading=\"lazy\" aria-describedby=\"gallery-1-6479\" srcset=\"https:\/\/i0.wp.com\/szolnokimuvesztelep.com\/wp-content\/uploads\/2021\/01\/Revi-Norbert-Naput-1.jpg?resize=150%2C150 150w, https:\/\/i0.wp.com\/szolnokimuvesztelep.com\/wp-content\/uploads\/2021\/01\/Revi-Norbert-Naput-1.jpg?zoom=2&amp;resize=150%2C150 300w, https:\/\/i0.wp.com\/szolnokimuvesztelep.com\/wp-content\/uploads\/2021\/01\/Revi-Norbert-Naput-1.jpg?zoom=3&amp;resize=150%2C150 450w\" sizes=\"(max-width: 150px) 100vw, 150px\" data-attachment-id=\"6479\" data-permalink=\"http:\/\/szolnokimuvesztelep.com\/en\/2021\/01\/20\/a-magyar-kultura-napja-alkalmabol-a-szolnoki-muvesztelep-kortars-alkotoinak-kiallitasa\/revi-norbert-naput-2\/\" data-orig-file=\"https:\/\/i0.wp.com\/szolnokimuvesztelep.com\/wp-content\/uploads\/2021\/01\/Revi-Norbert-Naput-1.jpg?fit=1600%2C1207\" data-orig-size=\"1600,1207\" data-comments-opened=\"1\" data-image-meta=\"{&quot;aperture&quot;:&quot;0&quot;,&quot;credit&quot;:&quot;&quot;,&quot;camera&quot;:&quot;&quot;,&quot;caption&quot;:&quot;&quot;,&quot;created_timestamp&quot;:&quot;0&quot;,&quot;copyright&quot;:&quot;&quot;,&quot;focal_length&quot;:&quot;0&quot;,&quot;iso&quot;:&quot;0&quot;,&quot;shutter_speed&quot;:&quot;0&quot;,&quot;title&quot;:&quot;&quot;,&quot;orientation&quot;:&quot;1&quot;}\" data-image-title=\"Revi-Norbert-Naput\" data-image-description=\"\" data-medium-file=\"https:\/\/i0.wp.com\/szolnokimuvesztelep.com\/wp-content\/uploads\/2021\/01\/Revi-Norbert-Naput-1.jpg?fit=300%2C226\" data-large-file=\"https:\/\/i0.wp.com\/szolnokimuvesztelep.com\/wp-content\/uploads\/2021\/01\/Revi-Norbert-Naput-1.jpg?fit=790%2C596\" \/><\/a>\n\t\t\t<\/div>\n\t\t\t\t<figcaption class='wp-caption-text gallery-caption' id='gallery-1-6479'>\n\t\t\t\tR\u00e9vi Norbert &#8211; Nap\u00fat\n\t\t\t\t<\/figcaption><\/figure><figure class='gallery-item'>\n\t\t\t<div class='gallery-icon portrait'>\n\t\t\t\t<a href='http:\/\/szolnokimuvesztelep.com\/en\/2021\/01\/20\/a-magyar-kultura-napja-alkalmabol-a-szolnoki-muvesztelep-kortars-alkotoinak-kiallitasa\/revi-norbert-vehiculum-2\/'><img width=\"150\" height=\"150\" src=\"https:\/\/i1.wp.com\/szolnokimuvesztelep.com\/wp-content\/uploads\/2021\/01\/Revi-Norbert-Vehiculum-1.jpg?resize=150%2C150\" class=\"attachment-thumbnail size-thumbnail\" alt=\"\" loading=\"lazy\" aria-describedby=\"gallery-1-6480\" srcset=\"https:\/\/i1.wp.com\/szolnokimuvesztelep.com\/wp-content\/uploads\/2021\/01\/Revi-Norbert-Vehiculum-1.jpg?resize=150%2C150 150w, https:\/\/i1.wp.com\/szolnokimuvesztelep.com\/wp-content\/uploads\/2021\/01\/Revi-Norbert-Vehiculum-1.jpg?zoom=2&amp;resize=150%2C150 300w, https:\/\/i1.wp.com\/szolnokimuvesztelep.com\/wp-content\/uploads\/2021\/01\/Revi-Norbert-Vehiculum-1.jpg?zoom=3&amp;resize=150%2C150 450w\" sizes=\"(max-width: 150px) 100vw, 150px\" data-attachment-id=\"6480\" data-permalink=\"http:\/\/szolnokimuvesztelep.com\/en\/2021\/01\/20\/a-magyar-kultura-napja-alkalmabol-a-szolnoki-muvesztelep-kortars-alkotoinak-kiallitasa\/revi-norbert-vehiculum-2\/\" data-orig-file=\"https:\/\/i1.wp.com\/szolnokimuvesztelep.com\/wp-content\/uploads\/2021\/01\/Revi-Norbert-Vehiculum-1.jpg?fit=1143%2C1242\" data-orig-size=\"1143,1242\" data-comments-opened=\"1\" data-image-meta=\"{&quot;aperture&quot;:&quot;7.1&quot;,&quot;credit&quot;:&quot;&quot;,&quot;camera&quot;:&quot;NIKON D7100&quot;,&quot;caption&quot;:&quot;????????????????????????????????????&quot;,&quot;created_timestamp&quot;:&quot;1583940750&quot;,&quot;copyright&quot;:&quot;&quot;,&quot;focal_length&quot;:&quot;52&quot;,&quot;iso&quot;:&quot;1250&quot;,&quot;shutter_speed&quot;:&quot;0.005&quot;,&quot;title&quot;:&quot;&quot;,&quot;orientation&quot;:&quot;1&quot;}\" data-image-title=\"Revi-Norbert-Vehiculum\" data-image-description=\"\" data-medium-file=\"https:\/\/i1.wp.com\/szolnokimuvesztelep.com\/wp-content\/uploads\/2021\/01\/Revi-Norbert-Vehiculum-1.jpg?fit=276%2C300\" data-large-file=\"https:\/\/i1.wp.com\/szolnokimuvesztelep.com\/wp-content\/uploads\/2021\/01\/Revi-Norbert-Vehiculum-1.jpg?fit=790%2C859\" \/><\/a>\n\t\t\t<\/div>\n\t\t\t\t<figcaption class='wp-caption-text gallery-caption' id='gallery-1-6480'>\n\t\t\t\tR\u00e9vi Norbert &#8211; Vehiculum\n\t\t\t\t<\/figcaption><\/figure><figure class='gallery-item'>\n\t\t\t<div class='gallery-icon portrait'>\n\t\t\t\t<a href='http:\/\/szolnokimuvesztelep.com\/en\/2021\/01\/20\/a-magyar-kultura-napja-alkalmabol-a-szolnoki-muvesztelep-kortars-alkotoinak-kiallitasa\/verebes-gyorgy-castrum\/'><img width=\"150\" height=\"150\" src=\"https:\/\/i0.wp.com\/szolnokimuvesztelep.com\/wp-content\/uploads\/2021\/01\/Verebes-Gyorgy-Castrum-scaled.jpg?resize=150%2C150\" class=\"attachment-thumbnail size-thumbnail\" alt=\"\" loading=\"lazy\" aria-describedby=\"gallery-1-6409\" srcset=\"https:\/\/i0.wp.com\/szolnokimuvesztelep.com\/wp-content\/uploads\/2021\/01\/Verebes-Gyorgy-Castrum-scaled.jpg?resize=150%2C150 150w, https:\/\/i0.wp.com\/szolnokimuvesztelep.com\/wp-content\/uploads\/2021\/01\/Verebes-Gyorgy-Castrum-scaled.jpg?zoom=2&amp;resize=150%2C150 300w, https:\/\/i0.wp.com\/szolnokimuvesztelep.com\/wp-content\/uploads\/2021\/01\/Verebes-Gyorgy-Castrum-scaled.jpg?zoom=3&amp;resize=150%2C150 450w\" sizes=\"(max-width: 150px) 100vw, 150px\" data-attachment-id=\"6409\" data-permalink=\"http:\/\/szolnokimuvesztelep.com\/en\/2021\/01\/20\/a-magyar-kultura-napja-alkalmabol-a-szolnoki-muvesztelep-kortars-alkotoinak-kiallitasa\/verebes-gyorgy-castrum\/\" data-orig-file=\"https:\/\/i0.wp.com\/szolnokimuvesztelep.com\/wp-content\/uploads\/2021\/01\/Verebes-Gyorgy-Castrum-scaled.jpg?fit=2130%2C2560\" data-orig-size=\"2130,2560\" data-comments-opened=\"1\" data-image-meta=\"{&quot;aperture&quot;:&quot;8&quot;,&quot;credit&quot;:&quot;&quot;,&quot;camera&quot;:&quot;NIKON D7100&quot;,&quot;caption&quot;:&quot;&quot;,&quot;created_timestamp&quot;:&quot;1488380716&quot;,&quot;copyright&quot;:&quot;&quot;,&quot;focal_length&quot;:&quot;23&quot;,&quot;iso&quot;:&quot;800&quot;,&quot;shutter_speed&quot;:&quot;0.0125&quot;,&quot;title&quot;:&quot;&quot;,&quot;orientation&quot;:&quot;1&quot;}\" data-image-title=\"Verebes-Gyorgy-Castrum\" data-image-description=\"\" data-medium-file=\"https:\/\/i0.wp.com\/szolnokimuvesztelep.com\/wp-content\/uploads\/2021\/01\/Verebes-Gyorgy-Castrum-scaled.jpg?fit=250%2C300\" data-large-file=\"https:\/\/i0.wp.com\/szolnokimuvesztelep.com\/wp-content\/uploads\/2021\/01\/Verebes-Gyorgy-Castrum-scaled.jpg?fit=790%2C949\" \/><\/a>\n\t\t\t<\/div>\n\t\t\t\t<figcaption class='wp-caption-text gallery-caption' id='gallery-1-6409'>\n\t\t\t\tVerebes Gy\u00f6rgy &#8211; Castrum\n\t\t\t\t<\/figcaption><\/figure><figure class='gallery-item'>\n\t\t\t<div class='gallery-icon portrait'>\n\t\t\t\t<a href='http:\/\/szolnokimuvesztelep.com\/en\/2021\/01\/20\/a-magyar-kultura-napja-alkalmabol-a-szolnoki-muvesztelep-kortars-alkotoinak-kiallitasa\/verebes-gyorgy-harom\/'><img width=\"150\" height=\"150\" src=\"https:\/\/i0.wp.com\/szolnokimuvesztelep.com\/wp-content\/uploads\/2021\/01\/Verebes-Gyorgy-Harom-scaled.jpg?resize=150%2C150\" class=\"attachment-thumbnail size-thumbnail\" alt=\"\" loading=\"lazy\" aria-describedby=\"gallery-1-6410\" srcset=\"https:\/\/i0.wp.com\/szolnokimuvesztelep.com\/wp-content\/uploads\/2021\/01\/Verebes-Gyorgy-Harom-scaled.jpg?resize=150%2C150 150w, https:\/\/i0.wp.com\/szolnokimuvesztelep.com\/wp-content\/uploads\/2021\/01\/Verebes-Gyorgy-Harom-scaled.jpg?zoom=2&amp;resize=150%2C150 300w, https:\/\/i0.wp.com\/szolnokimuvesztelep.com\/wp-content\/uploads\/2021\/01\/Verebes-Gyorgy-Harom-scaled.jpg?zoom=3&amp;resize=150%2C150 450w\" sizes=\"(max-width: 150px) 100vw, 150px\" data-attachment-id=\"6410\" data-permalink=\"http:\/\/szolnokimuvesztelep.com\/en\/2021\/01\/20\/a-magyar-kultura-napja-alkalmabol-a-szolnoki-muvesztelep-kortars-alkotoinak-kiallitasa\/verebes-gyorgy-harom\/\" data-orig-file=\"https:\/\/i0.wp.com\/szolnokimuvesztelep.com\/wp-content\/uploads\/2021\/01\/Verebes-Gyorgy-Harom-scaled.jpg?fit=2106%2C2560\" data-orig-size=\"2106,2560\" data-comments-opened=\"1\" data-image-meta=\"{&quot;aperture&quot;:&quot;9&quot;,&quot;credit&quot;:&quot;&quot;,&quot;camera&quot;:&quot;NIKON D3&quot;,&quot;caption&quot;:&quot;&quot;,&quot;created_timestamp&quot;:&quot;1565454178&quot;,&quot;copyright&quot;:&quot;&quot;,&quot;focal_length&quot;:&quot;105&quot;,&quot;iso&quot;:&quot;200&quot;,&quot;shutter_speed&quot;:&quot;0.004&quot;,&quot;title&quot;:&quot;&quot;,&quot;orientation&quot;:&quot;1&quot;}\" data-image-title=\"Verebes-Gyorgy-Harom\" data-image-description=\"\" data-medium-file=\"https:\/\/i0.wp.com\/szolnokimuvesztelep.com\/wp-content\/uploads\/2021\/01\/Verebes-Gyorgy-Harom-scaled.jpg?fit=247%2C300\" data-large-file=\"https:\/\/i0.wp.com\/szolnokimuvesztelep.com\/wp-content\/uploads\/2021\/01\/Verebes-Gyorgy-Harom-scaled.jpg?fit=790%2C961\" \/><\/a>\n\t\t\t<\/div>\n\t\t\t\t<figcaption class='wp-caption-text gallery-caption' id='gallery-1-6410'>\n\t\t\t\tVerebes Gy\u00f6rgy &#8211; H\u00e1rom\n\t\t\t\t<\/figcaption><\/figure><figure class='gallery-item'>\n\t\t\t<div class='gallery-icon portrait'>\n\t\t\t\t<a href='http:\/\/szolnokimuvesztelep.com\/en\/2021\/01\/20\/a-magyar-kultura-napja-alkalmabol-a-szolnoki-muvesztelep-kortars-alkotoinak-kiallitasa\/verebes-gyorgy-radix\/'><img width=\"150\" height=\"150\" src=\"https:\/\/i0.wp.com\/szolnokimuvesztelep.com\/wp-content\/uploads\/2021\/01\/Verebes-Gyorgy-Radix-scaled.jpg?resize=150%2C150\" class=\"attachment-thumbnail size-thumbnail\" alt=\"\" loading=\"lazy\" aria-describedby=\"gallery-1-6411\" srcset=\"https:\/\/i0.wp.com\/szolnokimuvesztelep.com\/wp-content\/uploads\/2021\/01\/Verebes-Gyorgy-Radix-scaled.jpg?resize=150%2C150 150w, https:\/\/i0.wp.com\/szolnokimuvesztelep.com\/wp-content\/uploads\/2021\/01\/Verebes-Gyorgy-Radix-scaled.jpg?zoom=2&amp;resize=150%2C150 300w, https:\/\/i0.wp.com\/szolnokimuvesztelep.com\/wp-content\/uploads\/2021\/01\/Verebes-Gyorgy-Radix-scaled.jpg?zoom=3&amp;resize=150%2C150 450w\" sizes=\"(max-width: 150px) 100vw, 150px\" data-attachment-id=\"6411\" data-permalink=\"http:\/\/szolnokimuvesztelep.com\/en\/2021\/01\/20\/a-magyar-kultura-napja-alkalmabol-a-szolnoki-muvesztelep-kortars-alkotoinak-kiallitasa\/verebes-gyorgy-radix\/\" data-orig-file=\"https:\/\/i0.wp.com\/szolnokimuvesztelep.com\/wp-content\/uploads\/2021\/01\/Verebes-Gyorgy-Radix-scaled.jpg?fit=2114%2C2560\" data-orig-size=\"2114,2560\" data-comments-opened=\"1\" data-image-meta=\"{&quot;aperture&quot;:&quot;7.1&quot;,&quot;credit&quot;:&quot;&quot;,&quot;camera&quot;:&quot;Canon EOS 40D&quot;,&quot;caption&quot;:&quot;&quot;,&quot;created_timestamp&quot;:&quot;1502187375&quot;,&quot;copyright&quot;:&quot;&quot;,&quot;focal_length&quot;:&quot;60&quot;,&quot;iso&quot;:&quot;100&quot;,&quot;shutter_speed&quot;:&quot;0.005&quot;,&quot;title&quot;:&quot;&quot;,&quot;orientation&quot;:&quot;0&quot;}\" data-image-title=\"Verebes-Gyorgy-Radix\" data-image-description=\"\" data-medium-file=\"https:\/\/i0.wp.com\/szolnokimuvesztelep.com\/wp-content\/uploads\/2021\/01\/Verebes-Gyorgy-Radix-scaled.jpg?fit=248%2C300\" data-large-file=\"https:\/\/i0.wp.com\/szolnokimuvesztelep.com\/wp-content\/uploads\/2021\/01\/Verebes-Gyorgy-Radix-scaled.jpg?fit=790%2C956\" \/><\/a>\n\t\t\t<\/div>\n\t\t\t\t<figcaption class='wp-caption-text gallery-caption' id='gallery-1-6411'>\n\t\t\t\tVerebes Gy\u00f6rgy &#8211; Radix\n\t\t\t\t<\/figcaption><\/figure><figure class='gallery-item'>\n\t\t\t<div class='gallery-icon landscape'>\n\t\t\t\t<a href='http:\/\/szolnokimuvesztelep.com\/en\/2021\/01\/20\/a-magyar-kultura-napja-alkalmabol-a-szolnoki-muvesztelep-kortars-alkotoinak-kiallitasa\/posta_mate_balkon\/'><img width=\"150\" height=\"150\" src=\"https:\/\/i1.wp.com\/szolnokimuvesztelep.com\/wp-content\/uploads\/2021\/01\/Posta_Mate_Balkon.jpg?resize=150%2C150\" class=\"attachment-thumbnail size-thumbnail\" alt=\"\" loading=\"lazy\" aria-describedby=\"gallery-1-6423\" srcset=\"https:\/\/i1.wp.com\/szolnokimuvesztelep.com\/wp-content\/uploads\/2021\/01\/Posta_Mate_Balkon.jpg?resize=150%2C150 150w, https:\/\/i1.wp.com\/szolnokimuvesztelep.com\/wp-content\/uploads\/2021\/01\/Posta_Mate_Balkon.jpg?zoom=2&amp;resize=150%2C150 300w, https:\/\/i1.wp.com\/szolnokimuvesztelep.com\/wp-content\/uploads\/2021\/01\/Posta_Mate_Balkon.jpg?zoom=3&amp;resize=150%2C150 450w\" sizes=\"(max-width: 150px) 100vw, 150px\" data-attachment-id=\"6423\" data-permalink=\"http:\/\/szolnokimuvesztelep.com\/en\/2021\/01\/20\/a-magyar-kultura-napja-alkalmabol-a-szolnoki-muvesztelep-kortars-alkotoinak-kiallitasa\/posta_mate_balkon\/\" data-orig-file=\"https:\/\/i1.wp.com\/szolnokimuvesztelep.com\/wp-content\/uploads\/2021\/01\/Posta_Mate_Balkon.jpg?fit=1403%2C1167\" data-orig-size=\"1403,1167\" data-comments-opened=\"1\" data-image-meta=\"{&quot;aperture&quot;:&quot;0&quot;,&quot;credit&quot;:&quot;&quot;,&quot;camera&quot;:&quot;&quot;,&quot;caption&quot;:&quot;&quot;,&quot;created_timestamp&quot;:&quot;0&quot;,&quot;copyright&quot;:&quot;&quot;,&quot;focal_length&quot;:&quot;0&quot;,&quot;iso&quot;:&quot;0&quot;,&quot;shutter_speed&quot;:&quot;0&quot;,&quot;title&quot;:&quot;&quot;,&quot;orientation&quot;:&quot;1&quot;}\" data-image-title=\"Posta_Mate_Balkon\" data-image-description=\"\" data-medium-file=\"https:\/\/i1.wp.com\/szolnokimuvesztelep.com\/wp-content\/uploads\/2021\/01\/Posta_Mate_Balkon.jpg?fit=300%2C250\" data-large-file=\"https:\/\/i1.wp.com\/szolnokimuvesztelep.com\/wp-content\/uploads\/2021\/01\/Posta_Mate_Balkon.jpg?fit=790%2C657\" \/><\/a>\n\t\t\t<\/div>\n\t\t\t\t<figcaption class='wp-caption-text gallery-caption' id='gallery-1-6423'>\n\t\t\t\tPosta M\u00e1t\u00e9 &#8211; Balkon\n\t\t\t\t<\/figcaption><\/figure><figure class='gallery-item'>\n\t\t\t<div class='gallery-icon landscape'>\n\t\t\t\t<a href='http:\/\/szolnokimuvesztelep.com\/en\/2021\/01\/20\/a-magyar-kultura-napja-alkalmabol-a-szolnoki-muvesztelep-kortars-alkotoinak-kiallitasa\/posta_mate_csipkefuggony\/'><img width=\"150\" height=\"150\" src=\"https:\/\/i2.wp.com\/szolnokimuvesztelep.com\/wp-content\/uploads\/2021\/01\/Posta_Mate_Csipkefuggony.jpg?resize=150%2C150\" class=\"attachment-thumbnail size-thumbnail\" alt=\"\" loading=\"lazy\" aria-describedby=\"gallery-1-6424\" srcset=\"https:\/\/i2.wp.com\/szolnokimuvesztelep.com\/wp-content\/uploads\/2021\/01\/Posta_Mate_Csipkefuggony.jpg?resize=150%2C150 150w, https:\/\/i2.wp.com\/szolnokimuvesztelep.com\/wp-content\/uploads\/2021\/01\/Posta_Mate_Csipkefuggony.jpg?zoom=2&amp;resize=150%2C150 300w, https:\/\/i2.wp.com\/szolnokimuvesztelep.com\/wp-content\/uploads\/2021\/01\/Posta_Mate_Csipkefuggony.jpg?zoom=3&amp;resize=150%2C150 450w\" sizes=\"(max-width: 150px) 100vw, 150px\" data-attachment-id=\"6424\" data-permalink=\"http:\/\/szolnokimuvesztelep.com\/en\/2021\/01\/20\/a-magyar-kultura-napja-alkalmabol-a-szolnoki-muvesztelep-kortars-alkotoinak-kiallitasa\/posta_mate_csipkefuggony\/\" data-orig-file=\"https:\/\/i2.wp.com\/szolnokimuvesztelep.com\/wp-content\/uploads\/2021\/01\/Posta_Mate_Csipkefuggony.jpg?fit=1997%2C1167\" data-orig-size=\"1997,1167\" data-comments-opened=\"1\" data-image-meta=\"{&quot;aperture&quot;:&quot;0&quot;,&quot;credit&quot;:&quot;&quot;,&quot;camera&quot;:&quot;&quot;,&quot;caption&quot;:&quot;&quot;,&quot;created_timestamp&quot;:&quot;0&quot;,&quot;copyright&quot;:&quot;&quot;,&quot;focal_length&quot;:&quot;0&quot;,&quot;iso&quot;:&quot;0&quot;,&quot;shutter_speed&quot;:&quot;0&quot;,&quot;title&quot;:&quot;&quot;,&quot;orientation&quot;:&quot;1&quot;}\" data-image-title=\"Posta_Mate_Csipkefuggony\" data-image-description=\"\" data-medium-file=\"https:\/\/i2.wp.com\/szolnokimuvesztelep.com\/wp-content\/uploads\/2021\/01\/Posta_Mate_Csipkefuggony.jpg?fit=300%2C175\" data-large-file=\"https:\/\/i2.wp.com\/szolnokimuvesztelep.com\/wp-content\/uploads\/2021\/01\/Posta_Mate_Csipkefuggony.jpg?fit=790%2C461\" \/><\/a>\n\t\t\t<\/div>\n\t\t\t\t<figcaption class='wp-caption-text gallery-caption' id='gallery-1-6424'>\n\t\t\t\tPosta M\u00e1t\u00e9 &#8211; Csipkef\u00fcgg\u00f6ny\n\t\t\t\t<\/figcaption><\/figure><figure class='gallery-item'>\n\t\t\t<div class='gallery-icon landscape'>\n\t\t\t\t<a href='http:\/\/szolnokimuvesztelep.com\/en\/2021\/01\/20\/a-magyar-kultura-napja-alkalmabol-a-szolnoki-muvesztelep-kortars-alkotoinak-kiallitasa\/posta_mate_manzerdteto\/'><img width=\"150\" height=\"150\" src=\"https:\/\/i1.wp.com\/szolnokimuvesztelep.com\/wp-content\/uploads\/2021\/01\/Posta_Mate_Manzerdteto.jpg?resize=150%2C150\" class=\"attachment-thumbnail size-thumbnail\" alt=\"\" loading=\"lazy\" aria-describedby=\"gallery-1-6425\" srcset=\"https:\/\/i1.wp.com\/szolnokimuvesztelep.com\/wp-content\/uploads\/2021\/01\/Posta_Mate_Manzerdteto.jpg?resize=150%2C150 150w, https:\/\/i1.wp.com\/szolnokimuvesztelep.com\/wp-content\/uploads\/2021\/01\/Posta_Mate_Manzerdteto.jpg?zoom=2&amp;resize=150%2C150 300w, https:\/\/i1.wp.com\/szolnokimuvesztelep.com\/wp-content\/uploads\/2021\/01\/Posta_Mate_Manzerdteto.jpg?zoom=3&amp;resize=150%2C150 450w\" sizes=\"(max-width: 150px) 100vw, 150px\" data-attachment-id=\"6425\" data-permalink=\"http:\/\/szolnokimuvesztelep.com\/en\/2021\/01\/20\/a-magyar-kultura-napja-alkalmabol-a-szolnoki-muvesztelep-kortars-alkotoinak-kiallitasa\/posta_mate_manzerdteto\/\" data-orig-file=\"https:\/\/i1.wp.com\/szolnokimuvesztelep.com\/wp-content\/uploads\/2021\/01\/Posta_Mate_Manzerdteto.jpg?fit=2083%2C1167\" data-orig-size=\"2083,1167\" data-comments-opened=\"1\" data-image-meta=\"{&quot;aperture&quot;:&quot;0&quot;,&quot;credit&quot;:&quot;&quot;,&quot;camera&quot;:&quot;&quot;,&quot;caption&quot;:&quot;&quot;,&quot;created_timestamp&quot;:&quot;0&quot;,&quot;copyright&quot;:&quot;&quot;,&quot;focal_length&quot;:&quot;0&quot;,&quot;iso&quot;:&quot;0&quot;,&quot;shutter_speed&quot;:&quot;0&quot;,&quot;title&quot;:&quot;&quot;,&quot;orientation&quot;:&quot;0&quot;}\" data-image-title=\"Posta_Mate_Manzerdteto\" data-image-description=\"\" data-medium-file=\"https:\/\/i1.wp.com\/szolnokimuvesztelep.com\/wp-content\/uploads\/2021\/01\/Posta_Mate_Manzerdteto.jpg?fit=300%2C168\" data-large-file=\"https:\/\/i1.wp.com\/szolnokimuvesztelep.com\/wp-content\/uploads\/2021\/01\/Posta_Mate_Manzerdteto.jpg?fit=790%2C443\" \/><\/a>\n\t\t\t<\/div>\n\t\t\t\t<figcaption class='wp-caption-text gallery-caption' id='gallery-1-6425'>\n\t\t\t\tPosta M\u00e1t\u00e9 &#8211; Manz\u00e1rdtet\u0151\n\t\t\t\t<\/figcaption><\/figure><figure class='gallery-item'>\n\t\t\t<div class='gallery-icon portrait'>\n\t\t\t\t<a href='http:\/\/szolnokimuvesztelep.com\/en\/2021\/01\/20\/a-magyar-kultura-napja-alkalmabol-a-szolnoki-muvesztelep-kortars-alkotoinak-kiallitasa\/szabo-gyorgy-meditacio-ii\/'><img width=\"150\" height=\"150\" src=\"https:\/\/i1.wp.com\/szolnokimuvesztelep.com\/wp-content\/uploads\/2021\/01\/Szabo-Gyorgy-Meditacio-II-scaled.jpg?resize=150%2C150\" class=\"attachment-thumbnail size-thumbnail\" alt=\"\" loading=\"lazy\" aria-describedby=\"gallery-1-6427\" srcset=\"https:\/\/i1.wp.com\/szolnokimuvesztelep.com\/wp-content\/uploads\/2021\/01\/Szabo-Gyorgy-Meditacio-II-scaled.jpg?resize=150%2C150 150w, https:\/\/i1.wp.com\/szolnokimuvesztelep.com\/wp-content\/uploads\/2021\/01\/Szabo-Gyorgy-Meditacio-II-scaled.jpg?zoom=2&amp;resize=150%2C150 300w, https:\/\/i1.wp.com\/szolnokimuvesztelep.com\/wp-content\/uploads\/2021\/01\/Szabo-Gyorgy-Meditacio-II-scaled.jpg?zoom=3&amp;resize=150%2C150 450w\" sizes=\"(max-width: 150px) 100vw, 150px\" data-attachment-id=\"6427\" data-permalink=\"http:\/\/szolnokimuvesztelep.com\/en\/2021\/01\/20\/a-magyar-kultura-napja-alkalmabol-a-szolnoki-muvesztelep-kortars-alkotoinak-kiallitasa\/szabo-gyorgy-meditacio-ii\/\" data-orig-file=\"https:\/\/i1.wp.com\/szolnokimuvesztelep.com\/wp-content\/uploads\/2021\/01\/Szabo-Gyorgy-Meditacio-II-scaled.jpg?fit=1792%2C2560\" data-orig-size=\"1792,2560\" data-comments-opened=\"1\" data-image-meta=\"{&quot;aperture&quot;:&quot;14&quot;,&quot;credit&quot;:&quot;Borsos Mih\\u00e1ly (misi)&quot;,&quot;camera&quot;:&quot;Sinarback eMotion 75, Sinar Hy6&quot;,&quot;caption&quot;:&quot;&quot;,&quot;created_timestamp&quot;:&quot;1460719863&quot;,&quot;copyright&quot;:&quot;&quot;,&quot;focal_length&quot;:&quot;0&quot;,&quot;iso&quot;:&quot;100&quot;,&quot;shutter_speed&quot;:&quot;0.008&quot;,&quot;title&quot;:&quot;&quot;,&quot;orientation&quot;:&quot;1&quot;}\" data-image-title=\"Szabo-Gyorgy-Meditacio-II\" data-image-description=\"\" data-medium-file=\"https:\/\/i1.wp.com\/szolnokimuvesztelep.com\/wp-content\/uploads\/2021\/01\/Szabo-Gyorgy-Meditacio-II-scaled.jpg?fit=210%2C300\" data-large-file=\"https:\/\/i1.wp.com\/szolnokimuvesztelep.com\/wp-content\/uploads\/2021\/01\/Szabo-Gyorgy-Meditacio-II-scaled.jpg?fit=717%2C1024\" \/><\/a>\n\t\t\t<\/div>\n\t\t\t\t<figcaption class='wp-caption-text gallery-caption' id='gallery-1-6427'>\n\t\t\t\tSzab\u00f3 Gy\u00f6rgy &#8211; Medit\u00e1ci\u00f3\n\t\t\t\t<\/figcaption><\/figure><figure class='gallery-item'>\n\t\t\t<div class='gallery-icon portrait'>\n\t\t\t\t<a href='http:\/\/szolnokimuvesztelep.com\/en\/2021\/01\/20\/a-magyar-kultura-napja-alkalmabol-a-szolnoki-muvesztelep-kortars-alkotoinak-kiallitasa\/szabo-gyorgy-meditacio\/'><img width=\"150\" height=\"150\" src=\"https:\/\/i1.wp.com\/szolnokimuvesztelep.com\/wp-content\/uploads\/2021\/01\/Szabo-Gyorgy-Meditacio-scaled.jpg?resize=150%2C150\" class=\"attachment-thumbnail size-thumbnail\" alt=\"\" loading=\"lazy\" aria-describedby=\"gallery-1-6428\" srcset=\"https:\/\/i1.wp.com\/szolnokimuvesztelep.com\/wp-content\/uploads\/2021\/01\/Szabo-Gyorgy-Meditacio-scaled.jpg?resize=150%2C150 150w, https:\/\/i1.wp.com\/szolnokimuvesztelep.com\/wp-content\/uploads\/2021\/01\/Szabo-Gyorgy-Meditacio-scaled.jpg?zoom=2&amp;resize=150%2C150 300w, https:\/\/i1.wp.com\/szolnokimuvesztelep.com\/wp-content\/uploads\/2021\/01\/Szabo-Gyorgy-Meditacio-scaled.jpg?zoom=3&amp;resize=150%2C150 450w\" sizes=\"(max-width: 150px) 100vw, 150px\" data-attachment-id=\"6428\" data-permalink=\"http:\/\/szolnokimuvesztelep.com\/en\/2021\/01\/20\/a-magyar-kultura-napja-alkalmabol-a-szolnoki-muvesztelep-kortars-alkotoinak-kiallitasa\/szabo-gyorgy-meditacio\/\" data-orig-file=\"https:\/\/i1.wp.com\/szolnokimuvesztelep.com\/wp-content\/uploads\/2021\/01\/Szabo-Gyorgy-Meditacio-scaled.jpg?fit=1884%2C2560\" data-orig-size=\"1884,2560\" data-comments-opened=\"1\" data-image-meta=\"{&quot;aperture&quot;:&quot;16&quot;,&quot;credit&quot;:&quot;Borsos Mih\\u00e1ly (misi)&quot;,&quot;camera&quot;:&quot;Sinarback eMotion 75, Sinar Hy6&quot;,&quot;caption&quot;:&quot;&quot;,&quot;created_timestamp&quot;:&quot;1460716223&quot;,&quot;copyright&quot;:&quot;&quot;,&quot;focal_length&quot;:&quot;0&quot;,&quot;iso&quot;:&quot;100&quot;,&quot;shutter_speed&quot;:&quot;0.008&quot;,&quot;title&quot;:&quot;&quot;,&quot;orientation&quot;:&quot;1&quot;}\" data-image-title=\"Szabo-Gyorgy-Meditacio\" data-image-description=\"\" data-medium-file=\"https:\/\/i1.wp.com\/szolnokimuvesztelep.com\/wp-content\/uploads\/2021\/01\/Szabo-Gyorgy-Meditacio-scaled.jpg?fit=221%2C300\" data-large-file=\"https:\/\/i1.wp.com\/szolnokimuvesztelep.com\/wp-content\/uploads\/2021\/01\/Szabo-Gyorgy-Meditacio-scaled.jpg?fit=754%2C1024\" \/><\/a>\n\t\t\t<\/div>\n\t\t\t\t<figcaption class='wp-caption-text gallery-caption' id='gallery-1-6428'>\n\t\t\t\tSzab\u00f3 Gy\u00f6rgy- Medit\u00e1ci\u00f3\n\t\t\t\t<\/figcaption><\/figure><figure class='gallery-item'>\n\t\t\t<div class='gallery-icon landscape'>\n\t\t\t\t<a href='http:\/\/szolnokimuvesztelep.com\/en\/2021\/01\/20\/a-magyar-kultura-napja-alkalmabol-a-szolnoki-muvesztelep-kortars-alkotoinak-kiallitasa\/hasselblad-503-cw-cfv_50-3\/'><img width=\"150\" height=\"150\" src=\"https:\/\/i1.wp.com\/szolnokimuvesztelep.com\/wp-content\/uploads\/2021\/01\/Szabo-Gyorgy-Ustokoscsapda-scaled.jpg?resize=150%2C150\" class=\"attachment-thumbnail size-thumbnail\" alt=\"\" loading=\"lazy\" aria-describedby=\"gallery-1-6429\" srcset=\"https:\/\/i1.wp.com\/szolnokimuvesztelep.com\/wp-content\/uploads\/2021\/01\/Szabo-Gyorgy-Ustokoscsapda-scaled.jpg?resize=150%2C150 150w, https:\/\/i1.wp.com\/szolnokimuvesztelep.com\/wp-content\/uploads\/2021\/01\/Szabo-Gyorgy-Ustokoscsapda-scaled.jpg?zoom=2&amp;resize=150%2C150 300w, https:\/\/i1.wp.com\/szolnokimuvesztelep.com\/wp-content\/uploads\/2021\/01\/Szabo-Gyorgy-Ustokoscsapda-scaled.jpg?zoom=3&amp;resize=150%2C150 450w\" sizes=\"(max-width: 150px) 100vw, 150px\" data-attachment-id=\"6429\" data-permalink=\"http:\/\/szolnokimuvesztelep.com\/en\/2021\/01\/20\/a-magyar-kultura-napja-alkalmabol-a-szolnoki-muvesztelep-kortars-alkotoinak-kiallitasa\/hasselblad-503-cw-cfv_50-3\/\" data-orig-file=\"https:\/\/i1.wp.com\/szolnokimuvesztelep.com\/wp-content\/uploads\/2021\/01\/Szabo-Gyorgy-Ustokoscsapda-scaled.jpg?fit=2560%2C1884\" data-orig-size=\"2560,1884\" data-comments-opened=\"1\" data-image-meta=\"{&quot;aperture&quot;:&quot;0&quot;,&quot;credit&quot;:&quot;Borsos Mih\\u00e1ly (misi)&quot;,&quot;camera&quot;:&quot;Hasselblad CFV-50c&quot;,&quot;caption&quot;:&quot;&quot;,&quot;created_timestamp&quot;:&quot;1464220800&quot;,&quot;copyright&quot;:&quot;&quot;,&quot;focal_length&quot;:&quot;0&quot;,&quot;iso&quot;:&quot;100&quot;,&quot;shutter_speed&quot;:&quot;30&quot;,&quot;title&quot;:&quot;hasselblad 503 CW CFV_50&quot;,&quot;orientation&quot;:&quot;1&quot;}\" data-image-title=\"hasselblad 503 CW CFV_50\" data-image-description=\"\" data-medium-file=\"https:\/\/i1.wp.com\/szolnokimuvesztelep.com\/wp-content\/uploads\/2021\/01\/Szabo-Gyorgy-Ustokoscsapda-scaled.jpg?fit=300%2C221\" data-large-file=\"https:\/\/i1.wp.com\/szolnokimuvesztelep.com\/wp-content\/uploads\/2021\/01\/Szabo-Gyorgy-Ustokoscsapda-scaled.jpg?fit=790%2C581\" \/><\/a>\n\t\t\t<\/div>\n\t\t\t\t<figcaption class='wp-caption-text gallery-caption' id='gallery-1-6429'>\n\t\t\t\tSzab\u00f3 Gy\u00f6rgy  &#8211; \u00dcst\u00f6k\u00f6scsapda\n\t\t\t\t<\/figcaption><\/figure>\n\t\t<\/div>\n\n<p>&nbsp;<\/p>","protected":false},"excerpt":{"rendered":"<p>Ki\u00e1ll\u00edt\u00f3 m\u0171v\u00e9szek: Fazekas Magdolna Munk\u00e1csy-d\u00edjas fest\u0151m\u0171v\u00e9sz, Pog\u00e1ny G\u00e1bor Ben\u0151 Munk\u00e1csy-d\u00edjas szobr\u00e1szm\u0171v\u00e9sz, Szab\u00f3 Gy\u00f6rgy Munk\u00e1csy-d\u00edjas szobr\u00e1szm\u0171v\u00e9sz, Verebes Gy\u00f6rgy Munk\u00e1csy-d\u00edjas fest\u0151m\u0171v\u00e9sz, Kir\u00e1ly Gy\u00f6rgy Barcsay-d\u00edjas fest\u0151m\u0171v\u00e9sz, Posta M\u00e1t\u00e9 Barcsay-d\u00edjas fest\u0151m\u0171v\u00e9sz, Debreczeni Fanni fest\u0151m\u0171v\u00e9sz, Soosur Georgius fest\u0151m\u0171v\u00e9sz, Bar\u00e1th F\u00e1bi\u00e1n szobr\u00e1szm\u0171v\u00e9sz, R\u00e9vi Norbert szobr\u00e1szm\u0171v\u00e9sz (A k\u00e9pekre kattintva k\u00e9pn\u00e9zeget\u0151 gal\u00e9ria ny\u00edlik meg.) &nbsp;<\/p>","protected":false},"author":6,"featured_media":6417,"comment_status":"open","ping_status":"open","sticky":false,"template":"","format":"standard","meta":{"spay_email":"","jetpack_publicize_message":""},"categories":[55,1,64],"tags":[],"yst_prominent_words":[],"jetpack_featured_media_url":"https:\/\/i2.wp.com\/szolnokimuvesztelep.com\/wp-content\/uploads\/2021\/01\/szmt_slider-scaled.jpg?fit=2560%2C905","jetpack_publicize_connections":[],"yoast_head":"<!-- This site is optimized with the Yoast SEO Premium plugin v14.1 - https:\/\/yoast.com\/wordpress\/plugins\/seo\/ -->\n<title>Virtu\u00e1lis ki\u00e1ll\u00edt\u00e1s a Szolnoki M\u0171v\u00e9sztelep alkot\u00f3inak munk\u00e1ib\u00f3l a Magyar Kult\u00fara Napja alkalm\u00e1b\u00f3l - SZOLNOKI M\u0170V\u00c9SZTELEP<\/title>\n<meta name=\"robots\" content=\"index, follow\" \/>\n<meta name=\"googlebot\" content=\"index, follow, max-snippet:-1, max-image-preview:large, max-video-preview:-1\" \/>\n<meta name=\"bingbot\" content=\"index, follow, max-snippet:-1, max-image-preview:large, max-video-preview:-1\" \/>\n<link rel=\"canonical\" href=\"http:\/\/szolnokimuvesztelep.com\/en\/2021\/01\/20\/a-magyar-kultura-napja-alkalmabol-a-szolnoki-muvesztelep-kortars-alkotoinak-kiallitasa\/\" \/>\n<meta property=\"og:locale\" content=\"en_US\" \/>\n<meta property=\"og:type\" content=\"article\" \/>\n<meta property=\"og:title\" content=\"Virtu\u00e1lis ki\u00e1ll\u00edt\u00e1s a Szolnoki M\u0171v\u00e9sztelep alkot\u00f3inak munk\u00e1ib\u00f3l a Magyar Kult\u00fara Napja alkalm\u00e1b\u00f3l - SZOLNOKI M\u0170V\u00c9SZTELEP\" \/>\n<meta property=\"og:description\" content=\"Ki\u00e1ll\u00edt\u00f3 m\u0171v\u00e9szek: Fazekas Magdolna Munk\u00e1csy-d\u00edjas fest\u0151m\u0171v\u00e9sz, Pog\u00e1ny G\u00e1bor Ben\u0151 Munk\u00e1csy-d\u00edjas szobr\u00e1szm\u0171v\u00e9sz, Szab\u00f3 Gy\u00f6rgy Munk\u00e1csy-d\u00edjas szobr\u00e1szm\u0171v\u00e9sz, Verebes Gy\u00f6rgy Munk\u00e1csy-d\u00edjas fest\u0151m\u0171v\u00e9sz, Kir\u00e1ly Gy\u00f6rgy Barcsay-d\u00edjas fest\u0151m\u0171v\u00e9sz, Posta M\u00e1t\u00e9 Barcsay-d\u00edjas fest\u0151m\u0171v\u00e9sz, Debreczeni Fanni fest\u0151m\u0171v\u00e9sz, Soosur Georgius fest\u0151m\u0171v\u00e9sz, Bar\u00e1th F\u00e1bi\u00e1n szobr\u00e1szm\u0171v\u00e9sz, R\u00e9vi Norbert szobr\u00e1szm\u0171v\u00e9sz (A k\u00e9pekre kattintva k\u00e9pn\u00e9zeget\u0151 gal\u00e9ria ny\u00edlik meg.) &nbsp;\" \/>\n<meta property=\"og:url\" content=\"http:\/\/szolnokimuvesztelep.com\/en\/2021\/01\/20\/a-magyar-kultura-napja-alkalmabol-a-szolnoki-muvesztelep-kortars-alkotoinak-kiallitasa\/\" \/>\n<meta property=\"og:site_name\" content=\"SZOLNOKI M\u0170V\u00c9SZTELEP\" \/>\n<meta property=\"article:publisher\" content=\"https:\/\/www.facebook.com\/szolnokimuvesztelepofficial\/\" \/>\n<meta property=\"article:published_time\" content=\"2021-01-20T11:27:06+00:00\" \/>\n<meta property=\"article:modified_time\" content=\"2022-11-25T09:46:30+00:00\" \/>\n<meta property=\"og:image\" content=\"https:\/\/i2.wp.com\/szolnokimuvesztelep.com\/wp-content\/uploads\/2021\/01\/szmt_slider-scaled.jpg?fit=2560%2C905\" \/>\n\t<meta property=\"og:image:width\" content=\"2560\" \/>\n\t<meta property=\"og:image:height\" content=\"905\" \/>\n<script type=\"application\/ld+json\" class=\"yoast-schema-graph\">{\"@context\":\"https:\/\/schema.org\",\"@graph\":[{\"@type\":\"Organization\",\"@id\":\"http:\/\/szolnokimuvesztelep.com\/en\/#organization\",\"name\":\"Szolnoki M\\u0171v\\u00e9sztelep\",\"url\":\"http:\/\/szolnokimuvesztelep.com\/en\/\",\"sameAs\":[\"https:\/\/www.facebook.com\/szolnokimuvesztelepofficial\/\",\"https:\/\/www.instagram.com\/szolnoki_muvesztelep\/\",\"https:\/\/www.youtube.com\/channel\/UCAYRF4A8FrslG3J__XEjEoA\",\"https:\/\/hu.wikipedia.org\/wiki\/Szolnoki_m\\u0171v\\u00e9sztelep\"],\"logo\":{\"@type\":\"ImageObject\",\"@id\":\"http:\/\/szolnokimuvesztelep.com\/en\/#logo\",\"inLanguage\":\"en-US\",\"url\":\"https:\/\/i0.wp.com\/szolnokimuvesztelep.com\/wp-content\/uploads\/2020\/05\/szmt_2019_szlogen_psz-01.png?fit=2242%2C863\",\"width\":2242,\"height\":863,\"caption\":\"Szolnoki M\\u0171v\\u00e9sztelep\"},\"image\":{\"@id\":\"http:\/\/szolnokimuvesztelep.com\/en\/#logo\"}},{\"@type\":\"WebSite\",\"@id\":\"http:\/\/szolnokimuvesztelep.com\/en\/#website\",\"url\":\"http:\/\/szolnokimuvesztelep.com\/en\/\",\"name\":\"SZOLNOKI M\\u0170V\\u00c9SZTELEP\",\"description\":\"Meg\\u00fajul\\u00f3 hagyom\\u00e1ny\",\"publisher\":{\"@id\":\"http:\/\/szolnokimuvesztelep.com\/en\/#organization\"},\"potentialAction\":[{\"@type\":\"SearchAction\",\"target\":\"http:\/\/szolnokimuvesztelep.com\/en\/?s={search_term_string}\",\"query-input\":\"required name=search_term_string\"}],\"inLanguage\":\"en-US\"},{\"@type\":\"ImageObject\",\"@id\":\"http:\/\/szolnokimuvesztelep.com\/2021\/01\/20\/a-magyar-kultura-napja-alkalmabol-a-szolnoki-muvesztelep-kortars-alkotoinak-kiallitasa\/#primaryimage\",\"inLanguage\":\"en-US\",\"url\":\"https:\/\/i2.wp.com\/szolnokimuvesztelep.com\/wp-content\/uploads\/2021\/01\/szmt_slider-scaled.jpg?fit=2560%2C905\",\"width\":2560,\"height\":905},{\"@type\":\"WebPage\",\"@id\":\"http:\/\/szolnokimuvesztelep.com\/2021\/01\/20\/a-magyar-kultura-napja-alkalmabol-a-szolnoki-muvesztelep-kortars-alkotoinak-kiallitasa\/#webpage\",\"url\":\"http:\/\/szolnokimuvesztelep.com\/2021\/01\/20\/a-magyar-kultura-napja-alkalmabol-a-szolnoki-muvesztelep-kortars-alkotoinak-kiallitasa\/\",\"name\":\"Virtu\\u00e1lis ki\\u00e1ll\\u00edt\\u00e1s a Szolnoki M\\u0171v\\u00e9sztelep alkot\\u00f3inak munk\\u00e1ib\\u00f3l a Magyar Kult\\u00fara Napja alkalm\\u00e1b\\u00f3l - SZOLNOKI M\\u0170V\\u00c9SZTELEP\",\"isPartOf\":{\"@id\":\"http:\/\/szolnokimuvesztelep.com\/en\/#website\"},\"primaryImageOfPage\":{\"@id\":\"http:\/\/szolnokimuvesztelep.com\/2021\/01\/20\/a-magyar-kultura-napja-alkalmabol-a-szolnoki-muvesztelep-kortars-alkotoinak-kiallitasa\/#primaryimage\"},\"datePublished\":\"2021-01-20T11:27:06+00:00\",\"dateModified\":\"2022-11-25T09:46:30+00:00\",\"inLanguage\":\"en-US\",\"potentialAction\":[{\"@type\":\"ReadAction\",\"target\":[\"http:\/\/szolnokimuvesztelep.com\/2021\/01\/20\/a-magyar-kultura-napja-alkalmabol-a-szolnoki-muvesztelep-kortars-alkotoinak-kiallitasa\/\"]}]},{\"@type\":\"Article\",\"@id\":\"http:\/\/szolnokimuvesztelep.com\/2021\/01\/20\/a-magyar-kultura-napja-alkalmabol-a-szolnoki-muvesztelep-kortars-alkotoinak-kiallitasa\/#article\",\"isPartOf\":{\"@id\":\"http:\/\/szolnokimuvesztelep.com\/2021\/01\/20\/a-magyar-kultura-napja-alkalmabol-a-szolnoki-muvesztelep-kortars-alkotoinak-kiallitasa\/#webpage\"},\"author\":{\"@id\":\"http:\/\/szolnokimuvesztelep.com\/en\/#\/schema\/person\/455817b7faaefdc309af6d6d95453700\"},\"headline\":\"Virtu\\u00e1lis ki\\u00e1ll\\u00edt\\u00e1s a Szolnoki M\\u0171v\\u00e9sztelep alkot\\u00f3inak munk\\u00e1ib\\u00f3l a Magyar Kult\\u00fara Napja alkalm\\u00e1b\\u00f3l\",\"datePublished\":\"2021-01-20T11:27:06+00:00\",\"dateModified\":\"2022-11-25T09:46:30+00:00\",\"commentCount\":0,\"mainEntityOfPage\":{\"@id\":\"http:\/\/szolnokimuvesztelep.com\/2021\/01\/20\/a-magyar-kultura-napja-alkalmabol-a-szolnoki-muvesztelep-kortars-alkotoinak-kiallitasa\/#webpage\"},\"publisher\":{\"@id\":\"http:\/\/szolnokimuvesztelep.com\/en\/#organization\"},\"image\":{\"@id\":\"http:\/\/szolnokimuvesztelep.com\/2021\/01\/20\/a-magyar-kultura-napja-alkalmabol-a-szolnoki-muvesztelep-kortars-alkotoinak-kiallitasa\/#primaryimage\"},\"articleSection\":\"Arch\\u00edv,Egy\\u00e9b,Virtu\\u00e1lis gal\\u00e9ria\",\"inLanguage\":\"en-US\",\"potentialAction\":[{\"@type\":\"CommentAction\",\"name\":\"Comment\",\"target\":[\"http:\/\/szolnokimuvesztelep.com\/2021\/01\/20\/a-magyar-kultura-napja-alkalmabol-a-szolnoki-muvesztelep-kortars-alkotoinak-kiallitasa\/#respond\"]}]},{\"@type\":[\"Person\"],\"@id\":\"http:\/\/szolnokimuvesztelep.com\/en\/#\/schema\/person\/455817b7faaefdc309af6d6d95453700\",\"name\":\"Cselle Judit\",\"image\":{\"@type\":\"ImageObject\",\"@id\":\"http:\/\/szolnokimuvesztelep.com\/en\/#personlogo\",\"inLanguage\":\"en-US\",\"url\":\"http:\/\/0.gravatar.com\/avatar\/3eb98182a1cc7aad03ba91a0145855ba?s=96&d=mm&r=g\",\"caption\":\"Cselle Judit\"}}]}<\/script>\n<!-- \/ Yoast SEO Premium plugin. -->","jetpack_sharing_enabled":true,"jetpack_shortlink":"https:\/\/wp.me\/p9tpmR-1ES","jetpack_likes_enabled":true,"jetpack-related-posts":[],"_links":{"self":[{"href":"http:\/\/szolnokimuvesztelep.com\/en\/wp-json\/wp\/v2\/posts\/6378"}],"collection":[{"href":"http:\/\/szolnokimuvesztelep.com\/en\/wp-json\/wp\/v2\/posts"}],"about":[{"href":"http:\/\/szolnokimuvesztelep.com\/en\/wp-json\/wp\/v2\/types\/post"}],"author":[{"embeddable":true,"href":"http:\/\/szolnokimuvesztelep.com\/en\/wp-json\/wp\/v2\/users\/6"}],"replies":[{"embeddable":true,"href":"http:\/\/szolnokimuvesztelep.com\/en\/wp-json\/wp\/v2\/comments?post=6378"}],"version-history":[{"count":16,"href":"http:\/\/szolnokimuvesztelep.com\/en\/wp-json\/wp\/v2\/posts\/6378\/revisions"}],"predecessor-version":[{"id":6495,"href":"http:\/\/szolnokimuvesztelep.com\/en\/wp-json\/wp\/v2\/posts\/6378\/revisions\/6495"}],"wp:featuredmedia":[{"embeddable":true,"href":"http:\/\/szolnokimuvesztelep.com\/en\/wp-json\/wp\/v2\/media\/6417"}],"wp:attachment":[{"href":"http:\/\/szolnokimuvesztelep.com\/en\/wp-json\/wp\/v2\/media?parent=6378"}],"wp:term":[{"taxonomy":"category","embeddable":true,"href":"http:\/\/szolnokimuvesztelep.com\/en\/wp-json\/wp\/v2\/categories?post=6378"},{"taxonomy":"post_tag","embeddable":true,"href":"http:\/\/szolnokimuvesztelep.com\/en\/wp-json\/wp\/v2\/tags?post=6378"},{"taxonomy":"yst_prominent_words","embeddable":true,"href":"http:\/\/szolnokimuvesztelep.com\/en\/wp-json\/wp\/v2\/yst_prominent_words?post=6378"}],"curies":[{"name":"wp","href":"https:\/\/api.w.org\/{rel}","templated":true}]}}