{"id":6290,"date":"2020-11-17T08:52:54","date_gmt":"2020-11-17T08:52:54","guid":{"rendered":"http:\/\/szolnokimuvesztelep.com\/?p=6290"},"modified":"2022-11-25T09:48:06","modified_gmt":"2022-11-25T09:48:06","slug":"barath-fabian-szobraszmuvesz-uton-cimu-kiallitasa","status":"publish","type":"post","link":"http:\/\/szolnokimuvesztelep.com\/en\/2020\/11\/17\/barath-fabian-szobraszmuvesz-uton-cimu-kiallitasa\/","title":{"rendered":"Bar\u00e1th F\u00e1bi\u00e1n szobr\u00e1szm\u0171v\u00e9sz \u00daton c\u00edm\u0171 ki\u00e1ll\u00edt\u00e1sa"},"content":{"rendered":"<p class=\"p1\"><span style=\"font-size: 14px;\">Megh\u00edv\u00f3<\/span><\/p>\n<p class=\"p1\"><span style=\"font-size: 14px;\">A <strong>Magyar Szobr\u00e1sz T\u00e1rsas\u00e1g<\/strong>, az <strong>Erlin Gal\u00e9ria<\/strong>, \u00e9s az <strong>ART9 Egyes\u00fclet<\/strong> szeretettel megh\u00edvja \u00d6nt \u00e9s Bar\u00e1tait<\/span><\/p>\n<p class=\"p1\"><strong><span style=\"font-size: 14px;\">BAR\u00c1TH F\u00c1BI\u00c1N<\/span><\/strong><br \/>\n<span style=\"font-size: 14px;\">szobr\u00e1szm\u0171v\u00e9sz<\/span><\/p>\n<p class=\"p1\"><strong><span style=\"font-size: 14px;\">\u00daton<\/span><\/strong><br \/>\n<span style=\"font-size: 14px;\">c\u00edm\u0171 ki\u00e1ll\u00edt\u00e1s\u00e1ra<\/span><\/p>\n<p class=\"p1\"><span style=\"font-size: 14px;\">Megnyit\u00f3: <strong>2020. november 17. kedd 18.30 \u00f3ra<\/strong><\/span><br \/>\n<span style=\"font-size: 14px;\">Megnyitja: <strong>Garami Gr\u00e9ta<\/strong> m\u0171v\u00e9szett\u00f6rt\u00e9n\u00e9sz<\/span><\/p>\n<p class=\"p1\"><span style=\"font-size: 14px;\">Megtekinthet\u0151: 2020. november 27-ig (K-P: 14-18 h)<\/span><br \/>\n<strong><span style=\"font-size: 14px;\">ART9 Gal\u00e9ria 1092 Budapest, R\u00e1day u. 47.<\/span><\/strong><\/p>\n<p class=\"p1\"><span class=\"s1\" style=\"font-size: 14px;\">Tov\u00e1bbi inform\u00e1ci\u00f3:<br \/>\nTel.: +36205812879 E-mail: <a href=\"mailto:art9egyes%C3%BClet@gmail.com\">art9egyes\u00fclet@gmail.com<\/a> web: <a href=\"http:\/\/www.art9.hu\">www.art9.hu<\/a><\/span><\/p>\n<p class=\"p1\"><span style=\"font-size: 14px;\">Fot\u00f3: Borsos Mih\u00e1ly<\/span><\/p>\n<p class=\"p1\"><img data-attachment-id=\"6291\" data-permalink=\"http:\/\/szolnokimuvesztelep.com\/en\/2020\/11\/17\/barath-fabian-szobraszmuvesz-uton-cimu-kiallitasa\/barath_fabian_szobraszmuvesz_kiallitasa_meghivo\/\" data-orig-file=\"https:\/\/i2.wp.com\/szolnokimuvesztelep.com\/wp-content\/uploads\/2020\/11\/Barath_Fabian_szobraszmuvesz_kiallitasa_meghivo.jpg?fit=2264%2C784\" data-orig-size=\"2264,784\" data-comments-opened=\"1\" data-image-meta=\"{&quot;aperture&quot;:&quot;0&quot;,&quot;credit&quot;:&quot;PC&quot;,&quot;camera&quot;:&quot;&quot;,&quot;caption&quot;:&quot;&quot;,&quot;created_timestamp&quot;:&quot;0&quot;,&quot;copyright&quot;:&quot;&quot;,&quot;focal_length&quot;:&quot;0&quot;,&quot;iso&quot;:&quot;0&quot;,&quot;shutter_speed&quot;:&quot;0&quot;,&quot;title&quot;:&quot;&quot;,&quot;orientation&quot;:&quot;1&quot;}\" data-image-title=\"Barath_Fabian_szobraszmuvesz_kiallitasa_meghivo\" data-image-description=\"\" data-medium-file=\"https:\/\/i2.wp.com\/szolnokimuvesztelep.com\/wp-content\/uploads\/2020\/11\/Barath_Fabian_szobraszmuvesz_kiallitasa_meghivo.jpg?fit=300%2C104\" data-large-file=\"https:\/\/i2.wp.com\/szolnokimuvesztelep.com\/wp-content\/uploads\/2020\/11\/Barath_Fabian_szobraszmuvesz_kiallitasa_meghivo.jpg?fit=790%2C274\" loading=\"lazy\" class=\"alignnone wp-image-6291\" src=\"https:\/\/i2.wp.com\/szolnokimuvesztelep.com\/wp-content\/uploads\/2020\/11\/Barath_Fabian_szobraszmuvesz_kiallitasa_meghivo.jpg?resize=499%2C173\" alt=\"\" width=\"499\" height=\"173\" srcset=\"https:\/\/i2.wp.com\/szolnokimuvesztelep.com\/wp-content\/uploads\/2020\/11\/Barath_Fabian_szobraszmuvesz_kiallitasa_meghivo.jpg?resize=300%2C104 300w, https:\/\/i2.wp.com\/szolnokimuvesztelep.com\/wp-content\/uploads\/2020\/11\/Barath_Fabian_szobraszmuvesz_kiallitasa_meghivo.jpg?resize=1024%2C355 1024w, https:\/\/i2.wp.com\/szolnokimuvesztelep.com\/wp-content\/uploads\/2020\/11\/Barath_Fabian_szobraszmuvesz_kiallitasa_meghivo.jpg?resize=768%2C266 768w, https:\/\/i2.wp.com\/szolnokimuvesztelep.com\/wp-content\/uploads\/2020\/11\/Barath_Fabian_szobraszmuvesz_kiallitasa_meghivo.jpg?resize=1536%2C532 1536w, https:\/\/i2.wp.com\/szolnokimuvesztelep.com\/wp-content\/uploads\/2020\/11\/Barath_Fabian_szobraszmuvesz_kiallitasa_meghivo.jpg?resize=2048%2C709 2048w, https:\/\/i2.wp.com\/szolnokimuvesztelep.com\/wp-content\/uploads\/2020\/11\/Barath_Fabian_szobraszmuvesz_kiallitasa_meghivo.jpg?w=1720 1720w\" sizes=\"(max-width: 499px) 100vw, 499px\" data-recalc-dims=\"1\" \/><\/p>\n<p>&nbsp;<\/p>","protected":false},"excerpt":{"rendered":"<p>Megh\u00edv\u00f3 A Magyar Szobr\u00e1sz T\u00e1rsas\u00e1g, az Erlin Gal\u00e9ria, \u00e9s az ART9 Egyes\u00fclet szeretettel megh\u00edvja \u00d6nt \u00e9s Bar\u00e1tait BAR\u00c1TH F\u00c1BI\u00c1N szobr\u00e1szm\u0171v\u00e9sz \u00daton c\u00edm\u0171 ki\u00e1ll\u00edt\u00e1s\u00e1ra Megnyit\u00f3: 2020. november 17. kedd 18.30 \u00f3ra Megnyitja: Garami Gr\u00e9ta m\u0171v\u00e9szett\u00f6rt\u00e9n\u00e9sz Megtekinthet\u0151: 2020. november 27-ig (K-P: 14-18 h) ART9 Gal\u00e9ria 1092 Budapest, R\u00e1day u. 47. Tov\u00e1bbi inform\u00e1ci\u00f3:&hellip; <\/p>","protected":false},"author":6,"featured_media":6292,"comment_status":"open","ping_status":"open","sticky":false,"template":"","format":"standard","meta":{"spay_email":"","jetpack_publicize_message":""},"categories":[55,1,58],"tags":[],"yst_prominent_words":[],"jetpack_featured_media_url":"https:\/\/i1.wp.com\/szolnokimuvesztelep.com\/wp-content\/uploads\/2020\/11\/kockak_2020_november_szmt2.jpg?fit=625%2C625","jetpack_publicize_connections":[],"yoast_head":"<!-- This site is optimized with the Yoast SEO Premium plugin v14.1 - https:\/\/yoast.com\/wordpress\/plugins\/seo\/ -->\n<title>Bar\u00e1th F\u00e1bi\u00e1n szobr\u00e1szm\u0171v\u00e9sz \u00daton c\u00edm\u0171 ki\u00e1ll\u00edt\u00e1sa - SZOLNOKI M\u0170V\u00c9SZTELEP<\/title>\n<meta name=\"robots\" content=\"index, follow\" \/>\n<meta name=\"googlebot\" content=\"index, follow, max-snippet:-1, max-image-preview:large, max-video-preview:-1\" \/>\n<meta name=\"bingbot\" content=\"index, follow, max-snippet:-1, max-image-preview:large, max-video-preview:-1\" \/>\n<link rel=\"canonical\" href=\"http:\/\/szolnokimuvesztelep.com\/en\/2020\/11\/17\/barath-fabian-szobraszmuvesz-uton-cimu-kiallitasa\/\" \/>\n<meta property=\"og:locale\" content=\"en_US\" \/>\n<meta property=\"og:type\" content=\"article\" \/>\n<meta property=\"og:title\" content=\"Bar\u00e1th F\u00e1bi\u00e1n szobr\u00e1szm\u0171v\u00e9sz \u00daton c\u00edm\u0171 ki\u00e1ll\u00edt\u00e1sa - SZOLNOKI M\u0170V\u00c9SZTELEP\" \/>\n<meta property=\"og:description\" content=\"Megh\u00edv\u00f3 A Magyar Szobr\u00e1sz T\u00e1rsas\u00e1g, az Erlin Gal\u00e9ria, \u00e9s az ART9 Egyes\u00fclet szeretettel megh\u00edvja \u00d6nt \u00e9s Bar\u00e1tait BAR\u00c1TH F\u00c1BI\u00c1N szobr\u00e1szm\u0171v\u00e9sz \u00daton c\u00edm\u0171 ki\u00e1ll\u00edt\u00e1s\u00e1ra Megnyit\u00f3: 2020. november 17. kedd 18.30 \u00f3ra Megnyitja: Garami Gr\u00e9ta m\u0171v\u00e9szett\u00f6rt\u00e9n\u00e9sz Megtekinthet\u0151: 2020. november 27-ig (K-P: 14-18 h) ART9 Gal\u00e9ria 1092 Budapest, R\u00e1day u. 47. Tov\u00e1bbi inform\u00e1ci\u00f3:&hellip;\" \/>\n<meta property=\"og:url\" content=\"http:\/\/szolnokimuvesztelep.com\/en\/2020\/11\/17\/barath-fabian-szobraszmuvesz-uton-cimu-kiallitasa\/\" \/>\n<meta property=\"og:site_name\" content=\"SZOLNOKI M\u0170V\u00c9SZTELEP\" \/>\n<meta property=\"article:publisher\" content=\"https:\/\/www.facebook.com\/szolnokimuvesztelepofficial\/\" \/>\n<meta property=\"article:published_time\" content=\"2020-11-17T08:52:54+00:00\" \/>\n<meta property=\"article:modified_time\" content=\"2022-11-25T09:48:06+00:00\" \/>\n<meta property=\"og:image\" content=\"https:\/\/i1.wp.com\/szolnokimuvesztelep.com\/wp-content\/uploads\/2020\/11\/kockak_2020_november_szmt2.jpg?fit=625%2C625\" \/>\n\t<meta property=\"og:image:width\" content=\"625\" \/>\n\t<meta property=\"og:image:height\" content=\"625\" \/>\n<script type=\"application\/ld+json\" class=\"yoast-schema-graph\">{\"@context\":\"https:\/\/schema.org\",\"@graph\":[{\"@type\":\"Organization\",\"@id\":\"http:\/\/szolnokimuvesztelep.com\/en\/#organization\",\"name\":\"Szolnoki M\\u0171v\\u00e9sztelep\",\"url\":\"http:\/\/szolnokimuvesztelep.com\/en\/\",\"sameAs\":[\"https:\/\/www.facebook.com\/szolnokimuvesztelepofficial\/\",\"https:\/\/www.instagram.com\/szolnoki_muvesztelep\/\",\"https:\/\/www.youtube.com\/channel\/UCAYRF4A8FrslG3J__XEjEoA\",\"https:\/\/hu.wikipedia.org\/wiki\/Szolnoki_m\\u0171v\\u00e9sztelep\"],\"logo\":{\"@type\":\"ImageObject\",\"@id\":\"http:\/\/szolnokimuvesztelep.com\/en\/#logo\",\"inLanguage\":\"en-US\",\"url\":\"https:\/\/i0.wp.com\/szolnokimuvesztelep.com\/wp-content\/uploads\/2020\/05\/szmt_2019_szlogen_psz-01.png?fit=2242%2C863\",\"width\":2242,\"height\":863,\"caption\":\"Szolnoki M\\u0171v\\u00e9sztelep\"},\"image\":{\"@id\":\"http:\/\/szolnokimuvesztelep.com\/en\/#logo\"}},{\"@type\":\"WebSite\",\"@id\":\"http:\/\/szolnokimuvesztelep.com\/en\/#website\",\"url\":\"http:\/\/szolnokimuvesztelep.com\/en\/\",\"name\":\"SZOLNOKI M\\u0170V\\u00c9SZTELEP\",\"description\":\"Meg\\u00fajul\\u00f3 hagyom\\u00e1ny\",\"publisher\":{\"@id\":\"http:\/\/szolnokimuvesztelep.com\/en\/#organization\"},\"potentialAction\":[{\"@type\":\"SearchAction\",\"target\":\"http:\/\/szolnokimuvesztelep.com\/en\/?s={search_term_string}\",\"query-input\":\"required name=search_term_string\"}],\"inLanguage\":\"en-US\"},{\"@type\":\"ImageObject\",\"@id\":\"http:\/\/szolnokimuvesztelep.com\/2020\/11\/17\/barath-fabian-szobraszmuvesz-uton-cimu-kiallitasa\/#primaryimage\",\"inLanguage\":\"en-US\",\"url\":\"https:\/\/i1.wp.com\/szolnokimuvesztelep.com\/wp-content\/uploads\/2020\/11\/kockak_2020_november_szmt2.jpg?fit=625%2C625\",\"width\":625,\"height\":625},{\"@type\":\"WebPage\",\"@id\":\"http:\/\/szolnokimuvesztelep.com\/2020\/11\/17\/barath-fabian-szobraszmuvesz-uton-cimu-kiallitasa\/#webpage\",\"url\":\"http:\/\/szolnokimuvesztelep.com\/2020\/11\/17\/barath-fabian-szobraszmuvesz-uton-cimu-kiallitasa\/\",\"name\":\"Bar\\u00e1th F\\u00e1bi\\u00e1n szobr\\u00e1szm\\u0171v\\u00e9sz \\u00daton c\\u00edm\\u0171 ki\\u00e1ll\\u00edt\\u00e1sa - SZOLNOKI M\\u0170V\\u00c9SZTELEP\",\"isPartOf\":{\"@id\":\"http:\/\/szolnokimuvesztelep.com\/en\/#website\"},\"primaryImageOfPage\":{\"@id\":\"http:\/\/szolnokimuvesztelep.com\/2020\/11\/17\/barath-fabian-szobraszmuvesz-uton-cimu-kiallitasa\/#primaryimage\"},\"datePublished\":\"2020-11-17T08:52:54+00:00\",\"dateModified\":\"2022-11-25T09:48:06+00:00\",\"inLanguage\":\"en-US\",\"potentialAction\":[{\"@type\":\"ReadAction\",\"target\":[\"http:\/\/szolnokimuvesztelep.com\/2020\/11\/17\/barath-fabian-szobraszmuvesz-uton-cimu-kiallitasa\/\"]}]},{\"@type\":\"Article\",\"@id\":\"http:\/\/szolnokimuvesztelep.com\/2020\/11\/17\/barath-fabian-szobraszmuvesz-uton-cimu-kiallitasa\/#article\",\"isPartOf\":{\"@id\":\"http:\/\/szolnokimuvesztelep.com\/2020\/11\/17\/barath-fabian-szobraszmuvesz-uton-cimu-kiallitasa\/#webpage\"},\"author\":{\"@id\":\"http:\/\/szolnokimuvesztelep.com\/en\/#\/schema\/person\/455817b7faaefdc309af6d6d95453700\"},\"headline\":\"Bar\\u00e1th F\\u00e1bi\\u00e1n szobr\\u00e1szm\\u0171v\\u00e9sz \\u00daton c\\u00edm\\u0171 ki\\u00e1ll\\u00edt\\u00e1sa\",\"datePublished\":\"2020-11-17T08:52:54+00:00\",\"dateModified\":\"2022-11-25T09:48:06+00:00\",\"commentCount\":0,\"mainEntityOfPage\":{\"@id\":\"http:\/\/szolnokimuvesztelep.com\/2020\/11\/17\/barath-fabian-szobraszmuvesz-uton-cimu-kiallitasa\/#webpage\"},\"publisher\":{\"@id\":\"http:\/\/szolnokimuvesztelep.com\/en\/#organization\"},\"image\":{\"@id\":\"http:\/\/szolnokimuvesztelep.com\/2020\/11\/17\/barath-fabian-szobraszmuvesz-uton-cimu-kiallitasa\/#primaryimage\"},\"articleSection\":\"Arch\\u00edv,Egy\\u00e9b,H\\u00edrek\",\"inLanguage\":\"en-US\",\"potentialAction\":[{\"@type\":\"CommentAction\",\"name\":\"Comment\",\"target\":[\"http:\/\/szolnokimuvesztelep.com\/2020\/11\/17\/barath-fabian-szobraszmuvesz-uton-cimu-kiallitasa\/#respond\"]}]},{\"@type\":[\"Person\"],\"@id\":\"http:\/\/szolnokimuvesztelep.com\/en\/#\/schema\/person\/455817b7faaefdc309af6d6d95453700\",\"name\":\"Cselle Judit\",\"image\":{\"@type\":\"ImageObject\",\"@id\":\"http:\/\/szolnokimuvesztelep.com\/en\/#personlogo\",\"inLanguage\":\"en-US\",\"url\":\"http:\/\/0.gravatar.com\/avatar\/3eb98182a1cc7aad03ba91a0145855ba?s=96&d=mm&r=g\",\"caption\":\"Cselle Judit\"}}]}<\/script>\n<!-- \/ Yoast SEO Premium plugin. -->","jetpack_sharing_enabled":true,"jetpack_shortlink":"https:\/\/wp.me\/p9tpmR-1Ds","jetpack_likes_enabled":true,"jetpack-related-posts":[],"_links":{"self":[{"href":"http:\/\/szolnokimuvesztelep.com\/en\/wp-json\/wp\/v2\/posts\/6290"}],"collection":[{"href":"http:\/\/szolnokimuvesztelep.com\/en\/wp-json\/wp\/v2\/posts"}],"about":[{"href":"http:\/\/szolnokimuvesztelep.com\/en\/wp-json\/wp\/v2\/types\/post"}],"author":[{"embeddable":true,"href":"http:\/\/szolnokimuvesztelep.com\/en\/wp-json\/wp\/v2\/users\/6"}],"replies":[{"embeddable":true,"href":"http:\/\/szolnokimuvesztelep.com\/en\/wp-json\/wp\/v2\/comments?post=6290"}],"version-history":[{"count":3,"href":"http:\/\/szolnokimuvesztelep.com\/en\/wp-json\/wp\/v2\/posts\/6290\/revisions"}],"predecessor-version":[{"id":6306,"href":"http:\/\/szolnokimuvesztelep.com\/en\/wp-json\/wp\/v2\/posts\/6290\/revisions\/6306"}],"wp:featuredmedia":[{"embeddable":true,"href":"http:\/\/szolnokimuvesztelep.com\/en\/wp-json\/wp\/v2\/media\/6292"}],"wp:attachment":[{"href":"http:\/\/szolnokimuvesztelep.com\/en\/wp-json\/wp\/v2\/media?parent=6290"}],"wp:term":[{"taxonomy":"category","embeddable":true,"href":"http:\/\/szolnokimuvesztelep.com\/en\/wp-json\/wp\/v2\/categories?post=6290"},{"taxonomy":"post_tag","embeddable":true,"href":"http:\/\/szolnokimuvesztelep.com\/en\/wp-json\/wp\/v2\/tags?post=6290"},{"taxonomy":"yst_prominent_words","embeddable":true,"href":"http:\/\/szolnokimuvesztelep.com\/en\/wp-json\/wp\/v2\/yst_prominent_words?post=6290"}],"curies":[{"name":"wp","href":"https:\/\/api.w.org\/{rel}","templated":true}]}}