{"id":6104,"date":"2020-06-17T08:28:38","date_gmt":"2020-06-17T08:28:38","guid":{"rendered":"http:\/\/szolnokimuvesztelep.com\/?p=6104"},"modified":"2022-11-25T10:14:22","modified_gmt":"2022-11-25T10:14:22","slug":"szobrok-a-kertben-a-mank-szabadteri-kiallitasa","status":"publish","type":"post","link":"http:\/\/szolnokimuvesztelep.com\/en\/2020\/06\/17\/szobrok-a-kertben-a-mank-szabadteri-kiallitasa\/","title":{"rendered":"Szobrok a kertben &#8211; A MANK Szabadt\u00e9ri Ki\u00e1ll\u00edt\u00e1sa"},"content":{"rendered":"<p><span data-offset-key=\"5tlo5-0-0\">A mai napon 18:00-kor ny\u00edlik a MANK SZOBROK A KERTBEN c\u00edm\u0171 szabadt\u00e9ri ki\u00e1ll\u00edt\u00e1saa Szentendrei R\u00e9gi M\u0171v\u00e9sztelep kertj\u00e9ben.<\/span><\/p>\n<p><span data-offset-key=\"5tlo5-0-0\"> A ki\u00e1ll\u00edt\u00e1son a Szolnoki M\u0171v\u00e9sztelep k\u00e9t szobr\u00e1szm\u0171v\u00e9sze, <\/span><span class=\"_247o\" spellcheck=\"false\" data-offset-key=\"5tlo5-1-0\"><span data-offset-key=\"5tlo5-1-0\">Bar\u00e1th F\u00e1bi\u00e1n<\/span><\/span><span data-offset-key=\"5tlo5-2-0\"> \u00e9s <\/span><span class=\"_247o\" spellcheck=\"false\" data-offset-key=\"5tlo5-3-0\"><span data-offset-key=\"5tlo5-3-0\">Szab\u00f3<\/span><\/span><span data-offset-key=\"5tlo5-4-0\"> Gy\u00f6rgy is k\u00e9pviseli m\u0171v\u00e9sztelep\u00fcnket m\u0171veikkel.<\/span><\/p>\n<p>HELYSZ\u00cdN:<br \/>\nSzentendrei R\u00e9gi M\u0171v\u00e9sztelep<\/p>\n<p>ID\u0150PONT<br \/>\n2020. j\u00fanius 17., szerda 18:00<\/p>\n<p>&#8220;A tavaly hagyom\u00e1nyteremt\u0151 sz\u00e1nd\u00e9kkal megrendezett Szobrok a kertben c\u00edm\u0171 t\u00e1rlat folytat\u00e1sak\u00e9nt id\u00e9n ny\u00e1ron ism\u00e9t kort\u00e1rs szoborm\u0171vek n\u00e9pes\u00edtik be a Szentendrei R\u00e9gi M\u0171v\u00e9sztelep ligetes<br \/>\nparkj\u00e1t. Tizenegy kiv\u00e1l\u00f3 szobr\u00e1szm\u0171v\u00e9sz alkot\u00e1sa tekinthet\u0151 meg, amelyek mind m\u00e1s, egyedi n\u00e9z\u0151pontb\u00f3l mutatj\u00e1k be a szobrokban rejl\u0151 v\u00e9gtelen gazdags\u00e1got. A ki\u00e1ll\u00edtott m\u0171vek magas sz\u00ednvonal\u00fa \u00f6ssze\u00e1ll\u00edt\u00e1s\u00e1val olyan ideiglenes szoborpark j\u00f6n l\u00e9tre, ahol a szobrok k\u00fcl\u00f6nleges vil\u00e1ga a term\u00e9szet nyugalm\u00e1ban sz\u00f3l\u00edtja meg \u00e9s ragadja mag\u00e1val a l\u00e1togat\u00f3kat.&#8221;<\/p>\n<p>KI\u00c1LL\u00cdT\u00d3 M\u0170V\u00c9SZEK:<br \/>\nBar\u00e1th F\u00e1bi\u00e1n<br \/>\nBakos Ildik\u00f3<br \/>\nColin Foster<br \/>\nFarkas Zs\u00f3fia<br \/>\nKov\u00e1ch Gergely<br \/>\nMajoros \u00c1ron<br \/>\nMartin Henrik<br \/>\nMelkovics Tam\u00e1s<br \/>\nPlank Antal<br \/>\nSzab\u00f3 \u00c1d\u00e1m<br \/>\nSzab\u00f3 Gy\u00f6rgy<\/p>\n<p style=\"text-align: center;\"><a href=\"http:\/\/szolnokimuvesztelep.com\/wp-content\/uploads\/2020\/06\/manj_meghivo_szobrok.pdf\"><img data-attachment-id=\"6107\" data-permalink=\"http:\/\/szolnokimuvesztelep.com\/en\/2020\/06\/17\/szobrok-a-kertben-a-mank-szabadteri-kiallitasa\/mank_kert2\/\" data-orig-file=\"https:\/\/i2.wp.com\/szolnokimuvesztelep.com\/wp-content\/uploads\/2020\/06\/MANK_kert2.png?fit=698%2C465\" data-orig-size=\"698,465\" data-comments-opened=\"1\" data-image-meta=\"{&quot;aperture&quot;:&quot;0&quot;,&quot;credit&quot;:&quot;&quot;,&quot;camera&quot;:&quot;&quot;,&quot;caption&quot;:&quot;&quot;,&quot;created_timestamp&quot;:&quot;0&quot;,&quot;copyright&quot;:&quot;&quot;,&quot;focal_length&quot;:&quot;0&quot;,&quot;iso&quot;:&quot;0&quot;,&quot;shutter_speed&quot;:&quot;0&quot;,&quot;title&quot;:&quot;&quot;,&quot;orientation&quot;:&quot;0&quot;}\" data-image-title=\"MANK_kert2\" data-image-description=\"\" data-medium-file=\"https:\/\/i2.wp.com\/szolnokimuvesztelep.com\/wp-content\/uploads\/2020\/06\/MANK_kert2.png?fit=300%2C200\" data-large-file=\"https:\/\/i2.wp.com\/szolnokimuvesztelep.com\/wp-content\/uploads\/2020\/06\/MANK_kert2.png?fit=698%2C465\" loading=\"lazy\" class=\"aligncenter wp-image-6107 size-full\" src=\"https:\/\/i2.wp.com\/szolnokimuvesztelep.com\/wp-content\/uploads\/2020\/06\/MANK_kert2.png?resize=698%2C465\" alt=\"\" width=\"698\" height=\"465\" srcset=\"https:\/\/i2.wp.com\/szolnokimuvesztelep.com\/wp-content\/uploads\/2020\/06\/MANK_kert2.png?w=698 698w, https:\/\/i2.wp.com\/szolnokimuvesztelep.com\/wp-content\/uploads\/2020\/06\/MANK_kert2.png?resize=300%2C200 300w\" sizes=\"(max-width: 698px) 100vw, 698px\" data-recalc-dims=\"1\" \/><\/a><span style=\"font-size: 12px;\">A ki\u00e1ll\u00edt\u00e1s megh\u00edv\u00f3ja a k\u00e9pre kattintva \u00e9rhet\u0151 el.<\/span><\/p>","protected":false},"excerpt":{"rendered":"<p>A mai napon 18:00-kor ny\u00edlik a MANK SZOBROK A KERTBEN c\u00edm\u0171 szabadt\u00e9ri ki\u00e1ll\u00edt\u00e1saa Szentendrei R\u00e9gi M\u0171v\u00e9sztelep kertj\u00e9ben. A ki\u00e1ll\u00edt\u00e1son a Szolnoki M\u0171v\u00e9sztelep k\u00e9t szobr\u00e1szm\u0171v\u00e9sze, Bar\u00e1th F\u00e1bi\u00e1n \u00e9s Szab\u00f3 Gy\u00f6rgy is k\u00e9pviseli m\u0171v\u00e9sztelep\u00fcnket m\u0171veikkel. HELYSZ\u00cdN: Szentendrei R\u00e9gi M\u0171v\u00e9sztelep ID\u0150PONT 2020. j\u00fanius 17., szerda 18:00 &#8220;A tavaly hagyom\u00e1nyteremt\u0151 sz\u00e1nd\u00e9kkal megrendezett Szobrok a&hellip; <\/p>","protected":false},"author":9,"featured_media":5799,"comment_status":"open","ping_status":"open","sticky":false,"template":"","format":"standard","meta":{"spay_email":"","jetpack_publicize_message":""},"categories":[55,1,58],"tags":[],"yst_prominent_words":[],"jetpack_featured_media_url":"https:\/\/i0.wp.com\/szolnokimuvesztelep.com\/wp-content\/uploads\/2020\/03\/300px6.png?fit=625%2C625","jetpack_publicize_connections":[],"yoast_head":"<!-- This site is optimized with the Yoast SEO Premium plugin v14.1 - https:\/\/yoast.com\/wordpress\/plugins\/seo\/ -->\n<title>Szobrok a kertben - A MANK Szabadt\u00e9ri Ki\u00e1ll\u00edt\u00e1sa - SZOLNOKI M\u0170V\u00c9SZTELEP<\/title>\n<meta name=\"robots\" content=\"index, follow\" \/>\n<meta name=\"googlebot\" content=\"index, follow, max-snippet:-1, max-image-preview:large, max-video-preview:-1\" \/>\n<meta name=\"bingbot\" content=\"index, follow, max-snippet:-1, max-image-preview:large, max-video-preview:-1\" \/>\n<link rel=\"canonical\" href=\"http:\/\/szolnokimuvesztelep.com\/en\/2020\/06\/17\/szobrok-a-kertben-a-mank-szabadteri-kiallitasa\/\" \/>\n<meta property=\"og:locale\" content=\"en_US\" \/>\n<meta property=\"og:type\" content=\"article\" \/>\n<meta property=\"og:title\" content=\"Szobrok a kertben - A MANK Szabadt\u00e9ri Ki\u00e1ll\u00edt\u00e1sa - SZOLNOKI M\u0170V\u00c9SZTELEP\" \/>\n<meta property=\"og:description\" content=\"A mai napon 18:00-kor ny\u00edlik a MANK SZOBROK A KERTBEN c\u00edm\u0171 szabadt\u00e9ri ki\u00e1ll\u00edt\u00e1saa Szentendrei R\u00e9gi M\u0171v\u00e9sztelep kertj\u00e9ben. A ki\u00e1ll\u00edt\u00e1son a Szolnoki M\u0171v\u00e9sztelep k\u00e9t szobr\u00e1szm\u0171v\u00e9sze, Bar\u00e1th F\u00e1bi\u00e1n \u00e9s Szab\u00f3 Gy\u00f6rgy is k\u00e9pviseli m\u0171v\u00e9sztelep\u00fcnket m\u0171veikkel. HELYSZ\u00cdN: Szentendrei R\u00e9gi M\u0171v\u00e9sztelep ID\u0150PONT 2020. j\u00fanius 17., szerda 18:00 &#8220;A tavaly hagyom\u00e1nyteremt\u0151 sz\u00e1nd\u00e9kkal megrendezett Szobrok a&hellip;\" \/>\n<meta property=\"og:url\" content=\"http:\/\/szolnokimuvesztelep.com\/en\/2020\/06\/17\/szobrok-a-kertben-a-mank-szabadteri-kiallitasa\/\" \/>\n<meta property=\"og:site_name\" content=\"SZOLNOKI M\u0170V\u00c9SZTELEP\" \/>\n<meta property=\"article:publisher\" content=\"https:\/\/www.facebook.com\/szolnokimuvesztelepofficial\/\" \/>\n<meta property=\"article:published_time\" content=\"2020-06-17T08:28:38+00:00\" \/>\n<meta property=\"article:modified_time\" content=\"2022-11-25T10:14:22+00:00\" \/>\n<meta property=\"og:image\" content=\"https:\/\/i0.wp.com\/szolnokimuvesztelep.com\/wp-content\/uploads\/2020\/03\/300px6.png?fit=625%2C625\" \/>\n\t<meta property=\"og:image:width\" content=\"625\" \/>\n\t<meta property=\"og:image:height\" content=\"625\" \/>\n<script type=\"application\/ld+json\" class=\"yoast-schema-graph\">{\"@context\":\"https:\/\/schema.org\",\"@graph\":[{\"@type\":\"Organization\",\"@id\":\"http:\/\/szolnokimuvesztelep.com\/en\/#organization\",\"name\":\"Szolnoki M\\u0171v\\u00e9sztelep\",\"url\":\"http:\/\/szolnokimuvesztelep.com\/en\/\",\"sameAs\":[\"https:\/\/www.facebook.com\/szolnokimuvesztelepofficial\/\",\"https:\/\/www.instagram.com\/szolnoki_muvesztelep\/\",\"https:\/\/www.youtube.com\/channel\/UCAYRF4A8FrslG3J__XEjEoA\",\"https:\/\/hu.wikipedia.org\/wiki\/Szolnoki_m\\u0171v\\u00e9sztelep\"],\"logo\":{\"@type\":\"ImageObject\",\"@id\":\"http:\/\/szolnokimuvesztelep.com\/en\/#logo\",\"inLanguage\":\"en-US\",\"url\":\"https:\/\/i0.wp.com\/szolnokimuvesztelep.com\/wp-content\/uploads\/2020\/05\/szmt_2019_szlogen_psz-01.png?fit=2242%2C863\",\"width\":2242,\"height\":863,\"caption\":\"Szolnoki M\\u0171v\\u00e9sztelep\"},\"image\":{\"@id\":\"http:\/\/szolnokimuvesztelep.com\/en\/#logo\"}},{\"@type\":\"WebSite\",\"@id\":\"http:\/\/szolnokimuvesztelep.com\/en\/#website\",\"url\":\"http:\/\/szolnokimuvesztelep.com\/en\/\",\"name\":\"SZOLNOKI M\\u0170V\\u00c9SZTELEP\",\"description\":\"Meg\\u00fajul\\u00f3 hagyom\\u00e1ny\",\"publisher\":{\"@id\":\"http:\/\/szolnokimuvesztelep.com\/en\/#organization\"},\"potentialAction\":[{\"@type\":\"SearchAction\",\"target\":\"http:\/\/szolnokimuvesztelep.com\/en\/?s={search_term_string}\",\"query-input\":\"required name=search_term_string\"}],\"inLanguage\":\"en-US\"},{\"@type\":\"ImageObject\",\"@id\":\"http:\/\/szolnokimuvesztelep.com\/2020\/06\/17\/szobrok-a-kertben-a-mank-szabadteri-kiallitasa\/#primaryimage\",\"inLanguage\":\"en-US\",\"url\":\"https:\/\/i0.wp.com\/szolnokimuvesztelep.com\/wp-content\/uploads\/2020\/03\/300px6.png?fit=625%2C625\",\"width\":625,\"height\":625},{\"@type\":\"WebPage\",\"@id\":\"http:\/\/szolnokimuvesztelep.com\/2020\/06\/17\/szobrok-a-kertben-a-mank-szabadteri-kiallitasa\/#webpage\",\"url\":\"http:\/\/szolnokimuvesztelep.com\/2020\/06\/17\/szobrok-a-kertben-a-mank-szabadteri-kiallitasa\/\",\"name\":\"Szobrok a kertben - A MANK Szabadt\\u00e9ri Ki\\u00e1ll\\u00edt\\u00e1sa - SZOLNOKI M\\u0170V\\u00c9SZTELEP\",\"isPartOf\":{\"@id\":\"http:\/\/szolnokimuvesztelep.com\/en\/#website\"},\"primaryImageOfPage\":{\"@id\":\"http:\/\/szolnokimuvesztelep.com\/2020\/06\/17\/szobrok-a-kertben-a-mank-szabadteri-kiallitasa\/#primaryimage\"},\"datePublished\":\"2020-06-17T08:28:38+00:00\",\"dateModified\":\"2022-11-25T10:14:22+00:00\",\"inLanguage\":\"en-US\",\"potentialAction\":[{\"@type\":\"ReadAction\",\"target\":[\"http:\/\/szolnokimuvesztelep.com\/2020\/06\/17\/szobrok-a-kertben-a-mank-szabadteri-kiallitasa\/\"]}]},{\"@type\":\"Article\",\"@id\":\"http:\/\/szolnokimuvesztelep.com\/2020\/06\/17\/szobrok-a-kertben-a-mank-szabadteri-kiallitasa\/#article\",\"isPartOf\":{\"@id\":\"http:\/\/szolnokimuvesztelep.com\/2020\/06\/17\/szobrok-a-kertben-a-mank-szabadteri-kiallitasa\/#webpage\"},\"author\":{\"@id\":\"http:\/\/szolnokimuvesztelep.com\/en\/#\/schema\/person\/80ab4703228fbf7c0f076cdfcaeb51bd\"},\"headline\":\"Szobrok a kertben &#8211; A MANK Szabadt\\u00e9ri Ki\\u00e1ll\\u00edt\\u00e1sa\",\"datePublished\":\"2020-06-17T08:28:38+00:00\",\"dateModified\":\"2022-11-25T10:14:22+00:00\",\"commentCount\":0,\"mainEntityOfPage\":{\"@id\":\"http:\/\/szolnokimuvesztelep.com\/2020\/06\/17\/szobrok-a-kertben-a-mank-szabadteri-kiallitasa\/#webpage\"},\"publisher\":{\"@id\":\"http:\/\/szolnokimuvesztelep.com\/en\/#organization\"},\"image\":{\"@id\":\"http:\/\/szolnokimuvesztelep.com\/2020\/06\/17\/szobrok-a-kertben-a-mank-szabadteri-kiallitasa\/#primaryimage\"},\"articleSection\":\"Arch\\u00edv,Egy\\u00e9b,H\\u00edrek\",\"inLanguage\":\"en-US\",\"potentialAction\":[{\"@type\":\"CommentAction\",\"name\":\"Comment\",\"target\":[\"http:\/\/szolnokimuvesztelep.com\/2020\/06\/17\/szobrok-a-kertben-a-mank-szabadteri-kiallitasa\/#respond\"]}]},{\"@type\":[\"Person\"],\"@id\":\"http:\/\/szolnokimuvesztelep.com\/en\/#\/schema\/person\/80ab4703228fbf7c0f076cdfcaeb51bd\",\"name\":\"Fekete Bal\\u00e1zs\",\"image\":{\"@type\":\"ImageObject\",\"@id\":\"http:\/\/szolnokimuvesztelep.com\/en\/#personlogo\",\"inLanguage\":\"en-US\",\"url\":\"http:\/\/0.gravatar.com\/avatar\/9fdf32cef0d5b497e2fa1ff56f61e3e0?s=96&d=mm&r=g\",\"caption\":\"Fekete Bal\\u00e1zs\"}}]}<\/script>\n<!-- \/ Yoast SEO Premium plugin. -->","jetpack_sharing_enabled":true,"jetpack_shortlink":"https:\/\/wp.me\/p9tpmR-1As","jetpack_likes_enabled":true,"jetpack-related-posts":[],"_links":{"self":[{"href":"http:\/\/szolnokimuvesztelep.com\/en\/wp-json\/wp\/v2\/posts\/6104"}],"collection":[{"href":"http:\/\/szolnokimuvesztelep.com\/en\/wp-json\/wp\/v2\/posts"}],"about":[{"href":"http:\/\/szolnokimuvesztelep.com\/en\/wp-json\/wp\/v2\/types\/post"}],"author":[{"embeddable":true,"href":"http:\/\/szolnokimuvesztelep.com\/en\/wp-json\/wp\/v2\/users\/9"}],"replies":[{"embeddable":true,"href":"http:\/\/szolnokimuvesztelep.com\/en\/wp-json\/wp\/v2\/comments?post=6104"}],"version-history":[{"count":2,"href":"http:\/\/szolnokimuvesztelep.com\/en\/wp-json\/wp\/v2\/posts\/6104\/revisions"}],"predecessor-version":[{"id":6109,"href":"http:\/\/szolnokimuvesztelep.com\/en\/wp-json\/wp\/v2\/posts\/6104\/revisions\/6109"}],"wp:featuredmedia":[{"embeddable":true,"href":"http:\/\/szolnokimuvesztelep.com\/en\/wp-json\/wp\/v2\/media\/5799"}],"wp:attachment":[{"href":"http:\/\/szolnokimuvesztelep.com\/en\/wp-json\/wp\/v2\/media?parent=6104"}],"wp:term":[{"taxonomy":"category","embeddable":true,"href":"http:\/\/szolnokimuvesztelep.com\/en\/wp-json\/wp\/v2\/categories?post=6104"},{"taxonomy":"post_tag","embeddable":true,"href":"http:\/\/szolnokimuvesztelep.com\/en\/wp-json\/wp\/v2\/tags?post=6104"},{"taxonomy":"yst_prominent_words","embeddable":true,"href":"http:\/\/szolnokimuvesztelep.com\/en\/wp-json\/wp\/v2\/yst_prominent_words?post=6104"}],"curies":[{"name":"wp","href":"https:\/\/api.w.org\/{rel}","templated":true}]}}