{"id":6030,"date":"2020-05-28T12:57:38","date_gmt":"2020-05-28T12:57:38","guid":{"rendered":"http:\/\/szolnokimuvesztelep.com\/?p=6030"},"modified":"2022-11-25T10:15:18","modified_gmt":"2022-11-25T10:15:18","slug":"palyazatot-hirdet-a-szolnoki-muvesztelep-es-a-mank-nonprofit-kft","status":"publish","type":"post","link":"http:\/\/szolnokimuvesztelep.com\/en\/2020\/05\/28\/palyazatot-hirdet-a-szolnoki-muvesztelep-es-a-mank-nonprofit-kft\/","title":{"rendered":"Legy\u0151z\u00f6tt hat\u00e1rok &#8211; Ki\u00e1ll\u00edt\u00e1s a MANK Nonprofit Kft. \u00e9s a Szolnoki M\u0171v\u00e9sztelep k\u00f6z\u00f6s szervez\u00e9s\u00e9ben \u01c02020. okt\u00f3ber 13-ig az Aba-Nov\u00e1k Ag\u00f3ra Gal\u00e9ri\u00e1ban"},"content":{"rendered":"<p>A ki\u00e1ll\u00edt\u00e1sr\u00f3l k\u00e9sz\u00fclt katal\u00f3gus a k\u00e9pre kattintva megtekinthet\u0151:<\/p>\n<div data-url=\"https:\/\/issuu.com\/szolnokimuvesztelep\/docs\/ktl_szolnok_slideshow\" style=\"width: 790px; height: 395px;\" class=\"issuuembed\"><\/div>\n<p><script type=\"text\/javascript\" src=\"\/\/e.issuu.com\/embed.js\" async=\"true\"><\/script><\/p>\n<p>&nbsp;<\/p>\n<p>Tisztelt M\u0171v\u00e9szek, \u00c9rdekl\u0151k!<br \/>\nA p\u00e1ly\u00e1zatok beny\u00fajt\u00e1s\u00e1nak hat\u00e1rideje lej\u00e1rt. A ki\u00edr\u00e1s sz\u00f6vege lentebb olvashat\u00f3.<\/p>\n<p>Tisztelettel megh\u00edvjuk a MANK Nonprofit Kft., a Szolnoki M\u0171v\u00e9sztelep \u00e9s az Aba-Nov\u00e1k Ag\u00f3ra k\u00f6z\u00f6s szervez\u00e9s\u00e9ben megrendezend\u0151<\/p>\n<p>LEGY\u0150Z\u00d6TT HAT\u00c1ROK c\u00edm\u0171 ki\u00e1ll\u00edt\u00e1sra<br \/>\n2020. szeptember 18-\u00e1n 18 \u00f3r\u00e1ra az Aba-Nov\u00e1k Ag\u00f3ra Gal\u00e9ri\u00e1j\u00e1ba (5000 Szolnok, Hild J\u00e1nos t\u00e9r 1.)<\/p>\n<p>K\u00f6sz\u00f6nt\u0151t mond:<br \/>\nTardy-Moln\u00e1r Anna, a MANK \u00fcgyvezet\u0151 igazgat\u00f3ja<br \/>\nSzalay Ferenc Szolnok Megyei Jog\u00fa V\u00e1ros polg\u00e1rmestere<br \/>\nA ki\u00e1ll\u00edt\u00e1st megnyitja: Dr. Nagy Imre m\u0171v\u00e9szett\u00f6rt\u00e9n\u00e9sz<br \/>\nA ki\u00e1ll\u00edt\u00e1s h\u00e1zigazd\u00e1ja: Moln\u00e1r Lajos Mil\u00e1n az Aba-Nov\u00e1k Ag\u00f3ra Kultur\u00e1lis K\u00f6zpont \u00fcgyvezet\u0151je<br \/>\nA ki\u00e1ll\u00edt\u00e1s megnyit\u00f3n k\u00f6zrem\u0171k\u00f6dik: B\u00e1n Kata Borb\u00e1la \u00e9s Engelmann Andr\u00e1sa a Magyar T\u00e1ncm\u0171v\u00e9szeti F\u0151iskola t\u00e1ncm\u0171v\u00e9sz szakos hallgat\u00f3i<br \/>\nA ki\u00e1ll\u00edt\u00e1s kur\u00e1tora: Verebes Gy\u00f6rgy a Szolnoki M\u0171v\u00e9sztelep m\u0171v\u00e9szeti vezet\u0151je<\/p>\n<p>Megtekinthet\u0151: 2020. okt\u00f3ber 13-ig (H-P: 10-18h, Szo: 10-16h)<\/p>\n<p>Tov\u00e1bbi inform\u00e1ci\u00f3:<br \/>\nSzolnoki M\u0171v\u00e9szeti Egyes\u00fclet I 5000 Szolnok, Gutenberg t\u00e9r 12\/12. I +36 56 230 605<br \/>\n<a href=\"http:\/\/szolnokimuvesztelep.com\/en\/?fbclid=IwAR0Q1OiKzU8Rp6Vzz5nuie65JZTE1Obc2tmXODBl425JPu3Q4CBw_JysJ4I\" target=\"_blank\" rel=\"nofollow noopener noreferrer\" data-lynx-mode=\"hover\" data-lynx-uri=\"https:\/\/l.facebook.com\/l.php?u=http%3A%2F%2Fwww.szolnokimuvesztelep.com%2F%3Ffbclid%3DIwAR0Q1OiKzU8Rp6Vzz5nuie65JZTE1Obc2tmXODBl425JPu3Q4CBw_JysJ4I&amp;h=AT2HPtb_vecBmXPq2lJP9G3mCLK5zEQT9eKWY18cDZBL-aAnJBd1yEumItspcO3wFbF8RkIfgR2DJA2mJd7_sg3va6yAlyAF4KkM9PucNx2kfBSyn18jHiy9eqx_qJFCSoo\">www.szolnokimuvesztelep.com<\/a> I <a href=\"https:\/\/www.facebook.com\/szolnokimuvesztelep\/\" target=\"_blank\" rel=\"noopener noreferrer\">facebook.com\/szolnokimuvesztelep<\/a><\/p>\n<div data-carousel-extra='{\"blog_id\":1,\"permalink\":\"http:\\\/\\\/szolnokimuvesztelep.com\\\/en\\\/2020\\\/05\\\/28\\\/palyazatot-hirdet-a-szolnoki-muvesztelep-es-a-mank-nonprofit-kft\\\/\"}' id='gallery-1' class='gallery galleryid-6030 gallery-columns-1 gallery-size-large'><figure class='gallery-item'>\n\t\t\t<div class='gallery-icon landscape'>\n\t\t\t\t<a href='http:\/\/szolnokimuvesztelep.com\/en\/2020\/05\/28\/palyazatot-hirdet-a-szolnoki-muvesztelep-es-a-mank-nonprofit-kft\/legyozott_hatarok_meghivo\/'><img width=\"790\" height=\"395\" src=\"https:\/\/i1.wp.com\/szolnokimuvesztelep.com\/wp-content\/uploads\/2020\/05\/Legyozott_Hatarok_meghivo.jpg?fit=790%2C395\" class=\"attachment-large size-large\" alt=\"\" loading=\"lazy\" srcset=\"https:\/\/i1.wp.com\/szolnokimuvesztelep.com\/wp-content\/uploads\/2020\/05\/Legyozott_Hatarok_meghivo.jpg?w=1240 1240w, https:\/\/i1.wp.com\/szolnokimuvesztelep.com\/wp-content\/uploads\/2020\/05\/Legyozott_Hatarok_meghivo.jpg?resize=300%2C150 300w, https:\/\/i1.wp.com\/szolnokimuvesztelep.com\/wp-content\/uploads\/2020\/05\/Legyozott_Hatarok_meghivo.jpg?resize=1024%2C512 1024w, https:\/\/i1.wp.com\/szolnokimuvesztelep.com\/wp-content\/uploads\/2020\/05\/Legyozott_Hatarok_meghivo.jpg?resize=768%2C384 768w\" sizes=\"(max-width: 790px) 100vw, 790px\" data-attachment-id=\"6176\" data-permalink=\"http:\/\/szolnokimuvesztelep.com\/en\/2020\/05\/28\/palyazatot-hirdet-a-szolnoki-muvesztelep-es-a-mank-nonprofit-kft\/legyozott_hatarok_meghivo\/\" data-orig-file=\"https:\/\/i1.wp.com\/szolnokimuvesztelep.com\/wp-content\/uploads\/2020\/05\/Legyozott_Hatarok_meghivo.jpg?fit=1240%2C620\" data-orig-size=\"1240,620\" data-comments-opened=\"1\" data-image-meta=\"{&quot;aperture&quot;:&quot;0&quot;,&quot;credit&quot;:&quot;&quot;,&quot;camera&quot;:&quot;&quot;,&quot;caption&quot;:&quot;&quot;,&quot;created_timestamp&quot;:&quot;0&quot;,&quot;copyright&quot;:&quot;&quot;,&quot;focal_length&quot;:&quot;0&quot;,&quot;iso&quot;:&quot;0&quot;,&quot;shutter_speed&quot;:&quot;0&quot;,&quot;title&quot;:&quot;&quot;,&quot;orientation&quot;:&quot;0&quot;}\" data-image-title=\"Legyozott_Hatarok_meghivo\" data-image-description=\"\" data-medium-file=\"https:\/\/i1.wp.com\/szolnokimuvesztelep.com\/wp-content\/uploads\/2020\/05\/Legyozott_Hatarok_meghivo.jpg?fit=300%2C150\" data-large-file=\"https:\/\/i1.wp.com\/szolnokimuvesztelep.com\/wp-content\/uploads\/2020\/05\/Legyozott_Hatarok_meghivo.jpg?fit=790%2C395\" \/><\/a>\n\t\t\t<\/div><\/figure>\n\t\t<\/div>\n\n<p>&nbsp;<\/p>\n<p>A SZOLNOKI M\u0170V\u00c9SZTELEP \u00c9S A MANK NONPROFIT KFT. K\u00d6Z\u00d6S NY\u00cdLT P\u00c1LY\u00c1ZATI FELH\u00cdV\u00c1SA<\/p>\n<p>Legy\u0151z\u00f6tt hat\u00e1rok<strong><br \/>\n<\/strong>A Szolnoki M\u0171v\u00e9sztelep \u00e9s a MANK Magyar Alkot\u00f3m\u0171v\u00e9szeti K\u00f6zhaszn\u00fa Nonprofit Kft. k\u00f6z\u00f6s ny\u00edlt p\u00e1ly\u00e1zati felh\u00edv\u00e1st hirdet k\u00e9pz\u0151- \u00e9s iparm\u0171v\u00e9szek sz\u00e1m\u00e1ra <em>Legy\u0151z\u00f6tt hat\u00e1rok <\/em>c\u00edmmel a K\u00e9p\/Test\/L\u00e9t projekt keret\u00e9ben az emberi test teljes\u00edt\u0151k\u00e9pess\u00e9g\u00e9nek hat\u00e1rait, a fizikai er\u0151t ig\u00e9nybe vev\u0151 m\u0171fajokhoz kapcsol\u00f3d\u00f3, azokb\u00f3l ihletet mer\u00edt\u0151 alkot\u00e1sok l\u00e9trehoz\u00e1s\u00e1ra, bemutat\u00e1s\u00e1ra.<\/p>\n<p>A p\u00e1ly\u00e1zat c\u00e9lja:<strong><br \/>\n<\/strong>A p\u00e1ly\u00e1zat kiemelt c\u00e9lkit\u0171z\u00e9se, hogy az alkot\u00f3m\u0171v\u00e9szet ter\u00fclet\u00e9n tev\u00e9kenyked\u0151 jelent\u0151s vid\u00e9ki m\u0171v\u00e9szk\u00f6z\u00f6ss\u00e9geknek megjelen\u00e9si lehet\u0151s\u00e9geket biztos\u00edtson, t\u00e1mogassa a m\u0171v\u00e9szek lok\u00e1lis megsz\u00f3l\u00edt\u00e1s\u00e1t \u00e9s k\u00f6z\u00f6ss\u00e9g\u00e9 form\u00e1l\u00e1s\u00e1t, ez\u00e1ltal a k\u00fcl\u00f6nb\u00f6z\u0151 m\u0171v\u00e9szeti ter\u00fcletek k\u00f6z\u00f6tti \u00f6sszhang megteremt\u00e9s\u00e9t. Tov\u00e1bbi c\u00e9l, hogy a sz\u00ednvonalas k\u00f6r\u00fclm\u00e9nyek k\u00f6z\u00f6tt megval\u00f3sul\u00f3 megmutatkoz\u00e1si lehet\u0151s\u00e9gek alkalmat teremtsenek a m\u0171v\u00e9szeknek a k\u00f6z\u00f6ns\u00e9ggel val\u00f3 tal\u00e1lkoz\u00e1sra, a helyi \u00e9s t\u00e9rs\u00e9gi m\u0171v\u00e9szeti \u00e9let er\u0151s\u00edt\u00e9s\u00e9re.<\/p>\n<p>A p\u00e1ly\u00e1zat t\u00e9m\u00e1ja:<strong><br \/>\n<\/strong>P\u00e1ly\u00e1zni az emberi test teljes\u00edt\u0151k\u00e9pess\u00e9g\u00e9nek hat\u00e1rait bemutat\u00f3, az artista hagyom\u00e1nyokat \u00e9s a testi er\u0151t ig\u00e9nybe vev\u0151 m\u0171fajokat k\u00f6z\u00e9ppontba helyez\u0151 \u00f6n\u00e1ll\u00f3 m\u0171alkot\u00e1ssal lehet. Egy p\u00e1ly\u00e1z\u00f3 egy m\u0171alkot\u00e1ssal (festm\u00e9ny, grafika, szobor, egy\u00e9b technika) p\u00e1ly\u00e1zhat.<\/p>\n<p>P\u00e1ly\u00e1z\u00f3k k\u00f6re:<strong><br \/>\n<\/strong>P\u00e1ly\u00e1zatot ny\u00fajthat be minden olyan k\u00e9pz\u0151- vagy iparm\u0171v\u00e9sz, mint mag\u00e1nszem\u00e9ly, aki m\u00e1r igazolhat\u00f3an \u00f6n\u00e1ll\u00f3 m\u0171v\u00e9szi tev\u00e9kenys\u00e9get tud felmutatni, \u00e9s Szolnokhoz vagy sz\u00e9lesebb vonz\u00e1sk\u00f6rzet\u00e9hez k\u00f6thet\u0151 m\u0171v\u00e9szi \u00e9let\u00fattal rendelkezik.<\/p>\n<p>&nbsp;<\/p>\n<p>A p\u00e1ly\u00e1zat k\u00f6telez\u0151 elemei:<strong><br \/>\n<\/strong>A p\u00e1ly\u00e1zatokat a \u00a0<a href=\"mailto:szolnokimuvesztelep@gmail.com\">szolnokimuvesztelep@gmail.com<\/a> c\u00edmre v\u00e1rjuk az al\u00e1bbi mell\u00e9kletekkel:<\/p>\n<ol>\n<li>A p\u00e1ly\u00e1z\u00f3 al\u00e1\u00edr\u00e1s\u00e1val hiteles\u00edtett szakmai \u00f6n\u00e9letrajz maximum 3000 karakter, vagy 2 flekk terjedelemben, amely tartalmazza: a p\u00e1ly\u00e1z\u00f3 nev\u00e9t, sz\u00fclet\u00e9si hely\u00e9t \u00e9s idej\u00e9t, \u00e1lland\u00f3\/levelez\u00e9si c\u00edm\u00e9t, e-mail c\u00edm\u00e9t, telefonsz\u00e1m\u00e1t, illetve a m\u0171v\u00e9sz alkot\u00f3i hitvall\u00e1s\u00e1t.<\/li>\n<li>A p\u00e1lyam\u0171 bemutat\u00e1sa maximum 1500 karakter terjedelemben, amely tartalmazza a p\u00e1lyam\u0171 c\u00edm\u00e9t, m\u0171faj\u00e1t, a m\u0171 technik\u00e1j\u00e1t, m\u00e9ret\u00e9t.<\/li>\n<li>A p\u00e1lyam\u0171r\u0151l k\u00e9sz\u00fclt j\u00f3 min\u0151s\u00e9g\u0171 f\u00e9nyk\u00e9peket digit\u00e1lis form\u00e1tumban adj\u00e1k be (maximum 5 MB m\u00e9retben, felbont\u00e1s legal\u00e1bb 300 dpi). K\u00e9rj\u00fck, hogy a m\u0171alkot\u00e1sokr\u00f3l k\u00e9sz\u00edtett fot\u00f3-reprodukci\u00f3t \u00fagy k\u00e9sz\u00edts\u00e9k el, hogy alkalmas legyen a ki\u00e1ll\u00edt\u00e1si katal\u00f3gusban val\u00f3 megjelentet\u00e9sre is. Amennyiben a p\u00e1lyam\u0171 digitaliz\u00e1lt v\u00e1ltozata meghaladn\u00e1 a 5 MB m\u00e9retet, akkor a csatolm\u00e1nyt f\u00e1jlmegoszt\u00f3 rendszer (WeTransfer, Mammutmail stb.) seg\u00edts\u00e9g\u00e9vel k\u00fcldj\u00e9k el, felt\u00fcntetve a k\u00fcldem\u00e9nyben a p\u00e1ly\u00e1z\u00f3 nev\u00e9t, valamint a p\u00e1lyam\u0171 c\u00edm\u00e9t. Ez esetben jelezz\u00e9k a p\u00e1ly\u00e1zatukban, hogy a p\u00e1lyam\u0171 f\u00e1jlmegoszt\u00f3 rendszerrel fog a p\u00e1ly\u00e1zat 3. mell\u00e9kletek\u00e9nt \u00e9rkezni.<\/li>\n<\/ol>\n<p>K\u00e9rj\u00fck, az email t\u00e1rgy\u00e1ban az al\u00e1bbiakat t\u00fcntess\u00e9k fel: LEGY\u0150Z\u00d6TT HAT\u00c1ROK_Szolnok_Alkot\u00f3 neve (pl. LEGY\u0150Z\u00d6TT HAT\u00c1ROK_Szolnok_Minta G\u00e9za). A be\u00e9rkez\u0151 p\u00e1ly\u00e1zatokat egy darab e-mailben v\u00e1rjuk az \u00f6sszes mell\u00e9klettel egy\u00fctt. Felh\u00edvjuk sz\u00edves figyelm\u00fcket, hogy a t\u00f6bb e-mailben \u00e9rkez\u0151 p\u00e1ly\u00e1zatokat nem tudjuk \u00e9rt\u00e9kelni. A legnagyobb elk\u00fcldhet\u0151 \u00e1llom\u00e1nym\u00e9ret \u00fczenetenk\u00e9nt: \u00a010 MB.<\/p>\n<p>A p\u00e1ly\u00e1zat bead\u00e1si hat\u00e1rideje: <span style=\"text-decoration: line-through;\">2020. j\u00falius 20. <\/span><br \/>\nA bead\u00e1si hat\u00e1rid\u0151 meghosszabb\u00edtva 2020. j\u00falius 27-ig!<\/p>\n<p>A p\u00e1ly\u00e1zat elb\u00edr\u00e1l\u00e1sa:<strong><br \/>\n<\/strong>A be\u00e9rkezett p\u00e1lyam\u0171veket neves m\u0171v\u00e9szekb\u0151l \u00e9s m\u0171v\u00e9szett\u00f6rt\u00e9n\u00e9szekb\u0151l \u00e1ll\u00f3 szakmai zs\u0171ri \u00e9rt\u00e9keli. A p\u00e1ly\u00e1zatok elb\u00edr\u00e1l\u00e1sa a beny\u00fajt\u00e1si hat\u00e1rid\u0151t k\u00f6vet\u0151en maximum 30 napon bel\u00fcl t\u00f6rt\u00e9nik. A d\u00f6nt\u00e9sr\u0151l a p\u00e1ly\u00e1z\u00f3k \u00edr\u00e1sbeli \u00e9rtes\u00edt\u00e9st kapnak az \u00e1ltaluk megadott e-mail c\u00edmre. A d\u00f6nt\u00e9s ellen fellebbez\u00e9snek helye nincs.<br \/>\nA zs\u0171ri \u00e1ltal kiv\u00e1lasztott alkot\u00e1sok a <em>Legy\u0151z\u00f6tt hat\u00e1rok<\/em> c\u00edm\u0171 ki\u00e1ll\u00edt\u00e1son ker\u00fclnek bemutat\u00e1sra a K\u00e9p\/Test\/L\u00e9t projekt megval\u00f3s\u00edt\u00e1sa keret\u00e9n bel\u00fcl, valamint a ki\u00e1ll\u00edtott m\u0171vekr\u0151l \u00e9s alkot\u00f3ikr\u00f3l sz\u00ednvonalas bemutat\u00f3 katal\u00f3gus is k\u00e9sz\u00fcl. A ki\u00e1ll\u00edt\u00e1s tervezett helysz\u00edne a Szolnoki M\u0171v\u00e9sztelep &#8211; Kert Gal\u00e9ria. \u00a0Tekintettel a jelenlegi koronav\u00edrus helyzetre, a ki\u00e1ll\u00edt\u00e1s megval\u00f3s\u00edt\u00e1s\u00e1nak id\u0151pontja bizonytalan, de a zs\u0171ri \u00e1ltal kiv\u00e1lasztott alkot\u00f3kat folyamatosan inform\u00e1ljuk \u00e9s id\u0151ben \u00e9rtes\u00edtj\u00fck az aktualit\u00e1sokr\u00f3l. P\u00e1ly\u00e1z\u00f3ink meg\u00e9rt\u00e9s\u00e9t \u00e9s t\u00fcrelm\u00e9t el\u0151re is k\u00f6sz\u00f6nj\u00fck!<br \/>\nA p\u00e1ly\u00e1zattal kapcsolatban felvil\u00e1gos\u00edt\u00e1s k\u00e9rhet\u0151 a <a href=\"mailto:szolnokimuvesztelep@gmail.com\">szolnokimuvesztelep@gmail.com<\/a> c\u00edmen.<\/p>\n<p><img data-attachment-id=\"6191\" data-permalink=\"http:\/\/szolnokimuvesztelep.com\/en\/2020\/05\/28\/palyazatot-hirdet-a-szolnoki-muvesztelep-es-a-mank-nonprofit-kft\/logosor\/\" data-orig-file=\"https:\/\/i0.wp.com\/szolnokimuvesztelep.com\/wp-content\/uploads\/2020\/05\/logosor.jpg?fit=1934%2C286\" data-orig-size=\"1934,286\" data-comments-opened=\"1\" data-image-meta=\"{&quot;aperture&quot;:&quot;0&quot;,&quot;credit&quot;:&quot;&quot;,&quot;camera&quot;:&quot;&quot;,&quot;caption&quot;:&quot;&quot;,&quot;created_timestamp&quot;:&quot;0&quot;,&quot;copyright&quot;:&quot;&quot;,&quot;focal_length&quot;:&quot;0&quot;,&quot;iso&quot;:&quot;0&quot;,&quot;shutter_speed&quot;:&quot;0&quot;,&quot;title&quot;:&quot;&quot;,&quot;orientation&quot;:&quot;1&quot;}\" data-image-title=\"logosor\" data-image-description=\"\" data-medium-file=\"https:\/\/i0.wp.com\/szolnokimuvesztelep.com\/wp-content\/uploads\/2020\/05\/logosor.jpg?fit=300%2C44\" data-large-file=\"https:\/\/i0.wp.com\/szolnokimuvesztelep.com\/wp-content\/uploads\/2020\/05\/logosor.jpg?fit=790%2C116\" loading=\"lazy\" class=\"alignnone wp-image-6191\" src=\"https:\/\/i0.wp.com\/szolnokimuvesztelep.com\/wp-content\/uploads\/2020\/05\/logosor.jpg?resize=375%2C55\" alt=\"\" width=\"375\" height=\"55\" srcset=\"https:\/\/i0.wp.com\/szolnokimuvesztelep.com\/wp-content\/uploads\/2020\/05\/logosor.jpg?resize=300%2C44 300w, https:\/\/i0.wp.com\/szolnokimuvesztelep.com\/wp-content\/uploads\/2020\/05\/logosor.jpg?resize=1024%2C151 1024w, https:\/\/i0.wp.com\/szolnokimuvesztelep.com\/wp-content\/uploads\/2020\/05\/logosor.jpg?resize=768%2C114 768w, https:\/\/i0.wp.com\/szolnokimuvesztelep.com\/wp-content\/uploads\/2020\/05\/logosor.jpg?resize=1536%2C227 1536w, https:\/\/i0.wp.com\/szolnokimuvesztelep.com\/wp-content\/uploads\/2020\/05\/logosor.jpg?w=1934 1934w, https:\/\/i0.wp.com\/szolnokimuvesztelep.com\/wp-content\/uploads\/2020\/05\/logosor.jpg?w=1720 1720w\" sizes=\"(max-width: 375px) 100vw, 375px\" data-recalc-dims=\"1\" \/><\/p>\n<p>&nbsp;<\/p>","protected":false},"excerpt":{"rendered":"<p>A ki\u00e1ll\u00edt\u00e1sr\u00f3l k\u00e9sz\u00fclt katal\u00f3gus a k\u00e9pre kattintva megtekinthet\u0151: &nbsp; Tisztelt M\u0171v\u00e9szek, \u00c9rdekl\u0151k! A p\u00e1ly\u00e1zatok beny\u00fajt\u00e1s\u00e1nak hat\u00e1rideje lej\u00e1rt. A ki\u00edr\u00e1s sz\u00f6vege lentebb olvashat\u00f3. Tisztelettel megh\u00edvjuk a MANK Nonprofit Kft., a Szolnoki M\u0171v\u00e9sztelep \u00e9s az Aba-Nov\u00e1k Ag\u00f3ra k\u00f6z\u00f6s szervez\u00e9s\u00e9ben megrendezend\u0151 LEGY\u0150Z\u00d6TT HAT\u00c1ROK c\u00edm\u0171 ki\u00e1ll\u00edt\u00e1sra 2020. szeptember 18-\u00e1n 18 \u00f3r\u00e1ra az Aba-Nov\u00e1k Ag\u00f3ra&hellip; <\/p>","protected":false},"author":2,"featured_media":6033,"comment_status":"open","ping_status":"open","sticky":false,"template":"","format":"standard","meta":{"spay_email":"","jetpack_publicize_message":""},"categories":[55,58],"tags":[],"yst_prominent_words":[],"jetpack_featured_media_url":"https:\/\/i1.wp.com\/szolnokimuvesztelep.com\/wp-content\/uploads\/2020\/05\/Ke\u0301ptestle\u0301t3.jpg?fit=2560%2C1440","jetpack_publicize_connections":[],"yoast_head":"<!-- This site is optimized with the Yoast SEO Premium plugin v14.1 - https:\/\/yoast.com\/wordpress\/plugins\/seo\/ -->\n<title>Legy\u0151z\u00f6tt hat\u00e1rok - Ki\u00e1ll\u00edt\u00e1s a MANK Nonprofit Kft. \u00e9s a Szolnoki M\u0171v\u00e9sztelep k\u00f6z\u00f6s szervez\u00e9s\u00e9ben \u01c02020. okt\u00f3ber 13-ig az Aba-Nov\u00e1k Ag\u00f3ra Gal\u00e9ri\u00e1ban - SZOLNOKI M\u0170V\u00c9SZTELEP<\/title>\n<meta name=\"robots\" content=\"index, follow\" \/>\n<meta name=\"googlebot\" content=\"index, follow, max-snippet:-1, max-image-preview:large, max-video-preview:-1\" \/>\n<meta name=\"bingbot\" content=\"index, follow, max-snippet:-1, max-image-preview:large, max-video-preview:-1\" \/>\n<link rel=\"canonical\" href=\"http:\/\/szolnokimuvesztelep.com\/en\/2020\/05\/28\/palyazatot-hirdet-a-szolnoki-muvesztelep-es-a-mank-nonprofit-kft\/\" \/>\n<meta property=\"og:locale\" content=\"en_US\" \/>\n<meta property=\"og:type\" content=\"article\" \/>\n<meta property=\"og:title\" content=\"Legy\u0151z\u00f6tt hat\u00e1rok - Ki\u00e1ll\u00edt\u00e1s a MANK Nonprofit Kft. \u00e9s a Szolnoki M\u0171v\u00e9sztelep k\u00f6z\u00f6s szervez\u00e9s\u00e9ben \u01c02020. okt\u00f3ber 13-ig az Aba-Nov\u00e1k Ag\u00f3ra Gal\u00e9ri\u00e1ban - SZOLNOKI M\u0170V\u00c9SZTELEP\" \/>\n<meta property=\"og:description\" content=\"A ki\u00e1ll\u00edt\u00e1sr\u00f3l k\u00e9sz\u00fclt katal\u00f3gus a k\u00e9pre kattintva megtekinthet\u0151: &nbsp; Tisztelt M\u0171v\u00e9szek, \u00c9rdekl\u0151k! A p\u00e1ly\u00e1zatok beny\u00fajt\u00e1s\u00e1nak hat\u00e1rideje lej\u00e1rt. A ki\u00edr\u00e1s sz\u00f6vege lentebb olvashat\u00f3. Tisztelettel megh\u00edvjuk a MANK Nonprofit Kft., a Szolnoki M\u0171v\u00e9sztelep \u00e9s az Aba-Nov\u00e1k Ag\u00f3ra k\u00f6z\u00f6s szervez\u00e9s\u00e9ben megrendezend\u0151 LEGY\u0150Z\u00d6TT HAT\u00c1ROK c\u00edm\u0171 ki\u00e1ll\u00edt\u00e1sra 2020. szeptember 18-\u00e1n 18 \u00f3r\u00e1ra az Aba-Nov\u00e1k Ag\u00f3ra&hellip;\" \/>\n<meta property=\"og:url\" content=\"http:\/\/szolnokimuvesztelep.com\/en\/2020\/05\/28\/palyazatot-hirdet-a-szolnoki-muvesztelep-es-a-mank-nonprofit-kft\/\" \/>\n<meta property=\"og:site_name\" content=\"SZOLNOKI M\u0170V\u00c9SZTELEP\" \/>\n<meta property=\"article:publisher\" content=\"https:\/\/www.facebook.com\/szolnokimuvesztelepofficial\/\" \/>\n<meta property=\"article:published_time\" content=\"2020-05-28T12:57:38+00:00\" \/>\n<meta property=\"article:modified_time\" content=\"2022-11-25T10:15:18+00:00\" \/>\n<meta property=\"og:image\" content=\"https:\/\/i1.wp.com\/szolnokimuvesztelep.com\/wp-content\/uploads\/2020\/05\/Ke\u0301ptestle\u0301t3.jpg?fit=2560%2C1440\" \/>\n\t<meta property=\"og:image:width\" content=\"2560\" \/>\n\t<meta property=\"og:image:height\" content=\"1440\" \/>\n<script type=\"application\/ld+json\" class=\"yoast-schema-graph\">{\"@context\":\"https:\/\/schema.org\",\"@graph\":[{\"@type\":\"Organization\",\"@id\":\"http:\/\/szolnokimuvesztelep.com\/en\/#organization\",\"name\":\"Szolnoki M\\u0171v\\u00e9sztelep\",\"url\":\"http:\/\/szolnokimuvesztelep.com\/en\/\",\"sameAs\":[\"https:\/\/www.facebook.com\/szolnokimuvesztelepofficial\/\",\"https:\/\/www.instagram.com\/szolnoki_muvesztelep\/\",\"https:\/\/www.youtube.com\/channel\/UCAYRF4A8FrslG3J__XEjEoA\",\"https:\/\/hu.wikipedia.org\/wiki\/Szolnoki_m\\u0171v\\u00e9sztelep\"],\"logo\":{\"@type\":\"ImageObject\",\"@id\":\"http:\/\/szolnokimuvesztelep.com\/en\/#logo\",\"inLanguage\":\"en-US\",\"url\":\"https:\/\/i0.wp.com\/szolnokimuvesztelep.com\/wp-content\/uploads\/2020\/05\/szmt_2019_szlogen_psz-01.png?fit=2242%2C863\",\"width\":2242,\"height\":863,\"caption\":\"Szolnoki M\\u0171v\\u00e9sztelep\"},\"image\":{\"@id\":\"http:\/\/szolnokimuvesztelep.com\/en\/#logo\"}},{\"@type\":\"WebSite\",\"@id\":\"http:\/\/szolnokimuvesztelep.com\/en\/#website\",\"url\":\"http:\/\/szolnokimuvesztelep.com\/en\/\",\"name\":\"SZOLNOKI M\\u0170V\\u00c9SZTELEP\",\"description\":\"Meg\\u00fajul\\u00f3 hagyom\\u00e1ny\",\"publisher\":{\"@id\":\"http:\/\/szolnokimuvesztelep.com\/en\/#organization\"},\"potentialAction\":[{\"@type\":\"SearchAction\",\"target\":\"http:\/\/szolnokimuvesztelep.com\/en\/?s={search_term_string}\",\"query-input\":\"required name=search_term_string\"}],\"inLanguage\":\"en-US\"},{\"@type\":\"ImageObject\",\"@id\":\"http:\/\/szolnokimuvesztelep.com\/2020\/05\/28\/palyazatot-hirdet-a-szolnoki-muvesztelep-es-a-mank-nonprofit-kft\/#primaryimage\",\"inLanguage\":\"en-US\",\"url\":\"https:\/\/i1.wp.com\/szolnokimuvesztelep.com\/wp-content\/uploads\/2020\/05\/Ke\\u0301ptestle\\u0301t3.jpg?fit=2560%2C1440\",\"width\":2560,\"height\":1440},{\"@type\":\"WebPage\",\"@id\":\"http:\/\/szolnokimuvesztelep.com\/2020\/05\/28\/palyazatot-hirdet-a-szolnoki-muvesztelep-es-a-mank-nonprofit-kft\/#webpage\",\"url\":\"http:\/\/szolnokimuvesztelep.com\/2020\/05\/28\/palyazatot-hirdet-a-szolnoki-muvesztelep-es-a-mank-nonprofit-kft\/\",\"name\":\"Legy\\u0151z\\u00f6tt hat\\u00e1rok - Ki\\u00e1ll\\u00edt\\u00e1s a MANK Nonprofit Kft. \\u00e9s a Szolnoki M\\u0171v\\u00e9sztelep k\\u00f6z\\u00f6s szervez\\u00e9s\\u00e9ben \\u01c02020. okt\\u00f3ber 13-ig az Aba-Nov\\u00e1k Ag\\u00f3ra Gal\\u00e9ri\\u00e1ban - SZOLNOKI M\\u0170V\\u00c9SZTELEP\",\"isPartOf\":{\"@id\":\"http:\/\/szolnokimuvesztelep.com\/en\/#website\"},\"primaryImageOfPage\":{\"@id\":\"http:\/\/szolnokimuvesztelep.com\/2020\/05\/28\/palyazatot-hirdet-a-szolnoki-muvesztelep-es-a-mank-nonprofit-kft\/#primaryimage\"},\"datePublished\":\"2020-05-28T12:57:38+00:00\",\"dateModified\":\"2022-11-25T10:15:18+00:00\",\"inLanguage\":\"en-US\",\"potentialAction\":[{\"@type\":\"ReadAction\",\"target\":[\"http:\/\/szolnokimuvesztelep.com\/2020\/05\/28\/palyazatot-hirdet-a-szolnoki-muvesztelep-es-a-mank-nonprofit-kft\/\"]}]},{\"@type\":\"Article\",\"@id\":\"http:\/\/szolnokimuvesztelep.com\/2020\/05\/28\/palyazatot-hirdet-a-szolnoki-muvesztelep-es-a-mank-nonprofit-kft\/#article\",\"isPartOf\":{\"@id\":\"http:\/\/szolnokimuvesztelep.com\/2020\/05\/28\/palyazatot-hirdet-a-szolnoki-muvesztelep-es-a-mank-nonprofit-kft\/#webpage\"},\"author\":{\"@id\":\"http:\/\/szolnokimuvesztelep.com\/en\/#\/schema\/person\/6809c0486d15892946a64c7ea6eed077\"},\"headline\":\"Legy\\u0151z\\u00f6tt hat\\u00e1rok &#8211; Ki\\u00e1ll\\u00edt\\u00e1s a MANK Nonprofit Kft. \\u00e9s a Szolnoki M\\u0171v\\u00e9sztelep k\\u00f6z\\u00f6s szervez\\u00e9s\\u00e9ben \\u01c02020. okt\\u00f3ber 13-ig az Aba-Nov\\u00e1k Ag\\u00f3ra Gal\\u00e9ri\\u00e1ban\",\"datePublished\":\"2020-05-28T12:57:38+00:00\",\"dateModified\":\"2022-11-25T10:15:18+00:00\",\"commentCount\":0,\"mainEntityOfPage\":{\"@id\":\"http:\/\/szolnokimuvesztelep.com\/2020\/05\/28\/palyazatot-hirdet-a-szolnoki-muvesztelep-es-a-mank-nonprofit-kft\/#webpage\"},\"publisher\":{\"@id\":\"http:\/\/szolnokimuvesztelep.com\/en\/#organization\"},\"image\":{\"@id\":\"http:\/\/szolnokimuvesztelep.com\/2020\/05\/28\/palyazatot-hirdet-a-szolnoki-muvesztelep-es-a-mank-nonprofit-kft\/#primaryimage\"},\"articleSection\":\"Arch\\u00edv,H\\u00edrek\",\"inLanguage\":\"en-US\",\"potentialAction\":[{\"@type\":\"CommentAction\",\"name\":\"Comment\",\"target\":[\"http:\/\/szolnokimuvesztelep.com\/2020\/05\/28\/palyazatot-hirdet-a-szolnoki-muvesztelep-es-a-mank-nonprofit-kft\/#respond\"]}]},{\"@type\":[\"Person\"],\"@id\":\"http:\/\/szolnokimuvesztelep.com\/en\/#\/schema\/person\/6809c0486d15892946a64c7ea6eed077\",\"name\":\"Verebes Edit\",\"image\":{\"@type\":\"ImageObject\",\"@id\":\"http:\/\/szolnokimuvesztelep.com\/en\/#personlogo\",\"inLanguage\":\"en-US\",\"url\":\"http:\/\/2.gravatar.com\/avatar\/5d546bcb1a27fb506fe8bb16e33cd5fd?s=96&d=mm&r=g\",\"caption\":\"Verebes Edit\"}}]}<\/script>\n<!-- \/ Yoast SEO Premium plugin. -->","jetpack_sharing_enabled":true,"jetpack_shortlink":"https:\/\/wp.me\/p9tpmR-1zg","jetpack_likes_enabled":true,"jetpack-related-posts":[],"_links":{"self":[{"href":"http:\/\/szolnokimuvesztelep.com\/en\/wp-json\/wp\/v2\/posts\/6030"}],"collection":[{"href":"http:\/\/szolnokimuvesztelep.com\/en\/wp-json\/wp\/v2\/posts"}],"about":[{"href":"http:\/\/szolnokimuvesztelep.com\/en\/wp-json\/wp\/v2\/types\/post"}],"author":[{"embeddable":true,"href":"http:\/\/szolnokimuvesztelep.com\/en\/wp-json\/wp\/v2\/users\/2"}],"replies":[{"embeddable":true,"href":"http:\/\/szolnokimuvesztelep.com\/en\/wp-json\/wp\/v2\/comments?post=6030"}],"version-history":[{"count":17,"href":"http:\/\/szolnokimuvesztelep.com\/en\/wp-json\/wp\/v2\/posts\/6030\/revisions"}],"predecessor-version":[{"id":6239,"href":"http:\/\/szolnokimuvesztelep.com\/en\/wp-json\/wp\/v2\/posts\/6030\/revisions\/6239"}],"wp:featuredmedia":[{"embeddable":true,"href":"http:\/\/szolnokimuvesztelep.com\/en\/wp-json\/wp\/v2\/media\/6033"}],"wp:attachment":[{"href":"http:\/\/szolnokimuvesztelep.com\/en\/wp-json\/wp\/v2\/media?parent=6030"}],"wp:term":[{"taxonomy":"category","embeddable":true,"href":"http:\/\/szolnokimuvesztelep.com\/en\/wp-json\/wp\/v2\/categories?post=6030"},{"taxonomy":"post_tag","embeddable":true,"href":"http:\/\/szolnokimuvesztelep.com\/en\/wp-json\/wp\/v2\/tags?post=6030"},{"taxonomy":"yst_prominent_words","embeddable":true,"href":"http:\/\/szolnokimuvesztelep.com\/en\/wp-json\/wp\/v2\/yst_prominent_words?post=6030"}],"curies":[{"name":"wp","href":"https:\/\/api.w.org\/{rel}","templated":true}]}}