{"id":5511,"date":"2019-11-04T13:49:26","date_gmt":"2019-11-04T13:49:26","guid":{"rendered":"http:\/\/szolnokimuvesztelep.com\/?p=5511"},"modified":"2022-11-25T12:32:04","modified_gmt":"2022-11-25T12:32:04","slug":"elhunyt-nyolczas-nandor-a-szolnoki-muvesztelep-mecenasa-a-szolnoki-muveszeti-egyesulet-titkara","status":"publish","type":"post","link":"http:\/\/szolnokimuvesztelep.com\/en\/2019\/11\/04\/elhunyt-nyolczas-nandor-a-szolnoki-muvesztelep-mecenasa-a-szolnoki-muveszeti-egyesulet-titkara\/","title":{"rendered":"Elhunyt Nyolczas N\u00e1ndor, a Szolnoki M\u0171v\u00e9sztelep mec\u00e9n\u00e1sa, a Szolnoki M\u0171v\u00e9szeti Egyes\u00fclet titk\u00e1ra"},"content":{"rendered":"<p><span style=\"font-family: Open Sans;\">Kedves Bar\u00e1taink!<\/span><\/p>\n<p><span style=\"font-family: Open Sans;\">F\u00e1j\u00f3 sz\u00edvvel tudatjuk veletek, hogy a Szolnoki M\u0171v\u00e9sztelep \u00e9s a M\u0171v\u00e9sztelep alkot\u00f3inak mec\u00e9n\u00e1sa, mindannyiunk j\u00f3bar\u00e1tja, a Szolnoki M\u0171v\u00e9szeti Egyes\u00fclet titk\u00e1ra, Nyolczas N\u00e1ndor, \u00e9let\u00e9nek hatvan\u00f6t\u00f6dik \u00e9v\u00e9ben itt hagyott minket.<\/span><\/p>\n<p><span style=\"text-align: left; color: #484848; text-transform: none; text-indent: 0px; letter-spacing: normal; font-family: Open Sans; font-size: 100%; font-style: inherit; font-variant: normal; text-decoration: none; word-spacing: 0px; display: inline !important; white-space: normal; orphans: 2; float: none; -webkit-text-stroke-width: 0px; background-color: #ffffff;\">Ahhoz, hogy a Szolnoki M\u0171v\u00e9sztelep minden ki\u00e1ll\u00edt\u00e1sa \u00e9s nagyrendezv\u00e9nye megval\u00f3sulhasson, elengedhetetlen volt Nyolczas N\u00e1ndor szerepe. T\u00f6bb mint 10 \u00e9ven kereszt\u00fcl seg\u00edtette a M\u0171v\u00e9sztelep munk\u00e1j\u00e1t, \u00e9vente legal\u00e1bb 40 alkalommal b\u00e9rmentve biztos\u00edtott sz\u00e1munkra egy, a m\u0171t\u00e1rgyak biztons\u00e1gos sz\u00e1ll\u00edt\u00e1s\u00e1ra alkalmas aut\u00f3t. A nagyobb m\u00e9ret\u0171 szobr\u00e1szati alkot\u00e1sok elk\u00e9sz\u00edt\u00e9s\u00e9hez szint\u00e9n b\u00e9rmentve m\u0171helyet \u00e9s \u00f6nt\u00f6d\u00e9t biztos\u00edtott a m\u0171v\u00e9szek sz\u00e1m\u00e1ra, \u00e9s a m\u00e1r hatodik alkalommal megrendez\u00e9sre ker\u00fcl\u0151 Szolnoki Bronzszobr\u00e1szati Szimp\u00f3zium sikere is k\u00f6sz\u00f6nhet\u0151 az \u00e1ltala rendelkez\u00e9sre bocs\u00e1jtott eszk\u00f6z- \u00e9s anyagbeli t\u00e1mogat\u00e1snak. Ezen fel\u00fcl a rendezv\u00e9nyeinkre \u00e9rkez\u0151 hazai \u00e9s k\u00fclf\u00f6ldi szakmai vend\u00e9geink m\u00e9lt\u00f3 fogad\u00e1s\u00e1t rendszerint vend\u00e9gl\u00e1t\u00e1ssal t\u00e1mogatta. <\/span><\/p>\n<p><span style=\"text-align: left; color: #484848; text-transform: none; text-indent: 0px; letter-spacing: normal; font-family: Open Sans; font-size: 100%; font-style: inherit; font-variant: normal; text-decoration: none; word-spacing: 0px; display: inline !important; white-space: normal; orphans: 2; float: none; -webkit-text-stroke-width: 0px; background-color: #ffffff;\">. Ezek mellett szem\u00e9ly\u00e9nek k\u00f6z\u00f6ss\u00e9g form\u00e1l\u00f3 \u00e9s \u00f6sszetart\u00f3 ereje sem elhanyagolhat\u00f3, olyan tagja volt \u0151 a Szolnoki M\u0171v\u00e9sztelepet k\u00f6r\u00fclvev\u0151 m\u0171v\u00e9szetp\u00e1rtol\u00f3 k\u00f6z\u00f6ss\u00e9gnek, akir\u0151l elmondhat\u00f3, hogy \u201er\u00e1 mindig lehet sz\u00e1m\u00edtani\u201d.<\/span><\/p>\n<p><span style=\"font-family: Open Sans;\">B\u00facs\u00fazunk t\u0151led N\u00e1ndi, a j\u00f3 Isten k\u00eds\u00e9rjen tov\u00e1bbi utadon.<\/span><\/p>","protected":false},"excerpt":{"rendered":"<p>Kedves Bar\u00e1taink! F\u00e1j\u00f3 sz\u00edvvel tudatjuk veletek, hogy a Szolnoki M\u0171v\u00e9sztelep \u00e9s a M\u0171v\u00e9sztelep alkot\u00f3inak mec\u00e9n\u00e1sa, mindannyiunk j\u00f3bar\u00e1tja, a Szolnoki M\u0171v\u00e9szeti Egyes\u00fclet titk\u00e1ra, Nyolczas N\u00e1ndor, \u00e9let\u00e9nek hatvan\u00f6t\u00f6dik \u00e9v\u00e9ben itt hagyott minket. Ahhoz, hogy a Szolnoki M\u0171v\u00e9sztelep minden ki\u00e1ll\u00edt\u00e1sa \u00e9s nagyrendezv\u00e9nye megval\u00f3sulhasson, elengedhetetlen volt Nyolczas N\u00e1ndor szerepe. T\u00f6bb mint 10 \u00e9ven kereszt\u00fcl&hellip; <\/p>","protected":false},"author":9,"featured_media":5512,"comment_status":"open","ping_status":"open","sticky":false,"template":"","format":"standard","meta":{"spay_email":"","jetpack_publicize_message":""},"categories":[55,58],"tags":[],"yst_prominent_words":[],"jetpack_featured_media_url":"https:\/\/i2.wp.com\/szolnokimuvesztelep.com\/wp-content\/uploads\/2019\/11\/Nyolczas-N\u00e1ndor-Mec\u00e9n\u00e1s-d\u00edj2.jpg?fit=676%2C676","jetpack_publicize_connections":[],"yoast_head":"<!-- This site is optimized with the Yoast SEO Premium plugin v14.1 - https:\/\/yoast.com\/wordpress\/plugins\/seo\/ -->\n<title>Elhunyt Nyolczas N\u00e1ndor, a Szolnoki M\u0171v\u00e9sztelep mec\u00e9n\u00e1sa, a Szolnoki M\u0171v\u00e9szeti Egyes\u00fclet titk\u00e1ra - SZOLNOKI M\u0170V\u00c9SZTELEP<\/title>\n<meta name=\"robots\" content=\"index, follow\" \/>\n<meta name=\"googlebot\" content=\"index, follow, max-snippet:-1, max-image-preview:large, max-video-preview:-1\" \/>\n<meta name=\"bingbot\" content=\"index, follow, max-snippet:-1, max-image-preview:large, max-video-preview:-1\" \/>\n<link rel=\"canonical\" href=\"http:\/\/szolnokimuvesztelep.com\/en\/2019\/11\/04\/elhunyt-nyolczas-nandor-a-szolnoki-muvesztelep-mecenasa-a-szolnoki-muveszeti-egyesulet-titkara\/\" \/>\n<meta property=\"og:locale\" content=\"en_US\" \/>\n<meta property=\"og:type\" content=\"article\" \/>\n<meta property=\"og:title\" content=\"Elhunyt Nyolczas N\u00e1ndor, a Szolnoki M\u0171v\u00e9sztelep mec\u00e9n\u00e1sa, a Szolnoki M\u0171v\u00e9szeti Egyes\u00fclet titk\u00e1ra - SZOLNOKI M\u0170V\u00c9SZTELEP\" \/>\n<meta property=\"og:description\" content=\"Kedves Bar\u00e1taink! F\u00e1j\u00f3 sz\u00edvvel tudatjuk veletek, hogy a Szolnoki M\u0171v\u00e9sztelep \u00e9s a M\u0171v\u00e9sztelep alkot\u00f3inak mec\u00e9n\u00e1sa, mindannyiunk j\u00f3bar\u00e1tja, a Szolnoki M\u0171v\u00e9szeti Egyes\u00fclet titk\u00e1ra, Nyolczas N\u00e1ndor, \u00e9let\u00e9nek hatvan\u00f6t\u00f6dik \u00e9v\u00e9ben itt hagyott minket. Ahhoz, hogy a Szolnoki M\u0171v\u00e9sztelep minden ki\u00e1ll\u00edt\u00e1sa \u00e9s nagyrendezv\u00e9nye megval\u00f3sulhasson, elengedhetetlen volt Nyolczas N\u00e1ndor szerepe. T\u00f6bb mint 10 \u00e9ven kereszt\u00fcl&hellip;\" \/>\n<meta property=\"og:url\" content=\"http:\/\/szolnokimuvesztelep.com\/en\/2019\/11\/04\/elhunyt-nyolczas-nandor-a-szolnoki-muvesztelep-mecenasa-a-szolnoki-muveszeti-egyesulet-titkara\/\" \/>\n<meta property=\"og:site_name\" content=\"SZOLNOKI M\u0170V\u00c9SZTELEP\" \/>\n<meta property=\"article:publisher\" content=\"https:\/\/www.facebook.com\/szolnokimuvesztelepofficial\/\" \/>\n<meta property=\"article:published_time\" content=\"2019-11-04T13:49:26+00:00\" \/>\n<meta property=\"article:modified_time\" content=\"2022-11-25T12:32:04+00:00\" \/>\n<meta property=\"og:image\" content=\"https:\/\/i2.wp.com\/szolnokimuvesztelep.com\/wp-content\/uploads\/2019\/11\/Nyolczas-N\u00e1ndor-Mec\u00e9n\u00e1s-d\u00edj2.jpg?fit=676%2C676\" \/>\n\t<meta property=\"og:image:width\" content=\"676\" \/>\n\t<meta property=\"og:image:height\" content=\"676\" \/>\n<script type=\"application\/ld+json\" class=\"yoast-schema-graph\">{\"@context\":\"https:\/\/schema.org\",\"@graph\":[{\"@type\":\"Organization\",\"@id\":\"http:\/\/szolnokimuvesztelep.com\/en\/#organization\",\"name\":\"Szolnoki M\\u0171v\\u00e9sztelep\",\"url\":\"http:\/\/szolnokimuvesztelep.com\/en\/\",\"sameAs\":[\"https:\/\/www.facebook.com\/szolnokimuvesztelepofficial\/\",\"https:\/\/www.instagram.com\/szolnoki_muvesztelep\/\",\"https:\/\/www.youtube.com\/channel\/UCAYRF4A8FrslG3J__XEjEoA\",\"https:\/\/hu.wikipedia.org\/wiki\/Szolnoki_m\\u0171v\\u00e9sztelep\"],\"logo\":{\"@type\":\"ImageObject\",\"@id\":\"http:\/\/szolnokimuvesztelep.com\/en\/#logo\",\"inLanguage\":\"en-US\",\"url\":\"https:\/\/i0.wp.com\/szolnokimuvesztelep.com\/wp-content\/uploads\/2020\/05\/szmt_2019_szlogen_psz-01.png?fit=2242%2C863\",\"width\":2242,\"height\":863,\"caption\":\"Szolnoki M\\u0171v\\u00e9sztelep\"},\"image\":{\"@id\":\"http:\/\/szolnokimuvesztelep.com\/en\/#logo\"}},{\"@type\":\"WebSite\",\"@id\":\"http:\/\/szolnokimuvesztelep.com\/en\/#website\",\"url\":\"http:\/\/szolnokimuvesztelep.com\/en\/\",\"name\":\"SZOLNOKI M\\u0170V\\u00c9SZTELEP\",\"description\":\"Meg\\u00fajul\\u00f3 hagyom\\u00e1ny\",\"publisher\":{\"@id\":\"http:\/\/szolnokimuvesztelep.com\/en\/#organization\"},\"potentialAction\":[{\"@type\":\"SearchAction\",\"target\":\"http:\/\/szolnokimuvesztelep.com\/en\/?s={search_term_string}\",\"query-input\":\"required name=search_term_string\"}],\"inLanguage\":\"en-US\"},{\"@type\":\"ImageObject\",\"@id\":\"http:\/\/szolnokimuvesztelep.com\/2019\/11\/04\/elhunyt-nyolczas-nandor-a-szolnoki-muvesztelep-mecenasa-a-szolnoki-muveszeti-egyesulet-titkara\/#primaryimage\",\"inLanguage\":\"en-US\",\"url\":\"https:\/\/i2.wp.com\/szolnokimuvesztelep.com\/wp-content\/uploads\/2019\/11\/Nyolczas-N\\u00e1ndor-Mec\\u00e9n\\u00e1s-d\\u00edj2.jpg?fit=676%2C676\",\"width\":676,\"height\":676},{\"@type\":\"WebPage\",\"@id\":\"http:\/\/szolnokimuvesztelep.com\/2019\/11\/04\/elhunyt-nyolczas-nandor-a-szolnoki-muvesztelep-mecenasa-a-szolnoki-muveszeti-egyesulet-titkara\/#webpage\",\"url\":\"http:\/\/szolnokimuvesztelep.com\/2019\/11\/04\/elhunyt-nyolczas-nandor-a-szolnoki-muvesztelep-mecenasa-a-szolnoki-muveszeti-egyesulet-titkara\/\",\"name\":\"Elhunyt Nyolczas N\\u00e1ndor, a Szolnoki M\\u0171v\\u00e9sztelep mec\\u00e9n\\u00e1sa, a Szolnoki M\\u0171v\\u00e9szeti Egyes\\u00fclet titk\\u00e1ra - SZOLNOKI M\\u0170V\\u00c9SZTELEP\",\"isPartOf\":{\"@id\":\"http:\/\/szolnokimuvesztelep.com\/en\/#website\"},\"primaryImageOfPage\":{\"@id\":\"http:\/\/szolnokimuvesztelep.com\/2019\/11\/04\/elhunyt-nyolczas-nandor-a-szolnoki-muvesztelep-mecenasa-a-szolnoki-muveszeti-egyesulet-titkara\/#primaryimage\"},\"datePublished\":\"2019-11-04T13:49:26+00:00\",\"dateModified\":\"2022-11-25T12:32:04+00:00\",\"inLanguage\":\"en-US\",\"potentialAction\":[{\"@type\":\"ReadAction\",\"target\":[\"http:\/\/szolnokimuvesztelep.com\/2019\/11\/04\/elhunyt-nyolczas-nandor-a-szolnoki-muvesztelep-mecenasa-a-szolnoki-muveszeti-egyesulet-titkara\/\"]}]},{\"@type\":\"Article\",\"@id\":\"http:\/\/szolnokimuvesztelep.com\/2019\/11\/04\/elhunyt-nyolczas-nandor-a-szolnoki-muvesztelep-mecenasa-a-szolnoki-muveszeti-egyesulet-titkara\/#article\",\"isPartOf\":{\"@id\":\"http:\/\/szolnokimuvesztelep.com\/2019\/11\/04\/elhunyt-nyolczas-nandor-a-szolnoki-muvesztelep-mecenasa-a-szolnoki-muveszeti-egyesulet-titkara\/#webpage\"},\"author\":{\"@id\":\"http:\/\/szolnokimuvesztelep.com\/en\/#\/schema\/person\/80ab4703228fbf7c0f076cdfcaeb51bd\"},\"headline\":\"Elhunyt Nyolczas N\\u00e1ndor, a Szolnoki M\\u0171v\\u00e9sztelep mec\\u00e9n\\u00e1sa, a Szolnoki M\\u0171v\\u00e9szeti Egyes\\u00fclet titk\\u00e1ra\",\"datePublished\":\"2019-11-04T13:49:26+00:00\",\"dateModified\":\"2022-11-25T12:32:04+00:00\",\"commentCount\":0,\"mainEntityOfPage\":{\"@id\":\"http:\/\/szolnokimuvesztelep.com\/2019\/11\/04\/elhunyt-nyolczas-nandor-a-szolnoki-muvesztelep-mecenasa-a-szolnoki-muveszeti-egyesulet-titkara\/#webpage\"},\"publisher\":{\"@id\":\"http:\/\/szolnokimuvesztelep.com\/en\/#organization\"},\"image\":{\"@id\":\"http:\/\/szolnokimuvesztelep.com\/2019\/11\/04\/elhunyt-nyolczas-nandor-a-szolnoki-muvesztelep-mecenasa-a-szolnoki-muveszeti-egyesulet-titkara\/#primaryimage\"},\"articleSection\":\"Arch\\u00edv,H\\u00edrek\",\"inLanguage\":\"en-US\",\"potentialAction\":[{\"@type\":\"CommentAction\",\"name\":\"Comment\",\"target\":[\"http:\/\/szolnokimuvesztelep.com\/2019\/11\/04\/elhunyt-nyolczas-nandor-a-szolnoki-muvesztelep-mecenasa-a-szolnoki-muveszeti-egyesulet-titkara\/#respond\"]}]},{\"@type\":[\"Person\"],\"@id\":\"http:\/\/szolnokimuvesztelep.com\/en\/#\/schema\/person\/80ab4703228fbf7c0f076cdfcaeb51bd\",\"name\":\"Fekete Bal\\u00e1zs\",\"image\":{\"@type\":\"ImageObject\",\"@id\":\"http:\/\/szolnokimuvesztelep.com\/en\/#personlogo\",\"inLanguage\":\"en-US\",\"url\":\"http:\/\/0.gravatar.com\/avatar\/9fdf32cef0d5b497e2fa1ff56f61e3e0?s=96&d=mm&r=g\",\"caption\":\"Fekete Bal\\u00e1zs\"}}]}<\/script>\n<!-- \/ Yoast SEO Premium plugin. -->","jetpack_sharing_enabled":true,"jetpack_shortlink":"https:\/\/wp.me\/p9tpmR-1qT","jetpack_likes_enabled":true,"jetpack-related-posts":[],"_links":{"self":[{"href":"http:\/\/szolnokimuvesztelep.com\/en\/wp-json\/wp\/v2\/posts\/5511"}],"collection":[{"href":"http:\/\/szolnokimuvesztelep.com\/en\/wp-json\/wp\/v2\/posts"}],"about":[{"href":"http:\/\/szolnokimuvesztelep.com\/en\/wp-json\/wp\/v2\/types\/post"}],"author":[{"embeddable":true,"href":"http:\/\/szolnokimuvesztelep.com\/en\/wp-json\/wp\/v2\/users\/9"}],"replies":[{"embeddable":true,"href":"http:\/\/szolnokimuvesztelep.com\/en\/wp-json\/wp\/v2\/comments?post=5511"}],"version-history":[{"count":1,"href":"http:\/\/szolnokimuvesztelep.com\/en\/wp-json\/wp\/v2\/posts\/5511\/revisions"}],"predecessor-version":[{"id":5513,"href":"http:\/\/szolnokimuvesztelep.com\/en\/wp-json\/wp\/v2\/posts\/5511\/revisions\/5513"}],"wp:featuredmedia":[{"embeddable":true,"href":"http:\/\/szolnokimuvesztelep.com\/en\/wp-json\/wp\/v2\/media\/5512"}],"wp:attachment":[{"href":"http:\/\/szolnokimuvesztelep.com\/en\/wp-json\/wp\/v2\/media?parent=5511"}],"wp:term":[{"taxonomy":"category","embeddable":true,"href":"http:\/\/szolnokimuvesztelep.com\/en\/wp-json\/wp\/v2\/categories?post=5511"},{"taxonomy":"post_tag","embeddable":true,"href":"http:\/\/szolnokimuvesztelep.com\/en\/wp-json\/wp\/v2\/tags?post=5511"},{"taxonomy":"yst_prominent_words","embeddable":true,"href":"http:\/\/szolnokimuvesztelep.com\/en\/wp-json\/wp\/v2\/yst_prominent_words?post=5511"}],"curies":[{"name":"wp","href":"https:\/\/api.w.org\/{rel}","templated":true}]}}