{"id":5245,"date":"2019-05-14T14:08:07","date_gmt":"2019-05-14T14:08:07","guid":{"rendered":"http:\/\/szolnokimuvesztelep.com\/?p=5245"},"modified":"2022-11-25T12:40:54","modified_gmt":"2022-11-25T12:40:54","slug":"szolnoki-bronzszobraszati-szimpozium-2014","status":"publish","type":"post","link":"http:\/\/szolnokimuvesztelep.com\/en\/2019\/05\/14\/szolnoki-bronzszobraszati-szimpozium-2014\/","title":{"rendered":"Szolnoki Bronzszobr\u00e1szati Szimp\u00f3zium 2014"},"content":{"rendered":"<p>A szimp\u00f3ziumot 2014-ben l\u00e9treh\u00edv\u00f3, elind\u00edt\u00f3 ok a r\u00e9sztvev\u0151 alkot\u00f3k azon t\u00f6rekv\u00e9se, v\u00e1gya, hogy egy id\u0151re f\u00fcggetlen\u00edtve magukat a megrendel\u0151i ig\u00e9nyekt\u0151l, vagy a monument\u00e1lis k\u00f6zt\u00e9ri szobr\u00e1szat formai \u00e9s tartalmi kereteit\u0151l \u00f6n\u00e1ll\u00f3, saj\u00e1t bels\u0151 szobr\u00e1szi, formai invenci\u00f3ikat megval\u00f3s\u00edt\u00f3 m\u0171veket hozzanak l\u00e9tre. Ezen kezdem\u00e9nyez\u00e9snek adott teret a Szolnoki M\u0171v\u00e9szeti Egyes\u00fclet a m\u0171v\u00e9sztelep kertj\u00e9ben, \u00e9p\u00fcleteiben. Az alkot\u00f3t\u00e1bor m\u0171v\u00e9szei a Szolnoki K\u00e9pz\u0151m\u0171v\u00e9szeti T\u00e1rsas\u00e1g tags\u00e1g\u00e1b\u00f3l ker\u00fcltek ki, er\u0151s\u00edtve ezzel annak mind szakmai, mind emberi \u00e9rt\u00e9keket meg\u0151rizni \u00e9s felmutatni k\u00edv\u00e1n\u00f3 alapgondolat\u00e1t. Ezzel egy\u00fctt a rendezv\u00e9ny r\u00e9sztvev\u0151it tekintve orsz\u00e1gos mer\u00edt\u00e9s\u0171, hisz a m\u0171v\u00e9sztelepen \u00e9s Szolnokon tev\u00e9kenyked\u0151 szobr\u00e1szokon k\u00edv\u00fcl \u00e9rkeztek alkot\u00f3k Budapestr\u0151l, Baj\u00e1r\u00f3l, P\u00e9csr\u0151l \u00e9s Kisoroszib\u00f3l. A bar\u00e1ti hangulatban v\u00e9gzett k\u00f6z\u00f6s munka \u00e9s egy\u00fctt gondolkod\u00e1s eredm\u00e9nye a kezdetekt\u0151l az Aba-Nov\u00e1k Ag\u00f3ra Gal\u00e9ri\u00e1ban megrendezett, egy\u00e9ni hangokban b\u0151velked\u0151, m\u00e9gis egys\u00e9gesen magas szakmai sz\u00ednvonalat mutat\u00f3 ki\u00e1ll\u00edt\u00e1sok voltak. Tov\u00e1bb\u00e1 az az elhat\u00e1roz\u00e1s, hogy a szimp\u00f3zium a k\u00f6vetkez\u0151 \u00e9vekben is ker\u00fclj\u00f6n megrendez\u00e9sre \u00e9s l\u00e9pjen a Szolnoki M\u0171v\u00e9sztelep rendszeres programjainak sor\u00e1ba.<\/p>","protected":false},"excerpt":{"rendered":"<p>A szimp\u00f3ziumot 2014-ben l\u00e9treh\u00edv\u00f3, elind\u00edt\u00f3 ok a r\u00e9sztvev\u0151 alkot\u00f3k azon t\u00f6rekv\u00e9se, v\u00e1gya, hogy egy id\u0151re f\u00fcggetlen\u00edtve magukat a megrendel\u0151i ig\u00e9nyekt\u0151l, vagy a monument\u00e1lis k\u00f6zt\u00e9ri szobr\u00e1szat formai \u00e9s tartalmi kereteit\u0151l \u00f6n\u00e1ll\u00f3, saj\u00e1t bels\u0151 szobr\u00e1szi, formai invenci\u00f3ikat megval\u00f3s\u00edt\u00f3 m\u0171veket hozzanak l\u00e9tre. Ezen kezdem\u00e9nyez\u00e9snek adott teret a Szolnoki M\u0171v\u00e9szeti Egyes\u00fclet a m\u0171v\u00e9sztelep kertj\u00e9ben,&hellip; <\/p>","protected":false},"author":2,"featured_media":4987,"comment_status":"open","ping_status":"open","sticky":false,"template":"","format":"standard","meta":{"spay_email":"","jetpack_publicize_message":""},"categories":[55,59],"tags":[],"yst_prominent_words":[],"jetpack_featured_media_url":"https:\/\/i0.wp.com\/szolnokimuvesztelep.com\/wp-content\/uploads\/2019\/02\/Szolnoki-bronzszobraszati-szimpozium.kepkocka.jpg?fit=847%2C847","jetpack_publicize_connections":[],"yoast_head":"<!-- This site is optimized with the Yoast SEO Premium plugin v14.1 - https:\/\/yoast.com\/wordpress\/plugins\/seo\/ -->\n<title>Szolnoki Bronzszobr\u00e1szati Szimp\u00f3zium 2014 - SZOLNOKI M\u0170V\u00c9SZTELEP<\/title>\n<meta name=\"robots\" content=\"index, follow\" \/>\n<meta name=\"googlebot\" content=\"index, follow, max-snippet:-1, max-image-preview:large, max-video-preview:-1\" \/>\n<meta name=\"bingbot\" content=\"index, follow, max-snippet:-1, max-image-preview:large, max-video-preview:-1\" \/>\n<link rel=\"canonical\" href=\"http:\/\/szolnokimuvesztelep.com\/en\/2019\/05\/14\/szolnoki-bronzszobraszati-szimpozium-2014\/\" \/>\n<meta property=\"og:locale\" content=\"en_US\" \/>\n<meta property=\"og:type\" content=\"article\" \/>\n<meta property=\"og:title\" content=\"Szolnoki Bronzszobr\u00e1szati Szimp\u00f3zium 2014 - SZOLNOKI M\u0170V\u00c9SZTELEP\" \/>\n<meta property=\"og:description\" content=\"A szimp\u00f3ziumot 2014-ben l\u00e9treh\u00edv\u00f3, elind\u00edt\u00f3 ok a r\u00e9sztvev\u0151 alkot\u00f3k azon t\u00f6rekv\u00e9se, v\u00e1gya, hogy egy id\u0151re f\u00fcggetlen\u00edtve magukat a megrendel\u0151i ig\u00e9nyekt\u0151l, vagy a monument\u00e1lis k\u00f6zt\u00e9ri szobr\u00e1szat formai \u00e9s tartalmi kereteit\u0151l \u00f6n\u00e1ll\u00f3, saj\u00e1t bels\u0151 szobr\u00e1szi, formai invenci\u00f3ikat megval\u00f3s\u00edt\u00f3 m\u0171veket hozzanak l\u00e9tre. Ezen kezdem\u00e9nyez\u00e9snek adott teret a Szolnoki M\u0171v\u00e9szeti Egyes\u00fclet a m\u0171v\u00e9sztelep kertj\u00e9ben,&hellip;\" \/>\n<meta property=\"og:url\" content=\"http:\/\/szolnokimuvesztelep.com\/en\/2019\/05\/14\/szolnoki-bronzszobraszati-szimpozium-2014\/\" \/>\n<meta property=\"og:site_name\" content=\"SZOLNOKI M\u0170V\u00c9SZTELEP\" \/>\n<meta property=\"article:publisher\" content=\"https:\/\/www.facebook.com\/szolnokimuvesztelepofficial\/\" \/>\n<meta property=\"article:published_time\" content=\"2019-05-14T14:08:07+00:00\" \/>\n<meta property=\"article:modified_time\" content=\"2022-11-25T12:40:54+00:00\" \/>\n<meta property=\"og:image\" content=\"https:\/\/i0.wp.com\/szolnokimuvesztelep.com\/wp-content\/uploads\/2019\/02\/Szolnoki-bronzszobraszati-szimpozium.kepkocka.jpg?fit=847%2C847\" \/>\n\t<meta property=\"og:image:width\" content=\"847\" \/>\n\t<meta property=\"og:image:height\" content=\"847\" \/>\n<script type=\"application\/ld+json\" class=\"yoast-schema-graph\">{\"@context\":\"https:\/\/schema.org\",\"@graph\":[{\"@type\":\"Organization\",\"@id\":\"http:\/\/szolnokimuvesztelep.com\/en\/#organization\",\"name\":\"Szolnoki M\\u0171v\\u00e9sztelep\",\"url\":\"http:\/\/szolnokimuvesztelep.com\/en\/\",\"sameAs\":[\"https:\/\/www.facebook.com\/szolnokimuvesztelepofficial\/\",\"https:\/\/www.instagram.com\/szolnoki_muvesztelep\/\",\"https:\/\/www.youtube.com\/channel\/UCAYRF4A8FrslG3J__XEjEoA\",\"https:\/\/hu.wikipedia.org\/wiki\/Szolnoki_m\\u0171v\\u00e9sztelep\"],\"logo\":{\"@type\":\"ImageObject\",\"@id\":\"http:\/\/szolnokimuvesztelep.com\/en\/#logo\",\"inLanguage\":\"en-US\",\"url\":\"https:\/\/i0.wp.com\/szolnokimuvesztelep.com\/wp-content\/uploads\/2020\/05\/szmt_2019_szlogen_psz-01.png?fit=2242%2C863\",\"width\":2242,\"height\":863,\"caption\":\"Szolnoki M\\u0171v\\u00e9sztelep\"},\"image\":{\"@id\":\"http:\/\/szolnokimuvesztelep.com\/en\/#logo\"}},{\"@type\":\"WebSite\",\"@id\":\"http:\/\/szolnokimuvesztelep.com\/en\/#website\",\"url\":\"http:\/\/szolnokimuvesztelep.com\/en\/\",\"name\":\"SZOLNOKI M\\u0170V\\u00c9SZTELEP\",\"description\":\"Meg\\u00fajul\\u00f3 hagyom\\u00e1ny\",\"publisher\":{\"@id\":\"http:\/\/szolnokimuvesztelep.com\/en\/#organization\"},\"potentialAction\":[{\"@type\":\"SearchAction\",\"target\":\"http:\/\/szolnokimuvesztelep.com\/en\/?s={search_term_string}\",\"query-input\":\"required name=search_term_string\"}],\"inLanguage\":\"en-US\"},{\"@type\":\"ImageObject\",\"@id\":\"http:\/\/szolnokimuvesztelep.com\/2019\/05\/14\/szolnoki-bronzszobraszati-szimpozium-2014\/#primaryimage\",\"inLanguage\":\"en-US\",\"url\":\"https:\/\/i0.wp.com\/szolnokimuvesztelep.com\/wp-content\/uploads\/2019\/02\/Szolnoki-bronzszobraszati-szimpozium.kepkocka.jpg?fit=847%2C847\",\"width\":847,\"height\":847},{\"@type\":\"WebPage\",\"@id\":\"http:\/\/szolnokimuvesztelep.com\/2019\/05\/14\/szolnoki-bronzszobraszati-szimpozium-2014\/#webpage\",\"url\":\"http:\/\/szolnokimuvesztelep.com\/2019\/05\/14\/szolnoki-bronzszobraszati-szimpozium-2014\/\",\"name\":\"Szolnoki Bronzszobr\\u00e1szati Szimp\\u00f3zium 2014 - SZOLNOKI M\\u0170V\\u00c9SZTELEP\",\"isPartOf\":{\"@id\":\"http:\/\/szolnokimuvesztelep.com\/en\/#website\"},\"primaryImageOfPage\":{\"@id\":\"http:\/\/szolnokimuvesztelep.com\/2019\/05\/14\/szolnoki-bronzszobraszati-szimpozium-2014\/#primaryimage\"},\"datePublished\":\"2019-05-14T14:08:07+00:00\",\"dateModified\":\"2022-11-25T12:40:54+00:00\",\"inLanguage\":\"en-US\",\"potentialAction\":[{\"@type\":\"ReadAction\",\"target\":[\"http:\/\/szolnokimuvesztelep.com\/2019\/05\/14\/szolnoki-bronzszobraszati-szimpozium-2014\/\"]}]},{\"@type\":\"Article\",\"@id\":\"http:\/\/szolnokimuvesztelep.com\/2019\/05\/14\/szolnoki-bronzszobraszati-szimpozium-2014\/#article\",\"isPartOf\":{\"@id\":\"http:\/\/szolnokimuvesztelep.com\/2019\/05\/14\/szolnoki-bronzszobraszati-szimpozium-2014\/#webpage\"},\"author\":{\"@id\":\"http:\/\/szolnokimuvesztelep.com\/en\/#\/schema\/person\/6809c0486d15892946a64c7ea6eed077\"},\"headline\":\"Szolnoki Bronzszobr\\u00e1szati Szimp\\u00f3zium 2014\",\"datePublished\":\"2019-05-14T14:08:07+00:00\",\"dateModified\":\"2022-11-25T12:40:54+00:00\",\"commentCount\":0,\"mainEntityOfPage\":{\"@id\":\"http:\/\/szolnokimuvesztelep.com\/2019\/05\/14\/szolnoki-bronzszobraszati-szimpozium-2014\/#webpage\"},\"publisher\":{\"@id\":\"http:\/\/szolnokimuvesztelep.com\/en\/#organization\"},\"image\":{\"@id\":\"http:\/\/szolnokimuvesztelep.com\/2019\/05\/14\/szolnoki-bronzszobraszati-szimpozium-2014\/#primaryimage\"},\"articleSection\":\"Arch\\u00edv,Szolnoki Bronzszobr\\u00e1szati Szimp\\u00f3zium\",\"inLanguage\":\"en-US\",\"potentialAction\":[{\"@type\":\"CommentAction\",\"name\":\"Comment\",\"target\":[\"http:\/\/szolnokimuvesztelep.com\/2019\/05\/14\/szolnoki-bronzszobraszati-szimpozium-2014\/#respond\"]}]},{\"@type\":[\"Person\"],\"@id\":\"http:\/\/szolnokimuvesztelep.com\/en\/#\/schema\/person\/6809c0486d15892946a64c7ea6eed077\",\"name\":\"Verebes Edit\",\"image\":{\"@type\":\"ImageObject\",\"@id\":\"http:\/\/szolnokimuvesztelep.com\/en\/#personlogo\",\"inLanguage\":\"en-US\",\"url\":\"http:\/\/2.gravatar.com\/avatar\/5d546bcb1a27fb506fe8bb16e33cd5fd?s=96&d=mm&r=g\",\"caption\":\"Verebes Edit\"}}]}<\/script>\n<!-- \/ Yoast SEO Premium plugin. -->","jetpack_sharing_enabled":true,"jetpack_shortlink":"https:\/\/wp.me\/p9tpmR-1mB","jetpack_likes_enabled":true,"jetpack-related-posts":[],"_links":{"self":[{"href":"http:\/\/szolnokimuvesztelep.com\/en\/wp-json\/wp\/v2\/posts\/5245"}],"collection":[{"href":"http:\/\/szolnokimuvesztelep.com\/en\/wp-json\/wp\/v2\/posts"}],"about":[{"href":"http:\/\/szolnokimuvesztelep.com\/en\/wp-json\/wp\/v2\/types\/post"}],"author":[{"embeddable":true,"href":"http:\/\/szolnokimuvesztelep.com\/en\/wp-json\/wp\/v2\/users\/2"}],"replies":[{"embeddable":true,"href":"http:\/\/szolnokimuvesztelep.com\/en\/wp-json\/wp\/v2\/comments?post=5245"}],"version-history":[{"count":1,"href":"http:\/\/szolnokimuvesztelep.com\/en\/wp-json\/wp\/v2\/posts\/5245\/revisions"}],"predecessor-version":[{"id":5246,"href":"http:\/\/szolnokimuvesztelep.com\/en\/wp-json\/wp\/v2\/posts\/5245\/revisions\/5246"}],"wp:featuredmedia":[{"embeddable":true,"href":"http:\/\/szolnokimuvesztelep.com\/en\/wp-json\/wp\/v2\/media\/4987"}],"wp:attachment":[{"href":"http:\/\/szolnokimuvesztelep.com\/en\/wp-json\/wp\/v2\/media?parent=5245"}],"wp:term":[{"taxonomy":"category","embeddable":true,"href":"http:\/\/szolnokimuvesztelep.com\/en\/wp-json\/wp\/v2\/categories?post=5245"},{"taxonomy":"post_tag","embeddable":true,"href":"http:\/\/szolnokimuvesztelep.com\/en\/wp-json\/wp\/v2\/tags?post=5245"},{"taxonomy":"yst_prominent_words","embeddable":true,"href":"http:\/\/szolnokimuvesztelep.com\/en\/wp-json\/wp\/v2\/yst_prominent_words?post=5245"}],"curies":[{"name":"wp","href":"https:\/\/api.w.org\/{rel}","templated":true}]}}