{"id":5200,"date":"2019-04-17T12:19:47","date_gmt":"2019-04-17T12:19:47","guid":{"rendered":"http:\/\/szolnokimuvesztelep.com\/?p=5200"},"modified":"2022-11-25T12:41:24","modified_gmt":"2022-11-25T12:41:24","slug":"eszik-alajos-grafikusmuvesz-kiallitasa-a-szolnoki-galeriaban-2019-aprilis-26-16-ora","status":"publish","type":"post","link":"http:\/\/szolnokimuvesztelep.com\/en\/2019\/04\/17\/eszik-alajos-grafikusmuvesz-kiallitasa-a-szolnoki-galeriaban-2019-aprilis-26-16-ora\/","title":{"rendered":"V\u00c9GE! Eszik Alajos grafikusm\u0171v\u00e9sz ki\u00e1ll\u00edt\u00e1sa a Szolnoki Gal\u00e9ri\u00e1ban &#8211; 2019. \u00e1prilis 26. 16 \u00f3ra"},"content":{"rendered":"<p>A Damjanich J\u00e1nos M\u00fazeum tisztelettel megh\u00edvja \u00d6nt \u00e9s kedves bar\u00e1tait Eszik Alajos grafikusm\u0171v\u00e9sz ki\u00e1ll\u00edt\u00e1s\u00e1nak megnyit\u00f3j\u00e1ra!<\/p>\n<p>Helye: Szolnoki Gal\u00e9ria (5000 Szolnok, Templom \u00fat 2.)<br \/>\nIdeje: 2019. \u00e1prilis 26. 16 \u00f3ra<br \/>\nA ki\u00e1ll\u00edt\u00e1st megnyitja: Verebes Gy\u00f6rgy (\u00e9l\u0151sz\u00f3, zongora, mozdulat)<span class=\"text_exposed_show\"><br \/>\nK\u00f6zrem\u0171k\u00f6dik: Mester \u00c1d\u00e1m (harsona)<br \/>\nA ki\u00e1ll\u00edt\u00e1s megtekinthet\u0151: 2019. j\u00fanius 2-ig (h\u00e9tf\u0151 kiv\u00e9tel\u00e9vel minden nap 9 -17 \u00f3ra k\u00f6z\u00f6tt)<\/span><\/p>\n<div class=\"text_exposed_show\">\n<p>Eszik Alajos, a Szolnoki K\u00e9pz\u0151m\u0171v\u00e9szeti T\u00e1rsas\u00e1g tagjak\u00e9nt vett r\u00e9szt a magyar fest\u00e9szet napja alkalm\u00e1b\u00f3l megrendezett <em>R\u00e9sz \u00e9s Eg\u00e9sz<\/em> c\u00edm\u0171 ki\u00e1ll\u00edt\u00e1son, melyen m\u0171v\u00e9vel elnyerte a Damjanich J\u00e1nos M\u00fazeum d\u00edj\u00e1t. Ez\u00fattal \u00f6n\u00e1ll\u00f3 ki\u00e1ll\u00edt\u00e1sa ny\u00edlik v\u00e1rosunkban.<\/p>\n<p>Szeretettel v\u00e1runk minden kedves \u00e9rdekl\u0151d\u0151t!<\/p>\n<p><a href=\"https:\/\/www.facebook.com\/events\/530581490803197\/\">https:\/\/www.facebook.com\/events\/530581490803197\/<\/a><\/p>\n<div data-carousel-extra='{\"blog_id\":1,\"permalink\":\"http:\\\/\\\/szolnokimuvesztelep.com\\\/en\\\/2019\\\/04\\\/17\\\/eszik-alajos-grafikusmuvesz-kiallitasa-a-szolnoki-galeriaban-2019-aprilis-26-16-ora\\\/\"}' id='gallery-1' class='gallery galleryid-5200 gallery-columns-3 gallery-size-thumbnail'><figure class='gallery-item'>\n\t\t\t<div class='gallery-icon landscape'>\n\t\t\t\t<a href='https:\/\/i2.wp.com\/szolnokimuvesztelep.com\/wp-content\/uploads\/2019\/04\/EszikAlajos_meghivo.jpg'><img width=\"150\" height=\"150\" src=\"https:\/\/i2.wp.com\/szolnokimuvesztelep.com\/wp-content\/uploads\/2019\/04\/EszikAlajos_meghivo.jpg?resize=150%2C150\" class=\"attachment-thumbnail size-thumbnail\" alt=\"\" loading=\"lazy\" srcset=\"https:\/\/i2.wp.com\/szolnokimuvesztelep.com\/wp-content\/uploads\/2019\/04\/EszikAlajos_meghivo.jpg?resize=150%2C150 150w, https:\/\/i2.wp.com\/szolnokimuvesztelep.com\/wp-content\/uploads\/2019\/04\/EszikAlajos_meghivo.jpg?zoom=2&amp;resize=150%2C150 300w, https:\/\/i2.wp.com\/szolnokimuvesztelep.com\/wp-content\/uploads\/2019\/04\/EszikAlajos_meghivo.jpg?zoom=3&amp;resize=150%2C150 450w\" sizes=\"(max-width: 150px) 100vw, 150px\" data-attachment-id=\"5202\" data-permalink=\"http:\/\/szolnokimuvesztelep.com\/en\/2019\/04\/17\/eszik-alajos-grafikusmuvesz-kiallitasa-a-szolnoki-galeriaban-2019-aprilis-26-16-ora\/eszikalajos_meghivo\/\" data-orig-file=\"https:\/\/i2.wp.com\/szolnokimuvesztelep.com\/wp-content\/uploads\/2019\/04\/EszikAlajos_meghivo.jpg?fit=1240%2C591\" data-orig-size=\"1240,591\" data-comments-opened=\"1\" data-image-meta=\"{&quot;aperture&quot;:&quot;0&quot;,&quot;credit&quot;:&quot;&quot;,&quot;camera&quot;:&quot;&quot;,&quot;caption&quot;:&quot;&quot;,&quot;created_timestamp&quot;:&quot;0&quot;,&quot;copyright&quot;:&quot;&quot;,&quot;focal_length&quot;:&quot;0&quot;,&quot;iso&quot;:&quot;0&quot;,&quot;shutter_speed&quot;:&quot;0&quot;,&quot;title&quot;:&quot;&quot;,&quot;orientation&quot;:&quot;0&quot;}\" data-image-title=\"EszikAlajos_meghivo\" data-image-description=\"\" data-medium-file=\"https:\/\/i2.wp.com\/szolnokimuvesztelep.com\/wp-content\/uploads\/2019\/04\/EszikAlajos_meghivo.jpg?fit=300%2C143\" data-large-file=\"https:\/\/i2.wp.com\/szolnokimuvesztelep.com\/wp-content\/uploads\/2019\/04\/EszikAlajos_meghivo.jpg?fit=790%2C376\" \/><\/a>\n\t\t\t<\/div><\/figure>\n\t\t<\/div>\n\n<\/div>","protected":false},"excerpt":{"rendered":"<p>A Damjanich J\u00e1nos M\u00fazeum tisztelettel megh\u00edvja \u00d6nt \u00e9s kedves bar\u00e1tait Eszik Alajos grafikusm\u0171v\u00e9sz ki\u00e1ll\u00edt\u00e1s\u00e1nak megnyit\u00f3j\u00e1ra! Helye: Szolnoki Gal\u00e9ria (5000 Szolnok, Templom \u00fat 2.) Ideje: 2019. \u00e1prilis 26. 16 \u00f3ra A ki\u00e1ll\u00edt\u00e1st megnyitja: Verebes Gy\u00f6rgy (\u00e9l\u0151sz\u00f3, zongora, mozdulat) K\u00f6zrem\u0171k\u00f6dik: Mester \u00c1d\u00e1m (harsona) A ki\u00e1ll\u00edt\u00e1s megtekinthet\u0151: 2019. j\u00fanius 2-ig (h\u00e9tf\u0151 kiv\u00e9tel\u00e9vel minden&hellip; <\/p>","protected":false},"author":2,"featured_media":5201,"comment_status":"open","ping_status":"open","sticky":false,"template":"","format":"standard","meta":{"spay_email":"","jetpack_publicize_message":""},"categories":[55,58],"tags":[],"yst_prominent_words":[],"jetpack_featured_media_url":"https:\/\/i1.wp.com\/szolnokimuvesztelep.com\/wp-content\/uploads\/2019\/04\/eszik-kep.jpg?fit=427%2C427","jetpack_publicize_connections":[],"yoast_head":"<!-- This site is optimized with the Yoast SEO Premium plugin v14.1 - https:\/\/yoast.com\/wordpress\/plugins\/seo\/ -->\n<title>V\u00c9GE! Eszik Alajos grafikusm\u0171v\u00e9sz ki\u00e1ll\u00edt\u00e1sa a Szolnoki Gal\u00e9ri\u00e1ban - 2019. \u00e1prilis 26. 16 \u00f3ra - SZOLNOKI M\u0170V\u00c9SZTELEP<\/title>\n<meta name=\"robots\" content=\"index, follow\" \/>\n<meta name=\"googlebot\" content=\"index, follow, max-snippet:-1, max-image-preview:large, max-video-preview:-1\" \/>\n<meta name=\"bingbot\" content=\"index, follow, max-snippet:-1, max-image-preview:large, max-video-preview:-1\" \/>\n<link rel=\"canonical\" href=\"http:\/\/szolnokimuvesztelep.com\/en\/2019\/04\/17\/eszik-alajos-grafikusmuvesz-kiallitasa-a-szolnoki-galeriaban-2019-aprilis-26-16-ora\/\" \/>\n<meta property=\"og:locale\" content=\"en_US\" \/>\n<meta property=\"og:type\" content=\"article\" \/>\n<meta property=\"og:title\" content=\"V\u00c9GE! Eszik Alajos grafikusm\u0171v\u00e9sz ki\u00e1ll\u00edt\u00e1sa a Szolnoki Gal\u00e9ri\u00e1ban - 2019. \u00e1prilis 26. 16 \u00f3ra - SZOLNOKI M\u0170V\u00c9SZTELEP\" \/>\n<meta property=\"og:description\" content=\"A Damjanich J\u00e1nos M\u00fazeum tisztelettel megh\u00edvja \u00d6nt \u00e9s kedves bar\u00e1tait Eszik Alajos grafikusm\u0171v\u00e9sz ki\u00e1ll\u00edt\u00e1s\u00e1nak megnyit\u00f3j\u00e1ra! Helye: Szolnoki Gal\u00e9ria (5000 Szolnok, Templom \u00fat 2.) Ideje: 2019. \u00e1prilis 26. 16 \u00f3ra A ki\u00e1ll\u00edt\u00e1st megnyitja: Verebes Gy\u00f6rgy (\u00e9l\u0151sz\u00f3, zongora, mozdulat) K\u00f6zrem\u0171k\u00f6dik: Mester \u00c1d\u00e1m (harsona) A ki\u00e1ll\u00edt\u00e1s megtekinthet\u0151: 2019. j\u00fanius 2-ig (h\u00e9tf\u0151 kiv\u00e9tel\u00e9vel minden&hellip;\" \/>\n<meta property=\"og:url\" content=\"http:\/\/szolnokimuvesztelep.com\/en\/2019\/04\/17\/eszik-alajos-grafikusmuvesz-kiallitasa-a-szolnoki-galeriaban-2019-aprilis-26-16-ora\/\" \/>\n<meta property=\"og:site_name\" content=\"SZOLNOKI M\u0170V\u00c9SZTELEP\" \/>\n<meta property=\"article:publisher\" content=\"https:\/\/www.facebook.com\/szolnokimuvesztelepofficial\/\" \/>\n<meta property=\"article:published_time\" content=\"2019-04-17T12:19:47+00:00\" \/>\n<meta property=\"article:modified_time\" content=\"2022-11-25T12:41:24+00:00\" \/>\n<meta property=\"og:image\" content=\"https:\/\/i1.wp.com\/szolnokimuvesztelep.com\/wp-content\/uploads\/2019\/04\/eszik-kep.jpg?fit=427%2C427\" \/>\n\t<meta property=\"og:image:width\" content=\"427\" \/>\n\t<meta property=\"og:image:height\" content=\"427\" \/>\n<script type=\"application\/ld+json\" class=\"yoast-schema-graph\">{\"@context\":\"https:\/\/schema.org\",\"@graph\":[{\"@type\":\"Organization\",\"@id\":\"http:\/\/szolnokimuvesztelep.com\/en\/#organization\",\"name\":\"Szolnoki M\\u0171v\\u00e9sztelep\",\"url\":\"http:\/\/szolnokimuvesztelep.com\/en\/\",\"sameAs\":[\"https:\/\/www.facebook.com\/szolnokimuvesztelepofficial\/\",\"https:\/\/www.instagram.com\/szolnoki_muvesztelep\/\",\"https:\/\/www.youtube.com\/channel\/UCAYRF4A8FrslG3J__XEjEoA\",\"https:\/\/hu.wikipedia.org\/wiki\/Szolnoki_m\\u0171v\\u00e9sztelep\"],\"logo\":{\"@type\":\"ImageObject\",\"@id\":\"http:\/\/szolnokimuvesztelep.com\/en\/#logo\",\"inLanguage\":\"en-US\",\"url\":\"https:\/\/i0.wp.com\/szolnokimuvesztelep.com\/wp-content\/uploads\/2020\/05\/szmt_2019_szlogen_psz-01.png?fit=2242%2C863\",\"width\":2242,\"height\":863,\"caption\":\"Szolnoki M\\u0171v\\u00e9sztelep\"},\"image\":{\"@id\":\"http:\/\/szolnokimuvesztelep.com\/en\/#logo\"}},{\"@type\":\"WebSite\",\"@id\":\"http:\/\/szolnokimuvesztelep.com\/en\/#website\",\"url\":\"http:\/\/szolnokimuvesztelep.com\/en\/\",\"name\":\"SZOLNOKI M\\u0170V\\u00c9SZTELEP\",\"description\":\"Meg\\u00fajul\\u00f3 hagyom\\u00e1ny\",\"publisher\":{\"@id\":\"http:\/\/szolnokimuvesztelep.com\/en\/#organization\"},\"potentialAction\":[{\"@type\":\"SearchAction\",\"target\":\"http:\/\/szolnokimuvesztelep.com\/en\/?s={search_term_string}\",\"query-input\":\"required name=search_term_string\"}],\"inLanguage\":\"en-US\"},{\"@type\":\"ImageObject\",\"@id\":\"http:\/\/szolnokimuvesztelep.com\/2019\/04\/17\/eszik-alajos-grafikusmuvesz-kiallitasa-a-szolnoki-galeriaban-2019-aprilis-26-16-ora\/#primaryimage\",\"inLanguage\":\"en-US\",\"url\":\"https:\/\/i1.wp.com\/szolnokimuvesztelep.com\/wp-content\/uploads\/2019\/04\/eszik-kep.jpg?fit=427%2C427\",\"width\":427,\"height\":427},{\"@type\":\"WebPage\",\"@id\":\"http:\/\/szolnokimuvesztelep.com\/2019\/04\/17\/eszik-alajos-grafikusmuvesz-kiallitasa-a-szolnoki-galeriaban-2019-aprilis-26-16-ora\/#webpage\",\"url\":\"http:\/\/szolnokimuvesztelep.com\/2019\/04\/17\/eszik-alajos-grafikusmuvesz-kiallitasa-a-szolnoki-galeriaban-2019-aprilis-26-16-ora\/\",\"name\":\"V\\u00c9GE! Eszik Alajos grafikusm\\u0171v\\u00e9sz ki\\u00e1ll\\u00edt\\u00e1sa a Szolnoki Gal\\u00e9ri\\u00e1ban - 2019. \\u00e1prilis 26. 16 \\u00f3ra - SZOLNOKI M\\u0170V\\u00c9SZTELEP\",\"isPartOf\":{\"@id\":\"http:\/\/szolnokimuvesztelep.com\/en\/#website\"},\"primaryImageOfPage\":{\"@id\":\"http:\/\/szolnokimuvesztelep.com\/2019\/04\/17\/eszik-alajos-grafikusmuvesz-kiallitasa-a-szolnoki-galeriaban-2019-aprilis-26-16-ora\/#primaryimage\"},\"datePublished\":\"2019-04-17T12:19:47+00:00\",\"dateModified\":\"2022-11-25T12:41:24+00:00\",\"inLanguage\":\"en-US\",\"potentialAction\":[{\"@type\":\"ReadAction\",\"target\":[\"http:\/\/szolnokimuvesztelep.com\/2019\/04\/17\/eszik-alajos-grafikusmuvesz-kiallitasa-a-szolnoki-galeriaban-2019-aprilis-26-16-ora\/\"]}]},{\"@type\":\"Article\",\"@id\":\"http:\/\/szolnokimuvesztelep.com\/2019\/04\/17\/eszik-alajos-grafikusmuvesz-kiallitasa-a-szolnoki-galeriaban-2019-aprilis-26-16-ora\/#article\",\"isPartOf\":{\"@id\":\"http:\/\/szolnokimuvesztelep.com\/2019\/04\/17\/eszik-alajos-grafikusmuvesz-kiallitasa-a-szolnoki-galeriaban-2019-aprilis-26-16-ora\/#webpage\"},\"author\":{\"@id\":\"http:\/\/szolnokimuvesztelep.com\/en\/#\/schema\/person\/6809c0486d15892946a64c7ea6eed077\"},\"headline\":\"V\\u00c9GE! Eszik Alajos grafikusm\\u0171v\\u00e9sz ki\\u00e1ll\\u00edt\\u00e1sa a Szolnoki Gal\\u00e9ri\\u00e1ban &#8211; 2019. \\u00e1prilis 26. 16 \\u00f3ra\",\"datePublished\":\"2019-04-17T12:19:47+00:00\",\"dateModified\":\"2022-11-25T12:41:24+00:00\",\"commentCount\":0,\"mainEntityOfPage\":{\"@id\":\"http:\/\/szolnokimuvesztelep.com\/2019\/04\/17\/eszik-alajos-grafikusmuvesz-kiallitasa-a-szolnoki-galeriaban-2019-aprilis-26-16-ora\/#webpage\"},\"publisher\":{\"@id\":\"http:\/\/szolnokimuvesztelep.com\/en\/#organization\"},\"image\":{\"@id\":\"http:\/\/szolnokimuvesztelep.com\/2019\/04\/17\/eszik-alajos-grafikusmuvesz-kiallitasa-a-szolnoki-galeriaban-2019-aprilis-26-16-ora\/#primaryimage\"},\"articleSection\":\"Arch\\u00edv,H\\u00edrek\",\"inLanguage\":\"en-US\",\"potentialAction\":[{\"@type\":\"CommentAction\",\"name\":\"Comment\",\"target\":[\"http:\/\/szolnokimuvesztelep.com\/2019\/04\/17\/eszik-alajos-grafikusmuvesz-kiallitasa-a-szolnoki-galeriaban-2019-aprilis-26-16-ora\/#respond\"]}]},{\"@type\":[\"Person\"],\"@id\":\"http:\/\/szolnokimuvesztelep.com\/en\/#\/schema\/person\/6809c0486d15892946a64c7ea6eed077\",\"name\":\"Verebes Edit\",\"image\":{\"@type\":\"ImageObject\",\"@id\":\"http:\/\/szolnokimuvesztelep.com\/en\/#personlogo\",\"inLanguage\":\"en-US\",\"url\":\"http:\/\/2.gravatar.com\/avatar\/5d546bcb1a27fb506fe8bb16e33cd5fd?s=96&d=mm&r=g\",\"caption\":\"Verebes Edit\"}}]}<\/script>\n<!-- \/ Yoast SEO Premium plugin. -->","jetpack_sharing_enabled":true,"jetpack_shortlink":"https:\/\/wp.me\/p9tpmR-1lS","jetpack_likes_enabled":true,"jetpack-related-posts":[],"_links":{"self":[{"href":"http:\/\/szolnokimuvesztelep.com\/en\/wp-json\/wp\/v2\/posts\/5200"}],"collection":[{"href":"http:\/\/szolnokimuvesztelep.com\/en\/wp-json\/wp\/v2\/posts"}],"about":[{"href":"http:\/\/szolnokimuvesztelep.com\/en\/wp-json\/wp\/v2\/types\/post"}],"author":[{"embeddable":true,"href":"http:\/\/szolnokimuvesztelep.com\/en\/wp-json\/wp\/v2\/users\/2"}],"replies":[{"embeddable":true,"href":"http:\/\/szolnokimuvesztelep.com\/en\/wp-json\/wp\/v2\/comments?post=5200"}],"version-history":[{"count":4,"href":"http:\/\/szolnokimuvesztelep.com\/en\/wp-json\/wp\/v2\/posts\/5200\/revisions"}],"predecessor-version":[{"id":5279,"href":"http:\/\/szolnokimuvesztelep.com\/en\/wp-json\/wp\/v2\/posts\/5200\/revisions\/5279"}],"wp:featuredmedia":[{"embeddable":true,"href":"http:\/\/szolnokimuvesztelep.com\/en\/wp-json\/wp\/v2\/media\/5201"}],"wp:attachment":[{"href":"http:\/\/szolnokimuvesztelep.com\/en\/wp-json\/wp\/v2\/media?parent=5200"}],"wp:term":[{"taxonomy":"category","embeddable":true,"href":"http:\/\/szolnokimuvesztelep.com\/en\/wp-json\/wp\/v2\/categories?post=5200"},{"taxonomy":"post_tag","embeddable":true,"href":"http:\/\/szolnokimuvesztelep.com\/en\/wp-json\/wp\/v2\/tags?post=5200"},{"taxonomy":"yst_prominent_words","embeddable":true,"href":"http:\/\/szolnokimuvesztelep.com\/en\/wp-json\/wp\/v2\/yst_prominent_words?post=5200"}],"curies":[{"name":"wp","href":"https:\/\/api.w.org\/{rel}","templated":true}]}}