{"id":5069,"date":"2019-03-26T10:07:50","date_gmt":"2019-03-26T10:07:50","guid":{"rendered":"http:\/\/szolnokimuvesztelep.com\/?p=5069"},"modified":"2022-11-25T13:42:16","modified_gmt":"2022-11-25T13:42:16","slug":"verebes-gyorgy-kiallitasa-a-cegledi-galeriaban","status":"publish","type":"post","link":"http:\/\/szolnokimuvesztelep.com\/en\/2019\/03\/26\/verebes-gyorgy-kiallitasa-a-cegledi-galeriaban\/","title":{"rendered":"V\u00c9GE! Verebes Gy\u00f6rgy ki\u00e1ll\u00edt\u00e1sa a Cegl\u00e9di Gal\u00e9ri\u00e1ban"},"content":{"rendered":"<p>A Kossuth M\u0171vel\u0151d\u00e9si K\u00f6zpont tisztelettel megh\u00edvja \u00d6nt \u00e9s kedves Csal\u00e1dj\u00e1t<\/p>\n<p>VEREBES GY\u00d6RGY<br \/>\nMunk\u00e1csy-d\u00edjas fest\u0151m\u0171v\u00e9sz ki\u00e1ll\u00edt\u00e1s\u00e1ra<\/p>\n<p>2019. \u00e1prilis 5-\u00e9n (p\u00e9nteken) 17 \u00f3r\u00e1ra a Cegl\u00e9di Gal\u00e9ri\u00e1ba (Cegl\u00e9d, Kossuth t\u00e9r 5\/A)<\/p>\n<p>A ki\u00e1ll\u00edt\u00e1st megnyitja: R\u00e9vi Norbert szobr\u00e1szm\u0171v\u00e9sz<br \/>\nGit\u00e1ron k\u00f6zrem\u0171k\u00f6dik Magda G\u00e1bor a cegl\u00e9di Erkel Ferenc AMI tan\u00e1ra<br \/>\nAz ingyenesen megtekinthet\u0151 ki\u00e1ll\u00edt\u00e1s 2019. \u00e1prilis 25-ig l\u00e1togathat\u00f3, h\u00e9tf\u0151t\u0151l p\u00e9ntekig 10,00-18,00 , szombaton 8,00-12,00 \u00f3r\u00e1ig.<\/p>\n<p><a href=\"http:\/\/www.cegledikultura.hu\">www.cegledikultura.hu \u00a0<\/a><br \/>\n<a href=\"http:\/\/fb.com\/cegledigaleria\">fb.com\/cegledigaleria<\/a><br \/>\n<a href=\"http:\/\/www.verebesgyorgy.hu\">www.verebesgyorgy.hu<\/a><\/p>\n<p>Verebes Gy\u00f6rgy festm\u00e9nyein k\u00fcl\u00f6nf\u00e9le l\u00e9t-\u00e9s tudat\u00e1llapotok, \u00e9rzelmi viszonyul\u00e1sok sokas\u00e1g\u00e1t vonultatja fel, univerz\u00e1lis szimb\u00f3lumm\u00e1 emelve az emberi arc \u00e9s k\u00e9z monument\u00e1liss\u00e1 n\u00f6velt kifejez\u0151 erej\u00e9t. A klasszikus, virtu\u00f3z fest\u0151i el\u0151ad\u00e1sm\u00f3d megszabad\u00edtja a mondanival\u00f3t az aktualit\u00e1sok m\u00fal\u00e9konys\u00e1g\u00e1t\u00f3l \u00e1s az id\u0151 f\u00f6l\u00f6ttis\u00e9gbe helyezi azt.<\/p>\n<p><img data-attachment-id=\"5103\" data-permalink=\"http:\/\/szolnokimuvesztelep.com\/en\/2019\/03\/26\/verebes-gyorgy-kiallitasa-a-cegledi-galeriaban\/verebesgyorgy_kiallitas_kicsi\/\" data-orig-file=\"https:\/\/i2.wp.com\/szolnokimuvesztelep.com\/wp-content\/uploads\/2019\/03\/VerebesGyorgy_kiallitas_kicsi.jpg?fit=1241%2C621\" data-orig-size=\"1241,621\" data-comments-opened=\"1\" data-image-meta=\"{&quot;aperture&quot;:&quot;0&quot;,&quot;credit&quot;:&quot;&quot;,&quot;camera&quot;:&quot;&quot;,&quot;caption&quot;:&quot;&quot;,&quot;created_timestamp&quot;:&quot;0&quot;,&quot;copyright&quot;:&quot;&quot;,&quot;focal_length&quot;:&quot;0&quot;,&quot;iso&quot;:&quot;0&quot;,&quot;shutter_speed&quot;:&quot;0&quot;,&quot;title&quot;:&quot;&quot;,&quot;orientation&quot;:&quot;1&quot;}\" data-image-title=\"VerebesGyorgy_kiallitas_kicsi\" data-image-description=\"\" data-medium-file=\"https:\/\/i2.wp.com\/szolnokimuvesztelep.com\/wp-content\/uploads\/2019\/03\/VerebesGyorgy_kiallitas_kicsi.jpg?fit=300%2C150\" data-large-file=\"https:\/\/i2.wp.com\/szolnokimuvesztelep.com\/wp-content\/uploads\/2019\/03\/VerebesGyorgy_kiallitas_kicsi.jpg?fit=790%2C395\" loading=\"lazy\" class=\"wp-image-5103 aligncenter\" src=\"https:\/\/i2.wp.com\/szolnokimuvesztelep.com\/wp-content\/uploads\/2019\/03\/VerebesGyorgy_kiallitas_kicsi.jpg?resize=610%2C305\" alt=\"\" width=\"610\" height=\"305\" srcset=\"https:\/\/i2.wp.com\/szolnokimuvesztelep.com\/wp-content\/uploads\/2019\/03\/VerebesGyorgy_kiallitas_kicsi.jpg?resize=300%2C150 300w, https:\/\/i2.wp.com\/szolnokimuvesztelep.com\/wp-content\/uploads\/2019\/03\/VerebesGyorgy_kiallitas_kicsi.jpg?resize=768%2C384 768w, https:\/\/i2.wp.com\/szolnokimuvesztelep.com\/wp-content\/uploads\/2019\/03\/VerebesGyorgy_kiallitas_kicsi.jpg?resize=1024%2C512 1024w, https:\/\/i2.wp.com\/szolnokimuvesztelep.com\/wp-content\/uploads\/2019\/03\/VerebesGyorgy_kiallitas_kicsi.jpg?resize=600%2C300 600w, https:\/\/i2.wp.com\/szolnokimuvesztelep.com\/wp-content\/uploads\/2019\/03\/VerebesGyorgy_kiallitas_kicsi.jpg?w=1241 1241w\" sizes=\"(max-width: 610px) 100vw, 610px\" data-recalc-dims=\"1\" \/><\/p>","protected":false},"excerpt":{"rendered":"<p>A Kossuth M\u0171vel\u0151d\u00e9si K\u00f6zpont tisztelettel megh\u00edvja \u00d6nt \u00e9s kedves Csal\u00e1dj\u00e1t VEREBES GY\u00d6RGY Munk\u00e1csy-d\u00edjas fest\u0151m\u0171v\u00e9sz ki\u00e1ll\u00edt\u00e1s\u00e1ra 2019. \u00e1prilis 5-\u00e9n (p\u00e9nteken) 17 \u00f3r\u00e1ra a Cegl\u00e9di Gal\u00e9ri\u00e1ba (Cegl\u00e9d, Kossuth t\u00e9r 5\/A) A ki\u00e1ll\u00edt\u00e1st megnyitja: R\u00e9vi Norbert szobr\u00e1szm\u0171v\u00e9sz Git\u00e1ron k\u00f6zrem\u0171k\u00f6dik Magda G\u00e1bor a cegl\u00e9di Erkel Ferenc AMI tan\u00e1ra Az ingyenesen megtekinthet\u0151 ki\u00e1ll\u00edt\u00e1s 2019. \u00e1prilis&hellip; <\/p>","protected":false},"author":2,"featured_media":5071,"comment_status":"open","ping_status":"open","sticky":false,"template":"","format":"standard","meta":{"spay_email":"","jetpack_publicize_message":""},"categories":[55,58],"tags":[],"yst_prominent_words":[],"jetpack_featured_media_url":"https:\/\/i1.wp.com\/szolnokimuvesztelep.com\/wp-content\/uploads\/2019\/03\/VerebesGyorgy_kiallitas_2019_03132.jpg?fit=621%2C621","jetpack_publicize_connections":[],"yoast_head":"<!-- This site is optimized with the Yoast SEO Premium plugin v14.1 - https:\/\/yoast.com\/wordpress\/plugins\/seo\/ -->\n<title>V\u00c9GE! Verebes Gy\u00f6rgy ki\u00e1ll\u00edt\u00e1sa a Cegl\u00e9di Gal\u00e9ri\u00e1ban - SZOLNOKI M\u0170V\u00c9SZTELEP<\/title>\n<meta name=\"robots\" content=\"index, follow\" \/>\n<meta name=\"googlebot\" content=\"index, follow, max-snippet:-1, max-image-preview:large, max-video-preview:-1\" \/>\n<meta name=\"bingbot\" content=\"index, follow, max-snippet:-1, max-image-preview:large, max-video-preview:-1\" \/>\n<link rel=\"canonical\" href=\"http:\/\/szolnokimuvesztelep.com\/en\/2019\/03\/26\/verebes-gyorgy-kiallitasa-a-cegledi-galeriaban\/\" \/>\n<meta property=\"og:locale\" content=\"en_US\" \/>\n<meta property=\"og:type\" content=\"article\" \/>\n<meta property=\"og:title\" content=\"V\u00c9GE! Verebes Gy\u00f6rgy ki\u00e1ll\u00edt\u00e1sa a Cegl\u00e9di Gal\u00e9ri\u00e1ban - SZOLNOKI M\u0170V\u00c9SZTELEP\" \/>\n<meta property=\"og:description\" content=\"A Kossuth M\u0171vel\u0151d\u00e9si K\u00f6zpont tisztelettel megh\u00edvja \u00d6nt \u00e9s kedves Csal\u00e1dj\u00e1t VEREBES GY\u00d6RGY Munk\u00e1csy-d\u00edjas fest\u0151m\u0171v\u00e9sz ki\u00e1ll\u00edt\u00e1s\u00e1ra 2019. \u00e1prilis 5-\u00e9n (p\u00e9nteken) 17 \u00f3r\u00e1ra a Cegl\u00e9di Gal\u00e9ri\u00e1ba (Cegl\u00e9d, Kossuth t\u00e9r 5\/A) A ki\u00e1ll\u00edt\u00e1st megnyitja: R\u00e9vi Norbert szobr\u00e1szm\u0171v\u00e9sz Git\u00e1ron k\u00f6zrem\u0171k\u00f6dik Magda G\u00e1bor a cegl\u00e9di Erkel Ferenc AMI tan\u00e1ra Az ingyenesen megtekinthet\u0151 ki\u00e1ll\u00edt\u00e1s 2019. \u00e1prilis&hellip;\" \/>\n<meta property=\"og:url\" content=\"http:\/\/szolnokimuvesztelep.com\/en\/2019\/03\/26\/verebes-gyorgy-kiallitasa-a-cegledi-galeriaban\/\" \/>\n<meta property=\"og:site_name\" content=\"SZOLNOKI M\u0170V\u00c9SZTELEP\" \/>\n<meta property=\"article:publisher\" content=\"https:\/\/www.facebook.com\/szolnokimuvesztelepofficial\/\" \/>\n<meta property=\"article:published_time\" content=\"2019-03-26T10:07:50+00:00\" \/>\n<meta property=\"article:modified_time\" content=\"2022-11-25T13:42:16+00:00\" \/>\n<meta property=\"og:image\" content=\"https:\/\/i1.wp.com\/szolnokimuvesztelep.com\/wp-content\/uploads\/2019\/03\/VerebesGyorgy_kiallitas_2019_03132.jpg?fit=621%2C621\" \/>\n\t<meta property=\"og:image:width\" content=\"621\" \/>\n\t<meta property=\"og:image:height\" content=\"621\" \/>\n<script type=\"application\/ld+json\" class=\"yoast-schema-graph\">{\"@context\":\"https:\/\/schema.org\",\"@graph\":[{\"@type\":\"Organization\",\"@id\":\"http:\/\/szolnokimuvesztelep.com\/en\/#organization\",\"name\":\"Szolnoki M\\u0171v\\u00e9sztelep\",\"url\":\"http:\/\/szolnokimuvesztelep.com\/en\/\",\"sameAs\":[\"https:\/\/www.facebook.com\/szolnokimuvesztelepofficial\/\",\"https:\/\/www.instagram.com\/szolnoki_muvesztelep\/\",\"https:\/\/www.youtube.com\/channel\/UCAYRF4A8FrslG3J__XEjEoA\",\"https:\/\/hu.wikipedia.org\/wiki\/Szolnoki_m\\u0171v\\u00e9sztelep\"],\"logo\":{\"@type\":\"ImageObject\",\"@id\":\"http:\/\/szolnokimuvesztelep.com\/en\/#logo\",\"inLanguage\":\"en-US\",\"url\":\"https:\/\/i0.wp.com\/szolnokimuvesztelep.com\/wp-content\/uploads\/2020\/05\/szmt_2019_szlogen_psz-01.png?fit=2242%2C863\",\"width\":2242,\"height\":863,\"caption\":\"Szolnoki M\\u0171v\\u00e9sztelep\"},\"image\":{\"@id\":\"http:\/\/szolnokimuvesztelep.com\/en\/#logo\"}},{\"@type\":\"WebSite\",\"@id\":\"http:\/\/szolnokimuvesztelep.com\/en\/#website\",\"url\":\"http:\/\/szolnokimuvesztelep.com\/en\/\",\"name\":\"SZOLNOKI M\\u0170V\\u00c9SZTELEP\",\"description\":\"Meg\\u00fajul\\u00f3 hagyom\\u00e1ny\",\"publisher\":{\"@id\":\"http:\/\/szolnokimuvesztelep.com\/en\/#organization\"},\"potentialAction\":[{\"@type\":\"SearchAction\",\"target\":\"http:\/\/szolnokimuvesztelep.com\/en\/?s={search_term_string}\",\"query-input\":\"required name=search_term_string\"}],\"inLanguage\":\"en-US\"},{\"@type\":\"ImageObject\",\"@id\":\"http:\/\/szolnokimuvesztelep.com\/2019\/03\/26\/verebes-gyorgy-kiallitasa-a-cegledi-galeriaban\/#primaryimage\",\"inLanguage\":\"en-US\",\"url\":\"https:\/\/i1.wp.com\/szolnokimuvesztelep.com\/wp-content\/uploads\/2019\/03\/VerebesGyorgy_kiallitas_2019_03132.jpg?fit=621%2C621\",\"width\":621,\"height\":621,\"caption\":\"Burok, olaj, v\\u00e1szon, 100x120 cm\"},{\"@type\":\"WebPage\",\"@id\":\"http:\/\/szolnokimuvesztelep.com\/2019\/03\/26\/verebes-gyorgy-kiallitasa-a-cegledi-galeriaban\/#webpage\",\"url\":\"http:\/\/szolnokimuvesztelep.com\/2019\/03\/26\/verebes-gyorgy-kiallitasa-a-cegledi-galeriaban\/\",\"name\":\"V\\u00c9GE! Verebes Gy\\u00f6rgy ki\\u00e1ll\\u00edt\\u00e1sa a Cegl\\u00e9di Gal\\u00e9ri\\u00e1ban - SZOLNOKI M\\u0170V\\u00c9SZTELEP\",\"isPartOf\":{\"@id\":\"http:\/\/szolnokimuvesztelep.com\/en\/#website\"},\"primaryImageOfPage\":{\"@id\":\"http:\/\/szolnokimuvesztelep.com\/2019\/03\/26\/verebes-gyorgy-kiallitasa-a-cegledi-galeriaban\/#primaryimage\"},\"datePublished\":\"2019-03-26T10:07:50+00:00\",\"dateModified\":\"2022-11-25T13:42:16+00:00\",\"inLanguage\":\"en-US\",\"potentialAction\":[{\"@type\":\"ReadAction\",\"target\":[\"http:\/\/szolnokimuvesztelep.com\/2019\/03\/26\/verebes-gyorgy-kiallitasa-a-cegledi-galeriaban\/\"]}]},{\"@type\":\"Article\",\"@id\":\"http:\/\/szolnokimuvesztelep.com\/2019\/03\/26\/verebes-gyorgy-kiallitasa-a-cegledi-galeriaban\/#article\",\"isPartOf\":{\"@id\":\"http:\/\/szolnokimuvesztelep.com\/2019\/03\/26\/verebes-gyorgy-kiallitasa-a-cegledi-galeriaban\/#webpage\"},\"author\":{\"@id\":\"http:\/\/szolnokimuvesztelep.com\/en\/#\/schema\/person\/6809c0486d15892946a64c7ea6eed077\"},\"headline\":\"V\\u00c9GE! Verebes Gy\\u00f6rgy ki\\u00e1ll\\u00edt\\u00e1sa a Cegl\\u00e9di Gal\\u00e9ri\\u00e1ban\",\"datePublished\":\"2019-03-26T10:07:50+00:00\",\"dateModified\":\"2022-11-25T13:42:16+00:00\",\"commentCount\":0,\"mainEntityOfPage\":{\"@id\":\"http:\/\/szolnokimuvesztelep.com\/2019\/03\/26\/verebes-gyorgy-kiallitasa-a-cegledi-galeriaban\/#webpage\"},\"publisher\":{\"@id\":\"http:\/\/szolnokimuvesztelep.com\/en\/#organization\"},\"image\":{\"@id\":\"http:\/\/szolnokimuvesztelep.com\/2019\/03\/26\/verebes-gyorgy-kiallitasa-a-cegledi-galeriaban\/#primaryimage\"},\"articleSection\":\"Arch\\u00edv,H\\u00edrek\",\"inLanguage\":\"en-US\",\"potentialAction\":[{\"@type\":\"CommentAction\",\"name\":\"Comment\",\"target\":[\"http:\/\/szolnokimuvesztelep.com\/2019\/03\/26\/verebes-gyorgy-kiallitasa-a-cegledi-galeriaban\/#respond\"]}]},{\"@type\":[\"Person\"],\"@id\":\"http:\/\/szolnokimuvesztelep.com\/en\/#\/schema\/person\/6809c0486d15892946a64c7ea6eed077\",\"name\":\"Verebes Edit\",\"image\":{\"@type\":\"ImageObject\",\"@id\":\"http:\/\/szolnokimuvesztelep.com\/en\/#personlogo\",\"inLanguage\":\"en-US\",\"url\":\"http:\/\/2.gravatar.com\/avatar\/5d546bcb1a27fb506fe8bb16e33cd5fd?s=96&d=mm&r=g\",\"caption\":\"Verebes Edit\"}}]}<\/script>\n<!-- \/ Yoast SEO Premium plugin. -->","jetpack_sharing_enabled":true,"jetpack_shortlink":"https:\/\/wp.me\/p9tpmR-1jL","jetpack_likes_enabled":true,"jetpack-related-posts":[],"_links":{"self":[{"href":"http:\/\/szolnokimuvesztelep.com\/en\/wp-json\/wp\/v2\/posts\/5069"}],"collection":[{"href":"http:\/\/szolnokimuvesztelep.com\/en\/wp-json\/wp\/v2\/posts"}],"about":[{"href":"http:\/\/szolnokimuvesztelep.com\/en\/wp-json\/wp\/v2\/types\/post"}],"author":[{"embeddable":true,"href":"http:\/\/szolnokimuvesztelep.com\/en\/wp-json\/wp\/v2\/users\/2"}],"replies":[{"embeddable":true,"href":"http:\/\/szolnokimuvesztelep.com\/en\/wp-json\/wp\/v2\/comments?post=5069"}],"version-history":[{"count":3,"href":"http:\/\/szolnokimuvesztelep.com\/en\/wp-json\/wp\/v2\/posts\/5069\/revisions"}],"predecessor-version":[{"id":5230,"href":"http:\/\/szolnokimuvesztelep.com\/en\/wp-json\/wp\/v2\/posts\/5069\/revisions\/5230"}],"wp:featuredmedia":[{"embeddable":true,"href":"http:\/\/szolnokimuvesztelep.com\/en\/wp-json\/wp\/v2\/media\/5071"}],"wp:attachment":[{"href":"http:\/\/szolnokimuvesztelep.com\/en\/wp-json\/wp\/v2\/media?parent=5069"}],"wp:term":[{"taxonomy":"category","embeddable":true,"href":"http:\/\/szolnokimuvesztelep.com\/en\/wp-json\/wp\/v2\/categories?post=5069"},{"taxonomy":"post_tag","embeddable":true,"href":"http:\/\/szolnokimuvesztelep.com\/en\/wp-json\/wp\/v2\/tags?post=5069"},{"taxonomy":"yst_prominent_words","embeddable":true,"href":"http:\/\/szolnokimuvesztelep.com\/en\/wp-json\/wp\/v2\/yst_prominent_words?post=5069"}],"curies":[{"name":"wp","href":"https:\/\/api.w.org\/{rel}","templated":true}]}}