{"id":5034,"date":"2019-03-14T12:28:39","date_gmt":"2019-03-14T12:28:39","guid":{"rendered":"http:\/\/szolnokimuvesztelep.com\/?p=5034"},"modified":"2022-11-25T13:42:40","modified_gmt":"2022-11-25T13:42:40","slug":"jelenlet-a-szolnoki-muvesztelep-kiallitasanak-zaroesemenye","status":"publish","type":"post","link":"http:\/\/szolnokimuvesztelep.com\/en\/2019\/03\/14\/jelenlet-a-szolnoki-muvesztelep-kiallitasanak-zaroesemenye\/","title":{"rendered":"Jelenl\u00e9t &#8211; a Szolnoki M\u0171v\u00e9sztelep ki\u00e1ll\u00edt\u00e1s\u00e1nak z\u00e1r\u00f3esem\u00e9nye"},"content":{"rendered":"<p>A Szolnoki M\u0171v\u00e9szeti Egyes\u00fclet \u00e9s a k\u00e1poln\u00e1sny\u00e9ki Hal\u00e1sz-kast\u00e9ly megh\u00edvja \u00d6nt \u00e9s bar\u00e1tait<\/p>\n<p>a <em>Kast\u00e9lymes\u00e9k a Szolnoki M\u0171v\u00e9sztelep alkot\u00f3ival <\/em><\/p>\n<p>c\u00edm\u0171 esem\u00e9nyre.<\/p>\n<p>A mes\u00e9l\u0151k a 116 \u00e9ves Szolnoki M\u0171v\u00e9sztelep <em>Jelenl\u00e9t<\/em> c\u00edm\u0171 t\u00e1rlat\u00e1nak z\u00e1r\u00f3esem\u00e9ny\u00e9n a M\u0171v\u00e9sztelep alkot\u00f3i lesznek, akik k\u00fcl\u00f6nleges \u00e9let\u00fckr\u0151l, hivat\u00e1sukr\u00f3l, valamint eml\u00e9kezetes \u00e9p\u00fcletekr\u0151l, \u00e9s az ezekhez kapcsol\u00f3d\u00f3 szem\u00e9lyes t\u00f6rt\u00e9neteikr\u0151l mes\u00e9lnek. A vend\u00e9gekkel Rodics Eszter, a kast\u00e9ly igazgat\u00f3ja besz\u00e9lget. A dallamokr\u00f3l ezen az est\u00e9n szint\u00e9n a szolnoki m\u0171v\u00e9szek gondoskodnak majd.<\/p>\n<p>Ideje: 2019. m\u00e1rcius 22. 18.00 \u00f3ra<br \/>\nHelysz\u00edn: Hal\u00e1sz-kast\u00e9ly (2475 K\u00e1poln\u00e1sny\u00e9k, De\u00e1k Ferenc u. 10.)<br \/>\nR\u00e9sztvev\u0151 m\u0171v\u00e9szek: Bar\u00e1th F\u00e1bi\u00e1n, Szab\u00f3 Gy\u00f6rgy, R\u00e9vi Norbert, Verebes Gy\u00f6rgy<\/p>\n<p>Szeretettel v\u00e1rjuk \u00d6n\u00f6ket erre az izgalmas kalandoz\u00e1sra!<\/p>\n<p>Tov\u00e1bbi inform\u00e1ci\u00f3:<br \/>\nHal\u00e1sz-kast\u00e9ly | 2475 K\u00e1poln\u00e1sny\u00e9k, De\u00e1k Ferenc u. 10. | Tel.: +36 21 292 0471 \u00a0| info@halaszkastely.hu\u00a0| www.halaszkastely.hu<\/p>\n<p><a href=\"https:\/\/www.facebook.com\/events\/560615581107893\/\">https:\/\/www.facebook.com\/events\/560615581107893\/<\/a><\/p>","protected":false},"excerpt":{"rendered":"<p>A Szolnoki M\u0171v\u00e9szeti Egyes\u00fclet \u00e9s a k\u00e1poln\u00e1sny\u00e9ki Hal\u00e1sz-kast\u00e9ly megh\u00edvja \u00d6nt \u00e9s bar\u00e1tait a Kast\u00e9lymes\u00e9k a Szolnoki M\u0171v\u00e9sztelep alkot\u00f3ival c\u00edm\u0171 esem\u00e9nyre. A mes\u00e9l\u0151k a 116 \u00e9ves Szolnoki M\u0171v\u00e9sztelep Jelenl\u00e9t c\u00edm\u0171 t\u00e1rlat\u00e1nak z\u00e1r\u00f3esem\u00e9ny\u00e9n a M\u0171v\u00e9sztelep alkot\u00f3i lesznek, akik k\u00fcl\u00f6nleges \u00e9let\u00fckr\u0151l, hivat\u00e1sukr\u00f3l, valamint eml\u00e9kezetes \u00e9p\u00fcletekr\u0151l, \u00e9s az ezekhez kapcsol\u00f3d\u00f3 szem\u00e9lyes t\u00f6rt\u00e9neteikr\u0151l mes\u00e9lnek. A&hellip; <\/p>","protected":false},"author":2,"featured_media":5035,"comment_status":"open","ping_status":"open","sticky":false,"template":"","format":"standard","meta":{"spay_email":"","jetpack_publicize_message":""},"categories":[55,58],"tags":[],"yst_prominent_words":[],"jetpack_featured_media_url":"https:\/\/i0.wp.com\/szolnokimuvesztelep.com\/wp-content\/uploads\/2019\/03\/kastelymesek.jpg?fit=550%2C540","jetpack_publicize_connections":[],"yoast_head":"<!-- This site is optimized with the Yoast SEO Premium plugin v14.1 - https:\/\/yoast.com\/wordpress\/plugins\/seo\/ -->\n<title>Jelenl\u00e9t - a Szolnoki M\u0171v\u00e9sztelep ki\u00e1ll\u00edt\u00e1s\u00e1nak z\u00e1r\u00f3esem\u00e9nye - SZOLNOKI M\u0170V\u00c9SZTELEP<\/title>\n<meta name=\"robots\" content=\"index, follow\" \/>\n<meta name=\"googlebot\" content=\"index, follow, max-snippet:-1, max-image-preview:large, max-video-preview:-1\" \/>\n<meta name=\"bingbot\" content=\"index, follow, max-snippet:-1, max-image-preview:large, max-video-preview:-1\" \/>\n<link rel=\"canonical\" href=\"http:\/\/szolnokimuvesztelep.com\/en\/2019\/03\/14\/jelenlet-a-szolnoki-muvesztelep-kiallitasanak-zaroesemenye\/\" \/>\n<meta property=\"og:locale\" content=\"en_US\" \/>\n<meta property=\"og:type\" content=\"article\" \/>\n<meta property=\"og:title\" content=\"Jelenl\u00e9t - a Szolnoki M\u0171v\u00e9sztelep ki\u00e1ll\u00edt\u00e1s\u00e1nak z\u00e1r\u00f3esem\u00e9nye - SZOLNOKI M\u0170V\u00c9SZTELEP\" \/>\n<meta property=\"og:description\" content=\"A Szolnoki M\u0171v\u00e9szeti Egyes\u00fclet \u00e9s a k\u00e1poln\u00e1sny\u00e9ki Hal\u00e1sz-kast\u00e9ly megh\u00edvja \u00d6nt \u00e9s bar\u00e1tait a Kast\u00e9lymes\u00e9k a Szolnoki M\u0171v\u00e9sztelep alkot\u00f3ival c\u00edm\u0171 esem\u00e9nyre. A mes\u00e9l\u0151k a 116 \u00e9ves Szolnoki M\u0171v\u00e9sztelep Jelenl\u00e9t c\u00edm\u0171 t\u00e1rlat\u00e1nak z\u00e1r\u00f3esem\u00e9ny\u00e9n a M\u0171v\u00e9sztelep alkot\u00f3i lesznek, akik k\u00fcl\u00f6nleges \u00e9let\u00fckr\u0151l, hivat\u00e1sukr\u00f3l, valamint eml\u00e9kezetes \u00e9p\u00fcletekr\u0151l, \u00e9s az ezekhez kapcsol\u00f3d\u00f3 szem\u00e9lyes t\u00f6rt\u00e9neteikr\u0151l mes\u00e9lnek. A&hellip;\" \/>\n<meta property=\"og:url\" content=\"http:\/\/szolnokimuvesztelep.com\/en\/2019\/03\/14\/jelenlet-a-szolnoki-muvesztelep-kiallitasanak-zaroesemenye\/\" \/>\n<meta property=\"og:site_name\" content=\"SZOLNOKI M\u0170V\u00c9SZTELEP\" \/>\n<meta property=\"article:publisher\" content=\"https:\/\/www.facebook.com\/szolnokimuvesztelepofficial\/\" \/>\n<meta property=\"article:published_time\" content=\"2019-03-14T12:28:39+00:00\" \/>\n<meta property=\"article:modified_time\" content=\"2022-11-25T13:42:40+00:00\" \/>\n<meta property=\"og:image\" content=\"https:\/\/i0.wp.com\/szolnokimuvesztelep.com\/wp-content\/uploads\/2019\/03\/kastelymesek.jpg?fit=550%2C540\" \/>\n\t<meta property=\"og:image:width\" content=\"550\" \/>\n\t<meta property=\"og:image:height\" content=\"540\" \/>\n<script type=\"application\/ld+json\" class=\"yoast-schema-graph\">{\"@context\":\"https:\/\/schema.org\",\"@graph\":[{\"@type\":\"Organization\",\"@id\":\"http:\/\/szolnokimuvesztelep.com\/en\/#organization\",\"name\":\"Szolnoki M\\u0171v\\u00e9sztelep\",\"url\":\"http:\/\/szolnokimuvesztelep.com\/en\/\",\"sameAs\":[\"https:\/\/www.facebook.com\/szolnokimuvesztelepofficial\/\",\"https:\/\/www.instagram.com\/szolnoki_muvesztelep\/\",\"https:\/\/www.youtube.com\/channel\/UCAYRF4A8FrslG3J__XEjEoA\",\"https:\/\/hu.wikipedia.org\/wiki\/Szolnoki_m\\u0171v\\u00e9sztelep\"],\"logo\":{\"@type\":\"ImageObject\",\"@id\":\"http:\/\/szolnokimuvesztelep.com\/en\/#logo\",\"inLanguage\":\"en-US\",\"url\":\"https:\/\/i0.wp.com\/szolnokimuvesztelep.com\/wp-content\/uploads\/2020\/05\/szmt_2019_szlogen_psz-01.png?fit=2242%2C863\",\"width\":2242,\"height\":863,\"caption\":\"Szolnoki M\\u0171v\\u00e9sztelep\"},\"image\":{\"@id\":\"http:\/\/szolnokimuvesztelep.com\/en\/#logo\"}},{\"@type\":\"WebSite\",\"@id\":\"http:\/\/szolnokimuvesztelep.com\/en\/#website\",\"url\":\"http:\/\/szolnokimuvesztelep.com\/en\/\",\"name\":\"SZOLNOKI M\\u0170V\\u00c9SZTELEP\",\"description\":\"Meg\\u00fajul\\u00f3 hagyom\\u00e1ny\",\"publisher\":{\"@id\":\"http:\/\/szolnokimuvesztelep.com\/en\/#organization\"},\"potentialAction\":[{\"@type\":\"SearchAction\",\"target\":\"http:\/\/szolnokimuvesztelep.com\/en\/?s={search_term_string}\",\"query-input\":\"required name=search_term_string\"}],\"inLanguage\":\"en-US\"},{\"@type\":\"ImageObject\",\"@id\":\"http:\/\/szolnokimuvesztelep.com\/2019\/03\/14\/jelenlet-a-szolnoki-muvesztelep-kiallitasanak-zaroesemenye\/#primaryimage\",\"inLanguage\":\"en-US\",\"url\":\"https:\/\/i0.wp.com\/szolnokimuvesztelep.com\/wp-content\/uploads\/2019\/03\/kastelymesek.jpg?fit=550%2C540\",\"width\":550,\"height\":540},{\"@type\":\"WebPage\",\"@id\":\"http:\/\/szolnokimuvesztelep.com\/2019\/03\/14\/jelenlet-a-szolnoki-muvesztelep-kiallitasanak-zaroesemenye\/#webpage\",\"url\":\"http:\/\/szolnokimuvesztelep.com\/2019\/03\/14\/jelenlet-a-szolnoki-muvesztelep-kiallitasanak-zaroesemenye\/\",\"name\":\"Jelenl\\u00e9t - a Szolnoki M\\u0171v\\u00e9sztelep ki\\u00e1ll\\u00edt\\u00e1s\\u00e1nak z\\u00e1r\\u00f3esem\\u00e9nye - SZOLNOKI M\\u0170V\\u00c9SZTELEP\",\"isPartOf\":{\"@id\":\"http:\/\/szolnokimuvesztelep.com\/en\/#website\"},\"primaryImageOfPage\":{\"@id\":\"http:\/\/szolnokimuvesztelep.com\/2019\/03\/14\/jelenlet-a-szolnoki-muvesztelep-kiallitasanak-zaroesemenye\/#primaryimage\"},\"datePublished\":\"2019-03-14T12:28:39+00:00\",\"dateModified\":\"2022-11-25T13:42:40+00:00\",\"inLanguage\":\"en-US\",\"potentialAction\":[{\"@type\":\"ReadAction\",\"target\":[\"http:\/\/szolnokimuvesztelep.com\/2019\/03\/14\/jelenlet-a-szolnoki-muvesztelep-kiallitasanak-zaroesemenye\/\"]}]},{\"@type\":\"Article\",\"@id\":\"http:\/\/szolnokimuvesztelep.com\/2019\/03\/14\/jelenlet-a-szolnoki-muvesztelep-kiallitasanak-zaroesemenye\/#article\",\"isPartOf\":{\"@id\":\"http:\/\/szolnokimuvesztelep.com\/2019\/03\/14\/jelenlet-a-szolnoki-muvesztelep-kiallitasanak-zaroesemenye\/#webpage\"},\"author\":{\"@id\":\"http:\/\/szolnokimuvesztelep.com\/en\/#\/schema\/person\/6809c0486d15892946a64c7ea6eed077\"},\"headline\":\"Jelenl\\u00e9t &#8211; a Szolnoki M\\u0171v\\u00e9sztelep ki\\u00e1ll\\u00edt\\u00e1s\\u00e1nak z\\u00e1r\\u00f3esem\\u00e9nye\",\"datePublished\":\"2019-03-14T12:28:39+00:00\",\"dateModified\":\"2022-11-25T13:42:40+00:00\",\"commentCount\":0,\"mainEntityOfPage\":{\"@id\":\"http:\/\/szolnokimuvesztelep.com\/2019\/03\/14\/jelenlet-a-szolnoki-muvesztelep-kiallitasanak-zaroesemenye\/#webpage\"},\"publisher\":{\"@id\":\"http:\/\/szolnokimuvesztelep.com\/en\/#organization\"},\"image\":{\"@id\":\"http:\/\/szolnokimuvesztelep.com\/2019\/03\/14\/jelenlet-a-szolnoki-muvesztelep-kiallitasanak-zaroesemenye\/#primaryimage\"},\"articleSection\":\"Arch\\u00edv,H\\u00edrek\",\"inLanguage\":\"en-US\",\"potentialAction\":[{\"@type\":\"CommentAction\",\"name\":\"Comment\",\"target\":[\"http:\/\/szolnokimuvesztelep.com\/2019\/03\/14\/jelenlet-a-szolnoki-muvesztelep-kiallitasanak-zaroesemenye\/#respond\"]}]},{\"@type\":[\"Person\"],\"@id\":\"http:\/\/szolnokimuvesztelep.com\/en\/#\/schema\/person\/6809c0486d15892946a64c7ea6eed077\",\"name\":\"Verebes Edit\",\"image\":{\"@type\":\"ImageObject\",\"@id\":\"http:\/\/szolnokimuvesztelep.com\/en\/#personlogo\",\"inLanguage\":\"en-US\",\"url\":\"http:\/\/2.gravatar.com\/avatar\/5d546bcb1a27fb506fe8bb16e33cd5fd?s=96&d=mm&r=g\",\"caption\":\"Verebes Edit\"}}]}<\/script>\n<!-- \/ Yoast SEO Premium plugin. -->","jetpack_sharing_enabled":true,"jetpack_shortlink":"https:\/\/wp.me\/p9tpmR-1jc","jetpack_likes_enabled":true,"jetpack-related-posts":[],"_links":{"self":[{"href":"http:\/\/szolnokimuvesztelep.com\/en\/wp-json\/wp\/v2\/posts\/5034"}],"collection":[{"href":"http:\/\/szolnokimuvesztelep.com\/en\/wp-json\/wp\/v2\/posts"}],"about":[{"href":"http:\/\/szolnokimuvesztelep.com\/en\/wp-json\/wp\/v2\/types\/post"}],"author":[{"embeddable":true,"href":"http:\/\/szolnokimuvesztelep.com\/en\/wp-json\/wp\/v2\/users\/2"}],"replies":[{"embeddable":true,"href":"http:\/\/szolnokimuvesztelep.com\/en\/wp-json\/wp\/v2\/comments?post=5034"}],"version-history":[{"count":5,"href":"http:\/\/szolnokimuvesztelep.com\/en\/wp-json\/wp\/v2\/posts\/5034\/revisions"}],"predecessor-version":[{"id":5055,"href":"http:\/\/szolnokimuvesztelep.com\/en\/wp-json\/wp\/v2\/posts\/5034\/revisions\/5055"}],"wp:featuredmedia":[{"embeddable":true,"href":"http:\/\/szolnokimuvesztelep.com\/en\/wp-json\/wp\/v2\/media\/5035"}],"wp:attachment":[{"href":"http:\/\/szolnokimuvesztelep.com\/en\/wp-json\/wp\/v2\/media?parent=5034"}],"wp:term":[{"taxonomy":"category","embeddable":true,"href":"http:\/\/szolnokimuvesztelep.com\/en\/wp-json\/wp\/v2\/categories?post=5034"},{"taxonomy":"post_tag","embeddable":true,"href":"http:\/\/szolnokimuvesztelep.com\/en\/wp-json\/wp\/v2\/tags?post=5034"},{"taxonomy":"yst_prominent_words","embeddable":true,"href":"http:\/\/szolnokimuvesztelep.com\/en\/wp-json\/wp\/v2\/yst_prominent_words?post=5034"}],"curies":[{"name":"wp","href":"https:\/\/api.w.org\/{rel}","templated":true}]}}