{"id":4990,"date":"2019-02-06T12:11:33","date_gmt":"2019-02-06T12:11:33","guid":{"rendered":"http:\/\/szolnokimuvesztelep.com\/?p=4990"},"modified":"2022-11-25T13:42:54","modified_gmt":"2022-11-25T13:42:54","slug":"tarlatvezetes-a-116-eves-szolnoki-muvesztelep-jelenlet-cimu-kiallitasa","status":"publish","type":"post","link":"http:\/\/szolnokimuvesztelep.com\/en\/2019\/02\/06\/tarlatvezetes-a-116-eves-szolnoki-muvesztelep-jelenlet-cimu-kiallitasa\/","title":{"rendered":"V\u00e9ge! T\u00c1RLATVEZET\u00c9S a 116 \u00e9ves Szolnoki M\u0171v\u00e9sztelep Jelenl\u00e9t c\u00edm\u0171 ki\u00e1ll\u00edt\u00e1s\u00e1n a k\u00e1poln\u00e1sny\u00e9ki Hal\u00e1sz-kast\u00e9lyban"},"content":{"rendered":"<p>El\u0151fordult m\u00e1r \u00d6n\u00f6kkel, hogy egy szobor vagy festm\u00e9ny l\u00e1tt\u00e1n legsz\u00edvesebben megk\u00e9rdezt\u00e9k volna az alkot\u00f3t, vajon mit szeretett volna alkot\u00e1s\u00e1val \u00fczenni? Ha igen, akkor most lehet\u0151s\u00e9g ny\u00edlik arra, hogy egy k\u00fcl\u00f6nleges, zen\u00e9s illusztr\u00e1ci\u00f3val gazdag\u00edtott t\u00e1rlatvezet\u00e9s sor\u00e1n k\u00f6zvetlen\u00fcl a m\u0171v\u00e9sznek tegy\u00e9k fel k\u00e9rd\u00e9seiket. A Szolnoki M\u0171v\u00e9sztelep fest\u0151- \u00e9s szobr\u00e1szm\u0171v\u00e9szei szeretettel v\u00e1rj\u00e1k \u00d6n\u00f6ket egy szem\u00e9lyes \u00e9s k\u00f6zvetlen hangv\u00e9tel\u0171 tal\u00e1lkoz\u00e1sra a k\u00e1poln\u00e1sny\u00e9ki Hal\u00e1sz-kast\u00e9lyba, amely sor\u00e1n a Jelenl\u00e9t c\u00edm\u0171 ki\u00e1ll\u00edt\u00e1s m\u0171alkot\u00e1sait mutatj\u00e1k be a l\u00e1togat\u00f3knak.<\/p>\n<p>A rendhagy\u00f3 t\u00e1rlatvezet\u00e9s ideje: 2019. febru\u00e1r 9. 10, 30 \u00f3ra<br \/>\nHelye: Hal\u00e1sz-kast\u00e9ly (K\u00e1poln\u00e1sny\u00e9k, De\u00e1k Ferenc utca 10.)<br \/>\nT\u00e1rlatvezet\u0151 m\u0171v\u00e9szek: Pog\u00e1ny G\u00e1bor Ben\u0151 szobr\u00e1szm\u0171v\u00e9sz, Szab\u00f3 Gy\u00f6rgy szobr\u00e1szm\u0171v\u00e9sz, Verebes Gy\u00f6rgy fest\u0151m\u0171v\u00e9sz, R\u00e9vi Norbert szobr\u00e1szm\u0171v\u00e9sz, Kir\u00e1ly Gy\u00f6rgy fest\u0151m\u0171v\u00e9sz<br \/>\nA ki\u00e1ll\u00edt\u00e1s 2019. m\u00e1rcius 22-ig tekinthet\u0151 meg minden nap 9-17 \u00f3ra k\u00f6z\u00f6tt.<\/p>\n<p>&#8220;A jelenkori szolnoki m\u0171v\u00e9szcsapatban t\u00f6bb nemzed\u00e9k dolgozik egy\u00fctt: a hossz\u00fa szolnoki alkot\u00f3peri\u00f3dussal felv\u00e9rtezett id\u0151sebb, \u00e9s a k\u00f6z\u00e9pgener\u00e1ci\u00f3hoz kapcsolhat\u00f3 mesterek mellett jelen vannak a fiatalok is. Ez a v\u00e1ltozatos r\u00e9sztvev\u0151i k\u00f6r is a garanci\u00e1ja annak, hogy nincs egys\u00e9ges st\u00edlus, nincs azonos szeml\u00e9let; Fazekas Magdolna, Verebes Gy\u00f6rgy \u00e9s Soosur Georgios fest\u00e9szete, Kir\u00e1ly Gy\u00f6rgy grafikai vil\u00e1ga, R\u00e9vi Norbert, Bar\u00e1th F\u00e1bi\u00e1n, Szab\u00f3 Gy\u00f6rgy \u00e9s Pog\u00e1ny G\u00e1bor Ben\u0151 szobr\u00e1szata \u00e1ltal sz\u00e1mos m\u0171v\u00e9szeti kifejez\u00e9st, sz\u00e1mos m\u0171v\u00e9szeti sz\u00f3lamot megsz\u00f3laltat\u00f3 m\u0171egy\u00fcttessel ismerkedhet\u00fcnk.&#8221;<\/p>\n<p>Wehner Tibor m\u0171v\u00e9szett\u00f6rt\u00e9n\u00e9sz<\/p>\n<p><a href=\"https:\/\/www.facebook.com\/events\/370613477084297\/\">https:\/\/www.facebook.com\/events\/370613477084297\/<\/a><br \/>\n<a href=\"https:\/\/www.instagram.com\/szolnoki_muvesztelep\/\" target=\"_blank\" rel=\"noopener noreferrer\">@szolnokimuvesztelepofficial<\/a><\/p>\n<div data-carousel-extra='{\"blog_id\":1,\"permalink\":\"http:\\\/\\\/szolnokimuvesztelep.com\\\/en\\\/2019\\\/02\\\/06\\\/tarlatvezetes-a-116-eves-szolnoki-muvesztelep-jelenlet-cimu-kiallitasa\\\/\"}' id='gallery-1' class='gallery galleryid-4990 gallery-columns-4 gallery-size-thumbnail'><figure class='gallery-item'>\n\t\t\t<div class='gallery-icon landscape'>\n\t\t\t\t<a href='https:\/\/i0.wp.com\/szolnokimuvesztelep.com\/wp-content\/uploads\/2019\/02\/fb1-1.jpg'><img width=\"150\" height=\"150\" src=\"https:\/\/i0.wp.com\/szolnokimuvesztelep.com\/wp-content\/uploads\/2019\/02\/fb1-1.jpg?resize=150%2C150\" class=\"attachment-thumbnail size-thumbnail\" alt=\"\" loading=\"lazy\" srcset=\"https:\/\/i0.wp.com\/szolnokimuvesztelep.com\/wp-content\/uploads\/2019\/02\/fb1-1.jpg?resize=150%2C150 150w, https:\/\/i0.wp.com\/szolnokimuvesztelep.com\/wp-content\/uploads\/2019\/02\/fb1-1.jpg?zoom=2&amp;resize=150%2C150 300w, https:\/\/i0.wp.com\/szolnokimuvesztelep.com\/wp-content\/uploads\/2019\/02\/fb1-1.jpg?zoom=3&amp;resize=150%2C150 450w\" sizes=\"(max-width: 150px) 100vw, 150px\" data-attachment-id=\"5008\" data-permalink=\"http:\/\/szolnokimuvesztelep.com\/en\/2019\/02\/06\/tarlatvezetes-a-116-eves-szolnoki-muvesztelep-jelenlet-cimu-kiallitasa\/fb1-2\/\" data-orig-file=\"https:\/\/i0.wp.com\/szolnokimuvesztelep.com\/wp-content\/uploads\/2019\/02\/fb1-1.jpg?fit=960%2C640\" data-orig-size=\"960,640\" data-comments-opened=\"1\" data-image-meta=\"{&quot;aperture&quot;:&quot;0&quot;,&quot;credit&quot;:&quot;&quot;,&quot;camera&quot;:&quot;&quot;,&quot;caption&quot;:&quot;&quot;,&quot;created_timestamp&quot;:&quot;0&quot;,&quot;copyright&quot;:&quot;&quot;,&quot;focal_length&quot;:&quot;0&quot;,&quot;iso&quot;:&quot;0&quot;,&quot;shutter_speed&quot;:&quot;0&quot;,&quot;title&quot;:&quot;&quot;,&quot;orientation&quot;:&quot;0&quot;}\" data-image-title=\"fb1\" data-image-description=\"\" data-medium-file=\"https:\/\/i0.wp.com\/szolnokimuvesztelep.com\/wp-content\/uploads\/2019\/02\/fb1-1.jpg?fit=300%2C200\" data-large-file=\"https:\/\/i0.wp.com\/szolnokimuvesztelep.com\/wp-content\/uploads\/2019\/02\/fb1-1.jpg?fit=790%2C527\" \/><\/a>\n\t\t\t<\/div><\/figure><figure class='gallery-item'>\n\t\t\t<div class='gallery-icon landscape'>\n\t\t\t\t<a href='https:\/\/i0.wp.com\/szolnokimuvesztelep.com\/wp-content\/uploads\/2019\/02\/fb4-1.jpg'><img width=\"150\" height=\"150\" src=\"https:\/\/i0.wp.com\/szolnokimuvesztelep.com\/wp-content\/uploads\/2019\/02\/fb4-1.jpg?resize=150%2C150\" class=\"attachment-thumbnail size-thumbnail\" alt=\"\" loading=\"lazy\" srcset=\"https:\/\/i0.wp.com\/szolnokimuvesztelep.com\/wp-content\/uploads\/2019\/02\/fb4-1.jpg?resize=150%2C150 150w, https:\/\/i0.wp.com\/szolnokimuvesztelep.com\/wp-content\/uploads\/2019\/02\/fb4-1.jpg?zoom=2&amp;resize=150%2C150 300w, https:\/\/i0.wp.com\/szolnokimuvesztelep.com\/wp-content\/uploads\/2019\/02\/fb4-1.jpg?zoom=3&amp;resize=150%2C150 450w\" sizes=\"(max-width: 150px) 100vw, 150px\" data-attachment-id=\"5009\" data-permalink=\"http:\/\/szolnokimuvesztelep.com\/en\/2019\/02\/06\/tarlatvezetes-a-116-eves-szolnoki-muvesztelep-jelenlet-cimu-kiallitasa\/fb4-2\/\" data-orig-file=\"https:\/\/i0.wp.com\/szolnokimuvesztelep.com\/wp-content\/uploads\/2019\/02\/fb4-1.jpg?fit=960%2C640\" data-orig-size=\"960,640\" data-comments-opened=\"1\" data-image-meta=\"{&quot;aperture&quot;:&quot;0&quot;,&quot;credit&quot;:&quot;&quot;,&quot;camera&quot;:&quot;&quot;,&quot;caption&quot;:&quot;&quot;,&quot;created_timestamp&quot;:&quot;0&quot;,&quot;copyright&quot;:&quot;&quot;,&quot;focal_length&quot;:&quot;0&quot;,&quot;iso&quot;:&quot;0&quot;,&quot;shutter_speed&quot;:&quot;0&quot;,&quot;title&quot;:&quot;&quot;,&quot;orientation&quot;:&quot;0&quot;}\" data-image-title=\"fb4\" data-image-description=\"\" data-medium-file=\"https:\/\/i0.wp.com\/szolnokimuvesztelep.com\/wp-content\/uploads\/2019\/02\/fb4-1.jpg?fit=300%2C200\" data-large-file=\"https:\/\/i0.wp.com\/szolnokimuvesztelep.com\/wp-content\/uploads\/2019\/02\/fb4-1.jpg?fit=790%2C527\" \/><\/a>\n\t\t\t<\/div><\/figure><figure class='gallery-item'>\n\t\t\t<div class='gallery-icon landscape'>\n\t\t\t\t<a href='https:\/\/i0.wp.com\/szolnokimuvesztelep.com\/wp-content\/uploads\/2019\/02\/fb7.jpg'><img width=\"150\" height=\"150\" src=\"https:\/\/i0.wp.com\/szolnokimuvesztelep.com\/wp-content\/uploads\/2019\/02\/fb7.jpg?resize=150%2C150\" class=\"attachment-thumbnail size-thumbnail\" alt=\"\" loading=\"lazy\" srcset=\"https:\/\/i0.wp.com\/szolnokimuvesztelep.com\/wp-content\/uploads\/2019\/02\/fb7.jpg?resize=150%2C150 150w, https:\/\/i0.wp.com\/szolnokimuvesztelep.com\/wp-content\/uploads\/2019\/02\/fb7.jpg?zoom=2&amp;resize=150%2C150 300w, https:\/\/i0.wp.com\/szolnokimuvesztelep.com\/wp-content\/uploads\/2019\/02\/fb7.jpg?zoom=3&amp;resize=150%2C150 450w\" sizes=\"(max-width: 150px) 100vw, 150px\" data-attachment-id=\"5010\" data-permalink=\"http:\/\/szolnokimuvesztelep.com\/en\/2019\/02\/06\/tarlatvezetes-a-116-eves-szolnoki-muvesztelep-jelenlet-cimu-kiallitasa\/fb7\/\" data-orig-file=\"https:\/\/i0.wp.com\/szolnokimuvesztelep.com\/wp-content\/uploads\/2019\/02\/fb7.jpg?fit=960%2C640\" data-orig-size=\"960,640\" data-comments-opened=\"1\" data-image-meta=\"{&quot;aperture&quot;:&quot;0&quot;,&quot;credit&quot;:&quot;&quot;,&quot;camera&quot;:&quot;&quot;,&quot;caption&quot;:&quot;&quot;,&quot;created_timestamp&quot;:&quot;0&quot;,&quot;copyright&quot;:&quot;&quot;,&quot;focal_length&quot;:&quot;0&quot;,&quot;iso&quot;:&quot;0&quot;,&quot;shutter_speed&quot;:&quot;0&quot;,&quot;title&quot;:&quot;&quot;,&quot;orientation&quot;:&quot;0&quot;}\" data-image-title=\"fb7\" data-image-description=\"\" data-medium-file=\"https:\/\/i0.wp.com\/szolnokimuvesztelep.com\/wp-content\/uploads\/2019\/02\/fb7.jpg?fit=300%2C200\" data-large-file=\"https:\/\/i0.wp.com\/szolnokimuvesztelep.com\/wp-content\/uploads\/2019\/02\/fb7.jpg?fit=790%2C527\" \/><\/a>\n\t\t\t<\/div><\/figure><figure class='gallery-item'>\n\t\t\t<div class='gallery-icon landscape'>\n\t\t\t\t<a href='https:\/\/i0.wp.com\/szolnokimuvesztelep.com\/wp-content\/uploads\/2019\/02\/fb3-1.jpg'><img width=\"150\" height=\"150\" src=\"https:\/\/i0.wp.com\/szolnokimuvesztelep.com\/wp-content\/uploads\/2019\/02\/fb3-1.jpg?resize=150%2C150\" class=\"attachment-thumbnail size-thumbnail\" alt=\"\" loading=\"lazy\" srcset=\"https:\/\/i0.wp.com\/szolnokimuvesztelep.com\/wp-content\/uploads\/2019\/02\/fb3-1.jpg?resize=150%2C150 150w, https:\/\/i0.wp.com\/szolnokimuvesztelep.com\/wp-content\/uploads\/2019\/02\/fb3-1.jpg?zoom=2&amp;resize=150%2C150 300w, https:\/\/i0.wp.com\/szolnokimuvesztelep.com\/wp-content\/uploads\/2019\/02\/fb3-1.jpg?zoom=3&amp;resize=150%2C150 450w\" sizes=\"(max-width: 150px) 100vw, 150px\" data-attachment-id=\"5012\" data-permalink=\"http:\/\/szolnokimuvesztelep.com\/en\/2019\/02\/06\/tarlatvezetes-a-116-eves-szolnoki-muvesztelep-jelenlet-cimu-kiallitasa\/fb3-2\/\" data-orig-file=\"https:\/\/i0.wp.com\/szolnokimuvesztelep.com\/wp-content\/uploads\/2019\/02\/fb3-1.jpg?fit=960%2C591\" data-orig-size=\"960,591\" data-comments-opened=\"1\" data-image-meta=\"{&quot;aperture&quot;:&quot;0&quot;,&quot;credit&quot;:&quot;KOMIVES ANDRAS&quot;,&quot;camera&quot;:&quot;&quot;,&quot;caption&quot;:&quot;&quot;,&quot;created_timestamp&quot;:&quot;0&quot;,&quot;copyright&quot;:&quot;KOMIVES ANDRAS&quot;,&quot;focal_length&quot;:&quot;0&quot;,&quot;iso&quot;:&quot;0&quot;,&quot;shutter_speed&quot;:&quot;0&quot;,&quot;title&quot;:&quot;&quot;,&quot;orientation&quot;:&quot;0&quot;}\" data-image-title=\"fb3\" data-image-description=\"\" data-medium-file=\"https:\/\/i0.wp.com\/szolnokimuvesztelep.com\/wp-content\/uploads\/2019\/02\/fb3-1.jpg?fit=300%2C185\" data-large-file=\"https:\/\/i0.wp.com\/szolnokimuvesztelep.com\/wp-content\/uploads\/2019\/02\/fb3-1.jpg?fit=790%2C486\" \/><\/a>\n\t\t\t<\/div><\/figure><figure class='gallery-item'>\n\t\t\t<div class='gallery-icon landscape'>\n\t\t\t\t<a href='https:\/\/i1.wp.com\/szolnokimuvesztelep.com\/wp-content\/uploads\/2019\/02\/fb5-1.jpg'><img width=\"150\" height=\"150\" src=\"https:\/\/i1.wp.com\/szolnokimuvesztelep.com\/wp-content\/uploads\/2019\/02\/fb5-1.jpg?resize=150%2C150\" class=\"attachment-thumbnail size-thumbnail\" alt=\"\" loading=\"lazy\" srcset=\"https:\/\/i1.wp.com\/szolnokimuvesztelep.com\/wp-content\/uploads\/2019\/02\/fb5-1.jpg?resize=150%2C150 150w, https:\/\/i1.wp.com\/szolnokimuvesztelep.com\/wp-content\/uploads\/2019\/02\/fb5-1.jpg?zoom=2&amp;resize=150%2C150 300w, https:\/\/i1.wp.com\/szolnokimuvesztelep.com\/wp-content\/uploads\/2019\/02\/fb5-1.jpg?zoom=3&amp;resize=150%2C150 450w\" sizes=\"(max-width: 150px) 100vw, 150px\" data-attachment-id=\"5013\" data-permalink=\"http:\/\/szolnokimuvesztelep.com\/en\/2019\/02\/06\/tarlatvezetes-a-116-eves-szolnoki-muvesztelep-jelenlet-cimu-kiallitasa\/fb5-2\/\" data-orig-file=\"https:\/\/i1.wp.com\/szolnokimuvesztelep.com\/wp-content\/uploads\/2019\/02\/fb5-1.jpg?fit=960%2C640\" data-orig-size=\"960,640\" data-comments-opened=\"1\" data-image-meta=\"{&quot;aperture&quot;:&quot;0&quot;,&quot;credit&quot;:&quot;&quot;,&quot;camera&quot;:&quot;&quot;,&quot;caption&quot;:&quot;&quot;,&quot;created_timestamp&quot;:&quot;0&quot;,&quot;copyright&quot;:&quot;&quot;,&quot;focal_length&quot;:&quot;0&quot;,&quot;iso&quot;:&quot;0&quot;,&quot;shutter_speed&quot;:&quot;0&quot;,&quot;title&quot;:&quot;&quot;,&quot;orientation&quot;:&quot;0&quot;}\" data-image-title=\"fb5\" data-image-description=\"\" data-medium-file=\"https:\/\/i1.wp.com\/szolnokimuvesztelep.com\/wp-content\/uploads\/2019\/02\/fb5-1.jpg?fit=300%2C200\" data-large-file=\"https:\/\/i1.wp.com\/szolnokimuvesztelep.com\/wp-content\/uploads\/2019\/02\/fb5-1.jpg?fit=790%2C527\" \/><\/a>\n\t\t\t<\/div><\/figure><figure class='gallery-item'>\n\t\t\t<div class='gallery-icon landscape'>\n\t\t\t\t<a href='https:\/\/i1.wp.com\/szolnokimuvesztelep.com\/wp-content\/uploads\/2019\/02\/fb6.jpg'><img width=\"150\" height=\"150\" src=\"https:\/\/i1.wp.com\/szolnokimuvesztelep.com\/wp-content\/uploads\/2019\/02\/fb6.jpg?resize=150%2C150\" class=\"attachment-thumbnail size-thumbnail\" alt=\"\" loading=\"lazy\" srcset=\"https:\/\/i1.wp.com\/szolnokimuvesztelep.com\/wp-content\/uploads\/2019\/02\/fb6.jpg?resize=150%2C150 150w, https:\/\/i1.wp.com\/szolnokimuvesztelep.com\/wp-content\/uploads\/2019\/02\/fb6.jpg?zoom=2&amp;resize=150%2C150 300w, https:\/\/i1.wp.com\/szolnokimuvesztelep.com\/wp-content\/uploads\/2019\/02\/fb6.jpg?zoom=3&amp;resize=150%2C150 450w\" sizes=\"(max-width: 150px) 100vw, 150px\" data-attachment-id=\"5014\" data-permalink=\"http:\/\/szolnokimuvesztelep.com\/en\/2019\/02\/06\/tarlatvezetes-a-116-eves-szolnoki-muvesztelep-jelenlet-cimu-kiallitasa\/fb6\/\" data-orig-file=\"https:\/\/i1.wp.com\/szolnokimuvesztelep.com\/wp-content\/uploads\/2019\/02\/fb6.jpg?fit=960%2C640\" data-orig-size=\"960,640\" data-comments-opened=\"1\" data-image-meta=\"{&quot;aperture&quot;:&quot;0&quot;,&quot;credit&quot;:&quot;&quot;,&quot;camera&quot;:&quot;&quot;,&quot;caption&quot;:&quot;&quot;,&quot;created_timestamp&quot;:&quot;0&quot;,&quot;copyright&quot;:&quot;&quot;,&quot;focal_length&quot;:&quot;0&quot;,&quot;iso&quot;:&quot;0&quot;,&quot;shutter_speed&quot;:&quot;0&quot;,&quot;title&quot;:&quot;&quot;,&quot;orientation&quot;:&quot;0&quot;}\" data-image-title=\"fb6\" data-image-description=\"\" data-medium-file=\"https:\/\/i1.wp.com\/szolnokimuvesztelep.com\/wp-content\/uploads\/2019\/02\/fb6.jpg?fit=300%2C200\" data-large-file=\"https:\/\/i1.wp.com\/szolnokimuvesztelep.com\/wp-content\/uploads\/2019\/02\/fb6.jpg?fit=790%2C527\" \/><\/a>\n\t\t\t<\/div><\/figure><figure class='gallery-item'>\n\t\t\t<div class='gallery-icon landscape'>\n\t\t\t\t<a href='https:\/\/i2.wp.com\/szolnokimuvesztelep.com\/wp-content\/uploads\/2019\/02\/fb8.jpg'><img width=\"150\" height=\"150\" src=\"https:\/\/i2.wp.com\/szolnokimuvesztelep.com\/wp-content\/uploads\/2019\/02\/fb8.jpg?resize=150%2C150\" class=\"attachment-thumbnail size-thumbnail\" alt=\"\" loading=\"lazy\" srcset=\"https:\/\/i2.wp.com\/szolnokimuvesztelep.com\/wp-content\/uploads\/2019\/02\/fb8.jpg?resize=150%2C150 150w, https:\/\/i2.wp.com\/szolnokimuvesztelep.com\/wp-content\/uploads\/2019\/02\/fb8.jpg?zoom=2&amp;resize=150%2C150 300w, https:\/\/i2.wp.com\/szolnokimuvesztelep.com\/wp-content\/uploads\/2019\/02\/fb8.jpg?zoom=3&amp;resize=150%2C150 450w\" sizes=\"(max-width: 150px) 100vw, 150px\" data-attachment-id=\"5016\" data-permalink=\"http:\/\/szolnokimuvesztelep.com\/en\/2019\/02\/06\/tarlatvezetes-a-116-eves-szolnoki-muvesztelep-jelenlet-cimu-kiallitasa\/fb8\/\" data-orig-file=\"https:\/\/i2.wp.com\/szolnokimuvesztelep.com\/wp-content\/uploads\/2019\/02\/fb8.jpg?fit=960%2C640\" data-orig-size=\"960,640\" data-comments-opened=\"1\" data-image-meta=\"{&quot;aperture&quot;:&quot;0&quot;,&quot;credit&quot;:&quot;&quot;,&quot;camera&quot;:&quot;&quot;,&quot;caption&quot;:&quot;&quot;,&quot;created_timestamp&quot;:&quot;0&quot;,&quot;copyright&quot;:&quot;&quot;,&quot;focal_length&quot;:&quot;0&quot;,&quot;iso&quot;:&quot;0&quot;,&quot;shutter_speed&quot;:&quot;0&quot;,&quot;title&quot;:&quot;&quot;,&quot;orientation&quot;:&quot;0&quot;}\" data-image-title=\"fb8\" data-image-description=\"\" data-medium-file=\"https:\/\/i2.wp.com\/szolnokimuvesztelep.com\/wp-content\/uploads\/2019\/02\/fb8.jpg?fit=300%2C200\" data-large-file=\"https:\/\/i2.wp.com\/szolnokimuvesztelep.com\/wp-content\/uploads\/2019\/02\/fb8.jpg?fit=790%2C527\" \/><\/a>\n\t\t\t<\/div><\/figure><figure class='gallery-item'>\n\t\t\t<div class='gallery-icon landscape'>\n\t\t\t\t<a href='https:\/\/i0.wp.com\/szolnokimuvesztelep.com\/wp-content\/uploads\/2019\/01\/verebesgyorgy1.jpg'><img width=\"150\" height=\"150\" src=\"https:\/\/i0.wp.com\/szolnokimuvesztelep.com\/wp-content\/uploads\/2019\/01\/verebesgyorgy1.jpg?resize=150%2C150\" class=\"attachment-thumbnail size-thumbnail\" alt=\"\" loading=\"lazy\" srcset=\"https:\/\/i0.wp.com\/szolnokimuvesztelep.com\/wp-content\/uploads\/2019\/01\/verebesgyorgy1.jpg?resize=150%2C150 150w, https:\/\/i0.wp.com\/szolnokimuvesztelep.com\/wp-content\/uploads\/2019\/01\/verebesgyorgy1.jpg?zoom=2&amp;resize=150%2C150 300w, https:\/\/i0.wp.com\/szolnokimuvesztelep.com\/wp-content\/uploads\/2019\/01\/verebesgyorgy1.jpg?zoom=3&amp;resize=150%2C150 450w\" sizes=\"(max-width: 150px) 100vw, 150px\" data-attachment-id=\"4850\" data-permalink=\"http:\/\/szolnokimuvesztelep.com\/en\/2019\/01\/22\/wehner-tibor-jelenlet-a-szolnoki-muvesztelep-kiallitasa-a-kapolnasnyeki-halasz-kastelyben\/verebesgyorgy1\/\" data-orig-file=\"https:\/\/i0.wp.com\/szolnokimuvesztelep.com\/wp-content\/uploads\/2019\/01\/verebesgyorgy1.jpg?fit=1500%2C1000\" data-orig-size=\"1500,1000\" data-comments-opened=\"1\" data-image-meta=\"{&quot;aperture&quot;:&quot;5.6&quot;,&quot;credit&quot;:&quot;&quot;,&quot;camera&quot;:&quot;NIKON D7100&quot;,&quot;caption&quot;:&quot;&quot;,&quot;created_timestamp&quot;:&quot;1547919478&quot;,&quot;copyright&quot;:&quot;&quot;,&quot;focal_length&quot;:&quot;27&quot;,&quot;iso&quot;:&quot;1600&quot;,&quot;shutter_speed&quot;:&quot;0.008&quot;,&quot;title&quot;:&quot;&quot;,&quot;orientation&quot;:&quot;1&quot;}\" data-image-title=\"verebesgyorgy1\" data-image-description=\"\" data-medium-file=\"https:\/\/i0.wp.com\/szolnokimuvesztelep.com\/wp-content\/uploads\/2019\/01\/verebesgyorgy1.jpg?fit=300%2C200\" data-large-file=\"https:\/\/i0.wp.com\/szolnokimuvesztelep.com\/wp-content\/uploads\/2019\/01\/verebesgyorgy1.jpg?fit=790%2C527\" \/><\/a>\n\t\t\t<\/div><\/figure>\n\t\t<\/div>","protected":false},"excerpt":{"rendered":"<p>El\u0151fordult m\u00e1r \u00d6n\u00f6kkel, hogy egy szobor vagy festm\u00e9ny l\u00e1tt\u00e1n legsz\u00edvesebben megk\u00e9rdezt\u00e9k volna az alkot\u00f3t, vajon mit szeretett volna alkot\u00e1s\u00e1val \u00fczenni? Ha igen, akkor most lehet\u0151s\u00e9g ny\u00edlik arra, hogy egy k\u00fcl\u00f6nleges, zen\u00e9s illusztr\u00e1ci\u00f3val gazdag\u00edtott t\u00e1rlatvezet\u00e9s sor\u00e1n k\u00f6zvetlen\u00fcl a m\u0171v\u00e9sznek tegy\u00e9k fel k\u00e9rd\u00e9seiket. A Szolnoki M\u0171v\u00e9sztelep fest\u0151- \u00e9s szobr\u00e1szm\u0171v\u00e9szei szeretettel v\u00e1rj\u00e1k \u00d6n\u00f6ket&hellip; <\/p>","protected":false},"author":2,"featured_media":4993,"comment_status":"open","ping_status":"open","sticky":false,"template":"","format":"standard","meta":{"spay_email":"","jetpack_publicize_message":""},"categories":[55,58],"tags":[],"yst_prominent_words":[],"jetpack_featured_media_url":"https:\/\/i0.wp.com\/szolnokimuvesztelep.com\/wp-content\/uploads\/2019\/02\/revi.jpg?fit=1000%2C1000","jetpack_publicize_connections":[],"yoast_head":"<!-- This site is optimized with the Yoast SEO Premium plugin v14.1 - https:\/\/yoast.com\/wordpress\/plugins\/seo\/ -->\n<title>V\u00e9ge! T\u00c1RLATVEZET\u00c9S a 116 \u00e9ves Szolnoki M\u0171v\u00e9sztelep Jelenl\u00e9t c\u00edm\u0171 ki\u00e1ll\u00edt\u00e1s\u00e1n a k\u00e1poln\u00e1sny\u00e9ki Hal\u00e1sz-kast\u00e9lyban - SZOLNOKI M\u0170V\u00c9SZTELEP<\/title>\n<meta name=\"robots\" content=\"index, follow\" \/>\n<meta name=\"googlebot\" content=\"index, follow, max-snippet:-1, max-image-preview:large, max-video-preview:-1\" \/>\n<meta name=\"bingbot\" content=\"index, follow, max-snippet:-1, max-image-preview:large, max-video-preview:-1\" \/>\n<link rel=\"canonical\" href=\"http:\/\/szolnokimuvesztelep.com\/en\/2019\/02\/06\/tarlatvezetes-a-116-eves-szolnoki-muvesztelep-jelenlet-cimu-kiallitasa\/\" \/>\n<meta property=\"og:locale\" content=\"en_US\" \/>\n<meta property=\"og:type\" content=\"article\" \/>\n<meta property=\"og:title\" content=\"V\u00e9ge! T\u00c1RLATVEZET\u00c9S a 116 \u00e9ves Szolnoki M\u0171v\u00e9sztelep Jelenl\u00e9t c\u00edm\u0171 ki\u00e1ll\u00edt\u00e1s\u00e1n a k\u00e1poln\u00e1sny\u00e9ki Hal\u00e1sz-kast\u00e9lyban - SZOLNOKI M\u0170V\u00c9SZTELEP\" \/>\n<meta property=\"og:description\" content=\"El\u0151fordult m\u00e1r \u00d6n\u00f6kkel, hogy egy szobor vagy festm\u00e9ny l\u00e1tt\u00e1n legsz\u00edvesebben megk\u00e9rdezt\u00e9k volna az alkot\u00f3t, vajon mit szeretett volna alkot\u00e1s\u00e1val \u00fczenni? Ha igen, akkor most lehet\u0151s\u00e9g ny\u00edlik arra, hogy egy k\u00fcl\u00f6nleges, zen\u00e9s illusztr\u00e1ci\u00f3val gazdag\u00edtott t\u00e1rlatvezet\u00e9s sor\u00e1n k\u00f6zvetlen\u00fcl a m\u0171v\u00e9sznek tegy\u00e9k fel k\u00e9rd\u00e9seiket. A Szolnoki M\u0171v\u00e9sztelep fest\u0151- \u00e9s szobr\u00e1szm\u0171v\u00e9szei szeretettel v\u00e1rj\u00e1k \u00d6n\u00f6ket&hellip;\" \/>\n<meta property=\"og:url\" content=\"http:\/\/szolnokimuvesztelep.com\/en\/2019\/02\/06\/tarlatvezetes-a-116-eves-szolnoki-muvesztelep-jelenlet-cimu-kiallitasa\/\" \/>\n<meta property=\"og:site_name\" content=\"SZOLNOKI M\u0170V\u00c9SZTELEP\" \/>\n<meta property=\"article:publisher\" content=\"https:\/\/www.facebook.com\/szolnokimuvesztelepofficial\/\" \/>\n<meta property=\"article:published_time\" content=\"2019-02-06T12:11:33+00:00\" \/>\n<meta property=\"article:modified_time\" content=\"2022-11-25T13:42:54+00:00\" \/>\n<meta property=\"og:image\" content=\"https:\/\/i0.wp.com\/szolnokimuvesztelep.com\/wp-content\/uploads\/2019\/02\/revi.jpg?fit=1000%2C1000\" \/>\n\t<meta property=\"og:image:width\" content=\"1000\" \/>\n\t<meta property=\"og:image:height\" content=\"1000\" \/>\n<script type=\"application\/ld+json\" class=\"yoast-schema-graph\">{\"@context\":\"https:\/\/schema.org\",\"@graph\":[{\"@type\":\"Organization\",\"@id\":\"http:\/\/szolnokimuvesztelep.com\/en\/#organization\",\"name\":\"Szolnoki M\\u0171v\\u00e9sztelep\",\"url\":\"http:\/\/szolnokimuvesztelep.com\/en\/\",\"sameAs\":[\"https:\/\/www.facebook.com\/szolnokimuvesztelepofficial\/\",\"https:\/\/www.instagram.com\/szolnoki_muvesztelep\/\",\"https:\/\/www.youtube.com\/channel\/UCAYRF4A8FrslG3J__XEjEoA\",\"https:\/\/hu.wikipedia.org\/wiki\/Szolnoki_m\\u0171v\\u00e9sztelep\"],\"logo\":{\"@type\":\"ImageObject\",\"@id\":\"http:\/\/szolnokimuvesztelep.com\/en\/#logo\",\"inLanguage\":\"en-US\",\"url\":\"https:\/\/i0.wp.com\/szolnokimuvesztelep.com\/wp-content\/uploads\/2020\/05\/szmt_2019_szlogen_psz-01.png?fit=2242%2C863\",\"width\":2242,\"height\":863,\"caption\":\"Szolnoki M\\u0171v\\u00e9sztelep\"},\"image\":{\"@id\":\"http:\/\/szolnokimuvesztelep.com\/en\/#logo\"}},{\"@type\":\"WebSite\",\"@id\":\"http:\/\/szolnokimuvesztelep.com\/en\/#website\",\"url\":\"http:\/\/szolnokimuvesztelep.com\/en\/\",\"name\":\"SZOLNOKI M\\u0170V\\u00c9SZTELEP\",\"description\":\"Meg\\u00fajul\\u00f3 hagyom\\u00e1ny\",\"publisher\":{\"@id\":\"http:\/\/szolnokimuvesztelep.com\/en\/#organization\"},\"potentialAction\":[{\"@type\":\"SearchAction\",\"target\":\"http:\/\/szolnokimuvesztelep.com\/en\/?s={search_term_string}\",\"query-input\":\"required name=search_term_string\"}],\"inLanguage\":\"en-US\"},{\"@type\":\"ImageObject\",\"@id\":\"http:\/\/szolnokimuvesztelep.com\/2019\/02\/06\/tarlatvezetes-a-116-eves-szolnoki-muvesztelep-jelenlet-cimu-kiallitasa\/#primaryimage\",\"inLanguage\":\"en-US\",\"url\":\"https:\/\/i0.wp.com\/szolnokimuvesztelep.com\/wp-content\/uploads\/2019\/02\/revi.jpg?fit=1000%2C1000\",\"width\":1000,\"height\":1000},{\"@type\":\"WebPage\",\"@id\":\"http:\/\/szolnokimuvesztelep.com\/2019\/02\/06\/tarlatvezetes-a-116-eves-szolnoki-muvesztelep-jelenlet-cimu-kiallitasa\/#webpage\",\"url\":\"http:\/\/szolnokimuvesztelep.com\/2019\/02\/06\/tarlatvezetes-a-116-eves-szolnoki-muvesztelep-jelenlet-cimu-kiallitasa\/\",\"name\":\"V\\u00e9ge! T\\u00c1RLATVEZET\\u00c9S a 116 \\u00e9ves Szolnoki M\\u0171v\\u00e9sztelep Jelenl\\u00e9t c\\u00edm\\u0171 ki\\u00e1ll\\u00edt\\u00e1s\\u00e1n a k\\u00e1poln\\u00e1sny\\u00e9ki Hal\\u00e1sz-kast\\u00e9lyban - SZOLNOKI M\\u0170V\\u00c9SZTELEP\",\"isPartOf\":{\"@id\":\"http:\/\/szolnokimuvesztelep.com\/en\/#website\"},\"primaryImageOfPage\":{\"@id\":\"http:\/\/szolnokimuvesztelep.com\/2019\/02\/06\/tarlatvezetes-a-116-eves-szolnoki-muvesztelep-jelenlet-cimu-kiallitasa\/#primaryimage\"},\"datePublished\":\"2019-02-06T12:11:33+00:00\",\"dateModified\":\"2022-11-25T13:42:54+00:00\",\"inLanguage\":\"en-US\",\"potentialAction\":[{\"@type\":\"ReadAction\",\"target\":[\"http:\/\/szolnokimuvesztelep.com\/2019\/02\/06\/tarlatvezetes-a-116-eves-szolnoki-muvesztelep-jelenlet-cimu-kiallitasa\/\"]}]},{\"@type\":\"Article\",\"@id\":\"http:\/\/szolnokimuvesztelep.com\/2019\/02\/06\/tarlatvezetes-a-116-eves-szolnoki-muvesztelep-jelenlet-cimu-kiallitasa\/#article\",\"isPartOf\":{\"@id\":\"http:\/\/szolnokimuvesztelep.com\/2019\/02\/06\/tarlatvezetes-a-116-eves-szolnoki-muvesztelep-jelenlet-cimu-kiallitasa\/#webpage\"},\"author\":{\"@id\":\"http:\/\/szolnokimuvesztelep.com\/en\/#\/schema\/person\/6809c0486d15892946a64c7ea6eed077\"},\"headline\":\"V\\u00e9ge! T\\u00c1RLATVEZET\\u00c9S a 116 \\u00e9ves Szolnoki M\\u0171v\\u00e9sztelep Jelenl\\u00e9t c\\u00edm\\u0171 ki\\u00e1ll\\u00edt\\u00e1s\\u00e1n a k\\u00e1poln\\u00e1sny\\u00e9ki Hal\\u00e1sz-kast\\u00e9lyban\",\"datePublished\":\"2019-02-06T12:11:33+00:00\",\"dateModified\":\"2022-11-25T13:42:54+00:00\",\"commentCount\":0,\"mainEntityOfPage\":{\"@id\":\"http:\/\/szolnokimuvesztelep.com\/2019\/02\/06\/tarlatvezetes-a-116-eves-szolnoki-muvesztelep-jelenlet-cimu-kiallitasa\/#webpage\"},\"publisher\":{\"@id\":\"http:\/\/szolnokimuvesztelep.com\/en\/#organization\"},\"image\":{\"@id\":\"http:\/\/szolnokimuvesztelep.com\/2019\/02\/06\/tarlatvezetes-a-116-eves-szolnoki-muvesztelep-jelenlet-cimu-kiallitasa\/#primaryimage\"},\"articleSection\":\"Arch\\u00edv,H\\u00edrek\",\"inLanguage\":\"en-US\",\"potentialAction\":[{\"@type\":\"CommentAction\",\"name\":\"Comment\",\"target\":[\"http:\/\/szolnokimuvesztelep.com\/2019\/02\/06\/tarlatvezetes-a-116-eves-szolnoki-muvesztelep-jelenlet-cimu-kiallitasa\/#respond\"]}]},{\"@type\":[\"Person\"],\"@id\":\"http:\/\/szolnokimuvesztelep.com\/en\/#\/schema\/person\/6809c0486d15892946a64c7ea6eed077\",\"name\":\"Verebes Edit\",\"image\":{\"@type\":\"ImageObject\",\"@id\":\"http:\/\/szolnokimuvesztelep.com\/en\/#personlogo\",\"inLanguage\":\"en-US\",\"url\":\"http:\/\/2.gravatar.com\/avatar\/5d546bcb1a27fb506fe8bb16e33cd5fd?s=96&d=mm&r=g\",\"caption\":\"Verebes Edit\"}}]}<\/script>\n<!-- \/ Yoast SEO Premium plugin. -->","jetpack_sharing_enabled":true,"jetpack_shortlink":"https:\/\/wp.me\/p9tpmR-1iu","jetpack_likes_enabled":true,"jetpack-related-posts":[],"_links":{"self":[{"href":"http:\/\/szolnokimuvesztelep.com\/en\/wp-json\/wp\/v2\/posts\/4990"}],"collection":[{"href":"http:\/\/szolnokimuvesztelep.com\/en\/wp-json\/wp\/v2\/posts"}],"about":[{"href":"http:\/\/szolnokimuvesztelep.com\/en\/wp-json\/wp\/v2\/types\/post"}],"author":[{"embeddable":true,"href":"http:\/\/szolnokimuvesztelep.com\/en\/wp-json\/wp\/v2\/users\/2"}],"replies":[{"embeddable":true,"href":"http:\/\/szolnokimuvesztelep.com\/en\/wp-json\/wp\/v2\/comments?post=4990"}],"version-history":[{"count":12,"href":"http:\/\/szolnokimuvesztelep.com\/en\/wp-json\/wp\/v2\/posts\/4990\/revisions"}],"predecessor-version":[{"id":5073,"href":"http:\/\/szolnokimuvesztelep.com\/en\/wp-json\/wp\/v2\/posts\/4990\/revisions\/5073"}],"wp:featuredmedia":[{"embeddable":true,"href":"http:\/\/szolnokimuvesztelep.com\/en\/wp-json\/wp\/v2\/media\/4993"}],"wp:attachment":[{"href":"http:\/\/szolnokimuvesztelep.com\/en\/wp-json\/wp\/v2\/media?parent=4990"}],"wp:term":[{"taxonomy":"category","embeddable":true,"href":"http:\/\/szolnokimuvesztelep.com\/en\/wp-json\/wp\/v2\/categories?post=4990"},{"taxonomy":"post_tag","embeddable":true,"href":"http:\/\/szolnokimuvesztelep.com\/en\/wp-json\/wp\/v2\/tags?post=4990"},{"taxonomy":"yst_prominent_words","embeddable":true,"href":"http:\/\/szolnokimuvesztelep.com\/en\/wp-json\/wp\/v2\/yst_prominent_words?post=4990"}],"curies":[{"name":"wp","href":"https:\/\/api.w.org\/{rel}","templated":true}]}}