{"id":4764,"date":"2019-01-08T10:44:55","date_gmt":"2019-01-08T10:44:55","guid":{"rendered":"http:\/\/szolnokimuvesztelep.com\/?p=4764"},"modified":"2022-11-25T13:48:07","modified_gmt":"2022-11-25T13:48:07","slug":"munkacsy-kiallitas-szolnokon","status":"publish","type":"post","link":"http:\/\/szolnokimuvesztelep.com\/en\/2019\/01\/08\/munkacsy-kiallitas-szolnokon\/","title":{"rendered":"Munk\u00e1csy ki\u00e1ll\u00edt\u00e1s Szolnokon"},"content":{"rendered":"<p>2019. janu\u00e1r 12. &#8211; 2019. \u00e1prilis 7.<\/p>\n<p>Munk\u00e1csy Mih\u00e1ly sz\u00fclet\u00e9s\u00e9nek 175. \u00e9vfordul\u00f3ja alkalm\u00e1b\u00f3l m\u00e1sod\u00edzben \u00fcdv\u00f6z\u00f6lhetj\u00fck v\u00e1rosunkban a P\u00e1kh Imre gy\u0171jtem\u00e9ny\u00e9b\u0151l \u00e9s a b\u00e9k\u00e9scsabai Munk\u00e1csy Mih\u00e1ly M\u00fazeum gy\u0171jtem\u00e9ny\u00e9b\u0151l \u00f6ssze\u00e1ll\u00edtott t\u00e1rlatot, mellyel a 175 \u00e9ve sz\u00fcletett fest\u0151\u00f3ri\u00e1s el\u0151tt tiszteleg m\u00fazeumunk.<\/p>\n<p>Legut\u00f3bb tizenk\u00e9t \u00e9ve mutathattunk be egy v\u00e1logat\u00e1st a P\u00e1kh-gy\u0171jtem\u00e9ny \u00e9s a Munk\u00e1csy Mih\u00e1ly M\u00fazeum anyag\u00e1b\u00f3l. Az az\u00f3ta eltelt id\u0151 alatt feln\u0151tt egy \u00fajabb gener\u00e1ci\u00f3. Azok, akik akkor megcsod\u00e1lhatt\u00e1k, bizony\u00e1ra most is sz\u00edvesen felfriss\u00edtik a Munk\u00e1csy m\u0171v\u00e9szet\u00e9vel kapcsolatos \u00e9lm\u00e9nyeiket. Az \u00fajabb gener\u00e1ci\u00f3 sz\u00e1m\u00e1ra pedig, akik m\u00e9g nem l\u00e1thatt\u00e1k \u00e9l\u0151ben a mai napig legismertebb magyar fest\u0151 k\u00e9peit, rem\u00e9lj\u00fck, maradand\u00f3 \u00e9lm\u00e9nyt tudunk ny\u00fajtani.<\/p>\n<p>A ki\u00e1ll\u00edt\u00e1s megtekinthet\u0151 9-17 \u00f3ra k\u00f6z\u00f6tt, h\u00e9tf\u0151 kiv\u00e9tel\u00e9vel minden nap a Szolnoki Gal\u00e9ri\u00e1ban.<br \/>\n5000. Szolnok, Templom \u00fat 2.<\/p>\n<p>Jegy\u00e1rak:<br \/>\nFeln\u0151tt 2000 Ft<br \/>\nKedvezm\u00e9nyes 1000 Ft (di\u00e1k, nyugd\u00edjas)<br \/>\nCsoportos jegy 10 f\u0151 felett 800 Ft<\/p>\n<p>Inform\u00e1ci\u00f3: 56\/510-150, titkarsag@djm.hu, <a href=\"http:\/\/www.djm.hu\/?fbclid=IwAR2yGpZAaNqHiTAxrg_1nDze6t5AKkaviZpBw37jXXJDCu1T7Y3H6B7S86Q\" data-lynx-mode=\"hover\" data-lynx-uri=\"https:\/\/l.facebook.com\/l.php?u=http%3A%2F%2Fwww.djm.hu%2F%3Ffbclid%3DIwAR2yGpZAaNqHiTAxrg_1nDze6t5AKkaviZpBw37jXXJDCu1T7Y3H6B7S86Q&amp;h=AT3LRWXjGsLxYtI1Bd1uqh7lyeuVcGmueB0oQXx1s3Q_WxCheZXs-Sp82SObwMrZCgQhZTP_YC2PClfGLl9Z3045hdjsqyGBWtexboCjkKCR7cf5646JMNWAt3EWuR52jxVd\">www.djm.hu<\/a><\/p>\n<p><img loading=\"lazy\" class=\"alignnone size-medium wp-image-4767\" src=\"https:\/\/i0.wp.com\/szolnokimuvesztelep.com\/wp-content\/uploads\/2019\/01\/48364143_1954545864594801_3235999601152491520_n-1-1-211x300.jpg?resize=211%2C300\" alt=\"\" width=\"211\" height=\"300\" data-recalc-dims=\"1\" \/><\/p>\n<p>&nbsp;<\/p>","protected":false},"excerpt":{"rendered":"<p>2019. janu\u00e1r 12. &#8211; 2019. \u00e1prilis 7. Munk\u00e1csy Mih\u00e1ly sz\u00fclet\u00e9s\u00e9nek 175. \u00e9vfordul\u00f3ja alkalm\u00e1b\u00f3l m\u00e1sod\u00edzben \u00fcdv\u00f6z\u00f6lhetj\u00fck v\u00e1rosunkban a P\u00e1kh Imre gy\u0171jtem\u00e9ny\u00e9b\u0151l \u00e9s a b\u00e9k\u00e9scsabai Munk\u00e1csy Mih\u00e1ly M\u00fazeum gy\u0171jtem\u00e9ny\u00e9b\u0151l \u00f6ssze\u00e1ll\u00edtott t\u00e1rlatot, mellyel a 175 \u00e9ve sz\u00fcletett fest\u0151\u00f3ri\u00e1s el\u0151tt tiszteleg m\u00fazeumunk. Legut\u00f3bb tizenk\u00e9t \u00e9ve mutathattunk be egy v\u00e1logat\u00e1st a P\u00e1kh-gy\u0171jtem\u00e9ny \u00e9s a Munk\u00e1csy&hellip; <\/p>","protected":false},"author":1,"featured_media":4793,"comment_status":"open","ping_status":"open","sticky":false,"template":"","format":"standard","meta":{"spay_email":"","jetpack_publicize_message":""},"categories":[55,58],"tags":[],"yst_prominent_words":[],"jetpack_featured_media_url":"https:\/\/i0.wp.com\/szolnokimuvesztelep.com\/wp-content\/uploads\/2019\/01\/48364143_1954545864594801_3235999601152491520_n-3.jpg?fit=676%2C675","jetpack_publicize_connections":[],"yoast_head":"<!-- This site is optimized with the Yoast SEO Premium plugin v14.1 - https:\/\/yoast.com\/wordpress\/plugins\/seo\/ -->\n<title>Munk\u00e1csy ki\u00e1ll\u00edt\u00e1s Szolnokon - SZOLNOKI M\u0170V\u00c9SZTELEP<\/title>\n<meta name=\"robots\" content=\"index, follow\" \/>\n<meta name=\"googlebot\" content=\"index, follow, max-snippet:-1, max-image-preview:large, max-video-preview:-1\" \/>\n<meta name=\"bingbot\" content=\"index, follow, max-snippet:-1, max-image-preview:large, max-video-preview:-1\" \/>\n<link rel=\"canonical\" href=\"http:\/\/szolnokimuvesztelep.com\/en\/2019\/01\/08\/munkacsy-kiallitas-szolnokon\/\" \/>\n<meta property=\"og:locale\" content=\"en_US\" \/>\n<meta property=\"og:type\" content=\"article\" \/>\n<meta property=\"og:title\" content=\"Munk\u00e1csy ki\u00e1ll\u00edt\u00e1s Szolnokon - SZOLNOKI M\u0170V\u00c9SZTELEP\" \/>\n<meta property=\"og:description\" content=\"2019. janu\u00e1r 12. &#8211; 2019. \u00e1prilis 7. Munk\u00e1csy Mih\u00e1ly sz\u00fclet\u00e9s\u00e9nek 175. \u00e9vfordul\u00f3ja alkalm\u00e1b\u00f3l m\u00e1sod\u00edzben \u00fcdv\u00f6z\u00f6lhetj\u00fck v\u00e1rosunkban a P\u00e1kh Imre gy\u0171jtem\u00e9ny\u00e9b\u0151l \u00e9s a b\u00e9k\u00e9scsabai Munk\u00e1csy Mih\u00e1ly M\u00fazeum gy\u0171jtem\u00e9ny\u00e9b\u0151l \u00f6ssze\u00e1ll\u00edtott t\u00e1rlatot, mellyel a 175 \u00e9ve sz\u00fcletett fest\u0151\u00f3ri\u00e1s el\u0151tt tiszteleg m\u00fazeumunk. Legut\u00f3bb tizenk\u00e9t \u00e9ve mutathattunk be egy v\u00e1logat\u00e1st a P\u00e1kh-gy\u0171jtem\u00e9ny \u00e9s a Munk\u00e1csy&hellip;\" \/>\n<meta property=\"og:url\" content=\"http:\/\/szolnokimuvesztelep.com\/en\/2019\/01\/08\/munkacsy-kiallitas-szolnokon\/\" \/>\n<meta property=\"og:site_name\" content=\"SZOLNOKI M\u0170V\u00c9SZTELEP\" \/>\n<meta property=\"article:publisher\" content=\"https:\/\/www.facebook.com\/szolnokimuvesztelepofficial\/\" \/>\n<meta property=\"article:published_time\" content=\"2019-01-08T10:44:55+00:00\" \/>\n<meta property=\"article:modified_time\" content=\"2022-11-25T13:48:07+00:00\" \/>\n<meta property=\"og:image\" content=\"https:\/\/i0.wp.com\/szolnokimuvesztelep.com\/wp-content\/uploads\/2019\/01\/48364143_1954545864594801_3235999601152491520_n-3.jpg?fit=676%2C675\" \/>\n\t<meta property=\"og:image:width\" content=\"676\" \/>\n\t<meta property=\"og:image:height\" content=\"675\" \/>\n<script type=\"application\/ld+json\" class=\"yoast-schema-graph\">{\"@context\":\"https:\/\/schema.org\",\"@graph\":[{\"@type\":\"Organization\",\"@id\":\"http:\/\/szolnokimuvesztelep.com\/en\/#organization\",\"name\":\"Szolnoki M\\u0171v\\u00e9sztelep\",\"url\":\"http:\/\/szolnokimuvesztelep.com\/en\/\",\"sameAs\":[\"https:\/\/www.facebook.com\/szolnokimuvesztelepofficial\/\",\"https:\/\/www.instagram.com\/szolnoki_muvesztelep\/\",\"https:\/\/www.youtube.com\/channel\/UCAYRF4A8FrslG3J__XEjEoA\",\"https:\/\/hu.wikipedia.org\/wiki\/Szolnoki_m\\u0171v\\u00e9sztelep\"],\"logo\":{\"@type\":\"ImageObject\",\"@id\":\"http:\/\/szolnokimuvesztelep.com\/en\/#logo\",\"inLanguage\":\"en-US\",\"url\":\"https:\/\/i0.wp.com\/szolnokimuvesztelep.com\/wp-content\/uploads\/2020\/05\/szmt_2019_szlogen_psz-01.png?fit=2242%2C863\",\"width\":2242,\"height\":863,\"caption\":\"Szolnoki M\\u0171v\\u00e9sztelep\"},\"image\":{\"@id\":\"http:\/\/szolnokimuvesztelep.com\/en\/#logo\"}},{\"@type\":\"WebSite\",\"@id\":\"http:\/\/szolnokimuvesztelep.com\/en\/#website\",\"url\":\"http:\/\/szolnokimuvesztelep.com\/en\/\",\"name\":\"SZOLNOKI M\\u0170V\\u00c9SZTELEP\",\"description\":\"Meg\\u00fajul\\u00f3 hagyom\\u00e1ny\",\"publisher\":{\"@id\":\"http:\/\/szolnokimuvesztelep.com\/en\/#organization\"},\"potentialAction\":[{\"@type\":\"SearchAction\",\"target\":\"http:\/\/szolnokimuvesztelep.com\/en\/?s={search_term_string}\",\"query-input\":\"required name=search_term_string\"}],\"inLanguage\":\"en-US\"},{\"@type\":\"ImageObject\",\"@id\":\"http:\/\/szolnokimuvesztelep.com\/2019\/01\/08\/munkacsy-kiallitas-szolnokon\/#primaryimage\",\"inLanguage\":\"en-US\",\"url\":\"https:\/\/i0.wp.com\/szolnokimuvesztelep.com\/wp-content\/uploads\/2019\/01\/48364143_1954545864594801_3235999601152491520_n-3.jpg?fit=676%2C675\",\"width\":676,\"height\":675},{\"@type\":\"WebPage\",\"@id\":\"http:\/\/szolnokimuvesztelep.com\/2019\/01\/08\/munkacsy-kiallitas-szolnokon\/#webpage\",\"url\":\"http:\/\/szolnokimuvesztelep.com\/2019\/01\/08\/munkacsy-kiallitas-szolnokon\/\",\"name\":\"Munk\\u00e1csy ki\\u00e1ll\\u00edt\\u00e1s Szolnokon - SZOLNOKI M\\u0170V\\u00c9SZTELEP\",\"isPartOf\":{\"@id\":\"http:\/\/szolnokimuvesztelep.com\/en\/#website\"},\"primaryImageOfPage\":{\"@id\":\"http:\/\/szolnokimuvesztelep.com\/2019\/01\/08\/munkacsy-kiallitas-szolnokon\/#primaryimage\"},\"datePublished\":\"2019-01-08T10:44:55+00:00\",\"dateModified\":\"2022-11-25T13:48:07+00:00\",\"inLanguage\":\"en-US\",\"potentialAction\":[{\"@type\":\"ReadAction\",\"target\":[\"http:\/\/szolnokimuvesztelep.com\/2019\/01\/08\/munkacsy-kiallitas-szolnokon\/\"]}]},{\"@type\":\"Article\",\"@id\":\"http:\/\/szolnokimuvesztelep.com\/2019\/01\/08\/munkacsy-kiallitas-szolnokon\/#article\",\"isPartOf\":{\"@id\":\"http:\/\/szolnokimuvesztelep.com\/2019\/01\/08\/munkacsy-kiallitas-szolnokon\/#webpage\"},\"author\":{\"@id\":\"http:\/\/szolnokimuvesztelep.com\/en\/#\/schema\/person\/fccad0df99bc1ade4bb3fc38b3afe01d\"},\"headline\":\"Munk\\u00e1csy ki\\u00e1ll\\u00edt\\u00e1s Szolnokon\",\"datePublished\":\"2019-01-08T10:44:55+00:00\",\"dateModified\":\"2022-11-25T13:48:07+00:00\",\"commentCount\":1,\"mainEntityOfPage\":{\"@id\":\"http:\/\/szolnokimuvesztelep.com\/2019\/01\/08\/munkacsy-kiallitas-szolnokon\/#webpage\"},\"publisher\":{\"@id\":\"http:\/\/szolnokimuvesztelep.com\/en\/#organization\"},\"image\":{\"@id\":\"http:\/\/szolnokimuvesztelep.com\/2019\/01\/08\/munkacsy-kiallitas-szolnokon\/#primaryimage\"},\"articleSection\":\"Arch\\u00edv,H\\u00edrek\",\"inLanguage\":\"en-US\",\"potentialAction\":[{\"@type\":\"CommentAction\",\"name\":\"Comment\",\"target\":[\"http:\/\/szolnokimuvesztelep.com\/2019\/01\/08\/munkacsy-kiallitas-szolnokon\/#respond\"]}]},{\"@type\":[\"Person\"],\"@id\":\"http:\/\/szolnokimuvesztelep.com\/en\/#\/schema\/person\/fccad0df99bc1ade4bb3fc38b3afe01d\",\"name\":\"Admin\",\"image\":{\"@type\":\"ImageObject\",\"@id\":\"http:\/\/szolnokimuvesztelep.com\/en\/#personlogo\",\"inLanguage\":\"en-US\",\"url\":\"http:\/\/0.gravatar.com\/avatar\/9a32a4f857c80a26e0ace836d2d3c886?s=96&d=mm&r=g\",\"caption\":\"Admin\"}}]}<\/script>\n<!-- \/ Yoast SEO Premium plugin. -->","jetpack_sharing_enabled":true,"jetpack_shortlink":"https:\/\/wp.me\/p9tpmR-1eQ","jetpack_likes_enabled":true,"jetpack-related-posts":[],"_links":{"self":[{"href":"http:\/\/szolnokimuvesztelep.com\/en\/wp-json\/wp\/v2\/posts\/4764"}],"collection":[{"href":"http:\/\/szolnokimuvesztelep.com\/en\/wp-json\/wp\/v2\/posts"}],"about":[{"href":"http:\/\/szolnokimuvesztelep.com\/en\/wp-json\/wp\/v2\/types\/post"}],"author":[{"embeddable":true,"href":"http:\/\/szolnokimuvesztelep.com\/en\/wp-json\/wp\/v2\/users\/1"}],"replies":[{"embeddable":true,"href":"http:\/\/szolnokimuvesztelep.com\/en\/wp-json\/wp\/v2\/comments?post=4764"}],"version-history":[{"count":1,"href":"http:\/\/szolnokimuvesztelep.com\/en\/wp-json\/wp\/v2\/posts\/4764\/revisions"}],"predecessor-version":[{"id":5751,"href":"http:\/\/szolnokimuvesztelep.com\/en\/wp-json\/wp\/v2\/posts\/4764\/revisions\/5751"}],"wp:featuredmedia":[{"embeddable":true,"href":"http:\/\/szolnokimuvesztelep.com\/en\/wp-json\/wp\/v2\/media\/4793"}],"wp:attachment":[{"href":"http:\/\/szolnokimuvesztelep.com\/en\/wp-json\/wp\/v2\/media?parent=4764"}],"wp:term":[{"taxonomy":"category","embeddable":true,"href":"http:\/\/szolnokimuvesztelep.com\/en\/wp-json\/wp\/v2\/categories?post=4764"},{"taxonomy":"post_tag","embeddable":true,"href":"http:\/\/szolnokimuvesztelep.com\/en\/wp-json\/wp\/v2\/tags?post=4764"},{"taxonomy":"yst_prominent_words","embeddable":true,"href":"http:\/\/szolnokimuvesztelep.com\/en\/wp-json\/wp\/v2\/yst_prominent_words?post=4764"}],"curies":[{"name":"wp","href":"https:\/\/api.w.org\/{rel}","templated":true}]}}