{"id":3877,"date":"2018-09-14T12:34:55","date_gmt":"2018-09-14T12:34:55","guid":{"rendered":"http:\/\/szolnokimuvesztelep.com\/?p=3877"},"modified":"2022-11-25T13:49:50","modified_gmt":"2022-11-25T13:49:50","slug":"szabo-tamas-munkacsy-dijas-kepzomuvesz-kiallitasa-verseghy-ferenc-konyvtar-verseghy-terem-szolnok-2018-oktober-20-14-30-ora","status":"publish","type":"post","link":"http:\/\/szolnokimuvesztelep.com\/en\/2018\/09\/14\/szabo-tamas-munkacsy-dijas-kepzomuvesz-kiallitasa-verseghy-ferenc-konyvtar-verseghy-terem-szolnok-2018-oktober-20-14-30-ora\/","title":{"rendered":"Szab\u00f3 Tam\u00e1s Munk\u00e1csy-d\u00edjas k\u00e9pz\u0151m\u0171v\u00e9sz ki\u00e1ll\u00edt\u00e1sa \u2013 Verseghy Ferenc K\u00f6nyvt\u00e1r Verseghy Terem, Szolnok, Megtekinthet\u0151: 2018. november 20-ig"},"content":{"rendered":"<div class=\"entry-content\">\n<p class=\"Standard\">A Szolnoki M\u0171v\u00e9szeti Egyes\u00fclet megh\u00edvja \u00d6nt \u00e9s bar\u00e1tait a Magyar Fest\u00e9szet Napja alkalm\u00e1b\u00f3l<\/p>\n<p class=\"Standard\"><strong>SZAB\u00d3 TAM\u00c1S<\/strong><br \/>\nMunk\u00e1csy-d\u00edjas k\u00e9pz\u0151m\u0171v\u00e9sz ki\u00e1ll\u00edt\u00e1s\u00e1ra<\/p>\n<p class=\"Standard\">\u00a0<b>2018. okt\u00f3ber 20. szombat, 14.30 \u00f3r\u00e1ra<br \/>\n<\/b>a <b>Verseghy Ferenc K\u00f6nyvt\u00e1r \u00e9s K\u00f6zm\u0171vel\u0151d\u00e9si Int\u00e9zm\u00e9ny Verseghy term\u00e9be<br \/>\n(5000 Szolnok, Kossuth t\u00e9r 2.)<\/b><\/p>\n<p class=\"Standard\">\u00a0A ki\u00e1ll\u00edt\u00e1st megnyitja: <b>Verebes Gy\u00f6rgy<\/b> Munk\u00e1csy-d\u00edjas fest\u0151m\u0171v\u00e9sz, a Szolnoki M\u0171v\u00e9sztelep m\u0171v\u00e9szeti vezet\u0151je, az MFN Alap\u00edtv\u00e1ny eln\u00f6ke<br \/>\nK\u00f6zrem\u0171k\u00f6dik Varga Erik basszusgit\u00e1ron.<br \/>\nMegtekinthet\u0151: 2018. november 20-ig (K-Sze-P: 9-18 h, Cs: 9-19 h, Szo: 9-13h,\u00a0november 1-4. k\u00f6z\u00f6tt az int\u00e9zm\u00e9ny z\u00e1rva tart)<\/p>\n<p class=\"Standard\">A megnyit\u00f3t k\u00f6vet\u0151en 15.30 \u00f3r\u00e1t\u00f3l \u201eFESTEB\u00c9D\u201d v\u00e1rja a vend\u00e9geket a Verseghy Ferenc K\u00f6nyvt\u00e1r udvar\u00e1n.<\/p>\n<p class=\"Standard\">\u00a0A ki\u00e1ll\u00edt\u00e1s az Alexandre Trauner Art\/Film Fesztiv\u00e1l t\u00e1rsrendezv\u00e9nye.<\/p>\n<p class=\"Standard\">\u00a0Tov\u00e1bbi inform\u00e1ci\u00f3: Szolnoki M\u0171v\u00e9szeti Egyes\u00fclet, 5000 Szolnok, Gutenberg t\u00e9r 12\/12. | +3656230605 | +36205637717<br \/>\n<a href=\"mailto:szolnoki@muvtelep.t-online.hu\">szolnoki@muvtelep.t-online.hu<\/a> | www.szolnokimuvesztelep.com<\/p>\n<\/div>","protected":false},"excerpt":{"rendered":"<p>A Szolnoki M\u0171v\u00e9szeti Egyes\u00fclet megh\u00edvja \u00d6nt \u00e9s bar\u00e1tait a Magyar Fest\u00e9szet Napja alkalm\u00e1b\u00f3l SZAB\u00d3 TAM\u00c1S Munk\u00e1csy-d\u00edjas k\u00e9pz\u0151m\u0171v\u00e9sz ki\u00e1ll\u00edt\u00e1s\u00e1ra \u00a02018. okt\u00f3ber 20. szombat, 14.30 \u00f3r\u00e1ra a Verseghy Ferenc K\u00f6nyvt\u00e1r \u00e9s K\u00f6zm\u0171vel\u0151d\u00e9si Int\u00e9zm\u00e9ny Verseghy term\u00e9be (5000 Szolnok, Kossuth t\u00e9r 2.) \u00a0A ki\u00e1ll\u00edt\u00e1st megnyitja: Verebes Gy\u00f6rgy Munk\u00e1csy-d\u00edjas fest\u0151m\u0171v\u00e9sz, a Szolnoki M\u0171v\u00e9sztelep m\u0171v\u00e9szeti vezet\u0151je,&hellip; <\/p>","protected":false},"author":2,"featured_media":3878,"comment_status":"open","ping_status":"open","sticky":false,"template":"","format":"standard","meta":{"spay_email":"","jetpack_publicize_message":""},"categories":[55,1,58],"tags":[],"yst_prominent_words":[],"jetpack_featured_media_url":"https:\/\/i0.wp.com\/szolnokimuvesztelep.com\/wp-content\/uploads\/2018\/09\/szabotamas1_2_mfn_esemeny_honlap_kis.jpg?fit=400%2C400","jetpack_publicize_connections":[],"yoast_head":"<!-- This site is optimized with the Yoast SEO Premium plugin v14.1 - https:\/\/yoast.com\/wordpress\/plugins\/seo\/ -->\n<title>Szab\u00f3 Tam\u00e1s Munk\u00e1csy-d\u00edjas k\u00e9pz\u0151m\u0171v\u00e9sz ki\u00e1ll\u00edt\u00e1sa \u2013 Verseghy Ferenc K\u00f6nyvt\u00e1r Verseghy Terem, Szolnok, Megtekinthet\u0151: 2018. november 20-ig - SZOLNOKI M\u0170V\u00c9SZTELEP<\/title>\n<meta name=\"robots\" content=\"index, follow\" \/>\n<meta name=\"googlebot\" content=\"index, follow, max-snippet:-1, max-image-preview:large, max-video-preview:-1\" \/>\n<meta name=\"bingbot\" content=\"index, follow, max-snippet:-1, max-image-preview:large, max-video-preview:-1\" \/>\n<link rel=\"canonical\" href=\"http:\/\/szolnokimuvesztelep.com\/en\/2018\/09\/14\/szabo-tamas-munkacsy-dijas-kepzomuvesz-kiallitasa-verseghy-ferenc-konyvtar-verseghy-terem-szolnok-2018-oktober-20-14-30-ora\/\" \/>\n<meta property=\"og:locale\" content=\"en_US\" \/>\n<meta property=\"og:type\" content=\"article\" \/>\n<meta property=\"og:title\" content=\"Szab\u00f3 Tam\u00e1s Munk\u00e1csy-d\u00edjas k\u00e9pz\u0151m\u0171v\u00e9sz ki\u00e1ll\u00edt\u00e1sa \u2013 Verseghy Ferenc K\u00f6nyvt\u00e1r Verseghy Terem, Szolnok, Megtekinthet\u0151: 2018. november 20-ig - SZOLNOKI M\u0170V\u00c9SZTELEP\" \/>\n<meta property=\"og:description\" content=\"A Szolnoki M\u0171v\u00e9szeti Egyes\u00fclet megh\u00edvja \u00d6nt \u00e9s bar\u00e1tait a Magyar Fest\u00e9szet Napja alkalm\u00e1b\u00f3l SZAB\u00d3 TAM\u00c1S Munk\u00e1csy-d\u00edjas k\u00e9pz\u0151m\u0171v\u00e9sz ki\u00e1ll\u00edt\u00e1s\u00e1ra \u00a02018. okt\u00f3ber 20. szombat, 14.30 \u00f3r\u00e1ra a Verseghy Ferenc K\u00f6nyvt\u00e1r \u00e9s K\u00f6zm\u0171vel\u0151d\u00e9si Int\u00e9zm\u00e9ny Verseghy term\u00e9be (5000 Szolnok, Kossuth t\u00e9r 2.) \u00a0A ki\u00e1ll\u00edt\u00e1st megnyitja: Verebes Gy\u00f6rgy Munk\u00e1csy-d\u00edjas fest\u0151m\u0171v\u00e9sz, a Szolnoki M\u0171v\u00e9sztelep m\u0171v\u00e9szeti vezet\u0151je,&hellip;\" \/>\n<meta property=\"og:url\" content=\"http:\/\/szolnokimuvesztelep.com\/en\/2018\/09\/14\/szabo-tamas-munkacsy-dijas-kepzomuvesz-kiallitasa-verseghy-ferenc-konyvtar-verseghy-terem-szolnok-2018-oktober-20-14-30-ora\/\" \/>\n<meta property=\"og:site_name\" content=\"SZOLNOKI M\u0170V\u00c9SZTELEP\" \/>\n<meta property=\"article:publisher\" content=\"https:\/\/www.facebook.com\/szolnokimuvesztelepofficial\/\" \/>\n<meta property=\"article:published_time\" content=\"2018-09-14T12:34:55+00:00\" \/>\n<meta property=\"article:modified_time\" content=\"2022-11-25T13:49:50+00:00\" \/>\n<meta property=\"og:image\" content=\"https:\/\/i0.wp.com\/szolnokimuvesztelep.com\/wp-content\/uploads\/2018\/09\/szabotamas1_2_mfn_esemeny_honlap_kis.jpg?fit=400%2C400\" \/>\n\t<meta property=\"og:image:width\" content=\"400\" \/>\n\t<meta property=\"og:image:height\" content=\"400\" \/>\n<script type=\"application\/ld+json\" class=\"yoast-schema-graph\">{\"@context\":\"https:\/\/schema.org\",\"@graph\":[{\"@type\":\"Organization\",\"@id\":\"http:\/\/szolnokimuvesztelep.com\/en\/#organization\",\"name\":\"Szolnoki M\\u0171v\\u00e9sztelep\",\"url\":\"http:\/\/szolnokimuvesztelep.com\/en\/\",\"sameAs\":[\"https:\/\/www.facebook.com\/szolnokimuvesztelepofficial\/\",\"https:\/\/www.instagram.com\/szolnoki_muvesztelep\/\",\"https:\/\/www.youtube.com\/channel\/UCAYRF4A8FrslG3J__XEjEoA\",\"https:\/\/hu.wikipedia.org\/wiki\/Szolnoki_m\\u0171v\\u00e9sztelep\"],\"logo\":{\"@type\":\"ImageObject\",\"@id\":\"http:\/\/szolnokimuvesztelep.com\/en\/#logo\",\"inLanguage\":\"en-US\",\"url\":\"https:\/\/i0.wp.com\/szolnokimuvesztelep.com\/wp-content\/uploads\/2020\/05\/szmt_2019_szlogen_psz-01.png?fit=2242%2C863\",\"width\":2242,\"height\":863,\"caption\":\"Szolnoki M\\u0171v\\u00e9sztelep\"},\"image\":{\"@id\":\"http:\/\/szolnokimuvesztelep.com\/en\/#logo\"}},{\"@type\":\"WebSite\",\"@id\":\"http:\/\/szolnokimuvesztelep.com\/en\/#website\",\"url\":\"http:\/\/szolnokimuvesztelep.com\/en\/\",\"name\":\"SZOLNOKI M\\u0170V\\u00c9SZTELEP\",\"description\":\"Meg\\u00fajul\\u00f3 hagyom\\u00e1ny\",\"publisher\":{\"@id\":\"http:\/\/szolnokimuvesztelep.com\/en\/#organization\"},\"potentialAction\":[{\"@type\":\"SearchAction\",\"target\":\"http:\/\/szolnokimuvesztelep.com\/en\/?s={search_term_string}\",\"query-input\":\"required name=search_term_string\"}],\"inLanguage\":\"en-US\"},{\"@type\":\"ImageObject\",\"@id\":\"http:\/\/szolnokimuvesztelep.com\/2018\/09\/14\/szabo-tamas-munkacsy-dijas-kepzomuvesz-kiallitasa-verseghy-ferenc-konyvtar-verseghy-terem-szolnok-2018-oktober-20-14-30-ora\/#primaryimage\",\"inLanguage\":\"en-US\",\"url\":\"https:\/\/i0.wp.com\/szolnokimuvesztelep.com\/wp-content\/uploads\/2018\/09\/szabotamas1_2_mfn_esemeny_honlap_kis.jpg?fit=400%2C400\",\"width\":400,\"height\":400},{\"@type\":\"WebPage\",\"@id\":\"http:\/\/szolnokimuvesztelep.com\/2018\/09\/14\/szabo-tamas-munkacsy-dijas-kepzomuvesz-kiallitasa-verseghy-ferenc-konyvtar-verseghy-terem-szolnok-2018-oktober-20-14-30-ora\/#webpage\",\"url\":\"http:\/\/szolnokimuvesztelep.com\/2018\/09\/14\/szabo-tamas-munkacsy-dijas-kepzomuvesz-kiallitasa-verseghy-ferenc-konyvtar-verseghy-terem-szolnok-2018-oktober-20-14-30-ora\/\",\"name\":\"Szab\\u00f3 Tam\\u00e1s Munk\\u00e1csy-d\\u00edjas k\\u00e9pz\\u0151m\\u0171v\\u00e9sz ki\\u00e1ll\\u00edt\\u00e1sa \\u2013 Verseghy Ferenc K\\u00f6nyvt\\u00e1r Verseghy Terem, Szolnok, Megtekinthet\\u0151: 2018. november 20-ig - SZOLNOKI M\\u0170V\\u00c9SZTELEP\",\"isPartOf\":{\"@id\":\"http:\/\/szolnokimuvesztelep.com\/en\/#website\"},\"primaryImageOfPage\":{\"@id\":\"http:\/\/szolnokimuvesztelep.com\/2018\/09\/14\/szabo-tamas-munkacsy-dijas-kepzomuvesz-kiallitasa-verseghy-ferenc-konyvtar-verseghy-terem-szolnok-2018-oktober-20-14-30-ora\/#primaryimage\"},\"datePublished\":\"2018-09-14T12:34:55+00:00\",\"dateModified\":\"2022-11-25T13:49:50+00:00\",\"inLanguage\":\"en-US\",\"potentialAction\":[{\"@type\":\"ReadAction\",\"target\":[\"http:\/\/szolnokimuvesztelep.com\/2018\/09\/14\/szabo-tamas-munkacsy-dijas-kepzomuvesz-kiallitasa-verseghy-ferenc-konyvtar-verseghy-terem-szolnok-2018-oktober-20-14-30-ora\/\"]}]},{\"@type\":\"Article\",\"@id\":\"http:\/\/szolnokimuvesztelep.com\/2018\/09\/14\/szabo-tamas-munkacsy-dijas-kepzomuvesz-kiallitasa-verseghy-ferenc-konyvtar-verseghy-terem-szolnok-2018-oktober-20-14-30-ora\/#article\",\"isPartOf\":{\"@id\":\"http:\/\/szolnokimuvesztelep.com\/2018\/09\/14\/szabo-tamas-munkacsy-dijas-kepzomuvesz-kiallitasa-verseghy-ferenc-konyvtar-verseghy-terem-szolnok-2018-oktober-20-14-30-ora\/#webpage\"},\"author\":{\"@id\":\"http:\/\/szolnokimuvesztelep.com\/en\/#\/schema\/person\/6809c0486d15892946a64c7ea6eed077\"},\"headline\":\"Szab\\u00f3 Tam\\u00e1s Munk\\u00e1csy-d\\u00edjas k\\u00e9pz\\u0151m\\u0171v\\u00e9sz ki\\u00e1ll\\u00edt\\u00e1sa \\u2013 Verseghy Ferenc K\\u00f6nyvt\\u00e1r Verseghy Terem, Szolnok, Megtekinthet\\u0151: 2018. november 20-ig\",\"datePublished\":\"2018-09-14T12:34:55+00:00\",\"dateModified\":\"2022-11-25T13:49:50+00:00\",\"commentCount\":0,\"mainEntityOfPage\":{\"@id\":\"http:\/\/szolnokimuvesztelep.com\/2018\/09\/14\/szabo-tamas-munkacsy-dijas-kepzomuvesz-kiallitasa-verseghy-ferenc-konyvtar-verseghy-terem-szolnok-2018-oktober-20-14-30-ora\/#webpage\"},\"publisher\":{\"@id\":\"http:\/\/szolnokimuvesztelep.com\/en\/#organization\"},\"image\":{\"@id\":\"http:\/\/szolnokimuvesztelep.com\/2018\/09\/14\/szabo-tamas-munkacsy-dijas-kepzomuvesz-kiallitasa-verseghy-ferenc-konyvtar-verseghy-terem-szolnok-2018-oktober-20-14-30-ora\/#primaryimage\"},\"articleSection\":\"Arch\\u00edv,Egy\\u00e9b,H\\u00edrek\",\"inLanguage\":\"en-US\",\"potentialAction\":[{\"@type\":\"CommentAction\",\"name\":\"Comment\",\"target\":[\"http:\/\/szolnokimuvesztelep.com\/2018\/09\/14\/szabo-tamas-munkacsy-dijas-kepzomuvesz-kiallitasa-verseghy-ferenc-konyvtar-verseghy-terem-szolnok-2018-oktober-20-14-30-ora\/#respond\"]}]},{\"@type\":[\"Person\"],\"@id\":\"http:\/\/szolnokimuvesztelep.com\/en\/#\/schema\/person\/6809c0486d15892946a64c7ea6eed077\",\"name\":\"Verebes Edit\",\"image\":{\"@type\":\"ImageObject\",\"@id\":\"http:\/\/szolnokimuvesztelep.com\/en\/#personlogo\",\"inLanguage\":\"en-US\",\"url\":\"http:\/\/2.gravatar.com\/avatar\/5d546bcb1a27fb506fe8bb16e33cd5fd?s=96&d=mm&r=g\",\"caption\":\"Verebes Edit\"}}]}<\/script>\n<!-- \/ Yoast SEO Premium plugin. -->","jetpack_sharing_enabled":true,"jetpack_shortlink":"https:\/\/wp.me\/p9tpmR-10x","jetpack_likes_enabled":true,"jetpack-related-posts":[],"_links":{"self":[{"href":"http:\/\/szolnokimuvesztelep.com\/en\/wp-json\/wp\/v2\/posts\/3877"}],"collection":[{"href":"http:\/\/szolnokimuvesztelep.com\/en\/wp-json\/wp\/v2\/posts"}],"about":[{"href":"http:\/\/szolnokimuvesztelep.com\/en\/wp-json\/wp\/v2\/types\/post"}],"author":[{"embeddable":true,"href":"http:\/\/szolnokimuvesztelep.com\/en\/wp-json\/wp\/v2\/users\/2"}],"replies":[{"embeddable":true,"href":"http:\/\/szolnokimuvesztelep.com\/en\/wp-json\/wp\/v2\/comments?post=3877"}],"version-history":[{"count":1,"href":"http:\/\/szolnokimuvesztelep.com\/en\/wp-json\/wp\/v2\/posts\/3877\/revisions"}],"predecessor-version":[{"id":7767,"href":"http:\/\/szolnokimuvesztelep.com\/en\/wp-json\/wp\/v2\/posts\/3877\/revisions\/7767"}],"wp:featuredmedia":[{"embeddable":true,"href":"http:\/\/szolnokimuvesztelep.com\/en\/wp-json\/wp\/v2\/media\/3878"}],"wp:attachment":[{"href":"http:\/\/szolnokimuvesztelep.com\/en\/wp-json\/wp\/v2\/media?parent=3877"}],"wp:term":[{"taxonomy":"category","embeddable":true,"href":"http:\/\/szolnokimuvesztelep.com\/en\/wp-json\/wp\/v2\/categories?post=3877"},{"taxonomy":"post_tag","embeddable":true,"href":"http:\/\/szolnokimuvesztelep.com\/en\/wp-json\/wp\/v2\/tags?post=3877"},{"taxonomy":"yst_prominent_words","embeddable":true,"href":"http:\/\/szolnokimuvesztelep.com\/en\/wp-json\/wp\/v2\/yst_prominent_words?post=3877"}],"curies":[{"name":"wp","href":"https:\/\/api.w.org\/{rel}","templated":true}]}}