{"id":3873,"date":"2018-09-14T12:31:18","date_gmt":"2018-09-14T12:31:18","guid":{"rendered":"http:\/\/szolnokimuvesztelep.com\/?p=3873"},"modified":"2022-11-25T13:50:31","modified_gmt":"2022-11-25T13:50:31","slug":"holdfenygyujto-szabo-gyorgy-szobraszmuvesz-kiallitasa-szoboszlai-galeria-szolnok-2018-oktober-19-17-00-ora","status":"publish","type":"post","link":"http:\/\/szolnokimuvesztelep.com\/en\/2018\/09\/14\/holdfenygyujto-szabo-gyorgy-szobraszmuvesz-kiallitasa-szoboszlai-galeria-szolnok-2018-oktober-19-17-00-ora\/","title":{"rendered":"Holdf\u00e9nygy\u0171jt\u0151 &#8211; Szab\u00f3 Gy\u00f6rgy szobr\u00e1szm\u0171v\u00e9sz ki\u00e1ll\u00edt\u00e1sa &#8211; Szoboszlai Gal\u00e9ria, Szolnok, Megtekinthet\u0151: 2018. november 30-ig"},"content":{"rendered":"<p>Szeretettel v\u00e1rjuk \u00d6nt, csal\u00e1dj\u00e1t \u00e9s bar\u00e1tait<br \/>\n2018. <strong>okt\u00f3ber 19-\u00e9n, <\/strong>p\u00e9nteken 17 \u00f3r\u00e1ra<\/p>\n<p><strong>Szab\u00f3 Gy\u00f6rgy <\/strong>Munk\u00e1csy-d\u00edjas szobr\u00e1szm\u0171v\u00e9sz<\/p>\n<p><strong>Holdf\u00e9nygy\u0171jt\u0151<\/strong> c\u00edm\u0171 ki\u00e1ll\u00edt\u00e1s\u00e1nak megnyit\u00e1s\u00e1ra.<\/p>\n<p>Helye: Szoboszlai Gal\u00e9ria (5000 Szolnok, J\u00f3kai \u00fat 1.)<br \/>\nA m\u0171veket a k\u00f6z\u00f6ns\u00e9gnek aj\u00e1nlja: <strong>Borsos Mih\u00e1ly, <\/strong>az Art Salon T\u00e1rsalg\u00f3 Gal\u00e9ria vezet\u0151je<br \/>\nA t\u00e1rlat 2018. november 30-ig tekinthet\u0151 meg. \/A Gal\u00e9ria november 1-\u00e9n z\u00e1rva tart.\/<br \/>\nA Gal\u00e9ria h\u00e9tf\u0151t\u0151l-p\u00e9ntekig 10-17 \u00f3r\u00e1ig tart nyitva.<\/p>\n<p>&nbsp;<\/p>","protected":false},"excerpt":{"rendered":"<p>Szeretettel v\u00e1rjuk \u00d6nt, csal\u00e1dj\u00e1t \u00e9s bar\u00e1tait 2018. okt\u00f3ber 19-\u00e9n, p\u00e9nteken 17 \u00f3r\u00e1ra Szab\u00f3 Gy\u00f6rgy Munk\u00e1csy-d\u00edjas szobr\u00e1szm\u0171v\u00e9sz Holdf\u00e9nygy\u0171jt\u0151 c\u00edm\u0171 ki\u00e1ll\u00edt\u00e1s\u00e1nak megnyit\u00e1s\u00e1ra. Helye: Szoboszlai Gal\u00e9ria (5000 Szolnok, J\u00f3kai \u00fat 1.) A m\u0171veket a k\u00f6z\u00f6ns\u00e9gnek aj\u00e1nlja: Borsos Mih\u00e1ly, az Art Salon T\u00e1rsalg\u00f3 Gal\u00e9ria vezet\u0151je A t\u00e1rlat 2018. november 30-ig tekinthet\u0151 meg. \/A Gal\u00e9ria&hellip; <\/p>","protected":false},"author":2,"featured_media":3874,"comment_status":"open","ping_status":"open","sticky":false,"template":"","format":"standard","meta":{"spay_email":"","jetpack_publicize_message":""},"categories":[55,1,58],"tags":[],"yst_prominent_words":[],"jetpack_featured_media_url":"https:\/\/i0.wp.com\/szolnokimuvesztelep.com\/wp-content\/uploads\/2018\/09\/szabogyorgy2_2_mfn_esemeny_honlap_kis.jpg?fit=400%2C400","jetpack_publicize_connections":[],"yoast_head":"<!-- This site is optimized with the Yoast SEO Premium plugin v14.1 - https:\/\/yoast.com\/wordpress\/plugins\/seo\/ -->\n<title>Holdf\u00e9nygy\u0171jt\u0151 - Szab\u00f3 Gy\u00f6rgy szobr\u00e1szm\u0171v\u00e9sz ki\u00e1ll\u00edt\u00e1sa - Szoboszlai Gal\u00e9ria, Szolnok, Megtekinthet\u0151: 2018. november 30-ig - SZOLNOKI M\u0170V\u00c9SZTELEP<\/title>\n<meta name=\"robots\" content=\"index, follow\" \/>\n<meta name=\"googlebot\" content=\"index, follow, max-snippet:-1, max-image-preview:large, max-video-preview:-1\" \/>\n<meta name=\"bingbot\" content=\"index, follow, max-snippet:-1, max-image-preview:large, max-video-preview:-1\" \/>\n<link rel=\"canonical\" href=\"http:\/\/szolnokimuvesztelep.com\/en\/2018\/09\/14\/holdfenygyujto-szabo-gyorgy-szobraszmuvesz-kiallitasa-szoboszlai-galeria-szolnok-2018-oktober-19-17-00-ora\/\" \/>\n<meta property=\"og:locale\" content=\"en_US\" \/>\n<meta property=\"og:type\" content=\"article\" \/>\n<meta property=\"og:title\" content=\"Holdf\u00e9nygy\u0171jt\u0151 - Szab\u00f3 Gy\u00f6rgy szobr\u00e1szm\u0171v\u00e9sz ki\u00e1ll\u00edt\u00e1sa - Szoboszlai Gal\u00e9ria, Szolnok, Megtekinthet\u0151: 2018. november 30-ig - SZOLNOKI M\u0170V\u00c9SZTELEP\" \/>\n<meta property=\"og:description\" content=\"Szeretettel v\u00e1rjuk \u00d6nt, csal\u00e1dj\u00e1t \u00e9s bar\u00e1tait 2018. okt\u00f3ber 19-\u00e9n, p\u00e9nteken 17 \u00f3r\u00e1ra Szab\u00f3 Gy\u00f6rgy Munk\u00e1csy-d\u00edjas szobr\u00e1szm\u0171v\u00e9sz Holdf\u00e9nygy\u0171jt\u0151 c\u00edm\u0171 ki\u00e1ll\u00edt\u00e1s\u00e1nak megnyit\u00e1s\u00e1ra. Helye: Szoboszlai Gal\u00e9ria (5000 Szolnok, J\u00f3kai \u00fat 1.) A m\u0171veket a k\u00f6z\u00f6ns\u00e9gnek aj\u00e1nlja: Borsos Mih\u00e1ly, az Art Salon T\u00e1rsalg\u00f3 Gal\u00e9ria vezet\u0151je A t\u00e1rlat 2018. november 30-ig tekinthet\u0151 meg. \/A Gal\u00e9ria&hellip;\" \/>\n<meta property=\"og:url\" content=\"http:\/\/szolnokimuvesztelep.com\/en\/2018\/09\/14\/holdfenygyujto-szabo-gyorgy-szobraszmuvesz-kiallitasa-szoboszlai-galeria-szolnok-2018-oktober-19-17-00-ora\/\" \/>\n<meta property=\"og:site_name\" content=\"SZOLNOKI M\u0170V\u00c9SZTELEP\" \/>\n<meta property=\"article:publisher\" content=\"https:\/\/www.facebook.com\/szolnokimuvesztelepofficial\/\" \/>\n<meta property=\"article:published_time\" content=\"2018-09-14T12:31:18+00:00\" \/>\n<meta property=\"article:modified_time\" content=\"2022-11-25T13:50:31+00:00\" \/>\n<meta property=\"og:image\" content=\"https:\/\/i0.wp.com\/szolnokimuvesztelep.com\/wp-content\/uploads\/2018\/09\/szabogyorgy2_2_mfn_esemeny_honlap_kis.jpg?fit=400%2C400\" \/>\n\t<meta property=\"og:image:width\" content=\"400\" \/>\n\t<meta property=\"og:image:height\" content=\"400\" \/>\n<script type=\"application\/ld+json\" class=\"yoast-schema-graph\">{\"@context\":\"https:\/\/schema.org\",\"@graph\":[{\"@type\":\"Organization\",\"@id\":\"http:\/\/szolnokimuvesztelep.com\/en\/#organization\",\"name\":\"Szolnoki M\\u0171v\\u00e9sztelep\",\"url\":\"http:\/\/szolnokimuvesztelep.com\/en\/\",\"sameAs\":[\"https:\/\/www.facebook.com\/szolnokimuvesztelepofficial\/\",\"https:\/\/www.instagram.com\/szolnoki_muvesztelep\/\",\"https:\/\/www.youtube.com\/channel\/UCAYRF4A8FrslG3J__XEjEoA\",\"https:\/\/hu.wikipedia.org\/wiki\/Szolnoki_m\\u0171v\\u00e9sztelep\"],\"logo\":{\"@type\":\"ImageObject\",\"@id\":\"http:\/\/szolnokimuvesztelep.com\/en\/#logo\",\"inLanguage\":\"en-US\",\"url\":\"https:\/\/i0.wp.com\/szolnokimuvesztelep.com\/wp-content\/uploads\/2020\/05\/szmt_2019_szlogen_psz-01.png?fit=2242%2C863\",\"width\":2242,\"height\":863,\"caption\":\"Szolnoki M\\u0171v\\u00e9sztelep\"},\"image\":{\"@id\":\"http:\/\/szolnokimuvesztelep.com\/en\/#logo\"}},{\"@type\":\"WebSite\",\"@id\":\"http:\/\/szolnokimuvesztelep.com\/en\/#website\",\"url\":\"http:\/\/szolnokimuvesztelep.com\/en\/\",\"name\":\"SZOLNOKI M\\u0170V\\u00c9SZTELEP\",\"description\":\"Meg\\u00fajul\\u00f3 hagyom\\u00e1ny\",\"publisher\":{\"@id\":\"http:\/\/szolnokimuvesztelep.com\/en\/#organization\"},\"potentialAction\":[{\"@type\":\"SearchAction\",\"target\":\"http:\/\/szolnokimuvesztelep.com\/en\/?s={search_term_string}\",\"query-input\":\"required name=search_term_string\"}],\"inLanguage\":\"en-US\"},{\"@type\":\"ImageObject\",\"@id\":\"http:\/\/szolnokimuvesztelep.com\/2018\/09\/14\/holdfenygyujto-szabo-gyorgy-szobraszmuvesz-kiallitasa-szoboszlai-galeria-szolnok-2018-oktober-19-17-00-ora\/#primaryimage\",\"inLanguage\":\"en-US\",\"url\":\"https:\/\/i0.wp.com\/szolnokimuvesztelep.com\/wp-content\/uploads\/2018\/09\/szabogyorgy2_2_mfn_esemeny_honlap_kis.jpg?fit=400%2C400\",\"width\":400,\"height\":400},{\"@type\":\"WebPage\",\"@id\":\"http:\/\/szolnokimuvesztelep.com\/2018\/09\/14\/holdfenygyujto-szabo-gyorgy-szobraszmuvesz-kiallitasa-szoboszlai-galeria-szolnok-2018-oktober-19-17-00-ora\/#webpage\",\"url\":\"http:\/\/szolnokimuvesztelep.com\/2018\/09\/14\/holdfenygyujto-szabo-gyorgy-szobraszmuvesz-kiallitasa-szoboszlai-galeria-szolnok-2018-oktober-19-17-00-ora\/\",\"name\":\"Holdf\\u00e9nygy\\u0171jt\\u0151 - Szab\\u00f3 Gy\\u00f6rgy szobr\\u00e1szm\\u0171v\\u00e9sz ki\\u00e1ll\\u00edt\\u00e1sa - Szoboszlai Gal\\u00e9ria, Szolnok, Megtekinthet\\u0151: 2018. november 30-ig - SZOLNOKI M\\u0170V\\u00c9SZTELEP\",\"isPartOf\":{\"@id\":\"http:\/\/szolnokimuvesztelep.com\/en\/#website\"},\"primaryImageOfPage\":{\"@id\":\"http:\/\/szolnokimuvesztelep.com\/2018\/09\/14\/holdfenygyujto-szabo-gyorgy-szobraszmuvesz-kiallitasa-szoboszlai-galeria-szolnok-2018-oktober-19-17-00-ora\/#primaryimage\"},\"datePublished\":\"2018-09-14T12:31:18+00:00\",\"dateModified\":\"2022-11-25T13:50:31+00:00\",\"inLanguage\":\"en-US\",\"potentialAction\":[{\"@type\":\"ReadAction\",\"target\":[\"http:\/\/szolnokimuvesztelep.com\/2018\/09\/14\/holdfenygyujto-szabo-gyorgy-szobraszmuvesz-kiallitasa-szoboszlai-galeria-szolnok-2018-oktober-19-17-00-ora\/\"]}]},{\"@type\":\"Article\",\"@id\":\"http:\/\/szolnokimuvesztelep.com\/2018\/09\/14\/holdfenygyujto-szabo-gyorgy-szobraszmuvesz-kiallitasa-szoboszlai-galeria-szolnok-2018-oktober-19-17-00-ora\/#article\",\"isPartOf\":{\"@id\":\"http:\/\/szolnokimuvesztelep.com\/2018\/09\/14\/holdfenygyujto-szabo-gyorgy-szobraszmuvesz-kiallitasa-szoboszlai-galeria-szolnok-2018-oktober-19-17-00-ora\/#webpage\"},\"author\":{\"@id\":\"http:\/\/szolnokimuvesztelep.com\/en\/#\/schema\/person\/6809c0486d15892946a64c7ea6eed077\"},\"headline\":\"Holdf\\u00e9nygy\\u0171jt\\u0151 &#8211; Szab\\u00f3 Gy\\u00f6rgy szobr\\u00e1szm\\u0171v\\u00e9sz ki\\u00e1ll\\u00edt\\u00e1sa &#8211; Szoboszlai Gal\\u00e9ria, Szolnok, Megtekinthet\\u0151: 2018. november 30-ig\",\"datePublished\":\"2018-09-14T12:31:18+00:00\",\"dateModified\":\"2022-11-25T13:50:31+00:00\",\"commentCount\":0,\"mainEntityOfPage\":{\"@id\":\"http:\/\/szolnokimuvesztelep.com\/2018\/09\/14\/holdfenygyujto-szabo-gyorgy-szobraszmuvesz-kiallitasa-szoboszlai-galeria-szolnok-2018-oktober-19-17-00-ora\/#webpage\"},\"publisher\":{\"@id\":\"http:\/\/szolnokimuvesztelep.com\/en\/#organization\"},\"image\":{\"@id\":\"http:\/\/szolnokimuvesztelep.com\/2018\/09\/14\/holdfenygyujto-szabo-gyorgy-szobraszmuvesz-kiallitasa-szoboszlai-galeria-szolnok-2018-oktober-19-17-00-ora\/#primaryimage\"},\"articleSection\":\"Arch\\u00edv,Egy\\u00e9b,H\\u00edrek\",\"inLanguage\":\"en-US\",\"potentialAction\":[{\"@type\":\"CommentAction\",\"name\":\"Comment\",\"target\":[\"http:\/\/szolnokimuvesztelep.com\/2018\/09\/14\/holdfenygyujto-szabo-gyorgy-szobraszmuvesz-kiallitasa-szoboszlai-galeria-szolnok-2018-oktober-19-17-00-ora\/#respond\"]}]},{\"@type\":[\"Person\"],\"@id\":\"http:\/\/szolnokimuvesztelep.com\/en\/#\/schema\/person\/6809c0486d15892946a64c7ea6eed077\",\"name\":\"Verebes Edit\",\"image\":{\"@type\":\"ImageObject\",\"@id\":\"http:\/\/szolnokimuvesztelep.com\/en\/#personlogo\",\"inLanguage\":\"en-US\",\"url\":\"http:\/\/2.gravatar.com\/avatar\/5d546bcb1a27fb506fe8bb16e33cd5fd?s=96&d=mm&r=g\",\"caption\":\"Verebes Edit\"}}]}<\/script>\n<!-- \/ Yoast SEO Premium plugin. -->","jetpack_sharing_enabled":true,"jetpack_shortlink":"https:\/\/wp.me\/p9tpmR-10t","jetpack_likes_enabled":true,"jetpack-related-posts":[],"_links":{"self":[{"href":"http:\/\/szolnokimuvesztelep.com\/en\/wp-json\/wp\/v2\/posts\/3873"}],"collection":[{"href":"http:\/\/szolnokimuvesztelep.com\/en\/wp-json\/wp\/v2\/posts"}],"about":[{"href":"http:\/\/szolnokimuvesztelep.com\/en\/wp-json\/wp\/v2\/types\/post"}],"author":[{"embeddable":true,"href":"http:\/\/szolnokimuvesztelep.com\/en\/wp-json\/wp\/v2\/users\/2"}],"replies":[{"embeddable":true,"href":"http:\/\/szolnokimuvesztelep.com\/en\/wp-json\/wp\/v2\/comments?post=3873"}],"version-history":[{"count":1,"href":"http:\/\/szolnokimuvesztelep.com\/en\/wp-json\/wp\/v2\/posts\/3873\/revisions"}],"predecessor-version":[{"id":7768,"href":"http:\/\/szolnokimuvesztelep.com\/en\/wp-json\/wp\/v2\/posts\/3873\/revisions\/7768"}],"wp:featuredmedia":[{"embeddable":true,"href":"http:\/\/szolnokimuvesztelep.com\/en\/wp-json\/wp\/v2\/media\/3874"}],"wp:attachment":[{"href":"http:\/\/szolnokimuvesztelep.com\/en\/wp-json\/wp\/v2\/media?parent=3873"}],"wp:term":[{"taxonomy":"category","embeddable":true,"href":"http:\/\/szolnokimuvesztelep.com\/en\/wp-json\/wp\/v2\/categories?post=3873"},{"taxonomy":"post_tag","embeddable":true,"href":"http:\/\/szolnokimuvesztelep.com\/en\/wp-json\/wp\/v2\/tags?post=3873"},{"taxonomy":"yst_prominent_words","embeddable":true,"href":"http:\/\/szolnokimuvesztelep.com\/en\/wp-json\/wp\/v2\/yst_prominent_words?post=3873"}],"curies":[{"name":"wp","href":"https:\/\/api.w.org\/{rel}","templated":true}]}}