{"id":3838,"date":"2018-09-06T11:24:06","date_gmt":"2018-09-06T11:24:06","guid":{"rendered":"http:\/\/szolnokimuvesztelep.com\/?p=3838"},"modified":"2022-11-25T13:52:22","modified_gmt":"2022-11-25T13:52:22","slug":"v-szolnoki-bronzszobraszati-szimpozium-2018-szeptember-1-16","status":"publish","type":"post","link":"http:\/\/szolnokimuvesztelep.com\/en\/2018\/09\/06\/v-szolnoki-bronzszobraszati-szimpozium-2018-szeptember-1-16\/","title":{"rendered":"V. Szolnoki Bronzszobr\u00e1szati Szimp\u00f3zium 2018. szeptember 1-16."},"content":{"rendered":"<p>A szimp\u00f3ziumot \u00f6t \u00e9ve l\u00e9treh\u00edv\u00f3, elind\u00edt\u00f3 ok a r\u00e9sztvev\u0151 alkot\u00f3k azon t\u00f6rekv\u00e9se, v\u00e1gya, hogy egy id\u0151re f\u00fcggetlen\u00edtve magukat a megrendel\u0151i ig\u00e9nyekt\u0151l, vagy a monument\u00e1lis k\u00f6zt\u00e9ri szobr\u00e1szat formai \u00e9s tartalmi kereteit\u0151l \u00f6n\u00e1ll\u00f3, saj\u00e1t bels\u0151 szobr\u00e1szi, formai invenci\u00f3ikat megval\u00f3s\u00edt\u00f3 m\u0171veket hozzanak l\u00e9tre. Ezen kezdem\u00e9nyez\u00e9snek adott teret 2014-ben a Szolnoki M\u0171v\u00e9szeti Egyes\u00fclet a Szolnoki M\u0171v\u00e9sztelep kertj\u00e9ben, \u00e9p\u00fcleteiben. Az alkot\u00f3t\u00e1bor m\u0171v\u00e9szei els\u0151sorban Szolnoki K\u00e9pz\u0151m\u0171v\u00e9szeti T\u00e1rsas\u00e1g tags\u00e1g\u00e1b\u00f3l ker\u00fcltek ki, er\u0151s\u00edtve ezzel annak mind szakmai, mind emberi \u00e9rt\u00e9keket meg\u0151rizni \u00e9s felmutatni k\u00edv\u00e1n\u00f3 alapgondolat\u00e1t.<\/p>\n<p>A szimp\u00f3zium egy bar\u00e1ti t\u00e1rsas\u00e1g \u00f6ner\u0151b\u0151l l\u00e9trej\u00f6tt m\u0171v\u00e9szeti egyes\u00fcl\u00e9se, ami az egy\u00e9ni-auton\u00f3m szobr\u00e1szati munka h\u00e9tk\u00f6znapi neh\u00e9zs\u00e9geinek ellenpontjak\u00e9nt, minden \u00e9vben 3 h\u00e9t erej\u00e9ig biztos\u00edt lehet\u0151s\u00e9get arra, hogy &#8211; k\u00f6z\u00f6s alkot\u00f3i \u00e9s technikai \u00f6sszefog\u00e1ssal &#8211; szobrok val\u00f3sulhassanak meg. A szimp\u00f3zium olyan lehet\u0151s\u00e9get k\u00edv\u00e1n megteremteni, amellyel az egyes r\u00e9sztvev\u0151k alkot\u00e1sainak megval\u00f3s\u00edt\u00e1s\u00e1n t\u00fal a k\u00f6z\u00f6s szellemi \u00e9s szobr\u00e1szati munk\u00e1val, valamint a ki\u00e1ll\u00edt\u00e1sokkal, a t\u00e1rsadalmi kapcsolatok \u00e1pol\u00e1s\u00e1val er\u0151s\u00edtheti a szobr\u00e1szat kultur\u00e1lis jelen\u00e9t.<\/p>\n<p>Az alkot\u00f3t\u00e1bor r\u00e9sztvev\u0151it tekintve orsz\u00e1gos mer\u00edt\u00e9s\u0171, \u00edgy a m\u0171v\u00e9sztelepen \u00e9s Szolnokon tev\u00e9kenyked\u0151 szobr\u00e1szokon k\u00edv\u00fcl \u00e9rkeznek Budapestr\u0151l, Baj\u00e1r\u00f3l, P\u00e9csr\u0151l \u00e9s Kisoroszib\u00f3l, Szegedr\u0151l. A bar\u00e1ti hangulatban v\u00e9gzett k\u00f6z\u00f6s munka \u00e9s egy\u00fctt gondolkod\u00e1s eredm\u00e9nye a hagyom\u00e1nyosan az Aba-Nov\u00e1k Ag\u00f3ra Gal\u00e9ri\u00e1ban megrendezett, egy\u00e9ni hangokban b\u0151velked\u0151, m\u00e9gis egys\u00e9gesen magas szakmai sz\u00ednvonalat mutat\u00f3 ki\u00e1ll\u00edt\u00e1sok voltak. T\u00f6retlen az az elhat\u00e1roz\u00e1s, hogy a szimp\u00f3zium a Szolnoki M\u0171v\u00e9sztelep m\u0171v\u00e9szeti palett\u00e1j\u00e1n megtartsuk \u00e9s fejlessz\u00fck, a telep meg\u00fajul\u00e1s\u00e1nak \u00e9s arculat\u00e1nak r\u00e9sz\u00e9v\u00e9 tegy\u00fck. Ennek \u00e9rdek\u00e9ben igyeksz\u00fcnk a megh\u00edvottak k\u00f6r\u00e9t b\u0151v\u00edteni \u00e9s olyan m\u0171v\u00e9szeket is\u00a0 megh\u00edvni,\u00a0 akik lend\u00fcletes \u00faj arcukkal \u00e9s m\u0171v\u00e9szi min\u0151s\u00e9g\u00fckkel el\u0151rel\u00e9p\u00e9st jelentenek.<\/p>\n<p>Az elm\u00falt id\u0151szakra visszatekintve elmondhat\u00f3, hogy a\u00a0Szolnoki Bronzszobr\u00e1szati Szimp\u00f3ziumon\u00a0a\u00a0viaszveszejt\u00e9ses bronz\u00f6nt\u00e9ssel foglakoz\u00f3 r\u00e9gi m\u0171v\u00e9sztelepek szerep\u00e9t meg\u00faj\u00edtva,\u00a0napjaink technol\u00f3giai lehet\u0151s\u00e9geivel kieg\u00e9sz\u00fclve k\u00e9sz\u00fclnek karakteresen kort\u00e1rs nyelvet besz\u00e9l\u0151, azonban a klasszikus szobr\u00e1szati hagyom\u00e1nyokra \u00e9p\u00fcl\u0151 m\u0171vek.<\/p>\n<p>Az elm\u00falt n\u00e9gy \u00e9v alatt, a r\u00e9sztvev\u0151 m\u0171v\u00e9szek fejenk\u00e9nt legal\u00e1bb k\u00e9t munk\u00e1t k\u00e9sz\u00edtettek el z\u00f6m\u00e9ben bronzb\u00f3l, esetenk\u00e9nt alum\u00edniumb\u00f3l, vasb\u00f3l, amelyek k\u00e9s\u0151bb sz\u00e1mos helyen bemutat\u00e1sra ker\u00fcltek. \u00cdgy megalakul\u00e1sa \u00f3ta csaknem sz\u00e1zt\u00edz szobrot jegyez a szolnoki bronzszobr\u00e1szati telep. A szimp\u00f3zium lenyomata a jelenkori t\u00e1rgyalkot\u00f3 m\u0171v\u00e9szet soksz\u00edn\u0171 egy\u00fcttese, az \u00e1gazat sz\u00e1mos \u00e1ramlat\u00e1t jellemz\u0151 alkot\u00e1sok keletkeznek: hagyom\u00e1nyos kompoz\u00edci\u00f3k \u00e9s meg\u00faj\u00edt\u00f3 kezdem\u00e9nyez\u00e9seket tan\u00fas\u00edt\u00f3 m\u0171vek egyar\u00e1nt.<\/p>\n<p>A Szolnoki M\u0171v\u00e9sztelep fej\u00faj\u00edt\u00e1sa miatt az idei szimp\u00f3zium helysz\u00edn\u00e9t nem a Szolnoki M\u0171v\u00e9sztelep biztos\u00edtja, hanem a telepet is ideiglenesen befogad\u00f3 \u00e9p\u00fcletegy\u00fcttes a v\u00e1rosban, amely j\u00f3 felt\u00e9telekkel rendelkezik. Az egykori iskola\u00e9p\u00fclet sz\u00e1mos teremmel, kerttel, h\u00e1ts\u00f3 helyis\u00e9ggel rendelkezik, amelyek alkalmasak a szobr\u00e1szati folyamatok kivitelez\u00e9s\u00e9re.<\/p>\n<p>\u00cdgy b\u00edzunk abban, hogy az ebben az \u00e9vben jelentkez\u0151 neh\u00e9zs\u00e9geket \u00e1thidalva, a tavalyi \u00e9vhez hasonl\u00f3 eredm\u00e9nyes munka val\u00f3sulhat meg a szimp\u00f3zium ideje alatt \u00e9s egy \u00e9v m\u00falva a fel\u00faj\u00edtott, kib\u0151v\u00edtett (farag\u00f3 sz\u00ednnel \u00e9s \u00f6nt\u0151 m\u0171hellyel gazdagodott) m\u0171v\u00e9sztelep pedig \u00fajabb lend\u00fcletet adhat a szobr\u00e1szoknak az \u00fajabb kiv\u00e1l\u00f3 munk\u00e1k l\u00e9trehoz\u00e1s\u00e1ra.<\/p>\n<p>A 2018-as szimp\u00f3zium r\u00e9sztvev\u0151 m\u0171v\u00e9szei: Bar\u00e1th F\u00e1bi\u00e1n, Pog\u00e1ny G\u00e1bor Ben\u0151, Szab\u00f3 Gy\u00f6rgy Munk\u00e1csy-d\u00edjas, R\u00e9vi Norbert, Gergely R\u00e9ka, Gilly Tam\u00e1s, Boros Mikl\u00f3s J\u00e1nos, G\u00e1hidy P\u00e9ter, Sz\u00e9k\u00f3 G\u00e1bor<\/p>","protected":false},"excerpt":{"rendered":"<p>A szimp\u00f3ziumot \u00f6t \u00e9ve l\u00e9treh\u00edv\u00f3, elind\u00edt\u00f3 ok a r\u00e9sztvev\u0151 alkot\u00f3k azon t\u00f6rekv\u00e9se, v\u00e1gya, hogy egy id\u0151re f\u00fcggetlen\u00edtve magukat a megrendel\u0151i ig\u00e9nyekt\u0151l, vagy a monument\u00e1lis k\u00f6zt\u00e9ri szobr\u00e1szat formai \u00e9s tartalmi kereteit\u0151l \u00f6n\u00e1ll\u00f3, saj\u00e1t bels\u0151 szobr\u00e1szi, formai invenci\u00f3ikat megval\u00f3s\u00edt\u00f3 m\u0171veket hozzanak l\u00e9tre. Ezen kezdem\u00e9nyez\u00e9snek adott teret 2014-ben a Szolnoki M\u0171v\u00e9szeti Egyes\u00fclet a&hellip; <\/p>","protected":false},"author":2,"featured_media":3839,"comment_status":"open","ping_status":"open","sticky":false,"template":"","format":"standard","meta":{"spay_email":"","jetpack_publicize_message":""},"categories":[55,1,58],"tags":[],"yst_prominent_words":[],"jetpack_featured_media_url":"https:\/\/i2.wp.com\/szolnokimuvesztelep.com\/wp-content\/uploads\/2018\/09\/bronz-ontes.gif?fit=585%2C586","jetpack_publicize_connections":[],"yoast_head":"<!-- This site is optimized with the Yoast SEO Premium plugin v14.1 - https:\/\/yoast.com\/wordpress\/plugins\/seo\/ -->\n<title>V. Szolnoki Bronzszobr\u00e1szati Szimp\u00f3zium 2018. szeptember 1-16. - SZOLNOKI M\u0170V\u00c9SZTELEP<\/title>\n<meta name=\"robots\" content=\"index, follow\" \/>\n<meta name=\"googlebot\" content=\"index, follow, max-snippet:-1, max-image-preview:large, max-video-preview:-1\" \/>\n<meta name=\"bingbot\" content=\"index, follow, max-snippet:-1, max-image-preview:large, max-video-preview:-1\" \/>\n<link rel=\"canonical\" href=\"http:\/\/szolnokimuvesztelep.com\/en\/2018\/09\/06\/v-szolnoki-bronzszobraszati-szimpozium-2018-szeptember-1-16\/\" \/>\n<meta property=\"og:locale\" content=\"en_US\" \/>\n<meta property=\"og:type\" content=\"article\" \/>\n<meta property=\"og:title\" content=\"V. Szolnoki Bronzszobr\u00e1szati Szimp\u00f3zium 2018. szeptember 1-16. - SZOLNOKI M\u0170V\u00c9SZTELEP\" \/>\n<meta property=\"og:description\" content=\"A szimp\u00f3ziumot \u00f6t \u00e9ve l\u00e9treh\u00edv\u00f3, elind\u00edt\u00f3 ok a r\u00e9sztvev\u0151 alkot\u00f3k azon t\u00f6rekv\u00e9se, v\u00e1gya, hogy egy id\u0151re f\u00fcggetlen\u00edtve magukat a megrendel\u0151i ig\u00e9nyekt\u0151l, vagy a monument\u00e1lis k\u00f6zt\u00e9ri szobr\u00e1szat formai \u00e9s tartalmi kereteit\u0151l \u00f6n\u00e1ll\u00f3, saj\u00e1t bels\u0151 szobr\u00e1szi, formai invenci\u00f3ikat megval\u00f3s\u00edt\u00f3 m\u0171veket hozzanak l\u00e9tre. Ezen kezdem\u00e9nyez\u00e9snek adott teret 2014-ben a Szolnoki M\u0171v\u00e9szeti Egyes\u00fclet a&hellip;\" \/>\n<meta property=\"og:url\" content=\"http:\/\/szolnokimuvesztelep.com\/en\/2018\/09\/06\/v-szolnoki-bronzszobraszati-szimpozium-2018-szeptember-1-16\/\" \/>\n<meta property=\"og:site_name\" content=\"SZOLNOKI M\u0170V\u00c9SZTELEP\" \/>\n<meta property=\"article:publisher\" content=\"https:\/\/www.facebook.com\/szolnokimuvesztelepofficial\/\" \/>\n<meta property=\"article:published_time\" content=\"2018-09-06T11:24:06+00:00\" \/>\n<meta property=\"article:modified_time\" content=\"2022-11-25T13:52:22+00:00\" \/>\n<meta property=\"og:image\" content=\"https:\/\/i2.wp.com\/szolnokimuvesztelep.com\/wp-content\/uploads\/2018\/09\/bronz-ontes.gif?fit=585%2C586\" \/>\n\t<meta property=\"og:image:width\" content=\"585\" \/>\n\t<meta property=\"og:image:height\" content=\"586\" \/>\n<script type=\"application\/ld+json\" class=\"yoast-schema-graph\">{\"@context\":\"https:\/\/schema.org\",\"@graph\":[{\"@type\":\"Organization\",\"@id\":\"http:\/\/szolnokimuvesztelep.com\/en\/#organization\",\"name\":\"Szolnoki M\\u0171v\\u00e9sztelep\",\"url\":\"http:\/\/szolnokimuvesztelep.com\/en\/\",\"sameAs\":[\"https:\/\/www.facebook.com\/szolnokimuvesztelepofficial\/\",\"https:\/\/www.instagram.com\/szolnoki_muvesztelep\/\",\"https:\/\/www.youtube.com\/channel\/UCAYRF4A8FrslG3J__XEjEoA\",\"https:\/\/hu.wikipedia.org\/wiki\/Szolnoki_m\\u0171v\\u00e9sztelep\"],\"logo\":{\"@type\":\"ImageObject\",\"@id\":\"http:\/\/szolnokimuvesztelep.com\/en\/#logo\",\"inLanguage\":\"en-US\",\"url\":\"https:\/\/i0.wp.com\/szolnokimuvesztelep.com\/wp-content\/uploads\/2020\/05\/szmt_2019_szlogen_psz-01.png?fit=2242%2C863\",\"width\":2242,\"height\":863,\"caption\":\"Szolnoki M\\u0171v\\u00e9sztelep\"},\"image\":{\"@id\":\"http:\/\/szolnokimuvesztelep.com\/en\/#logo\"}},{\"@type\":\"WebSite\",\"@id\":\"http:\/\/szolnokimuvesztelep.com\/en\/#website\",\"url\":\"http:\/\/szolnokimuvesztelep.com\/en\/\",\"name\":\"SZOLNOKI M\\u0170V\\u00c9SZTELEP\",\"description\":\"Meg\\u00fajul\\u00f3 hagyom\\u00e1ny\",\"publisher\":{\"@id\":\"http:\/\/szolnokimuvesztelep.com\/en\/#organization\"},\"potentialAction\":[{\"@type\":\"SearchAction\",\"target\":\"http:\/\/szolnokimuvesztelep.com\/en\/?s={search_term_string}\",\"query-input\":\"required name=search_term_string\"}],\"inLanguage\":\"en-US\"},{\"@type\":\"ImageObject\",\"@id\":\"http:\/\/szolnokimuvesztelep.com\/2018\/09\/06\/v-szolnoki-bronzszobraszati-szimpozium-2018-szeptember-1-16\/#primaryimage\",\"inLanguage\":\"en-US\",\"url\":\"https:\/\/i2.wp.com\/szolnokimuvesztelep.com\/wp-content\/uploads\/2018\/09\/bronz-ontes.gif?fit=585%2C586\",\"width\":585,\"height\":586},{\"@type\":\"WebPage\",\"@id\":\"http:\/\/szolnokimuvesztelep.com\/2018\/09\/06\/v-szolnoki-bronzszobraszati-szimpozium-2018-szeptember-1-16\/#webpage\",\"url\":\"http:\/\/szolnokimuvesztelep.com\/2018\/09\/06\/v-szolnoki-bronzszobraszati-szimpozium-2018-szeptember-1-16\/\",\"name\":\"V. Szolnoki Bronzszobr\\u00e1szati Szimp\\u00f3zium 2018. szeptember 1-16. - SZOLNOKI M\\u0170V\\u00c9SZTELEP\",\"isPartOf\":{\"@id\":\"http:\/\/szolnokimuvesztelep.com\/en\/#website\"},\"primaryImageOfPage\":{\"@id\":\"http:\/\/szolnokimuvesztelep.com\/2018\/09\/06\/v-szolnoki-bronzszobraszati-szimpozium-2018-szeptember-1-16\/#primaryimage\"},\"datePublished\":\"2018-09-06T11:24:06+00:00\",\"dateModified\":\"2022-11-25T13:52:22+00:00\",\"inLanguage\":\"en-US\",\"potentialAction\":[{\"@type\":\"ReadAction\",\"target\":[\"http:\/\/szolnokimuvesztelep.com\/2018\/09\/06\/v-szolnoki-bronzszobraszati-szimpozium-2018-szeptember-1-16\/\"]}]},{\"@type\":\"Article\",\"@id\":\"http:\/\/szolnokimuvesztelep.com\/2018\/09\/06\/v-szolnoki-bronzszobraszati-szimpozium-2018-szeptember-1-16\/#article\",\"isPartOf\":{\"@id\":\"http:\/\/szolnokimuvesztelep.com\/2018\/09\/06\/v-szolnoki-bronzszobraszati-szimpozium-2018-szeptember-1-16\/#webpage\"},\"author\":{\"@id\":\"http:\/\/szolnokimuvesztelep.com\/en\/#\/schema\/person\/6809c0486d15892946a64c7ea6eed077\"},\"headline\":\"V. Szolnoki Bronzszobr\\u00e1szati Szimp\\u00f3zium 2018. szeptember 1-16.\",\"datePublished\":\"2018-09-06T11:24:06+00:00\",\"dateModified\":\"2022-11-25T13:52:22+00:00\",\"commentCount\":0,\"mainEntityOfPage\":{\"@id\":\"http:\/\/szolnokimuvesztelep.com\/2018\/09\/06\/v-szolnoki-bronzszobraszati-szimpozium-2018-szeptember-1-16\/#webpage\"},\"publisher\":{\"@id\":\"http:\/\/szolnokimuvesztelep.com\/en\/#organization\"},\"image\":{\"@id\":\"http:\/\/szolnokimuvesztelep.com\/2018\/09\/06\/v-szolnoki-bronzszobraszati-szimpozium-2018-szeptember-1-16\/#primaryimage\"},\"articleSection\":\"Arch\\u00edv,Egy\\u00e9b,H\\u00edrek\",\"inLanguage\":\"en-US\",\"potentialAction\":[{\"@type\":\"CommentAction\",\"name\":\"Comment\",\"target\":[\"http:\/\/szolnokimuvesztelep.com\/2018\/09\/06\/v-szolnoki-bronzszobraszati-szimpozium-2018-szeptember-1-16\/#respond\"]}]},{\"@type\":[\"Person\"],\"@id\":\"http:\/\/szolnokimuvesztelep.com\/en\/#\/schema\/person\/6809c0486d15892946a64c7ea6eed077\",\"name\":\"Verebes Edit\",\"image\":{\"@type\":\"ImageObject\",\"@id\":\"http:\/\/szolnokimuvesztelep.com\/en\/#personlogo\",\"inLanguage\":\"en-US\",\"url\":\"http:\/\/2.gravatar.com\/avatar\/5d546bcb1a27fb506fe8bb16e33cd5fd?s=96&d=mm&r=g\",\"caption\":\"Verebes Edit\"}}]}<\/script>\n<!-- \/ Yoast SEO Premium plugin. -->","jetpack_sharing_enabled":true,"jetpack_shortlink":"https:\/\/wp.me\/p9tpmR-ZU","jetpack_likes_enabled":true,"jetpack-related-posts":[],"_links":{"self":[{"href":"http:\/\/szolnokimuvesztelep.com\/en\/wp-json\/wp\/v2\/posts\/3838"}],"collection":[{"href":"http:\/\/szolnokimuvesztelep.com\/en\/wp-json\/wp\/v2\/posts"}],"about":[{"href":"http:\/\/szolnokimuvesztelep.com\/en\/wp-json\/wp\/v2\/types\/post"}],"author":[{"embeddable":true,"href":"http:\/\/szolnokimuvesztelep.com\/en\/wp-json\/wp\/v2\/users\/2"}],"replies":[{"embeddable":true,"href":"http:\/\/szolnokimuvesztelep.com\/en\/wp-json\/wp\/v2\/comments?post=3838"}],"version-history":[{"count":1,"href":"http:\/\/szolnokimuvesztelep.com\/en\/wp-json\/wp\/v2\/posts\/3838\/revisions"}],"predecessor-version":[{"id":7774,"href":"http:\/\/szolnokimuvesztelep.com\/en\/wp-json\/wp\/v2\/posts\/3838\/revisions\/7774"}],"wp:featuredmedia":[{"embeddable":true,"href":"http:\/\/szolnokimuvesztelep.com\/en\/wp-json\/wp\/v2\/media\/3839"}],"wp:attachment":[{"href":"http:\/\/szolnokimuvesztelep.com\/en\/wp-json\/wp\/v2\/media?parent=3838"}],"wp:term":[{"taxonomy":"category","embeddable":true,"href":"http:\/\/szolnokimuvesztelep.com\/en\/wp-json\/wp\/v2\/categories?post=3838"},{"taxonomy":"post_tag","embeddable":true,"href":"http:\/\/szolnokimuvesztelep.com\/en\/wp-json\/wp\/v2\/tags?post=3838"},{"taxonomy":"yst_prominent_words","embeddable":true,"href":"http:\/\/szolnokimuvesztelep.com\/en\/wp-json\/wp\/v2\/yst_prominent_words?post=3838"}],"curies":[{"name":"wp","href":"https:\/\/api.w.org\/{rel}","templated":true}]}}