{"id":3573,"date":"2018-05-15T08:46:07","date_gmt":"2018-05-15T08:46:07","guid":{"rendered":"http:\/\/szolnokimuvesztelep.com\/?p=3573"},"modified":"2022-11-25T13:57:10","modified_gmt":"2022-11-25T13:57:10","slug":"revi-norbert-szobraszmuvesz-a-szolnoki-muvesztelep-es-a-kert-csoport-kiallitasa-ele","status":"publish","type":"post","link":"http:\/\/szolnokimuvesztelep.com\/en\/2018\/05\/15\/revi-norbert-szobraszmuvesz-a-szolnoki-muvesztelep-es-a-kert-csoport-kiallitasa-ele\/","title":{"rendered":"R\u00e9vi Norbert szobr\u00e1szm\u0171v\u00e9sz &#8211; A Szolnoki M\u0171v\u00e9sztelep \u00e9s a Kert csoport ki\u00e1ll\u00edt\u00e1sa el\u00e9"},"content":{"rendered":"<div data-elementor-type=\"wp-post\" data-elementor-id=\"3573\" class=\"elementor elementor-3573 elementor-bc-flex-widget\" data-elementor-settings=\"[]\">\n\t\t\t<div class=\"elementor-inner\">\n\t\t\t\t<div class=\"elementor-section-wrap\">\n\t\t\t\t\t\t\t<section class=\"elementor-element elementor-element-bd85ba elementor-section-boxed elementor-section-height-default elementor-section-height-default elementor-section elementor-top-section\" data-id=\"bd85ba\" data-element_type=\"section\">\n\t\t\t\t\t\t<div class=\"elementor-container elementor-column-gap-default\">\n\t\t\t\t<div class=\"elementor-row\">\n\t\t\t\t<div class=\"elementor-element elementor-element-2c889ab8 elementor-column elementor-col-100 elementor-top-column\" data-id=\"2c889ab8\" data-element_type=\"column\">\n\t\t\t<div class=\"elementor-column-wrap  elementor-element-populated\">\n\t\t\t\t\t<div class=\"elementor-widget-wrap\">\n\t\t\t\t<div class=\"elementor-element elementor-element-ed93514 elementor-widget elementor-widget-text-editor\" data-id=\"ed93514\" data-element_type=\"widget\" data-widget_type=\"text-editor.default\">\n\t\t\t\t<div class=\"elementor-widget-container\">\n\t\t\t\t\t<div class=\"elementor-text-editor elementor-clearfix\">Elhangzott 2018. m\u00e1jus 9-\u00e9n a Nagyk\u00f6r\u0171 Gal\u00e9ri\u00e1ban.<\/div>\n\t\t\t\t<\/div>\n\t\t\t\t<\/div>\n\t\t\t\t\t\t<\/div>\n\t\t\t<\/div>\n\t\t<\/div>\n\t\t\t\t\t\t<\/div>\n\t\t\t<\/div>\n\t\t<\/section>\n\t\t\t\t<section class=\"elementor-element elementor-element-f7a2905 elementor-section-boxed elementor-section-height-default elementor-section-height-default elementor-section elementor-top-section\" data-id=\"f7a2905\" data-element_type=\"section\">\n\t\t\t\t\t\t<div class=\"elementor-container elementor-column-gap-default\">\n\t\t\t\t<div class=\"elementor-row\">\n\t\t\t\t<div class=\"elementor-element elementor-element-b454e9e elementor-column elementor-col-100 elementor-top-column\" data-id=\"b454e9e\" data-element_type=\"column\">\n\t\t\t<div class=\"elementor-column-wrap  elementor-element-populated\">\n\t\t\t\t\t<div class=\"elementor-widget-wrap\">\n\t\t\t\t<div class=\"elementor-element elementor-element-65f69d8 elementor-widget elementor-widget-text-editor\" data-id=\"65f69d8\" data-element_type=\"widget\" data-widget_type=\"text-editor.default\">\n\t\t\t\t<div class=\"elementor-widget-container\">\n\t\t\t\t\t<div class=\"elementor-text-editor elementor-clearfix\"><p class=\"MsoNormal\"><b>\u00a0<\/b><\/p><p class=\"MsoNormal\">\u00a0\u00a0 A jelenlegi Szolnoki M\u0171v\u00e9sztelep, mint kultur\u00e1lis k\u00e9pz\u0151dm\u00e9ny egy n\u00e1l\u00e1n\u00e1l r\u00e9gebbinek egyenes \u00e1g\u00fa \u00f6r\u00f6k\u00f6se. A \u2019Nagy-El\u0151d\u00f6k\u2019 nyomdokain haladva, az \u00e9rt\u00e9kek \u00e1tment\u00e9s\u00e9n munk\u00e1lkodik \u00e9s \u0151rk\u00f6dik. Teszi mindezt a hagyom\u00e1ny szellem\u00e9ben, mert tagjai hiszik, hogy csak az lehet \u00e9letk\u00e9pes, aminek vannak gy\u00f6kerei. Ezek a gy\u00f6kerek el\u0151sz\u00f6r term\u00e9szetszer\u0171leg a m\u00faltba vezetnek, de a k\u00f6z\u00f6ss\u00e9g feladata az, hogy a jelenen \u00e1t a j\u00f6v\u0151re n\u00e9zve \u00e9ltet\u0151 energi\u00e1t adjon azok sz\u00e1m\u00e1ra, akik m\u00e9g hisznek a m\u0171v\u00e9szet megv\u00e1lt\u00f3 erej\u00e9ben, &#8211; tov\u00e1bb\u00e1 megmozgassa azokat is, akik ugyan k\u00e9tkedve, de m\u00e1r alapvet\u0151en nyitottan \u00e1llnak a kih\u00edv\u00e1sok el\u00e9.<\/p><p class=\"MsoNormal\">Nagyon fontos t\u00e9nyez\u0151 ez a nyitotts\u00e1g \u00e9s szerencs\u00e9re, amit a Szolnoki M\u0171v\u00e9sztelep alkot\u00f3i tesznek az arra is j\u00f3, hogy ezt megfelel\u0151k\u00e9ppen el\u0151mozd\u00edtsa. \u00c9ppen ez\u00e9rt elk\u00e9pzel\u00e9seikben mindazzal a mun\u00edci\u00f3val rendelkeznek, amivel a legsz\u00e9lesebb k\u00f6rben, &#8211; lehet\u0151s\u00e9g szerint mindenkihez k\u00e9pesek eljuttatni mondand\u00f3jukat. T\u00f6bbek k\u00f6z\u00f6tt ez a sz\u00e9lesre t\u00e1rt sz\u00e1nd\u00e9k \u00e9s akarat h\u00edvta \u00e9letre \u00f6nmag\u00e1n bel\u00fcl az \u00fan. \u2019Kert \u2013 csoportot\u2019, mint produkt\u00edv szellemi t\u00e1rsul\u00e1st. Tagjai a m\u0171v\u00e9sztelephez szorosan k\u00f6t\u0151d\u0151 k\u00e9pz\u0151m\u0171v\u00e9szek, akik elk\u00f6telezt\u00e9k magukat a most v\u00e1zolt k\u00fcldet\u00e9sbeli \u00e9rt\u00e9krend vonal\u00e1n.<\/p><p class=\"MsoNormal\">Val\u00f3j\u00e1ban nem egy merev alkot\u00f3i formanyelv mellett tettek hitet \u2013 ezt elengedhetetlen\u00fcl fontos hangs\u00falyozni, hiszen a m\u0171v\u00e9sztelep lak\u00f3i (ide \u00e9rtve az el\u0151d\u00f6ket is), soha nem alak\u00edtottak ki a k\u00f6z\u00f6ss\u00e9gre n\u00e9zve k\u00f6telez\u0151en sz\u00e1mon k\u00e9rhet\u0151 alkot\u00f3i programterveket. Nem rendezt\u00e9k elk\u00e9pzel\u00e9seiket merev hangzatos ki\u00e1ltv\u00e1nyokba \u00e9s nem szor\u00edtott\u00e1k magukat szigor\u00fa, s\u00falyos alkot\u00f3i keretek k\u00f6z\u00e9,- mint annak idej\u00e9n az avantg\u00e1rdok. \u00c9pp ellenkez\u0151leg. Megtartott\u00e1k a mondanival\u00f3 soksz\u00edn\u0171 szabad felfog\u00e1s\u00e1t, frissess\u00e9g\u00e9t, az alkot\u00f3i szuverenit\u00e1st, \u00e9s mindezt azon a felismer\u00e9sen alapulva: &#8211; mik\u00e9nt az egyetlen igazs\u00e1g is sz\u00e1mtalan form\u00e1ban k\u00e9pes hitelesen megnyilv\u00e1n\u00edtani \u00f6nmag\u00e1t.<\/p><p class=\"MsoNormal\">A k\u00fcldet\u00e9s teh\u00e1t nem az, hogy elvessz\u00fcnk bizonyos r\u00e9szletk\u00e9rd\u00e9sekben, lekorl\u00e1tozzuk vagy kisaj\u00e1t\u00edtsuk magunknak az \u00e9let egyes ter\u00fcleteit, mert annak k\u00e9nyszer\u00e9b\u0151l \u00e9ppen jut b\u0151ven mindenkinek a mai vil\u00e1gban, &#8211; hanem az, hogy szintetiz\u00e1l\u00f3 szeml\u00e9lettel ezen probl\u00e9m\u00e1k f\u00f6l\u00e9be emelkedve hirdess\u00fck azt a szellemi tud\u00e1st, ami kivezet benn\u00fcnket a mindennapok nyomaszt\u00f3 b\u00e9kly\u00f3ib\u00f3l.<\/p><p class=\"MsoNormal\">Noha ezt nem hangzatos politikai eszm\u00e9k \u00e1ltal, nem propagandisztikus eszk\u00f6z\u00f6kkel tessz\u00fck,- persze olykor ez is elk\u00e9pzelhet\u0151 lehetne, hiszen senki nem tett k\u00f6z\u00fcl\u00fcnk az eff\u00e9le m\u0171v\u00e9szet ellen\u00e9ben \u00edg\u00e9retet soha. Azonban \u00fagy t\u0171nik, hogy ez a k\u00e9pz\u0151m\u0171v\u00e9szeti t\u00e1rsas\u00e1g t\u00fall\u00e9pve a dolgok szerte\u00e1gaz\u00f3 sokr\u00e9t\u0171s\u00e9g\u00e9n, elhagyva azok neh\u00e9zkes talaj\u00e1t a val\u00f3di k\u00e9rd\u00e9sek emelkedett szintj\u00e9r\u0151l k\u00e9pes megfogalmazni v\u00e1laszait. Sokunk eszk\u00f6ze a szimb\u00f3lumok \u00e1t\u00fct\u0151 kifejez\u00e9sbeli \u00e9s meg\u00e9rt\u00e9sbeli er\u0151tere. Ennek az alkot\u00f3i form\u00e1nak id\u0151feletti \u00e9rv\u00e9nye pedig folyton visszacseng az \u0151si nagy kult\u00far\u00e1k m\u0171v\u00e9szethez f\u0171z\u0151d\u0151 hitvall\u00e1s\u00e1ban. Itt tal\u00e1ljuk meg ugyanis azt a vonatkoztat\u00e1si pontot, aminek \u00e9rtelm\u00e9ben magabiztosan tudunk tekinteni \u00fagy el\u0151re a j\u00f6v\u0151t illet\u0151en, mint ahogyan az id\u0151ben visszafel\u00e9. J\u00f3llehet, nem csak sz\u00e9ttekinteni sz\u00fcks\u00e9ges, hanem alapvet\u0151en tervezni is. A m\u0171v\u00e9sz ebben a folyamatban a h\u00edd szerep\u00e9t j\u00e1tssza. Mi ezt az utat nem mindig horizont\u00e1lisan k\u00e9pzelj\u00fck el, m\u00e9g akkor sem, ha a k\u00e9pi mondanival\u00f3 a maga szintj\u00e9n l\u00e1tsz\u00f3lag ezt a megjelen\u00e9si form\u00e1t t\u00fckr\u00f6zi, hanem sokkal ink\u00e1bb egy vertikum ment\u00e9n, amely szeml\u00e9l\u00e9si m\u00f3d h\u00edven fejezi ki azt az id\u0151 felett hat\u00f3 elk\u00e9pzel\u00e9st, amir\u0151l itt sz\u00f3 van. Fontos a k\u00e9p, de m\u00e9g fontosabb annak messze hat\u00f3 \u00fczenete. Amikor pedig a tartalom m\u00e9lt\u00f3 form\u00e1ra lel, akkor ott okvetlen\u00fcl m\u0171v\u00e9szet sz\u00fcletik \u00e9s a magasabb val\u00f3s\u00e1gok \u00e9rv\u00e9nyes\u00edt\u00e9s\u00e9n kereszt\u00fcl hatni kezd.<\/p><p class=\"MsoNormal\">Az eddigiekb\u0151l vil\u00e1gosan kiolvashat\u00f3, hogy itt nem esetlegess\u00e9gek, heterog\u00e9n spekulat\u00edv n\u00e9zetrendszerek egym\u00e1s mellett \u00e9l\u00e9s\u00e9r\u0151l van sz\u00f3, hanem egy k\u00f6z\u00f6snek mondhat\u00f3 egys\u00e9ges szeml\u00e9l\u00e9si ir\u00e1nyr\u00f3l. Ez az a szil\u00e1rd transzparens alap, ami k\u00edv\u00fclr\u0151l egy l\u00e1tsz\u00f3lagosan laza sz\u00f6vetbe \u00e1gyazva mutatja az alkot\u00f3i megnyilv\u00e1nul\u00e1sokat, mik\u00f6zben a mondanival\u00f3 \u00e9s annak \u00fczenete v\u00e9gs\u0151 soron ugyanabba az ir\u00e1nyba hat. A k\u00f6nnyed szell\u0151s alkot\u00f3i szimbi\u00f3zis pedig val\u00f3di teret nyit a teremt\u0151 energi\u00e1k szabad kibontakoz\u00e1s\u00e1nak.<\/p><p class=\"MsoNormal\">A meg\u00fajul\u00f3 hagyom\u00e1ny, amelyet a k\u00f6z\u00f6ss\u00e9g mott\u00f3ul z\u00e1szlaj\u00e1ra t\u0171z\u00f6tt, kett\u0151s vonzattal b\u00edr: &#8211; jelenti egyfel\u0151l a r\u00e9gi \u00e9rt\u00e9kek meg-meg\u00fajul\u00f3 \u00e9letben tart\u00e1s\u00e1t, folyamatos \u00e1pol\u00e1s\u00e1t, tisztelet\u00e9t, \u00e9s jelenti egyszersmind azt, hogy e szeml\u00e9let nem statikus, hanem rendelkezik azzal a rugalmass\u00e1ggal, ami az organikus tov\u00e1bbl\u00e9p\u00e9shez sz\u00fcks\u00e9ges, &#8211; hiszen az \u00e9letben folyton meg\u00fajul\u00f3 kih\u00edv\u00e1sokra kell v\u00e1laszt adnia.<\/p><p class=\"MsoNormal\">Ett\u0151l a szeml\u00e9leti alap\u00e1ll\u00e1st\u00f3l soksz\u00edn\u0171, megterm\u00e9keny\u00edt\u0151, \u00e9s szabad a Szolnoki M\u0171v\u00e9sztelep alkot\u00f3i atmoszf\u00e9r\u00e1ja. Ett\u0151l annyira \u00e9lhet\u0151. Manaps\u00e1g a liberalizmus a t\u00e1rsadalmi egy\u00fctt\u00e9l\u00e9sre vonatkoztatott legf\u0151bb kulcsfogalomm\u00e1 n\u0151tte ki mag\u00e1t. De vajon tudjuk-e, hogy milyen ir\u00e1nyba keress\u00fck ennek helyes felfog\u00e1s\u00e1t \u00e9s megval\u00f3s\u00edt\u00e1s\u00e1t? Ebben sajnos ma magunkra maradtunk. Tudni illik, ezt a fogalmat m\u00e1ra teljesen ellehetetlen\u00edtett\u00e9k, sz\u00e1nt-sz\u00e1nd\u00e9kkal ki\u00fcres\u00edtett\u00e9k \u00e9s elferd\u00edtett\u00e9k azon vil\u00e1ger\u0151k, akik \u00e9s amik, \u00e1ls\u00e1gos m\u00f3don \u00e9pp ennek legitim megval\u00f3s\u00edt\u00e1sa ellen\u00e9ben m\u0171k\u00f6dnek. \u00dagymond elvett\u00e9k az embert\u0151l a legfontosabbat, \u00e9s folyamatosan azon dolgoznak, hogy minden hidat leromboljanak a megval\u00f3s\u00edt\u00f3 sz\u00e1nd\u00e9k el\u0151l. A mi dolgunk, hogy visszaadjuk a hitet \u00e9s az er\u0151t ahhoz, hogy ezek a hidak \u00fajra \u00e1llhassanak.<\/p><p class=\"MsoNormal\">\u00a0A Szolnoki M\u0171v\u00e9sztelep alkot\u00f3i k\u00f6re an\u00e9lk\u00fcl, hogy ak\u00e1r mozg\u00f3s\u00edt\u00f3 aktu\u00e1lpolitikai \u00e1ll\u00e1spontra helyezkedne, \u00e9len k\u00edv\u00e1n j\u00e1rni \u00e9s igyekszik p\u00e9ld\u00e1t mutatni a helyesen felfogott szabads\u00e1geszm\u00e9ny megval\u00f3s\u00edt\u00e1s\u00e1nak fontoss\u00e1ga \u00fcgy\u00e9ben. Tev\u00e9kenys\u00e9g\u00e9nek aktualit\u00e1s\u00e1t \u00e9s sz\u00fcks\u00e9gess\u00e9g\u00e9t h\u00edven a hagyom\u00e1ny \u00e9rt\u00e9krendj\u00e9hez igaz\u00edtja, \u00e9s meggy\u0151z\u0151d\u00e9se, hogy e t\u00e9ren mindig lesz mit tennie. De, mint ahogy azt mondani szok\u00e1s: &#8211; aki egyszer meg\u00edzlelte a napf\u00e9ny \u00e9ltet\u0151 energi\u00e1j\u00e1t, az nem k\u00edv\u00e1nkozik t\u00f6bb\u00e9 a s\u00f6t\u00e9ts\u00e9gbe, &#8211; egyre b\u0151v\u00fcl azon szem\u00e9lyek k\u00f6re, akik megsejtv\u00e9n ezt a k\u00edn\u00e1lkoz\u00f3 ki\u00fatbeli lehet\u0151s\u00e9get, a Szolnoki M\u0171v\u00e9sztelepet fogadj\u00e1k szellemi \u00fatit\u00e1rsnak.<\/p><p class=\"MsoNormal\">Ez\u00faton mondunk k\u00f6sz\u00f6netet mindazoknak, akik \u00e9rt\u00e9kelik munk\u00e1nkat \u00e9s vel\u00fcnk tartanak!<\/p><p class=\"MsoNormal\">\u00a0<\/p><p>\u00a0<\/p><p class=\"MsoNormal\">Szolnok, 2018. m\u00e1jus 9.\u00a0\u00a0\u00a0\u00a0\u00a0\u00a0\u00a0\u00a0\u00a0\u00a0\u00a0\u00a0\u00a0\u00a0\u00a0\u00a0\u00a0\u00a0\u00a0\u00a0\u00a0\u00a0\u00a0\u00a0\u00a0\u00a0\u00a0\u00a0\u00a0\u00a0\u00a0\u00a0\u00a0\u00a0\u00a0\u00a0\u00a0\u00a0\u00a0\u00a0\u00a0\u00a0\u00a0\u00a0\u00a0\u00a0\u00a0\u00a0\u00a0\u00a0\u00a0\u00a0\u00a0\u00a0\u00a0\u00a0\u00a0\u00a0\u00a0\u00a0\u00a0\u00a0\u00a0\u00a0\u00a0\u00a0\u00a0 R\u00e9vi Norbert<\/p><\/div>\n\t\t\t\t<\/div>\n\t\t\t\t<\/div>\n\t\t\t\t\t\t<\/div>\n\t\t\t<\/div>\n\t\t<\/div>\n\t\t\t\t\t\t<\/div>\n\t\t\t<\/div>\n\t\t<\/section>\n\t\t\t\t\t\t<\/div>\n\t\t\t<\/div>\n\t\t<\/div>","protected":false},"excerpt":{"rendered":"<p>Elhangzott 2018. m\u00e1jus 9-\u00e9n a Nagyk\u00f6r\u0171 Gal\u00e9ri\u00e1ban. \u00a0 A jelenlegi Szolnoki M\u0171v\u00e9sztelep, mint kultur\u00e1lis k\u00e9pz\u0151dm\u00e9ny egy n\u00e1l\u00e1n\u00e1l r\u00e9gebbinek egyenes \u00e1g\u00fa \u00f6r\u00f6k\u00f6se. A \u2019Nagy-El\u0151d\u00f6k\u2019 nyomdokain haladva, az \u00e9rt\u00e9kek \u00e1tment\u00e9s\u00e9n munk\u00e1lkodik \u00e9s \u0151rk\u00f6dik. Teszi mindezt a hagyom\u00e1ny szellem\u00e9ben, mert tagjai hiszik, hogy csak az lehet \u00e9letk\u00e9pes, aminek vannak gy\u00f6kerei. Ezek a gy\u00f6kerek&hellip; <\/p>","protected":false},"author":1,"featured_media":4392,"comment_status":"open","ping_status":"open","sticky":false,"template":"","format":"standard","meta":{"spay_email":"","jetpack_publicize_message":""},"categories":[55,22],"tags":[],"yst_prominent_words":[],"jetpack_featured_media_url":"https:\/\/i2.wp.com\/szolnokimuvesztelep.com\/wp-content\/uploads\/2018\/05\/dscn0387_3.jpg?fit=4608%2C3456","jetpack_publicize_connections":[],"yoast_head":"<!-- This site is optimized with the Yoast SEO Premium plugin v14.1 - https:\/\/yoast.com\/wordpress\/plugins\/seo\/ -->\n<title>R\u00e9vi Norbert szobr\u00e1szm\u0171v\u00e9sz - A Szolnoki M\u0171v\u00e9sztelep \u00e9s a Kert csoport ki\u00e1ll\u00edt\u00e1sa el\u00e9 - SZOLNOKI M\u0170V\u00c9SZTELEP<\/title>\n<meta name=\"robots\" content=\"index, follow\" \/>\n<meta name=\"googlebot\" content=\"index, follow, max-snippet:-1, max-image-preview:large, max-video-preview:-1\" \/>\n<meta name=\"bingbot\" content=\"index, follow, max-snippet:-1, max-image-preview:large, max-video-preview:-1\" \/>\n<link rel=\"canonical\" href=\"http:\/\/szolnokimuvesztelep.com\/en\/2018\/05\/15\/revi-norbert-szobraszmuvesz-a-szolnoki-muvesztelep-es-a-kert-csoport-kiallitasa-ele\/\" \/>\n<meta property=\"og:locale\" content=\"en_US\" \/>\n<meta property=\"og:type\" content=\"article\" \/>\n<meta property=\"og:title\" content=\"R\u00e9vi Norbert szobr\u00e1szm\u0171v\u00e9sz - A Szolnoki M\u0171v\u00e9sztelep \u00e9s a Kert csoport ki\u00e1ll\u00edt\u00e1sa el\u00e9 - SZOLNOKI M\u0170V\u00c9SZTELEP\" \/>\n<meta property=\"og:description\" content=\"Elhangzott 2018. m\u00e1jus 9-\u00e9n a Nagyk\u00f6r\u0171 Gal\u00e9ri\u00e1ban. \u00a0 A jelenlegi Szolnoki M\u0171v\u00e9sztelep, mint kultur\u00e1lis k\u00e9pz\u0151dm\u00e9ny egy n\u00e1l\u00e1n\u00e1l r\u00e9gebbinek egyenes \u00e1g\u00fa \u00f6r\u00f6k\u00f6se. A \u2019Nagy-El\u0151d\u00f6k\u2019 nyomdokain haladva, az \u00e9rt\u00e9kek \u00e1tment\u00e9s\u00e9n munk\u00e1lkodik \u00e9s \u0151rk\u00f6dik. Teszi mindezt a hagyom\u00e1ny szellem\u00e9ben, mert tagjai hiszik, hogy csak az lehet \u00e9letk\u00e9pes, aminek vannak gy\u00f6kerei. Ezek a gy\u00f6kerek&hellip;\" \/>\n<meta property=\"og:url\" content=\"http:\/\/szolnokimuvesztelep.com\/en\/2018\/05\/15\/revi-norbert-szobraszmuvesz-a-szolnoki-muvesztelep-es-a-kert-csoport-kiallitasa-ele\/\" \/>\n<meta property=\"og:site_name\" content=\"SZOLNOKI M\u0170V\u00c9SZTELEP\" \/>\n<meta property=\"article:publisher\" content=\"https:\/\/www.facebook.com\/szolnokimuvesztelepofficial\/\" \/>\n<meta property=\"article:published_time\" content=\"2018-05-15T08:46:07+00:00\" \/>\n<meta property=\"article:modified_time\" content=\"2022-11-25T13:57:10+00:00\" \/>\n<meta property=\"og:image\" content=\"https:\/\/i2.wp.com\/szolnokimuvesztelep.com\/wp-content\/uploads\/2018\/05\/dscn0387_3.jpg?fit=4608%2C3456\" \/>\n\t<meta property=\"og:image:width\" content=\"4608\" \/>\n\t<meta property=\"og:image:height\" content=\"3456\" \/>\n<script type=\"application\/ld+json\" class=\"yoast-schema-graph\">{\"@context\":\"https:\/\/schema.org\",\"@graph\":[{\"@type\":\"Organization\",\"@id\":\"http:\/\/szolnokimuvesztelep.com\/en\/#organization\",\"name\":\"Szolnoki M\\u0171v\\u00e9sztelep\",\"url\":\"http:\/\/szolnokimuvesztelep.com\/en\/\",\"sameAs\":[\"https:\/\/www.facebook.com\/szolnokimuvesztelepofficial\/\",\"https:\/\/www.instagram.com\/szolnoki_muvesztelep\/\",\"https:\/\/www.youtube.com\/channel\/UCAYRF4A8FrslG3J__XEjEoA\",\"https:\/\/hu.wikipedia.org\/wiki\/Szolnoki_m\\u0171v\\u00e9sztelep\"],\"logo\":{\"@type\":\"ImageObject\",\"@id\":\"http:\/\/szolnokimuvesztelep.com\/en\/#logo\",\"inLanguage\":\"en-US\",\"url\":\"https:\/\/i0.wp.com\/szolnokimuvesztelep.com\/wp-content\/uploads\/2020\/05\/szmt_2019_szlogen_psz-01.png?fit=2242%2C863\",\"width\":2242,\"height\":863,\"caption\":\"Szolnoki M\\u0171v\\u00e9sztelep\"},\"image\":{\"@id\":\"http:\/\/szolnokimuvesztelep.com\/en\/#logo\"}},{\"@type\":\"WebSite\",\"@id\":\"http:\/\/szolnokimuvesztelep.com\/en\/#website\",\"url\":\"http:\/\/szolnokimuvesztelep.com\/en\/\",\"name\":\"SZOLNOKI M\\u0170V\\u00c9SZTELEP\",\"description\":\"Meg\\u00fajul\\u00f3 hagyom\\u00e1ny\",\"publisher\":{\"@id\":\"http:\/\/szolnokimuvesztelep.com\/en\/#organization\"},\"potentialAction\":[{\"@type\":\"SearchAction\",\"target\":\"http:\/\/szolnokimuvesztelep.com\/en\/?s={search_term_string}\",\"query-input\":\"required name=search_term_string\"}],\"inLanguage\":\"en-US\"},{\"@type\":\"ImageObject\",\"@id\":\"http:\/\/szolnokimuvesztelep.com\/2018\/05\/15\/revi-norbert-szobraszmuvesz-a-szolnoki-muvesztelep-es-a-kert-csoport-kiallitasa-ele\/#primaryimage\",\"inLanguage\":\"en-US\",\"url\":\"https:\/\/i2.wp.com\/szolnokimuvesztelep.com\/wp-content\/uploads\/2018\/05\/dscn0387_3.jpg?fit=4608%2C3456\",\"width\":4608,\"height\":3456},{\"@type\":\"WebPage\",\"@id\":\"http:\/\/szolnokimuvesztelep.com\/2018\/05\/15\/revi-norbert-szobraszmuvesz-a-szolnoki-muvesztelep-es-a-kert-csoport-kiallitasa-ele\/#webpage\",\"url\":\"http:\/\/szolnokimuvesztelep.com\/2018\/05\/15\/revi-norbert-szobraszmuvesz-a-szolnoki-muvesztelep-es-a-kert-csoport-kiallitasa-ele\/\",\"name\":\"R\\u00e9vi Norbert szobr\\u00e1szm\\u0171v\\u00e9sz - A Szolnoki M\\u0171v\\u00e9sztelep \\u00e9s a Kert csoport ki\\u00e1ll\\u00edt\\u00e1sa el\\u00e9 - SZOLNOKI M\\u0170V\\u00c9SZTELEP\",\"isPartOf\":{\"@id\":\"http:\/\/szolnokimuvesztelep.com\/en\/#website\"},\"primaryImageOfPage\":{\"@id\":\"http:\/\/szolnokimuvesztelep.com\/2018\/05\/15\/revi-norbert-szobraszmuvesz-a-szolnoki-muvesztelep-es-a-kert-csoport-kiallitasa-ele\/#primaryimage\"},\"datePublished\":\"2018-05-15T08:46:07+00:00\",\"dateModified\":\"2022-11-25T13:57:10+00:00\",\"inLanguage\":\"en-US\",\"potentialAction\":[{\"@type\":\"ReadAction\",\"target\":[\"http:\/\/szolnokimuvesztelep.com\/2018\/05\/15\/revi-norbert-szobraszmuvesz-a-szolnoki-muvesztelep-es-a-kert-csoport-kiallitasa-ele\/\"]}]},{\"@type\":\"Article\",\"@id\":\"http:\/\/szolnokimuvesztelep.com\/2018\/05\/15\/revi-norbert-szobraszmuvesz-a-szolnoki-muvesztelep-es-a-kert-csoport-kiallitasa-ele\/#article\",\"isPartOf\":{\"@id\":\"http:\/\/szolnokimuvesztelep.com\/2018\/05\/15\/revi-norbert-szobraszmuvesz-a-szolnoki-muvesztelep-es-a-kert-csoport-kiallitasa-ele\/#webpage\"},\"author\":{\"@id\":\"http:\/\/szolnokimuvesztelep.com\/en\/#\/schema\/person\/fccad0df99bc1ade4bb3fc38b3afe01d\"},\"headline\":\"R\\u00e9vi Norbert szobr\\u00e1szm\\u0171v\\u00e9sz &#8211; A Szolnoki M\\u0171v\\u00e9sztelep \\u00e9s a Kert csoport ki\\u00e1ll\\u00edt\\u00e1sa el\\u00e9\",\"datePublished\":\"2018-05-15T08:46:07+00:00\",\"dateModified\":\"2022-11-25T13:57:10+00:00\",\"commentCount\":0,\"mainEntityOfPage\":{\"@id\":\"http:\/\/szolnokimuvesztelep.com\/2018\/05\/15\/revi-norbert-szobraszmuvesz-a-szolnoki-muvesztelep-es-a-kert-csoport-kiallitasa-ele\/#webpage\"},\"publisher\":{\"@id\":\"http:\/\/szolnokimuvesztelep.com\/en\/#organization\"},\"image\":{\"@id\":\"http:\/\/szolnokimuvesztelep.com\/2018\/05\/15\/revi-norbert-szobraszmuvesz-a-szolnoki-muvesztelep-es-a-kert-csoport-kiallitasa-ele\/#primaryimage\"},\"articleSection\":\"Arch\\u00edv,\\u00cdr\\u00e1sok\",\"inLanguage\":\"en-US\",\"potentialAction\":[{\"@type\":\"CommentAction\",\"name\":\"Comment\",\"target\":[\"http:\/\/szolnokimuvesztelep.com\/2018\/05\/15\/revi-norbert-szobraszmuvesz-a-szolnoki-muvesztelep-es-a-kert-csoport-kiallitasa-ele\/#respond\"]}]},{\"@type\":[\"Person\"],\"@id\":\"http:\/\/szolnokimuvesztelep.com\/en\/#\/schema\/person\/fccad0df99bc1ade4bb3fc38b3afe01d\",\"name\":\"Admin\",\"image\":{\"@type\":\"ImageObject\",\"@id\":\"http:\/\/szolnokimuvesztelep.com\/en\/#personlogo\",\"inLanguage\":\"en-US\",\"url\":\"http:\/\/0.gravatar.com\/avatar\/9a32a4f857c80a26e0ace836d2d3c886?s=96&d=mm&r=g\",\"caption\":\"Admin\"}}]}<\/script>\n<!-- \/ Yoast SEO Premium plugin. -->","jetpack_sharing_enabled":true,"jetpack_shortlink":"https:\/\/wp.me\/p9tpmR-VD","jetpack_likes_enabled":true,"jetpack-related-posts":[],"_links":{"self":[{"href":"http:\/\/szolnokimuvesztelep.com\/en\/wp-json\/wp\/v2\/posts\/3573"}],"collection":[{"href":"http:\/\/szolnokimuvesztelep.com\/en\/wp-json\/wp\/v2\/posts"}],"about":[{"href":"http:\/\/szolnokimuvesztelep.com\/en\/wp-json\/wp\/v2\/types\/post"}],"author":[{"embeddable":true,"href":"http:\/\/szolnokimuvesztelep.com\/en\/wp-json\/wp\/v2\/users\/1"}],"replies":[{"embeddable":true,"href":"http:\/\/szolnokimuvesztelep.com\/en\/wp-json\/wp\/v2\/comments?post=3573"}],"version-history":[{"count":1,"href":"http:\/\/szolnokimuvesztelep.com\/en\/wp-json\/wp\/v2\/posts\/3573\/revisions"}],"predecessor-version":[{"id":7786,"href":"http:\/\/szolnokimuvesztelep.com\/en\/wp-json\/wp\/v2\/posts\/3573\/revisions\/7786"}],"wp:featuredmedia":[{"embeddable":true,"href":"http:\/\/szolnokimuvesztelep.com\/en\/wp-json\/wp\/v2\/media\/4392"}],"wp:attachment":[{"href":"http:\/\/szolnokimuvesztelep.com\/en\/wp-json\/wp\/v2\/media?parent=3573"}],"wp:term":[{"taxonomy":"category","embeddable":true,"href":"http:\/\/szolnokimuvesztelep.com\/en\/wp-json\/wp\/v2\/categories?post=3573"},{"taxonomy":"post_tag","embeddable":true,"href":"http:\/\/szolnokimuvesztelep.com\/en\/wp-json\/wp\/v2\/tags?post=3573"},{"taxonomy":"yst_prominent_words","embeddable":true,"href":"http:\/\/szolnokimuvesztelep.com\/en\/wp-json\/wp\/v2\/yst_prominent_words?post=3573"}],"curies":[{"name":"wp","href":"https:\/\/api.w.org\/{rel}","templated":true}]}}