{"id":3534,"date":"2018-03-26T19:05:57","date_gmt":"2018-03-26T19:05:57","guid":{"rendered":"http:\/\/szolnokimuvesztelep.com\/?p=3534"},"modified":"2022-11-25T13:59:34","modified_gmt":"2022-11-25T13:59:34","slug":"krajcsovics-eva-kiallitasa-az-agoraban","status":"publish","type":"post","link":"http:\/\/szolnokimuvesztelep.com\/en\/2018\/03\/26\/krajcsovics-eva-kiallitasa-az-agoraban\/","title":{"rendered":"Krajcsovics \u00c9va ki\u00e1ll\u00edt\u00e1sa az Ag\u00f3r\u00e1ban"},"content":{"rendered":"<p>Az Aba-Nov\u00e1k Ag\u00f3ra Kultur\u00e1lis K\u00f6zpont tisztelettel megh\u00edvja \u00d6nt \u00e9s bar\u00e1tait KRAJCSOVICS \u00c9VA Munk\u00e1csy-d\u00edjas fest\u0151m\u0171v\u00e9sz, a Szolnoki K\u00e9pz\u0151m\u0171v\u00e9szeti T\u00e1rsas\u00e1g d\u00edjazottja KERET N\u00c9LK\u00dcL c\u00edm\u0171 ki\u00e1ll\u00edt\u00e1s\u00e1ra. Id\u0151pont: 2018. m\u00e1rcius 30. 16.00 Helysz\u00edn: Aba-Nov\u00e1k Ag\u00f3ra Kultur\u00e1lis K\u00f6zpont, Ag\u00f3ra Gal\u00e9ria (<a href=\"https:\/\/maps.google.com\/?q=5000+Szolnok,+Hild+J.+T%C3%A9r+1&amp;entry=gmail&amp;source=g\">5000 Szolnok, Hild J. T\u00e9r 1<\/a>.) A ki\u00e1ll\u00edt\u00e1st megnyitja Verebes Gy\u00f6rgy Munk\u00e1csy-d\u00edjas fest\u0151m\u0171v\u00e9sz, a Szolnoki M\u0171v\u00e9sztelep m\u0171v\u00e9szeti vezet\u0151je. A ki\u00e1ll\u00edt\u00e1s megtekinthet\u0151 2018. \u00e1prilis 29-ig h\u00e9tf\u0151t\u0151l p\u00e9ntekig 10-18 \u00f3r\u00e1ig. Tov\u00e1bbi inform\u00e1ci\u00f3: Aba-Nov\u00e1k Kultur\u00e1lis K\u00f6zpont <a href=\"https:\/\/maps.google.com\/?q=5000+Szolnok,+Hild+J.+t%C3%A9r+1&amp;entry=gmail&amp;source=g\">5000 Szolnok, Hild J. t\u00e9r 1<\/a>. Tel.: <a href=\"tel:(56)%20514%20569\" target=\"_blank\" rel=\"noopener noreferrer\">+36 56 514 569<\/a> I <a href=\"mailto:abanovak@ankk.hu\" target=\"_blank\" rel=\"noopener noreferrer\">abanovak@ankk.hu<\/a> I <a href=\"http:\/\/www.agoraszolnok.hu\" target=\"_blank\" rel=\"noopener noreferrer\" data-saferedirecturl=\"https:\/\/www.google.com\/url?hl=hu&amp;q=http:\/\/www.agoraszolnok.hu&amp;source=gmail&amp;ust=1522177408638000&amp;usg=AFQjCNFWLv0Kv2CJHQsxGRDMGyGqKaNXbA\" data-saferedirectreason=\"2\">www.agoraszolnok.hu<\/a><\/p>","protected":false},"excerpt":{"rendered":"<p>Az Aba-Nov\u00e1k Ag\u00f3ra Kultur\u00e1lis K\u00f6zpont tisztelettel megh\u00edvja \u00d6nt \u00e9s bar\u00e1tait KRAJCSOVICS \u00c9VA Munk\u00e1csy-d\u00edjas fest\u0151m\u0171v\u00e9sz, a Szolnoki K\u00e9pz\u0151m\u0171v\u00e9szeti T\u00e1rsas\u00e1g d\u00edjazottja KERET N\u00c9LK\u00dcL c\u00edm\u0171 ki\u00e1ll\u00edt\u00e1s\u00e1ra. Id\u0151pont: 2018. m\u00e1rcius 30. 16.00 Helysz\u00edn: Aba-Nov\u00e1k Ag\u00f3ra Kultur\u00e1lis K\u00f6zpont, Ag\u00f3ra Gal\u00e9ria (5000 Szolnok, Hild J. T\u00e9r 1.) A ki\u00e1ll\u00edt\u00e1st megnyitja Verebes Gy\u00f6rgy Munk\u00e1csy-d\u00edjas fest\u0151m\u0171v\u00e9sz, a Szolnoki&hellip; <\/p>","protected":false},"author":2,"featured_media":4491,"comment_status":"open","ping_status":"open","sticky":false,"template":"","format":"standard","meta":{"spay_email":"","jetpack_publicize_message":""},"categories":[55,1,58],"tags":[],"yst_prominent_words":[],"jetpack_featured_media_url":"https:\/\/i2.wp.com\/szolnokimuvesztelep.com\/wp-content\/uploads\/2018\/03\/Krajcsovics_meghivo_pre2-1024x1024.jpg?fit=1024%2C1024","jetpack_publicize_connections":[],"yoast_head":"<!-- This site is optimized with the Yoast SEO Premium plugin v14.1 - https:\/\/yoast.com\/wordpress\/plugins\/seo\/ -->\n<title>Krajcsovics \u00c9va ki\u00e1ll\u00edt\u00e1sa az Ag\u00f3r\u00e1ban - SZOLNOKI M\u0170V\u00c9SZTELEP<\/title>\n<meta name=\"robots\" content=\"index, follow\" \/>\n<meta name=\"googlebot\" content=\"index, follow, max-snippet:-1, max-image-preview:large, max-video-preview:-1\" \/>\n<meta name=\"bingbot\" content=\"index, follow, max-snippet:-1, max-image-preview:large, max-video-preview:-1\" \/>\n<link rel=\"canonical\" href=\"http:\/\/szolnokimuvesztelep.com\/en\/2018\/03\/26\/krajcsovics-eva-kiallitasa-az-agoraban\/\" \/>\n<meta property=\"og:locale\" content=\"en_US\" \/>\n<meta property=\"og:type\" content=\"article\" \/>\n<meta property=\"og:title\" content=\"Krajcsovics \u00c9va ki\u00e1ll\u00edt\u00e1sa az Ag\u00f3r\u00e1ban - SZOLNOKI M\u0170V\u00c9SZTELEP\" \/>\n<meta property=\"og:description\" content=\"Az Aba-Nov\u00e1k Ag\u00f3ra Kultur\u00e1lis K\u00f6zpont tisztelettel megh\u00edvja \u00d6nt \u00e9s bar\u00e1tait KRAJCSOVICS \u00c9VA Munk\u00e1csy-d\u00edjas fest\u0151m\u0171v\u00e9sz, a Szolnoki K\u00e9pz\u0151m\u0171v\u00e9szeti T\u00e1rsas\u00e1g d\u00edjazottja KERET N\u00c9LK\u00dcL c\u00edm\u0171 ki\u00e1ll\u00edt\u00e1s\u00e1ra. Id\u0151pont: 2018. m\u00e1rcius 30. 16.00 Helysz\u00edn: Aba-Nov\u00e1k Ag\u00f3ra Kultur\u00e1lis K\u00f6zpont, Ag\u00f3ra Gal\u00e9ria (5000 Szolnok, Hild J. T\u00e9r 1.) A ki\u00e1ll\u00edt\u00e1st megnyitja Verebes Gy\u00f6rgy Munk\u00e1csy-d\u00edjas fest\u0151m\u0171v\u00e9sz, a Szolnoki&hellip;\" \/>\n<meta property=\"og:url\" content=\"http:\/\/szolnokimuvesztelep.com\/en\/2018\/03\/26\/krajcsovics-eva-kiallitasa-az-agoraban\/\" \/>\n<meta property=\"og:site_name\" content=\"SZOLNOKI M\u0170V\u00c9SZTELEP\" \/>\n<meta property=\"article:publisher\" content=\"https:\/\/www.facebook.com\/szolnokimuvesztelepofficial\/\" \/>\n<meta property=\"article:published_time\" content=\"2018-03-26T19:05:57+00:00\" \/>\n<meta property=\"article:modified_time\" content=\"2022-11-25T13:59:34+00:00\" \/>\n<meta property=\"og:image\" content=\"https:\/\/i2.wp.com\/szolnokimuvesztelep.com\/wp-content\/uploads\/2018\/03\/Krajcsovics_meghivo_pre2-1024x1024.jpg?fit=1024%2C1024\" \/>\n\t<meta property=\"og:image:width\" content=\"1024\" \/>\n\t<meta property=\"og:image:height\" content=\"1024\" \/>\n<script type=\"application\/ld+json\" class=\"yoast-schema-graph\">{\"@context\":\"https:\/\/schema.org\",\"@graph\":[{\"@type\":\"Organization\",\"@id\":\"http:\/\/szolnokimuvesztelep.com\/en\/#organization\",\"name\":\"Szolnoki M\\u0171v\\u00e9sztelep\",\"url\":\"http:\/\/szolnokimuvesztelep.com\/en\/\",\"sameAs\":[\"https:\/\/www.facebook.com\/szolnokimuvesztelepofficial\/\",\"https:\/\/www.instagram.com\/szolnoki_muvesztelep\/\",\"https:\/\/www.youtube.com\/channel\/UCAYRF4A8FrslG3J__XEjEoA\",\"https:\/\/hu.wikipedia.org\/wiki\/Szolnoki_m\\u0171v\\u00e9sztelep\"],\"logo\":{\"@type\":\"ImageObject\",\"@id\":\"http:\/\/szolnokimuvesztelep.com\/en\/#logo\",\"inLanguage\":\"en-US\",\"url\":\"https:\/\/i0.wp.com\/szolnokimuvesztelep.com\/wp-content\/uploads\/2020\/05\/szmt_2019_szlogen_psz-01.png?fit=2242%2C863\",\"width\":2242,\"height\":863,\"caption\":\"Szolnoki M\\u0171v\\u00e9sztelep\"},\"image\":{\"@id\":\"http:\/\/szolnokimuvesztelep.com\/en\/#logo\"}},{\"@type\":\"WebSite\",\"@id\":\"http:\/\/szolnokimuvesztelep.com\/en\/#website\",\"url\":\"http:\/\/szolnokimuvesztelep.com\/en\/\",\"name\":\"SZOLNOKI M\\u0170V\\u00c9SZTELEP\",\"description\":\"Meg\\u00fajul\\u00f3 hagyom\\u00e1ny\",\"publisher\":{\"@id\":\"http:\/\/szolnokimuvesztelep.com\/en\/#organization\"},\"potentialAction\":[{\"@type\":\"SearchAction\",\"target\":\"http:\/\/szolnokimuvesztelep.com\/en\/?s={search_term_string}\",\"query-input\":\"required name=search_term_string\"}],\"inLanguage\":\"en-US\"},{\"@type\":\"ImageObject\",\"@id\":\"http:\/\/szolnokimuvesztelep.com\/2018\/03\/26\/krajcsovics-eva-kiallitasa-az-agoraban\/#primaryimage\",\"inLanguage\":\"en-US\",\"url\":\"https:\/\/i2.wp.com\/szolnokimuvesztelep.com\/wp-content\/uploads\/2018\/03\/Krajcsovics_meghivo_pre2-1024x1024.jpg?fit=1024%2C1024\",\"width\":1024,\"height\":1024},{\"@type\":\"WebPage\",\"@id\":\"http:\/\/szolnokimuvesztelep.com\/2018\/03\/26\/krajcsovics-eva-kiallitasa-az-agoraban\/#webpage\",\"url\":\"http:\/\/szolnokimuvesztelep.com\/2018\/03\/26\/krajcsovics-eva-kiallitasa-az-agoraban\/\",\"name\":\"Krajcsovics \\u00c9va ki\\u00e1ll\\u00edt\\u00e1sa az Ag\\u00f3r\\u00e1ban - SZOLNOKI M\\u0170V\\u00c9SZTELEP\",\"isPartOf\":{\"@id\":\"http:\/\/szolnokimuvesztelep.com\/en\/#website\"},\"primaryImageOfPage\":{\"@id\":\"http:\/\/szolnokimuvesztelep.com\/2018\/03\/26\/krajcsovics-eva-kiallitasa-az-agoraban\/#primaryimage\"},\"datePublished\":\"2018-03-26T19:05:57+00:00\",\"dateModified\":\"2022-11-25T13:59:34+00:00\",\"inLanguage\":\"en-US\",\"potentialAction\":[{\"@type\":\"ReadAction\",\"target\":[\"http:\/\/szolnokimuvesztelep.com\/2018\/03\/26\/krajcsovics-eva-kiallitasa-az-agoraban\/\"]}]},{\"@type\":\"Article\",\"@id\":\"http:\/\/szolnokimuvesztelep.com\/2018\/03\/26\/krajcsovics-eva-kiallitasa-az-agoraban\/#article\",\"isPartOf\":{\"@id\":\"http:\/\/szolnokimuvesztelep.com\/2018\/03\/26\/krajcsovics-eva-kiallitasa-az-agoraban\/#webpage\"},\"author\":{\"@id\":\"http:\/\/szolnokimuvesztelep.com\/en\/#\/schema\/person\/6809c0486d15892946a64c7ea6eed077\"},\"headline\":\"Krajcsovics \\u00c9va ki\\u00e1ll\\u00edt\\u00e1sa az Ag\\u00f3r\\u00e1ban\",\"datePublished\":\"2018-03-26T19:05:57+00:00\",\"dateModified\":\"2022-11-25T13:59:34+00:00\",\"commentCount\":0,\"mainEntityOfPage\":{\"@id\":\"http:\/\/szolnokimuvesztelep.com\/2018\/03\/26\/krajcsovics-eva-kiallitasa-az-agoraban\/#webpage\"},\"publisher\":{\"@id\":\"http:\/\/szolnokimuvesztelep.com\/en\/#organization\"},\"image\":{\"@id\":\"http:\/\/szolnokimuvesztelep.com\/2018\/03\/26\/krajcsovics-eva-kiallitasa-az-agoraban\/#primaryimage\"},\"articleSection\":\"Arch\\u00edv,Egy\\u00e9b,H\\u00edrek\",\"inLanguage\":\"en-US\",\"potentialAction\":[{\"@type\":\"CommentAction\",\"name\":\"Comment\",\"target\":[\"http:\/\/szolnokimuvesztelep.com\/2018\/03\/26\/krajcsovics-eva-kiallitasa-az-agoraban\/#respond\"]}]},{\"@type\":[\"Person\"],\"@id\":\"http:\/\/szolnokimuvesztelep.com\/en\/#\/schema\/person\/6809c0486d15892946a64c7ea6eed077\",\"name\":\"Verebes Edit\",\"image\":{\"@type\":\"ImageObject\",\"@id\":\"http:\/\/szolnokimuvesztelep.com\/en\/#personlogo\",\"inLanguage\":\"en-US\",\"url\":\"http:\/\/2.gravatar.com\/avatar\/5d546bcb1a27fb506fe8bb16e33cd5fd?s=96&d=mm&r=g\",\"caption\":\"Verebes Edit\"}}]}<\/script>\n<!-- \/ Yoast SEO Premium plugin. -->","jetpack_sharing_enabled":true,"jetpack_shortlink":"https:\/\/wp.me\/p9tpmR-V0","jetpack_likes_enabled":true,"jetpack-related-posts":[],"_links":{"self":[{"href":"http:\/\/szolnokimuvesztelep.com\/en\/wp-json\/wp\/v2\/posts\/3534"}],"collection":[{"href":"http:\/\/szolnokimuvesztelep.com\/en\/wp-json\/wp\/v2\/posts"}],"about":[{"href":"http:\/\/szolnokimuvesztelep.com\/en\/wp-json\/wp\/v2\/types\/post"}],"author":[{"embeddable":true,"href":"http:\/\/szolnokimuvesztelep.com\/en\/wp-json\/wp\/v2\/users\/2"}],"replies":[{"embeddable":true,"href":"http:\/\/szolnokimuvesztelep.com\/en\/wp-json\/wp\/v2\/comments?post=3534"}],"version-history":[{"count":1,"href":"http:\/\/szolnokimuvesztelep.com\/en\/wp-json\/wp\/v2\/posts\/3534\/revisions"}],"predecessor-version":[{"id":7790,"href":"http:\/\/szolnokimuvesztelep.com\/en\/wp-json\/wp\/v2\/posts\/3534\/revisions\/7790"}],"wp:featuredmedia":[{"embeddable":true,"href":"http:\/\/szolnokimuvesztelep.com\/en\/wp-json\/wp\/v2\/media\/4491"}],"wp:attachment":[{"href":"http:\/\/szolnokimuvesztelep.com\/en\/wp-json\/wp\/v2\/media?parent=3534"}],"wp:term":[{"taxonomy":"category","embeddable":true,"href":"http:\/\/szolnokimuvesztelep.com\/en\/wp-json\/wp\/v2\/categories?post=3534"},{"taxonomy":"post_tag","embeddable":true,"href":"http:\/\/szolnokimuvesztelep.com\/en\/wp-json\/wp\/v2\/tags?post=3534"},{"taxonomy":"yst_prominent_words","embeddable":true,"href":"http:\/\/szolnokimuvesztelep.com\/en\/wp-json\/wp\/v2\/yst_prominent_words?post=3534"}],"curies":[{"name":"wp","href":"https:\/\/api.w.org\/{rel}","templated":true}]}}