{"id":3194,"date":"2018-02-18T17:32:43","date_gmt":"2018-02-18T17:32:43","guid":{"rendered":"http:\/\/szolnokimuvesztelep.com\/?p=3194"},"modified":"2022-11-25T14:05:17","modified_gmt":"2022-11-25T14:05:17","slug":"a-kert-galeriaban-kovetkezik-szkok-ivan-festomuvesz-kiallitasa","status":"publish","type":"post","link":"http:\/\/szolnokimuvesztelep.com\/en\/2018\/02\/18\/a-kert-galeriaban-kovetkezik-szkok-ivan-festomuvesz-kiallitasa\/","title":{"rendered":"Szkok Iv\u00e1n ki\u00e1ll\u00edt\u00e1sa a Kert Gal\u00e9ri\u00e1ban"},"content":{"rendered":"<p>A Szolnoki M\u0171v\u00e9szeti Egyes\u00fclet megh\u00edvja \u00d6nt \u00e9s bar\u00e1tait<\/p>\n<p>SZKOK IV\u00c1N<br \/>\nfest\u0151m\u0171v\u00e9sz ki\u00e1ll\u00edt\u00e1s\u00e1ra<\/p>\n<p>Ideje: 2018. m\u00e1rcius 17., szombat 17.00 \u00f3ra<br \/>\nHelye: Szolnoki M\u0171v\u00e9sztelep \u2013 KERT Gal\u00e9ria (5000 Szolnok, Gutenberg t\u00e9r 12\/12.)<br \/>\nK\u00f6sz\u00f6nt\u0151t mond: Dr. K\u00e1llai M\u00e1ria korm\u00e1nymegb\u00edzott valamint<br \/>\nBal\u00e1zs P\u00e9ter Kossuth-d\u00edjas sz\u00ednm\u0171v\u00e9sz, a Szigligeti Sz\u00ednh\u00e1z igazgat\u00f3ja<br \/>\nMegnyitja: Verebes Gy\u00f6rgy a Szolnoki M\u0171v\u00e9sztelep m\u0171v\u00e9szeti vezet\u0151je<br \/>\nK\u00f6zrem\u0171k\u00f6dik: Kardos M\u00e1ria \u00e9s Sipos Mih\u00e1ly (Muzsik\u00e1s Egy\u00fcttes)<br \/>\nHelye: Szolnoki M\u0171v\u00e9sztelep \u2013 KERT Gal\u00e9ria (5000 Szolnok, Gutenberg t\u00e9r 12\/12.)<br \/>\nMegtekinthet\u0151: 2018. \u00e1prilis 15-ig (K-V: 10-16 h vagy el\u0151zetes egyeztet\u00e9s szerint)<\/p>\n<p>Szeretettel v\u00e1rjuk a megnyit\u00f3t k\u00f6vet\u0151 vacsor\u00e1ra is!<br \/>\nTov\u00e1bbi inform\u00e1ci\u00f3: +3656230605 | +36203650146<br \/>\nszolnoki@muvtelep.t-online<wbr \/>.hu | <a href=\"http:\/\/szolnokimuvesztelep.com\/en\/\" target=\"_blank\" rel=\"nofollow noopener noreferrer\" data-lynx-mode=\"asynclazy\" data-lynx-uri=\"https:\/\/l.facebook.com\/l.php?u=http%3A%2F%2Fwww.szolnokimuvesztelep.com%2F&amp;h=ATMH1-tvk9IhcxUSbL_VNQ5JFWHwn-Dcl8bjt_2hjQCG-fhMcoOL3_vnPmGOwOOfNbQC54hNo53as9AnLcNw_m6Qtuyay1Fd8eN4JO2EbQD3gmFv2oxS\">www.szolnokimuvesztelep.co<wbr \/>m<\/a><\/p>\n<figure class=\"gallery-item\"><a href=\"https:\/\/i0.wp.com\/szolnokimuvesztelep.com\/wp-content\/uploads\/2018\/03\/elonezet_szmt_publicum_2018_02.jpg\" data-elementor-open-lightbox=\"default\" data-elementor-lightbox-slideshow=\"30d8392\"><img loading=\"lazy\" src=\"https:\/\/i0.wp.com\/szolnokimuvesztelep.com\/wp-content\/uploads\/2018\/03\/elonezet_szmt_publicum_2018_02.jpg?resize=150%2C150\" sizes=\"(max-width: 150px) 100vw, 150px\" srcset=\"https:\/\/i2.wp.com\/szolnokimuvesztelep.com\/wp-content\/uploads\/2018\/03\/elonezet_szmt_publicum_2018_02.jpg?resize=150%2C150 150w, https:\/\/i2.wp.com\/szolnokimuvesztelep.com\/wp-content\/uploads\/2018\/03\/elonezet_szmt_publicum_2018_02.jpg?zoom=2&amp;resize=150%2C150 300w, https:\/\/i2.wp.com\/szolnokimuvesztelep.com\/wp-content\/uploads\/2018\/03\/elonezet_szmt_publicum_2018_02.jpg?zoom=3&amp;resize=150%2C150 450w\" alt=\"\" width=\"150\" height=\"150\" data-recalc-dims=\"1\" \/><\/a><\/figure>\n<figure class=\"gallery-item\"><a href=\"https:\/\/i2.wp.com\/szolnokimuvesztelep.com\/wp-content\/uploads\/2018\/03\/szmt_meghivo_SzkokIvan_20180311-1.jpg\" data-elementor-open-lightbox=\"default\" data-elementor-lightbox-slideshow=\"30d8392\"><img loading=\"lazy\" src=\"https:\/\/i2.wp.com\/szolnokimuvesztelep.com\/wp-content\/uploads\/2018\/03\/szmt_meghivo_SzkokIvan_20180311-1.jpg?resize=150%2C150\" sizes=\"(max-width: 150px) 100vw, 150px\" srcset=\"https:\/\/i2.wp.com\/szolnokimuvesztelep.com\/wp-content\/uploads\/2018\/03\/szmt_meghivo_SzkokIvan_20180311-1.jpg?resize=150%2C150 150w, https:\/\/i2.wp.com\/szolnokimuvesztelep.com\/wp-content\/uploads\/2018\/03\/szmt_meghivo_SzkokIvan_20180311-1.jpg?zoom=2&amp;resize=150%2C150 300w, https:\/\/i2.wp.com\/szolnokimuvesztelep.com\/wp-content\/uploads\/2018\/03\/szmt_meghivo_SzkokIvan_20180311-1.jpg?zoom=3&amp;resize=150%2C150 450w\" alt=\"\" width=\"150\" height=\"150\" data-recalc-dims=\"1\" \/><\/a><\/figure>\n<figure class=\"gallery-item\"><a href=\"https:\/\/i0.wp.com\/szolnokimuvesztelep.com\/wp-content\/uploads\/2018\/03\/szmt_SzkokIvan_cityplakat20180306.jpg\" data-elementor-open-lightbox=\"default\" data-elementor-lightbox-slideshow=\"30d8392\"><img loading=\"lazy\" src=\"https:\/\/i0.wp.com\/szolnokimuvesztelep.com\/wp-content\/uploads\/2018\/03\/szmt_SzkokIvan_cityplakat20180306.jpg?resize=150%2C150\" sizes=\"(max-width: 150px) 100vw, 150px\" srcset=\"https:\/\/i1.wp.com\/szolnokimuvesztelep.com\/wp-content\/uploads\/2018\/03\/szmt_SzkokIvan_cityplakat20180306.jpg?resize=150%2C150 150w, https:\/\/i1.wp.com\/szolnokimuvesztelep.com\/wp-content\/uploads\/2018\/03\/szmt_SzkokIvan_cityplakat20180306.jpg?zoom=2&amp;resize=150%2C150 300w, https:\/\/i1.wp.com\/szolnokimuvesztelep.com\/wp-content\/uploads\/2018\/03\/szmt_SzkokIvan_cityplakat20180306.jpg?zoom=3&amp;resize=150%2C150 450w\" alt=\"\" width=\"150\" height=\"150\" data-recalc-dims=\"1\" \/><\/a><\/figure>","protected":false},"excerpt":{"rendered":"<p>A Szolnoki M\u0171v\u00e9szeti Egyes\u00fclet megh\u00edvja \u00d6nt \u00e9s bar\u00e1tait SZKOK IV\u00c1N fest\u0151m\u0171v\u00e9sz ki\u00e1ll\u00edt\u00e1s\u00e1ra Ideje: 2018. m\u00e1rcius 17., szombat 17.00 \u00f3ra Helye: Szolnoki M\u0171v\u00e9sztelep \u2013 KERT Gal\u00e9ria (5000 Szolnok, Gutenberg t\u00e9r 12\/12.) K\u00f6sz\u00f6nt\u0151t mond: Dr. K\u00e1llai M\u00e1ria korm\u00e1nymegb\u00edzott valamint Bal\u00e1zs P\u00e9ter Kossuth-d\u00edjas sz\u00ednm\u0171v\u00e9sz, a Szigligeti Sz\u00ednh\u00e1z igazgat\u00f3ja Megnyitja: Verebes Gy\u00f6rgy a Szolnoki&hellip; <\/p>","protected":false},"author":2,"featured_media":3336,"comment_status":"open","ping_status":"open","sticky":false,"template":"","format":"standard","meta":{"spay_email":"","jetpack_publicize_message":""},"categories":[55,1,58],"tags":[],"yst_prominent_words":[],"jetpack_featured_media_url":"https:\/\/i1.wp.com\/szolnokimuvesztelep.com\/wp-content\/uploads\/2018\/02\/szkok.jpg?fit=463%2C462","jetpack_publicize_connections":[],"yoast_head":"<!-- This site is optimized with the Yoast SEO Premium plugin v14.1 - https:\/\/yoast.com\/wordpress\/plugins\/seo\/ -->\n<title>Szkok Iv\u00e1n ki\u00e1ll\u00edt\u00e1sa a Kert Gal\u00e9ri\u00e1ban - SZOLNOKI M\u0170V\u00c9SZTELEP<\/title>\n<meta name=\"robots\" content=\"index, follow\" \/>\n<meta name=\"googlebot\" content=\"index, follow, max-snippet:-1, max-image-preview:large, max-video-preview:-1\" \/>\n<meta name=\"bingbot\" content=\"index, follow, max-snippet:-1, max-image-preview:large, max-video-preview:-1\" \/>\n<link rel=\"canonical\" href=\"http:\/\/szolnokimuvesztelep.com\/en\/2018\/02\/18\/a-kert-galeriaban-kovetkezik-szkok-ivan-festomuvesz-kiallitasa\/\" \/>\n<meta property=\"og:locale\" content=\"en_US\" \/>\n<meta property=\"og:type\" content=\"article\" \/>\n<meta property=\"og:title\" content=\"Szkok Iv\u00e1n ki\u00e1ll\u00edt\u00e1sa a Kert Gal\u00e9ri\u00e1ban - SZOLNOKI M\u0170V\u00c9SZTELEP\" \/>\n<meta property=\"og:description\" content=\"A Szolnoki M\u0171v\u00e9szeti Egyes\u00fclet megh\u00edvja \u00d6nt \u00e9s bar\u00e1tait SZKOK IV\u00c1N fest\u0151m\u0171v\u00e9sz ki\u00e1ll\u00edt\u00e1s\u00e1ra Ideje: 2018. m\u00e1rcius 17., szombat 17.00 \u00f3ra Helye: Szolnoki M\u0171v\u00e9sztelep \u2013 KERT Gal\u00e9ria (5000 Szolnok, Gutenberg t\u00e9r 12\/12.) K\u00f6sz\u00f6nt\u0151t mond: Dr. K\u00e1llai M\u00e1ria korm\u00e1nymegb\u00edzott valamint Bal\u00e1zs P\u00e9ter Kossuth-d\u00edjas sz\u00ednm\u0171v\u00e9sz, a Szigligeti Sz\u00ednh\u00e1z igazgat\u00f3ja Megnyitja: Verebes Gy\u00f6rgy a Szolnoki&hellip;\" \/>\n<meta property=\"og:url\" content=\"http:\/\/szolnokimuvesztelep.com\/en\/2018\/02\/18\/a-kert-galeriaban-kovetkezik-szkok-ivan-festomuvesz-kiallitasa\/\" \/>\n<meta property=\"og:site_name\" content=\"SZOLNOKI M\u0170V\u00c9SZTELEP\" \/>\n<meta property=\"article:publisher\" content=\"https:\/\/www.facebook.com\/szolnokimuvesztelepofficial\/\" \/>\n<meta property=\"article:published_time\" content=\"2018-02-18T17:32:43+00:00\" \/>\n<meta property=\"article:modified_time\" content=\"2022-11-25T14:05:17+00:00\" \/>\n<meta property=\"og:image\" content=\"https:\/\/i1.wp.com\/szolnokimuvesztelep.com\/wp-content\/uploads\/2018\/02\/szkok.jpg?fit=463%2C462\" \/>\n\t<meta property=\"og:image:width\" content=\"463\" \/>\n\t<meta property=\"og:image:height\" content=\"462\" \/>\n<script type=\"application\/ld+json\" class=\"yoast-schema-graph\">{\"@context\":\"https:\/\/schema.org\",\"@graph\":[{\"@type\":\"Organization\",\"@id\":\"http:\/\/szolnokimuvesztelep.com\/en\/#organization\",\"name\":\"Szolnoki M\\u0171v\\u00e9sztelep\",\"url\":\"http:\/\/szolnokimuvesztelep.com\/en\/\",\"sameAs\":[\"https:\/\/www.facebook.com\/szolnokimuvesztelepofficial\/\",\"https:\/\/www.instagram.com\/szolnoki_muvesztelep\/\",\"https:\/\/www.youtube.com\/channel\/UCAYRF4A8FrslG3J__XEjEoA\",\"https:\/\/hu.wikipedia.org\/wiki\/Szolnoki_m\\u0171v\\u00e9sztelep\"],\"logo\":{\"@type\":\"ImageObject\",\"@id\":\"http:\/\/szolnokimuvesztelep.com\/en\/#logo\",\"inLanguage\":\"en-US\",\"url\":\"https:\/\/i0.wp.com\/szolnokimuvesztelep.com\/wp-content\/uploads\/2020\/05\/szmt_2019_szlogen_psz-01.png?fit=2242%2C863\",\"width\":2242,\"height\":863,\"caption\":\"Szolnoki M\\u0171v\\u00e9sztelep\"},\"image\":{\"@id\":\"http:\/\/szolnokimuvesztelep.com\/en\/#logo\"}},{\"@type\":\"WebSite\",\"@id\":\"http:\/\/szolnokimuvesztelep.com\/en\/#website\",\"url\":\"http:\/\/szolnokimuvesztelep.com\/en\/\",\"name\":\"SZOLNOKI M\\u0170V\\u00c9SZTELEP\",\"description\":\"Meg\\u00fajul\\u00f3 hagyom\\u00e1ny\",\"publisher\":{\"@id\":\"http:\/\/szolnokimuvesztelep.com\/en\/#organization\"},\"potentialAction\":[{\"@type\":\"SearchAction\",\"target\":\"http:\/\/szolnokimuvesztelep.com\/en\/?s={search_term_string}\",\"query-input\":\"required name=search_term_string\"}],\"inLanguage\":\"en-US\"},{\"@type\":\"ImageObject\",\"@id\":\"http:\/\/szolnokimuvesztelep.com\/2018\/02\/18\/a-kert-galeriaban-kovetkezik-szkok-ivan-festomuvesz-kiallitasa\/#primaryimage\",\"inLanguage\":\"en-US\",\"url\":\"https:\/\/i1.wp.com\/szolnokimuvesztelep.com\/wp-content\/uploads\/2018\/02\/szkok.jpg?fit=463%2C462\",\"width\":463,\"height\":462},{\"@type\":\"WebPage\",\"@id\":\"http:\/\/szolnokimuvesztelep.com\/2018\/02\/18\/a-kert-galeriaban-kovetkezik-szkok-ivan-festomuvesz-kiallitasa\/#webpage\",\"url\":\"http:\/\/szolnokimuvesztelep.com\/2018\/02\/18\/a-kert-galeriaban-kovetkezik-szkok-ivan-festomuvesz-kiallitasa\/\",\"name\":\"Szkok Iv\\u00e1n ki\\u00e1ll\\u00edt\\u00e1sa a Kert Gal\\u00e9ri\\u00e1ban - SZOLNOKI M\\u0170V\\u00c9SZTELEP\",\"isPartOf\":{\"@id\":\"http:\/\/szolnokimuvesztelep.com\/en\/#website\"},\"primaryImageOfPage\":{\"@id\":\"http:\/\/szolnokimuvesztelep.com\/2018\/02\/18\/a-kert-galeriaban-kovetkezik-szkok-ivan-festomuvesz-kiallitasa\/#primaryimage\"},\"datePublished\":\"2018-02-18T17:32:43+00:00\",\"dateModified\":\"2022-11-25T14:05:17+00:00\",\"inLanguage\":\"en-US\",\"potentialAction\":[{\"@type\":\"ReadAction\",\"target\":[\"http:\/\/szolnokimuvesztelep.com\/2018\/02\/18\/a-kert-galeriaban-kovetkezik-szkok-ivan-festomuvesz-kiallitasa\/\"]}]},{\"@type\":\"Article\",\"@id\":\"http:\/\/szolnokimuvesztelep.com\/2018\/02\/18\/a-kert-galeriaban-kovetkezik-szkok-ivan-festomuvesz-kiallitasa\/#article\",\"isPartOf\":{\"@id\":\"http:\/\/szolnokimuvesztelep.com\/2018\/02\/18\/a-kert-galeriaban-kovetkezik-szkok-ivan-festomuvesz-kiallitasa\/#webpage\"},\"author\":{\"@id\":\"http:\/\/szolnokimuvesztelep.com\/en\/#\/schema\/person\/6809c0486d15892946a64c7ea6eed077\"},\"headline\":\"Szkok Iv\\u00e1n ki\\u00e1ll\\u00edt\\u00e1sa a Kert Gal\\u00e9ri\\u00e1ban\",\"datePublished\":\"2018-02-18T17:32:43+00:00\",\"dateModified\":\"2022-11-25T14:05:17+00:00\",\"commentCount\":0,\"mainEntityOfPage\":{\"@id\":\"http:\/\/szolnokimuvesztelep.com\/2018\/02\/18\/a-kert-galeriaban-kovetkezik-szkok-ivan-festomuvesz-kiallitasa\/#webpage\"},\"publisher\":{\"@id\":\"http:\/\/szolnokimuvesztelep.com\/en\/#organization\"},\"image\":{\"@id\":\"http:\/\/szolnokimuvesztelep.com\/2018\/02\/18\/a-kert-galeriaban-kovetkezik-szkok-ivan-festomuvesz-kiallitasa\/#primaryimage\"},\"articleSection\":\"Arch\\u00edv,Egy\\u00e9b,H\\u00edrek\",\"inLanguage\":\"en-US\",\"potentialAction\":[{\"@type\":\"CommentAction\",\"name\":\"Comment\",\"target\":[\"http:\/\/szolnokimuvesztelep.com\/2018\/02\/18\/a-kert-galeriaban-kovetkezik-szkok-ivan-festomuvesz-kiallitasa\/#respond\"]}]},{\"@type\":[\"Person\"],\"@id\":\"http:\/\/szolnokimuvesztelep.com\/en\/#\/schema\/person\/6809c0486d15892946a64c7ea6eed077\",\"name\":\"Verebes Edit\",\"image\":{\"@type\":\"ImageObject\",\"@id\":\"http:\/\/szolnokimuvesztelep.com\/en\/#personlogo\",\"inLanguage\":\"en-US\",\"url\":\"http:\/\/2.gravatar.com\/avatar\/5d546bcb1a27fb506fe8bb16e33cd5fd?s=96&d=mm&r=g\",\"caption\":\"Verebes Edit\"}}]}<\/script>\n<!-- \/ Yoast SEO Premium plugin. -->","jetpack_sharing_enabled":true,"jetpack_shortlink":"https:\/\/wp.me\/p9tpmR-Pw","jetpack_likes_enabled":true,"jetpack-related-posts":[],"_links":{"self":[{"href":"http:\/\/szolnokimuvesztelep.com\/en\/wp-json\/wp\/v2\/posts\/3194"}],"collection":[{"href":"http:\/\/szolnokimuvesztelep.com\/en\/wp-json\/wp\/v2\/posts"}],"about":[{"href":"http:\/\/szolnokimuvesztelep.com\/en\/wp-json\/wp\/v2\/types\/post"}],"author":[{"embeddable":true,"href":"http:\/\/szolnokimuvesztelep.com\/en\/wp-json\/wp\/v2\/users\/2"}],"replies":[{"embeddable":true,"href":"http:\/\/szolnokimuvesztelep.com\/en\/wp-json\/wp\/v2\/comments?post=3194"}],"version-history":[{"count":1,"href":"http:\/\/szolnokimuvesztelep.com\/en\/wp-json\/wp\/v2\/posts\/3194\/revisions"}],"predecessor-version":[{"id":7805,"href":"http:\/\/szolnokimuvesztelep.com\/en\/wp-json\/wp\/v2\/posts\/3194\/revisions\/7805"}],"wp:featuredmedia":[{"embeddable":true,"href":"http:\/\/szolnokimuvesztelep.com\/en\/wp-json\/wp\/v2\/media\/3336"}],"wp:attachment":[{"href":"http:\/\/szolnokimuvesztelep.com\/en\/wp-json\/wp\/v2\/media?parent=3194"}],"wp:term":[{"taxonomy":"category","embeddable":true,"href":"http:\/\/szolnokimuvesztelep.com\/en\/wp-json\/wp\/v2\/categories?post=3194"},{"taxonomy":"post_tag","embeddable":true,"href":"http:\/\/szolnokimuvesztelep.com\/en\/wp-json\/wp\/v2\/tags?post=3194"},{"taxonomy":"yst_prominent_words","embeddable":true,"href":"http:\/\/szolnokimuvesztelep.com\/en\/wp-json\/wp\/v2\/yst_prominent_words?post=3194"}],"curies":[{"name":"wp","href":"https:\/\/api.w.org\/{rel}","templated":true}]}}