{"id":3179,"date":"2018-01-30T11:41:29","date_gmt":"2018-01-30T11:41:29","guid":{"rendered":"http:\/\/szolnokimuvesztelep.com\/?p=3179"},"modified":"2022-11-25T14:05:50","modified_gmt":"2022-11-25T14:05:50","slug":"feledy-balazs-sebestyen-zoltan-folyamatosan-lehet-cimu-kiallitasanak-megnyitoja","status":"publish","type":"post","link":"http:\/\/szolnokimuvesztelep.com\/en\/2018\/01\/30\/feledy-balazs-sebestyen-zoltan-folyamatosan-lehet-cimu-kiallitasanak-megnyitoja\/","title":{"rendered":"Feledy Bal\u00e1zs &#8211; Sebesty\u00e9n Zolt\u00e1n Folyamatosan lehet c\u00edm\u0171 ki\u00e1ll\u00edt\u00e1sa el\u00e9"},"content":{"rendered":"<p>Elhangzott a Szolnoki Gal\u00e9ri\u00e1ban 2018. janu\u00e1r 27-\u00e9n<\/p>\n<p><strong>Vissz\u00e1ja<\/strong><\/p>\n<p><em>\u201eMin\u00e9l kevesebb \u2026 a szellem, ann\u00e1l\u00a0\u00a0\u00a0\u00a0\u00a0\u00a0\u00a0 kevesebb a szorong\u00e1s.\u201d (Kierkegaard)<\/em><\/p>\n<p>Ak\u00e1r ismert\u00fck Sebesty\u00e9n Zolt\u00e1n k\u00e9peit, ak\u00e1r nem, egy bizonyos: ha bel\u00e9p\u00fcnk, bel\u00e9pt\u00fcnk ebbe a nagyszab\u00e1s\u00fa t\u00e9rbe, s elkezdj\u00fck szeml\u00e9lni a k\u00e9peket, garant\u00e1ltan felgyorsul sz\u00edvver\u00e9s\u00fcnk, lelohad j\u00f3kedv\u00fcnk, s kinek-kinek alkata szerint s\u00edr\u00e1sra vagy mosolyra h\u00faz\u00f3dik a sz\u00e1ja. De miel\u0151tt ezt kibontan\u00e1m, nem ker\u00fclhetem el, hogy eml\u00e9keket ne id\u00e9zzek, s hogy szem\u00e9lyes ne legyek, eln\u00e9z\u00e9st is k\u00e9rve ez\u00e9rt \u00d6n\u00f6kt\u0151l, T\u0151letek.\u00a0 \u00c9s r\u00e1ad\u00e1sul azonnal m\u00e9g, egy sokszor elhangz\u00f3 k\u00f6zhely: Sebesty\u00e9n Zolt\u00e1nt nagyon r\u00e9gen ismerem, \u0151sid\u0151kb\u0151l. Hogy furfangosan fogalmazzak: egy\u00fctt j\u00e1rtunk a K\u00e9pz\u0151m\u0171v\u00e9szeti F\u0151iskol\u00e1ra. Igaz, annyi k\u00fcl\u00f6nbs\u00e9ggel, hogy \u0151 tanulni j\u00e1rt, \u00e9n pedig dolgozni. (De persze ez ford\u00edtva is igaz lehet. \u0151 dolgozni j\u00e1rt be, \u00e9n pedig tanulni\u2026, igaz: \u201ehivatalnokk\u00e9nt\u201d). Ennek az id\u0151szaknak a t\u00e1vlata lassan k\u00f6zeledik a negyven \u00e9vhez. Hogy szuggeszt\u00edvebb \u00e9s egzaktabb legyek: ez a hetvenes \u00e9vek v\u00e9ge, s a nyolcvanas \u00e9vek eleje, k\u00f6zepe. Az akkori magyar k\u00e9pz\u0151m\u0171v\u00e9szetre \u00e9s annak egyetemi rang\u00fa f\u0151iskol\u00e1j\u00e1ra visszatekintve sokan azt mondhatj\u00e1k (b\u00e1r ez n\u00e9z\u0151pont k\u00e9rd\u00e9se), hogy az igazi mozg\u00e1sok nem itt voltak, hanem k\u00edv\u00fcl, mondjuk undergroundk\u00e9nt, oppoz\u00edci\u00f3ban, s hogy ez a helyzet a vihar el\u0151tti \u00e1llapot id\u0151szaka volt. \u00c9n ezt m\u00e1sk\u00e9pp l\u00e1tom. Pezsgett, n\u00e9ha forrt az \u00e9let. \u00a0Viharok is voltak. \u00d6t fest\u0151 oszt\u00e1ly m\u0171k\u00f6d\u00f6tt a F\u0151iskol\u00e1n. Kokas Ign\u00e1cn\u00e1l a k\u00e9s\u0151bbi \u00a0\u201eszt\u00e1rok\u201d: \u00c1d\u00e1m Zolt\u00e1n, Bern\u00e1t Andr\u00e1s, Bull\u00e1s J\u00f3zsef, nem is besz\u00e9lve R\u00e9v\u00e9sz L\u00e1szl\u00f3r\u00f3l. Sarkantyu Simonn\u00e1l B\u00f6r\u00f6cz Andr\u00e1s. Ki ne hagyjam Kopasz Tam\u00e1st vagy Ga\u00e1l J\u00f3zsefet, aki ekkoriban m\u00e9g grafikusnak k\u00e9sz\u00fclt. Eg\u00e9szen m\u00e1s t\u00edpus\u00faak, de ott volt Gerzson P\u00e1l oszt\u00e1ly\u00e1n Magyari M\u00e1rton, Szegedi Csaba, Tari G\u00e1bor. \u00a0Sv\u00e1by Lajos volt a mestere \u2013 k\u00f6zeled\u00fcnk mai t\u00e9m\u00e1nkhoz &#8211; Palk\u00f3 Tibornak, Nayg Istv\u00e1nnak, s\u00a0 Blaski J\u00e1nos n\u00f6vend\u00e9ke volt Mulasics L\u00e1szl\u00f3, Katona Zolt\u00e1n, Csurgay Ferenc \u00e9s Sebesty\u00e9n Zolt\u00e1n\u2026 Nem rossz n\u00e9vsor ugye? R\u00e1ad\u00e1sul igen er\u0151sen p\u00e9ld\u00e1l\u00f3dz\u00f3, v\u00e1logatott, s szigor\u00faan csak eml\u00e9kezetb\u0151l.<\/p>\n<p>Hogy mi\u00e9rt fontos ez itt \u00e9s most? P\u00e9ld\u00e1ul az\u00e9rt, hogy jelezzem, milyen toler\u00e1ns \u00e9s ekkoriban m\u00e1r er\u0151sen szabadelv\u0171 fest\u0151tan\u00e1r volt Blaski J\u00e1nos, akir\u0151l ma m\u00e1r nagyon keveset besz\u00e9lnek, de akinek az oszt\u00e1lya igen j\u00f3 akol volt a kort\u00e1rs magyar fest\u00e9szet tov\u00e1bbi progressz\u00edv \u00fatj\u00e1hoz. \u00a0Persze tegy\u00fck hozz\u00e1 azonnal: akkor \u00e9s ott is igaz volt, hogy a hallgat\u00f3k egym\u00e1st\u00f3l tanult\u00e1k a legt\u00f6bbet\u2026 Term\u00e9szetesen vit\u00e1k d\u00faltak, akkoriban, p\u00e9ld\u00e1ul a Fiatal K\u00e9pz\u0151m\u0171v\u00e9szek St\u00fadi\u00f3ja konzervat\u00edv int\u00e9zm\u00e9nynek tartotta a F\u0151iskol\u00e1t, dr\u00e1ga sz\u00e9p eml\u00e9k\u0171 Samu G\u00e9z\u00e1nak is ez volt a v\u00e9lem\u00e9nye, aki ekkoriban e szervezet eln\u00f6ke is volt. Somogyi J\u00f3zsef akkori rektornak j\u00f3\u00edz\u0171 vit\u00e1i voltak is G\u00e9z\u00e1val, de ink\u00e1bb nem \u00f6r\u00fclt annak, hogy bej\u00e1rt a F\u0151iskol\u00e1ra Erd\u00e9ly Mikl\u00f3s vagy Hegyi Lor\u00e1nd, de toler\u00e1lta. Itt a l\u00e9nyeg, hogy az 1990-ben megalakult Block Csoport alap\u00edt\u00f3i \u00e9s az\u00f3ta is tagjai k\u00f6z\u00fcl\u00a0 Katona, Nayg, Palk\u00f3 \u00e9s Sebesty\u00e9n \u00a0&#8211; teh\u00e1t a Blockos \u0151sk\u00f6v\u00fclet \u00a0(s az\u00e9rt ide sorolhatjuk Kopasz Tam\u00e1st is) &#8211; ekkoriban v\u00e9gzett az int\u00e9zm\u00e9nyben, az ezerszer b\u00edr\u00e1lt K\u00e9pz\u0151m\u0171v\u00e9szeti F\u0151iskol\u00e1n. Nem \u0151k voltak reflektorf\u00e9nyben, de rendk\u00edv\u00fcl tiszteletrem\u00e9lt\u00f3, amit az\u00f3ta teljes\u00edtettek. A Block Csoport a legkoncepci\u00f3zusabb, legtudatosabb \u00e9s leg\u00e9letk\u00e9pesebb m\u0171v\u00e9szi csoportosul\u00e1ss\u00e1 v\u00e1lt, igen k\u00f6vetkezetes folyamatos programmal, term\u00e9szetesen \u00faj tagokkal is.<\/p>\n<p>E k\u00f6z\u00f6ss\u00e9g egyik h\u00faz\u00f3ereje Sebesty\u00e9n Zolt\u00e1n, akit\u0151l \u2013 j\u00f3l eml\u00e9kszem &#8211; fontos alapismereteket, ismereteket kaptam, szereztem az akkori kort\u00e1rs n\u00e9met\u00a0 (nyugatn\u00e9met!) k\u00e9pz\u0151m\u0171v\u00e9szet, fest\u00e9szet t\u00e1rgy\u00e1ban, t\u00e1j\u00e9kozotts\u00e1ga m\u00e9ly volt, alapos \u00e9s friss. Azt\u00e1n a k\u00f6z\u00f6s akol nekik is, nekem is megsz\u0171nt, \u00e9let\u00fcnk m\u00e1s ir\u00e1nyt vett, de az elm\u00falt \u00e9vtizedekben igyekeztem szemmel tartani a Block tev\u00e9kenys\u00e9g\u00e9t, s valamelyest Sebesty\u00e9n Zolt\u00e1n\u00e9t is. Csak nagy \u00e9s budapesti ki\u00e1ll\u00edt\u00e1saikat l\u00e1ttam, \u00e1m ezek mindig er\u0151s hat\u00e1ssal voltak r\u00e1m, ahogy kil\u00e9ptek a fest\u00e9szet hagyom\u00e1nyos kereteib\u0151l, ahogy t\u00e1rgyalkot\u00f3, install\u00e1ci\u00f3k\u00e9sz\u00edt\u0151 csoportt\u00e1 v\u00e1ltak, ahol szerepet kapott az akci\u00f3 m\u0171v\u00e9szet, DE \u2013 \u00e9s ezt nagy bet\u0171vel \u00edrtam \u2013 mindek\u00f6zben mindannyian megmaradtak fest\u0151nek is, s\u0151t \u00f6n\u00e1ll\u00f3 ki\u00e1ll\u00edt\u00e1saikon ez ker\u00fclt el\u0151t\u00e9rbe, m\u00e9g akkor is, ha ezek egy r\u00e9sze szint\u00e9n l installat\u00edv koncepci\u00f3ra \u00e9p\u00fclt. M\u00e9g arra is j\u00f3l eml\u00e9kszem, hogy amikor a Vigad\u00f3 Gal\u00e9ri\u00e1ban Palk\u00f3 Tibor rendezett \u00f6n\u00e1ll\u00f3 ki\u00e1ll\u00edt\u00e1st a k\u00e9tezres \u00e9vek elej\u00e9n, akkor a nyit\u00e1s el\u0151tt mindent sz\u00e9pen elrendezett, misztikus vil\u00e1g\u00edt\u00e1st kapott a t\u00e9r, egy gyerty\u00e1t is meggy\u00fajtott, majd t\u00e1vozott. \u00a0A \u00a0\u201ebaj\u201d csak az volt, hogy nek\u00fcnk, akik a gal\u00e9ri\u00e1ban dolgoztunk, de m\u00e1soknak, bar\u00e1tainak is, t\u00e1voll\u00e9t\u00e9r\u0151l nem sz\u00f3lt, \u00edgy egy kis v\u00e1rakoz\u00e1s ut\u00e1n megnyitottuk \u00a0a ki\u00e1ll\u00edt\u00e1s\u00e1t, jelenl\u00e9te n\u00e9lk\u00fcl.<\/p>\n<p>&nbsp;<\/p>\n<p>A Block f\u00e9rfi tagjai teh\u00e1t expressis verbis fest\u0151k, azok is maradtak, de mindannyian szerves r\u00e9szei \u00e9s megalkot\u00f3i a k\u00f6z\u00f6s t\u00e9rm\u0171v\u00e9szeti produkci\u00f3knak, s ezzel paralel: v\u00e1ltak radik\u00e1lis meg\u00faj\u00edt\u00f3i a kort\u00e1rs magyar fest\u00e9szetnek. Itt \u00e9s most ez az\u00e9rt fontos, mert \u00e9rz\u00e9sem szerint Sebesty\u00e9n Zolt\u00e1n \u2013 akinek a mai alkalommal a Blockb\u00f3l kiemelt \u00f6n\u00e1ll\u00f3 t\u00e1rlat\u00e1t nyitjuk &#8211; imm\u00e1r \u00fagy fest\u0151, hogy a t\u00e9r m\u0171v\u00e9sze a k\u00e9t dimenzi\u00f3ban, \u00e1m \u00fagy az, hogy ezek a terek val\u00f3s\u00e1gosak \u00e9s virtu\u00e1lisak, intimek \u00e9s egyetemesek, gondolatiak \u00e9s fizikailag megragadhat\u00f3k. Sebesty\u00e9n Zolt\u00e1n fest\u0151i attrib\u00fatumai ugyanis, akiket figur\u00e1nak nevezhet\u00fcnk, ezekbe a terekbe beledobva, ezekbe a terekbe bez\u00e1rva, ezekb\u0151l a terekb\u0151l kitasz\u00edtva \u00e9s kil\u00f6kve egziszt\u00e1lnak. Kint is vannak \u00e9s bent is, de hogy mi a kint \u00e9s a bent, a fest\u0151 azt is lebegteti. Ezek a figur\u00e1k bele vannak dobva a mindens\u00e9gbe, vagyis a l\u00e9tez\u00e9sbe. Nem is v\u00e9letlen\u00fcl haszn\u00e1lja e kateg\u00f3ri\u00e1kat az egzisztencializmus.\u00a0 Ezek a figur\u00e1k nem tudj\u00e1k felismerni, megismerni helyzet\u00fcket, nem tudj\u00e1k poz\u00edcion\u00e1lni \u00f6nmagukat, t\u00e1mpontjaik nincsenek, csak k\u00e9ts\u00e9geik, de ez a k\u00e9ts\u00e9g sem k\u00e9ts\u00e9gbe es\u00e9s, hanem ink\u00e1bb az \u00f6nmarcangol\u00f3 vagy \u00e9pp apatikus \u00e1llapot manifeszt\u00e1l\u00e1sa. K\u00f6zhely, persze, hogy k\u00f6zhely, hogy Sebesty\u00e9n Zolt\u00e1n k\u00e9pei mellbev\u00e1g\u00f3ak, megh\u00f6kkent\u0151ek, \u00e1m azt kevesebben fogalmazzuk meg, hogy ebb\u0151l ered\u0151en tasz\u00edt\u00f3ak-e vagy vonz\u00f3ak, eszt\u00e9tikai tartalmuk relev\u00e1ns-e vagy ez a kifejez\u00e9s alkalmazhatatlan e k\u00e9pek l\u00e1tt\u00e1n? \u00c9s baj-e ha tasz\u00edt\u00f3 karakter\u00fck (is) van vagy \u00e9pp ez az er\u0151ss\u00e9g\u00fck?\u00a0 Egy biztos: Sebesty\u00e9n Zolt\u00e1n m\u00e9lyre \u00e1s, m\u00e9lyre hatol. Szinte k\u00edm\u00e9letlen fest\u0151i \u00e9s mor\u00e1lis eszk\u00f6zt\u00e1rral v\u00e1jk\u00e1l testekben \u00e9s lelkekben. Kivel t\u00f6r\u0151dik? Mag\u00e1val? K\u00f6z\u00f6ss\u00e9g\u00e9vel? Egy biztos. K\u00f6z\u00f6ns\u00e9g\u00e9vel nem igen, m\u00e1r akiben egy leegyszer\u0171s\u00edtett k\u00e9p \u00e9l a k\u00e9pr\u0151l, a m\u0171v\u00e9szetr\u0151l. Sebesty\u00e9n \u00fajra teremti, \u00fajra form\u00e1lja a k\u00e9pet, mint a vil\u00e1g l\u00e9nyegis\u00e9g\u00e9r\u0151l k\u00e9sz\u00edtett \u00e1llapotrajzot, amely sz\u00f3 jelen esetben \u00e1llapotfestm\u00e9nyk\u00e9nt pontos\u00edthat\u00f3. Nem hogy nem sz\u00e9peleg, de valamif\u00e9le \u00f6rd\u00f6gi eszk\u00f6zt\u00e1rral \u00e9s n\u00e9z\u0151ponttal, amit persze nevezhet\u00fcnk kiv\u00e9teles tehets\u00e9gnek \u00e9s helyzet felismer\u00e9snek, hozza felsz\u00ednre lelkek \u00e9s testek aberr\u00e1ci\u00f3it, torzul\u00e1sait, disszonanci\u00e1it.<\/p>\n<p>Sokat vitatkozunk mostan\u00e1ban arr\u00f3l, hogy kell-e c\u00edmet adni egy k\u00e9pnek! Az egyik \u00e1ll\u00e1spont, hogy nem, mert a k\u00e9p besz\u00e9ljen \u00f6nmaga. A m\u00e1sik az, hogy legyen, hiszen adott esetben seg\u00edt a l\u00e1tv\u00e1ny befogad\u00e1s\u00e1ban, \u00e9rtelmez\u00e9s\u00e9ben. Nos, Zolt\u00e1nn\u00e1l az \u201eadott eset\u201d van! C\u00edmei fontosak, szerves r\u00e9szei a k\u00e9pnek, a befogad\u00f3 logikai l\u00e1ncolat\u00e1nak, szillogizmusainak, ugyanakkor egy bizonytalans\u00e1gi effektust teremtenek benn\u00fcnk. \u00a0K\u00e9pc\u00edmeinek mintha k\u00e9t csoportja volna. Az egyik a sz\u00e1raz t\u00e9nyk\u00f6zl\u0151, szinte le\u00edr\u00f3: \u201eVad\u00e1szat \u00e9s sz\u00edv\u201d, \u00a0\u201eK\u00e9s\u0151 d\u00e9lut\u00e1n\u201d,Hi\u00e1nyok \u00e9s v\u00e1gyak\u201d,\u00a0 \u201eArcom m\u00fal\u00f3ban\u201d (tragikus k\u00e9p!), \u201e Szinte egyed\u00fcl\u201d,s a szigor\u00fa t\u00e1rgyszer\u0171s\u00e9gen m\u00e1r t\u00falmutat\u00f3, de m\u00e9g mindig le\u00edr\u00f3: \u201eLehets\u00e9ges banalit\u00e1sok\u201d \u00e9s v\u00e9g\u00fcl: \u201eMegszorult vil\u00e1g\u201d. A m\u00e1sik csoport, amikor c\u00edmei valahogy lebegtetnek \u00e1llapotokat, helyzeteket, \u00e9rz\u00e9seket, amikor ezzel valamif\u00e9le titkokat is hordoznak egy\u00fattal,\u00a0 s a pszichol\u00f3giai, befogad\u00f3i konnot\u00e1ci\u00f3nak jelent\u0151s\u00e9ge lesz: \u201eAhogy most\u2026\u201d\u201eLehet valahol\u201d,\u201dHa akarod\u201d (egy\u00e9bk\u00e9nt ennek egy r\u00e9szlete van a megh\u00edv\u00f3n), \u201eVeled v\u00e1ltozatlanul\u201d \u00e9s persze az imm\u00e1r a Sebesty\u00e9n oeuvre-hoz szervesen hozz\u00e1tartoz\u00f3: \u201eId\u0151nyal\u00f3ka\u201d. \u00a0\u00a0S ide sorolhat\u00f3 e mai ki\u00e1ll\u00edt\u00e1s c\u00edme: Folyamatosan lehet. Igen, \u00e9rtj\u00fck, pontosabban nyelvtanilag \u00e9rtj\u00fck, de hogy mi van m\u00f6g\u00f6tte, hogy mi lehet folyamatosan, azt a fest\u0151 r\u00e1nk b\u00edzza. S ezek a c\u00edmek meditativit\u00e1suk mellett bizony hordoznak n\u00e9mi ir\u00f3ni\u00e1t. Ir\u00f3ni\u00e1t, amely n\u00e9mi elismer\u00e9sbe burkolt keser\u0171, de szellemes finom g\u00fany, s amely Kierkegaard szerint \u201ev\u00e9gtelen abszol\u00fat negativit\u00e1s\u201d. \u201eAz ir\u00f3nia a szubjektivit\u00e1s meghat\u00e1roz\u00e1sa. Az ir\u00f3ni\u00e1ban a szubjektum negat\u00edve szabad.\u201d \u00a0Nos, \u00edgy fest \u00e9s ezt festi Sebesty\u00e9n Zolt\u00e1n, de van itt m\u00e9g valami \u00e9s ez bizony a kezdett\u0151l fogva benn\u00fcnk l\u00e9v\u0151 szorong\u00e1s. Ahogy bel\u00e9pt\u00fcnk, s ak\u00e1r mosolyra, ak\u00e1r s\u00edr\u00e1sra h\u00faz\u00f3dott is el a sz\u00e1nk, egy biztos: fokoz\u00f3dik szorong\u00e1sunk. De mi is ez? Azonnal sz\u00e1mtalan irodalmi \u00e9s k\u00e9pz\u0151m\u0171v\u00e9szeti p\u00e9lda van el\u0151tt\u00fcnk, s id\u00e9z\u0151dik fel, de nyugalom: e k\u00e9rd\u00e9sre is a szorong\u00e1s egyik legnagyobb filoz\u00f3fus tud\u00f3sa adja meg a v\u00e1laszt, aki ezzel a probl\u00e9m\u00e1val \u00a0a sokn\u00e1l is t\u00f6bbet foglalkozott, s \u00edgy \u00edrt (term\u00e9szetesen S\u00f6ren Kierkegaard): \u201eA szorong\u00e1s fogalm\u00e1nak kifejt\u00e9s\u00e9t szinte sehol nem tal\u00e1ljuk meg a pszichol\u00f3gi\u00e1ban, ez\u00e9rt arra kell felh\u00edvnom a figyelmet, hogy ez teljesen k\u00fcl\u00f6nb\u00f6zik a f\u00e9lelemt\u0151l \u00e9s m\u00e1s hasonl\u00f3 fogalmakt\u00f3l, melyek valamilyen meghat\u00e1rozott dolgokra vonatkoznak, ezzel szemben <em>a szorong\u00e1s a szabads\u00e1g val\u00f3s\u00e1ga, lehet\u0151s\u00e9g a lehet\u0151s\u00e9gre\u201d (<\/em>kiemel\u00e9s t\u0151lem \u2013F.B.) Nos, itt a l\u00e9nyeg: a szorong\u00e1s a szabads\u00e1g val\u00f3s\u00e1ga, s ezt \u00e9rtelmezi, festi, rajzolja, v\u00e1szonra, pauszra, ecsettel, ujjaival t\u00f6bb r\u00e9tegben, lend\u00fcletesen \u00a0\u00e9s makacsul Sebesty\u00e9n Zolt\u00e1n.<\/p>\n<p>Szabads\u00e1ga olyan fok\u00fa, hogy nem csak mag\u00e1nak, de nek\u00fcnk befogad\u00f3knak is szabads\u00e1got ad. \u201e\u00c9rtelmezd magad!\u201d- mondja, s mi elfogadhatjuk a m\u00falt sz\u00e1zad jeles n\u00e9met m\u0171v\u00e9szett\u00f6rt\u00e9n\u00e9sz\u00e9nek, Wilhelm Worringernek\u00a0 az \u00e1ll\u00e1spontj\u00e1t, aki nevezetes elm\u00e9let\u00e9ben (\u00e9s k\u00f6nyv\u00e9ben) az Abstraction und Einf\u00fchlung-ban,\u00a0 a bele\u00e9rz\u00e9st tartja a befogad\u00e1s \u00e9s a katarzis alapvet\u0151 kateg\u00f3ri\u00e1j\u00e1nak. Bele\u00e9rz\u00e9s n\u00e9lk\u00fcl\u00a0 (mondhatjuk m\u00e9g emp\u00e1ti\u00e1nak) nincs m\u0171\u00e9lvezet, a gondolat egyik megfogalmaz\u00e1sa \u00edgy is hangozhat: \u201eaz eszt\u00e9tikai \u00e9lvezet a t\u00e1rgyba \u00e1thelyezett \u00f6n\u00e9lvezet\u201d.<\/p>\n<p>Ilyen magatart\u00e1ssal pedig elfogadhatjuk ennek a bevezet\u0151 \u00edr\u00e1snak a c\u00edm\u00e9t, amely ez volt: vissz\u00e1ja. Mert tudjuk: a dolgoknak van sz\u00edne \u00e9s vissz\u00e1ja. A sz\u00edn sz\u00f3 k\u00e9t\u00e9rtelm\u0171, sok\u00e9rtelm\u0171, k\u00fcl\u00f6n\u00f6sen egy fest\u0151 sz\u00e1m\u00e1ra. Ha e k\u00e9t v\u00e9glettel \u00e9rtelmezz\u00fck Sebesty\u00e9n Zolt\u00e1n fest\u00e9szet\u00e9t, akkor felt\u00e9tlen\u00fcl helye van a \u201esz\u00edne\u201d oldalnak, de bizony lehet, hogy \u00a0m\u00e9gis, annak amit l\u00e1tunk, \u00e9rz\u00e9kel\u00fcnk, ink\u00e1bb\u00a0 \u2013 ez\u00fattal &#8211; \u00a0pontosabban felel meg a: \u201evissz\u00e1ja\u201d\u2026<\/p>\n<p>Ki\u00e1ll\u00edt\u00e1s\u00e1t nagy \u00e9s r\u00e9gi szeretettel nyitom meg.<\/p>\n<p>&nbsp;<\/p>","protected":false},"excerpt":{"rendered":"<p>Elhangzott a Szolnoki Gal\u00e9ri\u00e1ban 2018. janu\u00e1r 27-\u00e9n Vissz\u00e1ja \u201eMin\u00e9l kevesebb \u2026 a szellem, ann\u00e1l\u00a0\u00a0\u00a0\u00a0\u00a0\u00a0\u00a0 kevesebb a szorong\u00e1s.\u201d (Kierkegaard) Ak\u00e1r ismert\u00fck Sebesty\u00e9n Zolt\u00e1n k\u00e9peit, ak\u00e1r nem, egy bizonyos: ha bel\u00e9p\u00fcnk, bel\u00e9pt\u00fcnk ebbe a nagyszab\u00e1s\u00fa t\u00e9rbe, s elkezdj\u00fck szeml\u00e9lni a k\u00e9peket, garant\u00e1ltan felgyorsul sz\u00edvver\u00e9s\u00fcnk, lelohad j\u00f3kedv\u00fcnk, s kinek-kinek alkata szerint s\u00edr\u00e1sra vagy&hellip; <\/p>","protected":false},"author":2,"featured_media":3136,"comment_status":"open","ping_status":"open","sticky":false,"template":"","format":"standard","meta":{"spay_email":"","jetpack_publicize_message":""},"categories":[55,22],"tags":[],"yst_prominent_words":[],"jetpack_featured_media_url":"https:\/\/i0.wp.com\/szolnokimuvesztelep.com\/wp-content\/uploads\/2018\/01\/sebi-megh\u00edv\u00f3.jpg?fit=912%2C912","jetpack_publicize_connections":[],"yoast_head":"<!-- This site is optimized with the Yoast SEO Premium plugin v14.1 - https:\/\/yoast.com\/wordpress\/plugins\/seo\/ -->\n<title>Feledy Bal\u00e1zs - Sebesty\u00e9n Zolt\u00e1n Folyamatosan lehet c\u00edm\u0171 ki\u00e1ll\u00edt\u00e1sa el\u00e9 - SZOLNOKI M\u0170V\u00c9SZTELEP<\/title>\n<meta name=\"robots\" content=\"index, follow\" \/>\n<meta name=\"googlebot\" content=\"index, follow, max-snippet:-1, max-image-preview:large, max-video-preview:-1\" \/>\n<meta name=\"bingbot\" content=\"index, follow, max-snippet:-1, max-image-preview:large, max-video-preview:-1\" \/>\n<link rel=\"canonical\" href=\"http:\/\/szolnokimuvesztelep.com\/en\/2018\/01\/30\/feledy-balazs-sebestyen-zoltan-folyamatosan-lehet-cimu-kiallitasanak-megnyitoja\/\" \/>\n<meta property=\"og:locale\" content=\"en_US\" \/>\n<meta property=\"og:type\" content=\"article\" \/>\n<meta property=\"og:title\" content=\"Feledy Bal\u00e1zs - Sebesty\u00e9n Zolt\u00e1n Folyamatosan lehet c\u00edm\u0171 ki\u00e1ll\u00edt\u00e1sa el\u00e9 - SZOLNOKI M\u0170V\u00c9SZTELEP\" \/>\n<meta property=\"og:description\" content=\"Elhangzott a Szolnoki Gal\u00e9ri\u00e1ban 2018. janu\u00e1r 27-\u00e9n Vissz\u00e1ja \u201eMin\u00e9l kevesebb \u2026 a szellem, ann\u00e1l\u00a0\u00a0\u00a0\u00a0\u00a0\u00a0\u00a0 kevesebb a szorong\u00e1s.\u201d (Kierkegaard) Ak\u00e1r ismert\u00fck Sebesty\u00e9n Zolt\u00e1n k\u00e9peit, ak\u00e1r nem, egy bizonyos: ha bel\u00e9p\u00fcnk, bel\u00e9pt\u00fcnk ebbe a nagyszab\u00e1s\u00fa t\u00e9rbe, s elkezdj\u00fck szeml\u00e9lni a k\u00e9peket, garant\u00e1ltan felgyorsul sz\u00edvver\u00e9s\u00fcnk, lelohad j\u00f3kedv\u00fcnk, s kinek-kinek alkata szerint s\u00edr\u00e1sra vagy&hellip;\" \/>\n<meta property=\"og:url\" content=\"http:\/\/szolnokimuvesztelep.com\/en\/2018\/01\/30\/feledy-balazs-sebestyen-zoltan-folyamatosan-lehet-cimu-kiallitasanak-megnyitoja\/\" \/>\n<meta property=\"og:site_name\" content=\"SZOLNOKI M\u0170V\u00c9SZTELEP\" \/>\n<meta property=\"article:publisher\" content=\"https:\/\/www.facebook.com\/szolnokimuvesztelepofficial\/\" \/>\n<meta property=\"article:published_time\" content=\"2018-01-30T11:41:29+00:00\" \/>\n<meta property=\"article:modified_time\" content=\"2022-11-25T14:05:50+00:00\" \/>\n<meta property=\"og:image\" content=\"https:\/\/i0.wp.com\/szolnokimuvesztelep.com\/wp-content\/uploads\/2018\/01\/sebi-megh\u00edv\u00f3.jpg?fit=912%2C912\" \/>\n\t<meta property=\"og:image:width\" content=\"912\" \/>\n\t<meta property=\"og:image:height\" content=\"912\" \/>\n<script type=\"application\/ld+json\" class=\"yoast-schema-graph\">{\"@context\":\"https:\/\/schema.org\",\"@graph\":[{\"@type\":\"Organization\",\"@id\":\"http:\/\/szolnokimuvesztelep.com\/en\/#organization\",\"name\":\"Szolnoki M\\u0171v\\u00e9sztelep\",\"url\":\"http:\/\/szolnokimuvesztelep.com\/en\/\",\"sameAs\":[\"https:\/\/www.facebook.com\/szolnokimuvesztelepofficial\/\",\"https:\/\/www.instagram.com\/szolnoki_muvesztelep\/\",\"https:\/\/www.youtube.com\/channel\/UCAYRF4A8FrslG3J__XEjEoA\",\"https:\/\/hu.wikipedia.org\/wiki\/Szolnoki_m\\u0171v\\u00e9sztelep\"],\"logo\":{\"@type\":\"ImageObject\",\"@id\":\"http:\/\/szolnokimuvesztelep.com\/en\/#logo\",\"inLanguage\":\"en-US\",\"url\":\"https:\/\/i0.wp.com\/szolnokimuvesztelep.com\/wp-content\/uploads\/2020\/05\/szmt_2019_szlogen_psz-01.png?fit=2242%2C863\",\"width\":2242,\"height\":863,\"caption\":\"Szolnoki M\\u0171v\\u00e9sztelep\"},\"image\":{\"@id\":\"http:\/\/szolnokimuvesztelep.com\/en\/#logo\"}},{\"@type\":\"WebSite\",\"@id\":\"http:\/\/szolnokimuvesztelep.com\/en\/#website\",\"url\":\"http:\/\/szolnokimuvesztelep.com\/en\/\",\"name\":\"SZOLNOKI M\\u0170V\\u00c9SZTELEP\",\"description\":\"Meg\\u00fajul\\u00f3 hagyom\\u00e1ny\",\"publisher\":{\"@id\":\"http:\/\/szolnokimuvesztelep.com\/en\/#organization\"},\"potentialAction\":[{\"@type\":\"SearchAction\",\"target\":\"http:\/\/szolnokimuvesztelep.com\/en\/?s={search_term_string}\",\"query-input\":\"required name=search_term_string\"}],\"inLanguage\":\"en-US\"},{\"@type\":\"ImageObject\",\"@id\":\"http:\/\/szolnokimuvesztelep.com\/2018\/01\/30\/feledy-balazs-sebestyen-zoltan-folyamatosan-lehet-cimu-kiallitasanak-megnyitoja\/#primaryimage\",\"inLanguage\":\"en-US\",\"url\":\"https:\/\/i0.wp.com\/szolnokimuvesztelep.com\/wp-content\/uploads\/2018\/01\/sebi-megh\\u00edv\\u00f3.jpg?fit=912%2C912\",\"width\":912,\"height\":912},{\"@type\":\"WebPage\",\"@id\":\"http:\/\/szolnokimuvesztelep.com\/2018\/01\/30\/feledy-balazs-sebestyen-zoltan-folyamatosan-lehet-cimu-kiallitasanak-megnyitoja\/#webpage\",\"url\":\"http:\/\/szolnokimuvesztelep.com\/2018\/01\/30\/feledy-balazs-sebestyen-zoltan-folyamatosan-lehet-cimu-kiallitasanak-megnyitoja\/\",\"name\":\"Feledy Bal\\u00e1zs - Sebesty\\u00e9n Zolt\\u00e1n Folyamatosan lehet c\\u00edm\\u0171 ki\\u00e1ll\\u00edt\\u00e1sa el\\u00e9 - SZOLNOKI M\\u0170V\\u00c9SZTELEP\",\"isPartOf\":{\"@id\":\"http:\/\/szolnokimuvesztelep.com\/en\/#website\"},\"primaryImageOfPage\":{\"@id\":\"http:\/\/szolnokimuvesztelep.com\/2018\/01\/30\/feledy-balazs-sebestyen-zoltan-folyamatosan-lehet-cimu-kiallitasanak-megnyitoja\/#primaryimage\"},\"datePublished\":\"2018-01-30T11:41:29+00:00\",\"dateModified\":\"2022-11-25T14:05:50+00:00\",\"inLanguage\":\"en-US\",\"potentialAction\":[{\"@type\":\"ReadAction\",\"target\":[\"http:\/\/szolnokimuvesztelep.com\/2018\/01\/30\/feledy-balazs-sebestyen-zoltan-folyamatosan-lehet-cimu-kiallitasanak-megnyitoja\/\"]}]},{\"@type\":\"Article\",\"@id\":\"http:\/\/szolnokimuvesztelep.com\/2018\/01\/30\/feledy-balazs-sebestyen-zoltan-folyamatosan-lehet-cimu-kiallitasanak-megnyitoja\/#article\",\"isPartOf\":{\"@id\":\"http:\/\/szolnokimuvesztelep.com\/2018\/01\/30\/feledy-balazs-sebestyen-zoltan-folyamatosan-lehet-cimu-kiallitasanak-megnyitoja\/#webpage\"},\"author\":{\"@id\":\"http:\/\/szolnokimuvesztelep.com\/en\/#\/schema\/person\/6809c0486d15892946a64c7ea6eed077\"},\"headline\":\"Feledy Bal\\u00e1zs &#8211; Sebesty\\u00e9n Zolt\\u00e1n Folyamatosan lehet c\\u00edm\\u0171 ki\\u00e1ll\\u00edt\\u00e1sa el\\u00e9\",\"datePublished\":\"2018-01-30T11:41:29+00:00\",\"dateModified\":\"2022-11-25T14:05:50+00:00\",\"commentCount\":0,\"mainEntityOfPage\":{\"@id\":\"http:\/\/szolnokimuvesztelep.com\/2018\/01\/30\/feledy-balazs-sebestyen-zoltan-folyamatosan-lehet-cimu-kiallitasanak-megnyitoja\/#webpage\"},\"publisher\":{\"@id\":\"http:\/\/szolnokimuvesztelep.com\/en\/#organization\"},\"image\":{\"@id\":\"http:\/\/szolnokimuvesztelep.com\/2018\/01\/30\/feledy-balazs-sebestyen-zoltan-folyamatosan-lehet-cimu-kiallitasanak-megnyitoja\/#primaryimage\"},\"articleSection\":\"Arch\\u00edv,\\u00cdr\\u00e1sok\",\"inLanguage\":\"en-US\",\"potentialAction\":[{\"@type\":\"CommentAction\",\"name\":\"Comment\",\"target\":[\"http:\/\/szolnokimuvesztelep.com\/2018\/01\/30\/feledy-balazs-sebestyen-zoltan-folyamatosan-lehet-cimu-kiallitasanak-megnyitoja\/#respond\"]}]},{\"@type\":[\"Person\"],\"@id\":\"http:\/\/szolnokimuvesztelep.com\/en\/#\/schema\/person\/6809c0486d15892946a64c7ea6eed077\",\"name\":\"Verebes Edit\",\"image\":{\"@type\":\"ImageObject\",\"@id\":\"http:\/\/szolnokimuvesztelep.com\/en\/#personlogo\",\"inLanguage\":\"en-US\",\"url\":\"http:\/\/2.gravatar.com\/avatar\/5d546bcb1a27fb506fe8bb16e33cd5fd?s=96&d=mm&r=g\",\"caption\":\"Verebes Edit\"}}]}<\/script>\n<!-- \/ Yoast SEO Premium plugin. -->","jetpack_sharing_enabled":true,"jetpack_shortlink":"https:\/\/wp.me\/p9tpmR-Ph","jetpack_likes_enabled":true,"jetpack-related-posts":[],"_links":{"self":[{"href":"http:\/\/szolnokimuvesztelep.com\/en\/wp-json\/wp\/v2\/posts\/3179"}],"collection":[{"href":"http:\/\/szolnokimuvesztelep.com\/en\/wp-json\/wp\/v2\/posts"}],"about":[{"href":"http:\/\/szolnokimuvesztelep.com\/en\/wp-json\/wp\/v2\/types\/post"}],"author":[{"embeddable":true,"href":"http:\/\/szolnokimuvesztelep.com\/en\/wp-json\/wp\/v2\/users\/2"}],"replies":[{"embeddable":true,"href":"http:\/\/szolnokimuvesztelep.com\/en\/wp-json\/wp\/v2\/comments?post=3179"}],"version-history":[{"count":1,"href":"http:\/\/szolnokimuvesztelep.com\/en\/wp-json\/wp\/v2\/posts\/3179\/revisions"}],"predecessor-version":[{"id":7807,"href":"http:\/\/szolnokimuvesztelep.com\/en\/wp-json\/wp\/v2\/posts\/3179\/revisions\/7807"}],"wp:featuredmedia":[{"embeddable":true,"href":"http:\/\/szolnokimuvesztelep.com\/en\/wp-json\/wp\/v2\/media\/3136"}],"wp:attachment":[{"href":"http:\/\/szolnokimuvesztelep.com\/en\/wp-json\/wp\/v2\/media?parent=3179"}],"wp:term":[{"taxonomy":"category","embeddable":true,"href":"http:\/\/szolnokimuvesztelep.com\/en\/wp-json\/wp\/v2\/categories?post=3179"},{"taxonomy":"post_tag","embeddable":true,"href":"http:\/\/szolnokimuvesztelep.com\/en\/wp-json\/wp\/v2\/tags?post=3179"},{"taxonomy":"yst_prominent_words","embeddable":true,"href":"http:\/\/szolnokimuvesztelep.com\/en\/wp-json\/wp\/v2\/yst_prominent_words?post=3179"}],"curies":[{"name":"wp","href":"https:\/\/api.w.org\/{rel}","templated":true}]}}