{"id":1565,"date":"2017-12-05T11:09:54","date_gmt":"2017-12-05T11:09:54","guid":{"rendered":"http:\/\/szolnokimuvesztelep.com\/?p=1565"},"modified":"2022-11-25T14:16:16","modified_gmt":"2022-11-25T14:16:16","slug":"kerekasztal-beszelgetes-artjaro-2016","status":"publish","type":"post","link":"http:\/\/szolnokimuvesztelep.com\/en\/2017\/12\/05\/kerekasztal-beszelgetes-artjaro-2016\/","title":{"rendered":"Kerekasztal besz\u00e9lget\u00e9s &#8211; Artj\u00e1r\u00f3 2016"},"content":{"rendered":"<p>A sz\u00f3, a hang \u00e9s a k\u00e9p szabads\u00e1ga Besz\u00e9lget\u0151partnerek: Atlasz G\u00e1bor fest\u0151m\u0171v\u00e9sz, pantomimsz\u00edn\u00e9sz, Kiss J\u00f3zsef \u00edr\u00f3, dramaturg, a Szolnoki Szigligeti Sz\u00ednh\u00e1z m\u0171v\u00e9szeti vezet\u0151je, Verebes Ern\u0151 zeneszerz\u0151, \u00edr\u00f3, a Nemzeti Sz\u00ednh\u00e1z vezet\u0151 dramaturgja, Verebes Gy\u00f6rgy fest\u0151m\u0171v\u00e9sz, a Szolnoki M\u0171v\u00e9sztelep m\u0171v\u00e9szeti vezet\u0151je A besz\u00e9lget\u00e9sre a XV. ARTj\u00e1r\u00f3 \u00d6sszm\u0171v\u00e9szeti Fesztiv\u00e1lon 2016. j\u00falius 2-\u00e1n a Szolnoki M\u0171v\u00e9sztelepen ker\u00fclt sor. Elhangzott az \u00dajvid\u00e9ki R\u00e1di\u00f3 Metszetek c\u00edm\u0171 m\u0171sor\u00e1ban 2016. j\u00falius 8-\u00e1n.<\/p>\n<p><span class=\"embed-youtube\" style=\"text-align:center; display: block;\"><iframe class='youtube-player' width='790' height='445' src='https:\/\/www.youtube.com\/embed\/4JU5Wx4Q018?version=3&#038;rel=1&#038;fs=1&#038;autohide=2&#038;showsearch=0&#038;showinfo=1&#038;iv_load_policy=1&#038;wmode=transparent' allowfullscreen='true' style='border:0;'><\/iframe><\/span><\/p>\n<p>&nbsp;<\/p>","protected":false},"excerpt":{"rendered":"<p>A sz\u00f3, a hang \u00e9s a k\u00e9p szabads\u00e1ga Besz\u00e9lget\u0151partnerek: Atlasz G\u00e1bor fest\u0151m\u0171v\u00e9sz, pantomimsz\u00edn\u00e9sz, Kiss J\u00f3zsef \u00edr\u00f3, dramaturg, a Szolnoki Szigligeti Sz\u00ednh\u00e1z m\u0171v\u00e9szeti vezet\u0151je, Verebes Ern\u0151 zeneszerz\u0151, \u00edr\u00f3, a Nemzeti Sz\u00ednh\u00e1z vezet\u0151 dramaturgja, Verebes Gy\u00f6rgy fest\u0151m\u0171v\u00e9sz, a Szolnoki M\u0171v\u00e9sztelep m\u0171v\u00e9szeti vezet\u0151je A besz\u00e9lget\u00e9sre a XV. ARTj\u00e1r\u00f3 \u00d6sszm\u0171v\u00e9szeti Fesztiv\u00e1lon 2016. j\u00falius 2-\u00e1n&hellip; <\/p>","protected":false},"author":2,"featured_media":0,"comment_status":"open","ping_status":"open","sticky":false,"template":"","format":"standard","meta":{"spay_email":"","jetpack_publicize_message":""},"categories":[55,21],"tags":[],"yst_prominent_words":[],"jetpack_featured_media_url":"","jetpack_publicize_connections":[],"yoast_head":"<!-- This site is optimized with the Yoast SEO Premium plugin v14.1 - https:\/\/yoast.com\/wordpress\/plugins\/seo\/ -->\n<title>Kerekasztal besz\u00e9lget\u00e9s - Artj\u00e1r\u00f3 2016 - SZOLNOKI M\u0170V\u00c9SZTELEP<\/title>\n<meta name=\"robots\" content=\"index, follow\" \/>\n<meta name=\"googlebot\" content=\"index, follow, max-snippet:-1, max-image-preview:large, max-video-preview:-1\" \/>\n<meta name=\"bingbot\" content=\"index, follow, max-snippet:-1, max-image-preview:large, max-video-preview:-1\" \/>\n<link rel=\"canonical\" href=\"http:\/\/szolnokimuvesztelep.com\/en\/2017\/12\/05\/kerekasztal-beszelgetes-artjaro-2016\/\" \/>\n<meta property=\"og:locale\" content=\"en_US\" \/>\n<meta property=\"og:type\" content=\"article\" \/>\n<meta property=\"og:title\" content=\"Kerekasztal besz\u00e9lget\u00e9s - Artj\u00e1r\u00f3 2016 - SZOLNOKI M\u0170V\u00c9SZTELEP\" \/>\n<meta property=\"og:description\" content=\"A sz\u00f3, a hang \u00e9s a k\u00e9p szabads\u00e1ga Besz\u00e9lget\u0151partnerek: Atlasz G\u00e1bor fest\u0151m\u0171v\u00e9sz, pantomimsz\u00edn\u00e9sz, Kiss J\u00f3zsef \u00edr\u00f3, dramaturg, a Szolnoki Szigligeti Sz\u00ednh\u00e1z m\u0171v\u00e9szeti vezet\u0151je, Verebes Ern\u0151 zeneszerz\u0151, \u00edr\u00f3, a Nemzeti Sz\u00ednh\u00e1z vezet\u0151 dramaturgja, Verebes Gy\u00f6rgy fest\u0151m\u0171v\u00e9sz, a Szolnoki M\u0171v\u00e9sztelep m\u0171v\u00e9szeti vezet\u0151je A besz\u00e9lget\u00e9sre a XV. ARTj\u00e1r\u00f3 \u00d6sszm\u0171v\u00e9szeti Fesztiv\u00e1lon 2016. j\u00falius 2-\u00e1n&hellip;\" \/>\n<meta property=\"og:url\" content=\"http:\/\/szolnokimuvesztelep.com\/en\/2017\/12\/05\/kerekasztal-beszelgetes-artjaro-2016\/\" \/>\n<meta property=\"og:site_name\" content=\"SZOLNOKI M\u0170V\u00c9SZTELEP\" \/>\n<meta property=\"article:publisher\" content=\"https:\/\/www.facebook.com\/szolnokimuvesztelepofficial\/\" \/>\n<meta property=\"article:published_time\" content=\"2017-12-05T11:09:54+00:00\" \/>\n<meta property=\"article:modified_time\" content=\"2022-11-25T14:16:16+00:00\" \/>\n<script type=\"application\/ld+json\" class=\"yoast-schema-graph\">{\"@context\":\"https:\/\/schema.org\",\"@graph\":[{\"@type\":\"Organization\",\"@id\":\"http:\/\/szolnokimuvesztelep.com\/en\/#organization\",\"name\":\"Szolnoki M\\u0171v\\u00e9sztelep\",\"url\":\"http:\/\/szolnokimuvesztelep.com\/en\/\",\"sameAs\":[\"https:\/\/www.facebook.com\/szolnokimuvesztelepofficial\/\",\"https:\/\/www.instagram.com\/szolnoki_muvesztelep\/\",\"https:\/\/www.youtube.com\/channel\/UCAYRF4A8FrslG3J__XEjEoA\",\"https:\/\/hu.wikipedia.org\/wiki\/Szolnoki_m\\u0171v\\u00e9sztelep\"],\"logo\":{\"@type\":\"ImageObject\",\"@id\":\"http:\/\/szolnokimuvesztelep.com\/en\/#logo\",\"inLanguage\":\"en-US\",\"url\":\"https:\/\/i0.wp.com\/szolnokimuvesztelep.com\/wp-content\/uploads\/2020\/05\/szmt_2019_szlogen_psz-01.png?fit=2242%2C863\",\"width\":2242,\"height\":863,\"caption\":\"Szolnoki M\\u0171v\\u00e9sztelep\"},\"image\":{\"@id\":\"http:\/\/szolnokimuvesztelep.com\/en\/#logo\"}},{\"@type\":\"WebSite\",\"@id\":\"http:\/\/szolnokimuvesztelep.com\/en\/#website\",\"url\":\"http:\/\/szolnokimuvesztelep.com\/en\/\",\"name\":\"SZOLNOKI M\\u0170V\\u00c9SZTELEP\",\"description\":\"Meg\\u00fajul\\u00f3 hagyom\\u00e1ny\",\"publisher\":{\"@id\":\"http:\/\/szolnokimuvesztelep.com\/en\/#organization\"},\"potentialAction\":[{\"@type\":\"SearchAction\",\"target\":\"http:\/\/szolnokimuvesztelep.com\/en\/?s={search_term_string}\",\"query-input\":\"required name=search_term_string\"}],\"inLanguage\":\"en-US\"},{\"@type\":\"WebPage\",\"@id\":\"http:\/\/szolnokimuvesztelep.com\/2017\/12\/05\/kerekasztal-beszelgetes-artjaro-2016\/#webpage\",\"url\":\"http:\/\/szolnokimuvesztelep.com\/2017\/12\/05\/kerekasztal-beszelgetes-artjaro-2016\/\",\"name\":\"Kerekasztal besz\\u00e9lget\\u00e9s - Artj\\u00e1r\\u00f3 2016 - SZOLNOKI M\\u0170V\\u00c9SZTELEP\",\"isPartOf\":{\"@id\":\"http:\/\/szolnokimuvesztelep.com\/en\/#website\"},\"datePublished\":\"2017-12-05T11:09:54+00:00\",\"dateModified\":\"2022-11-25T14:16:16+00:00\",\"inLanguage\":\"en-US\",\"potentialAction\":[{\"@type\":\"ReadAction\",\"target\":[\"http:\/\/szolnokimuvesztelep.com\/2017\/12\/05\/kerekasztal-beszelgetes-artjaro-2016\/\"]}]},{\"@type\":\"Article\",\"@id\":\"http:\/\/szolnokimuvesztelep.com\/2017\/12\/05\/kerekasztal-beszelgetes-artjaro-2016\/#article\",\"isPartOf\":{\"@id\":\"http:\/\/szolnokimuvesztelep.com\/2017\/12\/05\/kerekasztal-beszelgetes-artjaro-2016\/#webpage\"},\"author\":{\"@id\":\"http:\/\/szolnokimuvesztelep.com\/en\/#\/schema\/person\/6809c0486d15892946a64c7ea6eed077\"},\"headline\":\"Kerekasztal besz\\u00e9lget\\u00e9s &#8211; Artj\\u00e1r\\u00f3 2016\",\"datePublished\":\"2017-12-05T11:09:54+00:00\",\"dateModified\":\"2022-11-25T14:16:16+00:00\",\"commentCount\":0,\"mainEntityOfPage\":{\"@id\":\"http:\/\/szolnokimuvesztelep.com\/2017\/12\/05\/kerekasztal-beszelgetes-artjaro-2016\/#webpage\"},\"publisher\":{\"@id\":\"http:\/\/szolnokimuvesztelep.com\/en\/#organization\"},\"articleSection\":\"Arch\\u00edv,Vide\\u00f3k\",\"inLanguage\":\"en-US\",\"potentialAction\":[{\"@type\":\"CommentAction\",\"name\":\"Comment\",\"target\":[\"http:\/\/szolnokimuvesztelep.com\/2017\/12\/05\/kerekasztal-beszelgetes-artjaro-2016\/#respond\"]}]},{\"@type\":[\"Person\"],\"@id\":\"http:\/\/szolnokimuvesztelep.com\/en\/#\/schema\/person\/6809c0486d15892946a64c7ea6eed077\",\"name\":\"Verebes Edit\",\"image\":{\"@type\":\"ImageObject\",\"@id\":\"http:\/\/szolnokimuvesztelep.com\/en\/#personlogo\",\"inLanguage\":\"en-US\",\"url\":\"http:\/\/2.gravatar.com\/avatar\/5d546bcb1a27fb506fe8bb16e33cd5fd?s=96&d=mm&r=g\",\"caption\":\"Verebes Edit\"}}]}<\/script>\n<!-- \/ Yoast SEO Premium plugin. -->","jetpack_sharing_enabled":true,"jetpack_shortlink":"https:\/\/wp.me\/p9tpmR-pf","jetpack_likes_enabled":true,"jetpack-related-posts":[],"_links":{"self":[{"href":"http:\/\/szolnokimuvesztelep.com\/en\/wp-json\/wp\/v2\/posts\/1565"}],"collection":[{"href":"http:\/\/szolnokimuvesztelep.com\/en\/wp-json\/wp\/v2\/posts"}],"about":[{"href":"http:\/\/szolnokimuvesztelep.com\/en\/wp-json\/wp\/v2\/types\/post"}],"author":[{"embeddable":true,"href":"http:\/\/szolnokimuvesztelep.com\/en\/wp-json\/wp\/v2\/users\/2"}],"replies":[{"embeddable":true,"href":"http:\/\/szolnokimuvesztelep.com\/en\/wp-json\/wp\/v2\/comments?post=1565"}],"version-history":[{"count":1,"href":"http:\/\/szolnokimuvesztelep.com\/en\/wp-json\/wp\/v2\/posts\/1565\/revisions"}],"predecessor-version":[{"id":7853,"href":"http:\/\/szolnokimuvesztelep.com\/en\/wp-json\/wp\/v2\/posts\/1565\/revisions\/7853"}],"wp:attachment":[{"href":"http:\/\/szolnokimuvesztelep.com\/en\/wp-json\/wp\/v2\/media?parent=1565"}],"wp:term":[{"taxonomy":"category","embeddable":true,"href":"http:\/\/szolnokimuvesztelep.com\/en\/wp-json\/wp\/v2\/categories?post=1565"},{"taxonomy":"post_tag","embeddable":true,"href":"http:\/\/szolnokimuvesztelep.com\/en\/wp-json\/wp\/v2\/tags?post=1565"},{"taxonomy":"yst_prominent_words","embeddable":true,"href":"http:\/\/szolnokimuvesztelep.com\/en\/wp-json\/wp\/v2\/yst_prominent_words?post=1565"}],"curies":[{"name":"wp","href":"https:\/\/api.w.org\/{rel}","templated":true}]}}