{"id":1342,"date":"2015-11-13T13:45:48","date_gmt":"2015-11-13T13:45:48","guid":{"rendered":"http:\/\/szolnokimuvesztelep.com\/?p=1342"},"modified":"2022-11-25T14:51:43","modified_gmt":"2022-11-25T14:51:43","slug":"wehner-tibor-barath-fabian-szobraszmuvesz-kiallitasa-szolnok-damjanich-janos-muzeum-2015-november-13","status":"publish","type":"post","link":"http:\/\/szolnokimuvesztelep.com\/en\/2015\/11\/13\/wehner-tibor-barath-fabian-szobraszmuvesz-kiallitasa-szolnok-damjanich-janos-muzeum-2015-november-13\/","title":{"rendered":"WEHNER TIBOR &#8211; BAR\u00c1TH F\u00c1BI\u00c1N SZOBR\u00c1SZM\u0170V\u00c9SZ KI\u00c1LL\u00cdT\u00c1SA Szolnok, Damjanich J\u00e1nos M\u00fazeum, 2015. november 13."},"content":{"rendered":"<p>&nbsp;<\/p>\n<p><img loading=\"lazy\" class=\"size-medium wp-image-1345 alignleft\" src=\"https:\/\/i1.wp.com\/szolnokimuvesztelep.com\/wp-content\/uploads\/2017\/12\/img27791_0_o-300x225.jpg?resize=300%2C225\" alt=\"\" width=\"300\" height=\"225\" data-recalc-dims=\"1\" \/>Nem is tudom, mit keresek itt: \u00e9n egy \u00f6reg, a konvenci\u00f3k rabjak\u00e9nt tev\u00e9kenyked\u0151 m\u0171v\u00e9szett\u00f6rt\u00e9n\u00e9sz vagyok, Bar\u00e1th F\u00e1bi\u00e1n meg egy fiatal, modern szellemis\u00e9g\u0171 \u00e9s friss szeml\u00e9let\u0171 szobr\u00e1szm\u0171v\u00e9sz: nyilv\u00e1nval\u00f3an m\u00e1sok a m\u0171v\u00e9szetr\u0151l, a szobr\u00e1szatr\u00f3l vallott n\u00e9zeteink \u00e9s ide\u00e1ink.<br \/>\nNa persze, az\u00e9rt vannak k\u00f6lcs\u00f6n\u00f6sen ments\u00e9geink is: a konvenci\u00f3k \u2013 a tradicion\u00e1lis \u00e9rt\u00e9kek \u2013 nem minden esetben negat\u00edv el\u0151jel\u0171 t\u00e9nyez\u0151k, m\u00edg a modern jelz\u0151t is elkoptatta, unalmass\u00e1 \u00e9s avultt\u00e1 avatta m\u00e1r n\u00e9h\u00e1nyszor a m\u0171v\u00e9szet \u00e9s a m\u0171v\u00e9szett\u00f6rt\u00e9net.Annyi bizonyos, hogy amikor \u00e9n megszereztem a szobr\u00e1szati, elm\u00e9leti alapismereteimet, a m\u00falt sz\u00e1zad hatvanas-hetvenes \u00e9vtizedfordul\u00f3j\u00e1n, akkor m\u00e9g szinte csak egyf\u00e9le, a realista szobr\u00e1szat volt jelen Magyarorsz\u00e1gon, \u00e9s a progressz\u00edv, a formabont\u00f3 kezdem\u00e9nyez\u00e9sek m\u00e9g csak a rejtett szf\u00e9r\u00e1kban \u00e9rlel\u0151dtek \u00e9s a m\u00e1sodik nyilv\u00e1noss\u00e1g avatatlanok el\u0151tt elz\u00e1rt f\u00f3rumain jelenhettek meg \u2013 \u00e9s ott is csillag\u00e1szati t\u00e1vols\u00e1gban a nyugat-eur\u00f3pai kezdem\u00e9nyez\u00e9sekt\u0151l. Mindemellett Bar\u00e1th F\u00e1bi\u00e1n m\u0171v\u00e9szeti tanulm\u00e1nyainak, st\u00fadiumainak idej\u00e9n, az ezredfordul\u00f3t k\u00f6vet\u0151 \u00e9vekben \u2013 olyan kiv\u00e1l\u00f3 mesterek mellett, mint Lakatos P\u00e1l, Farkas \u00c1d\u00e1m \u00e9s \u00e1tt\u00e9telei r\u00e9v\u00e9n, de kor\u00e1ntsem elhanyagolhat\u00f3 m\u00f3don Constantin Br\u00e2ncu\u015fi \u2013 m\u00e1r v\u00e9g\u00e9rv\u00e9nyesen kiny\u00edlt a vil\u00e1g, m\u00e1r \u00e9rv\u00e9nytelenn\u00e9 v\u00e1lt a hagyom\u00e1nyos szobr\u00e1szat-fogalom: a m\u0171v\u00e9szi t\u00e1rgyk\u00e9sz\u00edt\u00e9s \u00e9s a plasztikak\u00e9nt min\u0151s\u00edthet\u0151 koncepci\u00f3-alak\u00edt\u00e1s tartom\u00e1nya hat\u00e1rtalann\u00e1 t\u00e1gult. \u00daj anyagok, \u00faj eszk\u00f6z\u00f6k, \u00faj m\u00e9diumok, \u00faj effektusok, \u00faj l\u00e9tez\u00e9sm\u00f3dok h\u00f3d\u00edtottak \u00faj min\u0151s\u00e9g\u0171 \u2013 a fogalom r\u00e9gi \u00e9s kiterjesztett \u00e9rtelm\u00e9ben is \u2013 teret maguknak. Mit tehet ebben a kor\u00e1ntsem k\u00f6nny\u0171, megannyi t\u00e9vutat \u00e9s felfedez\u00e9si lehet\u0151s\u00e9get felk\u00edn\u00e1l\u00f3 szitu\u00e1ci\u00f3ban a m\u0171v\u00e9szett\u00f6rt\u00e9n\u00e9sz \u00e9s mit tehet a szobr\u00e1sz? Mindketten \u2013 \u00e9s ez lehet valamif\u00e9le k\u00f6z\u00f6s nevez\u0151 \u2013 a m\u00falt \u00e9s a jelen \u00e9rt\u00e9keinek egy\u00fctt\u00e1ll\u00e1s\u00e1t keresik l\u00e1zasan, a r\u00e9gi \u00e9s az \u00faj min\u0151s\u00e9gek szint\u00e9zis\u00e9t pr\u00f3b\u00e1lj\u00e1k meglelni, azonos s\u00fallyal m\u00e9rlegre helyezv\u00e9n a hagyom\u00e1nyt \u00e9s a progresszi\u00f3t, tiszteletben tartva a r\u00e9gi v\u00edvm\u00e1nyokat \u00e9s \u00faj lelem\u00e9nyeket egyar\u00e1nt.<\/p>\n<p>Ezeket a vizsg\u00e1lati-elemz\u00e9si szempontokat, az \u00e9rtelmez\u00e9si k\u00eds\u00e9rleteinket meghat\u00e1roz\u00f3 t\u00e9nyez\u0151ket kell \u00e9rv\u00e9nyes\u00edten\u00fcnk Bar\u00e1th F\u00e1bi\u00e1n szobr\u00e1szm\u0171v\u00e9sz eme, imm\u00e1r tulajdonk\u00e9ppen gy\u0171jtem\u00e9nyesnek is nevezhet\u0151 ki\u00e1ll\u00edt\u00e1s\u00e1n: v\u00e9gs\u0151 soron t\u00edz esztend\u0151 alkot\u00e1saib\u00f3l v\u00e1logatva \u00e1ll\u00edtotta \u00f6ssze, a r\u00e9gebbi munk\u00e1k mellett els\u0151sorban a leg\u00fajabb m\u0171veket felsorakoztatva kollekci\u00f3j\u00e1t. Munk\u00e1i kapcs\u00e1n vannak biztosnak \u00edt\u00e9lhet\u0151 meg\u00e1llap\u00edt\u00e1saink, \u00e9s vannak bizonytalans\u00e1gba vesz\u0151 felt\u00e9telez\u00e9seink. A t\u00e9ved\u00e9sek kock\u00e1zata n\u00e9lk\u00fcl lesz\u00f6gezhetj\u00fck, hogy bronzba \u00f6nt\u00f6tt \u00e9s k\u0151be faragott kompoz\u00edci\u00f3k \u00e1llnak el\u0151tt\u00fcnk, \u00edgy mind anyaghaszn\u00e1lat\u00e1ban, mind technika-alkalmaz\u00e1s\u00e1ban is kapcsol\u00f3dnak ezek az alkot\u00e1sok a klasszikus, a t\u00f6bb \u00e9vezredes szobr\u00e1szati hagyom\u00e1nyhoz: a mesters\u00e9g alapjait le\u00edr\u00f3 szakk\u00f6nyvek a hasonl\u00f3 anyagba foglalt, hasonl\u00f3k\u00e9pp megmunk\u00e1lt alkot\u00e1sok kapcs\u00e1n a hozz\u00e1ad\u00e1ssal-mint\u00e1z\u00e1ssal, \u00e9s az elv\u00e9tellel-farag\u00e1ssal val\u00f3 alak\u00edt\u00e1sr\u00f3l \u00e9rtekeznek. A viaszveszejt\u00e9ses bronz\u00f6nt\u00e9ssel \u00e9s a k\u0151be farag\u00e1ssal megmunk\u00e1lt kompoz\u00edci\u00f3k egy\u00f6ntet\u0171en jellemz\u0151 von\u00e1sa az egyedis\u00e9g, az \u00e1lland\u00f3s\u00e1got \u00e9s v\u00e1ltoztathatatlans\u00e1got sugall\u00f3 jelleg, \u00e9s az, hogy a j\u00f3l bev\u00e1lt, b\u00e1r kor\u00e1ntsem pontosan determin\u00e1lt fogalmaink szerint a kisplasztika-kateg\u00f3ri\u00e1ba illeszked\u0151, megszokott szeml\u00e9l\u00e9si-befogad\u00f3i poz\u00edci\u00f3ba, szitu\u00e1ci\u00f3ba helyezett m\u0171vekk\u00e9nt \u2013 posztamensre helyezett t\u00e9rplasztik\u00e1kk\u00e9nt \u00e9s falra f\u00fcggesztett domborm\u0171vekk\u00e9nt \u2013 jelennek meg. \u00c1m plasztikai jelleg\u00fckben, formai vil\u00e1gukban, atmoszferikus hat\u00e1sukban, t\u00e9rbe illeszt\u00e9s\u00fckben \u00e9s t\u00e9rszervez\u0151 effektusaikban a k\u00e9t mat\u00e9ria \u00e1ltal hordozott kompoz\u00edci\u00f3k k\u00e9t, egym\u00e1st\u00f3l \u00e9lesen elv\u00e1l\u00f3, \u00e9s a klasszikus eszk\u00f6z\u00f6ket hangs\u00falyos \u00faj\u00edt\u00f3 aspir\u00e1ci\u00f3kkal \u00f6tv\u00f6z\u0151, \u00f6n\u00e1ll\u00f3 plasztikai egys\u00e9get testes\u00edtenek meg. Bar\u00e1th F\u00e1bi\u00e1n szuver\u00e9n, auton\u00f3m plasztikai vil\u00e1got konstru\u00e1l az \u00fan. val\u00f3s\u00e1gra utal\u00f3 t\u00e1voli reflexi\u00f3kat hordoz\u00f3, eml\u00e9kszer\u0171 val\u00f3s\u00e1g-foszl\u00e1nyokat sejt\u00e9sszer\u0171en integr\u00e1l\u00f3, alapvet\u0151en azonban elvont elemekb\u0151l \u00e9p\u00edtkez\u0151 \u2013 sz\u00e1mos fiatal p\u00e1lyat\u00e1rsa t\u00f6rekv\u00e9seivel \u00e9s m\u0171veivel rokons\u00e1got tart\u00f3-felfedeztet\u0151 \u2013, elvonatkoztatott szobr\u00e1szati nyelvet besz\u00e9l\u0151, jelent\u00e9sk\u00f6reiket csak a felt\u00e9telez\u00e9sek szintj\u00e9n meghat\u00e1rozhat\u00f3 kompoz\u00edci\u00f3i r\u00e9v\u00e9n.<\/p>\n<p>A k\u0151szobrokkal kapcsolatban \u2013 amelyek inspir\u00e1ci\u00f3it a brav\u00faros k\u0151-megmunk\u00e1l\u00f3 fiatal szobr\u00e1sszal, a Polg\u00e1r Botonddal val\u00f3 egy\u00fcttm\u0171k\u00f6d\u00e9sb\u0151l mer\u00edtette Bar\u00e1th F\u00e1bi\u00e1n \u2013 tal\u00e1n kisebbek a t\u00e9ved\u00e9si lehet\u0151s\u00e9geink: a s\u00falyos, t\u00f6m\u00f6r, z\u00e1rt, geometrikus jelleg\u0171 t\u00f6mb\u00f6k t\u00f6r\u00f6tt egys\u00e9geikkel \u00e9s fel\u00fcleteikkel a teljes \u00e9s a csonka, az \u00e9p \u00e9s a roncsolt, a szab\u00e1lyos \u00e9s a szab\u00e1lytalan, a sima \u00e9s az \u00e9rdes, a finom \u00e9s a durva ellent\u00e9teinek gy\u00fajt\u00f3pontjai. E t\u00e1rlatot azonban \u2013 a Lakatos P\u00e1lt\u00f3l kapott mesteri ind\u00edttat\u00e1sokat napjainkban is kamatoztatva \u2013 az elvont bronz-szobrok \u00e9s bronz-domborm\u0171vek uralj\u00e1k, amelyek hol hangs\u00falyos vertik\u00e1lis, hol meg horizont\u00e1lis tengelyre kompon\u00e1ltak, m\u00edg egyes munk\u00e1k eset\u00e9ben, a t\u00e1j-kompoz\u00edci\u00f3k posztamenssel eggy\u00e9 olvad\u00f3, a k\u00e9pzeletbeli horizont al\u00e1 s\u00fcllyesztett, s\u00edk vagy hull\u00e1mz\u00f3 fel\u00fclettel kompon\u00e1lt plasztik\u00e1in\u00e1l a tengelyek \u00e9s a dimenzi\u00f3k, a kiterjed\u00e9sek \u00e9s a t\u00f6megek a l\u00e1tszatszer\u0171s\u00e9gek tal\u00e1nyaiban eny\u00e9sznek el. Az elvont plasztika karakteres, domin\u00e1ns jellemvon\u00e1sait meghat\u00e1roz\u00f3 le\u00edr\u00f3-sablonjai itt nem alkalmazhat\u00f3k: Bar\u00e1th F\u00e1bi\u00e1n szobrai nem geometrikusak \u00e9s nem organikusak, illetve a mesters\u00e9ges-szab\u00e1lyos \u00e9s a term\u00e9szetes-burj\u00e1nz\u00f3 jelleget egyszerre, egyens\u00falyban tartva, egym\u00e1sba olvasztva hordozz\u00e1k. S\u00edkok \u00e9s meghajl\u00edtott pal\u00e1stok, \u00e1tt\u00f6rt \u00e9s megnyitott testek, szerkezetekkel beh\u00e1l\u00f3zott \u00e9s \u00fcres bels\u0151 k\u00f6zegek v\u00e1ltakoznak egym\u00e1ssal \u00e9s kapcsol\u00f3dnak egym\u00e1shoz. A t\u00e9r \u00e1ltal\u00e1ban \u00e1t\u00e1ramlik a szobortesten: ahol z\u00e1rt a t\u00f6meg, ott anyag van, ahol megnyitott, ott \u00e9rz\u00e9kelhet\u0151en \u00fcreges, t\u00fcntet\u0151n \u00fcres a test. A fel\u00fcletek a v\u00e9letlenszer\u0171 \u00e9s sz\u00e1nd\u00e9kos beavatkoz\u00e1sok nyomszer\u0171 alakzataival \u00e9s jelens\u00e9geivel gazdag\u00edtottak. Ezek a hallatlan finom, \u00e9rz\u00e9keny fel\u00fclet-rajzolatok, a s\u00edkot \u00e9ppen hogy csak megborzol\u00f3, kiemelked\u0151 \u00e9s bev\u00e9s\u0151d\u0151, de dombor\u00fanak \u00e9s homor\u00fanak alig-alig nevezhet\u0151 s\u00edk-t\u00e9r ambivalenci\u00e1k, vagy ink\u00e1bb plasztikai bronz-fakt\u00far\u00e1k \u00e9s bronz-text\u00far\u00e1k a konvencion\u00e1lis domborm\u0171vek m\u0171form\u00e1j\u00e1t\u00f3l nagy-nagy t\u00e1vols\u00e1got tartva bontakoztatj\u00e1k ki var\u00e1zslatos, transzcendens szf\u00e9r\u00e1kba, misztikus hom\u00e1lyokba \u00e9s tompa, fel\u00e9led\u0151-elhal\u00f3 csillog\u00e1sokba vez\u00e9rl\u0151 hat\u00e1svil\u00e1gukat.<\/p>\n<p>A m\u0171vek \u00e9rtelmez\u00e9s\u00e9hez bizonyos t\u00e1mpontokat, seg\u00edts\u00e9get adhat a m\u0171v\u00e9sz \u00e1ltal alkalmazott, a m\u0171csoportokat jel\u00f6l\u0151 kategoriz\u00e1l\u00e1s. A munk\u00e1ss\u00e1ga els\u0151 t\u00edz \u00e9v\u00e9nek term\u00e9s\u00e9t \u00f6sszefoglal\u00f3 ki\u00e1ll\u00edt\u00e1s\u00e1n n\u00e9gy tematikai egys\u00e9gbe, vagy tartalmi k\u00f6rbe illeszkednek alkot\u00e1sai: a t\u00e1jak, a radarok, a pajzsok \u00e9s a haj\u00f3k \u00e1ltal megjel\u00f6lt fogalmak m\u00e1r \u00f6nmagukban is hallatlan gazdag, metaforikus-szimbolikus jelent\u00e9startalmakat s\u0171r\u00edtenek, amelyekhez az emberi t\u00f6rt\u00e9nelem \u00e9s m\u0171v\u00e9szet megannyi m\u00faltb\u00e9li \u00e9s jelenkori jelens\u00e9g\u00e9t \u00e9s m\u0171alkot\u00e1s\u00e1t t\u00e1rs\u00edthatjuk. A jelk\u00e9pek, a szimb\u00f3lumok azonban Bar\u00e1th F\u00e1bi\u00e1n plasztikai t\u00f6rekv\u00e9seiben, munk\u00e1iban sohasem jelennek meg konkr\u00e9tan, hanem tal\u00e1n csak utal\u00e1s- vagy jelz\u00e9sszer\u0171en, vagy ink\u00e1bb a meg\u00e9rz\u00e9sek, a vizu\u00e1lis eml\u00e9kk\u00e9pek felid\u00e9z\u00e9se, felmer\u00fcl\u00e9se \u00e1ltal. Ez\u00e1ltal alkot\u00e1sainak befogad\u00f3it \u00e9s \u00e1t\u00e9rz\u0151it nem z\u00e1rja be egy-egy adott tartalmi k\u00f6rbe, hanem szabad asszociat\u00edv mez\u0151ket, gondolati tereket \u00e9s em\u00f3ci\u00f3-k\u00f6zegeket t\u00e1r fel, nyit meg. Ha e m\u0171veket szeml\u00e9lve a l\u00e1togat\u00f3, a befogad\u00f3 azt mondan\u00e1, hogy nem tudom, hogy mik ezek a szobrok, azon t\u00fal, hogy szobrok, akkor m\u00e1ris megragadta a l\u00e9nyeget. Bar\u00e1th F\u00e1bi\u00e1n m\u0171vei titokzatos, a formagazdags\u00e1g ismeretlens\u00e9geit \u00e9s k\u00fcl\u00f6n\u00f6ss\u00e9geit el\u00e9nk t\u00e1r\u00f3 munk\u00e1i m\u00e9ly \u00e9rzelmi ind\u00edttat\u00e1sokat tolm\u00e1csol\u00f3, a szeml\u00e9l\u0151t m\u00e1gneses er\u0151vel a vonz\u00e1sk\u00f6r\u00fckbe von\u00f3, rejtelmes sz\u00e9ps\u00e9g\u0171, a klasszikus modernit\u00e1s f\u00e9nyt\u00f6r\u00e9s\u00e9ben t\u00fcnd\u00f6kl\u0151, eleven, lelem\u00e9nyes szobrok.<\/p>\n<p>\/Az \u00edr\u00e1s a szolnoki Damjanich J\u00e1nos\u00a0 M\u00fazeum arch\u00edvum\u00e1nak r\u00e9sze\/<\/p>\n<p>&nbsp;<\/p>","protected":false},"excerpt":{"rendered":"<p>&nbsp; Nem is tudom, mit keresek itt: \u00e9n egy \u00f6reg, a konvenci\u00f3k rabjak\u00e9nt tev\u00e9kenyked\u0151 m\u0171v\u00e9szett\u00f6rt\u00e9n\u00e9sz vagyok, Bar\u00e1th F\u00e1bi\u00e1n meg egy fiatal, modern szellemis\u00e9g\u0171 \u00e9s friss szeml\u00e9let\u0171 szobr\u00e1szm\u0171v\u00e9sz: nyilv\u00e1nval\u00f3an m\u00e1sok a m\u0171v\u00e9szetr\u0151l, a szobr\u00e1szatr\u00f3l vallott n\u00e9zeteink \u00e9s ide\u00e1ink. Na persze, az\u00e9rt vannak k\u00f6lcs\u00f6n\u00f6sen ments\u00e9geink is: a konvenci\u00f3k \u2013 a tradicion\u00e1lis \u00e9rt\u00e9kek&hellip; <\/p>","protected":false},"author":1,"featured_media":4394,"comment_status":"open","ping_status":"open","sticky":false,"template":"","format":"standard","meta":{"spay_email":"","jetpack_publicize_message":""},"categories":[55,22],"tags":[],"yst_prominent_words":[],"jetpack_featured_media_url":"https:\/\/i1.wp.com\/szolnokimuvesztelep.com\/wp-content\/uploads\/2017\/12\/img27791_0_1.jpg?fit=1000%2C750","jetpack_publicize_connections":[],"yoast_head":"<!-- This site is optimized with the Yoast SEO Premium plugin v14.1 - https:\/\/yoast.com\/wordpress\/plugins\/seo\/ -->\n<title>WEHNER TIBOR - BAR\u00c1TH F\u00c1BI\u00c1N SZOBR\u00c1SZM\u0170V\u00c9SZ KI\u00c1LL\u00cdT\u00c1SA Szolnok, Damjanich J\u00e1nos M\u00fazeum, 2015. november 13. - SZOLNOKI M\u0170V\u00c9SZTELEP<\/title>\n<meta name=\"robots\" content=\"index, follow\" \/>\n<meta name=\"googlebot\" content=\"index, follow, max-snippet:-1, max-image-preview:large, max-video-preview:-1\" \/>\n<meta name=\"bingbot\" content=\"index, follow, max-snippet:-1, max-image-preview:large, max-video-preview:-1\" \/>\n<link rel=\"canonical\" href=\"http:\/\/szolnokimuvesztelep.com\/en\/2015\/11\/13\/wehner-tibor-barath-fabian-szobraszmuvesz-kiallitasa-szolnok-damjanich-janos-muzeum-2015-november-13\/\" \/>\n<meta property=\"og:locale\" content=\"en_US\" \/>\n<meta property=\"og:type\" content=\"article\" \/>\n<meta property=\"og:title\" content=\"WEHNER TIBOR - BAR\u00c1TH F\u00c1BI\u00c1N SZOBR\u00c1SZM\u0170V\u00c9SZ KI\u00c1LL\u00cdT\u00c1SA Szolnok, Damjanich J\u00e1nos M\u00fazeum, 2015. november 13. - SZOLNOKI M\u0170V\u00c9SZTELEP\" \/>\n<meta property=\"og:description\" content=\"&nbsp; Nem is tudom, mit keresek itt: \u00e9n egy \u00f6reg, a konvenci\u00f3k rabjak\u00e9nt tev\u00e9kenyked\u0151 m\u0171v\u00e9szett\u00f6rt\u00e9n\u00e9sz vagyok, Bar\u00e1th F\u00e1bi\u00e1n meg egy fiatal, modern szellemis\u00e9g\u0171 \u00e9s friss szeml\u00e9let\u0171 szobr\u00e1szm\u0171v\u00e9sz: nyilv\u00e1nval\u00f3an m\u00e1sok a m\u0171v\u00e9szetr\u0151l, a szobr\u00e1szatr\u00f3l vallott n\u00e9zeteink \u00e9s ide\u00e1ink. Na persze, az\u00e9rt vannak k\u00f6lcs\u00f6n\u00f6sen ments\u00e9geink is: a konvenci\u00f3k \u2013 a tradicion\u00e1lis \u00e9rt\u00e9kek&hellip;\" \/>\n<meta property=\"og:url\" content=\"http:\/\/szolnokimuvesztelep.com\/en\/2015\/11\/13\/wehner-tibor-barath-fabian-szobraszmuvesz-kiallitasa-szolnok-damjanich-janos-muzeum-2015-november-13\/\" \/>\n<meta property=\"og:site_name\" content=\"SZOLNOKI M\u0170V\u00c9SZTELEP\" \/>\n<meta property=\"article:publisher\" content=\"https:\/\/www.facebook.com\/szolnokimuvesztelepofficial\/\" \/>\n<meta property=\"article:published_time\" content=\"2015-11-13T13:45:48+00:00\" \/>\n<meta property=\"article:modified_time\" content=\"2022-11-25T14:51:43+00:00\" \/>\n<meta property=\"og:image\" content=\"https:\/\/i1.wp.com\/szolnokimuvesztelep.com\/wp-content\/uploads\/2017\/12\/img27791_0_1.jpg?fit=1000%2C750\" \/>\n\t<meta property=\"og:image:width\" content=\"1000\" \/>\n\t<meta property=\"og:image:height\" content=\"750\" \/>\n<script type=\"application\/ld+json\" class=\"yoast-schema-graph\">{\"@context\":\"https:\/\/schema.org\",\"@graph\":[{\"@type\":\"Organization\",\"@id\":\"http:\/\/szolnokimuvesztelep.com\/en\/#organization\",\"name\":\"Szolnoki M\\u0171v\\u00e9sztelep\",\"url\":\"http:\/\/szolnokimuvesztelep.com\/en\/\",\"sameAs\":[\"https:\/\/www.facebook.com\/szolnokimuvesztelepofficial\/\",\"https:\/\/www.instagram.com\/szolnoki_muvesztelep\/\",\"https:\/\/www.youtube.com\/channel\/UCAYRF4A8FrslG3J__XEjEoA\",\"https:\/\/hu.wikipedia.org\/wiki\/Szolnoki_m\\u0171v\\u00e9sztelep\"],\"logo\":{\"@type\":\"ImageObject\",\"@id\":\"http:\/\/szolnokimuvesztelep.com\/en\/#logo\",\"inLanguage\":\"en-US\",\"url\":\"https:\/\/i0.wp.com\/szolnokimuvesztelep.com\/wp-content\/uploads\/2020\/05\/szmt_2019_szlogen_psz-01.png?fit=2242%2C863\",\"width\":2242,\"height\":863,\"caption\":\"Szolnoki M\\u0171v\\u00e9sztelep\"},\"image\":{\"@id\":\"http:\/\/szolnokimuvesztelep.com\/en\/#logo\"}},{\"@type\":\"WebSite\",\"@id\":\"http:\/\/szolnokimuvesztelep.com\/en\/#website\",\"url\":\"http:\/\/szolnokimuvesztelep.com\/en\/\",\"name\":\"SZOLNOKI M\\u0170V\\u00c9SZTELEP\",\"description\":\"Meg\\u00fajul\\u00f3 hagyom\\u00e1ny\",\"publisher\":{\"@id\":\"http:\/\/szolnokimuvesztelep.com\/en\/#organization\"},\"potentialAction\":[{\"@type\":\"SearchAction\",\"target\":\"http:\/\/szolnokimuvesztelep.com\/en\/?s={search_term_string}\",\"query-input\":\"required name=search_term_string\"}],\"inLanguage\":\"en-US\"},{\"@type\":\"ImageObject\",\"@id\":\"http:\/\/szolnokimuvesztelep.com\/2015\/11\/13\/wehner-tibor-barath-fabian-szobraszmuvesz-kiallitasa-szolnok-damjanich-janos-muzeum-2015-november-13\/#primaryimage\",\"inLanguage\":\"en-US\",\"url\":\"https:\/\/i1.wp.com\/szolnokimuvesztelep.com\/wp-content\/uploads\/2017\/12\/img27791_0_1.jpg?fit=1000%2C750\",\"width\":1000,\"height\":750},{\"@type\":\"WebPage\",\"@id\":\"http:\/\/szolnokimuvesztelep.com\/2015\/11\/13\/wehner-tibor-barath-fabian-szobraszmuvesz-kiallitasa-szolnok-damjanich-janos-muzeum-2015-november-13\/#webpage\",\"url\":\"http:\/\/szolnokimuvesztelep.com\/2015\/11\/13\/wehner-tibor-barath-fabian-szobraszmuvesz-kiallitasa-szolnok-damjanich-janos-muzeum-2015-november-13\/\",\"name\":\"WEHNER TIBOR - BAR\\u00c1TH F\\u00c1BI\\u00c1N SZOBR\\u00c1SZM\\u0170V\\u00c9SZ KI\\u00c1LL\\u00cdT\\u00c1SA Szolnok, Damjanich J\\u00e1nos M\\u00fazeum, 2015. november 13. - SZOLNOKI M\\u0170V\\u00c9SZTELEP\",\"isPartOf\":{\"@id\":\"http:\/\/szolnokimuvesztelep.com\/en\/#website\"},\"primaryImageOfPage\":{\"@id\":\"http:\/\/szolnokimuvesztelep.com\/2015\/11\/13\/wehner-tibor-barath-fabian-szobraszmuvesz-kiallitasa-szolnok-damjanich-janos-muzeum-2015-november-13\/#primaryimage\"},\"datePublished\":\"2015-11-13T13:45:48+00:00\",\"dateModified\":\"2022-11-25T14:51:43+00:00\",\"inLanguage\":\"en-US\",\"potentialAction\":[{\"@type\":\"ReadAction\",\"target\":[\"http:\/\/szolnokimuvesztelep.com\/2015\/11\/13\/wehner-tibor-barath-fabian-szobraszmuvesz-kiallitasa-szolnok-damjanich-janos-muzeum-2015-november-13\/\"]}]},{\"@type\":\"Article\",\"@id\":\"http:\/\/szolnokimuvesztelep.com\/2015\/11\/13\/wehner-tibor-barath-fabian-szobraszmuvesz-kiallitasa-szolnok-damjanich-janos-muzeum-2015-november-13\/#article\",\"isPartOf\":{\"@id\":\"http:\/\/szolnokimuvesztelep.com\/2015\/11\/13\/wehner-tibor-barath-fabian-szobraszmuvesz-kiallitasa-szolnok-damjanich-janos-muzeum-2015-november-13\/#webpage\"},\"author\":{\"@id\":\"http:\/\/szolnokimuvesztelep.com\/en\/#\/schema\/person\/fccad0df99bc1ade4bb3fc38b3afe01d\"},\"headline\":\"WEHNER TIBOR &#8211; BAR\\u00c1TH F\\u00c1BI\\u00c1N SZOBR\\u00c1SZM\\u0170V\\u00c9SZ KI\\u00c1LL\\u00cdT\\u00c1SA Szolnok, Damjanich J\\u00e1nos M\\u00fazeum, 2015. november 13.\",\"datePublished\":\"2015-11-13T13:45:48+00:00\",\"dateModified\":\"2022-11-25T14:51:43+00:00\",\"commentCount\":0,\"mainEntityOfPage\":{\"@id\":\"http:\/\/szolnokimuvesztelep.com\/2015\/11\/13\/wehner-tibor-barath-fabian-szobraszmuvesz-kiallitasa-szolnok-damjanich-janos-muzeum-2015-november-13\/#webpage\"},\"publisher\":{\"@id\":\"http:\/\/szolnokimuvesztelep.com\/en\/#organization\"},\"image\":{\"@id\":\"http:\/\/szolnokimuvesztelep.com\/2015\/11\/13\/wehner-tibor-barath-fabian-szobraszmuvesz-kiallitasa-szolnok-damjanich-janos-muzeum-2015-november-13\/#primaryimage\"},\"articleSection\":\"Arch\\u00edv,\\u00cdr\\u00e1sok\",\"inLanguage\":\"en-US\",\"potentialAction\":[{\"@type\":\"CommentAction\",\"name\":\"Comment\",\"target\":[\"http:\/\/szolnokimuvesztelep.com\/2015\/11\/13\/wehner-tibor-barath-fabian-szobraszmuvesz-kiallitasa-szolnok-damjanich-janos-muzeum-2015-november-13\/#respond\"]}]},{\"@type\":[\"Person\"],\"@id\":\"http:\/\/szolnokimuvesztelep.com\/en\/#\/schema\/person\/fccad0df99bc1ade4bb3fc38b3afe01d\",\"name\":\"Admin\",\"image\":{\"@type\":\"ImageObject\",\"@id\":\"http:\/\/szolnokimuvesztelep.com\/en\/#personlogo\",\"inLanguage\":\"en-US\",\"url\":\"http:\/\/0.gravatar.com\/avatar\/9a32a4f857c80a26e0ace836d2d3c886?s=96&d=mm&r=g\",\"caption\":\"Admin\"}}]}<\/script>\n<!-- \/ Yoast SEO Premium plugin. -->","jetpack_sharing_enabled":true,"jetpack_shortlink":"https:\/\/wp.me\/p9tpmR-lE","jetpack_likes_enabled":true,"jetpack-related-posts":[],"_links":{"self":[{"href":"http:\/\/szolnokimuvesztelep.com\/en\/wp-json\/wp\/v2\/posts\/1342"}],"collection":[{"href":"http:\/\/szolnokimuvesztelep.com\/en\/wp-json\/wp\/v2\/posts"}],"about":[{"href":"http:\/\/szolnokimuvesztelep.com\/en\/wp-json\/wp\/v2\/types\/post"}],"author":[{"embeddable":true,"href":"http:\/\/szolnokimuvesztelep.com\/en\/wp-json\/wp\/v2\/users\/1"}],"replies":[{"embeddable":true,"href":"http:\/\/szolnokimuvesztelep.com\/en\/wp-json\/wp\/v2\/comments?post=1342"}],"version-history":[{"count":1,"href":"http:\/\/szolnokimuvesztelep.com\/en\/wp-json\/wp\/v2\/posts\/1342\/revisions"}],"predecessor-version":[{"id":7913,"href":"http:\/\/szolnokimuvesztelep.com\/en\/wp-json\/wp\/v2\/posts\/1342\/revisions\/7913"}],"wp:featuredmedia":[{"embeddable":true,"href":"http:\/\/szolnokimuvesztelep.com\/en\/wp-json\/wp\/v2\/media\/4394"}],"wp:attachment":[{"href":"http:\/\/szolnokimuvesztelep.com\/en\/wp-json\/wp\/v2\/media?parent=1342"}],"wp:term":[{"taxonomy":"category","embeddable":true,"href":"http:\/\/szolnokimuvesztelep.com\/en\/wp-json\/wp\/v2\/categories?post=1342"},{"taxonomy":"post_tag","embeddable":true,"href":"http:\/\/szolnokimuvesztelep.com\/en\/wp-json\/wp\/v2\/tags?post=1342"},{"taxonomy":"yst_prominent_words","embeddable":true,"href":"http:\/\/szolnokimuvesztelep.com\/en\/wp-json\/wp\/v2\/yst_prominent_words?post=1342"}],"curies":[{"name":"wp","href":"https:\/\/api.w.org\/{rel}","templated":true}]}}