{"id":1254,"date":"2017-12-04T11:47:59","date_gmt":"2017-12-04T11:47:59","guid":{"rendered":"http:\/\/szolnokimuvesztelep.com\/?p=1254"},"modified":"2022-11-25T14:25:37","modified_gmt":"2022-11-25T14:25:37","slug":"van-hajnalka-egymas-mellett-szolnoki-muvesztelep-2002-2007","status":"publish","type":"post","link":"http:\/\/szolnokimuvesztelep.com\/en\/2017\/12\/04\/van-hajnalka-egymas-mellett-szolnoki-muvesztelep-2002-2007\/","title":{"rendered":"V\u00e1n Hajnalka: Egym\u00e1s mellett &#8211; Szolnoki M\u0171v\u00e9sztelep 2002-2007"},"content":{"rendered":"<h3>\u00dajm\u0171v\u00e9szet foly\u00f3irat, 2007. okt\u00f3ber \u2013 XVIII. \u00c9vf. 10. sz\u00e1m<\/h3>\n<p><img data-attachment-id=\"1255\" data-permalink=\"http:\/\/szolnokimuvesztelep.com\/en\/2017\/12\/04\/van-hajnalka-egymas-mellett-szolnoki-muvesztelep-2002-2007\/telep_0_o\/\" data-orig-file=\"https:\/\/i0.wp.com\/szolnokimuvesztelep.com\/wp-content\/uploads\/2017\/12\/telep_0_o.jpg?fit=295%2C171\" data-orig-size=\"295,171\" data-comments-opened=\"1\" data-image-meta=\"{&quot;aperture&quot;:&quot;0&quot;,&quot;credit&quot;:&quot;&quot;,&quot;camera&quot;:&quot;&quot;,&quot;caption&quot;:&quot;&quot;,&quot;created_timestamp&quot;:&quot;0&quot;,&quot;copyright&quot;:&quot;&quot;,&quot;focal_length&quot;:&quot;0&quot;,&quot;iso&quot;:&quot;0&quot;,&quot;shutter_speed&quot;:&quot;0&quot;,&quot;title&quot;:&quot;&quot;,&quot;orientation&quot;:&quot;0&quot;}\" data-image-title=\"telep_0_o\" data-image-description=\"\" data-medium-file=\"https:\/\/i0.wp.com\/szolnokimuvesztelep.com\/wp-content\/uploads\/2017\/12\/telep_0_o.jpg?fit=295%2C171\" data-large-file=\"https:\/\/i0.wp.com\/szolnokimuvesztelep.com\/wp-content\/uploads\/2017\/12\/telep_0_o.jpg?fit=295%2C171\" loading=\"lazy\" class=\"size-full wp-image-1255 alignleft\" src=\"https:\/\/i0.wp.com\/szolnokimuvesztelep.com\/wp-content\/uploads\/2017\/12\/telep_0_o.jpg?resize=295%2C171\" alt=\"\" width=\"295\" height=\"171\" data-recalc-dims=\"1\" \/><\/p>\n<p>Az 1902-ben alakult Szolnoki M\u0171v\u00e9sztelep 2002-ben \u00fcnnepelte sz\u00e1z\u00e9ves fenn\u00e1ll\u00e1s\u00e1t. A m\u0171v\u00e9sztelep k\u00f6zel egyid\u0151s a Szolnoki M\u0171v\u00e9szeti egyes\u00fclettel (megalap\u00edt\u00e1sa 1901. \u00e1prilis 28.). Az egyes\u00fclet feladata volt a k\u00f6vetkez\u0151 \u00e9vre \u00e1tadni a tizenk\u00e9t m\u0171termet, ahol megindult a javar\u00e9szt t\u00e1jk\u00e9pfest\u0151kb\u0151l \u00e1ll\u00f3 csoport tev\u00e9kenys\u00e9ge. Az els\u0151 \u00e1lland\u00f3 alkot\u00f3k k\u00f6z\u00fcl Bihari S\u00e1ndor, F\u00e9nyes Adolf \u00e9s Vidovszki B\u00e9la neve emelhet\u0151 ki. K\u00e9s\u0151bb, a 1930-as \u00e9vekben Aba-Nov\u00e1k Vilmossal f\u00e9mjelezhet\u0151 a korszak. Az orsz\u00e1g legr\u00e9gibb m\u0171v\u00e9sztelep\u00e9n a h\u00e1bor\u00fak ideje alatt elakadt a munka, k\u00f6z\u00f6tt\u00fck \u00e9s ut\u00e1nuk viszont mindig is m\u0171v\u00e9szek \u00e9s m\u0171v\u00e9szet sz\u00edntere volt. Az \u00e1llamos\u00edt\u00e1s k\u00f6vetkezt\u00e9ben megsz\u0171nt mag\u00e1nk\u00e9zben lenni, de funkci\u00f3ja nem v\u00e1ltozott, valamint nem v\u00e1ltozott a telep m\u0171k\u00f6d\u00e9s\u00e9ben a felfog\u00e1s sem, hogy teret biztos\u00edtsanak a m\u0171v\u00e9szi szabads\u00e1gnak, nincs er\u0151teljes, er\u0151ltetett egys\u00e9g \u00e9s elv\u00e1r\u00e1s. Szolnokon a k\u00fcl\u00f6nf\u00e9le ir\u00e1nyzatok szabad egym\u00e1s mellett \u00e9l\u00e9se volt a jellemz\u0151, \u00e9s ez megmaradt napjainkig is. 2002-ben v\u00e1rosi szervez\u0151d\u00e9s indult a telep m\u0171k\u00f6d\u00e9s\u00e9nek feleleven\u00edt\u00e9s\u00e9re.<\/p>\n<p>A mindig bentlak\u00e1sos c\u00e9lzattal kialak\u00edtott alkot\u00f3t\u00e1bor jelenleg egy\u00e9ves p\u00e1ly\u00e1z\u00e1si felt\u00e9tel \u00e9s lehet\u0151s\u00e9get ny\u00fajt a k\u00f6z\u00f6ss\u00e9gben val\u00f3 munk\u00e1ra. Id\u00e9n \u00f6t\u00e9ves az \u00fajraszervez\u0151d\u00f6tt Szolnoki M\u0171v\u00e9szeti Egyes\u00fclet. Ennek az \u00e9vfordul\u00f3nak az aprop\u00f3j\u00e1n a v\u00e1ros h\u00e1rom pontj\u00e1n ki\u00e1ll\u00edt\u00e1st lehetett megtekinteni az egyes\u00fclet keretei k\u00f6z\u00f6tt dolgoz\u00f3 m\u0171v\u00e9szek alkot\u00e1saib\u00f3l. A t\u00e1rlat egyik helysz\u00edne, a telepen m\u0171k\u00f6d\u0151 Kert Gal\u00e9ria, ahol a fest\u00e9szeti anyag ker\u00fclt bemutat\u00e1sra, a m\u00e1sik a Damjanich M\u00fazeum I. emeleti z\u00e1rt folyos\u00f3, itt a grafikai munk\u00e1kat l\u00e1thatja a k\u00f6z\u00f6ns\u00e9g, valamint a harmadik a m\u00fazeum udvara, mely a szobrok id\u0151szaki otthona lett. 2002-t\u0151l a ki\u00e1ll\u00edt\u00f3 m\u0171v\u00e9szek hossz\u00fa n\u00e9vsora a k\u00f6vetkez\u0151: \u00c1gotha Margit, Balogh Zs\u00f3fia, D\u00f6m\u00e9ny Boriska, Fazekas Magdolna, Gr\u00e1nicz Tam\u00e1s. Katona Zolt\u00e1n, Kiss Zolt\u00e1n L\u00e1szl\u00f3, Kov\u00e1cs Jen\u0151, L\u00e1szl\u00f3 D\u00e1niel, Meggyes L\u00e1szl\u00f3 Vendel, Palk\u00f3 Tibor, Pog\u00e1ny G\u00e1bor Ben\u0151 az egyes\u00fclet eln\u00f6ke, R\u00e9kassy Eszter, Simon Ferenc, So\u00f3s Gy\u00f6rgy Gregorius, Szab\u00f3 Gy\u00f6rgy, Szalai Kata, Varga Patr\u00edcia Minerva, Verebes Gy\u00f6rgy m\u0171v\u00e9szeti vezet\u0151 \u00e9s Zsemlye Ildik\u00f3. A telepen alkot\u00f3 m\u0171v\u00e9szek t\u00f6bbs\u00e9ge tov\u00e1bbra is az indul\u00e1skor jellemz\u0151 t\u00e1jk\u00e9pfest\u00e9st tartja f\u0151 t\u00e9m\u00e1nak. Fest\u0151ik k\u00f6r\u00e9ben a korszer\u0171 plein air uralkodik. Ide sorolhat\u00f3k Varga Patr\u00edcia Minerva egy\u00e9nis\u00e9g\u00e9vel \u00e1titatott t\u00e1jk\u00e9pei, L\u00e1szl\u00f3 D\u00e1niel t\u00e1rgyi r\u00e9szletekkel szem\u00e9lyess\u00e9 tett, \u00fcde, \u00fajnatur\u00e1lis t\u00e1jai, illetve Fazekas Magdolna hagyom\u00e1ny\u0151rz\u0151, l\u00edrai \u00e1br\u00e1zol\u00e1sai. \u00c1m egy\u00e9b ir\u00e1nyok is jelen vannak az agyagban. Verebes Gy\u00f6rgy kezekre, arcokra f\u00f3kusz\u00e1l\u00f3 k\u00e9pei ar\u00e9gi mesterek tisztelet\u00e9t \u00e9s b\u00f6lcsess\u00e9g\u00e9t viselik magukon. Palk\u00f3 Tibor szint\u00e9n ember\u00e1br\u00e1zol\u00e1saival szerepel. N\u00e1la vil\u00e1gosabbak a sz\u00ednek, \u00e9s m\u00e1s a t\u00e9ma, misztikus, ut\u00f3pisztikus vil\u00e1got teremt. A grafik\u00e1k a Damjanich M\u00fazeumban kaptak helyet. \u00c9rdekess\u00e9ge az anyagnak, hogy a grafikusok mellett, szobr\u00e1szok terveivel \u00e9s fest\u0151k rajzaival tal\u00e1lkozhat a l\u00e1togat\u00f3. Ez a helysz\u00ednek k\u00f6z\u00f6tti kapcsolatot er\u0151s\u00edti, a t\u00e1rlat koh\u00e9zi\u00f3j\u00e1t adja. \u00c1gotha Margit \u00e9s l\u00e1nya, R\u00e9kassy Eszter \u00e9rz\u00e9keny, n\u0151ies \u00e9s finom munk\u00e1it \u00edgy p\u00e9ld\u00e1ul Simon Ferenc \u00e9s Szab\u00f3 Gy\u00f6rgy szoborv\u00e1zlatai k\u00eds\u00e9rik. A m\u00fazeum udvar\u00e1n l\u00e1thatjuk a szobr\u00e1szok m\u0171veit. Itt nem besz\u00e9lhet\u00fcnk helyi hagyom\u00e1nyok \u0151rz\u00e9s\u00e9r\u0151l avagy t\u00fall\u00e9p\u00e9s\u00e9r\u0151l. A szobr\u00e1szati soksz\u00edn\u0171s\u00e9g az egyetlen k\u00f6z\u00f6s, illetve a k\u0151 \u00e9s bronz gyakoris\u00e1ga. Simon Ferenc \u2013 Fazekas Magdolna mellett a m\u00e1sik olyan m\u0171v\u00e9sz, aki az 1960-as \u00e9vekbeli \u00fajraind\u00edt\u00e1s \u00f3ta a Szolnoki M\u0171v\u00e9sztelep alkot\u00f3ja \u00ac\u00ac\u2013 a t\u0151le megszokott t\u00e9m\u00e1kat \u00e9s sz\u00ednvonalakat hozza, csak\u00fagy, mint Pog\u00e1ny G\u00e1bor Ben\u0151. Szab\u00f3 Gy\u00f6rgy k\u00f6r\u00fclbel\u00fcl t\u00edz \u00e9ve t\u00e9rt \u00e1t a figur\u00e1lis munk\u00e1kr\u00f3l az absztrakra. Besz\u00e9lget\u00e9s\u00fcnk sor\u00e1n kider\u00fclt, hogy \u0151 tov\u00e1bbra is figur\u00e1kat alkot, nem kell puszta konstrukci\u00f3kat l\u00e1tnunk munk\u00e1iban. Puszt\u00e1n szubjekt\u00edvebben ny\u00fal a t\u00e1rgyhoz, nem a klasszikus \u00e1br\u00e1zol\u00e1st k\u00f6veti. Zsemlye Ildik\u00f3 j\u00e1t\u00e9kos makettjei, melyek csak els\u0151 r\u00e1n\u00e9z\u00e9sre lenn\u00e9nek gyermekiek, sajnos nincsenek a ki\u00e1ll\u00edt\u00e1son (gazd\u00e1ra leltek). Helyett\u00fck a term\u00e9szet egy-egy kis kiv\u00e1gott r\u00e9sz\u00e9t \u00e1br\u00e1zolja, cizell\u00e1lt, n\u00e9gyzetes t\u00e9rbe z\u00e1rva. Zsemlye j\u00e1rm\u0171vei helyett a vonat, \u00edgy csak saj\u00e1t utaz\u00e1si eszk\u00f6z\u00fcnk marad, amivel Szolnokra elutaztunk, hogy megn\u00e9zz\u00fck ezt az \u00f6t \u00e9vet \u00f6sszefoglal\u00f3 ki\u00e1ll\u00edt\u00e1st. K\u00e1r, hogy ret\u00fart v\u00e1ltottunk \u00e9s haza kellett j\u00f6nni, mert j\u00f3les\u0151 \u00e9rz\u00e9s, hogy a m\u0171v\u00e9sztelepen m\u00e9g mindig m\u0171t\u00e1rgyl\u00e9trehoz\u00e1s a c\u00e9l. \u00c9rezni, hogy \u00e9l a hagyom\u00e1ny, van mit k\u00f6vetni, van mib\u0151l t\u00e1pl\u00e1lkozni, inspir\u00e1ci\u00f3t nyerni.<\/p>","protected":false},"excerpt":{"rendered":"<p>\u00dajm\u0171v\u00e9szet foly\u00f3irat, 2007. okt\u00f3ber \u2013 XVIII. \u00c9vf. 10. sz\u00e1m Az 1902-ben alakult Szolnoki M\u0171v\u00e9sztelep 2002-ben \u00fcnnepelte sz\u00e1z\u00e9ves fenn\u00e1ll\u00e1s\u00e1t. A m\u0171v\u00e9sztelep k\u00f6zel egyid\u0151s a Szolnoki M\u0171v\u00e9szeti egyes\u00fclettel (megalap\u00edt\u00e1sa 1901. \u00e1prilis 28.). Az egyes\u00fclet feladata volt a k\u00f6vetkez\u0151 \u00e9vre \u00e1tadni a tizenk\u00e9t m\u0171termet, ahol megindult a javar\u00e9szt t\u00e1jk\u00e9pfest\u0151kb\u0151l \u00e1ll\u00f3 csoport tev\u00e9kenys\u00e9ge. Az&hellip; <\/p>","protected":false},"author":1,"featured_media":4420,"comment_status":"open","ping_status":"open","sticky":false,"template":"","format":"standard","meta":{"spay_email":"","jetpack_publicize_message":""},"categories":[55,20],"tags":[],"yst_prominent_words":[],"jetpack_featured_media_url":"https:\/\/i0.wp.com\/szolnokimuvesztelep.com\/wp-content\/uploads\/2017\/12\/k__p_213_1.jpg?fit=800%2C544","jetpack_publicize_connections":[],"yoast_head":"<!-- This site is optimized with the Yoast SEO Premium plugin v14.1 - https:\/\/yoast.com\/wordpress\/plugins\/seo\/ -->\n<title>V\u00e1n Hajnalka: Egym\u00e1s mellett - Szolnoki M\u0171v\u00e9sztelep 2002-2007 - SZOLNOKI M\u0170V\u00c9SZTELEP<\/title>\n<meta name=\"robots\" content=\"index, follow\" \/>\n<meta name=\"googlebot\" content=\"index, follow, max-snippet:-1, max-image-preview:large, max-video-preview:-1\" \/>\n<meta name=\"bingbot\" content=\"index, follow, max-snippet:-1, max-image-preview:large, max-video-preview:-1\" \/>\n<link rel=\"canonical\" href=\"http:\/\/szolnokimuvesztelep.com\/en\/2017\/12\/04\/van-hajnalka-egymas-mellett-szolnoki-muvesztelep-2002-2007\/\" \/>\n<meta property=\"og:locale\" content=\"en_US\" \/>\n<meta property=\"og:type\" content=\"article\" \/>\n<meta property=\"og:title\" content=\"V\u00e1n Hajnalka: Egym\u00e1s mellett - Szolnoki M\u0171v\u00e9sztelep 2002-2007 - SZOLNOKI M\u0170V\u00c9SZTELEP\" \/>\n<meta property=\"og:description\" content=\"\u00dajm\u0171v\u00e9szet foly\u00f3irat, 2007. okt\u00f3ber \u2013 XVIII. \u00c9vf. 10. sz\u00e1m Az 1902-ben alakult Szolnoki M\u0171v\u00e9sztelep 2002-ben \u00fcnnepelte sz\u00e1z\u00e9ves fenn\u00e1ll\u00e1s\u00e1t. A m\u0171v\u00e9sztelep k\u00f6zel egyid\u0151s a Szolnoki M\u0171v\u00e9szeti egyes\u00fclettel (megalap\u00edt\u00e1sa 1901. \u00e1prilis 28.). Az egyes\u00fclet feladata volt a k\u00f6vetkez\u0151 \u00e9vre \u00e1tadni a tizenk\u00e9t m\u0171termet, ahol megindult a javar\u00e9szt t\u00e1jk\u00e9pfest\u0151kb\u0151l \u00e1ll\u00f3 csoport tev\u00e9kenys\u00e9ge. Az&hellip;\" \/>\n<meta property=\"og:url\" content=\"http:\/\/szolnokimuvesztelep.com\/en\/2017\/12\/04\/van-hajnalka-egymas-mellett-szolnoki-muvesztelep-2002-2007\/\" \/>\n<meta property=\"og:site_name\" content=\"SZOLNOKI M\u0170V\u00c9SZTELEP\" \/>\n<meta property=\"article:publisher\" content=\"https:\/\/www.facebook.com\/szolnokimuvesztelepofficial\/\" \/>\n<meta property=\"article:published_time\" content=\"2017-12-04T11:47:59+00:00\" \/>\n<meta property=\"article:modified_time\" content=\"2022-11-25T14:25:37+00:00\" \/>\n<meta property=\"og:image\" content=\"https:\/\/i0.wp.com\/szolnokimuvesztelep.com\/wp-content\/uploads\/2017\/12\/k__p_213_1.jpg?fit=800%2C544\" \/>\n\t<meta property=\"og:image:width\" content=\"800\" \/>\n\t<meta property=\"og:image:height\" content=\"544\" \/>\n<script type=\"application\/ld+json\" class=\"yoast-schema-graph\">{\"@context\":\"https:\/\/schema.org\",\"@graph\":[{\"@type\":\"Organization\",\"@id\":\"http:\/\/szolnokimuvesztelep.com\/en\/#organization\",\"name\":\"Szolnoki M\\u0171v\\u00e9sztelep\",\"url\":\"http:\/\/szolnokimuvesztelep.com\/en\/\",\"sameAs\":[\"https:\/\/www.facebook.com\/szolnokimuvesztelepofficial\/\",\"https:\/\/www.instagram.com\/szolnoki_muvesztelep\/\",\"https:\/\/www.youtube.com\/channel\/UCAYRF4A8FrslG3J__XEjEoA\",\"https:\/\/hu.wikipedia.org\/wiki\/Szolnoki_m\\u0171v\\u00e9sztelep\"],\"logo\":{\"@type\":\"ImageObject\",\"@id\":\"http:\/\/szolnokimuvesztelep.com\/en\/#logo\",\"inLanguage\":\"en-US\",\"url\":\"https:\/\/i0.wp.com\/szolnokimuvesztelep.com\/wp-content\/uploads\/2020\/05\/szmt_2019_szlogen_psz-01.png?fit=2242%2C863\",\"width\":2242,\"height\":863,\"caption\":\"Szolnoki M\\u0171v\\u00e9sztelep\"},\"image\":{\"@id\":\"http:\/\/szolnokimuvesztelep.com\/en\/#logo\"}},{\"@type\":\"WebSite\",\"@id\":\"http:\/\/szolnokimuvesztelep.com\/en\/#website\",\"url\":\"http:\/\/szolnokimuvesztelep.com\/en\/\",\"name\":\"SZOLNOKI M\\u0170V\\u00c9SZTELEP\",\"description\":\"Meg\\u00fajul\\u00f3 hagyom\\u00e1ny\",\"publisher\":{\"@id\":\"http:\/\/szolnokimuvesztelep.com\/en\/#organization\"},\"potentialAction\":[{\"@type\":\"SearchAction\",\"target\":\"http:\/\/szolnokimuvesztelep.com\/en\/?s={search_term_string}\",\"query-input\":\"required name=search_term_string\"}],\"inLanguage\":\"en-US\"},{\"@type\":\"ImageObject\",\"@id\":\"http:\/\/szolnokimuvesztelep.com\/2017\/12\/04\/van-hajnalka-egymas-mellett-szolnoki-muvesztelep-2002-2007\/#primaryimage\",\"inLanguage\":\"en-US\",\"url\":\"https:\/\/i0.wp.com\/szolnokimuvesztelep.com\/wp-content\/uploads\/2017\/12\/k__p_213_1.jpg?fit=800%2C544\",\"width\":800,\"height\":544},{\"@type\":\"WebPage\",\"@id\":\"http:\/\/szolnokimuvesztelep.com\/2017\/12\/04\/van-hajnalka-egymas-mellett-szolnoki-muvesztelep-2002-2007\/#webpage\",\"url\":\"http:\/\/szolnokimuvesztelep.com\/2017\/12\/04\/van-hajnalka-egymas-mellett-szolnoki-muvesztelep-2002-2007\/\",\"name\":\"V\\u00e1n Hajnalka: Egym\\u00e1s mellett - Szolnoki M\\u0171v\\u00e9sztelep 2002-2007 - SZOLNOKI M\\u0170V\\u00c9SZTELEP\",\"isPartOf\":{\"@id\":\"http:\/\/szolnokimuvesztelep.com\/en\/#website\"},\"primaryImageOfPage\":{\"@id\":\"http:\/\/szolnokimuvesztelep.com\/2017\/12\/04\/van-hajnalka-egymas-mellett-szolnoki-muvesztelep-2002-2007\/#primaryimage\"},\"datePublished\":\"2017-12-04T11:47:59+00:00\",\"dateModified\":\"2022-11-25T14:25:37+00:00\",\"inLanguage\":\"en-US\",\"potentialAction\":[{\"@type\":\"ReadAction\",\"target\":[\"http:\/\/szolnokimuvesztelep.com\/2017\/12\/04\/van-hajnalka-egymas-mellett-szolnoki-muvesztelep-2002-2007\/\"]}]},{\"@type\":\"Article\",\"@id\":\"http:\/\/szolnokimuvesztelep.com\/2017\/12\/04\/van-hajnalka-egymas-mellett-szolnoki-muvesztelep-2002-2007\/#article\",\"isPartOf\":{\"@id\":\"http:\/\/szolnokimuvesztelep.com\/2017\/12\/04\/van-hajnalka-egymas-mellett-szolnoki-muvesztelep-2002-2007\/#webpage\"},\"author\":{\"@id\":\"http:\/\/szolnokimuvesztelep.com\/en\/#\/schema\/person\/fccad0df99bc1ade4bb3fc38b3afe01d\"},\"headline\":\"V\\u00e1n Hajnalka: Egym\\u00e1s mellett &#8211; Szolnoki M\\u0171v\\u00e9sztelep 2002-2007\",\"datePublished\":\"2017-12-04T11:47:59+00:00\",\"dateModified\":\"2022-11-25T14:25:37+00:00\",\"commentCount\":0,\"mainEntityOfPage\":{\"@id\":\"http:\/\/szolnokimuvesztelep.com\/2017\/12\/04\/van-hajnalka-egymas-mellett-szolnoki-muvesztelep-2002-2007\/#webpage\"},\"publisher\":{\"@id\":\"http:\/\/szolnokimuvesztelep.com\/en\/#organization\"},\"image\":{\"@id\":\"http:\/\/szolnokimuvesztelep.com\/2017\/12\/04\/van-hajnalka-egymas-mellett-szolnoki-muvesztelep-2002-2007\/#primaryimage\"},\"articleSection\":\"Arch\\u00edv,Publik\\u00e1ci\\u00f3k\",\"inLanguage\":\"en-US\",\"potentialAction\":[{\"@type\":\"CommentAction\",\"name\":\"Comment\",\"target\":[\"http:\/\/szolnokimuvesztelep.com\/2017\/12\/04\/van-hajnalka-egymas-mellett-szolnoki-muvesztelep-2002-2007\/#respond\"]}]},{\"@type\":[\"Person\"],\"@id\":\"http:\/\/szolnokimuvesztelep.com\/en\/#\/schema\/person\/fccad0df99bc1ade4bb3fc38b3afe01d\",\"name\":\"Admin\",\"image\":{\"@type\":\"ImageObject\",\"@id\":\"http:\/\/szolnokimuvesztelep.com\/en\/#personlogo\",\"inLanguage\":\"en-US\",\"url\":\"http:\/\/0.gravatar.com\/avatar\/9a32a4f857c80a26e0ace836d2d3c886?s=96&d=mm&r=g\",\"caption\":\"Admin\"}}]}<\/script>\n<!-- \/ Yoast SEO Premium plugin. -->","jetpack_sharing_enabled":true,"jetpack_shortlink":"https:\/\/wp.me\/p9tpmR-ke","jetpack_likes_enabled":true,"jetpack-related-posts":[],"_links":{"self":[{"href":"http:\/\/szolnokimuvesztelep.com\/en\/wp-json\/wp\/v2\/posts\/1254"}],"collection":[{"href":"http:\/\/szolnokimuvesztelep.com\/en\/wp-json\/wp\/v2\/posts"}],"about":[{"href":"http:\/\/szolnokimuvesztelep.com\/en\/wp-json\/wp\/v2\/types\/post"}],"author":[{"embeddable":true,"href":"http:\/\/szolnokimuvesztelep.com\/en\/wp-json\/wp\/v2\/users\/1"}],"replies":[{"embeddable":true,"href":"http:\/\/szolnokimuvesztelep.com\/en\/wp-json\/wp\/v2\/comments?post=1254"}],"version-history":[{"count":1,"href":"http:\/\/szolnokimuvesztelep.com\/en\/wp-json\/wp\/v2\/posts\/1254\/revisions"}],"predecessor-version":[{"id":7874,"href":"http:\/\/szolnokimuvesztelep.com\/en\/wp-json\/wp\/v2\/posts\/1254\/revisions\/7874"}],"wp:featuredmedia":[{"embeddable":true,"href":"http:\/\/szolnokimuvesztelep.com\/en\/wp-json\/wp\/v2\/media\/4420"}],"wp:attachment":[{"href":"http:\/\/szolnokimuvesztelep.com\/en\/wp-json\/wp\/v2\/media?parent=1254"}],"wp:term":[{"taxonomy":"category","embeddable":true,"href":"http:\/\/szolnokimuvesztelep.com\/en\/wp-json\/wp\/v2\/categories?post=1254"},{"taxonomy":"post_tag","embeddable":true,"href":"http:\/\/szolnokimuvesztelep.com\/en\/wp-json\/wp\/v2\/tags?post=1254"},{"taxonomy":"yst_prominent_words","embeddable":true,"href":"http:\/\/szolnokimuvesztelep.com\/en\/wp-json\/wp\/v2\/yst_prominent_words?post=1254"}],"curies":[{"name":"wp","href":"https:\/\/api.w.org\/{rel}","templated":true}]}}