{"id":1196,"date":"2017-12-04T10:40:13","date_gmt":"2017-12-04T10:40:13","guid":{"rendered":"http:\/\/szolnokimuvesztelep.com\/?p=1196"},"modified":"2022-11-25T14:37:39","modified_gmt":"2022-11-25T14:37:39","slug":"verebes-gyorgy-az-aki-van","status":"publish","type":"post","link":"http:\/\/szolnokimuvesztelep.com\/en\/2017\/12\/04\/verebes-gyorgy-az-aki-van\/","title":{"rendered":"VEREBES GY\u00d6RGY: AZ, AKI VAN (\u00c1gotha Margit grafikusm\u0171v\u00e9sz tisztelet\u00e9re)"},"content":{"rendered":"<p>&nbsp;<\/p>\n<p><img data-attachment-id=\"1197\" data-permalink=\"http:\/\/szolnokimuvesztelep.com\/en\/2017\/12\/04\/verebes-gyorgy-az-aki-van\/agotha_0_o\/\" data-orig-file=\"https:\/\/i2.wp.com\/szolnokimuvesztelep.com\/wp-content\/uploads\/2017\/12\/agotha_0_o.jpg?fit=300%2C294\" data-orig-size=\"300,294\" data-comments-opened=\"1\" data-image-meta=\"{&quot;aperture&quot;:&quot;0&quot;,&quot;credit&quot;:&quot;&quot;,&quot;camera&quot;:&quot;&quot;,&quot;caption&quot;:&quot;&quot;,&quot;created_timestamp&quot;:&quot;0&quot;,&quot;copyright&quot;:&quot;&quot;,&quot;focal_length&quot;:&quot;0&quot;,&quot;iso&quot;:&quot;0&quot;,&quot;shutter_speed&quot;:&quot;0&quot;,&quot;title&quot;:&quot;&quot;,&quot;orientation&quot;:&quot;0&quot;}\" data-image-title=\"agotha_0_o\" data-image-description=\"\" data-medium-file=\"https:\/\/i2.wp.com\/szolnokimuvesztelep.com\/wp-content\/uploads\/2017\/12\/agotha_0_o.jpg?fit=300%2C294\" data-large-file=\"https:\/\/i2.wp.com\/szolnokimuvesztelep.com\/wp-content\/uploads\/2017\/12\/agotha_0_o.jpg?fit=300%2C294\" loading=\"lazy\" class=\"size-medium wp-image-1197 alignleft\" src=\"https:\/\/i2.wp.com\/szolnokimuvesztelep.com\/wp-content\/uploads\/2017\/12\/agotha_0_o.jpg?resize=300%2C294\" alt=\"\" width=\"300\" height=\"294\" data-recalc-dims=\"1\" \/>Nem titok, de miszt\u00e9rium: A Teremt\u0151 azt szereti, aki Van. A l\u00e9tez\u0151r\u0151l a teremt\u0151nek tudom\u00e1sa van, m\u00e9lys\u00e9ges tudom\u00e1sa, mert abban, aki vagy ami l\u00e9tezik, a teremt\u0151 \u00f6nmag\u00e1t ismeri. De azt, aki Van, aki \u00edzig-v\u00e9rig van, a teremt\u0151 szenved\u00e9lyes szerelemmel szereti. Mert a l\u00e9tez\u00e9s, az \u00f6nmag\u00e1\u00e9rt val\u00f3 l\u00e9tez\u00e9s: \u00e1llapot, a teremt\u00e9sb\u0151l kapott, tiszta, \u00f6ntudatlan \u00e1llapot, de aki Van, az a l\u00e9tez\u00e9st a teremt\u0151 szenved\u00e9lyes szerelm\u00e9vel akarja \u00e9s cselekszi. A vil\u00e1g a teremt\u0151 \u00f6lel\u00e9s\u00e9ben l\u00e9tezik. Aki Van, aki \u00edzig-v\u00e9rig Van, az a vil\u00e1got mag\u00e1hoz \u00f6leli.<\/p>\n<p>A teremt\u0151 pedig szomjazza az \u00f6lel\u00e9st, a rajong\u00f3, k\u00edv\u00e1ncsi, borzongat\u00f3 \u00f6lel\u00e9st, az elszakad\u00e1s \u00e9s egyes\u00fcl\u00e9s \u00f6lel\u00e9s\u00e9t, a rebben\u0151t, a simogat\u00f3t, az illatos \u00e9s bec\u00e9z\u0151 \u00f6lel\u00e9st, de szomjazza az er\u0151t\u0151l sug\u00e1rz\u00f3, f\u00e9lt\u0151n szor\u00edt\u00f3, \u00f3v\u00f3 \u00f6lel\u00e9st is, mert minden \u00f6lel\u00e9s az \u00f6v\u00e9, \u00e9s aki Van, az tudva tudja, hogy valamennyi idegsz\u00e1la, v\u00e9rere, izomrostja mozdulat\u00e1val a teremt\u0151t \u00f6leli mag\u00e1hoz. \u0150t \u00f6leli, amikor a f\u00e1k m\u00f6g\u00fcl el\u0151b\u00faj\u00f3 nap f\u00e9nye megcsillan a szem\u00e9n, amikor \u00e1rnyas ligetekben s\u00e9t\u00e1lva ujjbegy\u00e9vel a lehajl\u00f3 leveleket bec\u00e9zi, mikor duruzsol\u00f3 k\u00e1lyha mellett \u00fclve tekintete k\u00f6nyvlapok bet\u0171in siklik, \u0151t \u00f6leli, mikor illatos testet \u00f6lel, mikor f\u00fcl\u00e9ben evez\u0151csobban\u00e1s hangja csillog, mikor keze aranybarna \u00edzeket t\u00f6lt fortyog\u00f3 faz\u00e9kba, mikor pohar\u00e1b\u00f3l sz\u0151l\u0151hegyek b\u00edbor ned\u0171je \u00e1rad sz\u00e9t a nyelv\u00e9n, mikor a sz\u00edvdobban\u00e1sa gyermeke kacag\u00e1s\u00e1n t\u00e1ncol, mikor j\u00f3bar\u00e1tok serege osztozik a kilincsen, mikor k\u00f6t\u00f6zk\u00f6d\u00e9sig \u00e9r\u0151 h\u00f3ba var\u00e1zslatos est\u00e9k olvasztanak od\u00fat, mikor harsog\u00f3 vit\u00e1k simulnak ki a kanap\u00e9n, mikor az \u0151sdobok l\u00fcktet\u00e9s\u00e9t f\u00e1jdalmas panasz-\u00e9nek has\u00edtja kett\u00e9, mikor a moziv\u00e1szonr\u00f3l \u00e9lete szerepl\u0151i l\u00e9pnek a l\u00e1bai el\u00e9, mikor szent templomi sz\u00f3lamok sz\u00e1llnak al\u00e1, vagy szimf\u00f3ni\u00e1k hangzatai tornyosulnak a felh\u0151kig, mikor \u00f3kori f\u00e9listenek ig\u00e9zik halhatatlan haland\u00f3s\u00e1gukkal \u00e9s k\u00f6lt\u0151var\u00e1zsl\u00f3k \u00f6nt\u00f6zik szavaikkal a szem\u00e9t. A teremt\u0151t \u00f6leli, amikor inait indulat heve f\u0171ti, mikor tork\u00e1ban f\u00e9kezhetetlen harag gomolyog \u00e9s akkor is, amikor a fergeteget a meg\u00e9rt\u00e9s lank\u00e1i az egy\u00fctt\u00e9rz\u00e9s v\u00f6lgy\u00e9be terelik. \u0150t \u00f6leli a b\u00fcszkes\u00e9g szirtjein magasodva \u00e9gboltot d\u00f6f\u0151 gerinccel, \u00e9s embert pr\u00f3b\u00e1l\u00f3 al\u00e1ereszked\u00e9s ut\u00e1n \u0151t \u00f6leli mag\u00e1hoz, amikor az al\u00e1zat r\u00e9tj\u00e9re \u00e9rve feltekint. \u0150t \u00f6leli m\u00e9lt\u00f3s\u00e1g\u00e1ban, rajong\u00e1s\u00e1ban, akar\u00e1sban \u00e9s tehetetlens\u00e9gben, \u00edt\u00e9lkez\u00e9sben \u00e9s megm\u00e9rettet\u00e9sben, t\u0171r\u00e9sben \u00e9s l\u00e1zad\u00e1sban, az \u00f6r\u00f6k harc verejt\u00e9k\u00e9ben, a hazat\u00e9r\u00e9s megnyugv\u00e1s\u00e1ban \u00e9s az \u00fatra kel\u00e9s izgalm\u00e1ban, a kegyetlens\u00e9gben \u00e9s az irgalomban, szitokban \u00e9s dics\u00e9retben, tobz\u00f3d\u00e1sban \u00e9s m\u00e9rt\u00e9kletess\u00e9gben, alantasban \u00e9s fens\u00e9gesben, rothad\u00f3 telev\u00e9nyb\u0151l sarjad\u00f3 tiszta term\u00e9szetben, a sz\u00e1zkar\u00fa em\u00e9szt\u0151 t\u00e1nc\u00e1ban \u00e9s a sz\u0171z gl\u00f3ria ragyog\u00e1s\u00e1ban, a retteg\u00e9sben \u00e9s a belenyugv\u00e1sban. Az id\u0151vel is a teremt\u0151t \u00f6leli mag\u00e1hoz a mostban, ahol a m\u00falt \u00e9s a j\u00f6v\u0151 hom\u00e1lyos arcai egybeforrnak. \u00c9s legf\u0151k\u00e9ppen akkor \u00f6lel, amikor rajzol. Feket\u00e9t, feh\u00e9ret rajzol, jelet r\u00f3, t\u00e1rt karokkal \u00f6lel a k\u00e9z t\u00e1nc\u00e1ban, a sz\u00edv dobban\u00e1s\u00e1ban, a tekintet remeg\u00e9s\u00e9ben az eml\u00e9kezet mezej\u00e9n. Benn\u00fcnket rajzol, \u00e9s \u00f6nmag\u00e1t rajzolja. A teljess\u00e9get rajzolja \u00f6nmag\u00e1ban \u00e9s benn\u00fcnk, szenved\u00e9llyel, hittel \u00e9s b\u00f6lcsess\u00e9ggel, \u00e9s a teremt\u0151 ez\u00e9rt szereti \u0151t. Dr\u00e1ga Margit, Isten Veled van, \u00e9s mi is mindannyian, ha megengeded ezt.<\/p>","protected":false},"excerpt":{"rendered":"<p>&nbsp; Nem titok, de miszt\u00e9rium: A Teremt\u0151 azt szereti, aki Van. A l\u00e9tez\u0151r\u0151l a teremt\u0151nek tudom\u00e1sa van, m\u00e9lys\u00e9ges tudom\u00e1sa, mert abban, aki vagy ami l\u00e9tezik, a teremt\u0151 \u00f6nmag\u00e1t ismeri. De azt, aki Van, aki \u00edzig-v\u00e9rig van, a teremt\u0151 szenved\u00e9lyes szerelemmel szereti. Mert a l\u00e9tez\u00e9s, az \u00f6nmag\u00e1\u00e9rt val\u00f3 l\u00e9tez\u00e9s: \u00e1llapot, a&hellip; <\/p>","protected":false},"author":2,"featured_media":4411,"comment_status":"open","ping_status":"open","sticky":false,"template":"","format":"standard","meta":{"spay_email":"","jetpack_publicize_message":""},"categories":[55,20],"tags":[],"yst_prominent_words":[],"jetpack_featured_media_url":"https:\/\/i2.wp.com\/szolnokimuvesztelep.com\/wp-content\/uploads\/2017\/12\/59f83451bfdd5_agotha_IMuS1.jpg?fit=1600%2C1200","jetpack_publicize_connections":[],"yoast_head":"<!-- This site is optimized with the Yoast SEO Premium plugin v14.1 - https:\/\/yoast.com\/wordpress\/plugins\/seo\/ -->\n<title>VEREBES GY\u00d6RGY: AZ, AKI VAN (\u00c1gotha Margit grafikusm\u0171v\u00e9sz tisztelet\u00e9re) - SZOLNOKI M\u0170V\u00c9SZTELEP<\/title>\n<meta name=\"robots\" content=\"index, follow\" \/>\n<meta name=\"googlebot\" content=\"index, follow, max-snippet:-1, max-image-preview:large, max-video-preview:-1\" \/>\n<meta name=\"bingbot\" content=\"index, follow, max-snippet:-1, max-image-preview:large, max-video-preview:-1\" \/>\n<link rel=\"canonical\" href=\"http:\/\/szolnokimuvesztelep.com\/en\/2017\/12\/04\/verebes-gyorgy-az-aki-van\/\" \/>\n<meta property=\"og:locale\" content=\"en_US\" \/>\n<meta property=\"og:type\" content=\"article\" \/>\n<meta property=\"og:title\" content=\"VEREBES GY\u00d6RGY: AZ, AKI VAN (\u00c1gotha Margit grafikusm\u0171v\u00e9sz tisztelet\u00e9re) - SZOLNOKI M\u0170V\u00c9SZTELEP\" \/>\n<meta property=\"og:description\" content=\"&nbsp; Nem titok, de miszt\u00e9rium: A Teremt\u0151 azt szereti, aki Van. A l\u00e9tez\u0151r\u0151l a teremt\u0151nek tudom\u00e1sa van, m\u00e9lys\u00e9ges tudom\u00e1sa, mert abban, aki vagy ami l\u00e9tezik, a teremt\u0151 \u00f6nmag\u00e1t ismeri. De azt, aki Van, aki \u00edzig-v\u00e9rig van, a teremt\u0151 szenved\u00e9lyes szerelemmel szereti. Mert a l\u00e9tez\u00e9s, az \u00f6nmag\u00e1\u00e9rt val\u00f3 l\u00e9tez\u00e9s: \u00e1llapot, a&hellip;\" \/>\n<meta property=\"og:url\" content=\"http:\/\/szolnokimuvesztelep.com\/en\/2017\/12\/04\/verebes-gyorgy-az-aki-van\/\" \/>\n<meta property=\"og:site_name\" content=\"SZOLNOKI M\u0170V\u00c9SZTELEP\" \/>\n<meta property=\"article:publisher\" content=\"https:\/\/www.facebook.com\/szolnokimuvesztelepofficial\/\" \/>\n<meta property=\"article:published_time\" content=\"2017-12-04T10:40:13+00:00\" \/>\n<meta property=\"article:modified_time\" content=\"2022-11-25T14:37:39+00:00\" \/>\n<meta property=\"og:image\" content=\"https:\/\/i2.wp.com\/szolnokimuvesztelep.com\/wp-content\/uploads\/2017\/12\/59f83451bfdd5_agotha_IMuS1.jpg?fit=1600%2C1200\" \/>\n\t<meta property=\"og:image:width\" content=\"1600\" \/>\n\t<meta property=\"og:image:height\" content=\"1200\" \/>\n<script type=\"application\/ld+json\" class=\"yoast-schema-graph\">{\"@context\":\"https:\/\/schema.org\",\"@graph\":[{\"@type\":\"Organization\",\"@id\":\"http:\/\/szolnokimuvesztelep.com\/en\/#organization\",\"name\":\"Szolnoki M\\u0171v\\u00e9sztelep\",\"url\":\"http:\/\/szolnokimuvesztelep.com\/en\/\",\"sameAs\":[\"https:\/\/www.facebook.com\/szolnokimuvesztelepofficial\/\",\"https:\/\/www.instagram.com\/szolnoki_muvesztelep\/\",\"https:\/\/www.youtube.com\/channel\/UCAYRF4A8FrslG3J__XEjEoA\",\"https:\/\/hu.wikipedia.org\/wiki\/Szolnoki_m\\u0171v\\u00e9sztelep\"],\"logo\":{\"@type\":\"ImageObject\",\"@id\":\"http:\/\/szolnokimuvesztelep.com\/en\/#logo\",\"inLanguage\":\"en-US\",\"url\":\"https:\/\/i0.wp.com\/szolnokimuvesztelep.com\/wp-content\/uploads\/2020\/05\/szmt_2019_szlogen_psz-01.png?fit=2242%2C863\",\"width\":2242,\"height\":863,\"caption\":\"Szolnoki M\\u0171v\\u00e9sztelep\"},\"image\":{\"@id\":\"http:\/\/szolnokimuvesztelep.com\/en\/#logo\"}},{\"@type\":\"WebSite\",\"@id\":\"http:\/\/szolnokimuvesztelep.com\/en\/#website\",\"url\":\"http:\/\/szolnokimuvesztelep.com\/en\/\",\"name\":\"SZOLNOKI M\\u0170V\\u00c9SZTELEP\",\"description\":\"Meg\\u00fajul\\u00f3 hagyom\\u00e1ny\",\"publisher\":{\"@id\":\"http:\/\/szolnokimuvesztelep.com\/en\/#organization\"},\"potentialAction\":[{\"@type\":\"SearchAction\",\"target\":\"http:\/\/szolnokimuvesztelep.com\/en\/?s={search_term_string}\",\"query-input\":\"required name=search_term_string\"}],\"inLanguage\":\"en-US\"},{\"@type\":\"ImageObject\",\"@id\":\"http:\/\/szolnokimuvesztelep.com\/2017\/12\/04\/verebes-gyorgy-az-aki-van\/#primaryimage\",\"inLanguage\":\"en-US\",\"url\":\"https:\/\/i2.wp.com\/szolnokimuvesztelep.com\/wp-content\/uploads\/2017\/12\/59f83451bfdd5_agotha_IMuS1.jpg?fit=1600%2C1200\",\"width\":1600,\"height\":1200},{\"@type\":\"WebPage\",\"@id\":\"http:\/\/szolnokimuvesztelep.com\/2017\/12\/04\/verebes-gyorgy-az-aki-van\/#webpage\",\"url\":\"http:\/\/szolnokimuvesztelep.com\/2017\/12\/04\/verebes-gyorgy-az-aki-van\/\",\"name\":\"VEREBES GY\\u00d6RGY: AZ, AKI VAN (\\u00c1gotha Margit grafikusm\\u0171v\\u00e9sz tisztelet\\u00e9re) - SZOLNOKI M\\u0170V\\u00c9SZTELEP\",\"isPartOf\":{\"@id\":\"http:\/\/szolnokimuvesztelep.com\/en\/#website\"},\"primaryImageOfPage\":{\"@id\":\"http:\/\/szolnokimuvesztelep.com\/2017\/12\/04\/verebes-gyorgy-az-aki-van\/#primaryimage\"},\"datePublished\":\"2017-12-04T10:40:13+00:00\",\"dateModified\":\"2022-11-25T14:37:39+00:00\",\"inLanguage\":\"en-US\",\"potentialAction\":[{\"@type\":\"ReadAction\",\"target\":[\"http:\/\/szolnokimuvesztelep.com\/2017\/12\/04\/verebes-gyorgy-az-aki-van\/\"]}]},{\"@type\":\"Article\",\"@id\":\"http:\/\/szolnokimuvesztelep.com\/2017\/12\/04\/verebes-gyorgy-az-aki-van\/#article\",\"isPartOf\":{\"@id\":\"http:\/\/szolnokimuvesztelep.com\/2017\/12\/04\/verebes-gyorgy-az-aki-van\/#webpage\"},\"author\":{\"@id\":\"http:\/\/szolnokimuvesztelep.com\/en\/#\/schema\/person\/6809c0486d15892946a64c7ea6eed077\"},\"headline\":\"VEREBES GY\\u00d6RGY: AZ, AKI VAN (\\u00c1gotha Margit grafikusm\\u0171v\\u00e9sz tisztelet\\u00e9re)\",\"datePublished\":\"2017-12-04T10:40:13+00:00\",\"dateModified\":\"2022-11-25T14:37:39+00:00\",\"commentCount\":0,\"mainEntityOfPage\":{\"@id\":\"http:\/\/szolnokimuvesztelep.com\/2017\/12\/04\/verebes-gyorgy-az-aki-van\/#webpage\"},\"publisher\":{\"@id\":\"http:\/\/szolnokimuvesztelep.com\/en\/#organization\"},\"image\":{\"@id\":\"http:\/\/szolnokimuvesztelep.com\/2017\/12\/04\/verebes-gyorgy-az-aki-van\/#primaryimage\"},\"articleSection\":\"Arch\\u00edv,Publik\\u00e1ci\\u00f3k\",\"inLanguage\":\"en-US\",\"potentialAction\":[{\"@type\":\"CommentAction\",\"name\":\"Comment\",\"target\":[\"http:\/\/szolnokimuvesztelep.com\/2017\/12\/04\/verebes-gyorgy-az-aki-van\/#respond\"]}]},{\"@type\":[\"Person\"],\"@id\":\"http:\/\/szolnokimuvesztelep.com\/en\/#\/schema\/person\/6809c0486d15892946a64c7ea6eed077\",\"name\":\"Verebes Edit\",\"image\":{\"@type\":\"ImageObject\",\"@id\":\"http:\/\/szolnokimuvesztelep.com\/en\/#personlogo\",\"inLanguage\":\"en-US\",\"url\":\"http:\/\/2.gravatar.com\/avatar\/5d546bcb1a27fb506fe8bb16e33cd5fd?s=96&d=mm&r=g\",\"caption\":\"Verebes Edit\"}}]}<\/script>\n<!-- \/ Yoast SEO Premium plugin. -->","jetpack_sharing_enabled":true,"jetpack_shortlink":"https:\/\/wp.me\/p9tpmR-ji","jetpack_likes_enabled":true,"jetpack-related-posts":[],"_links":{"self":[{"href":"http:\/\/szolnokimuvesztelep.com\/en\/wp-json\/wp\/v2\/posts\/1196"}],"collection":[{"href":"http:\/\/szolnokimuvesztelep.com\/en\/wp-json\/wp\/v2\/posts"}],"about":[{"href":"http:\/\/szolnokimuvesztelep.com\/en\/wp-json\/wp\/v2\/types\/post"}],"author":[{"embeddable":true,"href":"http:\/\/szolnokimuvesztelep.com\/en\/wp-json\/wp\/v2\/users\/2"}],"replies":[{"embeddable":true,"href":"http:\/\/szolnokimuvesztelep.com\/en\/wp-json\/wp\/v2\/comments?post=1196"}],"version-history":[{"count":1,"href":"http:\/\/szolnokimuvesztelep.com\/en\/wp-json\/wp\/v2\/posts\/1196\/revisions"}],"predecessor-version":[{"id":7887,"href":"http:\/\/szolnokimuvesztelep.com\/en\/wp-json\/wp\/v2\/posts\/1196\/revisions\/7887"}],"wp:featuredmedia":[{"embeddable":true,"href":"http:\/\/szolnokimuvesztelep.com\/en\/wp-json\/wp\/v2\/media\/4411"}],"wp:attachment":[{"href":"http:\/\/szolnokimuvesztelep.com\/en\/wp-json\/wp\/v2\/media?parent=1196"}],"wp:term":[{"taxonomy":"category","embeddable":true,"href":"http:\/\/szolnokimuvesztelep.com\/en\/wp-json\/wp\/v2\/categories?post=1196"},{"taxonomy":"post_tag","embeddable":true,"href":"http:\/\/szolnokimuvesztelep.com\/en\/wp-json\/wp\/v2\/tags?post=1196"},{"taxonomy":"yst_prominent_words","embeddable":true,"href":"http:\/\/szolnokimuvesztelep.com\/en\/wp-json\/wp\/v2\/yst_prominent_words?post=1196"}],"curies":[{"name":"wp","href":"https:\/\/api.w.org\/{rel}","templated":true}]}}