{"id":4869,"global_id":"szolnokimuvesztelep.com\/en\/?id=4869","global_id_lineage":["szolnokimuvesztelep.com\/en\/?id=4869"],"author":"2","status":"publish","date":"2019-01-22 13:19:15","date_utc":"2019-01-22 13:19:15","modified":"2019-01-22 13:19:15","modified_utc":"2019-01-22 13:19:15","url":"http:\/\/szolnokimuvesztelep.com\/en\/event\/feszek-ii\/","rest_url":"http:\/\/szolnokimuvesztelep.com\/en\/wp-json\/tribe\/events\/v1\/events\/4869","title":"F\u00e9szek II.","description":"<p>F\u00e9szek II.<\/p>\n<p>Nagy Katalin Matild grafikusm\u0171v\u00e9sz \u00e9s Nagy D\u00e9nes fest\u0151m\u0171v\u00e9sz ki\u00e1ll\u00edt\u00e1sa<br \/>\nMegnyit\u00f3: 2018. okt\u00f3ber 18. 17.00<br \/>\nHelye: Lak\u00e1sgal\u00e9ria (5000 Szolnok, Liget \u00fat 31.)<br \/>\nMegnyitja: Pog\u00e1ny G\u00e1bor Ben\u0151 szobr\u00e1szm\u0171v\u00e9sz, a Szolnoki M\u0171v\u00e9szeti Egyes\u00fclet eln\u00f6ke<br \/>\nA ki\u00e1ll\u00edt\u00e1s megtekinthet\u0151: 2018. okt\u00f3ber 18. 20 \u00f3r\u00e1ig<\/p>\n<p>Nagy Katalin Matild grafikusm\u0171v\u00e9sz \u00e9s Nagy D\u00e9nes fest\u0151m\u0171v\u00e9sz megnyitja k\u00f6z\u00f6s m\u0171term\u00e9nek kapuit mindazok el\u0151tt, akik bepillant\u00e1st szeretn\u00e9nek nyerni egy m\u0171v\u00e9szh\u00e1zasp\u00e1r alkot\u00f3ter\u00e9be.<\/p>","excerpt":"","slug":"feszek-ii","image":false,"all_day":false,"start_date":"2018-10-18 17:00:00","start_date_details":{"year":"2018","month":"10","day":"18","hour":"17","minutes":"00","seconds":"00"},"end_date":"2018-10-18 17:00:00","end_date_details":{"year":"2018","month":"10","day":"18","hour":"17","minutes":"00","seconds":"00"},"utc_start_date":"2018-10-18 17:00:00","utc_start_date_details":{"year":"2018","month":"10","day":"18","hour":"17","minutes":"00","seconds":"00"},"utc_end_date":"2018-10-18 17:00:00","utc_end_date_details":{"year":"2018","month":"10","day":"18","hour":"17","minutes":"00","seconds":"00"},"timezone":"UTC+0","timezone_abbr":"UTC+0","cost":"","cost_details":{"currency_symbol":"","currency_position":"suffix","values":[]},"website":"","show_map":true,"show_map_link":true,"hide_from_listings":false,"sticky":false,"featured":false,"categories":[],"tags":[],"venue":[],"organizer":[],"json_ld":{"@context":"http:\/\/schema.org","@type":"Event","name":"F\u00e9szek II.","description":"&lt;p&gt;F\u00e9szek II. Nagy Katalin Matild grafikusm\u0171v\u00e9sz \u00e9s Nagy D\u00e9nes fest\u0151m\u0171v\u00e9sz ki\u00e1ll\u00edt\u00e1sa Megnyit\u00f3: 2018. okt\u00f3ber 18. 17.00 Helye: Lak\u00e1sgal\u00e9ria (5000 Szolnok, Liget \u00fat 31.) Megnyitja: Pog\u00e1ny G\u00e1bor Ben\u0151 szobr\u00e1szm\u0171v\u00e9sz, a Szolnoki M\u0171v\u00e9szeti Egyes\u00fclet eln\u00f6ke A ki\u00e1ll\u00edt\u00e1s megtekinthet\u0151: 2018. okt\u00f3ber 18. 20 \u00f3r\u00e1ig Nagy Katalin Matild grafikusm\u0171v\u00e9sz \u00e9s Nagy D\u00e9nes fest\u0151m\u0171v\u00e9sz megnyitja&hellip; &lt;\/p&gt;\\n","url":"http:\/\/szolnokimuvesztelep.com\/en\/event\/feszek-ii\/","startDate":"2018-10-18T17:00:00+00:00","endDate":"2018-10-18T17:00:00+00:00","performer":"Organization"}}